{"id":7199,"date":"2018-06-15T12:51:42","date_gmt":"2018-06-15T12:51:42","guid":{"rendered":"https:\/\/www.welovecycling.com\/pl\/?p=7199"},"modified":"2018-06-15T12:51:42","modified_gmt":"2018-06-15T12:51:42","slug":"pierwszy-rower-ktorego-naprawde-nie-da-sie-ukrasc","status":"publish","type":"post","link":"https:\/\/www.welovecycling.com\/pl\/2018\/06\/15\/pierwszy-rower-ktorego-naprawde-nie-da-sie-ukrasc\/","title":{"rendered":"Pierwszy rower, kt\u00f3rego naprawd\u0119 nie da si\u0119 ukra\u015b\u0107?"},"content":{"rendered":"<p><strong>Rower Yerka powsta\u0142 w 2015 roku jako projekt grupy przyjaci\u00f3\u0142 studiuj\u0105cych in\u017cynieri\u0119 w Chile. Ich zamiarem by\u0142o stworzenie roweru, kt\u00f3rego nie da si\u0119 ukra\u015b\u0107. Wpadli na genialny pomys\u0142, by ram\u0119 roweru zamieni\u0107 w zamek. Z\u0142odziej, kt\u00f3ry chcia\u0142by ukra\u015b\u0107 rower, musia\u0142by przeci\u0105\u0107 ram\u0119, a tym samym zniszczy\u0107 rower. <\/strong><\/p>\n<p>\u2013 Chcieli\u015bmy wykorzysta\u0107 mo\u017cliwie jak najwi\u0119cej element\u00f3w roweru, \u017ceby rowerzysta nie musia\u0142 mie\u0107 przy sobie \u017cadnych zamk\u00f3w czy zapi\u0119\u0107 rowerowych \u2013 powiedzia\u0142 w rozmowie z Washington Post jeden z konstruktor\u00f3w, Andr\u00e9s Roi Eggers.<\/p>\n<p>Dolna rura ramy rowerowej sk\u0142ada si\u0119 z dw\u00f3ch ramion, kt\u00f3re mo\u017cna roz\u0142\u0105czy\u0107. W\u0142a\u015bciciel roweru mo\u017ce w ten spos\u00f3b zamocowa\u0107 rower do s\u0142upa lub innej sta\u0142ej konstrukcji. Blokada roweru nast\u0119puje poprzez umieszczenie rury podsiod\u0142owej roweru pomi\u0119dzy dwoma ramionami rury dolnej. Konstruktorzy twierdz\u0105, \u017ce za\u0142o\u017cenie blokady zajmuje zaledwie oko\u0142o 15 sekund.<\/p>\n<p>\u2013 To nowo\u015b\u0107 na rynku, ale klienci, kt\u00f3rzy kupili ten rower twierdz\u0105, \u017ce je\u017adzi si\u0119 nim wspaniale, poza kilkoma drobiazgami \u2013 m\u00f3wi Razak Steinbrich, kierownik sklepu rowerowego Fahrrad-Caf\u00e9 St Pauli dla the Guardian. \u2013 Co do systemu zamykania, u\u017cytkownicy s\u0105 podzieleni. Po\u0142owa uwa\u017ca ten system za \u0142atwy w obs\u0142udze, druga po\u0142owa \u2013 wr\u0119cz przeciwnie.<\/p>\n<p><a href=\"https:\/\/d2p6e6u75xmxt8.cloudfront.net\/5\/2018\/06\/yerka-bike-featured.jpg\"><img loading=\"lazy\" decoding=\"async\" class=\"alignnone size-full wp-image-7201\" src=\"https:\/\/d2p6e6u75xmxt8.cloudfront.net\/5\/2018\/06\/yerka-bike-featured.jpg\" alt=\"\" width=\"1500\" height=\"1001\" srcset=\"https:\/\/d2p6e6u75xmxt8.cloudfront.net\/5\/2018\/06\/yerka-bike-featured.jpg 1500w, https:\/\/d2p6e6u75xmxt8.cloudfront.net\/5\/2018\/06\/yerka-bike-featured-300x200.jpg 300w, https:\/\/d2p6e6u75xmxt8.cloudfront.net\/5\/2018\/06\/yerka-bike-featured-768x513.jpg 768w, https:\/\/d2p6e6u75xmxt8.cloudfront.net\/5\/2018\/06\/yerka-bike-featured-1024x683.jpg 1024w, https:\/\/d2p6e6u75xmxt8.cloudfront.net\/5\/2018\/06\/yerka-bike-featured-272x182.jpg 272w\" sizes=\"auto, (max-width: 1500px) 100vw, 1500px\" \/><\/a><\/p>\n<p>Czy w ten spos\u00f3b ostatecznie rozprawimy si\u0119 ze z\u0142odziejami rower\u00f3w? A mo\u017ce znajd\u0105 metod\u0119, by pokona\u0107 i to rozwi\u0105zanie? Czas poka\u017ce. Nie ma jednak w\u0105tpliwo\u015bci, \u017ce z\u0142odziejowi \u0142atwiej jest przeci\u0105\u0107 zapi\u0119cie w rowerze stoj\u0105cym obok ni\u017c ukra\u015b\u0107 Yerk\u0119. A przy tym cena 649 euro za taki rower wydaje si\u0119 ca\u0142kiem atrakcyjna.<\/p>\n","protected":false},"excerpt":{"rendered":"<p>Rower Yerka powsta\u0142 w 2015 roku jako projekt grupy przyjaci\u00f3\u0142 studiuj\u0105cych in\u017cynieri\u0119 w Chile. Ich zamiarem by\u0142o stworzenie roweru, kt\u00f3rego [&hellip;]<\/p>\n","protected":false},"author":76,"featured_media":7200,"comment_status":"open","ping_status":"open","sticky":false,"template":"","format":"standard","meta":{"footnotes":""},"categories":[7],"tags":[257],"global-categories":[],"class_list":["post-7199","post","type-post","status-publish","format-standard","has-post-thumbnail","hentry","category-bezpieczenstwo","tag-yerka"],"yoast_head":"<!-- This site is optimized with the Yoast SEO Premium plugin v25.3 (Yoast SEO v25.9) - https:\/\/yoast.com\/wordpress\/plugins\/seo\/ -->\n<title>Pierwszy rower, kt\u00f3rego naprawd\u0119 nie da si\u0119 ukra\u015b\u0107? - \u0160koda We Love Cycling - Poland<\/title>\n<meta name=\"robots\" content=\"index, follow, max-snippet:-1, max-image-preview:large, max-video-preview:-1\" \/>\n<link rel=\"canonical\" href=\"https:\/\/www.welovecycling.com\/pl\/2018\/06\/15\/pierwszy-rower-ktorego-naprawde-nie-da-sie-ukrasc\/\" \/>\n<meta property=\"og:locale\" content=\"pl_PL\" \/>\n<meta property=\"og:type\" content=\"article\" \/>\n<meta property=\"og:title\" content=\"Pierwszy rower, kt\u00f3rego naprawd\u0119 nie da si\u0119 ukra\u015b\u0107?\" \/>\n<meta property=\"og:description\" content=\"Rower Yerka powsta\u0142 w 2015 roku jako projekt grupy przyjaci\u00f3\u0142 studiuj\u0105cych in\u017cynieri\u0119 w Chile. Ich zamiarem by\u0142o stworzenie roweru, kt\u00f3rego [&hellip;]\" \/>\n<meta property=\"og:url\" content=\"https:\/\/www.welovecycling.com\/pl\/2018\/06\/15\/pierwszy-rower-ktorego-naprawde-nie-da-sie-ukrasc\/\" \/>\n<meta property=\"og:site_name\" content=\"\u0160koda We Love Cycling - Poland\" \/>\n<meta property=\"article:published_time\" content=\"2018-06-15T12:51:42+00:00\" \/>\n<meta property=\"og:image\" content=\"https:\/\/d2p6e6u75xmxt8.cloudfront.net\/5\/2018\/06\/yerkacvr.jpg\" \/>\n\t<meta property=\"og:image:width\" content=\"1366\" \/>\n\t<meta property=\"og:image:height\" content=\"600\" \/>\n\t<meta property=\"og:image:type\" content=\"image\/jpeg\" \/>\n<meta name=\"author\" content=\"piotrboczkowski\" \/>\n<meta name=\"twitter:card\" content=\"summary_large_image\" \/>\n<meta name=\"twitter:label1\" content=\"Written by\" \/>\n\t<meta name=\"twitter:data1\" content=\"Monica Buck\" \/>\n\t<meta name=\"twitter:label2\" content=\"Est. reading time\" \/>\n\t<meta name=\"twitter:data2\" content=\"1 minute\" \/>\n<script type=\"application\/ld+json\" class=\"yoast-schema-graph\">{\"@context\":\"https:\/\/schema.org\",\"@graph\":[{\"@type\":\"WebPage\",\"@id\":\"https:\/\/www.welovecycling.com\/pl\/2018\/06\/15\/pierwszy-rower-ktorego-naprawde-nie-da-sie-ukrasc\/\",\"url\":\"https:\/\/www.welovecycling.com\/pl\/2018\/06\/15\/pierwszy-rower-ktorego-naprawde-nie-da-sie-ukrasc\/\",\"name\":\"Pierwszy rower, kt\u00f3rego naprawd\u0119 nie da si\u0119 ukra\u015b\u0107? - \u0160koda We Love Cycling - Poland\",\"isPartOf\":{\"@id\":\"https:\/\/www.welovecycling.com\/pl\/#website\"},\"primaryImageOfPage\":{\"@id\":\"https:\/\/www.welovecycling.com\/pl\/2018\/06\/15\/pierwszy-rower-ktorego-naprawde-nie-da-sie-ukrasc\/#primaryimage\"},\"image\":{\"@id\":\"https:\/\/www.welovecycling.com\/pl\/2018\/06\/15\/pierwszy-rower-ktorego-naprawde-nie-da-sie-ukrasc\/#primaryimage\"},\"thumbnailUrl\":\"https:\/\/d2p6e6u75xmxt8.cloudfront.net\/5\/2018\/06\/yerkacvr.jpg\",\"datePublished\":\"2018-06-15T12:51:42+00:00\",\"author\":{\"@id\":\"https:\/\/www.welovecycling.com\/pl\/#\/schema\/person\/0dba2d39da943db9df3fd8f4687e7f23\"},\"breadcrumb\":{\"@id\":\"https:\/\/www.welovecycling.com\/pl\/2018\/06\/15\/pierwszy-rower-ktorego-naprawde-nie-da-sie-ukrasc\/#breadcrumb\"},\"inLanguage\":\"pl-PL\",\"potentialAction\":[{\"@type\":\"ReadAction\",\"target\":[\"https:\/\/www.welovecycling.com\/pl\/2018\/06\/15\/pierwszy-rower-ktorego-naprawde-nie-da-sie-ukrasc\/\"]}]},{\"@type\":\"ImageObject\",\"inLanguage\":\"pl-PL\",\"@id\":\"https:\/\/www.welovecycling.com\/pl\/2018\/06\/15\/pierwszy-rower-ktorego-naprawde-nie-da-sie-ukrasc\/#primaryimage\",\"url\":\"https:\/\/d2p6e6u75xmxt8.cloudfront.net\/5\/2018\/06\/yerkacvr.jpg\",\"contentUrl\":\"https:\/\/d2p6e6u75xmxt8.cloudfront.net\/5\/2018\/06\/yerkacvr.jpg\",\"width\":1366,\"height\":600},{\"@type\":\"BreadcrumbList\",\"@id\":\"https:\/\/www.welovecycling.com\/pl\/2018\/06\/15\/pierwszy-rower-ktorego-naprawde-nie-da-sie-ukrasc\/#breadcrumb\",\"itemListElement\":[{\"@type\":\"ListItem\",\"position\":1,\"name\":\"Home\",\"item\":\"https:\/\/www.welovecycling.com\/pl\/\"},{\"@type\":\"ListItem\",\"position\":2,\"name\":\"Pierwszy rower, kt\u00f3rego naprawd\u0119 nie da si\u0119 ukra\u015b\u0107?\"}]},{\"@type\":\"WebSite\",\"@id\":\"https:\/\/www.welovecycling.com\/pl\/#website\",\"url\":\"https:\/\/www.welovecycling.com\/pl\/\",\"name\":\"\u0160koda We Love Cycling - Poland\",\"description\":\"\",\"potentialAction\":[{\"@type\":\"SearchAction\",\"target\":{\"@type\":\"EntryPoint\",\"urlTemplate\":\"https:\/\/www.welovecycling.com\/pl\/?s={search_term_string}\"},\"query-input\":{\"@type\":\"PropertyValueSpecification\",\"valueRequired\":true,\"valueName\":\"search_term_string\"}}],\"inLanguage\":\"pl-PL\"},{\"@type\":\"Person\",\"@id\":\"https:\/\/www.welovecycling.com\/pl\/#\/schema\/person\/0dba2d39da943db9df3fd8f4687e7f23\",\"name\":\"piotrboczkowski\",\"image\":{\"@type\":\"ImageObject\",\"inLanguage\":\"pl-PL\",\"@id\":\"https:\/\/www.welovecycling.com\/pl\/#\/schema\/person\/image\/\",\"url\":\"https:\/\/secure.gravatar.com\/avatar\/533caccae14752e03a2ce2d3fd62d1b98b93e1393c3195c27819e53344ca1ace?s=96&d=mm&r=g\",\"contentUrl\":\"https:\/\/secure.gravatar.com\/avatar\/533caccae14752e03a2ce2d3fd62d1b98b93e1393c3195c27819e53344ca1ace?s=96&d=mm&r=g\",\"caption\":\"piotrboczkowski\"},\"url\":\"https:\/\/www.welovecycling.com\/pl\/author\/piotrboczkowski\/\"}]}<\/script>\n<!-- \/ Yoast SEO Premium plugin. -->","yoast_head_json":{"title":"Pierwszy rower, kt\u00f3rego naprawd\u0119 nie da si\u0119 ukra\u015b\u0107? - \u0160koda We Love Cycling - Poland","robots":{"index":"index","follow":"follow","max-snippet":"max-snippet:-1","max-image-preview":"max-image-preview:large","max-video-preview":"max-video-preview:-1"},"canonical":"https:\/\/www.welovecycling.com\/pl\/2018\/06\/15\/pierwszy-rower-ktorego-naprawde-nie-da-sie-ukrasc\/","og_locale":"pl_PL","og_type":"article","og_title":"Pierwszy rower, kt\u00f3rego naprawd\u0119 nie da si\u0119 ukra\u015b\u0107?","og_description":"Rower Yerka powsta\u0142 w 2015 roku jako projekt grupy przyjaci\u00f3\u0142 studiuj\u0105cych in\u017cynieri\u0119 w Chile. Ich zamiarem by\u0142o stworzenie roweru, kt\u00f3rego [&hellip;]","og_url":"https:\/\/www.welovecycling.com\/pl\/2018\/06\/15\/pierwszy-rower-ktorego-naprawde-nie-da-sie-ukrasc\/","og_site_name":"\u0160koda We Love Cycling - Poland","article_published_time":"2018-06-15T12:51:42+00:00","og_image":[{"width":1366,"height":600,"url":"https:\/\/d2p6e6u75xmxt8.cloudfront.net\/5\/2018\/06\/yerkacvr.jpg","type":"image\/jpeg"}],"author":"piotrboczkowski","twitter_card":"summary_large_image","twitter_misc":{"Written by":"Monica Buck","Est. reading time":"1 minute"},"schema":{"@context":"https:\/\/schema.org","@graph":[{"@type":"WebPage","@id":"https:\/\/www.welovecycling.com\/pl\/2018\/06\/15\/pierwszy-rower-ktorego-naprawde-nie-da-sie-ukrasc\/","url":"https:\/\/www.welovecycling.com\/pl\/2018\/06\/15\/pierwszy-rower-ktorego-naprawde-nie-da-sie-ukrasc\/","name":"Pierwszy rower, kt\u00f3rego naprawd\u0119 nie da si\u0119 ukra\u015b\u0107? - \u0160koda We Love Cycling - Poland","isPartOf":{"@id":"https:\/\/www.welovecycling.com\/pl\/#website"},"primaryImageOfPage":{"@id":"https:\/\/www.welovecycling.com\/pl\/2018\/06\/15\/pierwszy-rower-ktorego-naprawde-nie-da-sie-ukrasc\/#primaryimage"},"image":{"@id":"https:\/\/www.welovecycling.com\/pl\/2018\/06\/15\/pierwszy-rower-ktorego-naprawde-nie-da-sie-ukrasc\/#primaryimage"},"thumbnailUrl":"https:\/\/d2p6e6u75xmxt8.cloudfront.net\/5\/2018\/06\/yerkacvr.jpg","datePublished":"2018-06-15T12:51:42+00:00","author":{"@id":"https:\/\/www.welovecycling.com\/pl\/#\/schema\/person\/0dba2d39da943db9df3fd8f4687e7f23"},"breadcrumb":{"@id":"https:\/\/www.welovecycling.com\/pl\/2018\/06\/15\/pierwszy-rower-ktorego-naprawde-nie-da-sie-ukrasc\/#breadcrumb"},"inLanguage":"pl-PL","potentialAction":[{"@type":"ReadAction","target":["https:\/\/www.welovecycling.com\/pl\/2018\/06\/15\/pierwszy-rower-ktorego-naprawde-nie-da-sie-ukrasc\/"]}]},{"@type":"ImageObject","inLanguage":"pl-PL","@id":"https:\/\/www.welovecycling.com\/pl\/2018\/06\/15\/pierwszy-rower-ktorego-naprawde-nie-da-sie-ukrasc\/#primaryimage","url":"https:\/\/d2p6e6u75xmxt8.cloudfront.net\/5\/2018\/06\/yerkacvr.jpg","contentUrl":"https:\/\/d2p6e6u75xmxt8.cloudfront.net\/5\/2018\/06\/yerkacvr.jpg","width":1366,"height":600},{"@type":"BreadcrumbList","@id":"https:\/\/www.welovecycling.com\/pl\/2018\/06\/15\/pierwszy-rower-ktorego-naprawde-nie-da-sie-ukrasc\/#breadcrumb","itemListElement":[{"@type":"ListItem","position":1,"name":"Home","item":"https:\/\/www.welovecycling.com\/pl\/"},{"@type":"ListItem","position":2,"name":"Pierwszy rower, kt\u00f3rego naprawd\u0119 nie da si\u0119 ukra\u015b\u0107?"}]},{"@type":"WebSite","@id":"https:\/\/www.welovecycling.com\/pl\/#website","url":"https:\/\/www.welovecycling.com\/pl\/","name":"\u0160koda We Love Cycling - Poland","description":"","potentialAction":[{"@type":"SearchAction","target":{"@type":"EntryPoint","urlTemplate":"https:\/\/www.welovecycling.com\/pl\/?s={search_term_string}"},"query-input":{"@type":"PropertyValueSpecification","valueRequired":true,"valueName":"search_term_string"}}],"inLanguage":"pl-PL"},{"@type":"Person","@id":"https:\/\/www.welovecycling.com\/pl\/#\/schema\/person\/0dba2d39da943db9df3fd8f4687e7f23","name":"piotrboczkowski","image":{"@type":"ImageObject","inLanguage":"pl-PL","@id":"https:\/\/www.welovecycling.com\/pl\/#\/schema\/person\/image\/","url":"https:\/\/secure.gravatar.com\/avatar\/533caccae14752e03a2ce2d3fd62d1b98b93e1393c3195c27819e53344ca1ace?s=96&d=mm&r=g","contentUrl":"https:\/\/secure.gravatar.com\/avatar\/533caccae14752e03a2ce2d3fd62d1b98b93e1393c3195c27819e53344ca1ace?s=96&d=mm&r=g","caption":"piotrboczkowski"},"url":"https:\/\/www.welovecycling.com\/pl\/author\/piotrboczkowski\/"}]}},"_links":{"self":[{"href":"https:\/\/www.welovecycling.com\/pl\/wp-json\/wp\/v2\/posts\/7199","targetHints":{"allow":["GET"]}}],"collection":[{"href":"https:\/\/www.welovecycling.com\/pl\/wp-json\/wp\/v2\/posts"}],"about":[{"href":"https:\/\/www.welovecycling.com\/pl\/wp-json\/wp\/v2\/types\/post"}],"author":[{"embeddable":true,"href":"https:\/\/www.welovecycling.com\/pl\/wp-json\/wp\/v2\/users\/76"}],"replies":[{"embeddable":true,"href":"https:\/\/www.welovecycling.com\/pl\/wp-json\/wp\/v2\/comments?post=7199"}],"version-history":[{"count":1,"href":"https:\/\/www.welovecycling.com\/pl\/wp-json\/wp\/v2\/posts\/7199\/revisions"}],"predecessor-version":[{"id":7202,"href":"https:\/\/www.welovecycling.com\/pl\/wp-json\/wp\/v2\/posts\/7199\/revisions\/7202"}],"wp:featuredmedia":[{"embeddable":true,"href":"https:\/\/www.welovecycling.com\/pl\/wp-json\/wp\/v2\/media\/7200"}],"wp:attachment":[{"href":"https:\/\/www.welovecycling.com\/pl\/wp-json\/wp\/v2\/media?parent=7199"}],"wp:term":[{"taxonomy":"category","embeddable":true,"href":"https:\/\/www.welovecycling.com\/pl\/wp-json\/wp\/v2\/categories?post=7199"},{"taxonomy":"post_tag","embeddable":true,"href":"https:\/\/www.welovecycling.com\/pl\/wp-json\/wp\/v2\/tags?post=7199"},{"taxonomy":"global-categories","embeddable":true,"href":"https:\/\/www.welovecycling.com\/pl\/wp-json\/wp\/v2\/global-categories?post=7199"}],"curies":[{"name":"wp","href":"https:\/\/api.w.org\/{rel}","templated":true}]}}