{"id":7180,"date":"2018-06-13T19:20:59","date_gmt":"2018-06-13T19:20:59","guid":{"rendered":"https:\/\/www.welovecycling.com\/pl\/?p=7180"},"modified":"2018-06-13T19:20:59","modified_gmt":"2018-06-13T19:20:59","slug":"miliony-ludzi-zacieraja-rece-przed-tour-de-france","status":"publish","type":"post","link":"https:\/\/www.welovecycling.com\/pl\/2018\/06\/13\/miliony-ludzi-zacieraja-rece-przed-tour-de-france\/","title":{"rendered":"Miliony ludzi zacieraj\u0105 r\u0119ce przed Tour de France"},"content":{"rendered":"<p>To ju\u017c ostatnia prosta! Kibice odliczaj\u0105 dni, a organizatorzy licz\u0105 na \u015brubowanie kolejnych rekord\u00f3w. Ju\u017c za niespe\u0142na miesi\u0105c startuje 105. edycja wielkiego Tour de France!<\/p>\n<p>To ju\u017c nawet nie s\u0105 ostatnie przygotowania, tylko dopinanie wszystkiego na ostatni guzik. Przygotowania do ka\u017cdej Wielkiej P\u0119tli trwaj\u0105 bowiem grubo ponad rok, wi\u0119c nikt nie odwa\u017cy si\u0119 zostawi\u0107 ich na ostatni\u0105 chwil\u0119.<\/p>\n<p><strong>Podr\u00f3\u017c w czasie<\/strong><\/p>\n<p>Teraz organizatorzy po kolei ods\u0142aniaj\u0105 kolejne karty. Jak cho\u0107by te zwi\u0105zane z koszulkami lider\u00f3w poszczeg\u00f3lnych klasyfikacji. Dla wielu kibic\u00f3w to tylko \u017c\u00f3\u0142te, zielone, bia\u0142e lub kropkowane trykoty, ale dla pasjonat\u00f3w znacz\u0105 znacznie wi\u0119cej.<\/p>\n<p>W tym roku liderzy b\u0119d\u0105 jechali w koszulkach nawi\u0105zuj\u0105cych do tych z \u2026 1968 roku. \u201eKiedy przysz\u0142o\u015b\u0107 inspiruje tera\u017aniejszo\u015b\u0107\u201d \u2013 napisali organizatorzy, gdy chwalili si\u0119 swoim nowym dzie\u0142em, kt\u00f3re wygl\u0105da tak:<\/p>\n<div class=\"embed-controller-wrapper\">\n<blockquote class=\"twitter-tweet\" data-width=\"500\" data-dnt=\"true\">\n<p lang=\"en\" dir=\"ltr\">\ud83d\udc9b When the past inspires the present.<br \/>Discover the new <a href=\"https:\/\/twitter.com\/MaillotjauneLCL?ref_src=twsrc%5Etfw\">@MaillotjauneLCL<\/a> !<br \/>\u27a1 <a href=\"https:\/\/t.co\/rjzsgPksK5\">https:\/\/t.co\/rjzsgPksK5<\/a><a href=\"https:\/\/twitter.com\/hashtag\/TDF2019?src=hash&amp;ref_src=twsrc%5Etfw\">#TDF2019<\/a> <a href=\"https:\/\/t.co\/w3IFE6qJA0\">pic.twitter.com\/w3IFE6qJA0<\/a><\/p>\n<p>&mdash; Tour de France\u2122 (@LeTour) <a href=\"https:\/\/twitter.com\/LeTour\/status\/984474851036590080?ref_src=twsrc%5Etfw\">April 12, 2018<\/a><\/p><\/blockquote>\n<p><script async data-src=\"https:\/\/platform.twitter.com\/widgets.js\" charset=\"utf-8\"><\/script><\/div>\n<p>Nowe koszulki b\u0119dzie mia\u0142a tak\u017ce cz\u0119\u015b\u0107 zespo\u0142\u00f3w, a jeden z ciekawszych pomys\u0142\u00f3w znalaz\u0142 si\u0119 na strojach Team Sky. Na plecach ka\u017cdego z zawodnik\u00f3w b\u0119dzie znajdowa\u0142o si\u0119 wielkie morskie stworzenie, bo brytyjski zesp\u00f3\u0142 nawi\u0105za\u0142 wsp\u00f3\u0142prac\u0119 ze Sky Ocean Rescue, kt\u00f3ra zajmuje si\u0119 ochron\u0105 zwierz\u0105t i walk\u0105 o czyste oceany.<\/p>\n<p>&#8211; To \u015bwietna wiadomo\u015b\u0107, \u017ce podczas Tour de France zwr\u00f3cimy uwag\u0119 na tak wa\u017cny problem \u2013 podkre\u015bla\u0142 Chris Froome, lider zespo\u0142u.<\/p>\n<div class=\"embed-controller-wrapper\">\n<blockquote class=\"twitter-tweet\" data-width=\"500\" data-dnt=\"true\">\n<p lang=\"en\" dir=\"ltr\">Here are the first pictures of <a href=\"https:\/\/twitter.com\/chrisfroome?ref_src=twsrc%5Etfw\">@ChrisFroome<\/a> wearing the new @SkyOceanRescue jersey by <a href=\"https:\/\/twitter.com\/CastelliCycling?ref_src=twsrc%5Etfw\">@CastelliCycling<\/a> <a href=\"https:\/\/twitter.com\/hashtag\/PassOnPlastic?src=hash&amp;ref_src=twsrc%5Etfw\">#PassOnPlastic<\/a> \ud83d\udc33 <a href=\"https:\/\/t.co\/xUpSfQhcNs\">pic.twitter.com\/xUpSfQhcNs<\/a><\/p>\n<p>&mdash; INEOS Grenadiers (@INEOSGrenadiers) <a href=\"https:\/\/twitter.com\/INEOSGrenadiers\/status\/1002251894759264257?ref_src=twsrc%5Etfw\">May 31, 2018<\/a><\/p><\/blockquote>\n<p><script async data-src=\"https:\/\/platform.twitter.com\/widgets.js\" charset=\"utf-8\"><\/script><\/div>\n<p>Tak\u017ce organizatorzy Wielkiej P\u0119tli po raz kolejny promuj\u0105 ochron\u0119 \u015brodowiska. Poprzez publikacje, spoty i warsztaty przekonuj\u0105 do tego, by porzuci\u0107 samoch\u00f3d i przesi\u0105\u015b\u0107 si\u0119 na rowery. \u201eCz\u0119sto s\u0105 szybsze, ta\u0144sze i oczywi\u015bcie zdrowsze ni\u017c inne \u015brodki transportu. Jazda na rowerze, tak\u017ce po mie\u015bcie, to idealne rozwi\u0105zanie\u201d \u2013 czytamy na oficjalnej stronie Tour de France.<\/p>\n<p><strong>P\u0119knie milion?<\/strong><\/p>\n<p>Przyjazdem najlepszych kolarzy \u015bwiata \u017cyj\u0105 tak\u017ce ludzie z miejscowo\u015bci, przez kt\u00f3re przemknie Tour de France. Zim\u0105 mieszka\u0144cy g\u00f3rskich wiosek oddzia\u0142ywali na wyobra\u017ani\u0119 kibic\u00f3w publikuj\u0105c zdj\u0119cia p\u00f3\u0142torametrowych zasp \u015bnie\u017cnych, kt\u00f3re by\u0142y\u2026 miejscem mety Tour de France.<\/p>\n<p>Dzi\u015b jest ju\u017c tam jednak s\u0142onecznie i zielono, wi\u0119c organizatorzy licz\u0105 na rekord. \u201eW 2013 r. przy trasie etapu przebiegaj\u0105cego w okolicach Alpe d\u2019Huez by\u0142o ponad milion os\u00f3b! Jeste\u015bcie gotowi sprawi\u0107, aby teraz to samo miejsce sta\u0142o si\u0119 najwi\u0119kszym stadionem \u015bwiata w 2018 r.?\u201d \u2013 zagrzewaj\u0105 i aby jeszcze mocniej przyci\u0105gn\u0105\u0107 kibic\u00f3w raz na czas rozdaj\u0105 bilety kategorii VIP na swoim profilu twitterowym.<\/p>\n<div class=\"embed-controller-wrapper\">\n<blockquote class=\"twitter-tweet\" data-width=\"500\" data-dnt=\"true\">\n<p lang=\"fr\" dir=\"ltr\">In 2013 you were more than 1.000.000 <a href=\"https:\/\/twitter.com\/LeTour?ref_src=twsrc%5Etfw\">@LeTour<\/a> fans along <a href=\"https:\/\/twitter.com\/alpedhuez?ref_src=twsrc%5Etfw\">@alpedhuez<\/a> 21 bends!<\/p>\n<p>Are you ready to make <a href=\"https:\/\/twitter.com\/alpedhuez?ref_src=twsrc%5Etfw\">@alpedhuez<\/a> become the biggest staduim of the world in 2018 ?<\/p>\n<p>\ud83c\udf1f<a href=\"https:\/\/twitter.com\/hashtag\/TDF2018?src=hash&amp;ref_src=twsrc%5Etfw\">#TDF2018<\/a> \ud83c\udf1f<\/p>\n<p>En 2013, vous \u00e9tiez plus d&#39;un million lors de <a href=\"https:\/\/twitter.com\/LeTour?ref_src=twsrc%5Etfw\">@LeTour<\/a> \u00e0 l&#39;<a href=\"https:\/\/twitter.com\/alpedhuez?ref_src=twsrc%5Etfw\">@alpedhuez<\/a><\/p>\n<p>Pr\u00eats \u00e0 faire mieux cette ann\u00e9e ? <a href=\"https:\/\/t.co\/vrtK3QEEfD\">pic.twitter.com\/vrtK3QEEfD<\/a><\/p>\n<p>&mdash; Alpe d&#39;Huez (@alpedhuez) <a href=\"https:\/\/twitter.com\/alpedhuez\/status\/1004352546734002176?ref_src=twsrc%5Etfw\">June 6, 2018<\/a><\/p><\/blockquote>\n<p><script async data-src=\"https:\/\/platform.twitter.com\/widgets.js\" charset=\"utf-8\"><\/script><\/div>\n<p>Na Tour de France rozdano ju\u017c te\u017c dzikie karty. Otrzyma\u0142y je ekipy Cofidis, Solutions Credits, Direct Energie, Team Fortuneo \u2013 Samsic (wszystkie Francja) oraz Wanty \u2013 Groupe Gobert (Belgia).<\/p>\n<p><strong>Pani minister w akcji<\/strong><\/p>\n<p>Nierozwi\u0105zan\u0105 zagadk\u0105 zostaje za to sprawa\u2026 hostess, kt\u00f3re towarzysz\u0105 zawodnikom na mecie. Cz\u0119\u015b\u0107 \u015brodowiska uwa\u017ca to za niestosowne i chce, by organizatorzy zrezygnowali z pi\u0119knych pa\u0144 podczas dekoracji na podium. Sprawa rozbi\u0142a si\u0119 nawet o francuski rz\u0105d, ale pani minister sportu nie mia\u0142a w\u0105tpliwo\u015bci:<\/p>\n<p>&#8211; Nie ma w tym nic seksistowskiego. To cz\u0119sto studentki, kt\u00f3re mog\u0105 sobie dorobi\u0107 na Tour de France i nie s\u0105 w \u017caden spos\u00f3b wykorzystywane \u2013 podkre\u015bla\u0142a Laura Flessel, ale oficjalnej decyzji organizator\u00f3w Wielkiej P\u0119tli w tej sprawie jeszcze nie ma.<\/p>\n<p><strong>Szukanie formy<\/strong><\/p>\n<p>W kalendarz z niepokojem patrzy za to cz\u0119\u015b\u0107 francuskich kibic\u00f3w, bo ich czo\u0142owy reprezentant \u2013 Warren Barguil \u2013 kompletnie nie potrafi wstrzeli\u0107 si\u0119 w sezon. W ubieg\u0142orocznej Wielkiej P\u0119tli wygra\u0142 klasyfikacj\u0119 g\u00f3rsk\u0105, ale obecnie ma problemy prywatne i toczy ci\u0119\u017ck\u0105 walk\u0119 w poszukiwaniu formy.<\/p>\n<p>Czasu zosta\u0142o mu niewiele, poniewa\u017c Tour de France startuje 7 lipca etapem z Noirmoutier I\u2019lie do Fontenay le Comte. Kolarze b\u0119d\u0105 \u015bci\u0105gali si\u0119 trzy tygodnie, a\u017c do 29 lipca. Meta tradycyjnie na Polach Elizejskich.<\/p>\n","protected":false},"excerpt":{"rendered":"<p>To ju\u017c ostatnia prosta! Kibice odliczaj\u0105 dni, a organizatorzy licz\u0105 na \u015brubowanie kolejnych rekord\u00f3w. Ju\u017c za niespe\u0142na miesi\u0105c startuje 105. [&hellip;]<\/p>\n","protected":false},"author":76,"featured_media":7184,"comment_status":"open","ping_status":"open","sticky":false,"template":"","format":"standard","meta":{"footnotes":""},"categories":[6],"tags":[212,82],"global-categories":[],"class_list":["post-7180","post","type-post","status-publish","format-standard","has-post-thumbnail","hentry","category-kolarstwo-szosowe","tag-tour-de-france-2018","tag-welovecycling"],"yoast_head":"<!-- This site is optimized with the Yoast SEO Premium plugin v25.3 (Yoast SEO v25.9) - https:\/\/yoast.com\/wordpress\/plugins\/seo\/ -->\n<title>Miliony ludzi zacieraj\u0105 r\u0119ce przed Tour de France - \u0160koda We Love Cycling - Poland<\/title>\n<meta name=\"robots\" content=\"index, follow, max-snippet:-1, max-image-preview:large, max-video-preview:-1\" \/>\n<link rel=\"canonical\" href=\"https:\/\/www.welovecycling.com\/pl\/2018\/06\/13\/miliony-ludzi-zacieraja-rece-przed-tour-de-france\/\" \/>\n<meta property=\"og:locale\" content=\"pl_PL\" \/>\n<meta property=\"og:type\" content=\"article\" \/>\n<meta property=\"og:title\" content=\"Miliony ludzi zacieraj\u0105 r\u0119ce przed Tour de France\" \/>\n<meta property=\"og:description\" content=\"To ju\u017c ostatnia prosta! Kibice odliczaj\u0105 dni, a organizatorzy licz\u0105 na \u015brubowanie kolejnych rekord\u00f3w. Ju\u017c za niespe\u0142na miesi\u0105c startuje 105. [&hellip;]\" \/>\n<meta property=\"og:url\" content=\"https:\/\/www.welovecycling.com\/pl\/2018\/06\/13\/miliony-ludzi-zacieraja-rece-przed-tour-de-france\/\" \/>\n<meta property=\"og:site_name\" content=\"\u0160koda We Love Cycling - Poland\" \/>\n<meta property=\"article:published_time\" content=\"2018-06-13T19:20:59+00:00\" \/>\n<meta property=\"og:image\" content=\"https:\/\/d2p6e6u75xmxt8.cloudfront.net\/5\/2018\/06\/profimedia-0342511027jpg.jpg\" \/>\n\t<meta property=\"og:image:width\" content=\"1375\" \/>\n\t<meta property=\"og:image:height\" content=\"600\" \/>\n\t<meta property=\"og:image:type\" content=\"image\/jpeg\" \/>\n<meta name=\"author\" content=\"piotrboczkowski\" \/>\n<meta name=\"twitter:card\" content=\"summary_large_image\" \/>\n<meta name=\"twitter:label1\" content=\"Written by\" \/>\n\t<meta name=\"twitter:data1\" content=\"Piotr Jawor\" \/>\n\t<meta name=\"twitter:label2\" content=\"Est. reading time\" \/>\n\t<meta name=\"twitter:data2\" content=\"3 minutes\" \/>\n<script type=\"application\/ld+json\" class=\"yoast-schema-graph\">{\"@context\":\"https:\/\/schema.org\",\"@graph\":[{\"@type\":\"WebPage\",\"@id\":\"https:\/\/www.welovecycling.com\/pl\/2018\/06\/13\/miliony-ludzi-zacieraja-rece-przed-tour-de-france\/\",\"url\":\"https:\/\/www.welovecycling.com\/pl\/2018\/06\/13\/miliony-ludzi-zacieraja-rece-przed-tour-de-france\/\",\"name\":\"Miliony ludzi zacieraj\u0105 r\u0119ce przed Tour de France - \u0160koda We Love Cycling - Poland\",\"isPartOf\":{\"@id\":\"https:\/\/www.welovecycling.com\/pl\/#website\"},\"primaryImageOfPage\":{\"@id\":\"https:\/\/www.welovecycling.com\/pl\/2018\/06\/13\/miliony-ludzi-zacieraja-rece-przed-tour-de-france\/#primaryimage\"},\"image\":{\"@id\":\"https:\/\/www.welovecycling.com\/pl\/2018\/06\/13\/miliony-ludzi-zacieraja-rece-przed-tour-de-france\/#primaryimage\"},\"thumbnailUrl\":\"https:\/\/d2p6e6u75xmxt8.cloudfront.net\/5\/2018\/06\/profimedia-0342511027jpg.jpg\",\"datePublished\":\"2018-06-13T19:20:59+00:00\",\"author\":{\"@id\":\"https:\/\/www.welovecycling.com\/pl\/#\/schema\/person\/0dba2d39da943db9df3fd8f4687e7f23\"},\"breadcrumb\":{\"@id\":\"https:\/\/www.welovecycling.com\/pl\/2018\/06\/13\/miliony-ludzi-zacieraja-rece-przed-tour-de-france\/#breadcrumb\"},\"inLanguage\":\"pl-PL\",\"potentialAction\":[{\"@type\":\"ReadAction\",\"target\":[\"https:\/\/www.welovecycling.com\/pl\/2018\/06\/13\/miliony-ludzi-zacieraja-rece-przed-tour-de-france\/\"]}]},{\"@type\":\"ImageObject\",\"inLanguage\":\"pl-PL\",\"@id\":\"https:\/\/www.welovecycling.com\/pl\/2018\/06\/13\/miliony-ludzi-zacieraja-rece-przed-tour-de-france\/#primaryimage\",\"url\":\"https:\/\/d2p6e6u75xmxt8.cloudfront.net\/5\/2018\/06\/profimedia-0342511027jpg.jpg\",\"contentUrl\":\"https:\/\/d2p6e6u75xmxt8.cloudfront.net\/5\/2018\/06\/profimedia-0342511027jpg.jpg\",\"width\":1375,\"height\":600},{\"@type\":\"BreadcrumbList\",\"@id\":\"https:\/\/www.welovecycling.com\/pl\/2018\/06\/13\/miliony-ludzi-zacieraja-rece-przed-tour-de-france\/#breadcrumb\",\"itemListElement\":[{\"@type\":\"ListItem\",\"position\":1,\"name\":\"Home\",\"item\":\"https:\/\/www.welovecycling.com\/pl\/\"},{\"@type\":\"ListItem\",\"position\":2,\"name\":\"Miliony ludzi zacieraj\u0105 r\u0119ce przed Tour de France\"}]},{\"@type\":\"WebSite\",\"@id\":\"https:\/\/www.welovecycling.com\/pl\/#website\",\"url\":\"https:\/\/www.welovecycling.com\/pl\/\",\"name\":\"\u0160koda We Love Cycling - Poland\",\"description\":\"\",\"potentialAction\":[{\"@type\":\"SearchAction\",\"target\":{\"@type\":\"EntryPoint\",\"urlTemplate\":\"https:\/\/www.welovecycling.com\/pl\/?s={search_term_string}\"},\"query-input\":{\"@type\":\"PropertyValueSpecification\",\"valueRequired\":true,\"valueName\":\"search_term_string\"}}],\"inLanguage\":\"pl-PL\"},{\"@type\":\"Person\",\"@id\":\"https:\/\/www.welovecycling.com\/pl\/#\/schema\/person\/0dba2d39da943db9df3fd8f4687e7f23\",\"name\":\"piotrboczkowski\",\"image\":{\"@type\":\"ImageObject\",\"inLanguage\":\"pl-PL\",\"@id\":\"https:\/\/www.welovecycling.com\/pl\/#\/schema\/person\/image\/\",\"url\":\"https:\/\/secure.gravatar.com\/avatar\/533caccae14752e03a2ce2d3fd62d1b98b93e1393c3195c27819e53344ca1ace?s=96&d=mm&r=g\",\"contentUrl\":\"https:\/\/secure.gravatar.com\/avatar\/533caccae14752e03a2ce2d3fd62d1b98b93e1393c3195c27819e53344ca1ace?s=96&d=mm&r=g\",\"caption\":\"piotrboczkowski\"},\"url\":\"https:\/\/www.welovecycling.com\/pl\/author\/piotrboczkowski\/\"}]}<\/script>\n<!-- \/ Yoast SEO Premium plugin. -->","yoast_head_json":{"title":"Miliony ludzi zacieraj\u0105 r\u0119ce przed Tour de France - \u0160koda We Love Cycling - Poland","robots":{"index":"index","follow":"follow","max-snippet":"max-snippet:-1","max-image-preview":"max-image-preview:large","max-video-preview":"max-video-preview:-1"},"canonical":"https:\/\/www.welovecycling.com\/pl\/2018\/06\/13\/miliony-ludzi-zacieraja-rece-przed-tour-de-france\/","og_locale":"pl_PL","og_type":"article","og_title":"Miliony ludzi zacieraj\u0105 r\u0119ce przed Tour de France","og_description":"To ju\u017c ostatnia prosta! Kibice odliczaj\u0105 dni, a organizatorzy licz\u0105 na \u015brubowanie kolejnych rekord\u00f3w. Ju\u017c za niespe\u0142na miesi\u0105c startuje 105. [&hellip;]","og_url":"https:\/\/www.welovecycling.com\/pl\/2018\/06\/13\/miliony-ludzi-zacieraja-rece-przed-tour-de-france\/","og_site_name":"\u0160koda We Love Cycling - Poland","article_published_time":"2018-06-13T19:20:59+00:00","og_image":[{"width":1375,"height":600,"url":"https:\/\/d2p6e6u75xmxt8.cloudfront.net\/5\/2018\/06\/profimedia-0342511027jpg.jpg","type":"image\/jpeg"}],"author":"piotrboczkowski","twitter_card":"summary_large_image","twitter_misc":{"Written by":"Piotr Jawor","Est. reading time":"3 minutes"},"schema":{"@context":"https:\/\/schema.org","@graph":[{"@type":"WebPage","@id":"https:\/\/www.welovecycling.com\/pl\/2018\/06\/13\/miliony-ludzi-zacieraja-rece-przed-tour-de-france\/","url":"https:\/\/www.welovecycling.com\/pl\/2018\/06\/13\/miliony-ludzi-zacieraja-rece-przed-tour-de-france\/","name":"Miliony ludzi zacieraj\u0105 r\u0119ce przed Tour de France - \u0160koda We Love Cycling - Poland","isPartOf":{"@id":"https:\/\/www.welovecycling.com\/pl\/#website"},"primaryImageOfPage":{"@id":"https:\/\/www.welovecycling.com\/pl\/2018\/06\/13\/miliony-ludzi-zacieraja-rece-przed-tour-de-france\/#primaryimage"},"image":{"@id":"https:\/\/www.welovecycling.com\/pl\/2018\/06\/13\/miliony-ludzi-zacieraja-rece-przed-tour-de-france\/#primaryimage"},"thumbnailUrl":"https:\/\/d2p6e6u75xmxt8.cloudfront.net\/5\/2018\/06\/profimedia-0342511027jpg.jpg","datePublished":"2018-06-13T19:20:59+00:00","author":{"@id":"https:\/\/www.welovecycling.com\/pl\/#\/schema\/person\/0dba2d39da943db9df3fd8f4687e7f23"},"breadcrumb":{"@id":"https:\/\/www.welovecycling.com\/pl\/2018\/06\/13\/miliony-ludzi-zacieraja-rece-przed-tour-de-france\/#breadcrumb"},"inLanguage":"pl-PL","potentialAction":[{"@type":"ReadAction","target":["https:\/\/www.welovecycling.com\/pl\/2018\/06\/13\/miliony-ludzi-zacieraja-rece-przed-tour-de-france\/"]}]},{"@type":"ImageObject","inLanguage":"pl-PL","@id":"https:\/\/www.welovecycling.com\/pl\/2018\/06\/13\/miliony-ludzi-zacieraja-rece-przed-tour-de-france\/#primaryimage","url":"https:\/\/d2p6e6u75xmxt8.cloudfront.net\/5\/2018\/06\/profimedia-0342511027jpg.jpg","contentUrl":"https:\/\/d2p6e6u75xmxt8.cloudfront.net\/5\/2018\/06\/profimedia-0342511027jpg.jpg","width":1375,"height":600},{"@type":"BreadcrumbList","@id":"https:\/\/www.welovecycling.com\/pl\/2018\/06\/13\/miliony-ludzi-zacieraja-rece-przed-tour-de-france\/#breadcrumb","itemListElement":[{"@type":"ListItem","position":1,"name":"Home","item":"https:\/\/www.welovecycling.com\/pl\/"},{"@type":"ListItem","position":2,"name":"Miliony ludzi zacieraj\u0105 r\u0119ce przed Tour de France"}]},{"@type":"WebSite","@id":"https:\/\/www.welovecycling.com\/pl\/#website","url":"https:\/\/www.welovecycling.com\/pl\/","name":"\u0160koda We Love Cycling - Poland","description":"","potentialAction":[{"@type":"SearchAction","target":{"@type":"EntryPoint","urlTemplate":"https:\/\/www.welovecycling.com\/pl\/?s={search_term_string}"},"query-input":{"@type":"PropertyValueSpecification","valueRequired":true,"valueName":"search_term_string"}}],"inLanguage":"pl-PL"},{"@type":"Person","@id":"https:\/\/www.welovecycling.com\/pl\/#\/schema\/person\/0dba2d39da943db9df3fd8f4687e7f23","name":"piotrboczkowski","image":{"@type":"ImageObject","inLanguage":"pl-PL","@id":"https:\/\/www.welovecycling.com\/pl\/#\/schema\/person\/image\/","url":"https:\/\/secure.gravatar.com\/avatar\/533caccae14752e03a2ce2d3fd62d1b98b93e1393c3195c27819e53344ca1ace?s=96&d=mm&r=g","contentUrl":"https:\/\/secure.gravatar.com\/avatar\/533caccae14752e03a2ce2d3fd62d1b98b93e1393c3195c27819e53344ca1ace?s=96&d=mm&r=g","caption":"piotrboczkowski"},"url":"https:\/\/www.welovecycling.com\/pl\/author\/piotrboczkowski\/"}]}},"_links":{"self":[{"href":"https:\/\/www.welovecycling.com\/pl\/wp-json\/wp\/v2\/posts\/7180","targetHints":{"allow":["GET"]}}],"collection":[{"href":"https:\/\/www.welovecycling.com\/pl\/wp-json\/wp\/v2\/posts"}],"about":[{"href":"https:\/\/www.welovecycling.com\/pl\/wp-json\/wp\/v2\/types\/post"}],"author":[{"embeddable":true,"href":"https:\/\/www.welovecycling.com\/pl\/wp-json\/wp\/v2\/users\/76"}],"replies":[{"embeddable":true,"href":"https:\/\/www.welovecycling.com\/pl\/wp-json\/wp\/v2\/comments?post=7180"}],"version-history":[{"count":1,"href":"https:\/\/www.welovecycling.com\/pl\/wp-json\/wp\/v2\/posts\/7180\/revisions"}],"predecessor-version":[{"id":7185,"href":"https:\/\/www.welovecycling.com\/pl\/wp-json\/wp\/v2\/posts\/7180\/revisions\/7185"}],"wp:featuredmedia":[{"embeddable":true,"href":"https:\/\/www.welovecycling.com\/pl\/wp-json\/wp\/v2\/media\/7184"}],"wp:attachment":[{"href":"https:\/\/www.welovecycling.com\/pl\/wp-json\/wp\/v2\/media?parent=7180"}],"wp:term":[{"taxonomy":"category","embeddable":true,"href":"https:\/\/www.welovecycling.com\/pl\/wp-json\/wp\/v2\/categories?post=7180"},{"taxonomy":"post_tag","embeddable":true,"href":"https:\/\/www.welovecycling.com\/pl\/wp-json\/wp\/v2\/tags?post=7180"},{"taxonomy":"global-categories","embeddable":true,"href":"https:\/\/www.welovecycling.com\/pl\/wp-json\/wp\/v2\/global-categories?post=7180"}],"curies":[{"name":"wp","href":"https:\/\/api.w.org\/{rel}","templated":true}]}}