{"id":7127,"date":"2018-06-05T13:42:30","date_gmt":"2018-06-05T13:42:30","guid":{"rendered":"https:\/\/www.welovecycling.com\/pl\/?p=7127"},"modified":"2018-06-05T13:42:30","modified_gmt":"2018-06-05T13:42:30","slug":"pogodzic-jakosc-i-cene-czyli-porzadne-ale-niedrogie-kaski-rowerowe","status":"publish","type":"post","link":"https:\/\/www.welovecycling.com\/pl\/2018\/06\/05\/pogodzic-jakosc-i-cene-czyli-porzadne-ale-niedrogie-kaski-rowerowe\/","title":{"rendered":"Pogodzi\u0107 jako\u015b\u0107 i cen\u0119, czyli porz\u0105dne, ale niedrogie kaski rowerowe"},"content":{"rendered":"<p><strong>Kask <\/strong><strong>Giro Aerohead<\/strong>,<strong> cho\u0107 kosztuje niemal 400 funt\u00f3w (blisko 2000 z\u0142), raczej nie sprawi, \u017ce pokonasz swoj\u0105 zwyk\u0142\u0105 tras\u0119 zauwa\u017calnie szybciej ni\u017c dotychczas. Porz\u0105dny kask rowerowy wcale nie musi by\u0107 bardzo drogi. Zobacz kilka propozycji kask\u00f3w godnych polecenia.<\/strong><\/p>\n<p><strong>Kask Specialized Max \u2013 35 funt\u00f3w (ok. 171 z\u0142)<\/strong><\/p>\n<p>Je\u015bli masz wi\u0119ksz\u0105 g\u0142ow\u0119, nie musisz ju\u017c d\u0142u\u017cej szuka\u0107. Kask Max to komfortowa propozycja dla os\u00f3b o obwodzie g\u0142owy 64 cm, a jego tylne pokr\u0119t\u0142o pozwala na szerokie rozstawienie regulacji kasku.<\/p>\n<p><a href=\"https:\/\/d2p6e6u75xmxt8.cloudfront.net\/5\/2018\/06\/1.jpg\"><img loading=\"lazy\" decoding=\"async\" class=\"alignnone size-full wp-image-7128\" src=\"https:\/\/d2p6e6u75xmxt8.cloudfront.net\/5\/2018\/06\/1.jpg\" alt=\"\" width=\"969\" height=\"638\" srcset=\"https:\/\/d2p6e6u75xmxt8.cloudfront.net\/5\/2018\/06\/1.jpg 969w, https:\/\/d2p6e6u75xmxt8.cloudfront.net\/5\/2018\/06\/1-300x198.jpg 300w, https:\/\/d2p6e6u75xmxt8.cloudfront.net\/5\/2018\/06\/1-768x506.jpg 768w\" sizes=\"auto, (max-width: 969px) 100vw, 969px\" \/><\/a><\/p>\n<p>Cho\u0107 wydaje si\u0119, \u017ce regulacj\u0119 mo\u017cna by\u0142oby zwi\u0119kszy\u0107 jeszcze o kilka centymetr\u00f3w, nie mam w\u0105tpliwo\u015bci, \u017ce eksperci ds. bezpiecze\u0144stwa celowo pozbawili u\u017cytkownik\u00f3w takiej mo\u017cliwo\u015bci.<\/p>\n<p><strong>Met Rivale \u2013 od 55 funt\u00f3w (ok. 269 z\u0142)<\/strong><\/p>\n<p>Szukasz kasku w okre\u015blonym kolorze? Wybierz Rivale, za kt\u00f3ry zap\u0142acisz 109 funt\u00f3w (ok. 534 z\u0142). Je\u015bli jednak szukasz ta\u0144szego rozwi\u0105zania, bez problemu znajdziesz sklep, kt\u00f3ry oferuje te kaski w mniej popularnych kolorach w znacznie obni\u017conej cenie.<\/p>\n<p><a href=\"https:\/\/d2p6e6u75xmxt8.cloudfront.net\/5\/2018\/06\/2.jpg\"><img loading=\"lazy\" decoding=\"async\" class=\"size-full wp-image-7129 aligncenter\" src=\"https:\/\/d2p6e6u75xmxt8.cloudfront.net\/5\/2018\/06\/2.jpg\" alt=\"\" width=\"532\" height=\"532\" srcset=\"https:\/\/d2p6e6u75xmxt8.cloudfront.net\/5\/2018\/06\/2.jpg 532w, https:\/\/d2p6e6u75xmxt8.cloudfront.net\/5\/2018\/06\/2-150x150.jpg 150w, https:\/\/d2p6e6u75xmxt8.cloudfront.net\/5\/2018\/06\/2-300x300.jpg 300w\" sizes=\"auto, (max-width: 532px) 100vw, 532px\" \/><\/a><\/p>\n<p>Brak du\u017cych otwor\u00f3w wentylacyjnych poprawia w\u0142a\u015bciwo\u015bci aerodynamiczne kasku \u2013 nawet silny boczny wiatr nie b\u0119dzie stanowi\u0142 problemu. Jak na kask o masie 230 g jest to bardzo ciekawa propozycja \u2013 osobi\u015bcie wybieram wyr\u00f3\u017cniaj\u0105cy si\u0119 na drodze kask w kolorze \u017c\u00f3\u0142to-czarnym.<\/p>\n<p><strong>Bluegrass Intox \u2013 cena w zale\u017cno\u015bci od rozmiaru, ok. 78,63 funt\u00f3w (ok. 385 z\u0142)<\/strong><\/p>\n<p>Oto kask z wewn\u0119trzn\u0105 wy\u015bci\u00f3\u0142k\u0105 zapewniaj\u0105c\u0105 komfort u\u017cytkowania, kt\u00f3ry gwarantuje pe\u0142n\u0105 ochron\u0119 twarzoczaszki. Jest to propozycja skierowana g\u0142\u00f3wnie do fan\u00f3w ekstremalnych sport\u00f3w zjazdowych typu downhill czy akrobatycznych typu jump. Marka Bluegrass u\u017cywa has\u0142a \u201eNie masz wym\u00f3wki, by zwalnia\u0107\u201d, wi\u0119c powinni\u015bmy si\u0119 spodziewa\u0107, \u017ce kask Intox zosta\u0142 zaprojektowany w taki spos\u00f3b, by zapewni\u0107 mo\u017cliwie jak najwi\u0119ksz\u0105 ochron\u0119.<\/p>\n<p><a href=\"https:\/\/d2p6e6u75xmxt8.cloudfront.net\/5\/2018\/06\/3.jpg\"><img loading=\"lazy\" decoding=\"async\" class=\"size-full wp-image-7130 aligncenter\" src=\"https:\/\/d2p6e6u75xmxt8.cloudfront.net\/5\/2018\/06\/3.jpg\" alt=\"\" width=\"492\" height=\"500\" srcset=\"https:\/\/d2p6e6u75xmxt8.cloudfront.net\/5\/2018\/06\/3.jpg 492w, https:\/\/d2p6e6u75xmxt8.cloudfront.net\/5\/2018\/06\/3-295x300.jpg 295w\" sizes=\"auto, (max-width: 492px) 100vw, 492px\" \/><\/a><\/p>\n<p>Je\u015bli uwzgl\u0119dnimy fakt, \u017ce kask Intox spe\u0142nia wszystkie standardy Ameryka\u0144skiego Stowarzyszenia ds. Bada\u0144 i Materia\u0142\u00f3w (ASTM), jego cena wydaje si\u0119 uzasadniona. Firma Bluegrass sprawi\u0142a, \u017ce bezpiecze\u0144stwo mo\u017ce wygl\u0105da\u0107 atrakcyjnie \u2013 a przy stopniu ochrony, jaki ten kask zapewnia, jego cena jest bardzo atrakcyjna.<\/p>\n<p><strong>B\u2019Twin 100 City \u2013 9,99 funt\u00f3w (ok. 48 z\u0142)<\/strong><\/p>\n<p>Decathlon oferuje du\u017co dobrej jako\u015bci kask\u00f3w pod w\u0142asn\u0105 mark\u0105. B\u2019Twin 100 City wydaje si\u0119 najlepiej dopasowany do celu swego przeznaczenia. Kask nie zachwyca rozwi\u0105zaniami wentylacyjnymi \u2013 pami\u0119tajmy jednak, \u017ce jest przeznaczony do kr\u00f3tkich miejskich tras, kt\u00f3re nie wymagaj\u0105 du\u017cego wysi\u0142ku fizycznego.<\/p>\n<p><a href=\"https:\/\/d2p6e6u75xmxt8.cloudfront.net\/5\/2018\/06\/4.jpg\"><img loading=\"lazy\" decoding=\"async\" class=\"size-full wp-image-7131 aligncenter\" src=\"https:\/\/d2p6e6u75xmxt8.cloudfront.net\/5\/2018\/06\/4.jpg\" alt=\"\" width=\"788\" height=\"533\" srcset=\"https:\/\/d2p6e6u75xmxt8.cloudfront.net\/5\/2018\/06\/4.jpg 788w, https:\/\/d2p6e6u75xmxt8.cloudfront.net\/5\/2018\/06\/4-300x203.jpg 300w, https:\/\/d2p6e6u75xmxt8.cloudfront.net\/5\/2018\/06\/4-768x519.jpg 768w\" sizes=\"auto, (max-width: 788px) 100vw, 788px\" \/><\/a><\/p>\n<p>Kask wygl\u0105da ca\u0142kiem elegancko i stylowo, cho\u0107 piankowa wyk\u0142adzina widoczna z ty\u0142u kasku zuba\u017ca nieco wra\u017cenia estetyczne. Jednak za t\u0119 cen\u0119 krytyka wydaje si\u0119 zupe\u0142nie nie na miejscu \u2013 tym bardziej \u017ce kask wa\u017cy zaledwie 240 g \u2013 jedyne 10 g wi\u0119cej ni\u017c pi\u0119\u0107 razy dro\u017cszy Met Rivale\u2026<\/p>\n<p><strong>Bern Bandita \u2013 39,99 funt\u00f3w (ok. 195 z\u0142)<\/strong><\/p>\n<p>Skierowany do nastolatk\u00f3w. W du\u017cym rozmiarze pasuje do obwodu g\u0142owy do 57 cm, co czyni go atrakcyjn\u0105 propozycj\u0105 (r\u00f3wnie\u017c dla drobnych kobiet). Wygl\u0105d kasku Bern to jedna z tych rzeczy, kt\u00f3r\u0105 albo pokochasz, albo znienawidzisz. W przypadku tego kasku trzeba zapomnie\u0107 o przepuszczalno\u015bci powietrza. Jednak pod wzgl\u0119dem ochrony, jak\u0105 zapewnia, Bandita nie ma sobie r\u00f3wnych.<\/p>\n<p><a href=\"https:\/\/d2p6e6u75xmxt8.cloudfront.net\/5\/2018\/06\/5.jpg\"><img loading=\"lazy\" decoding=\"async\" class=\"size-full wp-image-7132 aligncenter\" src=\"https:\/\/d2p6e6u75xmxt8.cloudfront.net\/5\/2018\/06\/5.jpg\" alt=\"\" width=\"600\" height=\"600\" srcset=\"https:\/\/d2p6e6u75xmxt8.cloudfront.net\/5\/2018\/06\/5.jpg 600w, https:\/\/d2p6e6u75xmxt8.cloudfront.net\/5\/2018\/06\/5-150x150.jpg 150w, https:\/\/d2p6e6u75xmxt8.cloudfront.net\/5\/2018\/06\/5-300x300.jpg 300w\" sizes=\"auto, (max-width: 600px) 100vw, 600px\" \/><\/a><\/p>\n<p>Bandita spe\u0142nia standardy ochrony g\u0142owy, kilka europejskich norm, a tak\u017ce bardziej rygorystyczne standardy Ameryka\u0144skiego Stowarzyszenia ds. Bada\u0144 i Materia\u0142\u00f3w (ASTM) 2040. To istotnie poprawia relacj\u0119 jako\u015bci do ceny. Dodatkowo kask ten b\u0119dzie r\u00f3wnie skutecznie chroni\u0142 damsk\u0105 g\u0142ow\u0119 na przyk\u0142ad podczas jazdy na snowboardzie.<\/p>\n","protected":false},"excerpt":{"rendered":"<p>Kask Giro Aerohead, cho\u0107 kosztuje niemal 400 funt\u00f3w (blisko 2000 z\u0142), raczej nie sprawi, \u017ce pokonasz swoj\u0105 zwyk\u0142\u0105 tras\u0119 zauwa\u017calnie [&hellip;]<\/p>\n","protected":false},"author":76,"featured_media":7133,"comment_status":"open","ping_status":"open","sticky":false,"template":"","format":"standard","meta":{"footnotes":""},"categories":[7],"tags":[131,52,253,82],"global-categories":[],"class_list":["post-7127","post","type-post","status-publish","format-standard","has-post-thumbnail","hentry","category-bezpieczenstwo","tag-bezpieczenstwo","tag-kask","tag-kaski-rowerowe","tag-welovecycling"],"yoast_head":"<!-- This site is optimized with the Yoast SEO Premium plugin v25.3 (Yoast SEO v25.9) - https:\/\/yoast.com\/wordpress\/plugins\/seo\/ -->\n<title>Pogodzi\u0107 jako\u015b\u0107 i cen\u0119, czyli porz\u0105dne, ale niedrogie kaski rowerowe - \u0160koda We Love Cycling - Poland<\/title>\n<meta name=\"robots\" content=\"index, follow, max-snippet:-1, max-image-preview:large, max-video-preview:-1\" \/>\n<link rel=\"canonical\" href=\"https:\/\/www.welovecycling.com\/pl\/2018\/06\/05\/pogodzic-jakosc-i-cene-czyli-porzadne-ale-niedrogie-kaski-rowerowe\/\" \/>\n<meta property=\"og:locale\" content=\"pl_PL\" \/>\n<meta property=\"og:type\" content=\"article\" \/>\n<meta property=\"og:title\" content=\"Pogodzi\u0107 jako\u015b\u0107 i cen\u0119, czyli porz\u0105dne, ale niedrogie kaski rowerowe\" \/>\n<meta property=\"og:description\" content=\"Kask Giro Aerohead, cho\u0107 kosztuje niemal 400 funt\u00f3w (blisko 2000 z\u0142), raczej nie sprawi, \u017ce pokonasz swoj\u0105 zwyk\u0142\u0105 tras\u0119 zauwa\u017calnie [&hellip;]\" \/>\n<meta property=\"og:url\" content=\"https:\/\/www.welovecycling.com\/pl\/2018\/06\/05\/pogodzic-jakosc-i-cene-czyli-porzadne-ale-niedrogie-kaski-rowerowe\/\" \/>\n<meta property=\"og:site_name\" content=\"\u0160koda We Love Cycling - Poland\" \/>\n<meta property=\"article:published_time\" content=\"2018-06-05T13:42:30+00:00\" \/>\n<meta property=\"og:image\" content=\"https:\/\/d2p6e6u75xmxt8.cloudfront.net\/5\/2018\/06\/Head.jpg\" \/>\n\t<meta property=\"og:image:width\" content=\"1366\" \/>\n\t<meta property=\"og:image:height\" content=\"600\" \/>\n\t<meta property=\"og:image:type\" content=\"image\/jpeg\" \/>\n<meta name=\"author\" content=\"piotrboczkowski\" \/>\n<meta name=\"twitter:card\" content=\"summary_large_image\" \/>\n<meta name=\"twitter:label1\" content=\"Written by\" \/>\n\t<meta name=\"twitter:data1\" content=\"Christopher Ashley\" \/>\n\t<meta name=\"twitter:label2\" content=\"Est. reading time\" \/>\n\t<meta name=\"twitter:data2\" content=\"3 minutes\" \/>\n<script type=\"application\/ld+json\" class=\"yoast-schema-graph\">{\"@context\":\"https:\/\/schema.org\",\"@graph\":[{\"@type\":\"WebPage\",\"@id\":\"https:\/\/www.welovecycling.com\/pl\/2018\/06\/05\/pogodzic-jakosc-i-cene-czyli-porzadne-ale-niedrogie-kaski-rowerowe\/\",\"url\":\"https:\/\/www.welovecycling.com\/pl\/2018\/06\/05\/pogodzic-jakosc-i-cene-czyli-porzadne-ale-niedrogie-kaski-rowerowe\/\",\"name\":\"Pogodzi\u0107 jako\u015b\u0107 i cen\u0119, czyli porz\u0105dne, ale niedrogie kaski rowerowe - \u0160koda We Love Cycling - Poland\",\"isPartOf\":{\"@id\":\"https:\/\/www.welovecycling.com\/pl\/#website\"},\"primaryImageOfPage\":{\"@id\":\"https:\/\/www.welovecycling.com\/pl\/2018\/06\/05\/pogodzic-jakosc-i-cene-czyli-porzadne-ale-niedrogie-kaski-rowerowe\/#primaryimage\"},\"image\":{\"@id\":\"https:\/\/www.welovecycling.com\/pl\/2018\/06\/05\/pogodzic-jakosc-i-cene-czyli-porzadne-ale-niedrogie-kaski-rowerowe\/#primaryimage\"},\"thumbnailUrl\":\"https:\/\/d2p6e6u75xmxt8.cloudfront.net\/5\/2018\/06\/Head.jpg\",\"datePublished\":\"2018-06-05T13:42:30+00:00\",\"author\":{\"@id\":\"https:\/\/www.welovecycling.com\/pl\/#\/schema\/person\/0dba2d39da943db9df3fd8f4687e7f23\"},\"breadcrumb\":{\"@id\":\"https:\/\/www.welovecycling.com\/pl\/2018\/06\/05\/pogodzic-jakosc-i-cene-czyli-porzadne-ale-niedrogie-kaski-rowerowe\/#breadcrumb\"},\"inLanguage\":\"pl-PL\",\"potentialAction\":[{\"@type\":\"ReadAction\",\"target\":[\"https:\/\/www.welovecycling.com\/pl\/2018\/06\/05\/pogodzic-jakosc-i-cene-czyli-porzadne-ale-niedrogie-kaski-rowerowe\/\"]}]},{\"@type\":\"ImageObject\",\"inLanguage\":\"pl-PL\",\"@id\":\"https:\/\/www.welovecycling.com\/pl\/2018\/06\/05\/pogodzic-jakosc-i-cene-czyli-porzadne-ale-niedrogie-kaski-rowerowe\/#primaryimage\",\"url\":\"https:\/\/d2p6e6u75xmxt8.cloudfront.net\/5\/2018\/06\/Head.jpg\",\"contentUrl\":\"https:\/\/d2p6e6u75xmxt8.cloudfront.net\/5\/2018\/06\/Head.jpg\",\"width\":1366,\"height\":600},{\"@type\":\"BreadcrumbList\",\"@id\":\"https:\/\/www.welovecycling.com\/pl\/2018\/06\/05\/pogodzic-jakosc-i-cene-czyli-porzadne-ale-niedrogie-kaski-rowerowe\/#breadcrumb\",\"itemListElement\":[{\"@type\":\"ListItem\",\"position\":1,\"name\":\"Home\",\"item\":\"https:\/\/www.welovecycling.com\/pl\/\"},{\"@type\":\"ListItem\",\"position\":2,\"name\":\"Pogodzi\u0107 jako\u015b\u0107 i cen\u0119, czyli porz\u0105dne, ale niedrogie kaski rowerowe\"}]},{\"@type\":\"WebSite\",\"@id\":\"https:\/\/www.welovecycling.com\/pl\/#website\",\"url\":\"https:\/\/www.welovecycling.com\/pl\/\",\"name\":\"\u0160koda We Love Cycling - Poland\",\"description\":\"\",\"potentialAction\":[{\"@type\":\"SearchAction\",\"target\":{\"@type\":\"EntryPoint\",\"urlTemplate\":\"https:\/\/www.welovecycling.com\/pl\/?s={search_term_string}\"},\"query-input\":{\"@type\":\"PropertyValueSpecification\",\"valueRequired\":true,\"valueName\":\"search_term_string\"}}],\"inLanguage\":\"pl-PL\"},{\"@type\":\"Person\",\"@id\":\"https:\/\/www.welovecycling.com\/pl\/#\/schema\/person\/0dba2d39da943db9df3fd8f4687e7f23\",\"name\":\"piotrboczkowski\",\"image\":{\"@type\":\"ImageObject\",\"inLanguage\":\"pl-PL\",\"@id\":\"https:\/\/www.welovecycling.com\/pl\/#\/schema\/person\/image\/\",\"url\":\"https:\/\/secure.gravatar.com\/avatar\/533caccae14752e03a2ce2d3fd62d1b98b93e1393c3195c27819e53344ca1ace?s=96&d=mm&r=g\",\"contentUrl\":\"https:\/\/secure.gravatar.com\/avatar\/533caccae14752e03a2ce2d3fd62d1b98b93e1393c3195c27819e53344ca1ace?s=96&d=mm&r=g\",\"caption\":\"piotrboczkowski\"},\"url\":\"https:\/\/www.welovecycling.com\/pl\/author\/piotrboczkowski\/\"}]}<\/script>\n<!-- \/ Yoast SEO Premium plugin. -->","yoast_head_json":{"title":"Pogodzi\u0107 jako\u015b\u0107 i cen\u0119, czyli porz\u0105dne, ale niedrogie kaski rowerowe - \u0160koda We Love Cycling - Poland","robots":{"index":"index","follow":"follow","max-snippet":"max-snippet:-1","max-image-preview":"max-image-preview:large","max-video-preview":"max-video-preview:-1"},"canonical":"https:\/\/www.welovecycling.com\/pl\/2018\/06\/05\/pogodzic-jakosc-i-cene-czyli-porzadne-ale-niedrogie-kaski-rowerowe\/","og_locale":"pl_PL","og_type":"article","og_title":"Pogodzi\u0107 jako\u015b\u0107 i cen\u0119, czyli porz\u0105dne, ale niedrogie kaski rowerowe","og_description":"Kask Giro Aerohead, cho\u0107 kosztuje niemal 400 funt\u00f3w (blisko 2000 z\u0142), raczej nie sprawi, \u017ce pokonasz swoj\u0105 zwyk\u0142\u0105 tras\u0119 zauwa\u017calnie [&hellip;]","og_url":"https:\/\/www.welovecycling.com\/pl\/2018\/06\/05\/pogodzic-jakosc-i-cene-czyli-porzadne-ale-niedrogie-kaski-rowerowe\/","og_site_name":"\u0160koda We Love Cycling - Poland","article_published_time":"2018-06-05T13:42:30+00:00","og_image":[{"width":1366,"height":600,"url":"https:\/\/d2p6e6u75xmxt8.cloudfront.net\/5\/2018\/06\/Head.jpg","type":"image\/jpeg"}],"author":"piotrboczkowski","twitter_card":"summary_large_image","twitter_misc":{"Written by":"Christopher Ashley","Est. reading time":"3 minutes"},"schema":{"@context":"https:\/\/schema.org","@graph":[{"@type":"WebPage","@id":"https:\/\/www.welovecycling.com\/pl\/2018\/06\/05\/pogodzic-jakosc-i-cene-czyli-porzadne-ale-niedrogie-kaski-rowerowe\/","url":"https:\/\/www.welovecycling.com\/pl\/2018\/06\/05\/pogodzic-jakosc-i-cene-czyli-porzadne-ale-niedrogie-kaski-rowerowe\/","name":"Pogodzi\u0107 jako\u015b\u0107 i cen\u0119, czyli porz\u0105dne, ale niedrogie kaski rowerowe - \u0160koda We Love Cycling - Poland","isPartOf":{"@id":"https:\/\/www.welovecycling.com\/pl\/#website"},"primaryImageOfPage":{"@id":"https:\/\/www.welovecycling.com\/pl\/2018\/06\/05\/pogodzic-jakosc-i-cene-czyli-porzadne-ale-niedrogie-kaski-rowerowe\/#primaryimage"},"image":{"@id":"https:\/\/www.welovecycling.com\/pl\/2018\/06\/05\/pogodzic-jakosc-i-cene-czyli-porzadne-ale-niedrogie-kaski-rowerowe\/#primaryimage"},"thumbnailUrl":"https:\/\/d2p6e6u75xmxt8.cloudfront.net\/5\/2018\/06\/Head.jpg","datePublished":"2018-06-05T13:42:30+00:00","author":{"@id":"https:\/\/www.welovecycling.com\/pl\/#\/schema\/person\/0dba2d39da943db9df3fd8f4687e7f23"},"breadcrumb":{"@id":"https:\/\/www.welovecycling.com\/pl\/2018\/06\/05\/pogodzic-jakosc-i-cene-czyli-porzadne-ale-niedrogie-kaski-rowerowe\/#breadcrumb"},"inLanguage":"pl-PL","potentialAction":[{"@type":"ReadAction","target":["https:\/\/www.welovecycling.com\/pl\/2018\/06\/05\/pogodzic-jakosc-i-cene-czyli-porzadne-ale-niedrogie-kaski-rowerowe\/"]}]},{"@type":"ImageObject","inLanguage":"pl-PL","@id":"https:\/\/www.welovecycling.com\/pl\/2018\/06\/05\/pogodzic-jakosc-i-cene-czyli-porzadne-ale-niedrogie-kaski-rowerowe\/#primaryimage","url":"https:\/\/d2p6e6u75xmxt8.cloudfront.net\/5\/2018\/06\/Head.jpg","contentUrl":"https:\/\/d2p6e6u75xmxt8.cloudfront.net\/5\/2018\/06\/Head.jpg","width":1366,"height":600},{"@type":"BreadcrumbList","@id":"https:\/\/www.welovecycling.com\/pl\/2018\/06\/05\/pogodzic-jakosc-i-cene-czyli-porzadne-ale-niedrogie-kaski-rowerowe\/#breadcrumb","itemListElement":[{"@type":"ListItem","position":1,"name":"Home","item":"https:\/\/www.welovecycling.com\/pl\/"},{"@type":"ListItem","position":2,"name":"Pogodzi\u0107 jako\u015b\u0107 i cen\u0119, czyli porz\u0105dne, ale niedrogie kaski rowerowe"}]},{"@type":"WebSite","@id":"https:\/\/www.welovecycling.com\/pl\/#website","url":"https:\/\/www.welovecycling.com\/pl\/","name":"\u0160koda We Love Cycling - Poland","description":"","potentialAction":[{"@type":"SearchAction","target":{"@type":"EntryPoint","urlTemplate":"https:\/\/www.welovecycling.com\/pl\/?s={search_term_string}"},"query-input":{"@type":"PropertyValueSpecification","valueRequired":true,"valueName":"search_term_string"}}],"inLanguage":"pl-PL"},{"@type":"Person","@id":"https:\/\/www.welovecycling.com\/pl\/#\/schema\/person\/0dba2d39da943db9df3fd8f4687e7f23","name":"piotrboczkowski","image":{"@type":"ImageObject","inLanguage":"pl-PL","@id":"https:\/\/www.welovecycling.com\/pl\/#\/schema\/person\/image\/","url":"https:\/\/secure.gravatar.com\/avatar\/533caccae14752e03a2ce2d3fd62d1b98b93e1393c3195c27819e53344ca1ace?s=96&d=mm&r=g","contentUrl":"https:\/\/secure.gravatar.com\/avatar\/533caccae14752e03a2ce2d3fd62d1b98b93e1393c3195c27819e53344ca1ace?s=96&d=mm&r=g","caption":"piotrboczkowski"},"url":"https:\/\/www.welovecycling.com\/pl\/author\/piotrboczkowski\/"}]}},"_links":{"self":[{"href":"https:\/\/www.welovecycling.com\/pl\/wp-json\/wp\/v2\/posts\/7127","targetHints":{"allow":["GET"]}}],"collection":[{"href":"https:\/\/www.welovecycling.com\/pl\/wp-json\/wp\/v2\/posts"}],"about":[{"href":"https:\/\/www.welovecycling.com\/pl\/wp-json\/wp\/v2\/types\/post"}],"author":[{"embeddable":true,"href":"https:\/\/www.welovecycling.com\/pl\/wp-json\/wp\/v2\/users\/76"}],"replies":[{"embeddable":true,"href":"https:\/\/www.welovecycling.com\/pl\/wp-json\/wp\/v2\/comments?post=7127"}],"version-history":[{"count":1,"href":"https:\/\/www.welovecycling.com\/pl\/wp-json\/wp\/v2\/posts\/7127\/revisions"}],"predecessor-version":[{"id":7134,"href":"https:\/\/www.welovecycling.com\/pl\/wp-json\/wp\/v2\/posts\/7127\/revisions\/7134"}],"wp:featuredmedia":[{"embeddable":true,"href":"https:\/\/www.welovecycling.com\/pl\/wp-json\/wp\/v2\/media\/7133"}],"wp:attachment":[{"href":"https:\/\/www.welovecycling.com\/pl\/wp-json\/wp\/v2\/media?parent=7127"}],"wp:term":[{"taxonomy":"category","embeddable":true,"href":"https:\/\/www.welovecycling.com\/pl\/wp-json\/wp\/v2\/categories?post=7127"},{"taxonomy":"post_tag","embeddable":true,"href":"https:\/\/www.welovecycling.com\/pl\/wp-json\/wp\/v2\/tags?post=7127"},{"taxonomy":"global-categories","embeddable":true,"href":"https:\/\/www.welovecycling.com\/pl\/wp-json\/wp\/v2\/global-categories?post=7127"}],"curies":[{"name":"wp","href":"https:\/\/api.w.org\/{rel}","templated":true}]}}