{"id":7121,"date":"2018-06-04T14:49:46","date_gmt":"2018-06-04T14:49:46","guid":{"rendered":"https:\/\/www.welovecycling.com\/pl\/?p=7121"},"modified":"2018-06-04T14:49:46","modified_gmt":"2018-06-04T14:49:46","slug":"bartek-huzarski-24-godziny-przed-wyscigiem","status":"publish","type":"post","link":"https:\/\/www.welovecycling.com\/pl\/2018\/06\/04\/bartek-huzarski-24-godziny-przed-wyscigiem\/","title":{"rendered":"Bartek Huzarski: 24 godziny przed wy\u015bcigiem"},"content":{"rendered":"<p>Jak przygotowuje si\u0119 do wy\u015bcigu by\u0142y zawodowy kolarz szosowy. Podpatrujemy dzisiaj co robi Bartek przygotowuj\u0105c si\u0119 do startu, na co zwraca uwag\u0119, jak planuje dob\u00f3r stroju i planuje godzinowy rozk\u0142ad dnia.<\/p>\n<p>Odpowiednia godzina przyjazdu na parking, zaplanowany posi\u0142ek i dobrze dobrany str\u00f3j to podstawa unikni\u0119cia niepotrzebnego przedstartowego stresu. Nasz ekspert podpowie Wam dzisiaj jak z jego ponad 24letniego do\u015bwiadczenia wygl\u0105daj\u0105 ostatnie godziny przed wy\u015bcigiem.<\/p>\n<div style=\"width: 1920px;\" class=\"wp-video\"><!--[if lt IE 9]><script>document.createElement('video');<\/script><![endif]-->\n<video class=\"wp-video-shortcode\" id=\"video-7121-1\" width=\"1920\" height=\"1080\" preload=\"metadata\" controls=\"controls\"><source type=\"video\/mp4\" src=\"https:\/\/d2p6e6u75xmxt8.cloudfront.net\/5\/2018\/06\/Huzarski_odcinek_9_2.mp4?_=1\" \/><a href=\"https:\/\/d2p6e6u75xmxt8.cloudfront.net\/5\/2018\/06\/Huzarski_odcinek_9_2.mp4\">https:\/\/d2p6e6u75xmxt8.cloudfront.net\/5\/2018\/06\/Huzarski_odcinek_9_2.mp4<\/a><\/video><\/div>\n<p>&nbsp;<\/p>\n","protected":false},"excerpt":{"rendered":"<p>Jak przygotowuje si\u0119 do wy\u015bcigu by\u0142y zawodowy kolarz szosowy. Podpatrujemy dzisiaj co robi Bartek przygotowuj\u0105c si\u0119 do startu, na co [&hellip;]<\/p>\n","protected":false},"author":76,"featured_media":7126,"comment_status":"open","ping_status":"open","sticky":false,"template":"","format":"video","meta":{"footnotes":""},"categories":[203],"tags":[108,198,41,82],"global-categories":[],"class_list":["post-7121","post","type-post","status-publish","format-video","has-post-thumbnail","hentry","category-bartosz-huzarski","tag-bartosz-huzarski","tag-bloger","tag-cycling","tag-welovecycling","post_format-post-format-video"],"yoast_head":"<!-- This site is optimized with the Yoast SEO Premium plugin v25.3 (Yoast SEO v25.9) - https:\/\/yoast.com\/wordpress\/plugins\/seo\/ -->\n<title>Bartek Huzarski: 24 godziny przed wy\u015bcigiem - \u0160koda We Love Cycling - Poland<\/title>\n<meta name=\"robots\" content=\"index, follow, max-snippet:-1, max-image-preview:large, max-video-preview:-1\" \/>\n<link rel=\"canonical\" href=\"https:\/\/www.welovecycling.com\/pl\/2018\/06\/04\/bartek-huzarski-24-godziny-przed-wyscigiem\/\" \/>\n<meta property=\"og:locale\" content=\"pl_PL\" \/>\n<meta property=\"og:type\" content=\"article\" \/>\n<meta property=\"og:title\" content=\"Bartek Huzarski: 24 godziny przed wy\u015bcigiem\" \/>\n<meta property=\"og:description\" content=\"Jak przygotowuje si\u0119 do wy\u015bcigu by\u0142y zawodowy kolarz szosowy. Podpatrujemy dzisiaj co robi Bartek przygotowuj\u0105c si\u0119 do startu, na co [&hellip;]\" \/>\n<meta property=\"og:url\" content=\"https:\/\/www.welovecycling.com\/pl\/2018\/06\/04\/bartek-huzarski-24-godziny-przed-wyscigiem\/\" \/>\n<meta property=\"og:site_name\" content=\"\u0160koda We Love Cycling - Poland\" \/>\n<meta property=\"article:published_time\" content=\"2018-06-04T14:49:46+00:00\" \/>\n<meta property=\"og:image\" content=\"https:\/\/d2p6e6u75xmxt8.cloudfront.net\/5\/2018\/06\/Huzarski.PNG-1024x522.png\" \/>\n\t<meta property=\"og:image:width\" content=\"1024\" \/>\n\t<meta property=\"og:image:height\" content=\"522\" \/>\n\t<meta property=\"og:image:type\" content=\"image\/png\" \/>\n<meta name=\"author\" content=\"piotrboczkowski\" \/>\n<meta name=\"twitter:card\" content=\"summary_large_image\" \/>\n<meta name=\"twitter:label1\" content=\"Written by\" \/>\n\t<meta name=\"twitter:data1\" content=\"Bartosz Huzarski\" \/>\n<script type=\"application\/ld+json\" class=\"yoast-schema-graph\">{\"@context\":\"https:\/\/schema.org\",\"@graph\":[{\"@type\":\"WebPage\",\"@id\":\"https:\/\/www.welovecycling.com\/pl\/2018\/06\/04\/bartek-huzarski-24-godziny-przed-wyscigiem\/\",\"url\":\"https:\/\/www.welovecycling.com\/pl\/2018\/06\/04\/bartek-huzarski-24-godziny-przed-wyscigiem\/\",\"name\":\"Bartek Huzarski: 24 godziny przed wy\u015bcigiem - \u0160koda We Love Cycling - Poland\",\"isPartOf\":{\"@id\":\"https:\/\/www.welovecycling.com\/pl\/#website\"},\"primaryImageOfPage\":{\"@id\":\"https:\/\/www.welovecycling.com\/pl\/2018\/06\/04\/bartek-huzarski-24-godziny-przed-wyscigiem\/#primaryimage\"},\"image\":{\"@id\":\"https:\/\/www.welovecycling.com\/pl\/2018\/06\/04\/bartek-huzarski-24-godziny-przed-wyscigiem\/#primaryimage\"},\"thumbnailUrl\":\"https:\/\/d2p6e6u75xmxt8.cloudfront.net\/5\/2018\/06\/Huzarski.PNG.png\",\"datePublished\":\"2018-06-04T14:49:46+00:00\",\"author\":{\"@id\":\"https:\/\/www.welovecycling.com\/pl\/#\/schema\/person\/0dba2d39da943db9df3fd8f4687e7f23\"},\"breadcrumb\":{\"@id\":\"https:\/\/www.welovecycling.com\/pl\/2018\/06\/04\/bartek-huzarski-24-godziny-przed-wyscigiem\/#breadcrumb\"},\"inLanguage\":\"pl-PL\",\"potentialAction\":[{\"@type\":\"ReadAction\",\"target\":[\"https:\/\/www.welovecycling.com\/pl\/2018\/06\/04\/bartek-huzarski-24-godziny-przed-wyscigiem\/\"]}]},{\"@type\":\"ImageObject\",\"inLanguage\":\"pl-PL\",\"@id\":\"https:\/\/www.welovecycling.com\/pl\/2018\/06\/04\/bartek-huzarski-24-godziny-przed-wyscigiem\/#primaryimage\",\"url\":\"https:\/\/d2p6e6u75xmxt8.cloudfront.net\/5\/2018\/06\/Huzarski.PNG.png\",\"contentUrl\":\"https:\/\/d2p6e6u75xmxt8.cloudfront.net\/5\/2018\/06\/Huzarski.PNG.png\",\"width\":1745,\"height\":889},{\"@type\":\"BreadcrumbList\",\"@id\":\"https:\/\/www.welovecycling.com\/pl\/2018\/06\/04\/bartek-huzarski-24-godziny-przed-wyscigiem\/#breadcrumb\",\"itemListElement\":[{\"@type\":\"ListItem\",\"position\":1,\"name\":\"Home\",\"item\":\"https:\/\/www.welovecycling.com\/pl\/\"},{\"@type\":\"ListItem\",\"position\":2,\"name\":\"Bartek Huzarski: 24 godziny przed wy\u015bcigiem\"}]},{\"@type\":\"WebSite\",\"@id\":\"https:\/\/www.welovecycling.com\/pl\/#website\",\"url\":\"https:\/\/www.welovecycling.com\/pl\/\",\"name\":\"\u0160koda We Love Cycling - Poland\",\"description\":\"\",\"potentialAction\":[{\"@type\":\"SearchAction\",\"target\":{\"@type\":\"EntryPoint\",\"urlTemplate\":\"https:\/\/www.welovecycling.com\/pl\/?s={search_term_string}\"},\"query-input\":{\"@type\":\"PropertyValueSpecification\",\"valueRequired\":true,\"valueName\":\"search_term_string\"}}],\"inLanguage\":\"pl-PL\"},{\"@type\":\"Person\",\"@id\":\"https:\/\/www.welovecycling.com\/pl\/#\/schema\/person\/0dba2d39da943db9df3fd8f4687e7f23\",\"name\":\"piotrboczkowski\",\"image\":{\"@type\":\"ImageObject\",\"inLanguage\":\"pl-PL\",\"@id\":\"https:\/\/www.welovecycling.com\/pl\/#\/schema\/person\/image\/\",\"url\":\"https:\/\/secure.gravatar.com\/avatar\/533caccae14752e03a2ce2d3fd62d1b98b93e1393c3195c27819e53344ca1ace?s=96&d=mm&r=g\",\"contentUrl\":\"https:\/\/secure.gravatar.com\/avatar\/533caccae14752e03a2ce2d3fd62d1b98b93e1393c3195c27819e53344ca1ace?s=96&d=mm&r=g\",\"caption\":\"piotrboczkowski\"},\"url\":\"https:\/\/www.welovecycling.com\/pl\/author\/piotrboczkowski\/\"}]}<\/script>\n<!-- \/ Yoast SEO Premium plugin. -->","yoast_head_json":{"title":"Bartek Huzarski: 24 godziny przed wy\u015bcigiem - \u0160koda We Love Cycling - Poland","robots":{"index":"index","follow":"follow","max-snippet":"max-snippet:-1","max-image-preview":"max-image-preview:large","max-video-preview":"max-video-preview:-1"},"canonical":"https:\/\/www.welovecycling.com\/pl\/2018\/06\/04\/bartek-huzarski-24-godziny-przed-wyscigiem\/","og_locale":"pl_PL","og_type":"article","og_title":"Bartek Huzarski: 24 godziny przed wy\u015bcigiem","og_description":"Jak przygotowuje si\u0119 do wy\u015bcigu by\u0142y zawodowy kolarz szosowy. Podpatrujemy dzisiaj co robi Bartek przygotowuj\u0105c si\u0119 do startu, na co [&hellip;]","og_url":"https:\/\/www.welovecycling.com\/pl\/2018\/06\/04\/bartek-huzarski-24-godziny-przed-wyscigiem\/","og_site_name":"\u0160koda We Love Cycling - Poland","article_published_time":"2018-06-04T14:49:46+00:00","og_image":[{"width":1024,"height":522,"url":"https:\/\/d2p6e6u75xmxt8.cloudfront.net\/5\/2018\/06\/Huzarski.PNG-1024x522.png","type":"image\/png"}],"author":"piotrboczkowski","twitter_card":"summary_large_image","twitter_misc":{"Written by":"Bartosz Huzarski"},"schema":{"@context":"https:\/\/schema.org","@graph":[{"@type":"WebPage","@id":"https:\/\/www.welovecycling.com\/pl\/2018\/06\/04\/bartek-huzarski-24-godziny-przed-wyscigiem\/","url":"https:\/\/www.welovecycling.com\/pl\/2018\/06\/04\/bartek-huzarski-24-godziny-przed-wyscigiem\/","name":"Bartek Huzarski: 24 godziny przed wy\u015bcigiem - \u0160koda We Love Cycling - Poland","isPartOf":{"@id":"https:\/\/www.welovecycling.com\/pl\/#website"},"primaryImageOfPage":{"@id":"https:\/\/www.welovecycling.com\/pl\/2018\/06\/04\/bartek-huzarski-24-godziny-przed-wyscigiem\/#primaryimage"},"image":{"@id":"https:\/\/www.welovecycling.com\/pl\/2018\/06\/04\/bartek-huzarski-24-godziny-przed-wyscigiem\/#primaryimage"},"thumbnailUrl":"https:\/\/d2p6e6u75xmxt8.cloudfront.net\/5\/2018\/06\/Huzarski.PNG.png","datePublished":"2018-06-04T14:49:46+00:00","author":{"@id":"https:\/\/www.welovecycling.com\/pl\/#\/schema\/person\/0dba2d39da943db9df3fd8f4687e7f23"},"breadcrumb":{"@id":"https:\/\/www.welovecycling.com\/pl\/2018\/06\/04\/bartek-huzarski-24-godziny-przed-wyscigiem\/#breadcrumb"},"inLanguage":"pl-PL","potentialAction":[{"@type":"ReadAction","target":["https:\/\/www.welovecycling.com\/pl\/2018\/06\/04\/bartek-huzarski-24-godziny-przed-wyscigiem\/"]}]},{"@type":"ImageObject","inLanguage":"pl-PL","@id":"https:\/\/www.welovecycling.com\/pl\/2018\/06\/04\/bartek-huzarski-24-godziny-przed-wyscigiem\/#primaryimage","url":"https:\/\/d2p6e6u75xmxt8.cloudfront.net\/5\/2018\/06\/Huzarski.PNG.png","contentUrl":"https:\/\/d2p6e6u75xmxt8.cloudfront.net\/5\/2018\/06\/Huzarski.PNG.png","width":1745,"height":889},{"@type":"BreadcrumbList","@id":"https:\/\/www.welovecycling.com\/pl\/2018\/06\/04\/bartek-huzarski-24-godziny-przed-wyscigiem\/#breadcrumb","itemListElement":[{"@type":"ListItem","position":1,"name":"Home","item":"https:\/\/www.welovecycling.com\/pl\/"},{"@type":"ListItem","position":2,"name":"Bartek Huzarski: 24 godziny przed wy\u015bcigiem"}]},{"@type":"WebSite","@id":"https:\/\/www.welovecycling.com\/pl\/#website","url":"https:\/\/www.welovecycling.com\/pl\/","name":"\u0160koda We Love Cycling - Poland","description":"","potentialAction":[{"@type":"SearchAction","target":{"@type":"EntryPoint","urlTemplate":"https:\/\/www.welovecycling.com\/pl\/?s={search_term_string}"},"query-input":{"@type":"PropertyValueSpecification","valueRequired":true,"valueName":"search_term_string"}}],"inLanguage":"pl-PL"},{"@type":"Person","@id":"https:\/\/www.welovecycling.com\/pl\/#\/schema\/person\/0dba2d39da943db9df3fd8f4687e7f23","name":"piotrboczkowski","image":{"@type":"ImageObject","inLanguage":"pl-PL","@id":"https:\/\/www.welovecycling.com\/pl\/#\/schema\/person\/image\/","url":"https:\/\/secure.gravatar.com\/avatar\/533caccae14752e03a2ce2d3fd62d1b98b93e1393c3195c27819e53344ca1ace?s=96&d=mm&r=g","contentUrl":"https:\/\/secure.gravatar.com\/avatar\/533caccae14752e03a2ce2d3fd62d1b98b93e1393c3195c27819e53344ca1ace?s=96&d=mm&r=g","caption":"piotrboczkowski"},"url":"https:\/\/www.welovecycling.com\/pl\/author\/piotrboczkowski\/"}]}},"_links":{"self":[{"href":"https:\/\/www.welovecycling.com\/pl\/wp-json\/wp\/v2\/posts\/7121","targetHints":{"allow":["GET"]}}],"collection":[{"href":"https:\/\/www.welovecycling.com\/pl\/wp-json\/wp\/v2\/posts"}],"about":[{"href":"https:\/\/www.welovecycling.com\/pl\/wp-json\/wp\/v2\/types\/post"}],"author":[{"embeddable":true,"href":"https:\/\/www.welovecycling.com\/pl\/wp-json\/wp\/v2\/users\/76"}],"replies":[{"embeddable":true,"href":"https:\/\/www.welovecycling.com\/pl\/wp-json\/wp\/v2\/comments?post=7121"}],"version-history":[{"count":2,"href":"https:\/\/www.welovecycling.com\/pl\/wp-json\/wp\/v2\/posts\/7121\/revisions"}],"predecessor-version":[{"id":7125,"href":"https:\/\/www.welovecycling.com\/pl\/wp-json\/wp\/v2\/posts\/7121\/revisions\/7125"}],"wp:featuredmedia":[{"embeddable":true,"href":"https:\/\/www.welovecycling.com\/pl\/wp-json\/wp\/v2\/media\/7126"}],"wp:attachment":[{"href":"https:\/\/www.welovecycling.com\/pl\/wp-json\/wp\/v2\/media?parent=7121"}],"wp:term":[{"taxonomy":"category","embeddable":true,"href":"https:\/\/www.welovecycling.com\/pl\/wp-json\/wp\/v2\/categories?post=7121"},{"taxonomy":"post_tag","embeddable":true,"href":"https:\/\/www.welovecycling.com\/pl\/wp-json\/wp\/v2\/tags?post=7121"},{"taxonomy":"global-categories","embeddable":true,"href":"https:\/\/www.welovecycling.com\/pl\/wp-json\/wp\/v2\/global-categories?post=7121"}],"curies":[{"name":"wp","href":"https:\/\/api.w.org\/{rel}","templated":true}]}}