{"id":7107,"date":"2018-05-30T14:07:25","date_gmt":"2018-05-30T14:07:25","guid":{"rendered":"https:\/\/www.welovecycling.com\/pl\/?p=7107"},"modified":"2018-05-30T14:07:25","modified_gmt":"2018-05-30T14:07:25","slug":"oto-pierwszy-polak-w-tour-de-france-jego-wyczyn-przetrwal-71-lat","status":"publish","type":"post","link":"https:\/\/www.welovecycling.com\/pl\/2018\/05\/30\/oto-pierwszy-polak-w-tour-de-france-jego-wyczyn-przetrwal-71-lat\/","title":{"rendered":"Oto pierwszy Polak w Tour de France. Jego wyczyn przetrwa\u0142 71 lat!"},"content":{"rendered":"<p>Niedoceniony, zapomniany, a mo\u017ce po prostu osadzony w innej kolarskiej rzeczywisto\u015bci? To jednak on by\u0142 autorem niedo\u015bcignionego przez ponad 70 lat sukcesu polskiego kolarstwa, tymczasem dzi\u015b w Wikipedii s\u0105 o nim\u2026 raptem dwa zdania. <strong>Poznajcie Edwarda Klabi\u0144skiego<\/strong>, pierwszego Polaka w Tour de France i pierwszego zwyci\u0119zc\u0119 presti\u017cowego Criterium du Dauphine.<\/p>\n<p>Czes\u0142awa Langa znaj\u0105 nawet ci, kt\u00f3rzy na rowerze nie je\u017cd\u017c\u0105. Za Zenona Jasku\u0142\u0119 i Lecha Piaseckiego kciuki trzyma\u0142o p\u00f3\u0142 kraju, a Ryszard Szurkowski obsypa\u0142 medalami polskie kolarstwo. Edward Klabi\u0144ski to oczywi\u015bcie inne czasy, ale te\u017c pocz\u0105tki naszego zawodowego kolarstwa. Pocz\u0105tki, o kt\u00f3rych nie mo\u017cna zapomnie\u0107.<\/p>\n<p><strong>Rodzina kolarskich maniak\u00f3w<\/strong><\/p>\n<p>Musia\u0142y min\u0105\u0107 44 lata i 34 edycje, by na starcie Tour de France w ko\u0144cu stan\u0105\u0142 Polak. W 1947 r. Klabi\u0144ski mieszka\u0142 ju\u017c we Francji, ale nie mia\u0142 tamtejszego paszportu. Na jego polskie pochodzenie wskazywa\u0142o trudne do wym\u00f3wienia nazwisko, ale ju\u017c nie miejsce urodzenia.<\/p>\n<p>Na \u015bwiat przyszed\u0142 w Herne, mie\u015bcie na zachodzie Niemiec, w rodzinie polskich emigrant\u00f3w. Urodzi\u0142 si\u0119 w 1920 r. i by\u0142 najstarszym z rodze\u0144stwa, kt\u00f3re maniakalnie uprawia\u0142o kolarstwo. Bracia W\u0142adys\u0142aw, Bronis\u0142aw i Feliks osi\u0105gn\u0119li mniej ni\u017c Edward, ale nie ci\u0105gn\u0119li si\u0119 w ogonie \u015bwiatowego peletonu.<\/p>\n<p>O Edwardzie m\u00f3wi\u0142a ca\u0142a \u015bmietanka zachodniego kolarstwa. W 1947 r. pojecha\u0142 w Tour de France w barwach zespo\u0142u o nazwie \u201eHolandia\/Cudzoziemcy\u201d, kt\u00f3ry sk\u0142ada\u0142 si\u0119 z kolarzy holenderskich oraz zagranicznych zawodnik\u00f3w mieszkaj\u0105cych we Francji. Miejscem w klasyfikacji generalnej Klabi\u0144ski mo\u017ce nie rzuci\u0142 kolarskiego \u015bwiata na kolana (ostatecznie by\u0142 34.), ale na etapach potrafi\u0142 zab\u0142ysn\u0105\u0107. By\u0142 drugi podczas jazdy indywidualnej na czas, ten wynik powt\u00f3rzy\u0142 te\u017c na 20. etapie. Z kolei dwa dni wcze\u015bniej uplasowa\u0142 si\u0119 tu\u017c za podium, na czwartym miejscu.<\/p>\n<p>To wielkie osi\u0105gni\u0119cie, bo je\u015bli wzi\u0105\u0107 pod uwag\u0119 miejsca Polak\u00f3w w pierwszej dziesi\u0105tce etap\u00f3w w historii Tour de France, to od Klabi\u0144skiego lepsi s\u0105 tylko Micha\u0142 Kwiatkowski, Zenon Jasku\u0142a i Rafa\u0142 Majka.<\/p>\n<p>G\u0142o\u015bno o nazwisku Klabi\u0144ski zrobi\u0142o si\u0119 jednak troch\u0119 wcze\u015bniej, gdy Edward wygra\u0142 Criterium du Dauphine. W\u00f3wczas by\u0142 to raczkuj\u0105cy wy\u015bcig, ale dzi\u015b to jedna z ostatnich pr\u00f3b generalnych przed Tour de France. Gdy Klabi\u0144ski stawa\u0142 na najwy\u017cszym stopniu podium, pewnie nie zdawa\u0142 sobie sprawy, \u017ce jego osi\u0105gni\u0119cie b\u0119dzie poza zasi\u0119giem Polak\u00f3w przez 71 lat!<\/p>\n<p>Po nim \u017caden z rodak\u00f3w nie by\u0142 bowiem w stanie wygra\u0107 wielodniowego wy\u015bcigu z cyklu UCI World Tour, nie wliczaj\u0105c Tour de Pologne! Zrobi\u0142 to dopiero w marcu tego roku Micha\u0142 Kwiatkowski, kt\u00f3ry by\u0142 pierwszy w wy\u015bcigu Tirreno-Adriatico.<\/p>\n<p><strong>Trzech Polak\u00f3w w sprawdzianie generalnym<\/strong><\/p>\n<p>Kwiatkowski pojedzie tak\u017ce w tegorocznym Criterium du Dauphine, kt\u00f3ry startuje ju\u017c w niedziel\u0119. Polak rozbudzi\u0142 apetyty, cho\u0107 tym razem jego g\u0142\u00f3wnym zadaniem b\u0119dzie pomaganie Christopherowi Froome\u2019owi, liderowi ich zespo\u0142u \u2013 Team Sky. \u201eKwiato\u201d wyczynu Klabi\u0144skiego, wi\u0119c raczej nie powt\u00f3rzy, ale mo\u017ce powalczy\u0107 na etapach. Zadanie b\u0119dzie jednak niesamowicie trudne, bo \u2013 jak na sprawdzian generalny przed Tour de France przysta\u0142o \u2013 w Criterium du Dauphine pojad\u0105 g\u0142\u00f3wni faworyci Wielkiej P\u0119tli, m.in. Froome (wygrywa\u0142 ten wy\u015bcig trzykrotnie), Romain Bardet (AG2R La Mondiale) czy Vincenzo Nibali (Bahrain \u2013 Merida).<\/p>\n<p>Z Polak\u00f3w, opr\u00f3cz Kwiatkowskiego, na starcie maj\u0105 stan\u0105\u0107 jeszcze Przemys\u0142aw Niemiec (UAE Team Emirates) i Tomasz Marczy\u0144ski (Lotto Soudal).<\/p>\n<p>Criterium du Dauphine ko\u0144czy si\u0119 w przysz\u0142\u0105 niedziel\u0119, 10 czerwca, czyli cztery tygodnie przed startem tegorocznej Wielkiej P\u0119tli!<\/p>\n","protected":false},"excerpt":{"rendered":"<p>Niedoceniony, zapomniany, a mo\u017ce po prostu osadzony w innej kolarskiej rzeczywisto\u015bci? To jednak on by\u0142 autorem niedo\u015bcignionego przez ponad 70 [&hellip;]<\/p>\n","protected":false},"author":76,"featured_media":7109,"comment_status":"open","ping_status":"open","sticky":false,"template":"","format":"standard","meta":{"footnotes":""},"categories":[226,1],"tags":[41,251,77,82],"global-categories":[],"class_list":["post-7107","post","type-post","status-publish","format-standard","has-post-thumbnail","hentry","category-ciekawostki","category-uncategorized","tag-cycling","tag-edward-klabinski","tag-tour-de-france","tag-welovecycling"],"yoast_head":"<!-- This site is optimized with the Yoast SEO Premium plugin v25.3 (Yoast SEO v25.9) - https:\/\/yoast.com\/wordpress\/plugins\/seo\/ -->\n<title>Oto pierwszy Polak w Tour de France. Jego wyczyn przetrwa\u0142 71 lat! - \u0160koda We Love Cycling - Poland<\/title>\n<meta name=\"robots\" content=\"index, follow, max-snippet:-1, max-image-preview:large, max-video-preview:-1\" \/>\n<link rel=\"canonical\" href=\"https:\/\/www.welovecycling.com\/pl\/2018\/05\/30\/oto-pierwszy-polak-w-tour-de-france-jego-wyczyn-przetrwal-71-lat\/\" \/>\n<meta property=\"og:locale\" content=\"pl_PL\" \/>\n<meta property=\"og:type\" content=\"article\" \/>\n<meta property=\"og:title\" content=\"Oto pierwszy Polak w Tour de France. Jego wyczyn przetrwa\u0142 71 lat!\" \/>\n<meta property=\"og:description\" content=\"Niedoceniony, zapomniany, a mo\u017ce po prostu osadzony w innej kolarskiej rzeczywisto\u015bci? To jednak on by\u0142 autorem niedo\u015bcignionego przez ponad 70 [&hellip;]\" \/>\n<meta property=\"og:url\" content=\"https:\/\/www.welovecycling.com\/pl\/2018\/05\/30\/oto-pierwszy-polak-w-tour-de-france-jego-wyczyn-przetrwal-71-lat\/\" \/>\n<meta property=\"og:site_name\" content=\"\u0160koda We Love Cycling - Poland\" \/>\n<meta property=\"article:published_time\" content=\"2018-05-30T14:07:25+00:00\" \/>\n<meta property=\"og:image\" content=\"https:\/\/d2p6e6u75xmxt8.cloudfront.net\/5\/2018\/05\/Kielbin-1024x485.jpg\" \/>\n\t<meta property=\"og:image:width\" content=\"1024\" \/>\n\t<meta property=\"og:image:height\" content=\"485\" \/>\n\t<meta property=\"og:image:type\" content=\"image\/jpeg\" \/>\n<meta name=\"author\" content=\"piotrboczkowski\" \/>\n<meta name=\"twitter:card\" content=\"summary_large_image\" \/>\n<meta name=\"twitter:label1\" content=\"Written by\" \/>\n\t<meta name=\"twitter:data1\" content=\"piotrboczkowski\" \/>\n\t<meta name=\"twitter:label2\" content=\"Est. reading time\" \/>\n\t<meta name=\"twitter:data2\" content=\"3 minutes\" \/>\n<script type=\"application\/ld+json\" class=\"yoast-schema-graph\">{\"@context\":\"https:\/\/schema.org\",\"@graph\":[{\"@type\":\"WebPage\",\"@id\":\"https:\/\/www.welovecycling.com\/pl\/2018\/05\/30\/oto-pierwszy-polak-w-tour-de-france-jego-wyczyn-przetrwal-71-lat\/\",\"url\":\"https:\/\/www.welovecycling.com\/pl\/2018\/05\/30\/oto-pierwszy-polak-w-tour-de-france-jego-wyczyn-przetrwal-71-lat\/\",\"name\":\"Oto pierwszy Polak w Tour de France. Jego wyczyn przetrwa\u0142 71 lat! - \u0160koda We Love Cycling - Poland\",\"isPartOf\":{\"@id\":\"https:\/\/www.welovecycling.com\/pl\/#website\"},\"primaryImageOfPage\":{\"@id\":\"https:\/\/www.welovecycling.com\/pl\/2018\/05\/30\/oto-pierwszy-polak-w-tour-de-france-jego-wyczyn-przetrwal-71-lat\/#primaryimage\"},\"image\":{\"@id\":\"https:\/\/www.welovecycling.com\/pl\/2018\/05\/30\/oto-pierwszy-polak-w-tour-de-france-jego-wyczyn-przetrwal-71-lat\/#primaryimage\"},\"thumbnailUrl\":\"https:\/\/d2p6e6u75xmxt8.cloudfront.net\/5\/2018\/05\/Kielbin.jpg\",\"datePublished\":\"2018-05-30T14:07:25+00:00\",\"author\":{\"@id\":\"https:\/\/www.welovecycling.com\/pl\/#\/schema\/person\/0dba2d39da943db9df3fd8f4687e7f23\"},\"breadcrumb\":{\"@id\":\"https:\/\/www.welovecycling.com\/pl\/2018\/05\/30\/oto-pierwszy-polak-w-tour-de-france-jego-wyczyn-przetrwal-71-lat\/#breadcrumb\"},\"inLanguage\":\"pl-PL\",\"potentialAction\":[{\"@type\":\"ReadAction\",\"target\":[\"https:\/\/www.welovecycling.com\/pl\/2018\/05\/30\/oto-pierwszy-polak-w-tour-de-france-jego-wyczyn-przetrwal-71-lat\/\"]}]},{\"@type\":\"ImageObject\",\"inLanguage\":\"pl-PL\",\"@id\":\"https:\/\/www.welovecycling.com\/pl\/2018\/05\/30\/oto-pierwszy-polak-w-tour-de-france-jego-wyczyn-przetrwal-71-lat\/#primaryimage\",\"url\":\"https:\/\/d2p6e6u75xmxt8.cloudfront.net\/5\/2018\/05\/Kielbin.jpg\",\"contentUrl\":\"https:\/\/d2p6e6u75xmxt8.cloudfront.net\/5\/2018\/05\/Kielbin.jpg\",\"width\":4495,\"height\":2127},{\"@type\":\"BreadcrumbList\",\"@id\":\"https:\/\/www.welovecycling.com\/pl\/2018\/05\/30\/oto-pierwszy-polak-w-tour-de-france-jego-wyczyn-przetrwal-71-lat\/#breadcrumb\",\"itemListElement\":[{\"@type\":\"ListItem\",\"position\":1,\"name\":\"Home\",\"item\":\"https:\/\/www.welovecycling.com\/pl\/\"},{\"@type\":\"ListItem\",\"position\":2,\"name\":\"Oto pierwszy Polak w Tour de France. Jego wyczyn przetrwa\u0142 71 lat!\"}]},{\"@type\":\"WebSite\",\"@id\":\"https:\/\/www.welovecycling.com\/pl\/#website\",\"url\":\"https:\/\/www.welovecycling.com\/pl\/\",\"name\":\"\u0160koda We Love Cycling - Poland\",\"description\":\"\",\"potentialAction\":[{\"@type\":\"SearchAction\",\"target\":{\"@type\":\"EntryPoint\",\"urlTemplate\":\"https:\/\/www.welovecycling.com\/pl\/?s={search_term_string}\"},\"query-input\":{\"@type\":\"PropertyValueSpecification\",\"valueRequired\":true,\"valueName\":\"search_term_string\"}}],\"inLanguage\":\"pl-PL\"},{\"@type\":\"Person\",\"@id\":\"https:\/\/www.welovecycling.com\/pl\/#\/schema\/person\/0dba2d39da943db9df3fd8f4687e7f23\",\"name\":\"piotrboczkowski\",\"image\":{\"@type\":\"ImageObject\",\"inLanguage\":\"pl-PL\",\"@id\":\"https:\/\/www.welovecycling.com\/pl\/#\/schema\/person\/image\/\",\"url\":\"https:\/\/secure.gravatar.com\/avatar\/533caccae14752e03a2ce2d3fd62d1b98b93e1393c3195c27819e53344ca1ace?s=96&d=mm&r=g\",\"contentUrl\":\"https:\/\/secure.gravatar.com\/avatar\/533caccae14752e03a2ce2d3fd62d1b98b93e1393c3195c27819e53344ca1ace?s=96&d=mm&r=g\",\"caption\":\"piotrboczkowski\"},\"url\":\"https:\/\/www.welovecycling.com\/pl\/author\/piotrboczkowski\/\"}]}<\/script>\n<!-- \/ Yoast SEO Premium plugin. -->","yoast_head_json":{"title":"Oto pierwszy Polak w Tour de France. Jego wyczyn przetrwa\u0142 71 lat! - \u0160koda We Love Cycling - Poland","robots":{"index":"index","follow":"follow","max-snippet":"max-snippet:-1","max-image-preview":"max-image-preview:large","max-video-preview":"max-video-preview:-1"},"canonical":"https:\/\/www.welovecycling.com\/pl\/2018\/05\/30\/oto-pierwszy-polak-w-tour-de-france-jego-wyczyn-przetrwal-71-lat\/","og_locale":"pl_PL","og_type":"article","og_title":"Oto pierwszy Polak w Tour de France. Jego wyczyn przetrwa\u0142 71 lat!","og_description":"Niedoceniony, zapomniany, a mo\u017ce po prostu osadzony w innej kolarskiej rzeczywisto\u015bci? To jednak on by\u0142 autorem niedo\u015bcignionego przez ponad 70 [&hellip;]","og_url":"https:\/\/www.welovecycling.com\/pl\/2018\/05\/30\/oto-pierwszy-polak-w-tour-de-france-jego-wyczyn-przetrwal-71-lat\/","og_site_name":"\u0160koda We Love Cycling - Poland","article_published_time":"2018-05-30T14:07:25+00:00","og_image":[{"width":1024,"height":485,"url":"https:\/\/d2p6e6u75xmxt8.cloudfront.net\/5\/2018\/05\/Kielbin-1024x485.jpg","type":"image\/jpeg"}],"author":"piotrboczkowski","twitter_card":"summary_large_image","twitter_misc":{"Written by":"piotrboczkowski","Est. reading time":"3 minutes"},"schema":{"@context":"https:\/\/schema.org","@graph":[{"@type":"WebPage","@id":"https:\/\/www.welovecycling.com\/pl\/2018\/05\/30\/oto-pierwszy-polak-w-tour-de-france-jego-wyczyn-przetrwal-71-lat\/","url":"https:\/\/www.welovecycling.com\/pl\/2018\/05\/30\/oto-pierwszy-polak-w-tour-de-france-jego-wyczyn-przetrwal-71-lat\/","name":"Oto pierwszy Polak w Tour de France. Jego wyczyn przetrwa\u0142 71 lat! - \u0160koda We Love Cycling - Poland","isPartOf":{"@id":"https:\/\/www.welovecycling.com\/pl\/#website"},"primaryImageOfPage":{"@id":"https:\/\/www.welovecycling.com\/pl\/2018\/05\/30\/oto-pierwszy-polak-w-tour-de-france-jego-wyczyn-przetrwal-71-lat\/#primaryimage"},"image":{"@id":"https:\/\/www.welovecycling.com\/pl\/2018\/05\/30\/oto-pierwszy-polak-w-tour-de-france-jego-wyczyn-przetrwal-71-lat\/#primaryimage"},"thumbnailUrl":"https:\/\/d2p6e6u75xmxt8.cloudfront.net\/5\/2018\/05\/Kielbin.jpg","datePublished":"2018-05-30T14:07:25+00:00","author":{"@id":"https:\/\/www.welovecycling.com\/pl\/#\/schema\/person\/0dba2d39da943db9df3fd8f4687e7f23"},"breadcrumb":{"@id":"https:\/\/www.welovecycling.com\/pl\/2018\/05\/30\/oto-pierwszy-polak-w-tour-de-france-jego-wyczyn-przetrwal-71-lat\/#breadcrumb"},"inLanguage":"pl-PL","potentialAction":[{"@type":"ReadAction","target":["https:\/\/www.welovecycling.com\/pl\/2018\/05\/30\/oto-pierwszy-polak-w-tour-de-france-jego-wyczyn-przetrwal-71-lat\/"]}]},{"@type":"ImageObject","inLanguage":"pl-PL","@id":"https:\/\/www.welovecycling.com\/pl\/2018\/05\/30\/oto-pierwszy-polak-w-tour-de-france-jego-wyczyn-przetrwal-71-lat\/#primaryimage","url":"https:\/\/d2p6e6u75xmxt8.cloudfront.net\/5\/2018\/05\/Kielbin.jpg","contentUrl":"https:\/\/d2p6e6u75xmxt8.cloudfront.net\/5\/2018\/05\/Kielbin.jpg","width":4495,"height":2127},{"@type":"BreadcrumbList","@id":"https:\/\/www.welovecycling.com\/pl\/2018\/05\/30\/oto-pierwszy-polak-w-tour-de-france-jego-wyczyn-przetrwal-71-lat\/#breadcrumb","itemListElement":[{"@type":"ListItem","position":1,"name":"Home","item":"https:\/\/www.welovecycling.com\/pl\/"},{"@type":"ListItem","position":2,"name":"Oto pierwszy Polak w Tour de France. Jego wyczyn przetrwa\u0142 71 lat!"}]},{"@type":"WebSite","@id":"https:\/\/www.welovecycling.com\/pl\/#website","url":"https:\/\/www.welovecycling.com\/pl\/","name":"\u0160koda We Love Cycling - Poland","description":"","potentialAction":[{"@type":"SearchAction","target":{"@type":"EntryPoint","urlTemplate":"https:\/\/www.welovecycling.com\/pl\/?s={search_term_string}"},"query-input":{"@type":"PropertyValueSpecification","valueRequired":true,"valueName":"search_term_string"}}],"inLanguage":"pl-PL"},{"@type":"Person","@id":"https:\/\/www.welovecycling.com\/pl\/#\/schema\/person\/0dba2d39da943db9df3fd8f4687e7f23","name":"piotrboczkowski","image":{"@type":"ImageObject","inLanguage":"pl-PL","@id":"https:\/\/www.welovecycling.com\/pl\/#\/schema\/person\/image\/","url":"https:\/\/secure.gravatar.com\/avatar\/533caccae14752e03a2ce2d3fd62d1b98b93e1393c3195c27819e53344ca1ace?s=96&d=mm&r=g","contentUrl":"https:\/\/secure.gravatar.com\/avatar\/533caccae14752e03a2ce2d3fd62d1b98b93e1393c3195c27819e53344ca1ace?s=96&d=mm&r=g","caption":"piotrboczkowski"},"url":"https:\/\/www.welovecycling.com\/pl\/author\/piotrboczkowski\/"}]}},"_links":{"self":[{"href":"https:\/\/www.welovecycling.com\/pl\/wp-json\/wp\/v2\/posts\/7107","targetHints":{"allow":["GET"]}}],"collection":[{"href":"https:\/\/www.welovecycling.com\/pl\/wp-json\/wp\/v2\/posts"}],"about":[{"href":"https:\/\/www.welovecycling.com\/pl\/wp-json\/wp\/v2\/types\/post"}],"author":[{"embeddable":true,"href":"https:\/\/www.welovecycling.com\/pl\/wp-json\/wp\/v2\/users\/76"}],"replies":[{"embeddable":true,"href":"https:\/\/www.welovecycling.com\/pl\/wp-json\/wp\/v2\/comments?post=7107"}],"version-history":[{"count":1,"href":"https:\/\/www.welovecycling.com\/pl\/wp-json\/wp\/v2\/posts\/7107\/revisions"}],"predecessor-version":[{"id":7108,"href":"https:\/\/www.welovecycling.com\/pl\/wp-json\/wp\/v2\/posts\/7107\/revisions\/7108"}],"wp:featuredmedia":[{"embeddable":true,"href":"https:\/\/www.welovecycling.com\/pl\/wp-json\/wp\/v2\/media\/7109"}],"wp:attachment":[{"href":"https:\/\/www.welovecycling.com\/pl\/wp-json\/wp\/v2\/media?parent=7107"}],"wp:term":[{"taxonomy":"category","embeddable":true,"href":"https:\/\/www.welovecycling.com\/pl\/wp-json\/wp\/v2\/categories?post=7107"},{"taxonomy":"post_tag","embeddable":true,"href":"https:\/\/www.welovecycling.com\/pl\/wp-json\/wp\/v2\/tags?post=7107"},{"taxonomy":"global-categories","embeddable":true,"href":"https:\/\/www.welovecycling.com\/pl\/wp-json\/wp\/v2\/global-categories?post=7107"}],"curies":[{"name":"wp","href":"https:\/\/api.w.org\/{rel}","templated":true}]}}