{"id":7095,"date":"2018-05-25T14:01:54","date_gmt":"2018-05-25T14:01:54","guid":{"rendered":"https:\/\/www.welovecycling.com\/pl\/?p=7095"},"modified":"2018-05-25T14:01:54","modified_gmt":"2018-05-25T14:01:54","slug":"wielka-rowerowa-rewolucja-w-polsce-to-fenomen","status":"publish","type":"post","link":"https:\/\/www.welovecycling.com\/pl\/2018\/05\/25\/wielka-rowerowa-rewolucja-w-polsce-to-fenomen\/","title":{"rendered":"Wielka rowerowa rewolucja w Polsce. \u201eTo fenomen\u201d"},"content":{"rendered":"<p>\u2013 Dzi\u015b nie robi si\u0119 chodnika tylko dla pieszych, ale buduje si\u0119 ci\u0105gi pieszo-rowerowe, kt\u00f3re prowadz\u0105 do dworc\u00f3w, sk\u0105d mo\u017cna poci\u0105giem pojecha\u0107 poza miasto. Rowerami je\u017adzimy do pracy, do szko\u0142y, na wypoczynek. Tym bardziej \u017ce w zat\u0142oczonym mie\u015bcie to cz\u0119sto szybszy \u015brodek transportu ni\u017c samoch\u00f3d. Og\u00f3lnie: zrobili\u015bmy wielki post\u0119p! \u2013 m\u00f3wi w specjalnym wywiadzie dla We Love Cycling Jolanta \u015aledzi\u0144ska, sekretarz zarz\u0105du g\u0142\u00f3wnego PTTK ds. promocji i zapalona rowerzystka.<\/p>\n<p>Rozmawiamy r\u00f3wnie\u017c o najlepszych miejscach na rowerowy wypad, przygotowaniach, sprz\u0119cie i bezpiecze\u0144stwie, a na ko\u0144cu znajdziecie odsy\u0142acz do propozycji setek tras na wycieczk\u0119 rowerow\u0105. Zapraszamy!<\/p>\n<p><strong>Przed nami kolejny d\u0142ugi weekend. Gdyby na prze\u0142omie maja i czerwca mog\u0142a si\u0119 pani teleportowa\u0107 gdzie\u015b z rowerem, to by\u0142oby to\u2026<\/strong><\/p>\n<p>\u2013 Roztocze \u015arodkowe. Kilka lat temu pojecha\u0142am sprawdzi\u0107, jak wygl\u0105da Szlak Green Velo, i pozna\u0142am gmin\u0119 J\u00f3zef\u00f3w. Mieszkaj\u0105 tam ludzie pozytywnie zakr\u0119ceni pod k\u0105tem rower\u00f3w i w\u0142a\u015bnie z nimi wybra\u0142abym si\u0119, by pokazali mi najciekawsze miejsca w okolicy. Mo\u017cna pojecha\u0107 przez Roztocza\u0144ski Park Narodowy, odwiedzi\u0107 koniki polskie, zobaczy\u0107, jak wygl\u0105da dawna le\u015bnicz\u00f3wka, napi\u0107 si\u0119 wody z prawdziwej studni. Trasy s\u0105 fajnie wytyczone, cz\u0119\u015b\u0107 z nich wiedzie przez lasy, wi\u0119c s\u0105 bardzo bezpieczne i mog\u0142abym np. je\u017adzi\u0107 tam z wnukami. Przepi\u0119kna przyroda, cisza, spok\u00f3j, nie ma t\u0142um\u00f3w. Idealne miejsce na rowerowy d\u0142ugi weekend.<\/p>\n<p><strong>Na co jeszcze zwraca pani uwag\u0119 podczas poszukiwania tras?<\/strong><\/p>\n<p>\u2013 Przede wszystkim sprawdzam, czy s\u0105 bezpieczne, bo niekt\u00f3re niestety wiod\u0105 wzd\u0142u\u017c dr\u00f3g szybkiego ruchu. Na trasie musz\u0105 by\u0107 te\u017c miejsca do odpoczynku, gdzie mo\u017cna usi\u0105\u015b\u0107, zje\u015b\u0107 kanapk\u0119, ale te\u017c postawi\u0107 rower na stojaku. To wa\u017cne, przecie\u017c nie b\u0119dziemy naszego sprz\u0119tu rzucali na ziemi\u0119. Cz\u0119sto on troch\u0119 kosztuje, wi\u0119c o niego dbamy. Zwracam r\u00f3wnie\u017c uwag\u0119, \u017ceby w okolicy by\u0142o co\u015b do zobaczenia, bo taka jest natura ludzi dzia\u0142aj\u0105cych w PTTK. Jak gdzie\u015b jedziemy, to nie po to, \u017ceby nabija\u0107 kilometry, ale co\u015b zwiedzi\u0107. W\u00f3wczas mo\u017cna te\u017c zaplanowa\u0107 atrakcje dla dzieci, co zach\u0119ci je do aktywnego wypoczynku.<\/p>\n<p>Wa\u017cna jest r\u00f3wnie\u017c baza noclegowa, by mo\u017cna by\u0142o schowa\u0107 rowery. Mo\u017ce to by\u0107 schronisko m\u0142odzie\u017cowe, byle by\u0142o czyste, mia\u0142o dost\u0119p do prysznica i miejsce na rowery.<\/p>\n<p><strong>A co z kr\u00f3tkimi wypadami poza miasto? <\/strong><\/p>\n<p>\u2013 Cz\u0119sto zdarza si\u0119, \u017ce kto\u015b ko\u0144czy prac\u0119 i chce gdzie\u015b na chwil\u0119 pojecha\u0107. Dlatego zwracamy uwag\u0119, \u017ceby miejskie \u015bcie\u017cki rowerowe prowadzi\u0142y poza miasto, gdzie cz\u0119sto s\u0105 ju\u017c wytyczone szlaki rowerowe. Dzi\u0119ki temu mamy kilkugodzinny bezpieczny relaks. Miast, kt\u00f3re o tym pomy\u015bla\u0142y, jest ju\u017c w Polsce wiele, a \u015bcie\u017cki prowadz\u0105 np. wzd\u0142u\u017c rzeki czy po parku. Niekoniecznie musimy je\u017adzi\u0107 wzd\u0142u\u017c ulicy i patrze\u0107 na bloki. Np. w Bia\u0142ymstoku bezkolizyjne ci\u0105gi \u015bcie\u017cek prowadz\u0105 nas do lasu, kt\u00f3rym doje\u017cd\u017camy do Supra\u015bla, a tam jest ju\u017c zupe\u0142nie inny \u015bwiat: woda, przyroda, pi\u0119kne zabytki.<\/p>\n<p>W 2012 roku wystartowali\u015bmy z konkursem \u201eGmina przyjazna rowerom\u201d i w\u00f3wczas w wielu miejscowo\u015bciach zdziwienie budzili ludzie je\u017cd\u017c\u0105cy na rowerach. Tymczasem dzi\u015b wiele si\u0119 pozmienia\u0142o, np. w wielu miejscach montowane s\u0105 stojaki i nie s\u0105 to ju\u017c tzw. wyrwik\u00f3\u0142ka, tylko porz\u0105dnie przygotowane miejsca. Co wi\u0119cej, nawet na osiedlach powstaj\u0105 ju\u017c zadaszone stojaki! Do niedawna w miastach nie by\u0142o te\u017c myjni i punkt\u00f3w naprawy rower\u00f3w, a dzi\u015b s\u0105\u2026 Naprawd\u0119 zrobili\u015bmy ogromny post\u0119p, je\u015bli chodzi o sprz\u0119t i ca\u0142\u0105 infrastruktur\u0119.<\/p>\n<p><strong>Dzi\u0119ki temu Polacy coraz ch\u0119tniej je\u017cd\u017c\u0105?<\/strong><\/p>\n<p>\u2013 Szlak\u00f3w rowerowych jest coraz wi\u0119cej, a one powstaj\u0105 wtedy, gdy jest na nie zapotrzebowanie. Dzi\u015b nie robi si\u0119 chodnika tylko dla pieszych, ale buduje si\u0119 ci\u0105gi pieszo-rowerowe, kt\u00f3re prowadz\u0105 do dworc\u00f3w, sk\u0105d mo\u017cna poci\u0105giem pojecha\u0107 poza miasto. Rowerami je\u017adzimy do pracy, do szko\u0142y, na wypoczynek. Tym bardziej \u017ce w zat\u0142oczonym mie\u015bcie to cz\u0119sto szybszy \u015brodek transportu ni\u017c samoch\u00f3d. Og\u00f3lnie: zrobili\u015bmy wielki post\u0119p!<\/p>\n<p><strong>W jakim wieku s\u0105 uczestnicy organizowanych przez pani\u0105 wycieczek?<\/strong><\/p>\n<p>\u2013 Ciesz\u0119 si\u0119, \u017ce w Polsce mamy przepisy, kt\u00f3re pozwalaj\u0105 je\u017adzi\u0107 z przyczepkami rowerowymi, bo mamy takie trasy i drogi, na kt\u00f3rych mo\u017cna z nich bezpiecznie korzysta\u0107. Dzi\u0119ki temu w rowerowej rodzinie \u015bwiat nie ko\u0144czy si\u0119 wraz z narodzinami dziecka, bo rodzice wk\u0142adaj\u0105 male\u0144stwo do przyczepki i je\u017cd\u017c\u0105. Z nami je\u017adzi\u0142y ju\u017c kilkumiesi\u0119czne dzieci, z kolei nasz najstarszy uczestnik mia\u0142 ok. 80 lat. Takich ludzi na rajdach organizowanych przez PTTK mo\u017cna spotka\u0107 wielu, bo dzi\u015b aktywno\u015b\u0107 os\u00f3b 60+ nie jest czym\u015b dziwnym.<\/p>\n<p>Jako nar\u00f3d jeste\u015bmy coraz bardziej aktywni fizycznie. Moja mama ma prawie 80 lat i nie wyobra\u017ca sobie, \u017ceby na niedalekich trasach korzysta\u0107 z innych \u015brodk\u00f3w lokomocji ni\u017c rower. Wsiada i jedzie, bo tak jest wygodniej i korzystniej dla zdrowia.<\/p>\n<p><strong>A co, je\u015bli chodzi o sprz\u0119t? Pod tym wzgl\u0119dem Polacy te\u017c robi\u0105 post\u0119py?<\/strong><\/p>\n<p>\u2013 Kiedy\u015b wystarcza\u0142 nam tzw. sk\u0142adak, bo nic innego nie by\u0142o. A dzi\u015b mamy wyb\u00f3r i je\u015bli kto\u015b du\u017co je\u017adzi, to zdarza si\u0119, \u017ce jego rower jest wart tyle, co samoch\u00f3d. Na og\u00f3\u0142 jednak je\u017adzimy na sprz\u0119cie ze \u015bredniej p\u00f3\u0142ki. Na pewno nie inwestujemy du\u017co w rowery dla dzieci, poniewa\u017c maluchy szybko rosn\u0105. Rodzice nie kupuj\u0105 jednak te\u017c najta\u0144szych, bo wiedz\u0105, \u017ce dobry sprz\u0119t to bezpiecze\u0144stwo. Coraz cz\u0119\u015bciej zdarza si\u0119, \u017ce nawet w wypo\u017cyczalniach s\u0105 bardzo przyzwoite rowery. Jakie\u015b trzy lata temu w Kruszwicy wypo\u017cyczyli\u015bmy sprz\u0119t, by zrobi\u0107 wycieczk\u0119 wok\u00f3\u0142 jeziora Gop\u0142o, i okaza\u0142o si\u0119, \u017ce dostarczono nam \u015bwietne holenderskie rowery. Byli\u015bmy pod wra\u017ceniem, \u017ce w tak niedu\u017cym miasteczku wypo\u017cyczalnia mo\u017ce by\u0107 tak dobrze wyposa\u017cona. A kiedy\u015b na wypo\u017cyczony sprz\u0119t strach by\u0142o wsiada\u0107\u2026<\/p>\n<p><strong>Jak\u0105 d\u0142ugo\u015b\u0107 trasy zak\u0142adacie podczas planowania wycieczki?<\/strong><\/p>\n<p>\u2013 To zale\u017cy od wieku dzieci. Je\u015bli jad\u0105 z nami 5-latki, to uk\u0142adamy wypraw\u0119 w taki spos\u00f3b, \u017ce w jedn\u0105 stron\u0119 jedziemy rowerami, a z powrotem p\u0142yniemy kajakami. W\u00f3wczas to jest ok. 20 kilometr\u00f3w. Gdy jednak dzieci s\u0105 starsze, to trasa jest dwa razy d\u0142u\u017csza. Staramy si\u0119 jednak nie jecha\u0107 wi\u0119cej ni\u017c 40 km, poniewa\u017c po drodze chcemy co\u015b zobaczy\u0107. To turystyka rowerowa, nie kolarstwo.<\/p>\n<p><strong>Jakie b\u0142\u0119dy pope\u0142niaj\u0105 najcz\u0119\u015bciej Polacy podczas planowania wycieczki rowerowej?<\/strong><\/p>\n<p>\u2013 Ja nie poprowadz\u0119 wycieczki, je\u015bli wszyscy nie b\u0119d\u0105 mieli kask\u00f3w. Zwracamy te\u017c uwag\u0119, by ca\u0142a grupa mia\u0142a kamizelki odblaskowe. Do tego ustalamy, kto jedzie pierwszy, kto w \u015brodku, a kto ostatni. Grupy licz\u0105 do 20 os\u00f3b, bo nad tak\u0105 liczb\u0105 da si\u0119 zapanowa\u0107. Bezpiecze\u0144stwo to priorytet. Zawsze musimy mie\u0107 te\u017c ze sob\u0105 co\u015b do picia i jedzenia oraz sprz\u0119t naprawczy do roweru i apteczk\u0119.<\/p>\n<p><strong>By propagowa\u0107 jazd\u0119, PTTK zapocz\u0105tkowa\u0142o akcj\u0119 \u201eGmina przyjazna rowerzystom\u201d.<\/strong><\/p>\n<p>\u2013 Pomy\u015bleli\u015bmy, \u017ce wiele zmienia si\u0119 w gminach pod k\u0105tem turystyki rowerowej, wi\u0119c warto by\u0142oby je zauwa\u017cy\u0107. Gmina mo\u017ce uzyska\u0107 wyr\u00f3\u017cnienie lub certyfikat w r\u00f3\u017cnych kategoriach, w zale\u017cno\u015bci od wielko\u015bci obszaru. Bierzemy pod uwag\u0119 drogi, \u015bcie\u017cki i szlaki rowerowe \u2013 nie tylko ich budow\u0119, ale tak\u017ce utrzymanie, bo je\u015bli szlak ma by\u0107 bezpieczny, to co 3\u20134 lata nale\u017cy go odnawia\u0107. Patrzymy te\u017c na inicjowanie przedsi\u0119wzi\u0119\u0107 rowerowych, promowanie jazdy na gminnych stronach internetowych, nieodp\u0142atne znakowanie sprz\u0119tu. Zdarza\u0142o si\u0119 te\u017c, \u017ce burmistrz dla aktywnej klasy, kt\u00f3ra co pi\u0105tek przyje\u017cd\u017ca\u0142a rowerami do szko\u0142y, fundowa\u0142 kaski czy kamizelki. Wierzymy, \u017ce w takich gminach \u017cyje si\u0119 przyjemniej.<\/p>\n<p>To wszystko ocenia jury sk\u0142adaj\u0105ce si\u0119 z przedstawicieli Ministerstwa Sportu i Turystyki, Polskiej Organizacji Turystycznej, Zwi\u0105zku Powiat\u00f3w Polskich oraz sponsor\u00f3w. P\u00f3\u017aniej wyr\u00f3\u017cnione gminy spotykaj\u0105 si\u0119 i promuj\u0105 na targach rowerowych Kielce Bike Expo, na kt\u00f3rych mog\u0105 pochwali\u0107 si\u0119 certyfikatami. Zdarza si\u0119, \u017ce na tym podsumowaniu jest a\u017c g\u0119sto od dziennikarzy.<\/p>\n<p>Zach\u0119cam te\u017c wszystkich mi\u0142o\u015bnik\u00f3w rower\u00f3w do \u015bledzenia naszego kalendarza imprez, bo mo\u017cna znale\u017a\u0107 tam mas\u0119 interesuj\u0105cych wydarze\u0144. Wiele oddzia\u0142\u00f3w organizuje te\u017c jednodniowe wypady dla mieszka\u0144c\u00f3w miast. W mojej \u0141odzi co niedziel\u0119 o 9 rano na Starym Rynku ludzie spotykaj\u0105 si\u0119 i na miejscu ustalaj\u0105, gdzie jad\u0105. I tych rowerzyst\u00f3w od marca do listopada jest bardzo wielu. Dla mnie taka aktywno\u015b\u0107 to fenomen!<\/p>\n<p><em>Kalendarz imprez znajdziecie tutaj (<a href=\"http:\/\/ktkol.pl\/kalendarz-imprez\/\">http:\/\/ktkol.pl\/kalendarz-imprez\/<\/a>), a propozycje tras rowerowych w poszczeg\u00f3lnych wojew\u00f3dztwach tutaj (<a href=\"http:\/\/www.narowerze.pttk.pl\/Gdzie%20na%20rower\">http:\/\/www.narowerze.pttk.pl\/Gdzie%20na%20rower<\/a>)<\/em><\/p>\n","protected":false},"excerpt":{"rendered":"<p>\u2013 Dzi\u015b nie robi si\u0119 chodnika tylko dla pieszych, ale buduje si\u0119 ci\u0105gi pieszo-rowerowe, kt\u00f3re prowadz\u0105 do dworc\u00f3w, sk\u0105d mo\u017cna [&hellip;]<\/p>\n","protected":false},"author":76,"featured_media":7096,"comment_status":"open","ping_status":"open","sticky":false,"template":"","format":"standard","meta":{"footnotes":""},"categories":[226],"tags":[41,248,82],"global-categories":[],"class_list":["post-7095","post","type-post","status-publish","format-standard","has-post-thumbnail","hentry","category-ciekawostki","tag-cycling","tag-pttk","tag-welovecycling"],"yoast_head":"<!-- This site is optimized with the Yoast SEO Premium plugin v25.3 (Yoast SEO v25.9) - https:\/\/yoast.com\/wordpress\/plugins\/seo\/ -->\n<title>Wielka rowerowa rewolucja w Polsce. \u201eTo fenomen\u201d - \u0160koda We Love Cycling - Poland<\/title>\n<meta name=\"robots\" content=\"index, follow, max-snippet:-1, max-image-preview:large, max-video-preview:-1\" \/>\n<link rel=\"canonical\" href=\"https:\/\/www.welovecycling.com\/pl\/2018\/05\/25\/wielka-rowerowa-rewolucja-w-polsce-to-fenomen\/\" \/>\n<meta property=\"og:locale\" content=\"pl_PL\" \/>\n<meta property=\"og:type\" content=\"article\" \/>\n<meta property=\"og:title\" content=\"Wielka rowerowa rewolucja w Polsce. \u201eTo fenomen\u201d\" \/>\n<meta property=\"og:description\" content=\"\u2013 Dzi\u015b nie robi si\u0119 chodnika tylko dla pieszych, ale buduje si\u0119 ci\u0105gi pieszo-rowerowe, kt\u00f3re prowadz\u0105 do dworc\u00f3w, sk\u0105d mo\u017cna [&hellip;]\" \/>\n<meta property=\"og:url\" content=\"https:\/\/www.welovecycling.com\/pl\/2018\/05\/25\/wielka-rowerowa-rewolucja-w-polsce-to-fenomen\/\" \/>\n<meta property=\"og:site_name\" content=\"\u0160koda We Love Cycling - Poland\" \/>\n<meta property=\"article:published_time\" content=\"2018-05-25T14:01:54+00:00\" \/>\n<meta property=\"og:image\" content=\"https:\/\/d2p6e6u75xmxt8.cloudfront.net\/5\/2018\/05\/shutterstock_210836533-1024x683.jpg\" \/>\n\t<meta property=\"og:image:width\" content=\"1024\" \/>\n\t<meta property=\"og:image:height\" content=\"683\" \/>\n\t<meta property=\"og:image:type\" content=\"image\/jpeg\" \/>\n<meta name=\"author\" content=\"piotrboczkowski\" \/>\n<meta name=\"twitter:card\" content=\"summary_large_image\" \/>\n<meta name=\"twitter:label1\" content=\"Written by\" \/>\n\t<meta name=\"twitter:data1\" content=\"Piotr Jawor\" \/>\n\t<meta name=\"twitter:label2\" content=\"Est. reading time\" \/>\n\t<meta name=\"twitter:data2\" content=\"7 minutes\" \/>\n<script type=\"application\/ld+json\" class=\"yoast-schema-graph\">{\"@context\":\"https:\/\/schema.org\",\"@graph\":[{\"@type\":\"WebPage\",\"@id\":\"https:\/\/www.welovecycling.com\/pl\/2018\/05\/25\/wielka-rowerowa-rewolucja-w-polsce-to-fenomen\/\",\"url\":\"https:\/\/www.welovecycling.com\/pl\/2018\/05\/25\/wielka-rowerowa-rewolucja-w-polsce-to-fenomen\/\",\"name\":\"Wielka rowerowa rewolucja w Polsce. \u201eTo fenomen\u201d - \u0160koda We Love Cycling - Poland\",\"isPartOf\":{\"@id\":\"https:\/\/www.welovecycling.com\/pl\/#website\"},\"primaryImageOfPage\":{\"@id\":\"https:\/\/www.welovecycling.com\/pl\/2018\/05\/25\/wielka-rowerowa-rewolucja-w-polsce-to-fenomen\/#primaryimage\"},\"image\":{\"@id\":\"https:\/\/www.welovecycling.com\/pl\/2018\/05\/25\/wielka-rowerowa-rewolucja-w-polsce-to-fenomen\/#primaryimage\"},\"thumbnailUrl\":\"https:\/\/d2p6e6u75xmxt8.cloudfront.net\/5\/2018\/05\/shutterstock_210836533.jpg\",\"datePublished\":\"2018-05-25T14:01:54+00:00\",\"author\":{\"@id\":\"https:\/\/www.welovecycling.com\/pl\/#\/schema\/person\/0dba2d39da943db9df3fd8f4687e7f23\"},\"breadcrumb\":{\"@id\":\"https:\/\/www.welovecycling.com\/pl\/2018\/05\/25\/wielka-rowerowa-rewolucja-w-polsce-to-fenomen\/#breadcrumb\"},\"inLanguage\":\"pl-PL\",\"potentialAction\":[{\"@type\":\"ReadAction\",\"target\":[\"https:\/\/www.welovecycling.com\/pl\/2018\/05\/25\/wielka-rowerowa-rewolucja-w-polsce-to-fenomen\/\"]}]},{\"@type\":\"ImageObject\",\"inLanguage\":\"pl-PL\",\"@id\":\"https:\/\/www.welovecycling.com\/pl\/2018\/05\/25\/wielka-rowerowa-rewolucja-w-polsce-to-fenomen\/#primaryimage\",\"url\":\"https:\/\/d2p6e6u75xmxt8.cloudfront.net\/5\/2018\/05\/shutterstock_210836533.jpg\",\"contentUrl\":\"https:\/\/d2p6e6u75xmxt8.cloudfront.net\/5\/2018\/05\/shutterstock_210836533.jpg\",\"width\":5100,\"height\":3400},{\"@type\":\"BreadcrumbList\",\"@id\":\"https:\/\/www.welovecycling.com\/pl\/2018\/05\/25\/wielka-rowerowa-rewolucja-w-polsce-to-fenomen\/#breadcrumb\",\"itemListElement\":[{\"@type\":\"ListItem\",\"position\":1,\"name\":\"Home\",\"item\":\"https:\/\/www.welovecycling.com\/pl\/\"},{\"@type\":\"ListItem\",\"position\":2,\"name\":\"Wielka rowerowa rewolucja w Polsce. \u201eTo fenomen\u201d\"}]},{\"@type\":\"WebSite\",\"@id\":\"https:\/\/www.welovecycling.com\/pl\/#website\",\"url\":\"https:\/\/www.welovecycling.com\/pl\/\",\"name\":\"\u0160koda We Love Cycling - Poland\",\"description\":\"\",\"potentialAction\":[{\"@type\":\"SearchAction\",\"target\":{\"@type\":\"EntryPoint\",\"urlTemplate\":\"https:\/\/www.welovecycling.com\/pl\/?s={search_term_string}\"},\"query-input\":{\"@type\":\"PropertyValueSpecification\",\"valueRequired\":true,\"valueName\":\"search_term_string\"}}],\"inLanguage\":\"pl-PL\"},{\"@type\":\"Person\",\"@id\":\"https:\/\/www.welovecycling.com\/pl\/#\/schema\/person\/0dba2d39da943db9df3fd8f4687e7f23\",\"name\":\"piotrboczkowski\",\"image\":{\"@type\":\"ImageObject\",\"inLanguage\":\"pl-PL\",\"@id\":\"https:\/\/www.welovecycling.com\/pl\/#\/schema\/person\/image\/\",\"url\":\"https:\/\/secure.gravatar.com\/avatar\/533caccae14752e03a2ce2d3fd62d1b98b93e1393c3195c27819e53344ca1ace?s=96&d=mm&r=g\",\"contentUrl\":\"https:\/\/secure.gravatar.com\/avatar\/533caccae14752e03a2ce2d3fd62d1b98b93e1393c3195c27819e53344ca1ace?s=96&d=mm&r=g\",\"caption\":\"piotrboczkowski\"},\"url\":\"https:\/\/www.welovecycling.com\/pl\/author\/piotrboczkowski\/\"}]}<\/script>\n<!-- \/ Yoast SEO Premium plugin. -->","yoast_head_json":{"title":"Wielka rowerowa rewolucja w Polsce. \u201eTo fenomen\u201d - \u0160koda We Love Cycling - Poland","robots":{"index":"index","follow":"follow","max-snippet":"max-snippet:-1","max-image-preview":"max-image-preview:large","max-video-preview":"max-video-preview:-1"},"canonical":"https:\/\/www.welovecycling.com\/pl\/2018\/05\/25\/wielka-rowerowa-rewolucja-w-polsce-to-fenomen\/","og_locale":"pl_PL","og_type":"article","og_title":"Wielka rowerowa rewolucja w Polsce. \u201eTo fenomen\u201d","og_description":"\u2013 Dzi\u015b nie robi si\u0119 chodnika tylko dla pieszych, ale buduje si\u0119 ci\u0105gi pieszo-rowerowe, kt\u00f3re prowadz\u0105 do dworc\u00f3w, sk\u0105d mo\u017cna [&hellip;]","og_url":"https:\/\/www.welovecycling.com\/pl\/2018\/05\/25\/wielka-rowerowa-rewolucja-w-polsce-to-fenomen\/","og_site_name":"\u0160koda We Love Cycling - Poland","article_published_time":"2018-05-25T14:01:54+00:00","og_image":[{"width":1024,"height":683,"url":"https:\/\/d2p6e6u75xmxt8.cloudfront.net\/5\/2018\/05\/shutterstock_210836533-1024x683.jpg","type":"image\/jpeg"}],"author":"piotrboczkowski","twitter_card":"summary_large_image","twitter_misc":{"Written by":"Piotr Jawor","Est. reading time":"7 minutes"},"schema":{"@context":"https:\/\/schema.org","@graph":[{"@type":"WebPage","@id":"https:\/\/www.welovecycling.com\/pl\/2018\/05\/25\/wielka-rowerowa-rewolucja-w-polsce-to-fenomen\/","url":"https:\/\/www.welovecycling.com\/pl\/2018\/05\/25\/wielka-rowerowa-rewolucja-w-polsce-to-fenomen\/","name":"Wielka rowerowa rewolucja w Polsce. \u201eTo fenomen\u201d - \u0160koda We Love Cycling - Poland","isPartOf":{"@id":"https:\/\/www.welovecycling.com\/pl\/#website"},"primaryImageOfPage":{"@id":"https:\/\/www.welovecycling.com\/pl\/2018\/05\/25\/wielka-rowerowa-rewolucja-w-polsce-to-fenomen\/#primaryimage"},"image":{"@id":"https:\/\/www.welovecycling.com\/pl\/2018\/05\/25\/wielka-rowerowa-rewolucja-w-polsce-to-fenomen\/#primaryimage"},"thumbnailUrl":"https:\/\/d2p6e6u75xmxt8.cloudfront.net\/5\/2018\/05\/shutterstock_210836533.jpg","datePublished":"2018-05-25T14:01:54+00:00","author":{"@id":"https:\/\/www.welovecycling.com\/pl\/#\/schema\/person\/0dba2d39da943db9df3fd8f4687e7f23"},"breadcrumb":{"@id":"https:\/\/www.welovecycling.com\/pl\/2018\/05\/25\/wielka-rowerowa-rewolucja-w-polsce-to-fenomen\/#breadcrumb"},"inLanguage":"pl-PL","potentialAction":[{"@type":"ReadAction","target":["https:\/\/www.welovecycling.com\/pl\/2018\/05\/25\/wielka-rowerowa-rewolucja-w-polsce-to-fenomen\/"]}]},{"@type":"ImageObject","inLanguage":"pl-PL","@id":"https:\/\/www.welovecycling.com\/pl\/2018\/05\/25\/wielka-rowerowa-rewolucja-w-polsce-to-fenomen\/#primaryimage","url":"https:\/\/d2p6e6u75xmxt8.cloudfront.net\/5\/2018\/05\/shutterstock_210836533.jpg","contentUrl":"https:\/\/d2p6e6u75xmxt8.cloudfront.net\/5\/2018\/05\/shutterstock_210836533.jpg","width":5100,"height":3400},{"@type":"BreadcrumbList","@id":"https:\/\/www.welovecycling.com\/pl\/2018\/05\/25\/wielka-rowerowa-rewolucja-w-polsce-to-fenomen\/#breadcrumb","itemListElement":[{"@type":"ListItem","position":1,"name":"Home","item":"https:\/\/www.welovecycling.com\/pl\/"},{"@type":"ListItem","position":2,"name":"Wielka rowerowa rewolucja w Polsce. \u201eTo fenomen\u201d"}]},{"@type":"WebSite","@id":"https:\/\/www.welovecycling.com\/pl\/#website","url":"https:\/\/www.welovecycling.com\/pl\/","name":"\u0160koda We Love Cycling - Poland","description":"","potentialAction":[{"@type":"SearchAction","target":{"@type":"EntryPoint","urlTemplate":"https:\/\/www.welovecycling.com\/pl\/?s={search_term_string}"},"query-input":{"@type":"PropertyValueSpecification","valueRequired":true,"valueName":"search_term_string"}}],"inLanguage":"pl-PL"},{"@type":"Person","@id":"https:\/\/www.welovecycling.com\/pl\/#\/schema\/person\/0dba2d39da943db9df3fd8f4687e7f23","name":"piotrboczkowski","image":{"@type":"ImageObject","inLanguage":"pl-PL","@id":"https:\/\/www.welovecycling.com\/pl\/#\/schema\/person\/image\/","url":"https:\/\/secure.gravatar.com\/avatar\/533caccae14752e03a2ce2d3fd62d1b98b93e1393c3195c27819e53344ca1ace?s=96&d=mm&r=g","contentUrl":"https:\/\/secure.gravatar.com\/avatar\/533caccae14752e03a2ce2d3fd62d1b98b93e1393c3195c27819e53344ca1ace?s=96&d=mm&r=g","caption":"piotrboczkowski"},"url":"https:\/\/www.welovecycling.com\/pl\/author\/piotrboczkowski\/"}]}},"_links":{"self":[{"href":"https:\/\/www.welovecycling.com\/pl\/wp-json\/wp\/v2\/posts\/7095","targetHints":{"allow":["GET"]}}],"collection":[{"href":"https:\/\/www.welovecycling.com\/pl\/wp-json\/wp\/v2\/posts"}],"about":[{"href":"https:\/\/www.welovecycling.com\/pl\/wp-json\/wp\/v2\/types\/post"}],"author":[{"embeddable":true,"href":"https:\/\/www.welovecycling.com\/pl\/wp-json\/wp\/v2\/users\/76"}],"replies":[{"embeddable":true,"href":"https:\/\/www.welovecycling.com\/pl\/wp-json\/wp\/v2\/comments?post=7095"}],"version-history":[{"count":1,"href":"https:\/\/www.welovecycling.com\/pl\/wp-json\/wp\/v2\/posts\/7095\/revisions"}],"predecessor-version":[{"id":7097,"href":"https:\/\/www.welovecycling.com\/pl\/wp-json\/wp\/v2\/posts\/7095\/revisions\/7097"}],"wp:featuredmedia":[{"embeddable":true,"href":"https:\/\/www.welovecycling.com\/pl\/wp-json\/wp\/v2\/media\/7096"}],"wp:attachment":[{"href":"https:\/\/www.welovecycling.com\/pl\/wp-json\/wp\/v2\/media?parent=7095"}],"wp:term":[{"taxonomy":"category","embeddable":true,"href":"https:\/\/www.welovecycling.com\/pl\/wp-json\/wp\/v2\/categories?post=7095"},{"taxonomy":"post_tag","embeddable":true,"href":"https:\/\/www.welovecycling.com\/pl\/wp-json\/wp\/v2\/tags?post=7095"},{"taxonomy":"global-categories","embeddable":true,"href":"https:\/\/www.welovecycling.com\/pl\/wp-json\/wp\/v2\/global-categories?post=7095"}],"curies":[{"name":"wp","href":"https:\/\/api.w.org\/{rel}","templated":true}]}}