{"id":7013,"date":"2018-05-23T14:13:20","date_gmt":"2018-05-23T14:13:20","guid":{"rendered":"https:\/\/www.welovecycling.com\/pl\/?p=7013"},"modified":"2018-05-23T14:13:20","modified_gmt":"2018-05-23T14:13:20","slug":"historia-niezwyklego-zawodnika-niemal-zagladal-smierci-w-oczy-a-jednak-pobil-kolarski-rekord-swiata","status":"publish","type":"post","link":"https:\/\/www.welovecycling.com\/pl\/2018\/05\/23\/historia-niezwyklego-zawodnika-niemal-zagladal-smierci-w-oczy-a-jednak-pobil-kolarski-rekord-swiata\/","title":{"rendered":"Historia niezwyk\u0142ego zawodnika: niemal zagl\u0105da\u0142 \u015bmierci w oczy, a jednak pobi\u0142 kolarski rekord \u015bwiata!"},"content":{"rendered":"<p><strong>Czy wyznaczacie sobie sportowe cele, robicie postanowienia? A co s\u0105dzicie o postanowieniu, \u017ceby pobi\u0107 rekord \u015bwiata? Zbyt szalone, \u017ceby mog\u0142o si\u0119 zdarzy\u0107? Poznajcie Michala <\/strong><strong>\u0160<\/strong><strong>ubrta z Republiki Czeskiej, kt\u00f3ry zaczyna\u0142 od zera, a zosta\u0142 zwyci\u0119zc\u0105. Ta historia brzmi jak fragment hollywoodzkiego scenariusza. \u00a0<\/strong><\/p>\n<p>W 2011 roku Michal \u0160ubrt sko\u0144czy\u0142 40 lat. By\u0142 oty\u0142y, wiecznie zm\u0119czony, mia\u0142 wysoki poziom cholesterolu, sk\u0142onno\u015b\u0107 do cukrzycy i w\u0142a\u015bnie dosta\u0142 wiadomo\u015b\u0107, \u017ce jego w\u0105troba nie pracuje najlepiej. To nie wygl\u0105da\u0142o na dobry pocz\u0105tek kariery sportowej. Ale Michal zbytnio si\u0119 tym nie martwi\u0142. Zaledwie pi\u0119\u0107 lat p\u00f3\u017aniej by\u0142 ju\u017c sportowcem z rekordem \u015bwiata na koncie.<\/p>\n<p><a href=\"https:\/\/d2p6e6u75xmxt8.cloudfront.net\/5\/2018\/05\/hero_1.jpg\"><img loading=\"lazy\" decoding=\"async\" class=\"alignnone size-extra-large wp-image-7021\" src=\"https:\/\/d2p6e6u75xmxt8.cloudfront.net\/5\/2018\/05\/hero_1-1920x1440.jpg\" alt=\"\" width=\"1920\" height=\"1440\" srcset=\"https:\/\/d2p6e6u75xmxt8.cloudfront.net\/5\/2018\/05\/hero_1-1920x1440.jpg 1920w, https:\/\/d2p6e6u75xmxt8.cloudfront.net\/5\/2018\/05\/hero_1-300x225.jpg 300w, https:\/\/d2p6e6u75xmxt8.cloudfront.net\/5\/2018\/05\/hero_1-768x576.jpg 768w, https:\/\/d2p6e6u75xmxt8.cloudfront.net\/5\/2018\/05\/hero_1-1024x768.jpg 1024w, https:\/\/d2p6e6u75xmxt8.cloudfront.net\/5\/2018\/05\/hero_1-1920x1440.jpg 1920w\" sizes=\"auto, (max-width: 1920px) 100vw, 1920px\" \/><\/a><\/p>\n<p>Jednak zanim to nast\u0105pi\u0142o, w 2011 r. lekarz rodzinny zaleci\u0142 Michalowi, \u017ceby odwiedzi\u0142 pana Smetan\u0119 \u2013 w\u0142a\u015bciciela lokalnego domu pogrzebowego \u2013 i pokaza\u0142 mu swoj\u0105 kart\u0119 choroby. Masa cia\u0142a si\u0119gaj\u0105ca 108 kg, rozpoznane choroby cywilizacyjne \u2013 nic dziwnego, \u017ce Michal by\u0142 zdesperowany. Lekarz poleci\u0142 mu zmian\u0119 stylu \u017cycia i nie pozostawi\u0142 wyboru.<\/p>\n<p>W tym trudnym czasie Michal przypomnia\u0142 sobie, \u017ce trzy lata wcze\u015bniej za\u0142o\u017cy\u0142 si\u0119 z koleg\u0105, \u017ce uko\u0144czy maraton. Stwierdzi\u0142, \u017ce to najlepszy moment na pr\u00f3b\u0119 wygrania tego zak\u0142adu. Poniewa\u017c Michal nie mia\u0142 zamiaru uko\u0144czy\u0107 wy\u015bcigu pieszo, skontaktowa\u0142 si\u0119 z trenerem Petrem Kopriv\u0105. Trener mia\u0142 mu pom\u00f3c w odbudowaniu kondycji \u2013 i przygotowa\u0142 go do triatlonu na poziomie, kt\u00f3ry przer\u00f3s\u0142 naj\u015bmielsze oczekiwania. \u2013 Petr nie pozwoli\u0142 mi cho\u0107by truchta\u0107, zanim nie schudn\u0119, dlatego kaza\u0142 mi je\u017adzi\u0107 na rowerze i p\u0142ywa\u0107. Potem wzi\u0105\u0142em udzia\u0142 w pierwszym kr\u00f3tkodystansowym wy\u015bcigu, \u017ceby si\u0119 sprawdzi\u0107, i najzwyczajniej zakocha\u0142em si\u0119 w sporcie \u2013 wspomina Michal. Nast\u0119pnie bra\u0142 jeszcze udzia\u0142 w kilku innych wydarzeniach, w tym w zawodach Ironman w Zurychu. P\u00f3\u017aniej pojawi\u0142a si\u0119 r\u00f3wnie\u017c propozycja udzia\u0142u w EPIC5.<\/p>\n<p><a href=\"https:\/\/d2p6e6u75xmxt8.cloudfront.net\/5\/2018\/05\/hero_2.jpg\"><img loading=\"lazy\" decoding=\"async\" class=\"alignnone size-extra-large wp-image-7022\" src=\"https:\/\/d2p6e6u75xmxt8.cloudfront.net\/5\/2018\/05\/hero_2-1920x1281.jpg\" alt=\"\" width=\"1920\" height=\"1281\" srcset=\"https:\/\/d2p6e6u75xmxt8.cloudfront.net\/5\/2018\/05\/hero_2-1920x1281.jpg 1920w, https:\/\/d2p6e6u75xmxt8.cloudfront.net\/5\/2018\/05\/hero_2-300x200.jpg 300w, https:\/\/d2p6e6u75xmxt8.cloudfront.net\/5\/2018\/05\/hero_2-768x512.jpg 768w, https:\/\/d2p6e6u75xmxt8.cloudfront.net\/5\/2018\/05\/hero_2-1024x683.jpg 1024w, https:\/\/d2p6e6u75xmxt8.cloudfront.net\/5\/2018\/05\/hero_2-272x182.jpg 272w, https:\/\/d2p6e6u75xmxt8.cloudfront.net\/5\/2018\/05\/hero_2.jpg 2048w, https:\/\/d2p6e6u75xmxt8.cloudfront.net\/5\/2018\/05\/hero_2-1920x1281.jpg 1920w\" sizes=\"auto, (max-width: 1920px) 100vw, 1920px\" \/><\/a><\/p>\n<p><a href=\"https:\/\/d2p6e6u75xmxt8.cloudfront.net\/5\/2018\/05\/hero_3.jpg\"><img loading=\"lazy\" decoding=\"async\" class=\"size-full wp-image-7014 aligncenter\" src=\"https:\/\/d2p6e6u75xmxt8.cloudfront.net\/5\/2018\/05\/hero_3.jpg\" alt=\"\" width=\"741\" height=\"420\" srcset=\"https:\/\/d2p6e6u75xmxt8.cloudfront.net\/5\/2018\/05\/hero_3.jpg 741w, https:\/\/d2p6e6u75xmxt8.cloudfront.net\/5\/2018\/05\/hero_3-300x170.jpg 300w\" sizes=\"auto, (max-width: 741px) 100vw, 741px\" \/><\/a><\/p>\n<p><strong>Pi\u0119\u0107 dni b\u00f3lu <\/strong><\/p>\n<p>EPIC5 to prawdopodobnie najtrudniejsze i najbardziej ekstremalne szale\u0144stwo na \u015bwiecie. Wyobra\u017amy sobie, \u017ce trzeba przep\u0142yn\u0105\u0107 3,8 km w oceanie, przejecha\u0107 180 km na rowerze, a potem jeszcze przebiec pe\u0142ny maraton. A nast\u0119pnego dnia powt\u00f3rzy\u0107 to wszystko od pocz\u0105tku. A potem jeszcze raz, i tak w sumie przez pi\u0119\u0107 dni \u2013 ka\u017cdego dnia bior\u0105c udzia\u0142 w innym wydarzeniu organizowanym na innej wyspie Hawaj\u00f3w. Tak w skr\u00f3cie wygl\u0105da EPIC5.<\/p>\n<p>Z silnym postanowieniem wzi\u0119cia udzia\u0142u w tym szale\u0144stwie Michal \u0160ubrt rozpocz\u0105\u0142 przygotowania pod okiem legendarnego czeskiego zawodnika i trenera triatlonist\u00f3w Petra Vabrou\u0161eka. \u2013 Pierwszego dnia wyobra\u017ca\u0142em sobie, \u017ce b\u0119d\u0119 musia\u0142 du\u017co \u0107wiczy\u0107, a Petr z miejsca podwoi\u0142 jeszcze liczb\u0119 moich trening\u00f3w. Dwa miesi\u0105ce przed wy\u015bcigiem \u0107wiczy\u0142em oko\u0142o 135 godzin miesi\u0119cznie \u2013 wspomina Petr. Okaza\u0142o si\u0119, \u017ce pomimo starannego planowania ojcu i w\u0142a\u015bcicielowi firmy budowlano-in\u017cynierskiej nie jest \u0142atwo poradzi\u0107 sobie z napi\u0119tym grafikiem.<\/p>\n<p><a href=\"https:\/\/d2p6e6u75xmxt8.cloudfront.net\/5\/2018\/05\/hero_4.jpg\"><img loading=\"lazy\" decoding=\"async\" class=\"alignnone size-extra-large wp-image-7015\" src=\"https:\/\/d2p6e6u75xmxt8.cloudfront.net\/5\/2018\/05\/hero_4-1920x1282.jpg\" alt=\"\" width=\"1920\" height=\"1282\" srcset=\"https:\/\/d2p6e6u75xmxt8.cloudfront.net\/5\/2018\/05\/hero_4-1920x1282.jpg 1920w, https:\/\/d2p6e6u75xmxt8.cloudfront.net\/5\/2018\/05\/hero_4-300x200.jpg 300w, https:\/\/d2p6e6u75xmxt8.cloudfront.net\/5\/2018\/05\/hero_4-768x513.jpg 768w, https:\/\/d2p6e6u75xmxt8.cloudfront.net\/5\/2018\/05\/hero_4-1024x684.jpg 1024w, https:\/\/d2p6e6u75xmxt8.cloudfront.net\/5\/2018\/05\/hero_4-272x182.jpg 272w, https:\/\/d2p6e6u75xmxt8.cloudfront.net\/5\/2018\/05\/hero_4.jpg 2000w, https:\/\/d2p6e6u75xmxt8.cloudfront.net\/5\/2018\/05\/hero_4-1920x1282.jpg 1920w\" sizes=\"auto, (max-width: 1920px) 100vw, 1920px\" \/><\/a><\/p>\n<p><a href=\"https:\/\/d2p6e6u75xmxt8.cloudfront.net\/5\/2018\/05\/hero_5.jpg\"><img loading=\"lazy\" decoding=\"async\" class=\"alignnone size-extra-large wp-image-7016\" src=\"https:\/\/d2p6e6u75xmxt8.cloudfront.net\/5\/2018\/05\/hero_5-1920x1280.jpg\" alt=\"\" width=\"1920\" height=\"1280\" srcset=\"https:\/\/d2p6e6u75xmxt8.cloudfront.net\/5\/2018\/05\/hero_5-1920x1280.jpg 1920w, https:\/\/d2p6e6u75xmxt8.cloudfront.net\/5\/2018\/05\/hero_5-300x200.jpg 300w, https:\/\/d2p6e6u75xmxt8.cloudfront.net\/5\/2018\/05\/hero_5-768x512.jpg 768w, https:\/\/d2p6e6u75xmxt8.cloudfront.net\/5\/2018\/05\/hero_5-1024x682.jpg 1024w, https:\/\/d2p6e6u75xmxt8.cloudfront.net\/5\/2018\/05\/hero_5-272x182.jpg 272w, https:\/\/d2p6e6u75xmxt8.cloudfront.net\/5\/2018\/05\/hero_5.jpg 2000w, https:\/\/d2p6e6u75xmxt8.cloudfront.net\/5\/2018\/05\/hero_5-1920x1280.jpg 1920w\" sizes=\"auto, (max-width: 1920px) 100vw, 1920px\" \/><\/a><\/p>\n<p>Niekt\u00f3rzy uczestnicy EPIC5 m\u00f3wi\u0105, \u017ce zdarzy\u0142o im si\u0119 zasn\u0105\u0107 podczas biegu. Inni byli przera\u017ceni dzikimi halucynacjami wywo\u0142anymi wyczerpaniem. Cho\u0107 Michal pope\u0142ni\u0142 klasyczn\u0105 pomy\u0142k\u0119 nowicjusza, nie do\u015bwiadczy\u0142 \u017cadnych tego typu zaburze\u0144. \u2013 Przed wy\u015bcigiem machinalnie zjad\u0142em co\u015b nieodpowiedniego i tego samego dnia dosta\u0142em md\u0142o\u015bci w trakcie cz\u0119\u015bci rowerowej. Ale to wszystko. Moje problemy z \u017co\u0142\u0105dkiem wkr\u00f3tce si\u0119 sko\u0144czy\u0142y \u2013 m\u00f3wi Michal.<\/p>\n<p>Nie do\u015b\u0107, \u017ce Michal by\u0142 pierwszym sportowcem z Republiki Czeskiej, kt\u00f3ry kiedykolwiek uko\u0144czy\u0142 wy\u015bcig, to jeszcze dotar\u0142 do mety, ustanawiaj\u0105c nowy rekord \u015bwiata \u2013 uko\u0144czy\u0142 wszystkie pi\u0119\u0107 etap\u00f3w w zaledwie 60 godzin i 35 minut. \u2013 Kiedy zerwa\u0142em ta\u015bm\u0119 na linii mety, emocje by\u0142y niewyobra\u017calne. Nagle u\u015bwiadomi\u0142em sobie, \u017ce wszystko, co robi\u0142em, by\u0142o w\u0142a\u015bnie dla tych trzech sekund euforii \u2013 m\u00f3wi Petr z u\u015bmiechem na twarzy.<\/p>\n<p>&nbsp;<\/p>\n<p><a href=\"https:\/\/d2p6e6u75xmxt8.cloudfront.net\/5\/2018\/05\/hero_6.jpg\"><img loading=\"lazy\" decoding=\"async\" class=\"size-full wp-image-7017 aligncenter\" src=\"https:\/\/d2p6e6u75xmxt8.cloudfront.net\/5\/2018\/05\/hero_6.jpg\" alt=\"\" width=\"612\" height=\"918\" srcset=\"https:\/\/d2p6e6u75xmxt8.cloudfront.net\/5\/2018\/05\/hero_6.jpg 612w, https:\/\/d2p6e6u75xmxt8.cloudfront.net\/5\/2018\/05\/hero_6-200x300.jpg 200w\" sizes=\"auto, (max-width: 612px) 100vw, 612px\" \/><\/a><\/p>\n<p><a href=\"https:\/\/d2p6e6u75xmxt8.cloudfront.net\/5\/2018\/05\/hero_7.jpg\"><img loading=\"lazy\" decoding=\"async\" class=\"size-full wp-image-7018 aligncenter\" src=\"https:\/\/d2p6e6u75xmxt8.cloudfront.net\/5\/2018\/05\/hero_7.jpg\" alt=\"\" width=\"612\" height=\"918\" srcset=\"https:\/\/d2p6e6u75xmxt8.cloudfront.net\/5\/2018\/05\/hero_7.jpg 612w, https:\/\/d2p6e6u75xmxt8.cloudfront.net\/5\/2018\/05\/hero_7-200x300.jpg 200w\" sizes=\"auto, (max-width: 612px) 100vw, 612px\" \/><\/a><\/p>\n<p><a href=\"https:\/\/d2p6e6u75xmxt8.cloudfront.net\/5\/2018\/05\/hero_8.jpg\"><img loading=\"lazy\" decoding=\"async\" class=\"alignnone size-full wp-image-7019\" src=\"https:\/\/d2p6e6u75xmxt8.cloudfront.net\/5\/2018\/05\/hero_8.jpg\" alt=\"\" width=\"1600\" height=\"1067\" srcset=\"https:\/\/d2p6e6u75xmxt8.cloudfront.net\/5\/2018\/05\/hero_8.jpg 1600w, https:\/\/d2p6e6u75xmxt8.cloudfront.net\/5\/2018\/05\/hero_8-300x200.jpg 300w, https:\/\/d2p6e6u75xmxt8.cloudfront.net\/5\/2018\/05\/hero_8-768x512.jpg 768w, https:\/\/d2p6e6u75xmxt8.cloudfront.net\/5\/2018\/05\/hero_8-1024x683.jpg 1024w, https:\/\/d2p6e6u75xmxt8.cloudfront.net\/5\/2018\/05\/hero_8-272x182.jpg 272w\" sizes=\"auto, (max-width: 1600px) 100vw, 1600px\" \/><\/a><\/p>\n<p>Dzi\u015b Michal my\u015bli ju\u017c o kolejnych wyzwaniach. Ko\u0144cz\u0105c wy\u015bcig Ultraman na Florydzie na czwartej pozycji, spe\u0142ni\u0142 wymogi kwalifikacji do kolejnych Mistrzostw \u015awiata. \u2013 Oba te wy\u015bcigi s\u0105 ekstremalnie bolesne \u2013 m\u00f3wi Michal, por\u00f3wnuj\u0105c Ultraman i EPIC5. \u2013 Ultraman jest kr\u00f3tki, ale bardzo intensywny. Jestem szcz\u0119\u015bliwy, \u017ce otrzyma\u0142em zaproszenie do udzia\u0142u w Mistrzostwach \u015awiata i \u017ce mog\u0119 udowadnia\u0107, \u017ce nigdy nie jest za p\u00f3\u017ano, by podejmowa\u0107 wielkie wyzwania \u2013 dodaje.<\/p>\n","protected":false},"excerpt":{"rendered":"<p>Czy wyznaczacie sobie sportowe cele, robicie postanowienia? A co s\u0105dzicie o postanowieniu, \u017ceby pobi\u0107 rekord \u015bwiata? Zbyt szalone, \u017ceby mog\u0142o [&hellip;]<\/p>\n","protected":false},"author":76,"featured_media":7020,"comment_status":"open","ping_status":"open","sticky":false,"template":"","format":"standard","meta":{"footnotes":""},"categories":[3],"tags":[246,245,247],"global-categories":[],"class_list":["post-7013","post","type-post","status-publish","format-standard","has-post-thumbnail","hentry","category-adrenalina","tag-epic5","tag-rekord-swiata","tag-world-cycling-record"],"yoast_head":"<!-- This site is optimized with the Yoast SEO Premium plugin v25.3 (Yoast SEO v25.9) - https:\/\/yoast.com\/wordpress\/plugins\/seo\/ -->\n<title>Historia niezwyk\u0142ego zawodnika: niemal zagl\u0105da\u0142 \u015bmierci w oczy, a jednak pobi\u0142 kolarski rekord \u015bwiata! - \u0160koda We Love Cycling - Poland<\/title>\n<meta name=\"robots\" content=\"index, follow, max-snippet:-1, max-image-preview:large, max-video-preview:-1\" \/>\n<link rel=\"canonical\" href=\"https:\/\/www.welovecycling.com\/pl\/2018\/05\/23\/historia-niezwyklego-zawodnika-niemal-zagladal-smierci-w-oczy-a-jednak-pobil-kolarski-rekord-swiata\/\" \/>\n<meta property=\"og:locale\" content=\"pl_PL\" \/>\n<meta property=\"og:type\" content=\"article\" \/>\n<meta property=\"og:title\" content=\"Historia niezwyk\u0142ego zawodnika: niemal zagl\u0105da\u0142 \u015bmierci w oczy, a jednak pobi\u0142 kolarski rekord \u015bwiata!\" \/>\n<meta property=\"og:description\" content=\"Czy wyznaczacie sobie sportowe cele, robicie postanowienia? A co s\u0105dzicie o postanowieniu, \u017ceby pobi\u0107 rekord \u015bwiata? Zbyt szalone, \u017ceby mog\u0142o [&hellip;]\" \/>\n<meta property=\"og:url\" content=\"https:\/\/www.welovecycling.com\/pl\/2018\/05\/23\/historia-niezwyklego-zawodnika-niemal-zagladal-smierci-w-oczy-a-jednak-pobil-kolarski-rekord-swiata\/\" \/>\n<meta property=\"og:site_name\" content=\"\u0160koda We Love Cycling - Poland\" \/>\n<meta property=\"article:published_time\" content=\"2018-05-23T14:13:20+00:00\" \/>\n<meta property=\"og:image\" content=\"https:\/\/d2p6e6u75xmxt8.cloudfront.net\/5\/2018\/05\/hero_0.jpg\" \/>\n\t<meta property=\"og:image:width\" content=\"1366\" \/>\n\t<meta property=\"og:image:height\" content=\"600\" \/>\n\t<meta property=\"og:image:type\" content=\"image\/jpeg\" \/>\n<meta name=\"author\" content=\"piotrboczkowski\" \/>\n<meta name=\"twitter:card\" content=\"summary_large_image\" \/>\n<meta name=\"twitter:label1\" content=\"Written by\" \/>\n\t<meta name=\"twitter:data1\" content=\"Adam Marsal\" \/>\n\t<meta name=\"twitter:label2\" content=\"Est. reading time\" \/>\n\t<meta name=\"twitter:data2\" content=\"4 minutes\" \/>\n<script type=\"application\/ld+json\" class=\"yoast-schema-graph\">{\"@context\":\"https:\/\/schema.org\",\"@graph\":[{\"@type\":\"WebPage\",\"@id\":\"https:\/\/www.welovecycling.com\/pl\/2018\/05\/23\/historia-niezwyklego-zawodnika-niemal-zagladal-smierci-w-oczy-a-jednak-pobil-kolarski-rekord-swiata\/\",\"url\":\"https:\/\/www.welovecycling.com\/pl\/2018\/05\/23\/historia-niezwyklego-zawodnika-niemal-zagladal-smierci-w-oczy-a-jednak-pobil-kolarski-rekord-swiata\/\",\"name\":\"Historia niezwyk\u0142ego zawodnika: niemal zagl\u0105da\u0142 \u015bmierci w oczy, a jednak pobi\u0142 kolarski rekord \u015bwiata! - \u0160koda We Love Cycling - Poland\",\"isPartOf\":{\"@id\":\"https:\/\/www.welovecycling.com\/pl\/#website\"},\"primaryImageOfPage\":{\"@id\":\"https:\/\/www.welovecycling.com\/pl\/2018\/05\/23\/historia-niezwyklego-zawodnika-niemal-zagladal-smierci-w-oczy-a-jednak-pobil-kolarski-rekord-swiata\/#primaryimage\"},\"image\":{\"@id\":\"https:\/\/www.welovecycling.com\/pl\/2018\/05\/23\/historia-niezwyklego-zawodnika-niemal-zagladal-smierci-w-oczy-a-jednak-pobil-kolarski-rekord-swiata\/#primaryimage\"},\"thumbnailUrl\":\"https:\/\/d2p6e6u75xmxt8.cloudfront.net\/5\/2018\/05\/hero_0.jpg\",\"datePublished\":\"2018-05-23T14:13:20+00:00\",\"author\":{\"@id\":\"https:\/\/www.welovecycling.com\/pl\/#\/schema\/person\/0dba2d39da943db9df3fd8f4687e7f23\"},\"breadcrumb\":{\"@id\":\"https:\/\/www.welovecycling.com\/pl\/2018\/05\/23\/historia-niezwyklego-zawodnika-niemal-zagladal-smierci-w-oczy-a-jednak-pobil-kolarski-rekord-swiata\/#breadcrumb\"},\"inLanguage\":\"pl-PL\",\"potentialAction\":[{\"@type\":\"ReadAction\",\"target\":[\"https:\/\/www.welovecycling.com\/pl\/2018\/05\/23\/historia-niezwyklego-zawodnika-niemal-zagladal-smierci-w-oczy-a-jednak-pobil-kolarski-rekord-swiata\/\"]}]},{\"@type\":\"ImageObject\",\"inLanguage\":\"pl-PL\",\"@id\":\"https:\/\/www.welovecycling.com\/pl\/2018\/05\/23\/historia-niezwyklego-zawodnika-niemal-zagladal-smierci-w-oczy-a-jednak-pobil-kolarski-rekord-swiata\/#primaryimage\",\"url\":\"https:\/\/d2p6e6u75xmxt8.cloudfront.net\/5\/2018\/05\/hero_0.jpg\",\"contentUrl\":\"https:\/\/d2p6e6u75xmxt8.cloudfront.net\/5\/2018\/05\/hero_0.jpg\",\"width\":1366,\"height\":600},{\"@type\":\"BreadcrumbList\",\"@id\":\"https:\/\/www.welovecycling.com\/pl\/2018\/05\/23\/historia-niezwyklego-zawodnika-niemal-zagladal-smierci-w-oczy-a-jednak-pobil-kolarski-rekord-swiata\/#breadcrumb\",\"itemListElement\":[{\"@type\":\"ListItem\",\"position\":1,\"name\":\"Home\",\"item\":\"https:\/\/www.welovecycling.com\/pl\/\"},{\"@type\":\"ListItem\",\"position\":2,\"name\":\"Historia niezwyk\u0142ego zawodnika: niemal zagl\u0105da\u0142 \u015bmierci w oczy, a jednak pobi\u0142 kolarski rekord \u015bwiata!\"}]},{\"@type\":\"WebSite\",\"@id\":\"https:\/\/www.welovecycling.com\/pl\/#website\",\"url\":\"https:\/\/www.welovecycling.com\/pl\/\",\"name\":\"\u0160koda We Love Cycling - Poland\",\"description\":\"\",\"potentialAction\":[{\"@type\":\"SearchAction\",\"target\":{\"@type\":\"EntryPoint\",\"urlTemplate\":\"https:\/\/www.welovecycling.com\/pl\/?s={search_term_string}\"},\"query-input\":{\"@type\":\"PropertyValueSpecification\",\"valueRequired\":true,\"valueName\":\"search_term_string\"}}],\"inLanguage\":\"pl-PL\"},{\"@type\":\"Person\",\"@id\":\"https:\/\/www.welovecycling.com\/pl\/#\/schema\/person\/0dba2d39da943db9df3fd8f4687e7f23\",\"name\":\"piotrboczkowski\",\"image\":{\"@type\":\"ImageObject\",\"inLanguage\":\"pl-PL\",\"@id\":\"https:\/\/www.welovecycling.com\/pl\/#\/schema\/person\/image\/\",\"url\":\"https:\/\/secure.gravatar.com\/avatar\/533caccae14752e03a2ce2d3fd62d1b98b93e1393c3195c27819e53344ca1ace?s=96&d=mm&r=g\",\"contentUrl\":\"https:\/\/secure.gravatar.com\/avatar\/533caccae14752e03a2ce2d3fd62d1b98b93e1393c3195c27819e53344ca1ace?s=96&d=mm&r=g\",\"caption\":\"piotrboczkowski\"},\"url\":\"https:\/\/www.welovecycling.com\/pl\/author\/piotrboczkowski\/\"}]}<\/script>\n<!-- \/ Yoast SEO Premium plugin. -->","yoast_head_json":{"title":"Historia niezwyk\u0142ego zawodnika: niemal zagl\u0105da\u0142 \u015bmierci w oczy, a jednak pobi\u0142 kolarski rekord \u015bwiata! - \u0160koda We Love Cycling - Poland","robots":{"index":"index","follow":"follow","max-snippet":"max-snippet:-1","max-image-preview":"max-image-preview:large","max-video-preview":"max-video-preview:-1"},"canonical":"https:\/\/www.welovecycling.com\/pl\/2018\/05\/23\/historia-niezwyklego-zawodnika-niemal-zagladal-smierci-w-oczy-a-jednak-pobil-kolarski-rekord-swiata\/","og_locale":"pl_PL","og_type":"article","og_title":"Historia niezwyk\u0142ego zawodnika: niemal zagl\u0105da\u0142 \u015bmierci w oczy, a jednak pobi\u0142 kolarski rekord \u015bwiata!","og_description":"Czy wyznaczacie sobie sportowe cele, robicie postanowienia? A co s\u0105dzicie o postanowieniu, \u017ceby pobi\u0107 rekord \u015bwiata? Zbyt szalone, \u017ceby mog\u0142o [&hellip;]","og_url":"https:\/\/www.welovecycling.com\/pl\/2018\/05\/23\/historia-niezwyklego-zawodnika-niemal-zagladal-smierci-w-oczy-a-jednak-pobil-kolarski-rekord-swiata\/","og_site_name":"\u0160koda We Love Cycling - Poland","article_published_time":"2018-05-23T14:13:20+00:00","og_image":[{"width":1366,"height":600,"url":"https:\/\/d2p6e6u75xmxt8.cloudfront.net\/5\/2018\/05\/hero_0.jpg","type":"image\/jpeg"}],"author":"piotrboczkowski","twitter_card":"summary_large_image","twitter_misc":{"Written by":"Adam Marsal","Est. reading time":"4 minutes"},"schema":{"@context":"https:\/\/schema.org","@graph":[{"@type":"WebPage","@id":"https:\/\/www.welovecycling.com\/pl\/2018\/05\/23\/historia-niezwyklego-zawodnika-niemal-zagladal-smierci-w-oczy-a-jednak-pobil-kolarski-rekord-swiata\/","url":"https:\/\/www.welovecycling.com\/pl\/2018\/05\/23\/historia-niezwyklego-zawodnika-niemal-zagladal-smierci-w-oczy-a-jednak-pobil-kolarski-rekord-swiata\/","name":"Historia niezwyk\u0142ego zawodnika: niemal zagl\u0105da\u0142 \u015bmierci w oczy, a jednak pobi\u0142 kolarski rekord \u015bwiata! - \u0160koda We Love Cycling - Poland","isPartOf":{"@id":"https:\/\/www.welovecycling.com\/pl\/#website"},"primaryImageOfPage":{"@id":"https:\/\/www.welovecycling.com\/pl\/2018\/05\/23\/historia-niezwyklego-zawodnika-niemal-zagladal-smierci-w-oczy-a-jednak-pobil-kolarski-rekord-swiata\/#primaryimage"},"image":{"@id":"https:\/\/www.welovecycling.com\/pl\/2018\/05\/23\/historia-niezwyklego-zawodnika-niemal-zagladal-smierci-w-oczy-a-jednak-pobil-kolarski-rekord-swiata\/#primaryimage"},"thumbnailUrl":"https:\/\/d2p6e6u75xmxt8.cloudfront.net\/5\/2018\/05\/hero_0.jpg","datePublished":"2018-05-23T14:13:20+00:00","author":{"@id":"https:\/\/www.welovecycling.com\/pl\/#\/schema\/person\/0dba2d39da943db9df3fd8f4687e7f23"},"breadcrumb":{"@id":"https:\/\/www.welovecycling.com\/pl\/2018\/05\/23\/historia-niezwyklego-zawodnika-niemal-zagladal-smierci-w-oczy-a-jednak-pobil-kolarski-rekord-swiata\/#breadcrumb"},"inLanguage":"pl-PL","potentialAction":[{"@type":"ReadAction","target":["https:\/\/www.welovecycling.com\/pl\/2018\/05\/23\/historia-niezwyklego-zawodnika-niemal-zagladal-smierci-w-oczy-a-jednak-pobil-kolarski-rekord-swiata\/"]}]},{"@type":"ImageObject","inLanguage":"pl-PL","@id":"https:\/\/www.welovecycling.com\/pl\/2018\/05\/23\/historia-niezwyklego-zawodnika-niemal-zagladal-smierci-w-oczy-a-jednak-pobil-kolarski-rekord-swiata\/#primaryimage","url":"https:\/\/d2p6e6u75xmxt8.cloudfront.net\/5\/2018\/05\/hero_0.jpg","contentUrl":"https:\/\/d2p6e6u75xmxt8.cloudfront.net\/5\/2018\/05\/hero_0.jpg","width":1366,"height":600},{"@type":"BreadcrumbList","@id":"https:\/\/www.welovecycling.com\/pl\/2018\/05\/23\/historia-niezwyklego-zawodnika-niemal-zagladal-smierci-w-oczy-a-jednak-pobil-kolarski-rekord-swiata\/#breadcrumb","itemListElement":[{"@type":"ListItem","position":1,"name":"Home","item":"https:\/\/www.welovecycling.com\/pl\/"},{"@type":"ListItem","position":2,"name":"Historia niezwyk\u0142ego zawodnika: niemal zagl\u0105da\u0142 \u015bmierci w oczy, a jednak pobi\u0142 kolarski rekord \u015bwiata!"}]},{"@type":"WebSite","@id":"https:\/\/www.welovecycling.com\/pl\/#website","url":"https:\/\/www.welovecycling.com\/pl\/","name":"\u0160koda We Love Cycling - Poland","description":"","potentialAction":[{"@type":"SearchAction","target":{"@type":"EntryPoint","urlTemplate":"https:\/\/www.welovecycling.com\/pl\/?s={search_term_string}"},"query-input":{"@type":"PropertyValueSpecification","valueRequired":true,"valueName":"search_term_string"}}],"inLanguage":"pl-PL"},{"@type":"Person","@id":"https:\/\/www.welovecycling.com\/pl\/#\/schema\/person\/0dba2d39da943db9df3fd8f4687e7f23","name":"piotrboczkowski","image":{"@type":"ImageObject","inLanguage":"pl-PL","@id":"https:\/\/www.welovecycling.com\/pl\/#\/schema\/person\/image\/","url":"https:\/\/secure.gravatar.com\/avatar\/533caccae14752e03a2ce2d3fd62d1b98b93e1393c3195c27819e53344ca1ace?s=96&d=mm&r=g","contentUrl":"https:\/\/secure.gravatar.com\/avatar\/533caccae14752e03a2ce2d3fd62d1b98b93e1393c3195c27819e53344ca1ace?s=96&d=mm&r=g","caption":"piotrboczkowski"},"url":"https:\/\/www.welovecycling.com\/pl\/author\/piotrboczkowski\/"}]}},"_links":{"self":[{"href":"https:\/\/www.welovecycling.com\/pl\/wp-json\/wp\/v2\/posts\/7013","targetHints":{"allow":["GET"]}}],"collection":[{"href":"https:\/\/www.welovecycling.com\/pl\/wp-json\/wp\/v2\/posts"}],"about":[{"href":"https:\/\/www.welovecycling.com\/pl\/wp-json\/wp\/v2\/types\/post"}],"author":[{"embeddable":true,"href":"https:\/\/www.welovecycling.com\/pl\/wp-json\/wp\/v2\/users\/76"}],"replies":[{"embeddable":true,"href":"https:\/\/www.welovecycling.com\/pl\/wp-json\/wp\/v2\/comments?post=7013"}],"version-history":[{"count":2,"href":"https:\/\/www.welovecycling.com\/pl\/wp-json\/wp\/v2\/posts\/7013\/revisions"}],"predecessor-version":[{"id":7024,"href":"https:\/\/www.welovecycling.com\/pl\/wp-json\/wp\/v2\/posts\/7013\/revisions\/7024"}],"wp:featuredmedia":[{"embeddable":true,"href":"https:\/\/www.welovecycling.com\/pl\/wp-json\/wp\/v2\/media\/7020"}],"wp:attachment":[{"href":"https:\/\/www.welovecycling.com\/pl\/wp-json\/wp\/v2\/media?parent=7013"}],"wp:term":[{"taxonomy":"category","embeddable":true,"href":"https:\/\/www.welovecycling.com\/pl\/wp-json\/wp\/v2\/categories?post=7013"},{"taxonomy":"post_tag","embeddable":true,"href":"https:\/\/www.welovecycling.com\/pl\/wp-json\/wp\/v2\/tags?post=7013"},{"taxonomy":"global-categories","embeddable":true,"href":"https:\/\/www.welovecycling.com\/pl\/wp-json\/wp\/v2\/global-categories?post=7013"}],"curies":[{"name":"wp","href":"https:\/\/api.w.org\/{rel}","templated":true}]}}