{"id":6978,"date":"2018-05-18T12:28:35","date_gmt":"2018-05-18T12:28:35","guid":{"rendered":"https:\/\/www.welovecycling.com\/pl\/?p=6978"},"modified":"2018-05-18T12:28:35","modified_gmt":"2018-05-18T12:28:35","slug":"jak-to-jest-byc-wiecznie-drugim-niesamowita-historia-na-tour-de-france","status":"publish","type":"post","link":"https:\/\/www.welovecycling.com\/pl\/2018\/05\/18\/jak-to-jest-byc-wiecznie-drugim-niesamowita-historia-na-tour-de-france\/","title":{"rendered":"Jak to jest by\u0107 wiecznie drugim? Niesamowita historia na Tour de France"},"content":{"rendered":"<p>To gotowy scenariusz na film. Z jednej strony opowiada o ucieczce ze spo\u0142ecznych nizin, z drugiej o sportowym dramacie bez szcz\u0119\u015bliwego zako\u0144czenia. Raymond Poulidor na podiach najwi\u0119kszych imprez kolarskich sta\u0142 kilkana\u015bcie razy, ale nigdy nie wygra\u0142! &#8211; Nawet gdyby w wy\u015bcigu pojecha\u0142 sam, to i tak nie zdo\u0142a\u0142by zwyci\u0119\u017cy\u0107 \u2013 \u017cartowano z\u0142o\u015bliwie.<\/p>\n<p>Gdyby \u017cy\u0142 w innych czasach, pewnie wygra\u0142by klasyfikacj\u0119 Tour de France i to kilka razy. Gdyby mia\u0142 wi\u0119cej ambicji, te\u017c zaj\u0105\u0142by najwy\u017cszy stopie\u0144 podium. I gdyby nie musia\u0142 pracowa\u0107 jako rolnik i traci\u0107 czasu w wojsku, to\u2026 Gdyby, gdyby, gdyby\u2026<\/p>\n<p>Raymond Poulidor by\u0142 wybitnym zawodnikiem i ogromnym talentem, ale zapracowa\u0142 sobie tylko na przydomek \u201eWiecznie Drugi\u201d. Osiem razy by\u0142 na podium Tour de France, ale ani razu pierwszy. Zdoby\u0142 cztery medale igrzysk olimpijskich oraz cztery mistrzostw \u015bwiata, ale \u017cadnego z\u0142otego. Poznajcie histori\u0119 chyba najwi\u0119kszego pechowca (a mo\u017ce po prostu niespe\u0142nionego zawodnika?) w historii kolarstwa.<\/p>\n<p><strong>Ucieczka od pracy<\/strong><\/p>\n<p>Zaczyna si\u0119 w ma\u0142ej i ubogiej wsi w centralnej Francji. Raymond przychodzi na \u015bwiat w 1936 r. i ju\u017c wtedy by\u0142o wiadomo, \u017ce przed nim trudne dzieci\u0144stwo. Jako kilkulatek musia\u0142 pracowa\u0107 na roli &#8211; w gospodarstwie nie do\u015b\u0107, \u017ce ma\u0142ym, to jeszcze nie rodz\u0105cym wielkich plon\u00f3w.<\/p>\n<p>Ze szko\u0142y zrezygnowa\u0142 w wieku 14 lat, nie by\u0142 to jego wyb\u00f3r, ale rodzic\u00f3w. Jego r\u0119ce do pracy by\u0142y potrzebne kilkana\u015bcie godzin na dob\u0119, wi\u0119c o dalszej edukacji m\u00f3g\u0142 tylko pomarzy\u0107. Mimo to znajdowa\u0142 czas, by realizowa\u0107 \u017cyciow\u0105 pasj\u0119, czyli jazd\u0119 na rowerze. Czasem wcze\u015bniej urwa\u0142 si\u0119 z pracy, czasem po prostu kr\u00f3cej spa\u0142, byle tylko przejecha\u0107 jak najwi\u0119cej kilometr\u00f3w.<\/p>\n<p>Prze\u0142om nast\u0105pi\u0142 w spos\u00f3b, kt\u00f3rego te\u017c nie powstydzi\u0142by si\u0119 re\u017cyser ameryka\u0144skich melodramat\u00f3w. A mianowicie \u2013 Poulidor pierwszy rower otrzyma\u0142 od w\u0142a\u015bciciela sklepu rowerowego. Gdyby nie on, m\u0142ody Raymond nie zacz\u0105\u0142by seryjnie wygrywa\u0107 lokalnych wy\u015bcig\u00f3w i tym samym nie zarabia\u0142by pieni\u0119dzy, kt\u00f3re powoli przekonywa\u0142y rodzic\u00f3w do tego, by troch\u0119 odci\u0105\u017cy\u0107 go od pracy na roli, bo by\u0107 mo\u017ce znalaz\u0142 lepszy spos\u00f3b na \u017cycie.<\/p>\n<p><strong>Walka z kolarskimi legendami<\/strong><\/p>\n<p>Gdy kariera zacz\u0119\u0142a si\u0119 rozkr\u0119ca\u0107, Poulidor otrzyma\u0142 powo\u0142anie do wojska. Tam zamiast porannej jazdy by\u0142y musztry, a dziesi\u0105tki kilometr\u00f3w pokonywane na rowerze musia\u0142 zamieni\u0107 na nauk\u0119 pos\u0142ugiwania si\u0119 broni\u0105. Na rower wr\u00f3ci\u0142 w wieku 24 lat i niemal od razu zacz\u0105\u0142 zwyci\u0119\u017ca\u0107.<\/p>\n<p>Najpierw by\u0142y ma\u0142e wy\u015bcigi, nast\u0119pnie coraz powa\u017cniejsze. Dwa lata p\u00f3\u017aniej by\u0142 na tyle dobry, \u017ce pojecha\u0142 w swoim debiutanckim Tour de France i zaj\u0105\u0142 trzecie miejsce w klasyfikacji generalnej. Wygra\u0142 jego rodak \u2013 legendarny Jacques Anquetil, pi\u0119ciokrotny zwyci\u0119zca Wielkiej P\u0119tli.<\/p>\n<p>I to w\u0142a\u015bnie kariera przypadaj\u0105ca na czasy Anquetila i \u015bwietnego Eddy\u2019ego Merckxa by\u0142a najwi\u0119kszym pechem Poulidora. 10 lub 20 lat wcze\u015bniej Francuz pewnie dopi\u0105\u0142by swego, ale przy tak znakomitych konkurentach na podium Tour de France by\u0142 kolejno: trzeci, drugi, drugi, trzeci, trzeci, trzeci, drugi, trzeci. \u0141\u0105cznie 11 start\u00f3w, pi\u0119\u0107 trzecich miejsc, trzy drugie, ale \u017cadnego pierwszego\u2026<\/p>\n<p>By\u0142 mocny w g\u00f3rach, do tego podczas Wielkiej P\u0119tli ni\u00f3s\u0142 go doping Francuz\u00f3w. To w\u0142a\u015bnie jemu, a nie znacznie bardziej utytu\u0142owanemu Anquetilowi kibicowa\u0142a wi\u0119kszo\u015b\u0107 rodak\u00f3w. W bezpo\u015brednich starciach Poulidor dor\u00f3wnywa\u0142 Anquetilowi, ale jego rywal by\u0142 wybitnym strategiem. Gdy ju\u017c wychodzi\u0142 na prowadzenie i zaczyna\u0142 kontrolowa\u0107 wy\u015bcig, trudno by\u0142o odebra\u0107 mu zwyci\u0119stwo.<\/p>\n<p>Gdy Anquetil schodzi\u0142 z kolarskiej sceny, wydawa\u0142o si\u0119, \u017ce w\u0142a\u015bnie nadchodzi czas Poulidora. Tyle, \u017ce najpierw zacz\u0119\u0142y trapi\u0107 go kontuzje, a p\u00f3\u017aniej w peletonie pojawi\u0142 si\u0119 wielki Eddy Merckx, kt\u00f3ry Tour de France wygra\u0142 pi\u0119ciokrotnie. Za jego panowania Poulidor kolekcjonowa\u0142 kolejne miejsca na podium, ale nigdy nie stan\u0105\u0142 na najwy\u017cszym. Tym samym sta\u0142 si\u0119 rekordzist\u0105 pod wzgl\u0119dem drugich i trzech miejsc w Wielkiej P\u0119tli. Jednak nigdy tego wy\u015bcigu nie wygra\u0142.<\/p>\n<p><strong>Ambicja\u2026<\/strong><\/p>\n<p>Po latach okaza\u0142o si\u0119, \u017ce to nie tylko umiej\u0119tno\u015bci rywali sta\u0142y za tym, \u017ce Poulidor zas\u0142u\u017cy\u0142 sobie na przydomek \u201eWiecznie Drugi\u201d. Inny pow\u00f3d zdradzi\u0142 sam zawodnik, a by\u0142a nim niewystarczaj\u0105ca ambicja. \u2013 My\u015bla\u0142em, \u017ce to co osi\u0105gn\u0105\u0142em, to ju\u017c wystarczaj\u0105co du\u017co i czu\u0142em si\u0119 z tym \u015bwietnie. Dlatego nigdy, ale to nigdy nie wstawa\u0142em rano z my\u015bl\u0105: \u201eDzi\u015b musz\u0119 zwyci\u0119\u017cy\u0107!\u201d \u2013 m\u00f3wi\u0142 w wywiadzie dla \u201eVelo\u201d.<\/p>\n<p>Dzi\u015b Poulidor ma 82 lata i wci\u0105\u017c jest blisko kolarstwa. Jego dzieci oraz wnuki by\u0142y lub s\u0105 zawodnikami, a on sam zajmuje si\u0119 sprzeda\u017c\u0105 rower\u00f3w oraz jest blisko organizacji Tour de France. Opublikowano o nim ju\u017c kilka ksi\u0105\u017cek, a przedmow\u0119 do jednej z nich napisa\u0142 Eddy Merckx, kt\u00f3ry tym samym, nawet w autobiografii Poulidora, znalaz\u0142 si\u0119 przed nim. Tym razem jednak na wyra\u017an\u0105 pro\u015bb\u0119 Francuza.<\/p>\n","protected":false},"excerpt":{"rendered":"<p>To gotowy scenariusz na film. Z jednej strony opowiada o ucieczce ze spo\u0142ecznych nizin, z drugiej o sportowym dramacie bez [&hellip;]<\/p>\n","protected":false},"author":76,"featured_media":6979,"comment_status":"open","ping_status":"open","sticky":false,"template":"","format":"standard","meta":{"footnotes":""},"categories":[226],"tags":[176,77],"global-categories":[],"class_list":["post-6978","post","type-post","status-publish","format-standard","has-post-thumbnail","hentry","category-ciekawostki","tag-kolarstwo","tag-tour-de-france"],"yoast_head":"<!-- This site is optimized with the Yoast SEO Premium plugin v25.3 (Yoast SEO v25.9) - https:\/\/yoast.com\/wordpress\/plugins\/seo\/ -->\n<title>Jak to jest by\u0107 wiecznie drugim? Niesamowita historia na Tour de France - \u0160koda We Love Cycling - Poland<\/title>\n<meta name=\"robots\" content=\"index, follow, max-snippet:-1, max-image-preview:large, max-video-preview:-1\" \/>\n<link rel=\"canonical\" href=\"https:\/\/www.welovecycling.com\/pl\/2018\/05\/18\/jak-to-jest-byc-wiecznie-drugim-niesamowita-historia-na-tour-de-france\/\" \/>\n<meta property=\"og:locale\" content=\"pl_PL\" \/>\n<meta property=\"og:type\" content=\"article\" \/>\n<meta property=\"og:title\" content=\"Jak to jest by\u0107 wiecznie drugim? Niesamowita historia na Tour de France\" \/>\n<meta property=\"og:description\" content=\"To gotowy scenariusz na film. Z jednej strony opowiada o ucieczce ze spo\u0142ecznych nizin, z drugiej o sportowym dramacie bez [&hellip;]\" \/>\n<meta property=\"og:url\" content=\"https:\/\/www.welovecycling.com\/pl\/2018\/05\/18\/jak-to-jest-byc-wiecznie-drugim-niesamowita-historia-na-tour-de-france\/\" \/>\n<meta property=\"og:site_name\" content=\"\u0160koda We Love Cycling - Poland\" \/>\n<meta property=\"article:published_time\" content=\"2018-05-18T12:28:35+00:00\" \/>\n<meta property=\"og:image\" content=\"https:\/\/d2p6e6u75xmxt8.cloudfront.net\/5\/2018\/05\/shutterstock_15153.jpg\" \/>\n\t<meta property=\"og:image:width\" content=\"2000\" \/>\n\t<meta property=\"og:image:height\" content=\"1357\" \/>\n\t<meta property=\"og:image:type\" content=\"image\/jpeg\" \/>\n<meta name=\"author\" content=\"piotrboczkowski\" \/>\n<meta name=\"twitter:card\" content=\"summary_large_image\" \/>\n<meta name=\"twitter:label1\" content=\"Written by\" \/>\n\t<meta name=\"twitter:data1\" content=\"Piotr Jawor\" \/>\n\t<meta name=\"twitter:label2\" content=\"Est. reading time\" \/>\n\t<meta name=\"twitter:data2\" content=\"4 minutes\" \/>\n<script type=\"application\/ld+json\" class=\"yoast-schema-graph\">{\"@context\":\"https:\/\/schema.org\",\"@graph\":[{\"@type\":\"WebPage\",\"@id\":\"https:\/\/www.welovecycling.com\/pl\/2018\/05\/18\/jak-to-jest-byc-wiecznie-drugim-niesamowita-historia-na-tour-de-france\/\",\"url\":\"https:\/\/www.welovecycling.com\/pl\/2018\/05\/18\/jak-to-jest-byc-wiecznie-drugim-niesamowita-historia-na-tour-de-france\/\",\"name\":\"Jak to jest by\u0107 wiecznie drugim? Niesamowita historia na Tour de France - \u0160koda We Love Cycling - Poland\",\"isPartOf\":{\"@id\":\"https:\/\/www.welovecycling.com\/pl\/#website\"},\"primaryImageOfPage\":{\"@id\":\"https:\/\/www.welovecycling.com\/pl\/2018\/05\/18\/jak-to-jest-byc-wiecznie-drugim-niesamowita-historia-na-tour-de-france\/#primaryimage\"},\"image\":{\"@id\":\"https:\/\/www.welovecycling.com\/pl\/2018\/05\/18\/jak-to-jest-byc-wiecznie-drugim-niesamowita-historia-na-tour-de-france\/#primaryimage\"},\"thumbnailUrl\":\"https:\/\/d2p6e6u75xmxt8.cloudfront.net\/5\/2018\/05\/shutterstock_15153.jpg\",\"datePublished\":\"2018-05-18T12:28:35+00:00\",\"author\":{\"@id\":\"https:\/\/www.welovecycling.com\/pl\/#\/schema\/person\/0dba2d39da943db9df3fd8f4687e7f23\"},\"breadcrumb\":{\"@id\":\"https:\/\/www.welovecycling.com\/pl\/2018\/05\/18\/jak-to-jest-byc-wiecznie-drugim-niesamowita-historia-na-tour-de-france\/#breadcrumb\"},\"inLanguage\":\"pl-PL\",\"potentialAction\":[{\"@type\":\"ReadAction\",\"target\":[\"https:\/\/www.welovecycling.com\/pl\/2018\/05\/18\/jak-to-jest-byc-wiecznie-drugim-niesamowita-historia-na-tour-de-france\/\"]}]},{\"@type\":\"ImageObject\",\"inLanguage\":\"pl-PL\",\"@id\":\"https:\/\/www.welovecycling.com\/pl\/2018\/05\/18\/jak-to-jest-byc-wiecznie-drugim-niesamowita-historia-na-tour-de-france\/#primaryimage\",\"url\":\"https:\/\/d2p6e6u75xmxt8.cloudfront.net\/5\/2018\/05\/shutterstock_15153.jpg\",\"contentUrl\":\"https:\/\/d2p6e6u75xmxt8.cloudfront.net\/5\/2018\/05\/shutterstock_15153.jpg\",\"width\":2000,\"height\":1357},{\"@type\":\"BreadcrumbList\",\"@id\":\"https:\/\/www.welovecycling.com\/pl\/2018\/05\/18\/jak-to-jest-byc-wiecznie-drugim-niesamowita-historia-na-tour-de-france\/#breadcrumb\",\"itemListElement\":[{\"@type\":\"ListItem\",\"position\":1,\"name\":\"Home\",\"item\":\"https:\/\/www.welovecycling.com\/pl\/\"},{\"@type\":\"ListItem\",\"position\":2,\"name\":\"Jak to jest by\u0107 wiecznie drugim? Niesamowita historia na Tour de France\"}]},{\"@type\":\"WebSite\",\"@id\":\"https:\/\/www.welovecycling.com\/pl\/#website\",\"url\":\"https:\/\/www.welovecycling.com\/pl\/\",\"name\":\"\u0160koda We Love Cycling - Poland\",\"description\":\"\",\"potentialAction\":[{\"@type\":\"SearchAction\",\"target\":{\"@type\":\"EntryPoint\",\"urlTemplate\":\"https:\/\/www.welovecycling.com\/pl\/?s={search_term_string}\"},\"query-input\":{\"@type\":\"PropertyValueSpecification\",\"valueRequired\":true,\"valueName\":\"search_term_string\"}}],\"inLanguage\":\"pl-PL\"},{\"@type\":\"Person\",\"@id\":\"https:\/\/www.welovecycling.com\/pl\/#\/schema\/person\/0dba2d39da943db9df3fd8f4687e7f23\",\"name\":\"piotrboczkowski\",\"image\":{\"@type\":\"ImageObject\",\"inLanguage\":\"pl-PL\",\"@id\":\"https:\/\/www.welovecycling.com\/pl\/#\/schema\/person\/image\/\",\"url\":\"https:\/\/secure.gravatar.com\/avatar\/533caccae14752e03a2ce2d3fd62d1b98b93e1393c3195c27819e53344ca1ace?s=96&d=mm&r=g\",\"contentUrl\":\"https:\/\/secure.gravatar.com\/avatar\/533caccae14752e03a2ce2d3fd62d1b98b93e1393c3195c27819e53344ca1ace?s=96&d=mm&r=g\",\"caption\":\"piotrboczkowski\"},\"url\":\"https:\/\/www.welovecycling.com\/pl\/author\/piotrboczkowski\/\"}]}<\/script>\n<!-- \/ Yoast SEO Premium plugin. -->","yoast_head_json":{"title":"Jak to jest by\u0107 wiecznie drugim? Niesamowita historia na Tour de France - \u0160koda We Love Cycling - Poland","robots":{"index":"index","follow":"follow","max-snippet":"max-snippet:-1","max-image-preview":"max-image-preview:large","max-video-preview":"max-video-preview:-1"},"canonical":"https:\/\/www.welovecycling.com\/pl\/2018\/05\/18\/jak-to-jest-byc-wiecznie-drugim-niesamowita-historia-na-tour-de-france\/","og_locale":"pl_PL","og_type":"article","og_title":"Jak to jest by\u0107 wiecznie drugim? Niesamowita historia na Tour de France","og_description":"To gotowy scenariusz na film. Z jednej strony opowiada o ucieczce ze spo\u0142ecznych nizin, z drugiej o sportowym dramacie bez [&hellip;]","og_url":"https:\/\/www.welovecycling.com\/pl\/2018\/05\/18\/jak-to-jest-byc-wiecznie-drugim-niesamowita-historia-na-tour-de-france\/","og_site_name":"\u0160koda We Love Cycling - Poland","article_published_time":"2018-05-18T12:28:35+00:00","og_image":[{"width":2000,"height":1357,"url":"https:\/\/d2p6e6u75xmxt8.cloudfront.net\/5\/2018\/05\/shutterstock_15153.jpg","type":"image\/jpeg"}],"author":"piotrboczkowski","twitter_card":"summary_large_image","twitter_misc":{"Written by":"Piotr Jawor","Est. reading time":"4 minutes"},"schema":{"@context":"https:\/\/schema.org","@graph":[{"@type":"WebPage","@id":"https:\/\/www.welovecycling.com\/pl\/2018\/05\/18\/jak-to-jest-byc-wiecznie-drugim-niesamowita-historia-na-tour-de-france\/","url":"https:\/\/www.welovecycling.com\/pl\/2018\/05\/18\/jak-to-jest-byc-wiecznie-drugim-niesamowita-historia-na-tour-de-france\/","name":"Jak to jest by\u0107 wiecznie drugim? Niesamowita historia na Tour de France - \u0160koda We Love Cycling - Poland","isPartOf":{"@id":"https:\/\/www.welovecycling.com\/pl\/#website"},"primaryImageOfPage":{"@id":"https:\/\/www.welovecycling.com\/pl\/2018\/05\/18\/jak-to-jest-byc-wiecznie-drugim-niesamowita-historia-na-tour-de-france\/#primaryimage"},"image":{"@id":"https:\/\/www.welovecycling.com\/pl\/2018\/05\/18\/jak-to-jest-byc-wiecznie-drugim-niesamowita-historia-na-tour-de-france\/#primaryimage"},"thumbnailUrl":"https:\/\/d2p6e6u75xmxt8.cloudfront.net\/5\/2018\/05\/shutterstock_15153.jpg","datePublished":"2018-05-18T12:28:35+00:00","author":{"@id":"https:\/\/www.welovecycling.com\/pl\/#\/schema\/person\/0dba2d39da943db9df3fd8f4687e7f23"},"breadcrumb":{"@id":"https:\/\/www.welovecycling.com\/pl\/2018\/05\/18\/jak-to-jest-byc-wiecznie-drugim-niesamowita-historia-na-tour-de-france\/#breadcrumb"},"inLanguage":"pl-PL","potentialAction":[{"@type":"ReadAction","target":["https:\/\/www.welovecycling.com\/pl\/2018\/05\/18\/jak-to-jest-byc-wiecznie-drugim-niesamowita-historia-na-tour-de-france\/"]}]},{"@type":"ImageObject","inLanguage":"pl-PL","@id":"https:\/\/www.welovecycling.com\/pl\/2018\/05\/18\/jak-to-jest-byc-wiecznie-drugim-niesamowita-historia-na-tour-de-france\/#primaryimage","url":"https:\/\/d2p6e6u75xmxt8.cloudfront.net\/5\/2018\/05\/shutterstock_15153.jpg","contentUrl":"https:\/\/d2p6e6u75xmxt8.cloudfront.net\/5\/2018\/05\/shutterstock_15153.jpg","width":2000,"height":1357},{"@type":"BreadcrumbList","@id":"https:\/\/www.welovecycling.com\/pl\/2018\/05\/18\/jak-to-jest-byc-wiecznie-drugim-niesamowita-historia-na-tour-de-france\/#breadcrumb","itemListElement":[{"@type":"ListItem","position":1,"name":"Home","item":"https:\/\/www.welovecycling.com\/pl\/"},{"@type":"ListItem","position":2,"name":"Jak to jest by\u0107 wiecznie drugim? Niesamowita historia na Tour de France"}]},{"@type":"WebSite","@id":"https:\/\/www.welovecycling.com\/pl\/#website","url":"https:\/\/www.welovecycling.com\/pl\/","name":"\u0160koda We Love Cycling - Poland","description":"","potentialAction":[{"@type":"SearchAction","target":{"@type":"EntryPoint","urlTemplate":"https:\/\/www.welovecycling.com\/pl\/?s={search_term_string}"},"query-input":{"@type":"PropertyValueSpecification","valueRequired":true,"valueName":"search_term_string"}}],"inLanguage":"pl-PL"},{"@type":"Person","@id":"https:\/\/www.welovecycling.com\/pl\/#\/schema\/person\/0dba2d39da943db9df3fd8f4687e7f23","name":"piotrboczkowski","image":{"@type":"ImageObject","inLanguage":"pl-PL","@id":"https:\/\/www.welovecycling.com\/pl\/#\/schema\/person\/image\/","url":"https:\/\/secure.gravatar.com\/avatar\/533caccae14752e03a2ce2d3fd62d1b98b93e1393c3195c27819e53344ca1ace?s=96&d=mm&r=g","contentUrl":"https:\/\/secure.gravatar.com\/avatar\/533caccae14752e03a2ce2d3fd62d1b98b93e1393c3195c27819e53344ca1ace?s=96&d=mm&r=g","caption":"piotrboczkowski"},"url":"https:\/\/www.welovecycling.com\/pl\/author\/piotrboczkowski\/"}]}},"_links":{"self":[{"href":"https:\/\/www.welovecycling.com\/pl\/wp-json\/wp\/v2\/posts\/6978","targetHints":{"allow":["GET"]}}],"collection":[{"href":"https:\/\/www.welovecycling.com\/pl\/wp-json\/wp\/v2\/posts"}],"about":[{"href":"https:\/\/www.welovecycling.com\/pl\/wp-json\/wp\/v2\/types\/post"}],"author":[{"embeddable":true,"href":"https:\/\/www.welovecycling.com\/pl\/wp-json\/wp\/v2\/users\/76"}],"replies":[{"embeddable":true,"href":"https:\/\/www.welovecycling.com\/pl\/wp-json\/wp\/v2\/comments?post=6978"}],"version-history":[{"count":2,"href":"https:\/\/www.welovecycling.com\/pl\/wp-json\/wp\/v2\/posts\/6978\/revisions"}],"predecessor-version":[{"id":6981,"href":"https:\/\/www.welovecycling.com\/pl\/wp-json\/wp\/v2\/posts\/6978\/revisions\/6981"}],"wp:featuredmedia":[{"embeddable":true,"href":"https:\/\/www.welovecycling.com\/pl\/wp-json\/wp\/v2\/media\/6979"}],"wp:attachment":[{"href":"https:\/\/www.welovecycling.com\/pl\/wp-json\/wp\/v2\/media?parent=6978"}],"wp:term":[{"taxonomy":"category","embeddable":true,"href":"https:\/\/www.welovecycling.com\/pl\/wp-json\/wp\/v2\/categories?post=6978"},{"taxonomy":"post_tag","embeddable":true,"href":"https:\/\/www.welovecycling.com\/pl\/wp-json\/wp\/v2\/tags?post=6978"},{"taxonomy":"global-categories","embeddable":true,"href":"https:\/\/www.welovecycling.com\/pl\/wp-json\/wp\/v2\/global-categories?post=6978"}],"curies":[{"name":"wp","href":"https:\/\/api.w.org\/{rel}","templated":true}]}}