{"id":6958,"date":"2018-05-17T15:48:20","date_gmt":"2018-05-17T15:48:20","guid":{"rendered":"https:\/\/www.welovecycling.com\/pl\/?p=6958"},"modified":"2018-05-22T18:35:09","modified_gmt":"2018-05-22T18:35:09","slug":"rower-sposob-na-zycie","status":"publish","type":"post","link":"https:\/\/www.welovecycling.com\/pl\/2018\/05\/17\/rower-sposob-na-zycie\/","title":{"rendered":"Piotr \u201eSzwed\u201d Szwedowski: Rower &#8211; spos\u00f3b na \u017cycie\u00a0"},"content":{"rendered":"<p>Odk\u0105d pami\u0119tam interesowa\u0142em si\u0119 motoryzacj\u0105,\u00a0 w dzieci\u0144stwie wyjazdy na dolno\u015bl\u0105skie rajdy i podziwianie rajdowc\u00f3w na g\u00f3rskich odcinkach specjalnych by\u0142o dla mnie czym\u015b najbardziej ekscytuj\u0105cym i wyczekiwanym. Do dzi\u015b na my\u015bl o rozgrzanych do czerwono\u015bci tarczach hamulcowych w aucie mojego pierwszego idola Mariana Bublewicza przechodz\u0105 po mnie ciarki. Praktycznie od zawsze moim marzeniem by\u0142o zosta\u0107 profesjonalnym kierowc\u0105 rajdowym, niestety realia czyli brak mo\u017cliwo\u015bci finansowych uniemo\u017cliwi\u0142y mi w dzieci\u0144stwie uprawianie kartingu, a potem ;przygody z rajdami. \u00a0B\u0119d\u0105c dzieckiem pe\u0142nym zapa\u0142u, kt\u00f3re nie by\u0142o w stanie usiedzie\u0107 przez chwil\u0119 w jednym miejscu skierowa\u0142em ca\u0142\u0105 swoj\u0105 energi\u0119 w kierunku czego\u015b bardziej dla mnie dost\u0119pnego, czyli roweru.<\/p>\n<p>Bicykl bez bocznych k\u00f3\u0142ek opanowa\u0142em maj\u0105c 3 lata, ale na prezent, kt\u00f3ry zmieni\u0142 moje \u017cycie musia\u0142em poczeka\u0107 jeszcze par\u0119 lat i tak na prze\u0142omie lat 80\/90 od rodzic\u00f3w dosta\u0142em rower marze\u0144 BMX-a American Rider Winnebago z niebieskimi oponami! Ju\u017c wtedy rower sta\u0142 si\u0119 \u00a0moj\u0105 pasj\u0105 ale nic nie wskazywa\u0142o na to, \u017ce zostanie moim sposobem na \u017cycie. Mia\u0142em wtedy zaledwie 8-10 lat, a Polska wychodzi\u0142a z komuny.<\/p>\n<p>Kolejnym rowerowym etapem id\u0105cym r\u00f3wnolegle z jazd\u0105 na bmxie by\u0142 rower g\u00f3rski.\u00a0 Starty \u00a0w zawodach MTB rozpocz\u0105\u0142em na pocz\u0105tku lat dziewi\u0119\u0107dziesi\u0105tych i trwa\u0142y one ca\u0142e moje dzieci\u0144stwo. Z biegiem czasu do naszego kraju zacz\u0119\u0142o dochodzi\u0107 coraz wi\u0119cej zagranicznych magazyn\u00f3w po\u015bwi\u0119conych kolarstwu g\u00f3rskiemu, stacja Eurosport transmitowa\u0142a relacje z Pucharu \u015awiata, analizuj\u0105c nagrania VHS z tych zawod\u00f3w doskonali\u0142em swoj\u0105 technik\u0119 jazdy i ustawienia sprz\u0119tu. W po\u0142owie lat dziewi\u0119\u0107dziesi\u0105tych wi\u0119kszo\u015b\u0107 licz\u0105cych si\u0119 firm i zawodnik\u00f3w by\u0142a ze Stan\u00f3w Zjednoczonych. Kalifornia by\u0142a wtedy mekk\u0105 tego sportu i z biegiem czasu sta\u0142a si\u0119 moj\u0105 obsesj\u0105 oraz marzeniem. \u00a0Chcia\u0142em trenowa\u0107 z najlepszymi i je\u017adzi\u0107 po najlepszych trasach, jednak wyjazd do s\u0142onecznego Stanu w tamtych czasach ze wzgl\u0119du na koszty i ogromn\u0105 r\u00f3\u017cnic\u0119 ekonomiczn\u0105 by\u0142 dla mnie nieosi\u0105galnym marzeniem. Musia\u0142em znale\u017a\u0107 spos\u00f3b na kontakt z najlepszymi. By\u0142em zdeterminowany, nie mia\u0142em wtedy nawet internetu. B\u0119d\u0105c nastolatkiem postawi\u0142em wszystko na jedn\u0105 kart\u0119: wys\u0142a\u0142em ponad sto list\u00f3w tradycyjn\u0105 poczt\u0105 do ameryka\u0144skich firm z bran\u017cy rowerowej. Adresy tych firm mia\u0142em z zagranicznych czasopism, a ca\u0142e przedsi\u0119wzi\u0119cie z racji ceny wysy\u0142ek zaj\u0119\u0142o mi klika miesi\u0119cy. Tym sposobem zacz\u0119\u0142a mnie wspiera\u0107 ma\u0142a odzie\u017cowa firma z okolic Los Angeles. Po ca\u0142ym sezonie kolarskim, w kt\u00f3rym starannie reprezentowa\u0142em ow\u0105 mark\u0119 zosta\u0142em przez nich zaproszony na sezon zimowy, gdzie w ciep\u0142ym klimacie na \u015bwietnych obiektach \u00a0mog\u0142em\u00a0 trenowa\u0107 z najlepszymi. Pisz\u0105c dok\u0142adniej, mog\u0142em trenowa\u0107 z zawodnikami, kt\u00f3rych zdj\u0119cia i plakaty tapetowa\u0142y m\u00f3j pok\u00f3j! I tak nieosi\u0105galne marzenie sta\u0142o si\u0119 realne, a ja mia\u0142em wtedy 19 lat.<\/p>\n<p><a href=\"https:\/\/d2p6e6u75xmxt8.cloudfront.net\/5\/2018\/05\/5.jpg\"><img loading=\"lazy\" decoding=\"async\" class=\"alignnone size-full wp-image-6961\" src=\"https:\/\/d2p6e6u75xmxt8.cloudfront.net\/5\/2018\/05\/5.jpg\" alt=\"\" width=\"600\" height=\"450\" srcset=\"https:\/\/d2p6e6u75xmxt8.cloudfront.net\/5\/2018\/05\/5.jpg 600w, https:\/\/d2p6e6u75xmxt8.cloudfront.net\/5\/2018\/05\/5-300x225.jpg 300w\" sizes=\"auto, (max-width: 600px) 100vw, 600px\" \/>Przy molo Huntington Beach z moim rowerowym Idolem Robbie Miranda<\/a><\/p>\n<p>Dzi\u0119ki mo\u017cliwo\u015bci trenowania w USA mocno podnios\u0142em sw\u00f3j poziom i nawi\u0105za\u0142em wiele cennych kontakt\u00f3w.<\/p>\n<p><a href=\"https:\/\/d2p6e6u75xmxt8.cloudfront.net\/5\/2018\/05\/6.jpg\"><img loading=\"lazy\" decoding=\"async\" class=\"size-full wp-image-6962 aligncenter\" src=\"https:\/\/d2p6e6u75xmxt8.cloudfront.net\/5\/2018\/05\/6.jpg\" alt=\"\" width=\"755\" height=\"517\" srcset=\"https:\/\/d2p6e6u75xmxt8.cloudfront.net\/5\/2018\/05\/6.jpg 755w, https:\/\/d2p6e6u75xmxt8.cloudfront.net\/5\/2018\/05\/6-300x205.jpg 300w\" sizes=\"auto, (max-width: 755px) 100vw, 755px\" \/><\/a><\/p>\n<p>Pozna\u0142em te\u017c drug\u0105 stron\u0119 medalu i zda\u0142em sobie spraw\u0119, \u017ce \u017cycie osoby zawodowo je\u017cd\u017c\u0105cej na rowerze nie jest us\u0142ane r\u00f3\u017cami, tak jak wydawa\u0142o mi si\u0119 wcze\u015bniej. Moje zimowe wyjazdy treningowe do Kalifornii sta\u0142y si\u0119 zwyczajem; przez lata uczy\u0142em si\u0119 wci\u0105\u017c nowych rzeczy, w\u00a0 \u017cyciu jak i na rowerze.<\/p>\n<p><a href=\"https:\/\/d2p6e6u75xmxt8.cloudfront.net\/5\/2018\/05\/1.jpg\"><img loading=\"lazy\" decoding=\"async\" class=\"size-full wp-image-6970 aligncenter\" src=\"https:\/\/d2p6e6u75xmxt8.cloudfront.net\/5\/2018\/05\/1.jpg\" alt=\"\" width=\"800\" height=\"533\" srcset=\"https:\/\/d2p6e6u75xmxt8.cloudfront.net\/5\/2018\/05\/1.jpg 800w, https:\/\/d2p6e6u75xmxt8.cloudfront.net\/5\/2018\/05\/1-300x200.jpg 300w, https:\/\/d2p6e6u75xmxt8.cloudfront.net\/5\/2018\/05\/1-768x512.jpg 768w, https:\/\/d2p6e6u75xmxt8.cloudfront.net\/5\/2018\/05\/1-272x182.jpg 272w\" sizes=\"auto, (max-width: 800px) 100vw, 800px\" \/><\/a><\/p>\n<p><a href=\"https:\/\/d2p6e6u75xmxt8.cloudfront.net\/5\/2018\/05\/2.jpg\"><img loading=\"lazy\" decoding=\"async\" class=\"size-full wp-image-6959 aligncenter\" src=\"https:\/\/d2p6e6u75xmxt8.cloudfront.net\/5\/2018\/05\/2.jpg\" alt=\"\" width=\"417\" height=\"639\" srcset=\"https:\/\/d2p6e6u75xmxt8.cloudfront.net\/5\/2018\/05\/2.jpg 417w, https:\/\/d2p6e6u75xmxt8.cloudfront.net\/5\/2018\/05\/2-196x300.jpg 196w\" sizes=\"auto, (max-width: 417px) 100vw, 417px\" \/><\/a><\/p>\n<p><a href=\"https:\/\/d2p6e6u75xmxt8.cloudfront.net\/5\/2018\/05\/3.jpg\"><img loading=\"lazy\" decoding=\"async\" class=\"size-full wp-image-6960 aligncenter\" src=\"https:\/\/d2p6e6u75xmxt8.cloudfront.net\/5\/2018\/05\/3.jpg\" alt=\"\" width=\"607\" height=\"748\" srcset=\"https:\/\/d2p6e6u75xmxt8.cloudfront.net\/5\/2018\/05\/3.jpg 607w, https:\/\/d2p6e6u75xmxt8.cloudfront.net\/5\/2018\/05\/3-243x300.jpg 243w\" sizes=\"auto, (max-width: 607px) 100vw, 607px\" \/><\/a><\/p>\n<p>&nbsp;<\/p>\n<p>Trenuj\u0105c w \u201eStanach\u201d na prze\u0142omie lat 90\/2000 zobaczy\u0142em relacj\u0119 TV z legendarnych zawod\u00f3w zjazdowych KAMIKAZE rozgrywanych tam od pocz\u0105tku lat 90. Zawody odbywaj\u0105 si\u0119 w malowniczych g\u00f3rach Sierra Nevada w Kalifornii, a nazw\u0119 zawdzi\u0119czaj\u0105 temu, \u017ce zawodnicy p\u0119dz\u0105 z pr\u0119dko\u015bci\u0105 100km\/h drog\u0105 nad przepa\u015bci\u0105 ze szczytu Mammoth Mountain (3\u00a0362\u00a0m).<\/p>\n<p><a href=\"https:\/\/d2p6e6u75xmxt8.cloudfront.net\/5\/2018\/05\/kamikaze6-mammoth-Mountain.jpg\"><img loading=\"lazy\" decoding=\"async\" class=\"wp-image-6969 aligncenter\" src=\"https:\/\/d2p6e6u75xmxt8.cloudfront.net\/5\/2018\/05\/kamikaze6-mammoth-Mountain-1920x1080.jpg\" alt=\"\" width=\"719\" height=\"405\" srcset=\"https:\/\/d2p6e6u75xmxt8.cloudfront.net\/5\/2018\/05\/kamikaze6-mammoth-Mountain.jpg 1920w, https:\/\/d2p6e6u75xmxt8.cloudfront.net\/5\/2018\/05\/kamikaze6-mammoth-Mountain-300x169.jpg 300w, https:\/\/d2p6e6u75xmxt8.cloudfront.net\/5\/2018\/05\/kamikaze6-mammoth-Mountain-768x432.jpg 768w, https:\/\/d2p6e6u75xmxt8.cloudfront.net\/5\/2018\/05\/kamikaze6-mammoth-Mountain-1024x576.jpg 1024w, https:\/\/d2p6e6u75xmxt8.cloudfront.net\/5\/2018\/05\/kamikaze6-mammoth-Mountain-1920x1080.jpg 1920w\" sizes=\"auto, (max-width: 719px) 100vw, 719px\" \/><\/a><\/p>\n<p>Apetyt ro\u015bnie w miar\u0119 jedzenia, a ogl\u0105daj\u0105c relacj\u0119 wiedzia\u0142em, \u017ce to co\u015b dla mnie i zrobi\u0119 wszystko, aby jako pierwszy Polak wystartowa\u0107 w Kamikaze. Mniej wi\u0119cej w tamtym czasie jazda na rowerze sta\u0142a si\u0119 moj\u0105 prac\u0105 i sposobem na \u017cycie, zawody Kamikaze ze wzgl\u0119du na kilka bardzo powa\u017cnych wypadk\u00f3w zosta\u0142y zawieszone. Skoncentrowa\u0142em si\u0119 na startach w konkurencji MTB 4X i zosta\u0142em powo\u0142any do kadry narodowej.<\/p>\n<p>Czas mija\u0142, ale kultowe Kamikaze zawsze by\u0142o w mojej g\u0142owie. Gdy w sezonie 2013 og\u0142oszono powr\u00f3t tego klasyka wiedzia\u0142em, \u017ce musz\u0119 tam by\u0107. Dzi\u0119ki moim sponsorom jako pierwszy Polak zameldowa\u0142em si\u0119 na starcie Kamikaze.<\/p>\n<p><a href=\"https:\/\/d2p6e6u75xmxt8.cloudfront.net\/5\/2018\/05\/kamikaze2.jpg\"><img loading=\"lazy\" decoding=\"async\" class=\"wp-image-6965 aligncenter\" src=\"https:\/\/d2p6e6u75xmxt8.cloudfront.net\/5\/2018\/05\/kamikaze2.jpg\" alt=\"\" width=\"788\" height=\"365\" srcset=\"https:\/\/d2p6e6u75xmxt8.cloudfront.net\/5\/2018\/05\/kamikaze2.jpg 987w, https:\/\/d2p6e6u75xmxt8.cloudfront.net\/5\/2018\/05\/kamikaze2-300x139.jpg 300w, https:\/\/d2p6e6u75xmxt8.cloudfront.net\/5\/2018\/05\/kamikaze2-768x356.jpg 768w\" sizes=\"auto, (max-width: 788px) 100vw, 788px\" \/><\/a><\/p>\n<p><a href=\"https:\/\/d2p6e6u75xmxt8.cloudfront.net\/5\/2018\/05\/kamikaze.jpg\"><img loading=\"lazy\" decoding=\"async\" class=\"wp-image-6964 aligncenter\" src=\"https:\/\/d2p6e6u75xmxt8.cloudfront.net\/5\/2018\/05\/kamikaze-1920x1280.jpg\" alt=\"\" width=\"789\" height=\"526\" srcset=\"https:\/\/d2p6e6u75xmxt8.cloudfront.net\/5\/2018\/05\/kamikaze-1920x1280.jpg 1920w, https:\/\/d2p6e6u75xmxt8.cloudfront.net\/5\/2018\/05\/kamikaze-300x200.jpg 300w, https:\/\/d2p6e6u75xmxt8.cloudfront.net\/5\/2018\/05\/kamikaze-768x512.jpg 768w, https:\/\/d2p6e6u75xmxt8.cloudfront.net\/5\/2018\/05\/kamikaze-1024x683.jpg 1024w, https:\/\/d2p6e6u75xmxt8.cloudfront.net\/5\/2018\/05\/kamikaze-272x182.jpg 272w, https:\/\/d2p6e6u75xmxt8.cloudfront.net\/5\/2018\/05\/kamikaze.jpg 2048w, https:\/\/d2p6e6u75xmxt8.cloudfront.net\/5\/2018\/05\/kamikaze-1920x1280.jpg 1920w\" sizes=\"auto, (max-width: 789px) 100vw, 789px\" \/><\/a><\/p>\n<p>Przyznam szczerze, \u017ce nic w czym uczestniczy\u0142em wcze\u015bniej nie by\u0142o zbli\u017cone do startu w tych zawodach. Specyficzny, g\u0142\u0119boki skalny py\u0142 b\u0119d\u0105cy nawierzchni\u0105,\u00a0, pr\u0119dko\u015bci rz\u0119du 100 km\/h , hamowanie poprzez otwieranie sylwetki, wszystko to by\u0142o dla mnie nowo\u015bci\u0105.<\/p>\n<p><a href=\"https:\/\/d2p6e6u75xmxt8.cloudfront.net\/5\/2018\/05\/kamikaze5.jpg\"><img loading=\"lazy\" decoding=\"async\" class=\"wp-image-6968 aligncenter\" src=\"https:\/\/d2p6e6u75xmxt8.cloudfront.net\/5\/2018\/05\/kamikaze5-1920x1080.jpg\" alt=\"\" width=\"782\" height=\"440\" srcset=\"https:\/\/d2p6e6u75xmxt8.cloudfront.net\/5\/2018\/05\/kamikaze5.jpg 1920w, https:\/\/d2p6e6u75xmxt8.cloudfront.net\/5\/2018\/05\/kamikaze5-300x169.jpg 300w, https:\/\/d2p6e6u75xmxt8.cloudfront.net\/5\/2018\/05\/kamikaze5-768x432.jpg 768w, https:\/\/d2p6e6u75xmxt8.cloudfront.net\/5\/2018\/05\/kamikaze5-1024x576.jpg 1024w, https:\/\/d2p6e6u75xmxt8.cloudfront.net\/5\/2018\/05\/kamikaze5-1920x1080.jpg 1920w\" sizes=\"auto, (max-width: 782px) 100vw, 782px\" \/><\/a><\/p>\n<p>Otuchy z pewno\u015bci\u0105 nie dodawa\u0142 fakt, i\u017c pope\u0142nienie b\u0142\u0119du na trasie tych zawod\u00f3w wi\u0105\u017ce si\u0119 z du\u017cymi konsekwencjami. Najwi\u0119kszym problemem okaza\u0142a si\u0119 dla mnie wysoko\u015b\u0107. M\u00f3j wyjazd nie zak\u0142ada\u0142 aklimatyzacji, mieszkam na wysoko\u015bci oko\u0142o 300 m n.p.m., dwa dni przed zawodami wyl\u0105dowa\u0142em w San Francisco na wysoko\u015bci morza. Kamikaze s\u0105 zawodami, gdzie przez kilka minut dajemy z siebie wszystko: sprint od startu do mety. Na odcinkach pr\u0119dko\u015bciowych, stromych jecha\u0142em bardzo dobrze , natomiast w momentach p\u0142askich przechodzi\u0142em ci\u0119\u017ckie chwile. Pierwszego dnia trening zako\u0144czy\u0142em mocnym krwotokiem z nosa i gwiazdami przed oczami, drugiego dnia na zawodach by\u0142o ju\u017c troch\u0119 lepiej, ale daleko do normalnej dla mnie formy. Ostatecznie w swojej kategorii wiekowej zaj\u0105\u0142em trzecie miejsce, ale patrz\u0105c na realne mo\u017cliwo\u015bci wynik ten mobilizuje mnie do nast\u0119pnego celu. Kolejnego startu w Kamikaze po rozs\u0105dnym przygotowaniu i uprzedniej aklimatyzacji.<\/p>\n<p><a href=\"https:\/\/d2p6e6u75xmxt8.cloudfront.net\/5\/2018\/05\/kamikaze3.jpg\"><img loading=\"lazy\" decoding=\"async\" class=\"wp-image-6966 aligncenter\" src=\"https:\/\/d2p6e6u75xmxt8.cloudfront.net\/5\/2018\/05\/kamikaze3-1920x1049.jpg\" alt=\"\" width=\"759\" height=\"414\" srcset=\"https:\/\/d2p6e6u75xmxt8.cloudfront.net\/5\/2018\/05\/kamikaze3.jpg 1920w, https:\/\/d2p6e6u75xmxt8.cloudfront.net\/5\/2018\/05\/kamikaze3-300x164.jpg 300w, https:\/\/d2p6e6u75xmxt8.cloudfront.net\/5\/2018\/05\/kamikaze3-768x420.jpg 768w, https:\/\/d2p6e6u75xmxt8.cloudfront.net\/5\/2018\/05\/kamikaze3-1024x559.jpg 1024w, https:\/\/d2p6e6u75xmxt8.cloudfront.net\/5\/2018\/05\/kamikaze3-1920x1049.jpg 1920w\" sizes=\"auto, (max-width: 759px) 100vw, 759px\" \/><\/a><\/p>\n<p>Ciekawe jest to jak dzieci\u0119ca fascynacja potrafi przerodzi\u0107 si\u0119 w pasj\u0119 i spos\u00f3b na \u017cycie. Gdyby nie\u00a0 determinacja i marzenia o wyjazdach nie pozna\u0142bym wielu wspania\u0142ych ludzi, a moje \u017cycie z pewno\u015bci\u0105 wygl\u0105da\u0142o by inaczej. Pisz\u0105c dla Pa\u0144stwa ten artyku\u0142 jestem ju\u017c po dzisiejszej czterogodzinnej je\u017adzie na rowerze g\u00f3rskim, na kt\u00f3rym nadal sp\u0119dzam ponad trzysta dni w roku, kt\u00f3ry nadal jest moim sposobem na \u017cycie. Pomy\u015ble\u0107 tylko, \u017ce wszystko to zacz\u0119\u0142o si\u0119 od ma\u0142ego BMXa \u201eAmerican Rider\u201d.<\/p>\n","protected":false},"excerpt":{"rendered":"<p>Odk\u0105d pami\u0119tam interesowa\u0142em si\u0119 motoryzacj\u0105,\u00a0 w dzieci\u0144stwie wyjazdy na dolno\u015bl\u0105skie rajdy i podziwianie rajdowc\u00f3w na g\u00f3rskich odcinkach specjalnych by\u0142o dla [&hellip;]<\/p>\n","protected":false},"author":76,"featured_media":6976,"comment_status":"open","ping_status":"open","sticky":false,"template":"","format":"standard","meta":{"footnotes":""},"categories":[5],"tags":[41,22,134,197,82],"global-categories":[],"class_list":["post-6958","post","type-post","status-publish","format-standard","has-post-thumbnail","hentry","category-outdoormtb","tag-cycling","tag-mtb","tag-piotr-szwed-szwedowski","tag-rower-gorski","tag-welovecycling"],"yoast_head":"<!-- This site is optimized with the Yoast SEO Premium plugin v25.3 (Yoast SEO v25.9) - https:\/\/yoast.com\/wordpress\/plugins\/seo\/ -->\n<title>Piotr \u201eSzwed\u201d Szwedowski: Rower - spos\u00f3b na \u017cycie\u00a0 - \u0160koda We Love Cycling - Poland<\/title>\n<meta name=\"robots\" content=\"index, follow, max-snippet:-1, max-image-preview:large, max-video-preview:-1\" \/>\n<link rel=\"canonical\" href=\"https:\/\/www.welovecycling.com\/pl\/2018\/05\/17\/rower-sposob-na-zycie\/\" \/>\n<meta property=\"og:locale\" content=\"pl_PL\" \/>\n<meta property=\"og:type\" content=\"article\" \/>\n<meta property=\"og:title\" content=\"Piotr \u201eSzwed\u201d Szwedowski: Rower - spos\u00f3b na \u017cycie\u00a0\" \/>\n<meta property=\"og:description\" content=\"Odk\u0105d pami\u0119tam interesowa\u0142em si\u0119 motoryzacj\u0105,\u00a0 w dzieci\u0144stwie wyjazdy na dolno\u015bl\u0105skie rajdy i podziwianie rajdowc\u00f3w na g\u00f3rskich odcinkach specjalnych by\u0142o dla [&hellip;]\" \/>\n<meta property=\"og:url\" content=\"https:\/\/www.welovecycling.com\/pl\/2018\/05\/17\/rower-sposob-na-zycie\/\" \/>\n<meta property=\"og:site_name\" content=\"\u0160koda We Love Cycling - Poland\" \/>\n<meta property=\"article:published_time\" content=\"2018-05-17T15:48:20+00:00\" \/>\n<meta property=\"article:modified_time\" content=\"2018-05-22T18:35:09+00:00\" \/>\n<meta property=\"og:image\" content=\"https:\/\/d2p6e6u75xmxt8.cloudfront.net\/5\/2018\/05\/COVER-1-1024x660.jpg\" \/>\n\t<meta property=\"og:image:width\" content=\"1024\" \/>\n\t<meta property=\"og:image:height\" content=\"660\" \/>\n\t<meta property=\"og:image:type\" content=\"image\/jpeg\" \/>\n<meta name=\"author\" content=\"piotrboczkowski\" \/>\n<meta name=\"twitter:card\" content=\"summary_large_image\" \/>\n<meta name=\"twitter:label1\" content=\"Written by\" \/>\n\t<meta name=\"twitter:data1\" content=\"Piotr Szwedowski\" \/>\n\t<meta name=\"twitter:label2\" content=\"Est. reading time\" \/>\n\t<meta name=\"twitter:data2\" content=\"5 minutes\" \/>\n<script type=\"application\/ld+json\" class=\"yoast-schema-graph\">{\"@context\":\"https:\/\/schema.org\",\"@graph\":[{\"@type\":\"WebPage\",\"@id\":\"https:\/\/www.welovecycling.com\/pl\/2018\/05\/17\/rower-sposob-na-zycie\/\",\"url\":\"https:\/\/www.welovecycling.com\/pl\/2018\/05\/17\/rower-sposob-na-zycie\/\",\"name\":\"Piotr \u201eSzwed\u201d Szwedowski: Rower - spos\u00f3b na \u017cycie\u00a0 - \u0160koda We Love Cycling - Poland\",\"isPartOf\":{\"@id\":\"https:\/\/www.welovecycling.com\/pl\/#website\"},\"primaryImageOfPage\":{\"@id\":\"https:\/\/www.welovecycling.com\/pl\/2018\/05\/17\/rower-sposob-na-zycie\/#primaryimage\"},\"image\":{\"@id\":\"https:\/\/www.welovecycling.com\/pl\/2018\/05\/17\/rower-sposob-na-zycie\/#primaryimage\"},\"thumbnailUrl\":\"https:\/\/d2p6e6u75xmxt8.cloudfront.net\/5\/2018\/05\/COVER-1.jpg\",\"datePublished\":\"2018-05-17T15:48:20+00:00\",\"dateModified\":\"2018-05-22T18:35:09+00:00\",\"author\":{\"@id\":\"https:\/\/www.welovecycling.com\/pl\/#\/schema\/person\/0dba2d39da943db9df3fd8f4687e7f23\"},\"breadcrumb\":{\"@id\":\"https:\/\/www.welovecycling.com\/pl\/2018\/05\/17\/rower-sposob-na-zycie\/#breadcrumb\"},\"inLanguage\":\"pl-PL\",\"potentialAction\":[{\"@type\":\"ReadAction\",\"target\":[\"https:\/\/www.welovecycling.com\/pl\/2018\/05\/17\/rower-sposob-na-zycie\/\"]}]},{\"@type\":\"ImageObject\",\"inLanguage\":\"pl-PL\",\"@id\":\"https:\/\/www.welovecycling.com\/pl\/2018\/05\/17\/rower-sposob-na-zycie\/#primaryimage\",\"url\":\"https:\/\/d2p6e6u75xmxt8.cloudfront.net\/5\/2018\/05\/COVER-1.jpg\",\"contentUrl\":\"https:\/\/d2p6e6u75xmxt8.cloudfront.net\/5\/2018\/05\/COVER-1.jpg\",\"width\":3733,\"height\":2405},{\"@type\":\"BreadcrumbList\",\"@id\":\"https:\/\/www.welovecycling.com\/pl\/2018\/05\/17\/rower-sposob-na-zycie\/#breadcrumb\",\"itemListElement\":[{\"@type\":\"ListItem\",\"position\":1,\"name\":\"Home\",\"item\":\"https:\/\/www.welovecycling.com\/pl\/\"},{\"@type\":\"ListItem\",\"position\":2,\"name\":\"Piotr \u201eSzwed\u201d Szwedowski: Rower &#8211; spos\u00f3b na \u017cycie\u00a0\"}]},{\"@type\":\"WebSite\",\"@id\":\"https:\/\/www.welovecycling.com\/pl\/#website\",\"url\":\"https:\/\/www.welovecycling.com\/pl\/\",\"name\":\"\u0160koda We Love Cycling - Poland\",\"description\":\"\",\"potentialAction\":[{\"@type\":\"SearchAction\",\"target\":{\"@type\":\"EntryPoint\",\"urlTemplate\":\"https:\/\/www.welovecycling.com\/pl\/?s={search_term_string}\"},\"query-input\":{\"@type\":\"PropertyValueSpecification\",\"valueRequired\":true,\"valueName\":\"search_term_string\"}}],\"inLanguage\":\"pl-PL\"},{\"@type\":\"Person\",\"@id\":\"https:\/\/www.welovecycling.com\/pl\/#\/schema\/person\/0dba2d39da943db9df3fd8f4687e7f23\",\"name\":\"piotrboczkowski\",\"image\":{\"@type\":\"ImageObject\",\"inLanguage\":\"pl-PL\",\"@id\":\"https:\/\/www.welovecycling.com\/pl\/#\/schema\/person\/image\/\",\"url\":\"https:\/\/secure.gravatar.com\/avatar\/533caccae14752e03a2ce2d3fd62d1b98b93e1393c3195c27819e53344ca1ace?s=96&d=mm&r=g\",\"contentUrl\":\"https:\/\/secure.gravatar.com\/avatar\/533caccae14752e03a2ce2d3fd62d1b98b93e1393c3195c27819e53344ca1ace?s=96&d=mm&r=g\",\"caption\":\"piotrboczkowski\"},\"url\":\"https:\/\/www.welovecycling.com\/pl\/author\/piotrboczkowski\/\"}]}<\/script>\n<!-- \/ Yoast SEO Premium plugin. -->","yoast_head_json":{"title":"Piotr \u201eSzwed\u201d Szwedowski: Rower - spos\u00f3b na \u017cycie\u00a0 - \u0160koda We Love Cycling - Poland","robots":{"index":"index","follow":"follow","max-snippet":"max-snippet:-1","max-image-preview":"max-image-preview:large","max-video-preview":"max-video-preview:-1"},"canonical":"https:\/\/www.welovecycling.com\/pl\/2018\/05\/17\/rower-sposob-na-zycie\/","og_locale":"pl_PL","og_type":"article","og_title":"Piotr \u201eSzwed\u201d Szwedowski: Rower - spos\u00f3b na \u017cycie\u00a0","og_description":"Odk\u0105d pami\u0119tam interesowa\u0142em si\u0119 motoryzacj\u0105,\u00a0 w dzieci\u0144stwie wyjazdy na dolno\u015bl\u0105skie rajdy i podziwianie rajdowc\u00f3w na g\u00f3rskich odcinkach specjalnych by\u0142o dla [&hellip;]","og_url":"https:\/\/www.welovecycling.com\/pl\/2018\/05\/17\/rower-sposob-na-zycie\/","og_site_name":"\u0160koda We Love Cycling - Poland","article_published_time":"2018-05-17T15:48:20+00:00","article_modified_time":"2018-05-22T18:35:09+00:00","og_image":[{"width":1024,"height":660,"url":"https:\/\/d2p6e6u75xmxt8.cloudfront.net\/5\/2018\/05\/COVER-1-1024x660.jpg","type":"image\/jpeg"}],"author":"piotrboczkowski","twitter_card":"summary_large_image","twitter_misc":{"Written by":"Piotr Szwedowski","Est. reading time":"5 minutes"},"schema":{"@context":"https:\/\/schema.org","@graph":[{"@type":"WebPage","@id":"https:\/\/www.welovecycling.com\/pl\/2018\/05\/17\/rower-sposob-na-zycie\/","url":"https:\/\/www.welovecycling.com\/pl\/2018\/05\/17\/rower-sposob-na-zycie\/","name":"Piotr \u201eSzwed\u201d Szwedowski: Rower - spos\u00f3b na \u017cycie\u00a0 - \u0160koda We Love Cycling - Poland","isPartOf":{"@id":"https:\/\/www.welovecycling.com\/pl\/#website"},"primaryImageOfPage":{"@id":"https:\/\/www.welovecycling.com\/pl\/2018\/05\/17\/rower-sposob-na-zycie\/#primaryimage"},"image":{"@id":"https:\/\/www.welovecycling.com\/pl\/2018\/05\/17\/rower-sposob-na-zycie\/#primaryimage"},"thumbnailUrl":"https:\/\/d2p6e6u75xmxt8.cloudfront.net\/5\/2018\/05\/COVER-1.jpg","datePublished":"2018-05-17T15:48:20+00:00","dateModified":"2018-05-22T18:35:09+00:00","author":{"@id":"https:\/\/www.welovecycling.com\/pl\/#\/schema\/person\/0dba2d39da943db9df3fd8f4687e7f23"},"breadcrumb":{"@id":"https:\/\/www.welovecycling.com\/pl\/2018\/05\/17\/rower-sposob-na-zycie\/#breadcrumb"},"inLanguage":"pl-PL","potentialAction":[{"@type":"ReadAction","target":["https:\/\/www.welovecycling.com\/pl\/2018\/05\/17\/rower-sposob-na-zycie\/"]}]},{"@type":"ImageObject","inLanguage":"pl-PL","@id":"https:\/\/www.welovecycling.com\/pl\/2018\/05\/17\/rower-sposob-na-zycie\/#primaryimage","url":"https:\/\/d2p6e6u75xmxt8.cloudfront.net\/5\/2018\/05\/COVER-1.jpg","contentUrl":"https:\/\/d2p6e6u75xmxt8.cloudfront.net\/5\/2018\/05\/COVER-1.jpg","width":3733,"height":2405},{"@type":"BreadcrumbList","@id":"https:\/\/www.welovecycling.com\/pl\/2018\/05\/17\/rower-sposob-na-zycie\/#breadcrumb","itemListElement":[{"@type":"ListItem","position":1,"name":"Home","item":"https:\/\/www.welovecycling.com\/pl\/"},{"@type":"ListItem","position":2,"name":"Piotr \u201eSzwed\u201d Szwedowski: Rower &#8211; spos\u00f3b na \u017cycie\u00a0"}]},{"@type":"WebSite","@id":"https:\/\/www.welovecycling.com\/pl\/#website","url":"https:\/\/www.welovecycling.com\/pl\/","name":"\u0160koda We Love Cycling - Poland","description":"","potentialAction":[{"@type":"SearchAction","target":{"@type":"EntryPoint","urlTemplate":"https:\/\/www.welovecycling.com\/pl\/?s={search_term_string}"},"query-input":{"@type":"PropertyValueSpecification","valueRequired":true,"valueName":"search_term_string"}}],"inLanguage":"pl-PL"},{"@type":"Person","@id":"https:\/\/www.welovecycling.com\/pl\/#\/schema\/person\/0dba2d39da943db9df3fd8f4687e7f23","name":"piotrboczkowski","image":{"@type":"ImageObject","inLanguage":"pl-PL","@id":"https:\/\/www.welovecycling.com\/pl\/#\/schema\/person\/image\/","url":"https:\/\/secure.gravatar.com\/avatar\/533caccae14752e03a2ce2d3fd62d1b98b93e1393c3195c27819e53344ca1ace?s=96&d=mm&r=g","contentUrl":"https:\/\/secure.gravatar.com\/avatar\/533caccae14752e03a2ce2d3fd62d1b98b93e1393c3195c27819e53344ca1ace?s=96&d=mm&r=g","caption":"piotrboczkowski"},"url":"https:\/\/www.welovecycling.com\/pl\/author\/piotrboczkowski\/"}]}},"_links":{"self":[{"href":"https:\/\/www.welovecycling.com\/pl\/wp-json\/wp\/v2\/posts\/6958","targetHints":{"allow":["GET"]}}],"collection":[{"href":"https:\/\/www.welovecycling.com\/pl\/wp-json\/wp\/v2\/posts"}],"about":[{"href":"https:\/\/www.welovecycling.com\/pl\/wp-json\/wp\/v2\/types\/post"}],"author":[{"embeddable":true,"href":"https:\/\/www.welovecycling.com\/pl\/wp-json\/wp\/v2\/users\/76"}],"replies":[{"embeddable":true,"href":"https:\/\/www.welovecycling.com\/pl\/wp-json\/wp\/v2\/comments?post=6958"}],"version-history":[{"count":2,"href":"https:\/\/www.welovecycling.com\/pl\/wp-json\/wp\/v2\/posts\/6958\/revisions"}],"predecessor-version":[{"id":7012,"href":"https:\/\/www.welovecycling.com\/pl\/wp-json\/wp\/v2\/posts\/6958\/revisions\/7012"}],"wp:featuredmedia":[{"embeddable":true,"href":"https:\/\/www.welovecycling.com\/pl\/wp-json\/wp\/v2\/media\/6976"}],"wp:attachment":[{"href":"https:\/\/www.welovecycling.com\/pl\/wp-json\/wp\/v2\/media?parent=6958"}],"wp:term":[{"taxonomy":"category","embeddable":true,"href":"https:\/\/www.welovecycling.com\/pl\/wp-json\/wp\/v2\/categories?post=6958"},{"taxonomy":"post_tag","embeddable":true,"href":"https:\/\/www.welovecycling.com\/pl\/wp-json\/wp\/v2\/tags?post=6958"},{"taxonomy":"global-categories","embeddable":true,"href":"https:\/\/www.welovecycling.com\/pl\/wp-json\/wp\/v2\/global-categories?post=6958"}],"curies":[{"name":"wp","href":"https:\/\/api.w.org\/{rel}","templated":true}]}}