{"id":6945,"date":"2018-05-15T19:13:15","date_gmt":"2018-05-15T19:13:15","guid":{"rendered":"https:\/\/www.welovecycling.com\/pl\/?p=6945"},"modified":"2018-06-12T07:38:41","modified_gmt":"2018-06-12T07:38:41","slug":"gorskie-szlaki-czy-bikeparki-wady-i-zalety-obu","status":"publish","type":"post","link":"https:\/\/www.welovecycling.com\/pl\/2018\/05\/15\/gorskie-szlaki-czy-bikeparki-wady-i-zalety-obu\/","title":{"rendered":"G\u00f3rskie szlaki czy bikeparki?"},"content":{"rendered":"<p><strong>Je\u017celi zostali\u015bmy ju\u017c dumnym posiadaczem roweru enduro, a nasze opcje sp\u0119dzania wolnego czasu na rowerze s\u0105 praktycznie nieograniczone, w naturalny spos\u00f3b nasuwa si\u0119 pytanie &#8211; gdzie najlepiej sp\u0119dzi\u0107 ten czas? Najcz\u0119\u015bciej wybieranymi alternatywami s\u0105 kompleksy enduro, bikeparki oraz p\u0119tle mtb wiod\u0105ce po szczytach okolicznych g\u00f3r. Kto\u015b m\u00f3g\u0142by powiedzie\u0107, \u017ce to \u201ckl\u0119ska urodzaju\u201d, ale cz\u0119sto jest to przedmiot d\u0142ugich rozterek i dylemat\u00f3w.<\/strong><\/p>\n<p>Aby ciut u\u0142atwi\u0107 ten wyb\u00f3r postaram si\u0119 pokr\u00f3tce przedstawi\u0107 wady i zalety oraz r\u00f3\u017cnice pomi\u0119dzy poszczeg\u00f3lnymi opcjami.<\/p>\n<p><span style=\"font-size: 14pt;\"><strong>Kompleksy enduro<\/strong><\/span><\/p>\n<p>Powstaj\u0105ce najcz\u0119\u015bciej z inicjatyw obywatelskich lub pod patronatem miasta trasy, obecnie znacznie zyskuj\u0105ce na popularno\u015bci. Na niekt\u00f3re z nich mo\u017cliwa jest opcja wjazdu tarpanem, a na inne wyznaczone s\u0105 techniczne trasy podjazdowe. Cechuj\u0105 si\u0119 du\u017c\u0105 r\u00f3\u017cnorodno\u015bci\u0105, b\u0119d\u0105c przeznaczone g\u0142\u00f3wnie dla rider\u2019\u00f3w enduro, stale poszukuj\u0105cych nowych wyzwa\u0144 i skok\u00f3w adrenaliny. Atutem takich kompleks\u00f3w s\u0105 bez w\u0105tpienia ich ci\u0105g\u0142e, naturalne modyfikacje, kt\u00f3re z roku na rok powstaj\u0105 na poszczeg\u00f3lnych trasach, dzi\u0119ki czemu szybko nie popadniemy w monotoni\u0119. Patrz\u0105c z perspektywy u\u017cytkownika tras, ci\u0119\u017cko tutaj m\u00f3wi\u0107 o jaki\u015b \u0142atwo zauwa\u017calnych wadach, cho\u0107 oczywi\u015bcie wszystko zale\u017cy od sposobu ich wykonania. Dzi\u0119ki r\u00f3\u017cnym poziomom trudno\u015bci ka\u017cdy rider znajdzie tu co\u015b dla siebie. Za wad\u0119 mo\u017cna tu uzna\u0107 do\u015b\u0107 spore zat\u0142oczenie, kt\u00f3re czasami uniemo\u017cliwia p\u0142ynny zjazd.<\/p>\n<p><a href=\"https:\/\/d2p6e6u75xmxt8.cloudfront.net\/5\/2018\/05\/DSC_9572a.jpg\"><img loading=\"lazy\" decoding=\"async\" class=\"alignnone size-full wp-image-7002\" src=\"https:\/\/d2p6e6u75xmxt8.cloudfront.net\/5\/2018\/05\/DSC_9572a.jpg\" alt=\"\" width=\"1600\" height=\"1065\" srcset=\"https:\/\/d2p6e6u75xmxt8.cloudfront.net\/5\/2018\/05\/DSC_9572a.jpg 1600w, https:\/\/d2p6e6u75xmxt8.cloudfront.net\/5\/2018\/05\/DSC_9572a-300x200.jpg 300w, https:\/\/d2p6e6u75xmxt8.cloudfront.net\/5\/2018\/05\/DSC_9572a-768x511.jpg 768w, https:\/\/d2p6e6u75xmxt8.cloudfront.net\/5\/2018\/05\/DSC_9572a-1024x682.jpg 1024w, https:\/\/d2p6e6u75xmxt8.cloudfront.net\/5\/2018\/05\/DSC_9572a-272x182.jpg 272w\" sizes=\"auto, (max-width: 1600px) 100vw, 1600px\" \/><\/a><\/p>\n<p><a href=\"https:\/\/d2p6e6u75xmxt8.cloudfront.net\/5\/2018\/05\/DSC_9829a.jpg\"><img loading=\"lazy\" decoding=\"async\" class=\"alignnone size-full wp-image-7003\" src=\"https:\/\/d2p6e6u75xmxt8.cloudfront.net\/5\/2018\/05\/DSC_9829a.jpg\" alt=\"\" width=\"1600\" height=\"1065\" srcset=\"https:\/\/d2p6e6u75xmxt8.cloudfront.net\/5\/2018\/05\/DSC_9829a.jpg 1600w, https:\/\/d2p6e6u75xmxt8.cloudfront.net\/5\/2018\/05\/DSC_9829a-300x200.jpg 300w, https:\/\/d2p6e6u75xmxt8.cloudfront.net\/5\/2018\/05\/DSC_9829a-768x511.jpg 768w, https:\/\/d2p6e6u75xmxt8.cloudfront.net\/5\/2018\/05\/DSC_9829a-1024x682.jpg 1024w, https:\/\/d2p6e6u75xmxt8.cloudfront.net\/5\/2018\/05\/DSC_9829a-272x182.jpg 272w\" sizes=\"auto, (max-width: 1600px) 100vw, 1600px\" \/><\/a><\/p>\n<p><a href=\"https:\/\/d2p6e6u75xmxt8.cloudfront.net\/5\/2018\/05\/DSC_8599a.jpg\"><img loading=\"lazy\" decoding=\"async\" class=\"alignnone size-full wp-image-6999\" src=\"https:\/\/d2p6e6u75xmxt8.cloudfront.net\/5\/2018\/05\/DSC_8599a.jpg\" alt=\"\" width=\"1600\" height=\"1065\" srcset=\"https:\/\/d2p6e6u75xmxt8.cloudfront.net\/5\/2018\/05\/DSC_8599a.jpg 1600w, https:\/\/d2p6e6u75xmxt8.cloudfront.net\/5\/2018\/05\/DSC_8599a-300x200.jpg 300w, https:\/\/d2p6e6u75xmxt8.cloudfront.net\/5\/2018\/05\/DSC_8599a-768x511.jpg 768w, https:\/\/d2p6e6u75xmxt8.cloudfront.net\/5\/2018\/05\/DSC_8599a-1024x682.jpg 1024w, https:\/\/d2p6e6u75xmxt8.cloudfront.net\/5\/2018\/05\/DSC_8599a-272x182.jpg 272w\" sizes=\"auto, (max-width: 1600px) 100vw, 1600px\" \/><\/a><\/p>\n<p><span style=\"font-size: 14pt;\"><strong>Bikeparki<\/strong><\/span><\/p>\n<p>Chyba ka\u017cdy rider enduro czasami marzy o dniu bez podjazd\u00f3w. Najcz\u0119\u015bciej, w\u0142a\u015bnie wtedy zapada decyzja o wizycie w bike parku. Cho\u0107 coraz cz\u0119\u015bciej pojawiaj\u0105 si\u0119 specjalne trasy enduro, to nadal takie tracki s\u0105 rzadko\u015bci\u0105. W takim razie jak nasz rower poradzi sobie na trasach dedykowanych do downhillu? Tutaj oczywi\u015bcie wiele zale\u017cy od indywidualnych umiej\u0119tno\u015bci. Je\u015bli nauczyli\u015bmy si\u0119 ju\u017c w pe\u0142ni wykorzystywa\u0107 mo\u017cliwo\u015bci naszego roweru, to zjazd po trasach downhillowych przyniesie nam wiele frajdy, a niejednokrotnie te\u017c skupi na nas uwag\u0119 innych zjazdowc\u00f3w. Bikepark ma zdecydowanie t\u0119 przewag\u0119 nad kompleksami enduro, \u017ce wielokrotnie w ci\u0105gu dnia mo\u017cemy pokona\u0107 jedn\u0105 tras\u0119 wy\u0142\u0105czaj\u0105c m\u0119cz\u0105cy podjazd. Dzi\u0119ki temu b\u0119dziemy w stanie nie tylko dobrze pozna\u0107 sam\u0105 tras\u0119, ale tak\u017ce zrobi\u0107 solidny zjazdowy progress. Co wa\u017cne, trasy w bikeparkach zazwyczaj s\u0105 dobrze oznaczone; w trudnych sekcjach na drzewach pojawiaj\u0105 si\u0119 zabezpieczaj\u0105ce siatki i materace. Trasy s\u0105 r\u00f3wnie\u017c zauwa\u017calnie szersze ni\u017c te, z kt\u00f3rymi spotykamy si\u0119 na oesach enduro. Do wad zaliczy\u0107 nale\u017cy mog\u0105c\u0105 pojawi\u0107 si\u0119 monotoni\u0119, w kt\u00f3r\u0105 mo\u017cemy wpa\u015b\u0107 podczas cz\u0119stych wizyt w bikeparku, a tak\u017ce koszty oraz brak treningu podjazdowego. Nie wolno tak\u017ce zapomnie\u0107, \u017ce taka monotonia cz\u0119sto os\u0142abia nasze skupienie na trasie lub dzia\u0142a w spos\u00f3b przeciwny &#8211; staramy si\u0119 za wszelk\u0105 cen\u0119 przekroczy\u0107 nasze mo\u017cliwo\u015bci. W oby przypadkach mo\u017ce zako\u0144czy\u0107 si\u0119 to wypadkiem.<\/p>\n<p><a href=\"https:\/\/d2p6e6u75xmxt8.cloudfront.net\/5\/2018\/05\/DSC_8106.jpg\"><img loading=\"lazy\" decoding=\"async\" class=\"alignnone size-full wp-image-6990\" src=\"https:\/\/d2p6e6u75xmxt8.cloudfront.net\/5\/2018\/05\/DSC_8106.jpg\" alt=\"\" width=\"1600\" height=\"1065\" srcset=\"https:\/\/d2p6e6u75xmxt8.cloudfront.net\/5\/2018\/05\/DSC_8106.jpg 1600w, https:\/\/d2p6e6u75xmxt8.cloudfront.net\/5\/2018\/05\/DSC_8106-300x200.jpg 300w, https:\/\/d2p6e6u75xmxt8.cloudfront.net\/5\/2018\/05\/DSC_8106-768x511.jpg 768w, https:\/\/d2p6e6u75xmxt8.cloudfront.net\/5\/2018\/05\/DSC_8106-1024x682.jpg 1024w, https:\/\/d2p6e6u75xmxt8.cloudfront.net\/5\/2018\/05\/DSC_8106-272x182.jpg 272w\" sizes=\"auto, (max-width: 1600px) 100vw, 1600px\" \/><\/a><\/p>\n<p><a href=\"https:\/\/d2p6e6u75xmxt8.cloudfront.net\/5\/2018\/05\/DSC_8479a.jpg\"><img loading=\"lazy\" decoding=\"async\" class=\"alignnone size-full wp-image-6998\" src=\"https:\/\/d2p6e6u75xmxt8.cloudfront.net\/5\/2018\/05\/DSC_8479a.jpg\" alt=\"\" width=\"1600\" height=\"1065\" srcset=\"https:\/\/d2p6e6u75xmxt8.cloudfront.net\/5\/2018\/05\/DSC_8479a.jpg 1600w, https:\/\/d2p6e6u75xmxt8.cloudfront.net\/5\/2018\/05\/DSC_8479a-300x200.jpg 300w, https:\/\/d2p6e6u75xmxt8.cloudfront.net\/5\/2018\/05\/DSC_8479a-768x511.jpg 768w, https:\/\/d2p6e6u75xmxt8.cloudfront.net\/5\/2018\/05\/DSC_8479a-1024x682.jpg 1024w, https:\/\/d2p6e6u75xmxt8.cloudfront.net\/5\/2018\/05\/DSC_8479a-272x182.jpg 272w\" sizes=\"auto, (max-width: 1600px) 100vw, 1600px\" \/><\/a><\/p>\n<p><a href=\"https:\/\/d2p6e6u75xmxt8.cloudfront.net\/5\/2018\/05\/DSC_8201a.jpg\"><img loading=\"lazy\" decoding=\"async\" class=\"alignnone size-full wp-image-6993\" src=\"https:\/\/d2p6e6u75xmxt8.cloudfront.net\/5\/2018\/05\/DSC_8201a.jpg\" alt=\"\" width=\"1600\" height=\"1065\" srcset=\"https:\/\/d2p6e6u75xmxt8.cloudfront.net\/5\/2018\/05\/DSC_8201a.jpg 1600w, https:\/\/d2p6e6u75xmxt8.cloudfront.net\/5\/2018\/05\/DSC_8201a-300x200.jpg 300w, https:\/\/d2p6e6u75xmxt8.cloudfront.net\/5\/2018\/05\/DSC_8201a-768x511.jpg 768w, https:\/\/d2p6e6u75xmxt8.cloudfront.net\/5\/2018\/05\/DSC_8201a-1024x682.jpg 1024w, https:\/\/d2p6e6u75xmxt8.cloudfront.net\/5\/2018\/05\/DSC_8201a-272x182.jpg 272w\" sizes=\"auto, (max-width: 1600px) 100vw, 1600px\" \/><\/a><\/p>\n<p><a href=\"https:\/\/d2p6e6u75xmxt8.cloudfront.net\/5\/2018\/05\/DSC_8187a.jpg\"><img loading=\"lazy\" decoding=\"async\" class=\"alignnone size-full wp-image-6992\" src=\"https:\/\/d2p6e6u75xmxt8.cloudfront.net\/5\/2018\/05\/DSC_8187a.jpg\" alt=\"\" width=\"1600\" height=\"1065\" srcset=\"https:\/\/d2p6e6u75xmxt8.cloudfront.net\/5\/2018\/05\/DSC_8187a.jpg 1600w, https:\/\/d2p6e6u75xmxt8.cloudfront.net\/5\/2018\/05\/DSC_8187a-300x200.jpg 300w, https:\/\/d2p6e6u75xmxt8.cloudfront.net\/5\/2018\/05\/DSC_8187a-768x511.jpg 768w, https:\/\/d2p6e6u75xmxt8.cloudfront.net\/5\/2018\/05\/DSC_8187a-1024x682.jpg 1024w, https:\/\/d2p6e6u75xmxt8.cloudfront.net\/5\/2018\/05\/DSC_8187a-272x182.jpg 272w\" sizes=\"auto, (max-width: 1600px) 100vw, 1600px\" \/><\/a><\/p>\n<p><a href=\"https:\/\/d2p6e6u75xmxt8.cloudfront.net\/5\/2018\/05\/a.jpg\"><img loading=\"lazy\" decoding=\"async\" class=\"alignnone size-full wp-image-6988\" src=\"https:\/\/d2p6e6u75xmxt8.cloudfront.net\/5\/2018\/05\/a.jpg\" alt=\"\" width=\"1600\" height=\"1065\" srcset=\"https:\/\/d2p6e6u75xmxt8.cloudfront.net\/5\/2018\/05\/a.jpg 1600w, https:\/\/d2p6e6u75xmxt8.cloudfront.net\/5\/2018\/05\/a-300x200.jpg 300w, https:\/\/d2p6e6u75xmxt8.cloudfront.net\/5\/2018\/05\/a-768x511.jpg 768w, https:\/\/d2p6e6u75xmxt8.cloudfront.net\/5\/2018\/05\/a-1024x682.jpg 1024w, https:\/\/d2p6e6u75xmxt8.cloudfront.net\/5\/2018\/05\/a-272x182.jpg 272w\" sizes=\"auto, (max-width: 1600px) 100vw, 1600px\" \/><\/a><\/p>\n<p><a href=\"https:\/\/d2p6e6u75xmxt8.cloudfront.net\/5\/2018\/05\/DSC_8121.jpg\"><img loading=\"lazy\" decoding=\"async\" class=\"alignnone size-full wp-image-6991\" src=\"https:\/\/d2p6e6u75xmxt8.cloudfront.net\/5\/2018\/05\/DSC_8121.jpg\" alt=\"\" width=\"1600\" height=\"1065\" srcset=\"https:\/\/d2p6e6u75xmxt8.cloudfront.net\/5\/2018\/05\/DSC_8121.jpg 1600w, https:\/\/d2p6e6u75xmxt8.cloudfront.net\/5\/2018\/05\/DSC_8121-300x200.jpg 300w, https:\/\/d2p6e6u75xmxt8.cloudfront.net\/5\/2018\/05\/DSC_8121-768x511.jpg 768w, https:\/\/d2p6e6u75xmxt8.cloudfront.net\/5\/2018\/05\/DSC_8121-1024x682.jpg 1024w, https:\/\/d2p6e6u75xmxt8.cloudfront.net\/5\/2018\/05\/DSC_8121-272x182.jpg 272w\" sizes=\"auto, (max-width: 1600px) 100vw, 1600px\" \/><\/a><\/p>\n<p><a href=\"https:\/\/d2p6e6u75xmxt8.cloudfront.net\/5\/2018\/05\/DSC_8608a.jpg\"><img loading=\"lazy\" decoding=\"async\" class=\"alignnone size-full wp-image-7000\" src=\"https:\/\/d2p6e6u75xmxt8.cloudfront.net\/5\/2018\/05\/DSC_8608a.jpg\" alt=\"\" width=\"1600\" height=\"1065\" srcset=\"https:\/\/d2p6e6u75xmxt8.cloudfront.net\/5\/2018\/05\/DSC_8608a.jpg 1600w, https:\/\/d2p6e6u75xmxt8.cloudfront.net\/5\/2018\/05\/DSC_8608a-300x200.jpg 300w, https:\/\/d2p6e6u75xmxt8.cloudfront.net\/5\/2018\/05\/DSC_8608a-768x511.jpg 768w, https:\/\/d2p6e6u75xmxt8.cloudfront.net\/5\/2018\/05\/DSC_8608a-1024x682.jpg 1024w, https:\/\/d2p6e6u75xmxt8.cloudfront.net\/5\/2018\/05\/DSC_8608a-272x182.jpg 272w\" sizes=\"auto, (max-width: 1600px) 100vw, 1600px\" \/><\/a><\/p>\n<p><span style=\"font-size: 14pt;\"><strong>G\u00f3rskie szlaki MTB oraz single.<\/strong><\/span><\/p>\n<p>Ta opcja zdecydowanie pozwala na wykorzystanie naszego sprz\u0119tu w 100%. \u00a0Eksploracja g\u00f3rskich \u015bcie\u017cek zawsze jest ekscytuj\u0105ca, a zjazdy i satysfakcja ze zdobycia kilku szczyt\u00f3w rekompensuje d\u0142ugie godziny podjazdu. Tej formie jazdy towarzysz\u0105 pi\u0119kne widoki i przytulne schroniska, a przede wszystkim to my decydujemy gdzie i kiedy chcemy dojecha\u0107.<\/p>\n<p>Minusem tego typu wycieczek s\u0105 niestety tury\u015bci, kt\u00f3rzy cz\u0119sto nie do ko\u0144ca akceptuj\u0105 kolarzy, a tak\u017ce same szlaki, kt\u00f3re czasami okazuj\u0105 si\u0119 bardziej zbli\u017cone do ulic ni\u017c le\u015bnych \u015bcie\u017cek.<\/p>\n<p><a href=\"https:\/\/d2p6e6u75xmxt8.cloudfront.net\/5\/2018\/05\/DSC_8889a.jpg\"><img loading=\"lazy\" decoding=\"async\" class=\"alignnone size-full wp-image-7001\" src=\"https:\/\/d2p6e6u75xmxt8.cloudfront.net\/5\/2018\/05\/DSC_8889a.jpg\" alt=\"\" width=\"1600\" height=\"1065\" srcset=\"https:\/\/d2p6e6u75xmxt8.cloudfront.net\/5\/2018\/05\/DSC_8889a.jpg 1600w, https:\/\/d2p6e6u75xmxt8.cloudfront.net\/5\/2018\/05\/DSC_8889a-300x200.jpg 300w, https:\/\/d2p6e6u75xmxt8.cloudfront.net\/5\/2018\/05\/DSC_8889a-768x511.jpg 768w, https:\/\/d2p6e6u75xmxt8.cloudfront.net\/5\/2018\/05\/DSC_8889a-1024x682.jpg 1024w, https:\/\/d2p6e6u75xmxt8.cloudfront.net\/5\/2018\/05\/DSC_8889a-272x182.jpg 272w\" sizes=\"auto, (max-width: 1600px) 100vw, 1600px\" \/><\/a><\/p>\n<p>Wszystkie powy\u017csze alternatywy s\u0105 na sw\u00f3j spos\u00f3b atrakcyjne, jednak najlepiej nie koncentrowa\u0107 si\u0119 wy\u0142\u0105cznie na jednej z nich. Je\u017celi wyjazdy do bikeparku b\u0119dziemy przeplata\u0107 ca\u0142odziennymi wycieczkami oraz jazd\u0105 w kompleksach enduro, nasza jazda ca\u0142y czas b\u0119dzie dawa\u0107 nam ogromn\u0105 satysfakcj\u0119. Dzi\u0119ki temu poprawimy swoje og\u00f3lnie umiej\u0119tno\u015bci, we wszystkich aspektach jazdy.<\/p>\n","protected":false},"excerpt":{"rendered":"<p>Je\u017celi zostali\u015bmy ju\u017c dumnym posiadaczem roweru enduro, a nasze opcje sp\u0119dzania wolnego czasu na rowerze s\u0105 praktycznie nieograniczone, w naturalny [&hellip;]<\/p>\n","protected":false},"author":76,"featured_media":6946,"comment_status":"open","ping_status":"open","sticky":false,"template":"","format":"standard","meta":{"footnotes":""},"categories":[5],"tags":[229,237,254,22],"global-categories":[],"class_list":["post-6945","post","type-post","status-publish","format-standard","has-post-thumbnail","hentry","category-outdoormtb","tag-dlategojezdzimy","tag-downhill","tag-maja-micherda","tag-mtb"],"yoast_head":"<!-- This site is optimized with the Yoast SEO Premium plugin v25.3 (Yoast SEO v25.9) - https:\/\/yoast.com\/wordpress\/plugins\/seo\/ -->\n<title>G\u00f3rskie szlaki czy bikeparki? - \u0160koda We Love Cycling - Poland<\/title>\n<meta name=\"robots\" content=\"index, follow, max-snippet:-1, max-image-preview:large, max-video-preview:-1\" \/>\n<link rel=\"canonical\" href=\"https:\/\/www.welovecycling.com\/pl\/2018\/05\/15\/gorskie-szlaki-czy-bikeparki-wady-i-zalety-obu\/\" \/>\n<meta property=\"og:locale\" content=\"pl_PL\" \/>\n<meta property=\"og:type\" content=\"article\" \/>\n<meta property=\"og:title\" content=\"G\u00f3rskie szlaki czy bikeparki?\" \/>\n<meta property=\"og:description\" content=\"Je\u017celi zostali\u015bmy ju\u017c dumnym posiadaczem roweru enduro, a nasze opcje sp\u0119dzania wolnego czasu na rowerze s\u0105 praktycznie nieograniczone, w naturalny [&hellip;]\" \/>\n<meta property=\"og:url\" content=\"https:\/\/www.welovecycling.com\/pl\/2018\/05\/15\/gorskie-szlaki-czy-bikeparki-wady-i-zalety-obu\/\" \/>\n<meta property=\"og:site_name\" content=\"\u0160koda We Love Cycling - Poland\" \/>\n<meta property=\"article:published_time\" content=\"2018-05-15T19:13:15+00:00\" \/>\n<meta property=\"article:modified_time\" content=\"2018-06-12T07:38:41+00:00\" \/>\n<meta property=\"og:image\" content=\"https:\/\/d2p6e6u75xmxt8.cloudfront.net\/5\/2018\/05\/DSC_8257-2.jpg\" \/>\n\t<meta property=\"og:image:width\" content=\"1600\" \/>\n\t<meta property=\"og:image:height\" content=\"1065\" \/>\n\t<meta property=\"og:image:type\" content=\"image\/jpeg\" \/>\n<meta name=\"author\" content=\"piotrboczkowski\" \/>\n<meta name=\"twitter:card\" content=\"summary_large_image\" \/>\n<meta name=\"twitter:label1\" content=\"Written by\" \/>\n\t<meta name=\"twitter:data1\" content=\"Ewa Kania\" \/>\n\t<meta name=\"twitter:label2\" content=\"Est. reading time\" \/>\n\t<meta name=\"twitter:data2\" content=\"3 minutes\" \/>\n<script type=\"application\/ld+json\" class=\"yoast-schema-graph\">{\"@context\":\"https:\/\/schema.org\",\"@graph\":[{\"@type\":\"WebPage\",\"@id\":\"https:\/\/www.welovecycling.com\/pl\/2018\/05\/15\/gorskie-szlaki-czy-bikeparki-wady-i-zalety-obu\/\",\"url\":\"https:\/\/www.welovecycling.com\/pl\/2018\/05\/15\/gorskie-szlaki-czy-bikeparki-wady-i-zalety-obu\/\",\"name\":\"G\u00f3rskie szlaki czy bikeparki? - \u0160koda We Love Cycling - Poland\",\"isPartOf\":{\"@id\":\"https:\/\/www.welovecycling.com\/pl\/#website\"},\"primaryImageOfPage\":{\"@id\":\"https:\/\/www.welovecycling.com\/pl\/2018\/05\/15\/gorskie-szlaki-czy-bikeparki-wady-i-zalety-obu\/#primaryimage\"},\"image\":{\"@id\":\"https:\/\/www.welovecycling.com\/pl\/2018\/05\/15\/gorskie-szlaki-czy-bikeparki-wady-i-zalety-obu\/#primaryimage\"},\"thumbnailUrl\":\"https:\/\/d2p6e6u75xmxt8.cloudfront.net\/5\/2018\/05\/DSC_8257-2.jpg\",\"datePublished\":\"2018-05-15T19:13:15+00:00\",\"dateModified\":\"2018-06-12T07:38:41+00:00\",\"author\":{\"@id\":\"https:\/\/www.welovecycling.com\/pl\/#\/schema\/person\/0dba2d39da943db9df3fd8f4687e7f23\"},\"breadcrumb\":{\"@id\":\"https:\/\/www.welovecycling.com\/pl\/2018\/05\/15\/gorskie-szlaki-czy-bikeparki-wady-i-zalety-obu\/#breadcrumb\"},\"inLanguage\":\"pl-PL\",\"potentialAction\":[{\"@type\":\"ReadAction\",\"target\":[\"https:\/\/www.welovecycling.com\/pl\/2018\/05\/15\/gorskie-szlaki-czy-bikeparki-wady-i-zalety-obu\/\"]}]},{\"@type\":\"ImageObject\",\"inLanguage\":\"pl-PL\",\"@id\":\"https:\/\/www.welovecycling.com\/pl\/2018\/05\/15\/gorskie-szlaki-czy-bikeparki-wady-i-zalety-obu\/#primaryimage\",\"url\":\"https:\/\/d2p6e6u75xmxt8.cloudfront.net\/5\/2018\/05\/DSC_8257-2.jpg\",\"contentUrl\":\"https:\/\/d2p6e6u75xmxt8.cloudfront.net\/5\/2018\/05\/DSC_8257-2.jpg\",\"width\":1600,\"height\":1065},{\"@type\":\"BreadcrumbList\",\"@id\":\"https:\/\/www.welovecycling.com\/pl\/2018\/05\/15\/gorskie-szlaki-czy-bikeparki-wady-i-zalety-obu\/#breadcrumb\",\"itemListElement\":[{\"@type\":\"ListItem\",\"position\":1,\"name\":\"Home\",\"item\":\"https:\/\/www.welovecycling.com\/pl\/\"},{\"@type\":\"ListItem\",\"position\":2,\"name\":\"G\u00f3rskie szlaki czy bikeparki?\"}]},{\"@type\":\"WebSite\",\"@id\":\"https:\/\/www.welovecycling.com\/pl\/#website\",\"url\":\"https:\/\/www.welovecycling.com\/pl\/\",\"name\":\"\u0160koda We Love Cycling - Poland\",\"description\":\"\",\"potentialAction\":[{\"@type\":\"SearchAction\",\"target\":{\"@type\":\"EntryPoint\",\"urlTemplate\":\"https:\/\/www.welovecycling.com\/pl\/?s={search_term_string}\"},\"query-input\":{\"@type\":\"PropertyValueSpecification\",\"valueRequired\":true,\"valueName\":\"search_term_string\"}}],\"inLanguage\":\"pl-PL\"},{\"@type\":\"Person\",\"@id\":\"https:\/\/www.welovecycling.com\/pl\/#\/schema\/person\/0dba2d39da943db9df3fd8f4687e7f23\",\"name\":\"piotrboczkowski\",\"image\":{\"@type\":\"ImageObject\",\"inLanguage\":\"pl-PL\",\"@id\":\"https:\/\/www.welovecycling.com\/pl\/#\/schema\/person\/image\/\",\"url\":\"https:\/\/secure.gravatar.com\/avatar\/533caccae14752e03a2ce2d3fd62d1b98b93e1393c3195c27819e53344ca1ace?s=96&d=mm&r=g\",\"contentUrl\":\"https:\/\/secure.gravatar.com\/avatar\/533caccae14752e03a2ce2d3fd62d1b98b93e1393c3195c27819e53344ca1ace?s=96&d=mm&r=g\",\"caption\":\"piotrboczkowski\"},\"url\":\"https:\/\/www.welovecycling.com\/pl\/author\/piotrboczkowski\/\"}]}<\/script>\n<!-- \/ Yoast SEO Premium plugin. -->","yoast_head_json":{"title":"G\u00f3rskie szlaki czy bikeparki? - \u0160koda We Love Cycling - Poland","robots":{"index":"index","follow":"follow","max-snippet":"max-snippet:-1","max-image-preview":"max-image-preview:large","max-video-preview":"max-video-preview:-1"},"canonical":"https:\/\/www.welovecycling.com\/pl\/2018\/05\/15\/gorskie-szlaki-czy-bikeparki-wady-i-zalety-obu\/","og_locale":"pl_PL","og_type":"article","og_title":"G\u00f3rskie szlaki czy bikeparki?","og_description":"Je\u017celi zostali\u015bmy ju\u017c dumnym posiadaczem roweru enduro, a nasze opcje sp\u0119dzania wolnego czasu na rowerze s\u0105 praktycznie nieograniczone, w naturalny [&hellip;]","og_url":"https:\/\/www.welovecycling.com\/pl\/2018\/05\/15\/gorskie-szlaki-czy-bikeparki-wady-i-zalety-obu\/","og_site_name":"\u0160koda We Love Cycling - Poland","article_published_time":"2018-05-15T19:13:15+00:00","article_modified_time":"2018-06-12T07:38:41+00:00","og_image":[{"width":1600,"height":1065,"url":"https:\/\/d2p6e6u75xmxt8.cloudfront.net\/5\/2018\/05\/DSC_8257-2.jpg","type":"image\/jpeg"}],"author":"piotrboczkowski","twitter_card":"summary_large_image","twitter_misc":{"Written by":"Ewa Kania","Est. reading time":"3 minutes"},"schema":{"@context":"https:\/\/schema.org","@graph":[{"@type":"WebPage","@id":"https:\/\/www.welovecycling.com\/pl\/2018\/05\/15\/gorskie-szlaki-czy-bikeparki-wady-i-zalety-obu\/","url":"https:\/\/www.welovecycling.com\/pl\/2018\/05\/15\/gorskie-szlaki-czy-bikeparki-wady-i-zalety-obu\/","name":"G\u00f3rskie szlaki czy bikeparki? - \u0160koda We Love Cycling - Poland","isPartOf":{"@id":"https:\/\/www.welovecycling.com\/pl\/#website"},"primaryImageOfPage":{"@id":"https:\/\/www.welovecycling.com\/pl\/2018\/05\/15\/gorskie-szlaki-czy-bikeparki-wady-i-zalety-obu\/#primaryimage"},"image":{"@id":"https:\/\/www.welovecycling.com\/pl\/2018\/05\/15\/gorskie-szlaki-czy-bikeparki-wady-i-zalety-obu\/#primaryimage"},"thumbnailUrl":"https:\/\/d2p6e6u75xmxt8.cloudfront.net\/5\/2018\/05\/DSC_8257-2.jpg","datePublished":"2018-05-15T19:13:15+00:00","dateModified":"2018-06-12T07:38:41+00:00","author":{"@id":"https:\/\/www.welovecycling.com\/pl\/#\/schema\/person\/0dba2d39da943db9df3fd8f4687e7f23"},"breadcrumb":{"@id":"https:\/\/www.welovecycling.com\/pl\/2018\/05\/15\/gorskie-szlaki-czy-bikeparki-wady-i-zalety-obu\/#breadcrumb"},"inLanguage":"pl-PL","potentialAction":[{"@type":"ReadAction","target":["https:\/\/www.welovecycling.com\/pl\/2018\/05\/15\/gorskie-szlaki-czy-bikeparki-wady-i-zalety-obu\/"]}]},{"@type":"ImageObject","inLanguage":"pl-PL","@id":"https:\/\/www.welovecycling.com\/pl\/2018\/05\/15\/gorskie-szlaki-czy-bikeparki-wady-i-zalety-obu\/#primaryimage","url":"https:\/\/d2p6e6u75xmxt8.cloudfront.net\/5\/2018\/05\/DSC_8257-2.jpg","contentUrl":"https:\/\/d2p6e6u75xmxt8.cloudfront.net\/5\/2018\/05\/DSC_8257-2.jpg","width":1600,"height":1065},{"@type":"BreadcrumbList","@id":"https:\/\/www.welovecycling.com\/pl\/2018\/05\/15\/gorskie-szlaki-czy-bikeparki-wady-i-zalety-obu\/#breadcrumb","itemListElement":[{"@type":"ListItem","position":1,"name":"Home","item":"https:\/\/www.welovecycling.com\/pl\/"},{"@type":"ListItem","position":2,"name":"G\u00f3rskie szlaki czy bikeparki?"}]},{"@type":"WebSite","@id":"https:\/\/www.welovecycling.com\/pl\/#website","url":"https:\/\/www.welovecycling.com\/pl\/","name":"\u0160koda We Love Cycling - Poland","description":"","potentialAction":[{"@type":"SearchAction","target":{"@type":"EntryPoint","urlTemplate":"https:\/\/www.welovecycling.com\/pl\/?s={search_term_string}"},"query-input":{"@type":"PropertyValueSpecification","valueRequired":true,"valueName":"search_term_string"}}],"inLanguage":"pl-PL"},{"@type":"Person","@id":"https:\/\/www.welovecycling.com\/pl\/#\/schema\/person\/0dba2d39da943db9df3fd8f4687e7f23","name":"piotrboczkowski","image":{"@type":"ImageObject","inLanguage":"pl-PL","@id":"https:\/\/www.welovecycling.com\/pl\/#\/schema\/person\/image\/","url":"https:\/\/secure.gravatar.com\/avatar\/533caccae14752e03a2ce2d3fd62d1b98b93e1393c3195c27819e53344ca1ace?s=96&d=mm&r=g","contentUrl":"https:\/\/secure.gravatar.com\/avatar\/533caccae14752e03a2ce2d3fd62d1b98b93e1393c3195c27819e53344ca1ace?s=96&d=mm&r=g","caption":"piotrboczkowski"},"url":"https:\/\/www.welovecycling.com\/pl\/author\/piotrboczkowski\/"}]}},"_links":{"self":[{"href":"https:\/\/www.welovecycling.com\/pl\/wp-json\/wp\/v2\/posts\/6945","targetHints":{"allow":["GET"]}}],"collection":[{"href":"https:\/\/www.welovecycling.com\/pl\/wp-json\/wp\/v2\/posts"}],"about":[{"href":"https:\/\/www.welovecycling.com\/pl\/wp-json\/wp\/v2\/types\/post"}],"author":[{"embeddable":true,"href":"https:\/\/www.welovecycling.com\/pl\/wp-json\/wp\/v2\/users\/76"}],"replies":[{"embeddable":true,"href":"https:\/\/www.welovecycling.com\/pl\/wp-json\/wp\/v2\/comments?post=6945"}],"version-history":[{"count":2,"href":"https:\/\/www.welovecycling.com\/pl\/wp-json\/wp\/v2\/posts\/6945\/revisions"}],"predecessor-version":[{"id":7005,"href":"https:\/\/www.welovecycling.com\/pl\/wp-json\/wp\/v2\/posts\/6945\/revisions\/7005"}],"wp:featuredmedia":[{"embeddable":true,"href":"https:\/\/www.welovecycling.com\/pl\/wp-json\/wp\/v2\/media\/6946"}],"wp:attachment":[{"href":"https:\/\/www.welovecycling.com\/pl\/wp-json\/wp\/v2\/media?parent=6945"}],"wp:term":[{"taxonomy":"category","embeddable":true,"href":"https:\/\/www.welovecycling.com\/pl\/wp-json\/wp\/v2\/categories?post=6945"},{"taxonomy":"post_tag","embeddable":true,"href":"https:\/\/www.welovecycling.com\/pl\/wp-json\/wp\/v2\/tags?post=6945"},{"taxonomy":"global-categories","embeddable":true,"href":"https:\/\/www.welovecycling.com\/pl\/wp-json\/wp\/v2\/global-categories?post=6945"}],"curies":[{"name":"wp","href":"https:\/\/api.w.org\/{rel}","templated":true}]}}