{"id":6901,"date":"2018-05-02T13:24:45","date_gmt":"2018-05-02T13:24:45","guid":{"rendered":"https:\/\/www.welovecycling.com\/pl\/?p=6901"},"modified":"2019-11-25T16:50:43","modified_gmt":"2019-11-25T16:50:43","slug":"dlatego-jezdzimy","status":"publish","type":"post","link":"https:\/\/www.welovecycling.com\/pl\/2018\/05\/02\/dlatego-jezdzimy\/","title":{"rendered":"Dlatego je\u017adzimy!"},"content":{"rendered":"<p>Prezentujemy r\u00f3\u017cnorodne porady i naj\u015bwie\u017csze wiadomo\u015bci z ca\u0142ego \u015bwiata dotycz\u0105ce jazdy na rowerze. Koncentrujemy si\u0119 r\u00f3wnie\u017c na wspieraniu wszystkich zainteresowanych w podnoszeniu umiej\u0119tno\u015bci jazdy, wypracowywaniu indywidualnych program\u00f3w, doborze sprz\u0119tu, dopasowywaniu \u017cywienia, a tak\u017ce pomagamy tym jeszcze niezdecydowanym przesi\u0105\u015b\u0107 si\u0119 na dwa k\u00f3\u0142ka. Niezmiennie obserwujemy, \u017ce kobiety (niezale\u017cnie od poziomu sprawno\u015bci fizycznej, pochodzenia i wyznania) nale\u017c\u0105 do grupy najs\u0142abiej reprezentowanej w\u015br\u00f3d rowerzyst\u00f3w<\/p>\n<p>Od pocz\u0105tku istnienia magazynu przedstawiamy artyku\u0142y i spostrze\u017cenia dotycz\u0105ce specyficznych problem\u00f3w i przeszk\u00f3d, jakie napotykaj\u0105 kobiety przy okazji zar\u00f3wno codziennego poruszania si\u0119 rowerem, jak i profesjonalnego uprawiania sport\u00f3w rowerowych. W tym roku koncentrujemy si\u0119 na prze\u0142amywaniu barier. Wierzymy, \u017ce przy odpowiedniej motywacji i dost\u0119pie do informacji ka\u017cdy mo\u017ce odnale\u017a\u0107 w\u0142asny pow\u00f3d, by je\u017adzi\u0107. Najwa\u017cniejsze dla nas jest pokonywanie barier, kt\u00f3re mog\u0105 wynika\u0107 z braku informacji o wszystkich dost\u0119pnych opcjach \u2013 bo nie mo\u017cemy spokojnie patrze\u0107, jak marnuj\u0105 si\u0119 wspania\u0142e mo\u017cliwo\u015bci.<\/p>\n<p>Wierzymy, \u017ce obalaj\u0105c powszechnie panuj\u0105ce mity i tworz\u0105c przyjazne \u015brodowisko i baz\u0119 wsparcia, mo\u017cemy sprawi\u0107, \u017ce jazda na rowerze b\u0119dzie motywowa\u0107 do dalszego dzia\u0142ania. Dzi\u0119ki wspania\u0142ej rowerowej pasji \u0160koda AUTO byli\u015bmy w stanie zapocz\u0105tkowa\u0107 zmiany id\u0105ce we w\u0142a\u015bciwym kierunku, bo wierzymy, \u017ce trzeba prze\u0142amywa\u0107 bariery. Musimy zacz\u0105\u0107 od spraw, kt\u00f3re s\u0105 nam najbli\u017csze i z kt\u00f3rymi mamy do czynienia na co dzie\u0144. Je\u015bli je\u017adzisz na rowerze, prawdopodobnie wiesz ju\u017c, \u017ce tramwaje, poci\u0105gi, autobusy lub inne \u015brodki transportu bywaj\u0105 nieprzyjazne dla podr\u00f3\u017cuj\u0105cych z rowerem. Dotyczy to r\u00f3wnie\u017c samochod\u00f3w. Dlatego wielofunkcyjne modele samochod\u00f3w \u0160koda dostosowane s\u0105 do potrzeb rowerzyst\u00f3w \u2013 zapewniaj\u0105 odpowiednie wyposa\u017cenie i wymiary, co jest niew\u0105tpliwie wa\u017cne, i to nie tylko dla kobiet.<\/p>\n<p>Dlaczego wi\u0119c je\u017adzimy na rowerze? Bo mamy tak\u0105 okazj\u0119. Bo to zmienia nasze \u017cycie i sprawia nam przyjemno\u015b\u0107. Bo kto\u015b w nas wierzy i pomaga nam osi\u0105ga\u0107 nasze cele. Bo w\u0142a\u015bnie przesta\u0142o pada\u0107. Bo potrzebujemy tej codziennej dawki adrenaliny. Bo mo\u017cemy robi\u0107 to, co lubimy. Bo jazda na rowerze to co\u015b, co kochamy.<\/p>\n<p>W\u0142a\u015bnie temu po\u015bwi\u0119cona jest nowa kampania <strong>Dlatego je\u017adzimy!<\/strong> Bez protekcjonalizmu. Bez sztucznego wsp\u00f3\u0142zawodnictwa. Bez typowego podej\u015bcia: je\u015bli co\u015b jest dla kobiety, musi by\u0107 mniejsze i w pastelach. Czyste zami\u0142owanie do jazdy rowerem \u2013 niezale\u017cnie od tego, sk\u0105d pochodzisz.<\/p>\n","protected":false},"excerpt":{"rendered":"<p>Prezentujemy r\u00f3\u017cnorodne porady i naj\u015bwie\u017csze wiadomo\u015bci z ca\u0142ego \u015bwiata dotycz\u0105ce jazdy na rowerze. Koncentrujemy si\u0119 r\u00f3wnie\u017c na wspieraniu wszystkich zainteresowanych [&hellip;]<\/p>\n","protected":false},"author":76,"featured_media":6902,"comment_status":"open","ping_status":"open","sticky":false,"template":"","format":"standard","meta":{"footnotes":""},"categories":[322,231],"tags":[41,229,82,230],"global-categories":[],"class_list":["post-6901","post","type-post","status-publish","format-standard","has-post-thumbnail","hentry","category-bikefluencer","category-dlatego-jezdzimy","tag-cycling","tag-dlategojezdzimy","tag-welovecycling","tag-whyweride"],"yoast_head":"<!-- This site is optimized with the Yoast SEO Premium plugin v25.3 (Yoast SEO v25.9) - https:\/\/yoast.com\/wordpress\/plugins\/seo\/ -->\n<title>Dlatego je\u017adzimy! - \u0160koda We Love Cycling - Poland<\/title>\n<meta name=\"robots\" content=\"index, follow, max-snippet:-1, max-image-preview:large, max-video-preview:-1\" \/>\n<link rel=\"canonical\" href=\"https:\/\/www.welovecycling.com\/pl\/2018\/05\/02\/dlatego-jezdzimy\/\" \/>\n<meta property=\"og:locale\" content=\"pl_PL\" \/>\n<meta property=\"og:type\" content=\"article\" \/>\n<meta property=\"og:title\" content=\"Dlatego je\u017adzimy!\" \/>\n<meta property=\"og:description\" content=\"Prezentujemy r\u00f3\u017cnorodne porady i naj\u015bwie\u017csze wiadomo\u015bci z ca\u0142ego \u015bwiata dotycz\u0105ce jazdy na rowerze. Koncentrujemy si\u0119 r\u00f3wnie\u017c na wspieraniu wszystkich zainteresowanych [&hellip;]\" \/>\n<meta property=\"og:url\" content=\"https:\/\/www.welovecycling.com\/pl\/2018\/05\/02\/dlatego-jezdzimy\/\" \/>\n<meta property=\"og:site_name\" content=\"\u0160koda We Love Cycling - Poland\" \/>\n<meta property=\"article:published_time\" content=\"2018-05-02T13:24:45+00:00\" \/>\n<meta property=\"article:modified_time\" content=\"2019-11-25T16:50:43+00:00\" \/>\n<meta property=\"og:image\" content=\"https:\/\/d2p6e6u75xmxt8.cloudfront.net\/5\/2018\/05\/WLC-1200x628.jpg\" \/>\n\t<meta property=\"og:image:width\" content=\"1200\" \/>\n\t<meta property=\"og:image:height\" content=\"628\" \/>\n\t<meta property=\"og:image:type\" content=\"image\/jpeg\" \/>\n<meta name=\"author\" content=\"piotrboczkowski\" \/>\n<meta name=\"twitter:card\" content=\"summary_large_image\" \/>\n<meta name=\"twitter:label1\" content=\"Written by\" \/>\n\t<meta name=\"twitter:data1\" content=\"piotrboczkowski\" \/>\n\t<meta name=\"twitter:label2\" content=\"Est. reading time\" \/>\n\t<meta name=\"twitter:data2\" content=\"2 minutes\" \/>\n<script type=\"application\/ld+json\" class=\"yoast-schema-graph\">{\"@context\":\"https:\/\/schema.org\",\"@graph\":[{\"@type\":\"WebPage\",\"@id\":\"https:\/\/www.welovecycling.com\/pl\/2018\/05\/02\/dlatego-jezdzimy\/\",\"url\":\"https:\/\/www.welovecycling.com\/pl\/2018\/05\/02\/dlatego-jezdzimy\/\",\"name\":\"Dlatego je\u017adzimy! - \u0160koda We Love Cycling - Poland\",\"isPartOf\":{\"@id\":\"https:\/\/www.welovecycling.com\/pl\/#website\"},\"primaryImageOfPage\":{\"@id\":\"https:\/\/www.welovecycling.com\/pl\/2018\/05\/02\/dlatego-jezdzimy\/#primaryimage\"},\"image\":{\"@id\":\"https:\/\/www.welovecycling.com\/pl\/2018\/05\/02\/dlatego-jezdzimy\/#primaryimage\"},\"thumbnailUrl\":\"https:\/\/d2p6e6u75xmxt8.cloudfront.net\/5\/2018\/05\/WLC-1200x628.jpg\",\"datePublished\":\"2018-05-02T13:24:45+00:00\",\"dateModified\":\"2019-11-25T16:50:43+00:00\",\"author\":{\"@id\":\"https:\/\/www.welovecycling.com\/pl\/#\/schema\/person\/0dba2d39da943db9df3fd8f4687e7f23\"},\"breadcrumb\":{\"@id\":\"https:\/\/www.welovecycling.com\/pl\/2018\/05\/02\/dlatego-jezdzimy\/#breadcrumb\"},\"inLanguage\":\"pl-PL\",\"potentialAction\":[{\"@type\":\"ReadAction\",\"target\":[\"https:\/\/www.welovecycling.com\/pl\/2018\/05\/02\/dlatego-jezdzimy\/\"]}]},{\"@type\":\"ImageObject\",\"inLanguage\":\"pl-PL\",\"@id\":\"https:\/\/www.welovecycling.com\/pl\/2018\/05\/02\/dlatego-jezdzimy\/#primaryimage\",\"url\":\"https:\/\/d2p6e6u75xmxt8.cloudfront.net\/5\/2018\/05\/WLC-1200x628.jpg\",\"contentUrl\":\"https:\/\/d2p6e6u75xmxt8.cloudfront.net\/5\/2018\/05\/WLC-1200x628.jpg\",\"width\":1200,\"height\":628},{\"@type\":\"BreadcrumbList\",\"@id\":\"https:\/\/www.welovecycling.com\/pl\/2018\/05\/02\/dlatego-jezdzimy\/#breadcrumb\",\"itemListElement\":[{\"@type\":\"ListItem\",\"position\":1,\"name\":\"Home\",\"item\":\"https:\/\/www.welovecycling.com\/pl\/\"},{\"@type\":\"ListItem\",\"position\":2,\"name\":\"Dlatego je\u017adzimy!\"}]},{\"@type\":\"WebSite\",\"@id\":\"https:\/\/www.welovecycling.com\/pl\/#website\",\"url\":\"https:\/\/www.welovecycling.com\/pl\/\",\"name\":\"\u0160koda We Love Cycling - Poland\",\"description\":\"\",\"potentialAction\":[{\"@type\":\"SearchAction\",\"target\":{\"@type\":\"EntryPoint\",\"urlTemplate\":\"https:\/\/www.welovecycling.com\/pl\/?s={search_term_string}\"},\"query-input\":{\"@type\":\"PropertyValueSpecification\",\"valueRequired\":true,\"valueName\":\"search_term_string\"}}],\"inLanguage\":\"pl-PL\"},{\"@type\":\"Person\",\"@id\":\"https:\/\/www.welovecycling.com\/pl\/#\/schema\/person\/0dba2d39da943db9df3fd8f4687e7f23\",\"name\":\"piotrboczkowski\",\"image\":{\"@type\":\"ImageObject\",\"inLanguage\":\"pl-PL\",\"@id\":\"https:\/\/www.welovecycling.com\/pl\/#\/schema\/person\/image\/\",\"url\":\"https:\/\/secure.gravatar.com\/avatar\/533caccae14752e03a2ce2d3fd62d1b98b93e1393c3195c27819e53344ca1ace?s=96&d=mm&r=g\",\"contentUrl\":\"https:\/\/secure.gravatar.com\/avatar\/533caccae14752e03a2ce2d3fd62d1b98b93e1393c3195c27819e53344ca1ace?s=96&d=mm&r=g\",\"caption\":\"piotrboczkowski\"},\"url\":\"https:\/\/www.welovecycling.com\/pl\/author\/piotrboczkowski\/\"}]}<\/script>\n<!-- \/ Yoast SEO Premium plugin. -->","yoast_head_json":{"title":"Dlatego je\u017adzimy! - \u0160koda We Love Cycling - Poland","robots":{"index":"index","follow":"follow","max-snippet":"max-snippet:-1","max-image-preview":"max-image-preview:large","max-video-preview":"max-video-preview:-1"},"canonical":"https:\/\/www.welovecycling.com\/pl\/2018\/05\/02\/dlatego-jezdzimy\/","og_locale":"pl_PL","og_type":"article","og_title":"Dlatego je\u017adzimy!","og_description":"Prezentujemy r\u00f3\u017cnorodne porady i naj\u015bwie\u017csze wiadomo\u015bci z ca\u0142ego \u015bwiata dotycz\u0105ce jazdy na rowerze. Koncentrujemy si\u0119 r\u00f3wnie\u017c na wspieraniu wszystkich zainteresowanych [&hellip;]","og_url":"https:\/\/www.welovecycling.com\/pl\/2018\/05\/02\/dlatego-jezdzimy\/","og_site_name":"\u0160koda We Love Cycling - Poland","article_published_time":"2018-05-02T13:24:45+00:00","article_modified_time":"2019-11-25T16:50:43+00:00","og_image":[{"width":1200,"height":628,"url":"https:\/\/d2p6e6u75xmxt8.cloudfront.net\/5\/2018\/05\/WLC-1200x628.jpg","type":"image\/jpeg"}],"author":"piotrboczkowski","twitter_card":"summary_large_image","twitter_misc":{"Written by":"piotrboczkowski","Est. reading time":"2 minutes"},"schema":{"@context":"https:\/\/schema.org","@graph":[{"@type":"WebPage","@id":"https:\/\/www.welovecycling.com\/pl\/2018\/05\/02\/dlatego-jezdzimy\/","url":"https:\/\/www.welovecycling.com\/pl\/2018\/05\/02\/dlatego-jezdzimy\/","name":"Dlatego je\u017adzimy! - \u0160koda We Love Cycling - Poland","isPartOf":{"@id":"https:\/\/www.welovecycling.com\/pl\/#website"},"primaryImageOfPage":{"@id":"https:\/\/www.welovecycling.com\/pl\/2018\/05\/02\/dlatego-jezdzimy\/#primaryimage"},"image":{"@id":"https:\/\/www.welovecycling.com\/pl\/2018\/05\/02\/dlatego-jezdzimy\/#primaryimage"},"thumbnailUrl":"https:\/\/d2p6e6u75xmxt8.cloudfront.net\/5\/2018\/05\/WLC-1200x628.jpg","datePublished":"2018-05-02T13:24:45+00:00","dateModified":"2019-11-25T16:50:43+00:00","author":{"@id":"https:\/\/www.welovecycling.com\/pl\/#\/schema\/person\/0dba2d39da943db9df3fd8f4687e7f23"},"breadcrumb":{"@id":"https:\/\/www.welovecycling.com\/pl\/2018\/05\/02\/dlatego-jezdzimy\/#breadcrumb"},"inLanguage":"pl-PL","potentialAction":[{"@type":"ReadAction","target":["https:\/\/www.welovecycling.com\/pl\/2018\/05\/02\/dlatego-jezdzimy\/"]}]},{"@type":"ImageObject","inLanguage":"pl-PL","@id":"https:\/\/www.welovecycling.com\/pl\/2018\/05\/02\/dlatego-jezdzimy\/#primaryimage","url":"https:\/\/d2p6e6u75xmxt8.cloudfront.net\/5\/2018\/05\/WLC-1200x628.jpg","contentUrl":"https:\/\/d2p6e6u75xmxt8.cloudfront.net\/5\/2018\/05\/WLC-1200x628.jpg","width":1200,"height":628},{"@type":"BreadcrumbList","@id":"https:\/\/www.welovecycling.com\/pl\/2018\/05\/02\/dlatego-jezdzimy\/#breadcrumb","itemListElement":[{"@type":"ListItem","position":1,"name":"Home","item":"https:\/\/www.welovecycling.com\/pl\/"},{"@type":"ListItem","position":2,"name":"Dlatego je\u017adzimy!"}]},{"@type":"WebSite","@id":"https:\/\/www.welovecycling.com\/pl\/#website","url":"https:\/\/www.welovecycling.com\/pl\/","name":"\u0160koda We Love Cycling - Poland","description":"","potentialAction":[{"@type":"SearchAction","target":{"@type":"EntryPoint","urlTemplate":"https:\/\/www.welovecycling.com\/pl\/?s={search_term_string}"},"query-input":{"@type":"PropertyValueSpecification","valueRequired":true,"valueName":"search_term_string"}}],"inLanguage":"pl-PL"},{"@type":"Person","@id":"https:\/\/www.welovecycling.com\/pl\/#\/schema\/person\/0dba2d39da943db9df3fd8f4687e7f23","name":"piotrboczkowski","image":{"@type":"ImageObject","inLanguage":"pl-PL","@id":"https:\/\/www.welovecycling.com\/pl\/#\/schema\/person\/image\/","url":"https:\/\/secure.gravatar.com\/avatar\/533caccae14752e03a2ce2d3fd62d1b98b93e1393c3195c27819e53344ca1ace?s=96&d=mm&r=g","contentUrl":"https:\/\/secure.gravatar.com\/avatar\/533caccae14752e03a2ce2d3fd62d1b98b93e1393c3195c27819e53344ca1ace?s=96&d=mm&r=g","caption":"piotrboczkowski"},"url":"https:\/\/www.welovecycling.com\/pl\/author\/piotrboczkowski\/"}]}},"_links":{"self":[{"href":"https:\/\/www.welovecycling.com\/pl\/wp-json\/wp\/v2\/posts\/6901","targetHints":{"allow":["GET"]}}],"collection":[{"href":"https:\/\/www.welovecycling.com\/pl\/wp-json\/wp\/v2\/posts"}],"about":[{"href":"https:\/\/www.welovecycling.com\/pl\/wp-json\/wp\/v2\/types\/post"}],"author":[{"embeddable":true,"href":"https:\/\/www.welovecycling.com\/pl\/wp-json\/wp\/v2\/users\/76"}],"replies":[{"embeddable":true,"href":"https:\/\/www.welovecycling.com\/pl\/wp-json\/wp\/v2\/comments?post=6901"}],"version-history":[{"count":2,"href":"https:\/\/www.welovecycling.com\/pl\/wp-json\/wp\/v2\/posts\/6901\/revisions"}],"predecessor-version":[{"id":6904,"href":"https:\/\/www.welovecycling.com\/pl\/wp-json\/wp\/v2\/posts\/6901\/revisions\/6904"}],"wp:featuredmedia":[{"embeddable":true,"href":"https:\/\/www.welovecycling.com\/pl\/wp-json\/wp\/v2\/media\/6902"}],"wp:attachment":[{"href":"https:\/\/www.welovecycling.com\/pl\/wp-json\/wp\/v2\/media?parent=6901"}],"wp:term":[{"taxonomy":"category","embeddable":true,"href":"https:\/\/www.welovecycling.com\/pl\/wp-json\/wp\/v2\/categories?post=6901"},{"taxonomy":"post_tag","embeddable":true,"href":"https:\/\/www.welovecycling.com\/pl\/wp-json\/wp\/v2\/tags?post=6901"},{"taxonomy":"global-categories","embeddable":true,"href":"https:\/\/www.welovecycling.com\/pl\/wp-json\/wp\/v2\/global-categories?post=6901"}],"curies":[{"name":"wp","href":"https:\/\/api.w.org\/{rel}","templated":true}]}}