{"id":6889,"date":"2018-04-29T20:57:34","date_gmt":"2018-04-29T20:57:34","guid":{"rendered":"https:\/\/www.welovecycling.com\/pl\/?p=6889"},"modified":"2018-04-29T20:57:34","modified_gmt":"2018-04-29T20:57:34","slug":"rozciaganie-dla-rowerzystow","status":"publish","type":"post","link":"https:\/\/www.welovecycling.com\/pl\/2018\/04\/29\/rozciaganie-dla-rowerzystow\/","title":{"rendered":"Rozci\u0105ganie dla rowerzyst\u00f3w"},"content":{"rendered":"<p><strong>Rozci\u0105ganie jest prawdopodobnie najbardziej zaniedbanym i znienawidzonym elementem aktywno\u015bci fizycznej. Dlatego stworzyli\u015bmy list\u0119 trzech \u0107wicze\u0144 rozci\u0105gaj\u0105cych, kt\u00f3re w zupe\u0142no\u015bci Ci wystarcz\u0105 do jazdy na rowerze. Prawid\u0142owe rozci\u0105ganie pomo\u017ce Ci uzyska\u0107 bardziej aerodynamiczn\u0105 i efektywn\u0105 pozycj\u0119, i pozwoli Ci cieszy\u0107 si\u0119 rowerem nawet w starszym wieku.<\/strong><\/p>\n<p><!--more--><\/p>\n<h2><b>Rozci\u0105ganie mi\u0119\u015bni czworog\u0142owych uda<\/b><\/h2>\n<p>Twoje mi\u0119\u015bnie czworog\u0142owe s\u0105 bardzo silne, ale je\u015bli zesztywniej\u0105 i b\u0119dziesz odczuwa\u0107 ograniczony zakres ruch\u00f3w, wtedy nie wszystkie w\u0142\u00f3kna mi\u0119\u015bniowe prawid\u0142owo dzia\u0142aj\u0105 i nie peda\u0142ujesz najwydajniej. Je\u015bli chcesz temu zapobiec, przyjmij pozycj\u0119 widoczn\u0105 na poni\u017cszym obrazku i rozci\u0105gnij swoje mi\u0119\u015bnie czworog\u0142owe, przybli\u017caj\u0105c kostki do po\u015bladk\u00f3w. Pilnuj, aby Twoje kolana by\u0142y jak najbli\u017cej siebie, a cia\u0142o zachowa\u0142o pozycj\u0119 pionow\u0105.<\/p>\n<p><a href=\"https:\/\/d2p6e6u75xmxt8.cloudfront.net\/5\/2018\/04\/quad-stretch.jpg\"><img loading=\"lazy\" decoding=\"async\" class=\"alignnone size-full wp-image-6890\" src=\"https:\/\/d2p6e6u75xmxt8.cloudfront.net\/5\/2018\/04\/quad-stretch.jpg\" alt=\"\" width=\"1333\" height=\"1000\" srcset=\"https:\/\/d2p6e6u75xmxt8.cloudfront.net\/5\/2018\/04\/quad-stretch.jpg 1333w, https:\/\/d2p6e6u75xmxt8.cloudfront.net\/5\/2018\/04\/quad-stretch-300x225.jpg 300w, https:\/\/d2p6e6u75xmxt8.cloudfront.net\/5\/2018\/04\/quad-stretch-768x576.jpg 768w, https:\/\/d2p6e6u75xmxt8.cloudfront.net\/5\/2018\/04\/quad-stretch-1024x768.jpg 1024w\" sizes=\"auto, (max-width: 1333px) 100vw, 1333px\" \/><\/a><\/p>\n<h2><strong>Rozci\u0105ganie tylnych mi\u0119\u015bni uda<\/strong><\/h2>\n<p><a href=\"https:\/\/d2p6e6u75xmxt8.cloudfront.net\/5\/2018\/04\/hamstring-stretch-01.jpg\"><img loading=\"lazy\" decoding=\"async\" class=\"alignnone size-full wp-image-6891\" src=\"https:\/\/d2p6e6u75xmxt8.cloudfront.net\/5\/2018\/04\/hamstring-stretch-01.jpg\" alt=\"\" width=\"1778\" height=\"1000\" srcset=\"https:\/\/d2p6e6u75xmxt8.cloudfront.net\/5\/2018\/04\/hamstring-stretch-01.jpg 1778w, https:\/\/d2p6e6u75xmxt8.cloudfront.net\/5\/2018\/04\/hamstring-stretch-01-300x169.jpg 300w, https:\/\/d2p6e6u75xmxt8.cloudfront.net\/5\/2018\/04\/hamstring-stretch-01-768x432.jpg 768w, https:\/\/d2p6e6u75xmxt8.cloudfront.net\/5\/2018\/04\/hamstring-stretch-01-1024x576.jpg 1024w\" sizes=\"auto, (max-width: 1778px) 100vw, 1778px\" \/><\/a><\/p>\n<p>Je\u015bli tylne mi\u0119\u015bnie Twojego uda s\u0105 prawid\u0142owo rozci\u0105gni\u0119te, Twoja miednica mo\u017ce mocniej przechyli\u0107 si\u0119 do przodu na siode\u0142ku, pozwalaj\u0105c Tobie na przybranie bardziej aerodynamicznej pozycji. Pozwala to r\u00f3wnie\u017c bardziej zaanga\u017cowa\u0107 w peda\u0142owanie Twoje najmocniejsze mi\u0119\u015bnie \u2013 mi\u0119\u015bnie po\u015bladk\u00f3w. Mo\u017cesz rozci\u0105gn\u0105\u0107 tylne mi\u0119\u015bnie uda, opieraj\u0105c si\u0119 na prostej nodze, tak jak na pierwszym obrazku. Mo\u017cesz te\u017c u\u017cy\u0107 opaski lub r\u0119cznika, aby, le\u017c\u0105c na pod\u0142odze, przybli\u017cy\u0107 prost\u0105 nog\u0119 do siebie, jak na rysunku drugim.<\/p>\n<p><a href=\"https:\/\/d2p6e6u75xmxt8.cloudfront.net\/5\/2018\/04\/hamstring-stretch-02.jpg\"><img loading=\"lazy\" decoding=\"async\" class=\"alignnone size-full wp-image-6892\" src=\"https:\/\/d2p6e6u75xmxt8.cloudfront.net\/5\/2018\/04\/hamstring-stretch-02.jpg\" alt=\"\" width=\"1000\" height=\"1333\" srcset=\"https:\/\/d2p6e6u75xmxt8.cloudfront.net\/5\/2018\/04\/hamstring-stretch-02.jpg 1000w, https:\/\/d2p6e6u75xmxt8.cloudfront.net\/5\/2018\/04\/hamstring-stretch-02-225x300.jpg 225w, https:\/\/d2p6e6u75xmxt8.cloudfront.net\/5\/2018\/04\/hamstring-stretch-02-768x1024.jpg 768w\" sizes=\"auto, (max-width: 1000px) 100vw, 1000px\" \/><\/a><\/p>\n<h2><strong>Rozci\u0105ganie mi\u0119\u015bni po\u015bladk\u00f3w i zginaczy biodra<\/strong><\/h2>\n<p>\u0106wiczenia te rozci\u0105gaj\u0105 mi\u0119\u015bnie po\u015bladk\u00f3w, dolnej cz\u0119\u015bci plec\u00f3w, a tak\u017ce zginacze bioder. Jest to szczeg\u00f3lnie wa\u017cne dla tych, kt\u00f3rzy do\u015bwiadczaj\u0105 b\u00f3lu krzy\u017ca po d\u0142ugich lub intensywnych przeja\u017cd\u017ckach. Wszystko, co musisz zrobi\u0107, to przyj\u0105\u0107 pozycj\u0119 widoczn\u0105 na obrazku. Je\u015bli chcesz zwi\u0119kszy\u0107 intensywno\u015b\u0107 rozci\u0105gania, po prostu poci\u0105gnij kolano w kierunku brzucha.<\/p>\n<p><a href=\"https:\/\/d2p6e6u75xmxt8.cloudfront.net\/5\/2018\/04\/glute-stretch.jpg\"><img loading=\"lazy\" decoding=\"async\" class=\"alignnone size-full wp-image-6893\" src=\"https:\/\/d2p6e6u75xmxt8.cloudfront.net\/5\/2018\/04\/glute-stretch.jpg\" alt=\"\" width=\"1000\" height=\"1333\" srcset=\"https:\/\/d2p6e6u75xmxt8.cloudfront.net\/5\/2018\/04\/glute-stretch.jpg 1000w, https:\/\/d2p6e6u75xmxt8.cloudfront.net\/5\/2018\/04\/glute-stretch-225x300.jpg 225w, https:\/\/d2p6e6u75xmxt8.cloudfront.net\/5\/2018\/04\/glute-stretch-768x1024.jpg 768w\" sizes=\"auto, (max-width: 1000px) 100vw, 1000px\" \/><\/a><\/p>\n<p>Zanim zaczniesz si\u0119 rozci\u0105ga\u0107, pami\u0119taj o dw\u00f3ch rzeczach. Po pierwsze, pami\u0119taj, aby ka\u017cde \u0107wiczenie wykonywa\u0107 przez co najmniej 30 sekund dla ka\u017cdej strony cia\u0142a \u2013 to absolutne minimum, \u017ceby osi\u0105gn\u0105\u0107 jakiekolwiek rezultaty. A po drugie, zawsze rozci\u0105gaj si\u0119 po wysi\u0142ku. Rozci\u0105ganie przed \u0107wiczeniami nie poprawi wydajno\u015bci, a badania wykaza\u0142y, \u017ce faktycznie mo\u017ce zwi\u0119kszy\u0107 ryzyko kontuzji. Po prostu rozgrzej si\u0119 wcze\u015bniej!<\/p>\n","protected":false},"excerpt":{"rendered":"<p>Rozci\u0105ganie jest prawdopodobnie najbardziej zaniedbanym i znienawidzonym elementem aktywno\u015bci fizycznej. Dlatego stworzyli\u015bmy list\u0119 trzech \u0107wicze\u0144 rozci\u0105gaj\u0105cych, kt\u00f3re w zupe\u0142no\u015bci Ci [&hellip;]<\/p>\n","protected":false},"author":76,"featured_media":6895,"comment_status":"open","ping_status":"open","sticky":false,"template":"","format":"standard","meta":{"footnotes":""},"categories":[4],"tags":[41,82,123],"global-categories":[],"class_list":["post-6889","post","type-post","status-publish","format-standard","has-post-thumbnail","hentry","category-zdrowie-i-trening","tag-cycling","tag-welovecycling","tag-zdrowie-i-trening"],"yoast_head":"<!-- This site is optimized with the Yoast SEO Premium plugin v25.3 (Yoast SEO v25.9) - https:\/\/yoast.com\/wordpress\/plugins\/seo\/ -->\n<title>Rozci\u0105ganie dla rowerzyst\u00f3w - \u0160koda We Love Cycling - Poland<\/title>\n<meta name=\"robots\" content=\"index, follow, max-snippet:-1, max-image-preview:large, max-video-preview:-1\" \/>\n<link rel=\"canonical\" href=\"https:\/\/www.welovecycling.com\/pl\/2018\/04\/29\/rozciaganie-dla-rowerzystow\/\" \/>\n<meta property=\"og:locale\" content=\"pl_PL\" \/>\n<meta property=\"og:type\" content=\"article\" \/>\n<meta property=\"og:title\" content=\"Rozci\u0105ganie dla rowerzyst\u00f3w\" \/>\n<meta property=\"og:description\" content=\"Rozci\u0105ganie jest prawdopodobnie najbardziej zaniedbanym i znienawidzonym elementem aktywno\u015bci fizycznej. Dlatego stworzyli\u015bmy list\u0119 trzech \u0107wicze\u0144 rozci\u0105gaj\u0105cych, kt\u00f3re w zupe\u0142no\u015bci Ci [&hellip;]\" \/>\n<meta property=\"og:url\" content=\"https:\/\/www.welovecycling.com\/pl\/2018\/04\/29\/rozciaganie-dla-rowerzystow\/\" \/>\n<meta property=\"og:site_name\" content=\"\u0160koda We Love Cycling - Poland\" \/>\n<meta property=\"article:published_time\" content=\"2018-04-29T20:57:34+00:00\" \/>\n<meta property=\"og:image\" content=\"https:\/\/d2p6e6u75xmxt8.cloudfront.net\/5\/2018\/04\/profimedia-0254782142-1.jpg\" \/>\n\t<meta property=\"og:image:width\" content=\"1366\" \/>\n\t<meta property=\"og:image:height\" content=\"600\" \/>\n\t<meta property=\"og:image:type\" content=\"image\/jpeg\" \/>\n<meta name=\"author\" content=\"piotrboczkowski\" \/>\n<meta name=\"twitter:card\" content=\"summary_large_image\" \/>\n<meta name=\"twitter:label1\" content=\"Written by\" \/>\n\t<meta name=\"twitter:data1\" content=\"Jiri Kaloc\" \/>\n\t<meta name=\"twitter:label2\" content=\"Est. reading time\" \/>\n\t<meta name=\"twitter:data2\" content=\"2 minutes\" \/>\n<script type=\"application\/ld+json\" class=\"yoast-schema-graph\">{\"@context\":\"https:\/\/schema.org\",\"@graph\":[{\"@type\":\"WebPage\",\"@id\":\"https:\/\/www.welovecycling.com\/pl\/2018\/04\/29\/rozciaganie-dla-rowerzystow\/\",\"url\":\"https:\/\/www.welovecycling.com\/pl\/2018\/04\/29\/rozciaganie-dla-rowerzystow\/\",\"name\":\"Rozci\u0105ganie dla rowerzyst\u00f3w - \u0160koda We Love Cycling - Poland\",\"isPartOf\":{\"@id\":\"https:\/\/www.welovecycling.com\/pl\/#website\"},\"primaryImageOfPage\":{\"@id\":\"https:\/\/www.welovecycling.com\/pl\/2018\/04\/29\/rozciaganie-dla-rowerzystow\/#primaryimage\"},\"image\":{\"@id\":\"https:\/\/www.welovecycling.com\/pl\/2018\/04\/29\/rozciaganie-dla-rowerzystow\/#primaryimage\"},\"thumbnailUrl\":\"https:\/\/d2p6e6u75xmxt8.cloudfront.net\/5\/2018\/04\/profimedia-0254782142-1.jpg\",\"datePublished\":\"2018-04-29T20:57:34+00:00\",\"author\":{\"@id\":\"https:\/\/www.welovecycling.com\/pl\/#\/schema\/person\/0dba2d39da943db9df3fd8f4687e7f23\"},\"breadcrumb\":{\"@id\":\"https:\/\/www.welovecycling.com\/pl\/2018\/04\/29\/rozciaganie-dla-rowerzystow\/#breadcrumb\"},\"inLanguage\":\"pl-PL\",\"potentialAction\":[{\"@type\":\"ReadAction\",\"target\":[\"https:\/\/www.welovecycling.com\/pl\/2018\/04\/29\/rozciaganie-dla-rowerzystow\/\"]}]},{\"@type\":\"ImageObject\",\"inLanguage\":\"pl-PL\",\"@id\":\"https:\/\/www.welovecycling.com\/pl\/2018\/04\/29\/rozciaganie-dla-rowerzystow\/#primaryimage\",\"url\":\"https:\/\/d2p6e6u75xmxt8.cloudfront.net\/5\/2018\/04\/profimedia-0254782142-1.jpg\",\"contentUrl\":\"https:\/\/d2p6e6u75xmxt8.cloudfront.net\/5\/2018\/04\/profimedia-0254782142-1.jpg\",\"width\":1366,\"height\":600},{\"@type\":\"BreadcrumbList\",\"@id\":\"https:\/\/www.welovecycling.com\/pl\/2018\/04\/29\/rozciaganie-dla-rowerzystow\/#breadcrumb\",\"itemListElement\":[{\"@type\":\"ListItem\",\"position\":1,\"name\":\"Home\",\"item\":\"https:\/\/www.welovecycling.com\/pl\/\"},{\"@type\":\"ListItem\",\"position\":2,\"name\":\"Rozci\u0105ganie dla rowerzyst\u00f3w\"}]},{\"@type\":\"WebSite\",\"@id\":\"https:\/\/www.welovecycling.com\/pl\/#website\",\"url\":\"https:\/\/www.welovecycling.com\/pl\/\",\"name\":\"\u0160koda We Love Cycling - Poland\",\"description\":\"\",\"potentialAction\":[{\"@type\":\"SearchAction\",\"target\":{\"@type\":\"EntryPoint\",\"urlTemplate\":\"https:\/\/www.welovecycling.com\/pl\/?s={search_term_string}\"},\"query-input\":{\"@type\":\"PropertyValueSpecification\",\"valueRequired\":true,\"valueName\":\"search_term_string\"}}],\"inLanguage\":\"pl-PL\"},{\"@type\":\"Person\",\"@id\":\"https:\/\/www.welovecycling.com\/pl\/#\/schema\/person\/0dba2d39da943db9df3fd8f4687e7f23\",\"name\":\"piotrboczkowski\",\"image\":{\"@type\":\"ImageObject\",\"inLanguage\":\"pl-PL\",\"@id\":\"https:\/\/www.welovecycling.com\/pl\/#\/schema\/person\/image\/\",\"url\":\"https:\/\/secure.gravatar.com\/avatar\/533caccae14752e03a2ce2d3fd62d1b98b93e1393c3195c27819e53344ca1ace?s=96&d=mm&r=g\",\"contentUrl\":\"https:\/\/secure.gravatar.com\/avatar\/533caccae14752e03a2ce2d3fd62d1b98b93e1393c3195c27819e53344ca1ace?s=96&d=mm&r=g\",\"caption\":\"piotrboczkowski\"},\"url\":\"https:\/\/www.welovecycling.com\/pl\/author\/piotrboczkowski\/\"}]}<\/script>\n<!-- \/ Yoast SEO Premium plugin. -->","yoast_head_json":{"title":"Rozci\u0105ganie dla rowerzyst\u00f3w - \u0160koda We Love Cycling - Poland","robots":{"index":"index","follow":"follow","max-snippet":"max-snippet:-1","max-image-preview":"max-image-preview:large","max-video-preview":"max-video-preview:-1"},"canonical":"https:\/\/www.welovecycling.com\/pl\/2018\/04\/29\/rozciaganie-dla-rowerzystow\/","og_locale":"pl_PL","og_type":"article","og_title":"Rozci\u0105ganie dla rowerzyst\u00f3w","og_description":"Rozci\u0105ganie jest prawdopodobnie najbardziej zaniedbanym i znienawidzonym elementem aktywno\u015bci fizycznej. Dlatego stworzyli\u015bmy list\u0119 trzech \u0107wicze\u0144 rozci\u0105gaj\u0105cych, kt\u00f3re w zupe\u0142no\u015bci Ci [&hellip;]","og_url":"https:\/\/www.welovecycling.com\/pl\/2018\/04\/29\/rozciaganie-dla-rowerzystow\/","og_site_name":"\u0160koda We Love Cycling - Poland","article_published_time":"2018-04-29T20:57:34+00:00","og_image":[{"width":1366,"height":600,"url":"https:\/\/d2p6e6u75xmxt8.cloudfront.net\/5\/2018\/04\/profimedia-0254782142-1.jpg","type":"image\/jpeg"}],"author":"piotrboczkowski","twitter_card":"summary_large_image","twitter_misc":{"Written by":"Jiri Kaloc","Est. reading time":"2 minutes"},"schema":{"@context":"https:\/\/schema.org","@graph":[{"@type":"WebPage","@id":"https:\/\/www.welovecycling.com\/pl\/2018\/04\/29\/rozciaganie-dla-rowerzystow\/","url":"https:\/\/www.welovecycling.com\/pl\/2018\/04\/29\/rozciaganie-dla-rowerzystow\/","name":"Rozci\u0105ganie dla rowerzyst\u00f3w - \u0160koda We Love Cycling - Poland","isPartOf":{"@id":"https:\/\/www.welovecycling.com\/pl\/#website"},"primaryImageOfPage":{"@id":"https:\/\/www.welovecycling.com\/pl\/2018\/04\/29\/rozciaganie-dla-rowerzystow\/#primaryimage"},"image":{"@id":"https:\/\/www.welovecycling.com\/pl\/2018\/04\/29\/rozciaganie-dla-rowerzystow\/#primaryimage"},"thumbnailUrl":"https:\/\/d2p6e6u75xmxt8.cloudfront.net\/5\/2018\/04\/profimedia-0254782142-1.jpg","datePublished":"2018-04-29T20:57:34+00:00","author":{"@id":"https:\/\/www.welovecycling.com\/pl\/#\/schema\/person\/0dba2d39da943db9df3fd8f4687e7f23"},"breadcrumb":{"@id":"https:\/\/www.welovecycling.com\/pl\/2018\/04\/29\/rozciaganie-dla-rowerzystow\/#breadcrumb"},"inLanguage":"pl-PL","potentialAction":[{"@type":"ReadAction","target":["https:\/\/www.welovecycling.com\/pl\/2018\/04\/29\/rozciaganie-dla-rowerzystow\/"]}]},{"@type":"ImageObject","inLanguage":"pl-PL","@id":"https:\/\/www.welovecycling.com\/pl\/2018\/04\/29\/rozciaganie-dla-rowerzystow\/#primaryimage","url":"https:\/\/d2p6e6u75xmxt8.cloudfront.net\/5\/2018\/04\/profimedia-0254782142-1.jpg","contentUrl":"https:\/\/d2p6e6u75xmxt8.cloudfront.net\/5\/2018\/04\/profimedia-0254782142-1.jpg","width":1366,"height":600},{"@type":"BreadcrumbList","@id":"https:\/\/www.welovecycling.com\/pl\/2018\/04\/29\/rozciaganie-dla-rowerzystow\/#breadcrumb","itemListElement":[{"@type":"ListItem","position":1,"name":"Home","item":"https:\/\/www.welovecycling.com\/pl\/"},{"@type":"ListItem","position":2,"name":"Rozci\u0105ganie dla rowerzyst\u00f3w"}]},{"@type":"WebSite","@id":"https:\/\/www.welovecycling.com\/pl\/#website","url":"https:\/\/www.welovecycling.com\/pl\/","name":"\u0160koda We Love Cycling - Poland","description":"","potentialAction":[{"@type":"SearchAction","target":{"@type":"EntryPoint","urlTemplate":"https:\/\/www.welovecycling.com\/pl\/?s={search_term_string}"},"query-input":{"@type":"PropertyValueSpecification","valueRequired":true,"valueName":"search_term_string"}}],"inLanguage":"pl-PL"},{"@type":"Person","@id":"https:\/\/www.welovecycling.com\/pl\/#\/schema\/person\/0dba2d39da943db9df3fd8f4687e7f23","name":"piotrboczkowski","image":{"@type":"ImageObject","inLanguage":"pl-PL","@id":"https:\/\/www.welovecycling.com\/pl\/#\/schema\/person\/image\/","url":"https:\/\/secure.gravatar.com\/avatar\/533caccae14752e03a2ce2d3fd62d1b98b93e1393c3195c27819e53344ca1ace?s=96&d=mm&r=g","contentUrl":"https:\/\/secure.gravatar.com\/avatar\/533caccae14752e03a2ce2d3fd62d1b98b93e1393c3195c27819e53344ca1ace?s=96&d=mm&r=g","caption":"piotrboczkowski"},"url":"https:\/\/www.welovecycling.com\/pl\/author\/piotrboczkowski\/"}]}},"_links":{"self":[{"href":"https:\/\/www.welovecycling.com\/pl\/wp-json\/wp\/v2\/posts\/6889","targetHints":{"allow":["GET"]}}],"collection":[{"href":"https:\/\/www.welovecycling.com\/pl\/wp-json\/wp\/v2\/posts"}],"about":[{"href":"https:\/\/www.welovecycling.com\/pl\/wp-json\/wp\/v2\/types\/post"}],"author":[{"embeddable":true,"href":"https:\/\/www.welovecycling.com\/pl\/wp-json\/wp\/v2\/users\/76"}],"replies":[{"embeddable":true,"href":"https:\/\/www.welovecycling.com\/pl\/wp-json\/wp\/v2\/comments?post=6889"}],"version-history":[{"count":2,"href":"https:\/\/www.welovecycling.com\/pl\/wp-json\/wp\/v2\/posts\/6889\/revisions"}],"predecessor-version":[{"id":6896,"href":"https:\/\/www.welovecycling.com\/pl\/wp-json\/wp\/v2\/posts\/6889\/revisions\/6896"}],"wp:featuredmedia":[{"embeddable":true,"href":"https:\/\/www.welovecycling.com\/pl\/wp-json\/wp\/v2\/media\/6895"}],"wp:attachment":[{"href":"https:\/\/www.welovecycling.com\/pl\/wp-json\/wp\/v2\/media?parent=6889"}],"wp:term":[{"taxonomy":"category","embeddable":true,"href":"https:\/\/www.welovecycling.com\/pl\/wp-json\/wp\/v2\/categories?post=6889"},{"taxonomy":"post_tag","embeddable":true,"href":"https:\/\/www.welovecycling.com\/pl\/wp-json\/wp\/v2\/tags?post=6889"},{"taxonomy":"global-categories","embeddable":true,"href":"https:\/\/www.welovecycling.com\/pl\/wp-json\/wp\/v2\/global-categories?post=6889"}],"curies":[{"name":"wp","href":"https:\/\/api.w.org\/{rel}","templated":true}]}}