{"id":6877,"date":"2018-04-25T07:43:34","date_gmt":"2018-04-25T07:43:34","guid":{"rendered":"https:\/\/www.welovecycling.com\/pl\/?p=6877"},"modified":"2018-04-25T07:43:34","modified_gmt":"2018-04-25T07:43:34","slug":"jak-wielki-mogl-byc-ryszard-szurkowski-gdyby-nie-ta-jedna-szuflada","status":"publish","type":"post","link":"https:\/\/www.welovecycling.com\/pl\/2018\/04\/25\/jak-wielki-mogl-byc-ryszard-szurkowski-gdyby-nie-ta-jedna-szuflada\/","title":{"rendered":"Jak wielki m\u00f3g\u0142 by\u0107 Ryszard Szurkowski? Gdyby nie ta jedna szuflada\u2026"},"content":{"rendered":"<p><strong>Trzykrotny mistrz \u015bwiata, dwukrotny wicemistrz olimpijski, czterokrotny zwyci\u0119zca Wy\u015bcigu Pokoju. Legenda i jeden z najwybitniejszych polskich kolarzy, kt\u00f3rego dopingowa\u0142y miliony kibic\u00f3w. &#8211; Kiedy\u015b si\u0119 ukrywa\u0142em, by mie\u0107 troch\u0119 spokoju. Dzi\u015b ju\u017c nie musz\u0119, ale to mi\u0142e, gdy kto\u015b sobie o mnie przypomni \u2013 m\u00f3wi w specjalnym wywiadzie dla We Love Cycling Ryszard Szurkowski.<\/strong><\/p>\n<p><!--more--><\/p>\n<p>Legendarny polski kolarz opowiada nam o kolarskiej taktyce, politycznych naciskach oraz ofertach, kt\u00f3re l\u0105dowa\u0142y w szufladzie, a o kt\u00f3rej istnieniu nawet nie wiedzia\u0142&#8230;<\/p>\n<p><strong>Spotka\u0142em si\u0119 z okre\u015bleniem, \u017ce pod wzgl\u0119dem sukces\u00f3w i popularno\u015bci by\u0142 Pan \u201eAdamem Ma\u0142yszem lat 70.\u201d. Zgodzi si\u0119 Pan z tym?<\/strong><\/p>\n<p>&#8211; Taki werdykt mog\u0105 wyda\u0107 tylko kibice.<\/p>\n<p><strong>Ale 40 lat temu wok\u00f3\u0142 Pana te\u017c by\u0142o takie zainteresowanie?<\/strong><\/p>\n<p>&#8211; Nie chc\u0119 wyj\u015b\u0107 na zarozumia\u0142ego, ale\u2026 Podam tylko jeden przyk\u0142ad \u2013 podczas Wy\u015bcigu Pokoju na dawnym Stadionie Dziesi\u0119ciolecia by\u0142o 100 tys. ludzi, a drugie tyle sta\u0142o na drodze do hotelu, gdzie mieszkali\u015bmy. Nie chodzi\u0142o jednak tylko o mnie, ale w og\u00f3le o polski sport.<\/p>\n<p>No bo, komu dzi\u015b w \u015bwiecie graj\u0105 polski hymn narodowy? G\u0142\u00f3wnie naszym sportowcom, a nie naukowcom czy politykom, oczywi\u015bcie nic im nie ujmuj\u0105c. A us\u0142ysze\u0107 hymn, to co\u015b najwa\u017cniejszego dla kogo\u015b, kto si\u0119 uto\u017csamia z ojczyzn\u0105. W latach 70. grano hymn kolarzom, lekkoatletom, ci\u0119\u017carowcom, zapa\u015bnikom, pi\u0142karzom. W\u0142a\u015bciwie tylko polskim sportowcom! Na zgrupowaniach przed sezonem wsz\u0119dzie spotyka\u0142o si\u0119 mistrz\u00f3w olimpijskich: Szewi\u0144ska, Baszanowski, Komar, Kozakiewicz. Trudno by\u0142o nie by\u0107 mistrzem w momencie, gdy przebywa\u0142o si\u0119 w takim towarzystwie.<\/p>\n<p>Od lat 90. sport cieszy ludzi tak samo, ale sta\u0142 si\u0119 inny \u2013 bogaty i bardzo komercyjny. Ubiory s\u0105 kolorowe, a zawody \u015bwietnie pokazywane w telewizji. Ale to dobrze, bo emocje pozosta\u0142y. Sport to dla ludzi ci\u0105gle jedna z najwa\u017cniejszych rzeczy, mo\u017ce opr\u00f3cz wybitnych odkry\u0107 naukowych.<\/p>\n<p><strong>Do dzi\u015b ludzie poznaj\u0105 Pana na ulicy?<\/strong><\/p>\n<p>&#8211; Tak, ale ci w kategorii 45+. M\u0142odsi tylko wtedy, gdy w domu m\u00f3wi si\u0119 o sporcie i jego historii. Starsi jednak doskonale mnie pami\u0119taj\u0105. Kiedy\u015b si\u0119 ukrywa\u0142em, by mie\u0107 troch\u0119 spokoju. Dzi\u015b ju\u017c nie musz\u0119, ale to mi\u0142e, gdy kto\u015b sobie o mnie przypomni. Ludzie kojarz\u0105 mnie po g\u0142osie i po sylwetce.<\/p>\n<p><strong>Skoro zachowa\u0142 Pan sylwetk\u0119, to tylko dobrze o Panu \u015bwiadczy.<\/strong><\/p>\n<p>&#8211; Ale niestety czupryna ju\u017c nie taka czarna jak kiedy\u015b (\u015bmiech).<\/p>\n<p><strong>Tytu\u0142y mistrza \u015bwiata, wicemistrza olimpijskiego, zwyci\u0119stwa w Wy\u015bcigu Pokoju. Osi\u0105gni\u0119\u0107 ma Pan wiele, ale kt\u00f3re\u015b jest dla Pana szczeg\u00f3lne??<\/strong><\/p>\n<p>&#8211; Trudne pytanie\u2026 Pierwszy du\u017cy sukces jest dla sportowca bardzo wa\u017cny, bo utwierdza w tym, \u017ce znajduje si\u0119 na dobrej drodze. Z kolei drugi jest chyba trudniejszy do osi\u0105gni\u0119cia, bo jest si\u0119 ju\u017c obserwowanym i pilnowanym przez przeciwnik\u00f3w. Za to nast\u0119pne zwyci\u0119stwa udowadniaj\u0105, \u017ce mimo up\u0142ywu czasu i przyj\u015bcia m\u0142odych, jeste\u015b w stanie ci\u0105gle wygrywa\u0107. To buduje pewno\u015b\u0107 siebie. Mo\u017ce tak\u0105 najwa\u017cniejsz\u0105 wygran\u0105 by\u0142o pierwsze mistrzostwo \u015bwiata? To by\u0142 prze\u0142om w polskim kolarstwie\u2026 Ale czy kolejne zwyci\u0119stwa by\u0142y mniej wa\u017cne? Chyba nie, bo dla sportowca ka\u017cda wygrana jest szczeg\u00f3lna.<\/p>\n<p><strong>W peletonie mia\u0142 Pan opini\u0119 doskona\u0142ego taktyka. Na czym to polega\u0142o?<\/strong><\/p>\n<p>&#8211; Kolarstwo w moich czasach by\u0142o zupe\u0142nie inne, niezwykle trudne. Wygrywali zawodnicy wszechstronni &#8211; dobrzy w g\u00f3rach, sprintach i je\u017adzie na czas. A do tego nale\u017ca\u0142o by\u0107 taktykiem. M\u00f3wi\u0142o si\u0119, \u017ce dru\u017cyna pracuje na lidera, ale tak by\u0142o tylko w niekt\u00f3rych wy\u015bcigach, np. mistrzostwach \u015bwiata. Natomiast w innych trzeba by\u0142o samemu g\u0142\u00f3wkowa\u0107, jak pokona\u0107 przeciwnika. Jak walczy\u0107 z kim\u015b, kogo znam, a jak z kolarzem, o kt\u00f3rym tylko s\u0142ysza\u0142em.<\/p>\n<p>Dzi\u015b grupa dowozi zawodnika do finiszu, a kiedy\u015b trzeba by\u0142o by\u0107 z przodu lub goni\u0107, a potem pokona\u0107 reszt\u0119. Nikt nikomu za bardzo nie pomaga\u0142 \u2026 Kolarzem podobnym do tych z moich czas\u00f3w jest teraz Petr Sagan, kt\u00f3ry nie ma mocnej dru\u017cyny, ale cz\u0119sto sam atakuje i wygrywa. U nas trzeba by\u0142o znale\u017a\u0107 si\u0119 w odpowiednim miejscu i we w\u0142a\u015bciwym czasie, nast\u0119pnie przeanalizowa\u0107 si\u0142y, a p\u00f3\u017aniej liczy\u0142a si\u0119 moc. S\u0142abi nie wygrywali, nawet przez przypadek.<\/p>\n<p><strong>Podczas Wy\u015bcigu Pokoju cz\u0119\u015bciej jecha\u0142 Pan w \u017c\u00f3\u0142tej koszulce ni\u017c w innym trykocie. Wszyscy kibice zawsze liczyli, \u017ce to Szurkowski b\u0119dzie liderem. Jak Pan sobie poradzi\u0142 z t\u0105 presj\u0105?<\/strong><\/p>\n<p>&#8211; A mo\u017ce sobie nie poradzi\u0142em? Bo jak by\u0142em w wysokiej formie i wygrywa\u0142em inne wy\u015bcigi, to w Wy\u015bcigu Pokoju powiedzia\u0142em: \u201edo\u015b\u0107\u201d. Czu\u0142em ci\u0119\u017car nie tylko w trakcie, ale te\u017c przed wy\u015bcigiem, wi\u0119c po sze\u015bciu edycjach zrezygnowa\u0142em. Pewnie nie by\u0142o to po my\u015bli dzia\u0142aczy politycznych, ale ja ju\u017c mia\u0142em do\u015b\u0107 tej odpowiedzialno\u015bci.<\/p>\n<p><strong>To zabrzmia\u0142o tak, jakby czu\u0142 si\u0119 Pan przegranym w Wy\u015bcigu Pokoju, tymczasem Pan go wygra\u0142 a\u017c cztery razy! <\/strong><\/p>\n<p>&#8211; Po ka\u017cdym sezonie sz\u0142o si\u0119 do urz\u0119du kultury fizycznej, a tam pada\u0142y pytania o nast\u0119pc\u00f3w. Atmosfera by\u0142a taka, \u017ce czu\u0142em, jakby kto\u015b m\u00f3wi\u0142, \u017cebym da\u0142 sobie ju\u017c spok\u00f3j, bo przyjd\u0105 inni. W 1976 r. dosta\u0142em nawet propozycj\u0119 wyjazdu do Japonii na pokazowe wy\u015bcigi torowe, a przecie\u017c to by\u0142o zaraz po przyje\u017adzie z Igrzysk Olimpijskich [Polacy zdobyli tam srebrny medal w je\u017adzie dru\u017cynowej na czas].<\/p>\n<p>S\u0142ysza\u0142em, \u017ce zrobi\u0142em du\u017co dobrego dla kadry, wi\u0119c mo\u017ce to ju\u017c czas, bym odsun\u0105\u0142 si\u0119 w cie\u0144 i wyjecha\u0142. Oczywi\u015bcie nie na zawodowstwo do Belgii, W\u0142och, czy Francji, ale do Japonii, gdzie nikt ju\u017c o mnie nie b\u0119dzie s\u0142ysza\u0142. Taka atmosfera nie pomaga\u0142a psychicznie, wi\u0119c zrezygnowa\u0142em.<\/p>\n<p><strong>Tymczasem do przej\u015bcia na zawodowstwo kusi\u0142y Pana najwi\u0119ksze europejskie dru\u017cyny. <\/strong><\/p>\n<p>&#8211; Przychodzi\u0142o sporo ofert, ale wi\u0119kszo\u015b\u0107 l\u0105dowa\u0142a w szufladzie, o kt\u00f3rej istnieniu nawet nie wiedzia\u0142em&#8230;<\/p>\n<p><strong>\u017ba\u0142owa\u0142 Pan, \u017ce to by\u0142y takie czasy?<\/strong><\/p>\n<p>&#8211; W\u00f3wczas nie mia\u0142o si\u0119 tego, co chcia\u0142o si\u0119 mie\u0107, tylko to, co pa\u0144stwo dawa\u0142o. I tyle.<\/p>\n<p><strong>Z tego powodu nie m\u00f3g\u0142 Pan wystartowa\u0107 w najwi\u0119kszym wy\u015bcigu \u015bwiata &#8211; Tour de France.<\/strong><\/p>\n<p>&#8211; W Polsce by\u0142o wielu zawodnik\u00f3w, kt\u00f3rzy mogliby tam wygrywa\u0107 etapy. Mogli\u015bmy si\u0119 tylko pociesza\u0107, \u017ce ci, kt\u00f3rzy wtedy wygrywali w Tour de France, przegrywali z nami na wy\u015bcigach, w kt\u00f3rych mogli\u015bmy jecha\u0107. Oni byli nazywani zawodowcami, ale spokojnie by\u015bmy sobie z nimi poradzili. Oni te\u017c doskonale o tym wiedzieli. M\u00f3wili, \u017ce by\u0142oby fajnie, gdyby\u015bmy pojechali wszyscy razem, ale z drugiej strony mieliby problemy z wygrywaniem.<\/p>\n<p><strong>Ale mimo to nie \u017cal Panu tego Tour de France?<\/strong><\/p>\n<p>&#8211; Wielu rzeczy w \u017cyciu \u017cal, ale co mog\u0142em zrobi\u0107?<\/p>\n<p><strong>Dzi\u015b prowadzi Pan sklep rowerowy w Warszawie. Zauwa\u017ca pan, \u017ce coraz wi\u0119cej os\u00f3b chce uprawia\u0107 ten sport?<\/strong><\/p>\n<p>&#8211; Jazda rekreacyjna w Polsce ca\u0142y czas si\u0119 rozwija. W sklepie ruch mamy spory, ludzie kupuj\u0105 dobry sprz\u0119t. Nie bior\u0105 najta\u0144szego, tylko lepszy. Wiedz\u0105, \u017ce jak kupi si\u0119 co\u015b porz\u0105dnego, to w ko\u0144cowym rozrachunku b\u0119dzie ta\u0144sze, bo d\u0142u\u017cej i lepiej pos\u0142u\u017cy. Fajnie, \u017ce Polacy coraz ch\u0119tniej je\u017cd\u017c\u0105 na rowerach.<\/p>\n","protected":false},"excerpt":{"rendered":"<p>Trzykrotny mistrz \u015bwiata, dwukrotny wicemistrz olimpijski, czterokrotny zwyci\u0119zca Wy\u015bcigu Pokoju. Legenda i jeden z najwybitniejszych polskich kolarzy, kt\u00f3rego dopingowa\u0142y miliony [&hellip;]<\/p>\n","protected":false},"author":76,"featured_media":6878,"comment_status":"open","ping_status":"open","sticky":false,"template":"","format":"standard","meta":{"footnotes":""},"categories":[6],"tags":[41,82,146],"global-categories":[],"class_list":["post-6877","post","type-post","status-publish","format-standard","has-post-thumbnail","hentry","category-kolarstwo-szosowe","tag-cycling","tag-welovecycling","tag-wyscig"],"yoast_head":"<!-- This site is optimized with the Yoast SEO Premium plugin v25.3 (Yoast SEO v25.9) - https:\/\/yoast.com\/wordpress\/plugins\/seo\/ -->\n<title>Jak wielki m\u00f3g\u0142 by\u0107 Ryszard Szurkowski? Gdyby nie ta jedna szuflada\u2026 - \u0160koda We Love Cycling - Poland<\/title>\n<meta name=\"robots\" content=\"index, follow, max-snippet:-1, max-image-preview:large, max-video-preview:-1\" \/>\n<link rel=\"canonical\" href=\"https:\/\/www.welovecycling.com\/pl\/2018\/04\/25\/jak-wielki-mogl-byc-ryszard-szurkowski-gdyby-nie-ta-jedna-szuflada\/\" \/>\n<meta property=\"og:locale\" content=\"pl_PL\" \/>\n<meta property=\"og:type\" content=\"article\" \/>\n<meta property=\"og:title\" content=\"Jak wielki m\u00f3g\u0142 by\u0107 Ryszard Szurkowski? Gdyby nie ta jedna szuflada\u2026\" \/>\n<meta property=\"og:description\" content=\"Trzykrotny mistrz \u015bwiata, dwukrotny wicemistrz olimpijski, czterokrotny zwyci\u0119zca Wy\u015bcigu Pokoju. Legenda i jeden z najwybitniejszych polskich kolarzy, kt\u00f3rego dopingowa\u0142y miliony [&hellip;]\" \/>\n<meta property=\"og:url\" content=\"https:\/\/www.welovecycling.com\/pl\/2018\/04\/25\/jak-wielki-mogl-byc-ryszard-szurkowski-gdyby-nie-ta-jedna-szuflada\/\" \/>\n<meta property=\"og:site_name\" content=\"\u0160koda We Love Cycling - Poland\" \/>\n<meta property=\"article:published_time\" content=\"2018-04-25T07:43:34+00:00\" \/>\n<meta property=\"og:image\" content=\"https:\/\/d2p6e6u75xmxt8.cloudfront.net\/5\/2018\/04\/shutterstock_260198537.jpg\" \/>\n\t<meta property=\"og:image:width\" content=\"1000\" \/>\n\t<meta property=\"og:image:height\" content=\"667\" \/>\n\t<meta property=\"og:image:type\" content=\"image\/jpeg\" \/>\n<meta name=\"author\" content=\"piotrboczkowski\" \/>\n<meta name=\"twitter:card\" content=\"summary_large_image\" \/>\n<meta name=\"twitter:label1\" content=\"Written by\" \/>\n\t<meta name=\"twitter:data1\" content=\"WeLoveCycling\" \/>\n\t<meta name=\"twitter:label2\" content=\"Est. reading time\" \/>\n\t<meta name=\"twitter:data2\" content=\"6 minutes\" \/>\n<script type=\"application\/ld+json\" class=\"yoast-schema-graph\">{\"@context\":\"https:\/\/schema.org\",\"@graph\":[{\"@type\":\"WebPage\",\"@id\":\"https:\/\/www.welovecycling.com\/pl\/2018\/04\/25\/jak-wielki-mogl-byc-ryszard-szurkowski-gdyby-nie-ta-jedna-szuflada\/\",\"url\":\"https:\/\/www.welovecycling.com\/pl\/2018\/04\/25\/jak-wielki-mogl-byc-ryszard-szurkowski-gdyby-nie-ta-jedna-szuflada\/\",\"name\":\"Jak wielki m\u00f3g\u0142 by\u0107 Ryszard Szurkowski? Gdyby nie ta jedna szuflada\u2026 - \u0160koda We Love Cycling - Poland\",\"isPartOf\":{\"@id\":\"https:\/\/www.welovecycling.com\/pl\/#website\"},\"primaryImageOfPage\":{\"@id\":\"https:\/\/www.welovecycling.com\/pl\/2018\/04\/25\/jak-wielki-mogl-byc-ryszard-szurkowski-gdyby-nie-ta-jedna-szuflada\/#primaryimage\"},\"image\":{\"@id\":\"https:\/\/www.welovecycling.com\/pl\/2018\/04\/25\/jak-wielki-mogl-byc-ryszard-szurkowski-gdyby-nie-ta-jedna-szuflada\/#primaryimage\"},\"thumbnailUrl\":\"https:\/\/d2p6e6u75xmxt8.cloudfront.net\/5\/2018\/04\/shutterstock_260198537.jpg\",\"datePublished\":\"2018-04-25T07:43:34+00:00\",\"author\":{\"@id\":\"https:\/\/www.welovecycling.com\/pl\/#\/schema\/person\/0dba2d39da943db9df3fd8f4687e7f23\"},\"breadcrumb\":{\"@id\":\"https:\/\/www.welovecycling.com\/pl\/2018\/04\/25\/jak-wielki-mogl-byc-ryszard-szurkowski-gdyby-nie-ta-jedna-szuflada\/#breadcrumb\"},\"inLanguage\":\"pl-PL\",\"potentialAction\":[{\"@type\":\"ReadAction\",\"target\":[\"https:\/\/www.welovecycling.com\/pl\/2018\/04\/25\/jak-wielki-mogl-byc-ryszard-szurkowski-gdyby-nie-ta-jedna-szuflada\/\"]}]},{\"@type\":\"ImageObject\",\"inLanguage\":\"pl-PL\",\"@id\":\"https:\/\/www.welovecycling.com\/pl\/2018\/04\/25\/jak-wielki-mogl-byc-ryszard-szurkowski-gdyby-nie-ta-jedna-szuflada\/#primaryimage\",\"url\":\"https:\/\/d2p6e6u75xmxt8.cloudfront.net\/5\/2018\/04\/shutterstock_260198537.jpg\",\"contentUrl\":\"https:\/\/d2p6e6u75xmxt8.cloudfront.net\/5\/2018\/04\/shutterstock_260198537.jpg\",\"width\":1000,\"height\":667},{\"@type\":\"BreadcrumbList\",\"@id\":\"https:\/\/www.welovecycling.com\/pl\/2018\/04\/25\/jak-wielki-mogl-byc-ryszard-szurkowski-gdyby-nie-ta-jedna-szuflada\/#breadcrumb\",\"itemListElement\":[{\"@type\":\"ListItem\",\"position\":1,\"name\":\"Home\",\"item\":\"https:\/\/www.welovecycling.com\/pl\/\"},{\"@type\":\"ListItem\",\"position\":2,\"name\":\"Jak wielki m\u00f3g\u0142 by\u0107 Ryszard Szurkowski? Gdyby nie ta jedna szuflada\u2026\"}]},{\"@type\":\"WebSite\",\"@id\":\"https:\/\/www.welovecycling.com\/pl\/#website\",\"url\":\"https:\/\/www.welovecycling.com\/pl\/\",\"name\":\"\u0160koda We Love Cycling - Poland\",\"description\":\"\",\"potentialAction\":[{\"@type\":\"SearchAction\",\"target\":{\"@type\":\"EntryPoint\",\"urlTemplate\":\"https:\/\/www.welovecycling.com\/pl\/?s={search_term_string}\"},\"query-input\":{\"@type\":\"PropertyValueSpecification\",\"valueRequired\":true,\"valueName\":\"search_term_string\"}}],\"inLanguage\":\"pl-PL\"},{\"@type\":\"Person\",\"@id\":\"https:\/\/www.welovecycling.com\/pl\/#\/schema\/person\/0dba2d39da943db9df3fd8f4687e7f23\",\"name\":\"piotrboczkowski\",\"image\":{\"@type\":\"ImageObject\",\"inLanguage\":\"pl-PL\",\"@id\":\"https:\/\/www.welovecycling.com\/pl\/#\/schema\/person\/image\/\",\"url\":\"https:\/\/secure.gravatar.com\/avatar\/533caccae14752e03a2ce2d3fd62d1b98b93e1393c3195c27819e53344ca1ace?s=96&d=mm&r=g\",\"contentUrl\":\"https:\/\/secure.gravatar.com\/avatar\/533caccae14752e03a2ce2d3fd62d1b98b93e1393c3195c27819e53344ca1ace?s=96&d=mm&r=g\",\"caption\":\"piotrboczkowski\"},\"url\":\"https:\/\/www.welovecycling.com\/pl\/author\/piotrboczkowski\/\"}]}<\/script>\n<!-- \/ Yoast SEO Premium plugin. -->","yoast_head_json":{"title":"Jak wielki m\u00f3g\u0142 by\u0107 Ryszard Szurkowski? Gdyby nie ta jedna szuflada\u2026 - \u0160koda We Love Cycling - Poland","robots":{"index":"index","follow":"follow","max-snippet":"max-snippet:-1","max-image-preview":"max-image-preview:large","max-video-preview":"max-video-preview:-1"},"canonical":"https:\/\/www.welovecycling.com\/pl\/2018\/04\/25\/jak-wielki-mogl-byc-ryszard-szurkowski-gdyby-nie-ta-jedna-szuflada\/","og_locale":"pl_PL","og_type":"article","og_title":"Jak wielki m\u00f3g\u0142 by\u0107 Ryszard Szurkowski? Gdyby nie ta jedna szuflada\u2026","og_description":"Trzykrotny mistrz \u015bwiata, dwukrotny wicemistrz olimpijski, czterokrotny zwyci\u0119zca Wy\u015bcigu Pokoju. Legenda i jeden z najwybitniejszych polskich kolarzy, kt\u00f3rego dopingowa\u0142y miliony [&hellip;]","og_url":"https:\/\/www.welovecycling.com\/pl\/2018\/04\/25\/jak-wielki-mogl-byc-ryszard-szurkowski-gdyby-nie-ta-jedna-szuflada\/","og_site_name":"\u0160koda We Love Cycling - Poland","article_published_time":"2018-04-25T07:43:34+00:00","og_image":[{"width":1000,"height":667,"url":"https:\/\/d2p6e6u75xmxt8.cloudfront.net\/5\/2018\/04\/shutterstock_260198537.jpg","type":"image\/jpeg"}],"author":"piotrboczkowski","twitter_card":"summary_large_image","twitter_misc":{"Written by":"WeLoveCycling","Est. reading time":"6 minutes"},"schema":{"@context":"https:\/\/schema.org","@graph":[{"@type":"WebPage","@id":"https:\/\/www.welovecycling.com\/pl\/2018\/04\/25\/jak-wielki-mogl-byc-ryszard-szurkowski-gdyby-nie-ta-jedna-szuflada\/","url":"https:\/\/www.welovecycling.com\/pl\/2018\/04\/25\/jak-wielki-mogl-byc-ryszard-szurkowski-gdyby-nie-ta-jedna-szuflada\/","name":"Jak wielki m\u00f3g\u0142 by\u0107 Ryszard Szurkowski? Gdyby nie ta jedna szuflada\u2026 - \u0160koda We Love Cycling - Poland","isPartOf":{"@id":"https:\/\/www.welovecycling.com\/pl\/#website"},"primaryImageOfPage":{"@id":"https:\/\/www.welovecycling.com\/pl\/2018\/04\/25\/jak-wielki-mogl-byc-ryszard-szurkowski-gdyby-nie-ta-jedna-szuflada\/#primaryimage"},"image":{"@id":"https:\/\/www.welovecycling.com\/pl\/2018\/04\/25\/jak-wielki-mogl-byc-ryszard-szurkowski-gdyby-nie-ta-jedna-szuflada\/#primaryimage"},"thumbnailUrl":"https:\/\/d2p6e6u75xmxt8.cloudfront.net\/5\/2018\/04\/shutterstock_260198537.jpg","datePublished":"2018-04-25T07:43:34+00:00","author":{"@id":"https:\/\/www.welovecycling.com\/pl\/#\/schema\/person\/0dba2d39da943db9df3fd8f4687e7f23"},"breadcrumb":{"@id":"https:\/\/www.welovecycling.com\/pl\/2018\/04\/25\/jak-wielki-mogl-byc-ryszard-szurkowski-gdyby-nie-ta-jedna-szuflada\/#breadcrumb"},"inLanguage":"pl-PL","potentialAction":[{"@type":"ReadAction","target":["https:\/\/www.welovecycling.com\/pl\/2018\/04\/25\/jak-wielki-mogl-byc-ryszard-szurkowski-gdyby-nie-ta-jedna-szuflada\/"]}]},{"@type":"ImageObject","inLanguage":"pl-PL","@id":"https:\/\/www.welovecycling.com\/pl\/2018\/04\/25\/jak-wielki-mogl-byc-ryszard-szurkowski-gdyby-nie-ta-jedna-szuflada\/#primaryimage","url":"https:\/\/d2p6e6u75xmxt8.cloudfront.net\/5\/2018\/04\/shutterstock_260198537.jpg","contentUrl":"https:\/\/d2p6e6u75xmxt8.cloudfront.net\/5\/2018\/04\/shutterstock_260198537.jpg","width":1000,"height":667},{"@type":"BreadcrumbList","@id":"https:\/\/www.welovecycling.com\/pl\/2018\/04\/25\/jak-wielki-mogl-byc-ryszard-szurkowski-gdyby-nie-ta-jedna-szuflada\/#breadcrumb","itemListElement":[{"@type":"ListItem","position":1,"name":"Home","item":"https:\/\/www.welovecycling.com\/pl\/"},{"@type":"ListItem","position":2,"name":"Jak wielki m\u00f3g\u0142 by\u0107 Ryszard Szurkowski? Gdyby nie ta jedna szuflada\u2026"}]},{"@type":"WebSite","@id":"https:\/\/www.welovecycling.com\/pl\/#website","url":"https:\/\/www.welovecycling.com\/pl\/","name":"\u0160koda We Love Cycling - Poland","description":"","potentialAction":[{"@type":"SearchAction","target":{"@type":"EntryPoint","urlTemplate":"https:\/\/www.welovecycling.com\/pl\/?s={search_term_string}"},"query-input":{"@type":"PropertyValueSpecification","valueRequired":true,"valueName":"search_term_string"}}],"inLanguage":"pl-PL"},{"@type":"Person","@id":"https:\/\/www.welovecycling.com\/pl\/#\/schema\/person\/0dba2d39da943db9df3fd8f4687e7f23","name":"piotrboczkowski","image":{"@type":"ImageObject","inLanguage":"pl-PL","@id":"https:\/\/www.welovecycling.com\/pl\/#\/schema\/person\/image\/","url":"https:\/\/secure.gravatar.com\/avatar\/533caccae14752e03a2ce2d3fd62d1b98b93e1393c3195c27819e53344ca1ace?s=96&d=mm&r=g","contentUrl":"https:\/\/secure.gravatar.com\/avatar\/533caccae14752e03a2ce2d3fd62d1b98b93e1393c3195c27819e53344ca1ace?s=96&d=mm&r=g","caption":"piotrboczkowski"},"url":"https:\/\/www.welovecycling.com\/pl\/author\/piotrboczkowski\/"}]}},"_links":{"self":[{"href":"https:\/\/www.welovecycling.com\/pl\/wp-json\/wp\/v2\/posts\/6877","targetHints":{"allow":["GET"]}}],"collection":[{"href":"https:\/\/www.welovecycling.com\/pl\/wp-json\/wp\/v2\/posts"}],"about":[{"href":"https:\/\/www.welovecycling.com\/pl\/wp-json\/wp\/v2\/types\/post"}],"author":[{"embeddable":true,"href":"https:\/\/www.welovecycling.com\/pl\/wp-json\/wp\/v2\/users\/76"}],"replies":[{"embeddable":true,"href":"https:\/\/www.welovecycling.com\/pl\/wp-json\/wp\/v2\/comments?post=6877"}],"version-history":[{"count":1,"href":"https:\/\/www.welovecycling.com\/pl\/wp-json\/wp\/v2\/posts\/6877\/revisions"}],"predecessor-version":[{"id":6879,"href":"https:\/\/www.welovecycling.com\/pl\/wp-json\/wp\/v2\/posts\/6877\/revisions\/6879"}],"wp:featuredmedia":[{"embeddable":true,"href":"https:\/\/www.welovecycling.com\/pl\/wp-json\/wp\/v2\/media\/6878"}],"wp:attachment":[{"href":"https:\/\/www.welovecycling.com\/pl\/wp-json\/wp\/v2\/media?parent=6877"}],"wp:term":[{"taxonomy":"category","embeddable":true,"href":"https:\/\/www.welovecycling.com\/pl\/wp-json\/wp\/v2\/categories?post=6877"},{"taxonomy":"post_tag","embeddable":true,"href":"https:\/\/www.welovecycling.com\/pl\/wp-json\/wp\/v2\/tags?post=6877"},{"taxonomy":"global-categories","embeddable":true,"href":"https:\/\/www.welovecycling.com\/pl\/wp-json\/wp\/v2\/global-categories?post=6877"}],"curies":[{"name":"wp","href":"https:\/\/api.w.org\/{rel}","templated":true}]}}