{"id":6860,"date":"2018-04-18T09:42:14","date_gmt":"2018-04-18T09:42:14","guid":{"rendered":"https:\/\/www.welovecycling.com\/pl\/?p=6860"},"modified":"2018-04-18T09:42:14","modified_gmt":"2018-04-18T09:42:14","slug":"zrobic-walko-czyli-niesamowita-historia-kolarza-z-polskimi-korzeniami","status":"publish","type":"post","link":"https:\/\/www.welovecycling.com\/pl\/2018\/04\/18\/zrobic-walko-czyli-niesamowita-historia-kolarza-z-polskimi-korzeniami\/","title":{"rendered":"\u201eZrobi\u0107 Walko!\u201d, czyli niesamowita historia kolarza z polskimi korzeniami"},"content":{"rendered":"<p><strong>Gdy wjecha\u0142 na met\u0119, t\u0142um kibic\u00f3w wpad\u0142 w konsternacj\u0119. Bli\u017cej nieznany, z dziwnym nazwiskiem, do tego bez wygranej etapowej. \u201eNiegodny zwyci\u0119stwa\u201d \u2013 pisali dziennikarze. W\u0142a\u015bnie w takich okoliczno\u015bciach w Tour de France sensacyjnie triumfowa\u0142 Roger Walkowiak, francuski kolarz z polskimi korzeniami.<\/strong><\/p>\n<p><!--more--><\/p>\n<p>Takie historie dzi\u015b zdarzaj\u0105 si\u0119 w ameryka\u0144skich filmach, ale nie w zawodowym sporcie. Historie, kt\u00f3rych bohater pojawia si\u0119 znik\u0105d, a jego triumf docenia si\u0119 dopiero po latach. Zreszt\u0105 najbardziej sensacyjne zwyci\u0119stwo w historii Tour de France obchodzi\u0142oby tak\u017ce niewielu Polak\u00f3w, gdyby nie Tomasz Walkowiak.<\/p>\n<p>Robotnik z Lublina w poszukiwaniu lepszego \u017cycia przeprowadzi\u0142 si\u0119 do Francji, gdzie pozna\u0142 Berthe Lecocq. Para pobra\u0142a si\u0119, a w 1927 roku w Montlucon na \u015bwiat przyszed\u0142 Roger, kt\u00f3ry 29 lat p\u00f3\u017aniej wygra\u0142 wielki Tour de France.<\/p>\n<p><strong>Najgorszy zesp\u00f3\u0142 w Tour de France<\/strong><\/p>\n<p>Niewiele jednak wskazywa\u0142o, \u017ce ch\u0142opak b\u0119dzie m\u00f3g\u0142 kiedy\u015b na powa\u017cnie uprawia\u0107 sport, o zawodowstwie nie wspominaj\u0105c. Roger Walkowiak boryka\u0142 si\u0119 bowiem z problemami zdrowotnymi, kt\u00f3re w pewnym momencie by\u0142y wi\u0119kszym przeciwnikiem ni\u017c najszybsi rywale.<\/p>\n<p>Do tego nie mia\u0142 komfortu dzisiejszych zawodowc\u00f3w, kt\u00f3rzy ca\u0142e \u017cycie mog\u0105 po\u015bwi\u0119ci\u0107 treningowi. Walkowiak z wykszta\u0142cenia by\u0142 tokarzem i zacz\u0105\u0142 prac\u0119 w zawodzie. P\u00f3\u017aniej otrzyma\u0142 powo\u0142anie do wojska, a gdy z niego wr\u00f3ci\u0142, pracy ju\u017c nie by\u0142o, wi\u0119c z bezsilno\u015bci\u2026 zacz\u0105\u0142 si\u0119 \u015bciga\u0107.<\/p>\n<p>Najpierw pokona\u0142 problemy zdrowotne, a kolejny cel by\u0142 jasny \u2013 dosta\u0107 si\u0119 do grupy zawodowej. Zaczyna\u0142 od tego, \u017ce wsiada\u0142 do poci\u0105gu, jecha\u0142 do wsi, gdzie w\u0142a\u015bnie odbywa\u0142 si\u0119 wy\u015bcig, bardzo cz\u0119sto go wygrywa\u0142 i wraca\u0142 do domu. P\u00f3\u017aniej zacz\u0105\u0142 triumfowa\u0107 w coraz powa\u017cniejszych imprezach, a\u017c w ko\u0144cu do\u0142\u0105czy\u0142 do Nord-Est-Centre team. Nie by\u0142a to jednak \u2013 delikatnie m\u00f3wi\u0105c &#8211; dru\u017cyna marze\u0144\u2026<\/p>\n<p>&#8211; To by\u0142 najgorszy zesp\u00f3\u0142 w ca\u0142ym Tour de France w 1956 r., a ja nawet nie startowa\u0142em jako jego lider \u2013 wspomina\u0142 Walkowiak po latach w rozmowie z portalem bicycling.com. &#8211; Ale sz\u0142o mi dobrze, czu\u0142em si\u0119 mocny, wi\u0119c powiedzia\u0142em sobie: Musisz spr\u00f3bowa\u0107 co\u015b osi\u0105gn\u0105\u0107! \u2013 dodawa\u0142.<\/p>\n<p><strong>Nie pos\u0142ucha\u0142 szefa<\/strong><\/p>\n<p>Po pierwszych etapach nie zanosi\u0142o si\u0119 jednak na wielki wynik 29-letniego Francuza z polskimi korzeniami. Zrzuca\u0142 to na brak szcz\u0119\u015bcia i kraksy na trasie. Na 7. etapie postawi\u0142 jednak wszystko na jedn\u0105 kart\u0119 i wzi\u0105\u0142 udzia\u0142 w ucieczce, kt\u00f3ra przyjecha\u0142a na met\u0119 18 minut przed peletonem. To wtedy po raz pierwszy za\u0142o\u017cy\u0142 \u017c\u00f3\u0142t\u0105 koszulk\u0119 lidera.<\/p>\n<p>Jecha\u0142 w niej przez trzy dni, po czym musia\u0142 odda\u0107 j\u0105 Gerritowi Voortingowi. Wtedy wydawa\u0142o si\u0119, \u017ce pi\u0119kna historia Walkowiaka w\u0142a\u015bnie dobiega ko\u0144ca, ale on nie powiedzia\u0142 jeszcze ostatniego s\u0142owa.<\/p>\n<p>Ponownie zaatakowa\u0142 na 18. etapie. \u2013 Wiedzia\u0142em, \u017ce zaczyna si\u0119 stromy podjazd, wi\u0119c da\u0142em z siebie wszystko. Na szczycie wci\u0105\u017c jednak mia\u0142em dwie minuty straty. Dyrektor mojego zespo\u0142u chcia\u0142, \u017cebym poczeka\u0142 na reszt\u0119, ale nie pos\u0142ucha\u0142em go i dzi\u0119ki temu uda\u0142o mi si\u0119 odbi\u0107 \u017c\u00f3\u0142t\u0105 koszulk\u0119 lidera \u2013 wspomina\u0142.<\/p>\n<p>Walkowiak nie odda\u0142 jej ju\u017c do ko\u0144ca i wygra\u0142 Tour de France mimo tego, \u017ce nie triumfowa\u0142 na \u017cadnym z etap\u00f3w! Taki fina\u0142 Wielkiej P\u0119tli nie wszystkim by\u0142 jednak na r\u0119k\u0119. Cho\u0107 zwyci\u0119\u017cy\u0142 Francuz, to tamtejsze media nie rozp\u0142ywa\u0142y si\u0119 nad jego wygran\u0105, poniewa\u017c kibice mieli w\u00f3wczas innych bohater\u00f3w, za kt\u00f3rych trzymali kciuki. W najostrzejszych komentarzach Walkowiak by\u0142 nawet okre\u015blany niegodnym zwyci\u0119stwa w Wielkiej P\u0119tli. \u201eAplauz brzmia\u0142 jak lament&#8221;, napisano w L&#8217;\u00c9quipe.<\/p>\n<p>&#8211; Nie wiem, mo\u017ce wynika\u0142o to z tego, \u017ce m\u00f3j ojciec by\u0142 polskim imigrantem, a ja mia\u0142am inne nazwisko ni\u017c wszyscy? Trudno dzi\u015b opisa\u0107, jak si\u0119 czu\u0142em. Jeszcze przed met\u0105 prasa zacz\u0119\u0142a by\u0107 krytyczna, a dyrektorzy zespo\u0142\u00f3w m\u00f3wili: Jak mogli\u015bmy do tego dopu\u015bci\u0107? \u2013 wspomina\u0142 Walkowiak w Bicycling.com.<\/p>\n<p><strong>Romantyczna historia kolarstwa<\/strong><\/p>\n<p>Do historii Tour de France przesz\u0142o nawet powiedzenie \u201eZrobi\u0107 Walko!\u201d, kt\u00f3re mia\u0142o dwa znaczenia. \u201eWygra\u0107 szcz\u0119\u015bliwie\u201d \u2013 dla tych, kt\u00f3rzy nie byli sprzymierze\u0144cami Francuza; oraz \u201eDa\u0107 z siebie wszystko i sprawi\u0107 sensacj\u0119\u201d \u2013 dla tych, kt\u00f3rzy byli pod wra\u017ceniem jego wyczynu.<\/p>\n<p>Za Walkowiakiem jednak d\u0142ugo ci\u0105gn\u0119\u0142a si\u0119 niech\u0119\u0107 kibic\u00f3w. Wci\u0105\u017c uwa\u017cali go za ogromnego szcz\u0119\u015bliwca\u00a0 i cz\u0142owieka, kt\u00f3ry odebra\u0142 im rado\u015b\u0107 z kolarskiego \u015bwi\u0119ta, poniewa\u017c liczyli na innych narodowych faworyt\u00f3w.<\/p>\n<p>S\u0142ysza\u0142 o tym tak\u017ce, gdy po zako\u0144czeniu kariery otworzy\u0142 bar, kt\u00f3ry &#8211; m.in. z powodu krytycznych g\u0142os\u00f3w &#8211; zdecydowa\u0142 si\u0119 zamkn\u0105\u0107. &#8211; Potrzebowa\u0142em odpocz\u0105\u0107 od kolarstwa, wi\u0119c kupili\u015bmy z \u017con\u0105 ma\u0142\u0105 owcz\u0105 farm\u0119. Pocz\u0105tek lat 70. to by\u0142y jednak ci\u0119\u017ckie czasy, wi\u0119c wr\u00f3ci\u0142em do fabryki, w kt\u00f3rej pracowa\u0142em przed zawodowstwem \u2013 opowiada\u0142.<\/p>\n<p>Z czasem kolarski \u015bwiat zacz\u0105\u0142 jednak docenia\u0107 jego sukces. Zapraszano go na imprezy, gdzie stara\u0142 si\u0119 nie okazywa\u0107 \u017calu za to, jak potraktowano go w 1956 r. Goszczono go r\u00f3wnie\u017c na Tour de France, a dziennikarze zacz\u0119li traktowa\u0107 Francuza z polskimi korzeniami jako swoisty fenomen, kt\u00f3ry napisa\u0142 niesamowity rozdzia\u0142 w historii najwi\u0119kszego kolarskiego wy\u015bcigu na \u015bwiecie romantyczn\u0105 histori\u0119 kolarstwa.<\/p>\n<p>Przez pewien czas Walkowiak by\u0142 r\u00f3wnie\u017c najd\u0142u\u017cej \u017cyj\u0105cym zwyci\u0119zc\u0105 Tour de France. Zmar\u0142 w 2017 r., miesi\u0105c przed 90. urodzinami.<\/p>\n","protected":false},"excerpt":{"rendered":"<p>Gdy wjecha\u0142 na met\u0119, t\u0142um kibic\u00f3w wpad\u0142 w konsternacj\u0119. Bli\u017cej nieznany, z dziwnym nazwiskiem, do tego bez wygranej etapowej. \u201eNiegodny [&hellip;]<\/p>\n","protected":false},"author":76,"featured_media":6861,"comment_status":"open","ping_status":"open","sticky":false,"template":"","format":"standard","meta":{"footnotes":""},"categories":[226],"tags":[41,77,82],"global-categories":[],"class_list":["post-6860","post","type-post","status-publish","format-standard","has-post-thumbnail","hentry","category-ciekawostki","tag-cycling","tag-tour-de-france","tag-welovecycling"],"yoast_head":"<!-- This site is optimized with the Yoast SEO Premium plugin v25.3 (Yoast SEO v25.9) - https:\/\/yoast.com\/wordpress\/plugins\/seo\/ -->\n<title>\u201eZrobi\u0107 Walko!\u201d, czyli niesamowita historia kolarza z polskimi korzeniami - \u0160koda We Love Cycling - Poland<\/title>\n<meta name=\"robots\" content=\"index, follow, max-snippet:-1, max-image-preview:large, max-video-preview:-1\" \/>\n<link rel=\"canonical\" href=\"https:\/\/www.welovecycling.com\/pl\/2018\/04\/18\/zrobic-walko-czyli-niesamowita-historia-kolarza-z-polskimi-korzeniami\/\" \/>\n<meta property=\"og:locale\" content=\"pl_PL\" \/>\n<meta property=\"og:type\" content=\"article\" \/>\n<meta property=\"og:title\" content=\"\u201eZrobi\u0107 Walko!\u201d, czyli niesamowita historia kolarza z polskimi korzeniami\" \/>\n<meta property=\"og:description\" content=\"Gdy wjecha\u0142 na met\u0119, t\u0142um kibic\u00f3w wpad\u0142 w konsternacj\u0119. Bli\u017cej nieznany, z dziwnym nazwiskiem, do tego bez wygranej etapowej. \u201eNiegodny [&hellip;]\" \/>\n<meta property=\"og:url\" content=\"https:\/\/www.welovecycling.com\/pl\/2018\/04\/18\/zrobic-walko-czyli-niesamowita-historia-kolarza-z-polskimi-korzeniami\/\" \/>\n<meta property=\"og:site_name\" content=\"\u0160koda We Love Cycling - Poland\" \/>\n<meta property=\"article:published_time\" content=\"2018-04-18T09:42:14+00:00\" \/>\n<meta property=\"og:image\" content=\"https:\/\/d2p6e6u75xmxt8.cloudfront.net\/5\/2018\/04\/shutterstock_637355848.jpg\" \/>\n\t<meta property=\"og:image:width\" content=\"1000\" \/>\n\t<meta property=\"og:image:height\" content=\"474\" \/>\n\t<meta property=\"og:image:type\" content=\"image\/jpeg\" \/>\n<meta name=\"author\" content=\"piotrboczkowski\" \/>\n<meta name=\"twitter:card\" content=\"summary_large_image\" \/>\n<meta name=\"twitter:label1\" content=\"Written by\" \/>\n\t<meta name=\"twitter:data1\" content=\"WeLoveCycling\" \/>\n\t<meta name=\"twitter:label2\" content=\"Est. reading time\" \/>\n\t<meta name=\"twitter:data2\" content=\"5 minutes\" \/>\n<script type=\"application\/ld+json\" class=\"yoast-schema-graph\">{\"@context\":\"https:\/\/schema.org\",\"@graph\":[{\"@type\":\"WebPage\",\"@id\":\"https:\/\/www.welovecycling.com\/pl\/2018\/04\/18\/zrobic-walko-czyli-niesamowita-historia-kolarza-z-polskimi-korzeniami\/\",\"url\":\"https:\/\/www.welovecycling.com\/pl\/2018\/04\/18\/zrobic-walko-czyli-niesamowita-historia-kolarza-z-polskimi-korzeniami\/\",\"name\":\"\u201eZrobi\u0107 Walko!\u201d, czyli niesamowita historia kolarza z polskimi korzeniami - \u0160koda We Love Cycling - Poland\",\"isPartOf\":{\"@id\":\"https:\/\/www.welovecycling.com\/pl\/#website\"},\"primaryImageOfPage\":{\"@id\":\"https:\/\/www.welovecycling.com\/pl\/2018\/04\/18\/zrobic-walko-czyli-niesamowita-historia-kolarza-z-polskimi-korzeniami\/#primaryimage\"},\"image\":{\"@id\":\"https:\/\/www.welovecycling.com\/pl\/2018\/04\/18\/zrobic-walko-czyli-niesamowita-historia-kolarza-z-polskimi-korzeniami\/#primaryimage\"},\"thumbnailUrl\":\"https:\/\/d2p6e6u75xmxt8.cloudfront.net\/5\/2018\/04\/shutterstock_637355848.jpg\",\"datePublished\":\"2018-04-18T09:42:14+00:00\",\"author\":{\"@id\":\"https:\/\/www.welovecycling.com\/pl\/#\/schema\/person\/0dba2d39da943db9df3fd8f4687e7f23\"},\"breadcrumb\":{\"@id\":\"https:\/\/www.welovecycling.com\/pl\/2018\/04\/18\/zrobic-walko-czyli-niesamowita-historia-kolarza-z-polskimi-korzeniami\/#breadcrumb\"},\"inLanguage\":\"pl-PL\",\"potentialAction\":[{\"@type\":\"ReadAction\",\"target\":[\"https:\/\/www.welovecycling.com\/pl\/2018\/04\/18\/zrobic-walko-czyli-niesamowita-historia-kolarza-z-polskimi-korzeniami\/\"]}]},{\"@type\":\"ImageObject\",\"inLanguage\":\"pl-PL\",\"@id\":\"https:\/\/www.welovecycling.com\/pl\/2018\/04\/18\/zrobic-walko-czyli-niesamowita-historia-kolarza-z-polskimi-korzeniami\/#primaryimage\",\"url\":\"https:\/\/d2p6e6u75xmxt8.cloudfront.net\/5\/2018\/04\/shutterstock_637355848.jpg\",\"contentUrl\":\"https:\/\/d2p6e6u75xmxt8.cloudfront.net\/5\/2018\/04\/shutterstock_637355848.jpg\",\"width\":1000,\"height\":474},{\"@type\":\"BreadcrumbList\",\"@id\":\"https:\/\/www.welovecycling.com\/pl\/2018\/04\/18\/zrobic-walko-czyli-niesamowita-historia-kolarza-z-polskimi-korzeniami\/#breadcrumb\",\"itemListElement\":[{\"@type\":\"ListItem\",\"position\":1,\"name\":\"Home\",\"item\":\"https:\/\/www.welovecycling.com\/pl\/\"},{\"@type\":\"ListItem\",\"position\":2,\"name\":\"\u201eZrobi\u0107 Walko!\u201d, czyli niesamowita historia kolarza z polskimi korzeniami\"}]},{\"@type\":\"WebSite\",\"@id\":\"https:\/\/www.welovecycling.com\/pl\/#website\",\"url\":\"https:\/\/www.welovecycling.com\/pl\/\",\"name\":\"\u0160koda We Love Cycling - Poland\",\"description\":\"\",\"potentialAction\":[{\"@type\":\"SearchAction\",\"target\":{\"@type\":\"EntryPoint\",\"urlTemplate\":\"https:\/\/www.welovecycling.com\/pl\/?s={search_term_string}\"},\"query-input\":{\"@type\":\"PropertyValueSpecification\",\"valueRequired\":true,\"valueName\":\"search_term_string\"}}],\"inLanguage\":\"pl-PL\"},{\"@type\":\"Person\",\"@id\":\"https:\/\/www.welovecycling.com\/pl\/#\/schema\/person\/0dba2d39da943db9df3fd8f4687e7f23\",\"name\":\"piotrboczkowski\",\"image\":{\"@type\":\"ImageObject\",\"inLanguage\":\"pl-PL\",\"@id\":\"https:\/\/www.welovecycling.com\/pl\/#\/schema\/person\/image\/\",\"url\":\"https:\/\/secure.gravatar.com\/avatar\/533caccae14752e03a2ce2d3fd62d1b98b93e1393c3195c27819e53344ca1ace?s=96&d=mm&r=g\",\"contentUrl\":\"https:\/\/secure.gravatar.com\/avatar\/533caccae14752e03a2ce2d3fd62d1b98b93e1393c3195c27819e53344ca1ace?s=96&d=mm&r=g\",\"caption\":\"piotrboczkowski\"},\"url\":\"https:\/\/www.welovecycling.com\/pl\/author\/piotrboczkowski\/\"}]}<\/script>\n<!-- \/ Yoast SEO Premium plugin. -->","yoast_head_json":{"title":"\u201eZrobi\u0107 Walko!\u201d, czyli niesamowita historia kolarza z polskimi korzeniami - \u0160koda We Love Cycling - Poland","robots":{"index":"index","follow":"follow","max-snippet":"max-snippet:-1","max-image-preview":"max-image-preview:large","max-video-preview":"max-video-preview:-1"},"canonical":"https:\/\/www.welovecycling.com\/pl\/2018\/04\/18\/zrobic-walko-czyli-niesamowita-historia-kolarza-z-polskimi-korzeniami\/","og_locale":"pl_PL","og_type":"article","og_title":"\u201eZrobi\u0107 Walko!\u201d, czyli niesamowita historia kolarza z polskimi korzeniami","og_description":"Gdy wjecha\u0142 na met\u0119, t\u0142um kibic\u00f3w wpad\u0142 w konsternacj\u0119. Bli\u017cej nieznany, z dziwnym nazwiskiem, do tego bez wygranej etapowej. \u201eNiegodny [&hellip;]","og_url":"https:\/\/www.welovecycling.com\/pl\/2018\/04\/18\/zrobic-walko-czyli-niesamowita-historia-kolarza-z-polskimi-korzeniami\/","og_site_name":"\u0160koda We Love Cycling - Poland","article_published_time":"2018-04-18T09:42:14+00:00","og_image":[{"width":1000,"height":474,"url":"https:\/\/d2p6e6u75xmxt8.cloudfront.net\/5\/2018\/04\/shutterstock_637355848.jpg","type":"image\/jpeg"}],"author":"piotrboczkowski","twitter_card":"summary_large_image","twitter_misc":{"Written by":"WeLoveCycling","Est. reading time":"5 minutes"},"schema":{"@context":"https:\/\/schema.org","@graph":[{"@type":"WebPage","@id":"https:\/\/www.welovecycling.com\/pl\/2018\/04\/18\/zrobic-walko-czyli-niesamowita-historia-kolarza-z-polskimi-korzeniami\/","url":"https:\/\/www.welovecycling.com\/pl\/2018\/04\/18\/zrobic-walko-czyli-niesamowita-historia-kolarza-z-polskimi-korzeniami\/","name":"\u201eZrobi\u0107 Walko!\u201d, czyli niesamowita historia kolarza z polskimi korzeniami - \u0160koda We Love Cycling - Poland","isPartOf":{"@id":"https:\/\/www.welovecycling.com\/pl\/#website"},"primaryImageOfPage":{"@id":"https:\/\/www.welovecycling.com\/pl\/2018\/04\/18\/zrobic-walko-czyli-niesamowita-historia-kolarza-z-polskimi-korzeniami\/#primaryimage"},"image":{"@id":"https:\/\/www.welovecycling.com\/pl\/2018\/04\/18\/zrobic-walko-czyli-niesamowita-historia-kolarza-z-polskimi-korzeniami\/#primaryimage"},"thumbnailUrl":"https:\/\/d2p6e6u75xmxt8.cloudfront.net\/5\/2018\/04\/shutterstock_637355848.jpg","datePublished":"2018-04-18T09:42:14+00:00","author":{"@id":"https:\/\/www.welovecycling.com\/pl\/#\/schema\/person\/0dba2d39da943db9df3fd8f4687e7f23"},"breadcrumb":{"@id":"https:\/\/www.welovecycling.com\/pl\/2018\/04\/18\/zrobic-walko-czyli-niesamowita-historia-kolarza-z-polskimi-korzeniami\/#breadcrumb"},"inLanguage":"pl-PL","potentialAction":[{"@type":"ReadAction","target":["https:\/\/www.welovecycling.com\/pl\/2018\/04\/18\/zrobic-walko-czyli-niesamowita-historia-kolarza-z-polskimi-korzeniami\/"]}]},{"@type":"ImageObject","inLanguage":"pl-PL","@id":"https:\/\/www.welovecycling.com\/pl\/2018\/04\/18\/zrobic-walko-czyli-niesamowita-historia-kolarza-z-polskimi-korzeniami\/#primaryimage","url":"https:\/\/d2p6e6u75xmxt8.cloudfront.net\/5\/2018\/04\/shutterstock_637355848.jpg","contentUrl":"https:\/\/d2p6e6u75xmxt8.cloudfront.net\/5\/2018\/04\/shutterstock_637355848.jpg","width":1000,"height":474},{"@type":"BreadcrumbList","@id":"https:\/\/www.welovecycling.com\/pl\/2018\/04\/18\/zrobic-walko-czyli-niesamowita-historia-kolarza-z-polskimi-korzeniami\/#breadcrumb","itemListElement":[{"@type":"ListItem","position":1,"name":"Home","item":"https:\/\/www.welovecycling.com\/pl\/"},{"@type":"ListItem","position":2,"name":"\u201eZrobi\u0107 Walko!\u201d, czyli niesamowita historia kolarza z polskimi korzeniami"}]},{"@type":"WebSite","@id":"https:\/\/www.welovecycling.com\/pl\/#website","url":"https:\/\/www.welovecycling.com\/pl\/","name":"\u0160koda We Love Cycling - Poland","description":"","potentialAction":[{"@type":"SearchAction","target":{"@type":"EntryPoint","urlTemplate":"https:\/\/www.welovecycling.com\/pl\/?s={search_term_string}"},"query-input":{"@type":"PropertyValueSpecification","valueRequired":true,"valueName":"search_term_string"}}],"inLanguage":"pl-PL"},{"@type":"Person","@id":"https:\/\/www.welovecycling.com\/pl\/#\/schema\/person\/0dba2d39da943db9df3fd8f4687e7f23","name":"piotrboczkowski","image":{"@type":"ImageObject","inLanguage":"pl-PL","@id":"https:\/\/www.welovecycling.com\/pl\/#\/schema\/person\/image\/","url":"https:\/\/secure.gravatar.com\/avatar\/533caccae14752e03a2ce2d3fd62d1b98b93e1393c3195c27819e53344ca1ace?s=96&d=mm&r=g","contentUrl":"https:\/\/secure.gravatar.com\/avatar\/533caccae14752e03a2ce2d3fd62d1b98b93e1393c3195c27819e53344ca1ace?s=96&d=mm&r=g","caption":"piotrboczkowski"},"url":"https:\/\/www.welovecycling.com\/pl\/author\/piotrboczkowski\/"}]}},"_links":{"self":[{"href":"https:\/\/www.welovecycling.com\/pl\/wp-json\/wp\/v2\/posts\/6860","targetHints":{"allow":["GET"]}}],"collection":[{"href":"https:\/\/www.welovecycling.com\/pl\/wp-json\/wp\/v2\/posts"}],"about":[{"href":"https:\/\/www.welovecycling.com\/pl\/wp-json\/wp\/v2\/types\/post"}],"author":[{"embeddable":true,"href":"https:\/\/www.welovecycling.com\/pl\/wp-json\/wp\/v2\/users\/76"}],"replies":[{"embeddable":true,"href":"https:\/\/www.welovecycling.com\/pl\/wp-json\/wp\/v2\/comments?post=6860"}],"version-history":[{"count":1,"href":"https:\/\/www.welovecycling.com\/pl\/wp-json\/wp\/v2\/posts\/6860\/revisions"}],"predecessor-version":[{"id":6862,"href":"https:\/\/www.welovecycling.com\/pl\/wp-json\/wp\/v2\/posts\/6860\/revisions\/6862"}],"wp:featuredmedia":[{"embeddable":true,"href":"https:\/\/www.welovecycling.com\/pl\/wp-json\/wp\/v2\/media\/6861"}],"wp:attachment":[{"href":"https:\/\/www.welovecycling.com\/pl\/wp-json\/wp\/v2\/media?parent=6860"}],"wp:term":[{"taxonomy":"category","embeddable":true,"href":"https:\/\/www.welovecycling.com\/pl\/wp-json\/wp\/v2\/categories?post=6860"},{"taxonomy":"post_tag","embeddable":true,"href":"https:\/\/www.welovecycling.com\/pl\/wp-json\/wp\/v2\/tags?post=6860"},{"taxonomy":"global-categories","embeddable":true,"href":"https:\/\/www.welovecycling.com\/pl\/wp-json\/wp\/v2\/global-categories?post=6860"}],"curies":[{"name":"wp","href":"https:\/\/api.w.org\/{rel}","templated":true}]}}