{"id":6835,"date":"2018-04-13T11:33:52","date_gmt":"2018-04-13T11:33:52","guid":{"rendered":"https:\/\/www.welovecycling.com\/pl\/?p=6835"},"modified":"2018-04-13T11:33:52","modified_gmt":"2018-04-13T11:33:52","slug":"tour-de-france-mogl-pojechac-w-polsce","status":"publish","type":"post","link":"https:\/\/www.welovecycling.com\/pl\/2018\/04\/13\/tour-de-france-mogl-pojechac-w-polsce\/","title":{"rendered":"Tour de France m\u00f3g\u0142 pojecha\u0107 w Polsce!"},"content":{"rendered":"<p><strong>Cho\u0107 wydaje si\u0119 to nieprawdopodobne, kilka lat temu Krak\u00f3w by\u0142 powa\u017cnym kandydatem do goszczenia etapu wielkiego Tour de France! A sta\u0142y za tym marzenia tajemniczego rowerowego pasjonata\u2026<\/strong><\/p>\n<p><!--more--><\/p>\n<p>Ta wiadomo\u015b\u0107 d\u0142ugo kr\u0105\u017cy\u0142a mi\u0119dzy krakowianami, ale wierzono w ni\u0105 tak, jak w bajk\u0119 o szewczyku, kt\u00f3ry pokona\u0142 Smoka Wawelskiego. No, bo jakim cudem najlepsi kolarze i najwi\u0119kszy wy\u015bcig \u015bwiata mia\u0142by wystartowa\u0107 w\u0142a\u015bnie w Polsce?<\/p>\n<p>Do tej pory zdarza\u0142o si\u0119 to w Holandii, Belgii, Wielkiej Brytanii, czy Niemczech, ale peleton Tour de France w ponad 100-letniej historii\u00a0 nigdy nawet nie zajrza\u0142 do Europy \u015arodkowo-Wschodniej. Dlatego ta wiadomo\u015b\u0107 automatycznie zosta\u0142a uznana za plotk\u0119, a\u017c do pa\u017adziernika 2010 r. To w\u0142a\u015bnie wtedy Christian Prudhomme, dyrektor Wielkiej P\u0119tli og\u0142osi\u0142 na konferencji prasowej, \u017ce Krak\u00f3w oficjalnie zg\u0142osi\u0142 ch\u0119\u0107 organizacji prologu Tour de France w 2012 roku!<\/p>\n<p><strong>Spakowa\u0142 walizk\u0119 i pojecha\u0142 do szefa TdF<\/strong><\/p>\n<p>W \u015brodowisku kolarskim wiele os\u00f3b wpad\u0142o w konsternacj\u0119, bo to niecodzienna deklaracja. Z kolei w krakowskim magistracie od razu rozdzwoni\u0142y si\u0119 telefony z pytaniem, czy to prawda. Urz\u0119dnicy d\u0142ugo zaprzeczali, by w\u0142adze Krakowa mia\u0142y jakikolwiek kontakt z organizatorami Tour de France, ale powoli wszystkie \u015blady zacz\u0119\u0142y prowadzi\u0107 do Marka Koraszewskiego.<\/p>\n<p>To m\u0142odzie\u017cowy reprezentant Polski w kolarstwie, za\u0142o\u017cyciel Rowerowej Akademii Kr\u00f3lewskiej, ale przede wszystkim wielki pasjonat tego sportu. Pewnego dnia spakowa\u0142 walizk\u0119 i uda\u0142 si\u0119 do Francji z jasn\u0105 misj\u0105 \u2013 porozmawia\u0107 z Prudhomme\u2019em oraz przekona\u0107 go do sensowno\u015bci tego przedsi\u0119wzi\u0119cia. I dopi\u0105\u0142 swego.<\/p>\n<p>&#8211; Prudhomme przyj\u0105\u0142 mnie serdecznie&#8230; My\u015bl\u0119, \u017ce mamy spore szanse. Zg\u0142osze\u0144 by\u0142o du\u017co, ale na mi\u0119dzynarodowej konferencji wymieni\u0142 tylko Krak\u00f3w. Jecha\u0142em 3,5 tys. kilometr\u00f3w nie tylko, \u017ceby to us\u0142ysze\u0107 i wzi\u0105\u0107 materia\u0142y prasowe, ale aby pilotowa\u0107 spraw\u0119 i doprowadzi\u0107 j\u0105 do ko\u0144ca \u2013 podkre\u015bla\u0142 w rozmowie z portalem Naszemiasto.pl.<\/p>\n<p><strong>Jedno wielkie \u201eale\u201d<\/strong><\/p>\n<p>Okaza\u0142o si\u0119 jednak, \u017ce Koraszewski nie dzia\u0142a\u0142 sam, ale mia\u0142 poparcie Jacka Majchrowskiego. Prezydentowi Krakowa pomys\u0142 organizacji Wielkiej P\u0119tli tak si\u0119 spodoba\u0142, \u017ce gdy dziennikarze zacz\u0119li dr\u0105\u017cy\u0107 temat, to okaza\u0142o si\u0119, \u017ce w\u0142adze miasta \u2013 mimo wcze\u015bniejszych zaprzecze\u0144 &#8211; wys\u0142a\u0142y oficjalny list, w kt\u00f3rym wst\u0119pnie zg\u0142osi\u0142y ch\u0119\u0107 goszczenia Tour de France!<\/p>\n<p>Gdy sprawa zacz\u0119\u0142a nabiera\u0107 rumie\u0144c\u00f3w, zacz\u0119\u0142o si\u0119 dok\u0142adne analizowanie koszt\u00f3w przedsi\u0119wzi\u0119cia. Wszyscy podkre\u015blali, \u017ce by\u0142aby to \u015bwietna promocja nie tylko Krakowa, ale ca\u0142ej Polski, poniewa\u017c Wielka P\u0119tla to impreza por\u00f3wnywalna z mistrzostwami \u015bwiata w pi\u0142ce no\u017cnej, a relacja telewizyjna ze \u015bcigania w Krakowie \u00a0trafi\u0142by do ponad 100 pa\u0144stw na ca\u0142ym \u015bwiecie.<\/p>\n<p>By\u0142o jednak jedno, ale za to wielkie \u201eale\u201d \u2013 pieni\u0105dze. Szacowano, \u017ce zorganizowanie Tour de France w Krakowie kosztowa\u0142oby od kilkunastu do nawet 20 mln euro, co dla polskiego miasta jest ogromn\u0105 kwot\u0105.<\/p>\n<p>W tej sytuacji szybko sta\u0142o si\u0119 jasne, \u017ce Krakowa nie sta\u0107 na taki wydatek i sprawa sta\u0142a si\u0119 nieaktualna, a w 2012 r. Wielka P\u0119tla rozpocz\u0119\u0142a si\u0119 nie pod Wawelem, ale w belgijskim Liege.<\/p>\n","protected":false},"excerpt":{"rendered":"<p>Cho\u0107 wydaje si\u0119 to nieprawdopodobne, kilka lat temu Krak\u00f3w by\u0142 powa\u017cnym kandydatem do goszczenia etapu wielkiego Tour de France! A [&hellip;]<\/p>\n","protected":false},"author":76,"featured_media":6836,"comment_status":"open","ping_status":"open","sticky":false,"template":"","format":"standard","meta":{"footnotes":""},"categories":[6],"tags":[41,77,82],"global-categories":[],"class_list":["post-6835","post","type-post","status-publish","format-standard","has-post-thumbnail","hentry","category-kolarstwo-szosowe","tag-cycling","tag-tour-de-france","tag-welovecycling"],"yoast_head":"<!-- This site is optimized with the Yoast SEO Premium plugin v25.3 (Yoast SEO v25.9) - https:\/\/yoast.com\/wordpress\/plugins\/seo\/ -->\n<title>Tour de France m\u00f3g\u0142 pojecha\u0107 w Polsce! - \u0160koda We Love Cycling - Poland<\/title>\n<meta name=\"robots\" content=\"index, follow, max-snippet:-1, max-image-preview:large, max-video-preview:-1\" \/>\n<link rel=\"canonical\" href=\"https:\/\/www.welovecycling.com\/pl\/2018\/04\/13\/tour-de-france-mogl-pojechac-w-polsce\/\" \/>\n<meta property=\"og:locale\" content=\"pl_PL\" \/>\n<meta property=\"og:type\" content=\"article\" \/>\n<meta property=\"og:title\" content=\"Tour de France m\u00f3g\u0142 pojecha\u0107 w Polsce!\" \/>\n<meta property=\"og:description\" content=\"Cho\u0107 wydaje si\u0119 to nieprawdopodobne, kilka lat temu Krak\u00f3w by\u0142 powa\u017cnym kandydatem do goszczenia etapu wielkiego Tour de France! A [&hellip;]\" \/>\n<meta property=\"og:url\" content=\"https:\/\/www.welovecycling.com\/pl\/2018\/04\/13\/tour-de-france-mogl-pojechac-w-polsce\/\" \/>\n<meta property=\"og:site_name\" content=\"\u0160koda We Love Cycling - Poland\" \/>\n<meta property=\"article:published_time\" content=\"2018-04-13T11:33:52+00:00\" \/>\n<meta property=\"og:image\" content=\"https:\/\/d2p6e6u75xmxt8.cloudfront.net\/5\/2018\/04\/shutterstock_573352918.jpg\" \/>\n\t<meta property=\"og:image:width\" content=\"1000\" \/>\n\t<meta property=\"og:image:height\" content=\"647\" \/>\n\t<meta property=\"og:image:type\" content=\"image\/jpeg\" \/>\n<meta name=\"author\" content=\"piotrboczkowski\" \/>\n<meta name=\"twitter:card\" content=\"summary_large_image\" \/>\n<meta name=\"twitter:label1\" content=\"Written by\" \/>\n\t<meta name=\"twitter:data1\" content=\"WeLoveCycling\" \/>\n\t<meta name=\"twitter:label2\" content=\"Est. reading time\" \/>\n\t<meta name=\"twitter:data2\" content=\"3 minutes\" \/>\n<script type=\"application\/ld+json\" class=\"yoast-schema-graph\">{\"@context\":\"https:\/\/schema.org\",\"@graph\":[{\"@type\":\"WebPage\",\"@id\":\"https:\/\/www.welovecycling.com\/pl\/2018\/04\/13\/tour-de-france-mogl-pojechac-w-polsce\/\",\"url\":\"https:\/\/www.welovecycling.com\/pl\/2018\/04\/13\/tour-de-france-mogl-pojechac-w-polsce\/\",\"name\":\"Tour de France m\u00f3g\u0142 pojecha\u0107 w Polsce! - \u0160koda We Love Cycling - Poland\",\"isPartOf\":{\"@id\":\"https:\/\/www.welovecycling.com\/pl\/#website\"},\"primaryImageOfPage\":{\"@id\":\"https:\/\/www.welovecycling.com\/pl\/2018\/04\/13\/tour-de-france-mogl-pojechac-w-polsce\/#primaryimage\"},\"image\":{\"@id\":\"https:\/\/www.welovecycling.com\/pl\/2018\/04\/13\/tour-de-france-mogl-pojechac-w-polsce\/#primaryimage\"},\"thumbnailUrl\":\"https:\/\/d2p6e6u75xmxt8.cloudfront.net\/5\/2018\/04\/shutterstock_573352918.jpg\",\"datePublished\":\"2018-04-13T11:33:52+00:00\",\"author\":{\"@id\":\"https:\/\/www.welovecycling.com\/pl\/#\/schema\/person\/0dba2d39da943db9df3fd8f4687e7f23\"},\"breadcrumb\":{\"@id\":\"https:\/\/www.welovecycling.com\/pl\/2018\/04\/13\/tour-de-france-mogl-pojechac-w-polsce\/#breadcrumb\"},\"inLanguage\":\"pl-PL\",\"potentialAction\":[{\"@type\":\"ReadAction\",\"target\":[\"https:\/\/www.welovecycling.com\/pl\/2018\/04\/13\/tour-de-france-mogl-pojechac-w-polsce\/\"]}]},{\"@type\":\"ImageObject\",\"inLanguage\":\"pl-PL\",\"@id\":\"https:\/\/www.welovecycling.com\/pl\/2018\/04\/13\/tour-de-france-mogl-pojechac-w-polsce\/#primaryimage\",\"url\":\"https:\/\/d2p6e6u75xmxt8.cloudfront.net\/5\/2018\/04\/shutterstock_573352918.jpg\",\"contentUrl\":\"https:\/\/d2p6e6u75xmxt8.cloudfront.net\/5\/2018\/04\/shutterstock_573352918.jpg\",\"width\":1000,\"height\":647},{\"@type\":\"BreadcrumbList\",\"@id\":\"https:\/\/www.welovecycling.com\/pl\/2018\/04\/13\/tour-de-france-mogl-pojechac-w-polsce\/#breadcrumb\",\"itemListElement\":[{\"@type\":\"ListItem\",\"position\":1,\"name\":\"Home\",\"item\":\"https:\/\/www.welovecycling.com\/pl\/\"},{\"@type\":\"ListItem\",\"position\":2,\"name\":\"Tour de France m\u00f3g\u0142 pojecha\u0107 w Polsce!\"}]},{\"@type\":\"WebSite\",\"@id\":\"https:\/\/www.welovecycling.com\/pl\/#website\",\"url\":\"https:\/\/www.welovecycling.com\/pl\/\",\"name\":\"\u0160koda We Love Cycling - Poland\",\"description\":\"\",\"potentialAction\":[{\"@type\":\"SearchAction\",\"target\":{\"@type\":\"EntryPoint\",\"urlTemplate\":\"https:\/\/www.welovecycling.com\/pl\/?s={search_term_string}\"},\"query-input\":{\"@type\":\"PropertyValueSpecification\",\"valueRequired\":true,\"valueName\":\"search_term_string\"}}],\"inLanguage\":\"pl-PL\"},{\"@type\":\"Person\",\"@id\":\"https:\/\/www.welovecycling.com\/pl\/#\/schema\/person\/0dba2d39da943db9df3fd8f4687e7f23\",\"name\":\"piotrboczkowski\",\"image\":{\"@type\":\"ImageObject\",\"inLanguage\":\"pl-PL\",\"@id\":\"https:\/\/www.welovecycling.com\/pl\/#\/schema\/person\/image\/\",\"url\":\"https:\/\/secure.gravatar.com\/avatar\/533caccae14752e03a2ce2d3fd62d1b98b93e1393c3195c27819e53344ca1ace?s=96&d=mm&r=g\",\"contentUrl\":\"https:\/\/secure.gravatar.com\/avatar\/533caccae14752e03a2ce2d3fd62d1b98b93e1393c3195c27819e53344ca1ace?s=96&d=mm&r=g\",\"caption\":\"piotrboczkowski\"},\"url\":\"https:\/\/www.welovecycling.com\/pl\/author\/piotrboczkowski\/\"}]}<\/script>\n<!-- \/ Yoast SEO Premium plugin. -->","yoast_head_json":{"title":"Tour de France m\u00f3g\u0142 pojecha\u0107 w Polsce! - \u0160koda We Love Cycling - Poland","robots":{"index":"index","follow":"follow","max-snippet":"max-snippet:-1","max-image-preview":"max-image-preview:large","max-video-preview":"max-video-preview:-1"},"canonical":"https:\/\/www.welovecycling.com\/pl\/2018\/04\/13\/tour-de-france-mogl-pojechac-w-polsce\/","og_locale":"pl_PL","og_type":"article","og_title":"Tour de France m\u00f3g\u0142 pojecha\u0107 w Polsce!","og_description":"Cho\u0107 wydaje si\u0119 to nieprawdopodobne, kilka lat temu Krak\u00f3w by\u0142 powa\u017cnym kandydatem do goszczenia etapu wielkiego Tour de France! A [&hellip;]","og_url":"https:\/\/www.welovecycling.com\/pl\/2018\/04\/13\/tour-de-france-mogl-pojechac-w-polsce\/","og_site_name":"\u0160koda We Love Cycling - Poland","article_published_time":"2018-04-13T11:33:52+00:00","og_image":[{"width":1000,"height":647,"url":"https:\/\/d2p6e6u75xmxt8.cloudfront.net\/5\/2018\/04\/shutterstock_573352918.jpg","type":"image\/jpeg"}],"author":"piotrboczkowski","twitter_card":"summary_large_image","twitter_misc":{"Written by":"WeLoveCycling","Est. reading time":"3 minutes"},"schema":{"@context":"https:\/\/schema.org","@graph":[{"@type":"WebPage","@id":"https:\/\/www.welovecycling.com\/pl\/2018\/04\/13\/tour-de-france-mogl-pojechac-w-polsce\/","url":"https:\/\/www.welovecycling.com\/pl\/2018\/04\/13\/tour-de-france-mogl-pojechac-w-polsce\/","name":"Tour de France m\u00f3g\u0142 pojecha\u0107 w Polsce! - \u0160koda We Love Cycling - Poland","isPartOf":{"@id":"https:\/\/www.welovecycling.com\/pl\/#website"},"primaryImageOfPage":{"@id":"https:\/\/www.welovecycling.com\/pl\/2018\/04\/13\/tour-de-france-mogl-pojechac-w-polsce\/#primaryimage"},"image":{"@id":"https:\/\/www.welovecycling.com\/pl\/2018\/04\/13\/tour-de-france-mogl-pojechac-w-polsce\/#primaryimage"},"thumbnailUrl":"https:\/\/d2p6e6u75xmxt8.cloudfront.net\/5\/2018\/04\/shutterstock_573352918.jpg","datePublished":"2018-04-13T11:33:52+00:00","author":{"@id":"https:\/\/www.welovecycling.com\/pl\/#\/schema\/person\/0dba2d39da943db9df3fd8f4687e7f23"},"breadcrumb":{"@id":"https:\/\/www.welovecycling.com\/pl\/2018\/04\/13\/tour-de-france-mogl-pojechac-w-polsce\/#breadcrumb"},"inLanguage":"pl-PL","potentialAction":[{"@type":"ReadAction","target":["https:\/\/www.welovecycling.com\/pl\/2018\/04\/13\/tour-de-france-mogl-pojechac-w-polsce\/"]}]},{"@type":"ImageObject","inLanguage":"pl-PL","@id":"https:\/\/www.welovecycling.com\/pl\/2018\/04\/13\/tour-de-france-mogl-pojechac-w-polsce\/#primaryimage","url":"https:\/\/d2p6e6u75xmxt8.cloudfront.net\/5\/2018\/04\/shutterstock_573352918.jpg","contentUrl":"https:\/\/d2p6e6u75xmxt8.cloudfront.net\/5\/2018\/04\/shutterstock_573352918.jpg","width":1000,"height":647},{"@type":"BreadcrumbList","@id":"https:\/\/www.welovecycling.com\/pl\/2018\/04\/13\/tour-de-france-mogl-pojechac-w-polsce\/#breadcrumb","itemListElement":[{"@type":"ListItem","position":1,"name":"Home","item":"https:\/\/www.welovecycling.com\/pl\/"},{"@type":"ListItem","position":2,"name":"Tour de France m\u00f3g\u0142 pojecha\u0107 w Polsce!"}]},{"@type":"WebSite","@id":"https:\/\/www.welovecycling.com\/pl\/#website","url":"https:\/\/www.welovecycling.com\/pl\/","name":"\u0160koda We Love Cycling - Poland","description":"","potentialAction":[{"@type":"SearchAction","target":{"@type":"EntryPoint","urlTemplate":"https:\/\/www.welovecycling.com\/pl\/?s={search_term_string}"},"query-input":{"@type":"PropertyValueSpecification","valueRequired":true,"valueName":"search_term_string"}}],"inLanguage":"pl-PL"},{"@type":"Person","@id":"https:\/\/www.welovecycling.com\/pl\/#\/schema\/person\/0dba2d39da943db9df3fd8f4687e7f23","name":"piotrboczkowski","image":{"@type":"ImageObject","inLanguage":"pl-PL","@id":"https:\/\/www.welovecycling.com\/pl\/#\/schema\/person\/image\/","url":"https:\/\/secure.gravatar.com\/avatar\/533caccae14752e03a2ce2d3fd62d1b98b93e1393c3195c27819e53344ca1ace?s=96&d=mm&r=g","contentUrl":"https:\/\/secure.gravatar.com\/avatar\/533caccae14752e03a2ce2d3fd62d1b98b93e1393c3195c27819e53344ca1ace?s=96&d=mm&r=g","caption":"piotrboczkowski"},"url":"https:\/\/www.welovecycling.com\/pl\/author\/piotrboczkowski\/"}]}},"_links":{"self":[{"href":"https:\/\/www.welovecycling.com\/pl\/wp-json\/wp\/v2\/posts\/6835","targetHints":{"allow":["GET"]}}],"collection":[{"href":"https:\/\/www.welovecycling.com\/pl\/wp-json\/wp\/v2\/posts"}],"about":[{"href":"https:\/\/www.welovecycling.com\/pl\/wp-json\/wp\/v2\/types\/post"}],"author":[{"embeddable":true,"href":"https:\/\/www.welovecycling.com\/pl\/wp-json\/wp\/v2\/users\/76"}],"replies":[{"embeddable":true,"href":"https:\/\/www.welovecycling.com\/pl\/wp-json\/wp\/v2\/comments?post=6835"}],"version-history":[{"count":1,"href":"https:\/\/www.welovecycling.com\/pl\/wp-json\/wp\/v2\/posts\/6835\/revisions"}],"predecessor-version":[{"id":6837,"href":"https:\/\/www.welovecycling.com\/pl\/wp-json\/wp\/v2\/posts\/6835\/revisions\/6837"}],"wp:featuredmedia":[{"embeddable":true,"href":"https:\/\/www.welovecycling.com\/pl\/wp-json\/wp\/v2\/media\/6836"}],"wp:attachment":[{"href":"https:\/\/www.welovecycling.com\/pl\/wp-json\/wp\/v2\/media?parent=6835"}],"wp:term":[{"taxonomy":"category","embeddable":true,"href":"https:\/\/www.welovecycling.com\/pl\/wp-json\/wp\/v2\/categories?post=6835"},{"taxonomy":"post_tag","embeddable":true,"href":"https:\/\/www.welovecycling.com\/pl\/wp-json\/wp\/v2\/tags?post=6835"},{"taxonomy":"global-categories","embeddable":true,"href":"https:\/\/www.welovecycling.com\/pl\/wp-json\/wp\/v2\/global-categories?post=6835"}],"curies":[{"name":"wp","href":"https:\/\/api.w.org\/{rel}","templated":true}]}}