{"id":6833,"date":"2018-04-11T08:33:15","date_gmt":"2018-04-11T08:33:15","guid":{"rendered":"https:\/\/www.welovecycling.com\/pl\/?p=6833"},"modified":"2018-04-11T08:33:15","modified_gmt":"2018-04-11T08:33:15","slug":"przygotuj-rower-na-wiosne","status":"publish","type":"post","link":"https:\/\/www.welovecycling.com\/pl\/2018\/04\/11\/przygotuj-rower-na-wiosne\/","title":{"rendered":"Przygotuj rower na wiosn\u0119"},"content":{"rendered":"<p class=\"Body\"><strong><span lang=\"PL\">Robi si\u0119 coraz cieplej, a s<\/span><span lang=\"ES-TRAD\">\u00f3<\/span><span lang=\"PL\">l powoli znika z dr<\/span><span lang=\"ES-TRAD\">\u00f3<\/span><span lang=\"PL\">g. Czas zatem zetrze\u0107 kurz z roweru. Poni\u017cej znajdziesz kilka porad, jak zadba\u0107 o to, by pozosta\u0142 on tym dobrym o wiele d\u0142u\u017cej. <\/span><\/strong><!--more--><\/p>\n<h2><strong>Pompuj, pompuj<\/strong><\/h2>\n<p class=\"Body\"><span lang=\"PL\">Je\u015bli nie zawiesi\u0142e\u015b roweru na zim\u0119, powiniene\u015b monitorowa\u0107 ci\u015bnienie w oponach, aby unikn\u0105\u0107 niepotrzebnych odci\u015bni\u0119\u0107 lub napr\u0119\u017ce\u0144 gumy.\u00a0 Nawet najl\u017cejsza z ram wa\u017cy kilka kilogram<\/span><span lang=\"ES-TRAD\">\u00f3<\/span><span lang=\"PL\">w i mo\u017c<\/span><span lang=\"PT\">e os<\/span><span lang=\"PL\">\u0142abi\u0107 d\u0119tk\u0119, albo, co gorsza, boczne \u015bciany opon.<\/span><span lang=\"PL\">\u00a0<\/span><\/p>\n<p class=\"Body\"><span lang=\"PL\">Je\u015bli przegapi\u0142e\u015b cho\u0107by najmniejsz\u0105 ilo\u015b\u0107 \u017cwiru na feldze, m<\/span><span lang=\"ES-TRAD\">\u00f3<\/span><span lang=\"PL\">g\u0142 on powoli osadzi\u0107 si\u0119 w oponie. To pozostawia Ci dwie opcje. Po pierwsze, zdj\u0119cie opony i d\u0119tki i ich dok\u0142adna kontrola, zwie\u0144czona usuni\u0119ciem wszelkich z\u0142owrogich kawa\u0142k<\/span><span lang=\"ES-TRAD\">\u00f3<\/span><span lang=\"PL\">w piasku. A po drugie?\u00a0 Za\u0142\u00f3\u017c nowe opony i d\u0119tki, oraz zadbaj o odpowiednie ci\u015bnienie.<\/span><\/p>\n<h2><b>Centrum uwagi<\/b><\/h2>\n<p class=\"Body\"><span lang=\"PL\">Stoiska do centrowania k\u00f3\u0142 mog\u0105 by\u0107 drogie, ale inwestycja w nie po kilku tysi\u0105cach kilometr<\/span><span lang=\"ES-TRAD\">\u00f3<\/span><span lang=\"PL\">w na pewno si\u0119 Tobie zwr<\/span><span lang=\"ES-TRAD\">\u00f3<\/span><span lang=\"PL\">ci. I mimo \u017ce stanowisko do centrowania to doskona\u0142y nabytek dla ka\u017cdego, kto powa\u017cnie traktuje jazd\u0119 na rowerze, nasz kolega Tony 10 Speed <\/span><span lang=\"ES-TRAD\">\u200b\u200b<\/span><span lang=\"PL\">pokazuje, \u017ce i bez niego te\u017c mo\u017cna wycentrowa\u0107 ko\u0142<\/span><span lang=\"IT\">o.<\/span><\/p>\n<lite-youtube videoid=UMUjznaTn7M params=\"enablejsapi=1\" style=\"background-image: url('https:\/\/i.ytimg.com\/vi_webp\/UMUjznaTn7M\/maxresdefault.webp');\"><\/lite-youtube>\n<p class=\"Body\"><span lang=\"PL\">Centruj wi\u0119c ko\u0142a. Oczywi\u015bcie, lokalny warsztat rowerowy zrobi to za kilkana\u015bcie z\u0142otych, ale polega\u0107 na nich powiniene\u015b tylko w nag\u0142ych przypadkach. Uzale\u017cnienie od niego nie pozwoli Ci odkry\u0107, \u017ce dobrze wycentrowane ko\u0142o na prawd\u0119 polepsza osi\u0105gi.\u00a0 <\/span><\/p>\n<h2><strong>Wytrzyj ram\u0119 i zadbaj o odpowiednie smarowanie \u0142a\u0144cucha<\/strong><\/h2>\n<p class=\"Body\"><span lang=\"PL\">Zanim odstawi\u0142e\u015b rower <\/span><span lang=\"IT\">na ca<\/span><span lang=\"PL\">\u0142\u0105 zim\u0119, warto by\u0142o go gruntownie wyczy\u015bci\u0107. Jedyne co teraz musisz zrobi\u0107, to przetrze\u0107 ram\u0119 i najwi\u0119kszy py\u0142 mie\u0107 <\/span><span lang=\"PT\">dos<\/span><span lang=\"PL\">\u0142ownie z g\u0142owy.\u00a0 Elementy \u0142a\u0144cucha, pokryte olejem, to zupe\u0142nie inna sprawa \u2013 <\/span><span lang=\"IT\">one b<\/span><span lang=\"PL\">\u0119d\u0105 wymaga\u0142y troch\u0119 wi\u0119cej uwagi.<\/span><\/p>\n<lite-youtube videoid=OvKcsMg8TJc params=\"enablejsapi=1\" style=\"background-image: url('https:\/\/i.ytimg.com\/vi_webp\/OvKcsMg8TJc\/maxresdefault.webp');\"><\/lite-youtube>\n<p class=\"Body\"><span lang=\"PL\">Powy\u017cszy film pokazuje tradycyjn\u0105 <\/span><span lang=\"ES-TRAD\">metod<\/span><span lang=\"PL\">\u0119 \u015bci\u0105gana smaru i ponownego jego nak\u0142adania, ale je\u015bli masz 500 z\u0142otych do wydania, to mo\u017cesz sprawi\u0107 sobie myjk\u0119 ultrasoniczn\u0105. Znacznie u\u0142atwia proces czyszczenia i wyd\u0142u\u017cy \u017cywotno\u015b\u0107 cz\u0119\u015bci.<\/span><\/p>\n<h2><b>Felgi i hamulce<\/b><\/h2>\n<p class=\"Body\"><span lang=\"PL\">Rowery najcz\u0119\u015bciej przechowywane s\u0105 w szopach i gara\u017cach, a w tych miejscach lubimy pracowa\u0107 przy brudnych, naoliwionych maszynach &#8211; i lubimy tam przechowywa\u0107 olej i smar. Bez wzgl\u0119du na to, jak bardzo Wy dbacie o czysto\u015b\u0107 i organizacj\u0119, tego samego nie mo\u017cna powiedzie\u0107 o wszystkich, z kt\u00f3rymi dzielimy przestrze\u0144.<\/span><\/p>\n<lite-youtube videoid=0SQ0WYJxBEI params=\"enablejsapi=1\" style=\"background-image: url('https:\/\/i.ytimg.com\/vi_webp\/0SQ0WYJxBEI\/maxresdefault.webp');\"><\/lite-youtube>\n<p class=\"Body\"><span lang=\"PL\">To czy b\u0119dziesz w stanie w czas zatrzyma\u0107 rower mo\u017ce okaza\u0107 si\u0119 <\/span><span lang=\"PT\">dos<\/span><span lang=\"PL\">\u0142ownie kwesti\u0105 \u017cycia i \u015bmierci, wi\u0119c nie pozostawiaj tego <\/span><span lang=\"PL\">przypadkowi. Dok\u0142adnie umyj obr\u0119cze obu k\u00f3\u0142, aby upewni\u0107 si\u0119, \u017ce nie ma na nich absolutnie \u017cadnego smaru, kt<\/span><span lang=\"ES-TRAD\">\u00f3<\/span><span lang=\"PL\">ry m<\/span><span lang=\"ES-TRAD\">\u00f3<\/span><span lang=\"PL\">g\u0142by wp\u0142yn\u0105\u0107 na hamowanie. Upewnij si\u0119, \u017ce klocki hamulcowe s\u0105 nadal sprawne i wolne od brudu. Teraz jed\u017a i baw si\u0119 dobrze!<\/span><\/p>\n","protected":false},"excerpt":{"rendered":"<p>Robi si\u0119 coraz cieplej, a s\u00f3l powoli znika z dr\u00f3g. Czas zatem zetrze\u0107 kurz z roweru. Poni\u017cej znajdziesz kilka porad, [&hellip;]<\/p>\n","protected":false},"author":76,"featured_media":6819,"comment_status":"open","ping_status":"open","sticky":false,"template":"","format":"standard","meta":{"footnotes":""},"categories":[7],"tags":[131,41,82],"global-categories":[],"class_list":["post-6833","post","type-post","status-publish","format-standard","has-post-thumbnail","hentry","category-bezpieczenstwo","tag-bezpieczenstwo","tag-cycling","tag-welovecycling"],"yoast_head":"<!-- This site is optimized with the Yoast SEO Premium plugin v25.3 (Yoast SEO v25.9) - https:\/\/yoast.com\/wordpress\/plugins\/seo\/ -->\n<title>Przygotuj rower na wiosn\u0119 - \u0160koda We Love Cycling - Poland<\/title>\n<meta name=\"robots\" content=\"index, follow, max-snippet:-1, max-image-preview:large, max-video-preview:-1\" \/>\n<link rel=\"canonical\" href=\"https:\/\/www.welovecycling.com\/pl\/2018\/04\/11\/przygotuj-rower-na-wiosne\/\" \/>\n<meta property=\"og:locale\" content=\"pl_PL\" \/>\n<meta property=\"og:type\" content=\"article\" \/>\n<meta property=\"og:title\" content=\"Przygotuj rower na wiosn\u0119\" \/>\n<meta property=\"og:description\" content=\"Robi si\u0119 coraz cieplej, a s\u00f3l powoli znika z dr\u00f3g. Czas zatem zetrze\u0107 kurz z roweru. Poni\u017cej znajdziesz kilka porad, [&hellip;]\" \/>\n<meta property=\"og:url\" content=\"https:\/\/www.welovecycling.com\/pl\/2018\/04\/11\/przygotuj-rower-na-wiosne\/\" \/>\n<meta property=\"og:site_name\" content=\"\u0160koda We Love Cycling - Poland\" \/>\n<meta property=\"article:published_time\" content=\"2018-04-11T08:33:15+00:00\" \/>\n<meta property=\"og:image\" content=\"https:\/\/d2p6e6u75xmxt8.cloudfront.net\/5\/2018\/04\/profimedia-0340079590-1.jpg\" \/>\n\t<meta property=\"og:image:width\" content=\"1366\" \/>\n\t<meta property=\"og:image:height\" content=\"600\" \/>\n\t<meta property=\"og:image:type\" content=\"image\/jpeg\" \/>\n<meta name=\"author\" content=\"piotrboczkowski\" \/>\n<meta name=\"twitter:card\" content=\"summary_large_image\" \/>\n<meta name=\"twitter:label1\" content=\"Written by\" \/>\n\t<meta name=\"twitter:data1\" content=\"Christopher Ashley\" \/>\n\t<meta name=\"twitter:label2\" content=\"Est. reading time\" \/>\n\t<meta name=\"twitter:data2\" content=\"3 minutes\" \/>\n<script type=\"application\/ld+json\" class=\"yoast-schema-graph\">{\"@context\":\"https:\/\/schema.org\",\"@graph\":[{\"@type\":\"WebPage\",\"@id\":\"https:\/\/www.welovecycling.com\/pl\/2018\/04\/11\/przygotuj-rower-na-wiosne\/\",\"url\":\"https:\/\/www.welovecycling.com\/pl\/2018\/04\/11\/przygotuj-rower-na-wiosne\/\",\"name\":\"Przygotuj rower na wiosn\u0119 - \u0160koda We Love Cycling - Poland\",\"isPartOf\":{\"@id\":\"https:\/\/www.welovecycling.com\/pl\/#website\"},\"primaryImageOfPage\":{\"@id\":\"https:\/\/www.welovecycling.com\/pl\/2018\/04\/11\/przygotuj-rower-na-wiosne\/#primaryimage\"},\"image\":{\"@id\":\"https:\/\/www.welovecycling.com\/pl\/2018\/04\/11\/przygotuj-rower-na-wiosne\/#primaryimage\"},\"thumbnailUrl\":\"https:\/\/d2p6e6u75xmxt8.cloudfront.net\/5\/2018\/04\/profimedia-0340079590-1.jpg\",\"datePublished\":\"2018-04-11T08:33:15+00:00\",\"author\":{\"@id\":\"https:\/\/www.welovecycling.com\/pl\/#\/schema\/person\/0dba2d39da943db9df3fd8f4687e7f23\"},\"breadcrumb\":{\"@id\":\"https:\/\/www.welovecycling.com\/pl\/2018\/04\/11\/przygotuj-rower-na-wiosne\/#breadcrumb\"},\"inLanguage\":\"pl-PL\",\"potentialAction\":[{\"@type\":\"ReadAction\",\"target\":[\"https:\/\/www.welovecycling.com\/pl\/2018\/04\/11\/przygotuj-rower-na-wiosne\/\"]}]},{\"@type\":\"ImageObject\",\"inLanguage\":\"pl-PL\",\"@id\":\"https:\/\/www.welovecycling.com\/pl\/2018\/04\/11\/przygotuj-rower-na-wiosne\/#primaryimage\",\"url\":\"https:\/\/d2p6e6u75xmxt8.cloudfront.net\/5\/2018\/04\/profimedia-0340079590-1.jpg\",\"contentUrl\":\"https:\/\/d2p6e6u75xmxt8.cloudfront.net\/5\/2018\/04\/profimedia-0340079590-1.jpg\",\"width\":1366,\"height\":600},{\"@type\":\"BreadcrumbList\",\"@id\":\"https:\/\/www.welovecycling.com\/pl\/2018\/04\/11\/przygotuj-rower-na-wiosne\/#breadcrumb\",\"itemListElement\":[{\"@type\":\"ListItem\",\"position\":1,\"name\":\"Home\",\"item\":\"https:\/\/www.welovecycling.com\/pl\/\"},{\"@type\":\"ListItem\",\"position\":2,\"name\":\"Przygotuj rower na wiosn\u0119\"}]},{\"@type\":\"WebSite\",\"@id\":\"https:\/\/www.welovecycling.com\/pl\/#website\",\"url\":\"https:\/\/www.welovecycling.com\/pl\/\",\"name\":\"\u0160koda We Love Cycling - Poland\",\"description\":\"\",\"potentialAction\":[{\"@type\":\"SearchAction\",\"target\":{\"@type\":\"EntryPoint\",\"urlTemplate\":\"https:\/\/www.welovecycling.com\/pl\/?s={search_term_string}\"},\"query-input\":{\"@type\":\"PropertyValueSpecification\",\"valueRequired\":true,\"valueName\":\"search_term_string\"}}],\"inLanguage\":\"pl-PL\"},{\"@type\":\"Person\",\"@id\":\"https:\/\/www.welovecycling.com\/pl\/#\/schema\/person\/0dba2d39da943db9df3fd8f4687e7f23\",\"name\":\"piotrboczkowski\",\"image\":{\"@type\":\"ImageObject\",\"inLanguage\":\"pl-PL\",\"@id\":\"https:\/\/www.welovecycling.com\/pl\/#\/schema\/person\/image\/\",\"url\":\"https:\/\/secure.gravatar.com\/avatar\/533caccae14752e03a2ce2d3fd62d1b98b93e1393c3195c27819e53344ca1ace?s=96&d=mm&r=g\",\"contentUrl\":\"https:\/\/secure.gravatar.com\/avatar\/533caccae14752e03a2ce2d3fd62d1b98b93e1393c3195c27819e53344ca1ace?s=96&d=mm&r=g\",\"caption\":\"piotrboczkowski\"},\"url\":\"https:\/\/www.welovecycling.com\/pl\/author\/piotrboczkowski\/\"}]}<\/script>\n<!-- \/ Yoast SEO Premium plugin. -->","yoast_head_json":{"title":"Przygotuj rower na wiosn\u0119 - \u0160koda We Love Cycling - Poland","robots":{"index":"index","follow":"follow","max-snippet":"max-snippet:-1","max-image-preview":"max-image-preview:large","max-video-preview":"max-video-preview:-1"},"canonical":"https:\/\/www.welovecycling.com\/pl\/2018\/04\/11\/przygotuj-rower-na-wiosne\/","og_locale":"pl_PL","og_type":"article","og_title":"Przygotuj rower na wiosn\u0119","og_description":"Robi si\u0119 coraz cieplej, a s\u00f3l powoli znika z dr\u00f3g. Czas zatem zetrze\u0107 kurz z roweru. Poni\u017cej znajdziesz kilka porad, [&hellip;]","og_url":"https:\/\/www.welovecycling.com\/pl\/2018\/04\/11\/przygotuj-rower-na-wiosne\/","og_site_name":"\u0160koda We Love Cycling - Poland","article_published_time":"2018-04-11T08:33:15+00:00","og_image":[{"width":1366,"height":600,"url":"https:\/\/d2p6e6u75xmxt8.cloudfront.net\/5\/2018\/04\/profimedia-0340079590-1.jpg","type":"image\/jpeg"}],"author":"piotrboczkowski","twitter_card":"summary_large_image","twitter_misc":{"Written by":"Christopher Ashley","Est. reading time":"3 minutes"},"schema":{"@context":"https:\/\/schema.org","@graph":[{"@type":"WebPage","@id":"https:\/\/www.welovecycling.com\/pl\/2018\/04\/11\/przygotuj-rower-na-wiosne\/","url":"https:\/\/www.welovecycling.com\/pl\/2018\/04\/11\/przygotuj-rower-na-wiosne\/","name":"Przygotuj rower na wiosn\u0119 - \u0160koda We Love Cycling - Poland","isPartOf":{"@id":"https:\/\/www.welovecycling.com\/pl\/#website"},"primaryImageOfPage":{"@id":"https:\/\/www.welovecycling.com\/pl\/2018\/04\/11\/przygotuj-rower-na-wiosne\/#primaryimage"},"image":{"@id":"https:\/\/www.welovecycling.com\/pl\/2018\/04\/11\/przygotuj-rower-na-wiosne\/#primaryimage"},"thumbnailUrl":"https:\/\/d2p6e6u75xmxt8.cloudfront.net\/5\/2018\/04\/profimedia-0340079590-1.jpg","datePublished":"2018-04-11T08:33:15+00:00","author":{"@id":"https:\/\/www.welovecycling.com\/pl\/#\/schema\/person\/0dba2d39da943db9df3fd8f4687e7f23"},"breadcrumb":{"@id":"https:\/\/www.welovecycling.com\/pl\/2018\/04\/11\/przygotuj-rower-na-wiosne\/#breadcrumb"},"inLanguage":"pl-PL","potentialAction":[{"@type":"ReadAction","target":["https:\/\/www.welovecycling.com\/pl\/2018\/04\/11\/przygotuj-rower-na-wiosne\/"]}]},{"@type":"ImageObject","inLanguage":"pl-PL","@id":"https:\/\/www.welovecycling.com\/pl\/2018\/04\/11\/przygotuj-rower-na-wiosne\/#primaryimage","url":"https:\/\/d2p6e6u75xmxt8.cloudfront.net\/5\/2018\/04\/profimedia-0340079590-1.jpg","contentUrl":"https:\/\/d2p6e6u75xmxt8.cloudfront.net\/5\/2018\/04\/profimedia-0340079590-1.jpg","width":1366,"height":600},{"@type":"BreadcrumbList","@id":"https:\/\/www.welovecycling.com\/pl\/2018\/04\/11\/przygotuj-rower-na-wiosne\/#breadcrumb","itemListElement":[{"@type":"ListItem","position":1,"name":"Home","item":"https:\/\/www.welovecycling.com\/pl\/"},{"@type":"ListItem","position":2,"name":"Przygotuj rower na wiosn\u0119"}]},{"@type":"WebSite","@id":"https:\/\/www.welovecycling.com\/pl\/#website","url":"https:\/\/www.welovecycling.com\/pl\/","name":"\u0160koda We Love Cycling - Poland","description":"","potentialAction":[{"@type":"SearchAction","target":{"@type":"EntryPoint","urlTemplate":"https:\/\/www.welovecycling.com\/pl\/?s={search_term_string}"},"query-input":{"@type":"PropertyValueSpecification","valueRequired":true,"valueName":"search_term_string"}}],"inLanguage":"pl-PL"},{"@type":"Person","@id":"https:\/\/www.welovecycling.com\/pl\/#\/schema\/person\/0dba2d39da943db9df3fd8f4687e7f23","name":"piotrboczkowski","image":{"@type":"ImageObject","inLanguage":"pl-PL","@id":"https:\/\/www.welovecycling.com\/pl\/#\/schema\/person\/image\/","url":"https:\/\/secure.gravatar.com\/avatar\/533caccae14752e03a2ce2d3fd62d1b98b93e1393c3195c27819e53344ca1ace?s=96&d=mm&r=g","contentUrl":"https:\/\/secure.gravatar.com\/avatar\/533caccae14752e03a2ce2d3fd62d1b98b93e1393c3195c27819e53344ca1ace?s=96&d=mm&r=g","caption":"piotrboczkowski"},"url":"https:\/\/www.welovecycling.com\/pl\/author\/piotrboczkowski\/"}]}},"_links":{"self":[{"href":"https:\/\/www.welovecycling.com\/pl\/wp-json\/wp\/v2\/posts\/6833","targetHints":{"allow":["GET"]}}],"collection":[{"href":"https:\/\/www.welovecycling.com\/pl\/wp-json\/wp\/v2\/posts"}],"about":[{"href":"https:\/\/www.welovecycling.com\/pl\/wp-json\/wp\/v2\/types\/post"}],"author":[{"embeddable":true,"href":"https:\/\/www.welovecycling.com\/pl\/wp-json\/wp\/v2\/users\/76"}],"replies":[{"embeddable":true,"href":"https:\/\/www.welovecycling.com\/pl\/wp-json\/wp\/v2\/comments?post=6833"}],"version-history":[{"count":1,"href":"https:\/\/www.welovecycling.com\/pl\/wp-json\/wp\/v2\/posts\/6833\/revisions"}],"predecessor-version":[{"id":6834,"href":"https:\/\/www.welovecycling.com\/pl\/wp-json\/wp\/v2\/posts\/6833\/revisions\/6834"}],"wp:featuredmedia":[{"embeddable":true,"href":"https:\/\/www.welovecycling.com\/pl\/wp-json\/wp\/v2\/media\/6819"}],"wp:attachment":[{"href":"https:\/\/www.welovecycling.com\/pl\/wp-json\/wp\/v2\/media?parent=6833"}],"wp:term":[{"taxonomy":"category","embeddable":true,"href":"https:\/\/www.welovecycling.com\/pl\/wp-json\/wp\/v2\/categories?post=6833"},{"taxonomy":"post_tag","embeddable":true,"href":"https:\/\/www.welovecycling.com\/pl\/wp-json\/wp\/v2\/tags?post=6833"},{"taxonomy":"global-categories","embeddable":true,"href":"https:\/\/www.welovecycling.com\/pl\/wp-json\/wp\/v2\/global-categories?post=6833"}],"curies":[{"name":"wp","href":"https:\/\/api.w.org\/{rel}","templated":true}]}}