{"id":6799,"date":"2018-04-06T07:18:10","date_gmt":"2018-04-06T07:18:10","guid":{"rendered":"https:\/\/www.welovecycling.com\/pl\/?p=6799"},"modified":"2018-04-06T07:18:10","modified_gmt":"2018-04-06T07:18:10","slug":"bartosz-huzarski-chorwackie-pamietniki-wakacji","status":"publish","type":"post","link":"https:\/\/www.welovecycling.com\/pl\/2018\/04\/06\/bartosz-huzarski-chorwackie-pamietniki-wakacji\/","title":{"rendered":"Bartosz Huzarski: Chorwackie pami\u0119tniki z wakacji"},"content":{"rendered":"<p><strong>26 os\u00f3b przyj\u0119\u0142o moje zaproszenie na wsp\u00f3lny wyjazd do Chorwacji. W tym roku nasz\u0105 baz\u0105 treningow\u0105 by\u0142o po\u0142o\u017cone pomi\u0119dzy Zadarem, a Splitem &#8211;\u00a0 Vodice. Rejon ten uj\u0105\u0142 mnie ju\u017c w zesz\u0142ym roku dlatego zdecydowa\u0142em, \u017ce r\u00f3wnie\u017c tej wiosny nad form\u0105 do zbli\u017caj\u0105cego si\u0119 sezonu popracujemy w\u0142a\u015bnie tutaj.<\/strong><\/p>\n<p><!--more--><\/p>\n<p>Tegoroczna pogoda, typowo chorwacka, pozwala\u0142a w miar\u0119 uczciwie realizowa\u0107 za\u0142o\u017cenia planu treningowego, cho\u0107 bywa\u0142y dni z przelotnymi opadami deszczu i takie w kt\u00f3rych do\u015b\u0107 mocno wia\u0142o. Wi\u0119kszo\u015b\u0107 podopiecznych Huzar Bike Academy nie kr\u0119ci\u0142a nosem tylko sumiennie przemierza\u0142a kolejne kilometry. Ukszta\u0142towanie terenu w Vodicach daje mo\u017cliwo\u015b\u0107 przeprowadzenia ka\u017cdego rodzaju treningu, zar\u00f3wno dla grupy bardziej, jak i mniej zaawansowanej, bardzo ma\u0142y ruch na licznych drogach oraz bardzo dobrej jako\u015bci nawierzchnie pozwala\u0142y nam w pe\u0142ni cieszy\u0107 si\u0119 spokojem jazdy w grupie. Wystarczy\u0142o tak planowa\u0107 trasy, by unika\u0107 najbardziej ruchliwych odcink\u00f3w i na ca\u0142ym wyje\u017adzie nie mieli\u015bmy praktycznie \u017cadnych niebezpiecznych incydent\u00f3w.<\/p>\n<p><a href=\"https:\/\/d2p6e6u75xmxt8.cloudfront.net\/5\/2018\/04\/9.JPG.jpg\"><img loading=\"lazy\" decoding=\"async\" class=\"alignnone size-extra-large wp-image-6802\" src=\"https:\/\/d2p6e6u75xmxt8.cloudfront.net\/5\/2018\/04\/9.JPG-1920x1280.jpg\" alt=\"\" width=\"1920\" height=\"1280\" srcset=\"https:\/\/d2p6e6u75xmxt8.cloudfront.net\/5\/2018\/04\/9.JPG-1920x1280.jpg 1920w, https:\/\/d2p6e6u75xmxt8.cloudfront.net\/5\/2018\/04\/9.JPG-300x200.jpg 300w, https:\/\/d2p6e6u75xmxt8.cloudfront.net\/5\/2018\/04\/9.JPG-768x512.jpg 768w, https:\/\/d2p6e6u75xmxt8.cloudfront.net\/5\/2018\/04\/9.JPG-1024x683.jpg 1024w, https:\/\/d2p6e6u75xmxt8.cloudfront.net\/5\/2018\/04\/9.JPG-272x182.jpg 272w, https:\/\/d2p6e6u75xmxt8.cloudfront.net\/5\/2018\/04\/9.JPG-1920x1280.jpg 1920w\" sizes=\"auto, (max-width: 1920px) 100vw, 1920px\" \/><\/a><\/p>\n<p>Pi\u0119kne widoki oraz uroczy Park Narodowy Krka i tysi\u0105ce wysepek na horyzoncie zadowala\u0142y nawet najbardziej wybredne gusta kolarskiej sportowej fotografii, gdy\u017c wyszli\u015bmy z za\u0142o\u017cenia, \u017ce kilometry kr\u0119ci\u0107 trzeba, ale selfie z pi\u0119kn\u0105 panoram\u0105 w tle te\u017c si\u0119 przyda. W sumie przez ca\u0142e dwa tygodnie naszego pobytu w Chorwacji je\u017adzili\u015bmy podzieleni na dwie grupy. Raz ze wzgl\u0119du na bezpiecze\u0144stwo i przepisy ruchu drogowego, dwa z uwzgl\u0119dnieniem aktualnej dyspozycji r\u00f3\u017cnych os\u00f3b. Traktuj\u0105c kolarstwo jako hobby, nie wszyscy w r\u00f3wnym stopniu przepracowali okres zimowy, wi\u0119c dla grupy os\u00f3b, kt\u00f3ra dopiero budowa\u0142a og\u00f3ln\u0105 wytrzyma\u0142o\u015b\u0107 organizmu mieli\u015bmy przygotowane du\u017co l\u017cejsze, ale r\u00f3wnie\u017c bardzo ciekawe trasy. Do\u015bwiadczeniem lat ubieg\u0142ych i wszystkich zorganizowanych przez siebie zgrupowa\u0144 r\u00f3wnie\u017c tym razem postawili\u015bmy na komfort i zdrow\u0105 kuchni\u0119. Mieli\u015bmy do swojej dyspozycji ca\u0142y du\u017cy apartamentowiec z bardzo dobrze przystosowan\u0105 do obs\u0142ugi wi\u0119kszych grup kuchni\u0105. Dwie z naszych najlepiej uzdolnionych kulinarnie kole\u017canek, we wsp\u00f3\u0142pracy ze zmieniaj\u0105c\u0105 si\u0119 codziennie ekip\u0105 dy\u017curnych, przygotowywa\u0142y posi\u0142ki zaplanowane pod treningi.<\/p>\n<p><a href=\"https:\/\/d2p6e6u75xmxt8.cloudfront.net\/5\/2018\/04\/17.JPG.jpg\"><img loading=\"lazy\" decoding=\"async\" class=\"alignnone size-extra-large wp-image-6803\" src=\"https:\/\/d2p6e6u75xmxt8.cloudfront.net\/5\/2018\/04\/17.JPG-1920x1280.jpg\" alt=\"\" width=\"1920\" height=\"1280\" srcset=\"https:\/\/d2p6e6u75xmxt8.cloudfront.net\/5\/2018\/04\/17.JPG-1920x1280.jpg 1920w, https:\/\/d2p6e6u75xmxt8.cloudfront.net\/5\/2018\/04\/17.JPG-300x200.jpg 300w, https:\/\/d2p6e6u75xmxt8.cloudfront.net\/5\/2018\/04\/17.JPG-768x512.jpg 768w, https:\/\/d2p6e6u75xmxt8.cloudfront.net\/5\/2018\/04\/17.JPG-1024x683.jpg 1024w, https:\/\/d2p6e6u75xmxt8.cloudfront.net\/5\/2018\/04\/17.JPG-272x182.jpg 272w, https:\/\/d2p6e6u75xmxt8.cloudfront.net\/5\/2018\/04\/17.JPG-1920x1280.jpg 1920w\" sizes=\"auto, (max-width: 1920px) 100vw, 1920px\" \/><\/a><\/p>\n<p>Opr\u00f3cz obowi\u0105zkowych, codziennych trening\u00f3w na rowerach szosowych bardzo du\u017co uwagi po\u015bwi\u0119cili\u015bmy na aktywn\u0105 regeneracj\u0119 i prac\u0119 nad uk\u0142adem mi\u0119\u015bni wewn\u0119trznych, tzw. core. \u00a0Zaj\u0119cia te w po\u0142\u0105czeniu z \u0107wiczeniami stabilizacji organizmu wykonywali\u015bmy rano, jeszcze przed \u015bniadaniem. Natomiast bezpo\u015brednio po ka\u017cdym treningu mieli\u015bmy 40 minutowy streching, kt\u00f3ry mia\u0142 zdecydowanie przyspieszy\u0107 proces regeneracji mi\u0119\u015bni. Dobr\u0105 opcj\u0105 by\u0142aby te\u017c codzienna k\u0105piel w morzu, jednak zbyt zimna woda i do\u015b\u0107 niska temperatura powietrza, nie wyzwoli\u0142y w nas ducha mors\u00f3w. Chorwacj\u0119 wybrali\u015bmy r\u00f3wnie\u017c z innej prostej przyczyny. Mo\u017cna tutaj dojecha\u0107 z Polski samochodem w ci\u0105gu jednego dnia, bezpiecznie przewo\u017c\u0105c rowery, oraz ca\u0142y sprz\u0119t do \u0107wicze\u0144 koordynacji ruchowej. Nie musieli\u015bmy te\u017c martwi\u0107 si\u0119 o wag\u0119 naszych walizek, a poniewa\u017c wiedzieli\u015bmy, \u017ce pogoda b\u0119dzie do\u015b\u0107 zmienna ka\u017cdy spokojnie m\u00f3g\u0142 zabra\u0107 odpowiednie stroje. G\u0142\u00f3wna, najsilniejsza grupa treningowa przejecha\u0142a w tym czasie ok 1300 km zwi\u0119kszaj\u0105c z dnia na dzie\u0144 intensywno\u015b\u0107 trening\u00f3w. Wykorzystali\u015bmy te\u017c g\u00f3rskie okolice \u0160ibenika na przeprowadzenie kilku trening\u00f3w typowo g\u00f3rskich. Na bocznych, prostych technicznie, d\u0142ugich odcinkach trenowali\u015bmy technik\u0119 jazdy dru\u017cynowej na czas, wachlarz podw\u00f3jny i technik\u0119 jazdy w grupie. Nie ka\u017cdy w Huzar Bike Academy jest by\u0142ym kolarzem, wi\u0119kszo\u015b\u0107 z nas jednak uczy si\u0119\u00a0 kolarskiego rzemios\u0142a z dnia na dzie\u0144, dlatego r\u00f3wnie\u017c na tym wyjedzie, maj\u0105c do dyspozycji idealne ku temu drogi, po\u015bwi\u0119cali\u015bmy du\u017co czasu na doskonalenie umiej\u0119tno\u015bci technicznych. Chorwacja cieszy si\u0119 coraz wi\u0119ksz\u0105 popularno\u015bci\u0105 w\u015br\u00f3d grup kolarskich i amator\u00f3w, dzi\u0119ki czemu praktycznie codziennie spotykali\u015bmy przyjaci\u00f3\u0142 z Polski. Cho\u0107 nie by\u0142o zbyt wiele czasu na rozmowy, zawsze mijali\u015bmy si\u0119 u\u015bmiechem i podniesion\u0105 r\u0119k\u0105.<\/p>\n<p><a href=\"https:\/\/d2p6e6u75xmxt8.cloudfront.net\/5\/2018\/04\/53.JPG.jpg\"><img loading=\"lazy\" decoding=\"async\" class=\"alignnone size-extra-large wp-image-6804\" src=\"https:\/\/d2p6e6u75xmxt8.cloudfront.net\/5\/2018\/04\/53.JPG-1920x1280.jpg\" alt=\"\" width=\"1920\" height=\"1280\" srcset=\"https:\/\/d2p6e6u75xmxt8.cloudfront.net\/5\/2018\/04\/53.JPG-1920x1280.jpg 1920w, https:\/\/d2p6e6u75xmxt8.cloudfront.net\/5\/2018\/04\/53.JPG-300x200.jpg 300w, https:\/\/d2p6e6u75xmxt8.cloudfront.net\/5\/2018\/04\/53.JPG-768x512.jpg 768w, https:\/\/d2p6e6u75xmxt8.cloudfront.net\/5\/2018\/04\/53.JPG-1024x683.jpg 1024w, https:\/\/d2p6e6u75xmxt8.cloudfront.net\/5\/2018\/04\/53.JPG-272x182.jpg 272w, https:\/\/d2p6e6u75xmxt8.cloudfront.net\/5\/2018\/04\/53.JPG-1920x1280.jpg 1920w\" sizes=\"auto, (max-width: 1920px) 100vw, 1920px\" \/><\/a><\/p>\n<p>Wszyscy z wyt\u0119sknieniem oczekujemy rozpoczynaj\u0105cego si\u0119 ju\u017c za dwa dni sezonu kolarskiego, kt\u00f3ry rozpoczyna si\u0119 tradycyjnym \u015al\u0119\u017ca\u0144skim Mnichem. Jak co roku, zapewne i teraz moja rodzinna Sob\u00f3tka b\u0119dzie go\u015bci\u0107 oko\u0142o 2 tysi\u0119cy kolarzy szosowych, kt\u00f3rzy podzieleni na kategorie wiekowe i licencje rusz\u0105 do rywalizacji na polskich drogach szosowych.<\/p>\n<p>Wczesn\u0105 wiosn\u0105 z czystym sumieniem mog\u0119 poleci\u0107 \u015brodkowe wybrze\u017ce Chorwacji, jako baz\u0119 wypadow\u0105 zar\u00f3wno do turystyki rowerowej (pi\u0119kne zatoki, przystanie, g\u00f3ry) i miejsce docelowe dla os\u00f3b o wi\u0119kszych ambicjach kolarskich. W tym roku, jesieni\u0105 chcemy jeszcze raz \u00a0odwiedzi\u0107 to miejsce, \u017ceby dobrze zako\u0144czy\u0107 sezon. Prawdopodobnie\u00a0 udamy si\u0119 w to samo miejsce, \u017ceby por\u00f3wna\u0107 chorwack\u0105 przyrod\u0119 i klimat wczesn\u0105 wiosn\u0105 i jesieni\u0105.<\/p>\n","protected":false},"excerpt":{"rendered":"<p>26 os\u00f3b przyj\u0119\u0142o moje zaproszenie na wsp\u00f3lny wyjazd do Chorwacji. W tym roku nasz\u0105 baz\u0105 treningow\u0105 by\u0142o po\u0142o\u017cone pomi\u0119dzy Zadarem, [&hellip;]<\/p>\n","protected":false},"author":76,"featured_media":6800,"comment_status":"open","ping_status":"open","sticky":false,"template":"","format":"standard","meta":{"footnotes":""},"categories":[203],"tags":[108,41,82],"global-categories":[],"class_list":["post-6799","post","type-post","status-publish","format-standard","has-post-thumbnail","hentry","category-bartosz-huzarski","tag-bartosz-huzarski","tag-cycling","tag-welovecycling"],"yoast_head":"<!-- This site is optimized with the Yoast SEO Premium plugin v25.3 (Yoast SEO v25.9) - https:\/\/yoast.com\/wordpress\/plugins\/seo\/ -->\n<title>Bartosz Huzarski: Chorwackie pami\u0119tniki z wakacji - \u0160koda We Love Cycling - Poland<\/title>\n<meta name=\"robots\" content=\"index, follow, max-snippet:-1, max-image-preview:large, max-video-preview:-1\" \/>\n<link rel=\"canonical\" href=\"https:\/\/www.welovecycling.com\/pl\/2018\/04\/06\/bartosz-huzarski-chorwackie-pamietniki-wakacji\/\" \/>\n<meta property=\"og:locale\" content=\"pl_PL\" \/>\n<meta property=\"og:type\" content=\"article\" \/>\n<meta property=\"og:title\" content=\"Bartosz Huzarski: Chorwackie pami\u0119tniki z wakacji\" \/>\n<meta property=\"og:description\" content=\"26 os\u00f3b przyj\u0119\u0142o moje zaproszenie na wsp\u00f3lny wyjazd do Chorwacji. W tym roku nasz\u0105 baz\u0105 treningow\u0105 by\u0142o po\u0142o\u017cone pomi\u0119dzy Zadarem, [&hellip;]\" \/>\n<meta property=\"og:url\" content=\"https:\/\/www.welovecycling.com\/pl\/2018\/04\/06\/bartosz-huzarski-chorwackie-pamietniki-wakacji\/\" \/>\n<meta property=\"og:site_name\" content=\"\u0160koda We Love Cycling - Poland\" \/>\n<meta property=\"article:published_time\" content=\"2018-04-06T07:18:10+00:00\" \/>\n<meta property=\"og:image\" content=\"https:\/\/d2p6e6u75xmxt8.cloudfront.net\/5\/2018\/04\/19.JPG.jpg\" \/>\n\t<meta property=\"og:image:width\" content=\"2304\" \/>\n\t<meta property=\"og:image:height\" content=\"1536\" \/>\n\t<meta property=\"og:image:type\" content=\"image\/jpeg\" \/>\n<meta name=\"author\" content=\"piotrboczkowski\" \/>\n<meta name=\"twitter:card\" content=\"summary_large_image\" \/>\n<meta name=\"twitter:label1\" content=\"Written by\" \/>\n\t<meta name=\"twitter:data1\" content=\"Bartosz Huzarski\" \/>\n\t<meta name=\"twitter:label2\" content=\"Est. reading time\" \/>\n\t<meta name=\"twitter:data2\" content=\"4 minutes\" \/>\n<script type=\"application\/ld+json\" class=\"yoast-schema-graph\">{\"@context\":\"https:\/\/schema.org\",\"@graph\":[{\"@type\":\"WebPage\",\"@id\":\"https:\/\/www.welovecycling.com\/pl\/2018\/04\/06\/bartosz-huzarski-chorwackie-pamietniki-wakacji\/\",\"url\":\"https:\/\/www.welovecycling.com\/pl\/2018\/04\/06\/bartosz-huzarski-chorwackie-pamietniki-wakacji\/\",\"name\":\"Bartosz Huzarski: Chorwackie pami\u0119tniki z wakacji - \u0160koda We Love Cycling - Poland\",\"isPartOf\":{\"@id\":\"https:\/\/www.welovecycling.com\/pl\/#website\"},\"primaryImageOfPage\":{\"@id\":\"https:\/\/www.welovecycling.com\/pl\/2018\/04\/06\/bartosz-huzarski-chorwackie-pamietniki-wakacji\/#primaryimage\"},\"image\":{\"@id\":\"https:\/\/www.welovecycling.com\/pl\/2018\/04\/06\/bartosz-huzarski-chorwackie-pamietniki-wakacji\/#primaryimage\"},\"thumbnailUrl\":\"https:\/\/d2p6e6u75xmxt8.cloudfront.net\/5\/2018\/04\/19.JPG.jpg\",\"datePublished\":\"2018-04-06T07:18:10+00:00\",\"author\":{\"@id\":\"https:\/\/www.welovecycling.com\/pl\/#\/schema\/person\/0dba2d39da943db9df3fd8f4687e7f23\"},\"breadcrumb\":{\"@id\":\"https:\/\/www.welovecycling.com\/pl\/2018\/04\/06\/bartosz-huzarski-chorwackie-pamietniki-wakacji\/#breadcrumb\"},\"inLanguage\":\"pl-PL\",\"potentialAction\":[{\"@type\":\"ReadAction\",\"target\":[\"https:\/\/www.welovecycling.com\/pl\/2018\/04\/06\/bartosz-huzarski-chorwackie-pamietniki-wakacji\/\"]}]},{\"@type\":\"ImageObject\",\"inLanguage\":\"pl-PL\",\"@id\":\"https:\/\/www.welovecycling.com\/pl\/2018\/04\/06\/bartosz-huzarski-chorwackie-pamietniki-wakacji\/#primaryimage\",\"url\":\"https:\/\/d2p6e6u75xmxt8.cloudfront.net\/5\/2018\/04\/19.JPG.jpg\",\"contentUrl\":\"https:\/\/d2p6e6u75xmxt8.cloudfront.net\/5\/2018\/04\/19.JPG.jpg\",\"width\":2304,\"height\":1536},{\"@type\":\"BreadcrumbList\",\"@id\":\"https:\/\/www.welovecycling.com\/pl\/2018\/04\/06\/bartosz-huzarski-chorwackie-pamietniki-wakacji\/#breadcrumb\",\"itemListElement\":[{\"@type\":\"ListItem\",\"position\":1,\"name\":\"Home\",\"item\":\"https:\/\/www.welovecycling.com\/pl\/\"},{\"@type\":\"ListItem\",\"position\":2,\"name\":\"Bartosz Huzarski: Chorwackie pami\u0119tniki z wakacji\"}]},{\"@type\":\"WebSite\",\"@id\":\"https:\/\/www.welovecycling.com\/pl\/#website\",\"url\":\"https:\/\/www.welovecycling.com\/pl\/\",\"name\":\"\u0160koda We Love Cycling - Poland\",\"description\":\"\",\"potentialAction\":[{\"@type\":\"SearchAction\",\"target\":{\"@type\":\"EntryPoint\",\"urlTemplate\":\"https:\/\/www.welovecycling.com\/pl\/?s={search_term_string}\"},\"query-input\":{\"@type\":\"PropertyValueSpecification\",\"valueRequired\":true,\"valueName\":\"search_term_string\"}}],\"inLanguage\":\"pl-PL\"},{\"@type\":\"Person\",\"@id\":\"https:\/\/www.welovecycling.com\/pl\/#\/schema\/person\/0dba2d39da943db9df3fd8f4687e7f23\",\"name\":\"piotrboczkowski\",\"image\":{\"@type\":\"ImageObject\",\"inLanguage\":\"pl-PL\",\"@id\":\"https:\/\/www.welovecycling.com\/pl\/#\/schema\/person\/image\/\",\"url\":\"https:\/\/secure.gravatar.com\/avatar\/533caccae14752e03a2ce2d3fd62d1b98b93e1393c3195c27819e53344ca1ace?s=96&d=mm&r=g\",\"contentUrl\":\"https:\/\/secure.gravatar.com\/avatar\/533caccae14752e03a2ce2d3fd62d1b98b93e1393c3195c27819e53344ca1ace?s=96&d=mm&r=g\",\"caption\":\"piotrboczkowski\"},\"url\":\"https:\/\/www.welovecycling.com\/pl\/author\/piotrboczkowski\/\"}]}<\/script>\n<!-- \/ Yoast SEO Premium plugin. -->","yoast_head_json":{"title":"Bartosz Huzarski: Chorwackie pami\u0119tniki z wakacji - \u0160koda We Love Cycling - Poland","robots":{"index":"index","follow":"follow","max-snippet":"max-snippet:-1","max-image-preview":"max-image-preview:large","max-video-preview":"max-video-preview:-1"},"canonical":"https:\/\/www.welovecycling.com\/pl\/2018\/04\/06\/bartosz-huzarski-chorwackie-pamietniki-wakacji\/","og_locale":"pl_PL","og_type":"article","og_title":"Bartosz Huzarski: Chorwackie pami\u0119tniki z wakacji","og_description":"26 os\u00f3b przyj\u0119\u0142o moje zaproszenie na wsp\u00f3lny wyjazd do Chorwacji. W tym roku nasz\u0105 baz\u0105 treningow\u0105 by\u0142o po\u0142o\u017cone pomi\u0119dzy Zadarem, [&hellip;]","og_url":"https:\/\/www.welovecycling.com\/pl\/2018\/04\/06\/bartosz-huzarski-chorwackie-pamietniki-wakacji\/","og_site_name":"\u0160koda We Love Cycling - Poland","article_published_time":"2018-04-06T07:18:10+00:00","og_image":[{"width":2304,"height":1536,"url":"https:\/\/d2p6e6u75xmxt8.cloudfront.net\/5\/2018\/04\/19.JPG.jpg","type":"image\/jpeg"}],"author":"piotrboczkowski","twitter_card":"summary_large_image","twitter_misc":{"Written by":"Bartosz Huzarski","Est. reading time":"4 minutes"},"schema":{"@context":"https:\/\/schema.org","@graph":[{"@type":"WebPage","@id":"https:\/\/www.welovecycling.com\/pl\/2018\/04\/06\/bartosz-huzarski-chorwackie-pamietniki-wakacji\/","url":"https:\/\/www.welovecycling.com\/pl\/2018\/04\/06\/bartosz-huzarski-chorwackie-pamietniki-wakacji\/","name":"Bartosz Huzarski: Chorwackie pami\u0119tniki z wakacji - \u0160koda We Love Cycling - Poland","isPartOf":{"@id":"https:\/\/www.welovecycling.com\/pl\/#website"},"primaryImageOfPage":{"@id":"https:\/\/www.welovecycling.com\/pl\/2018\/04\/06\/bartosz-huzarski-chorwackie-pamietniki-wakacji\/#primaryimage"},"image":{"@id":"https:\/\/www.welovecycling.com\/pl\/2018\/04\/06\/bartosz-huzarski-chorwackie-pamietniki-wakacji\/#primaryimage"},"thumbnailUrl":"https:\/\/d2p6e6u75xmxt8.cloudfront.net\/5\/2018\/04\/19.JPG.jpg","datePublished":"2018-04-06T07:18:10+00:00","author":{"@id":"https:\/\/www.welovecycling.com\/pl\/#\/schema\/person\/0dba2d39da943db9df3fd8f4687e7f23"},"breadcrumb":{"@id":"https:\/\/www.welovecycling.com\/pl\/2018\/04\/06\/bartosz-huzarski-chorwackie-pamietniki-wakacji\/#breadcrumb"},"inLanguage":"pl-PL","potentialAction":[{"@type":"ReadAction","target":["https:\/\/www.welovecycling.com\/pl\/2018\/04\/06\/bartosz-huzarski-chorwackie-pamietniki-wakacji\/"]}]},{"@type":"ImageObject","inLanguage":"pl-PL","@id":"https:\/\/www.welovecycling.com\/pl\/2018\/04\/06\/bartosz-huzarski-chorwackie-pamietniki-wakacji\/#primaryimage","url":"https:\/\/d2p6e6u75xmxt8.cloudfront.net\/5\/2018\/04\/19.JPG.jpg","contentUrl":"https:\/\/d2p6e6u75xmxt8.cloudfront.net\/5\/2018\/04\/19.JPG.jpg","width":2304,"height":1536},{"@type":"BreadcrumbList","@id":"https:\/\/www.welovecycling.com\/pl\/2018\/04\/06\/bartosz-huzarski-chorwackie-pamietniki-wakacji\/#breadcrumb","itemListElement":[{"@type":"ListItem","position":1,"name":"Home","item":"https:\/\/www.welovecycling.com\/pl\/"},{"@type":"ListItem","position":2,"name":"Bartosz Huzarski: Chorwackie pami\u0119tniki z wakacji"}]},{"@type":"WebSite","@id":"https:\/\/www.welovecycling.com\/pl\/#website","url":"https:\/\/www.welovecycling.com\/pl\/","name":"\u0160koda We Love Cycling - Poland","description":"","potentialAction":[{"@type":"SearchAction","target":{"@type":"EntryPoint","urlTemplate":"https:\/\/www.welovecycling.com\/pl\/?s={search_term_string}"},"query-input":{"@type":"PropertyValueSpecification","valueRequired":true,"valueName":"search_term_string"}}],"inLanguage":"pl-PL"},{"@type":"Person","@id":"https:\/\/www.welovecycling.com\/pl\/#\/schema\/person\/0dba2d39da943db9df3fd8f4687e7f23","name":"piotrboczkowski","image":{"@type":"ImageObject","inLanguage":"pl-PL","@id":"https:\/\/www.welovecycling.com\/pl\/#\/schema\/person\/image\/","url":"https:\/\/secure.gravatar.com\/avatar\/533caccae14752e03a2ce2d3fd62d1b98b93e1393c3195c27819e53344ca1ace?s=96&d=mm&r=g","contentUrl":"https:\/\/secure.gravatar.com\/avatar\/533caccae14752e03a2ce2d3fd62d1b98b93e1393c3195c27819e53344ca1ace?s=96&d=mm&r=g","caption":"piotrboczkowski"},"url":"https:\/\/www.welovecycling.com\/pl\/author\/piotrboczkowski\/"}]}},"_links":{"self":[{"href":"https:\/\/www.welovecycling.com\/pl\/wp-json\/wp\/v2\/posts\/6799","targetHints":{"allow":["GET"]}}],"collection":[{"href":"https:\/\/www.welovecycling.com\/pl\/wp-json\/wp\/v2\/posts"}],"about":[{"href":"https:\/\/www.welovecycling.com\/pl\/wp-json\/wp\/v2\/types\/post"}],"author":[{"embeddable":true,"href":"https:\/\/www.welovecycling.com\/pl\/wp-json\/wp\/v2\/users\/76"}],"replies":[{"embeddable":true,"href":"https:\/\/www.welovecycling.com\/pl\/wp-json\/wp\/v2\/comments?post=6799"}],"version-history":[{"count":2,"href":"https:\/\/www.welovecycling.com\/pl\/wp-json\/wp\/v2\/posts\/6799\/revisions"}],"predecessor-version":[{"id":6806,"href":"https:\/\/www.welovecycling.com\/pl\/wp-json\/wp\/v2\/posts\/6799\/revisions\/6806"}],"wp:featuredmedia":[{"embeddable":true,"href":"https:\/\/www.welovecycling.com\/pl\/wp-json\/wp\/v2\/media\/6800"}],"wp:attachment":[{"href":"https:\/\/www.welovecycling.com\/pl\/wp-json\/wp\/v2\/media?parent=6799"}],"wp:term":[{"taxonomy":"category","embeddable":true,"href":"https:\/\/www.welovecycling.com\/pl\/wp-json\/wp\/v2\/categories?post=6799"},{"taxonomy":"post_tag","embeddable":true,"href":"https:\/\/www.welovecycling.com\/pl\/wp-json\/wp\/v2\/tags?post=6799"},{"taxonomy":"global-categories","embeddable":true,"href":"https:\/\/www.welovecycling.com\/pl\/wp-json\/wp\/v2\/global-categories?post=6799"}],"curies":[{"name":"wp","href":"https:\/\/api.w.org\/{rel}","templated":true}]}}