{"id":6762,"date":"2018-03-28T07:44:15","date_gmt":"2018-03-28T07:44:15","guid":{"rendered":"https:\/\/www.welovecycling.com\/pl\/?p=6762"},"modified":"2018-03-28T07:44:15","modified_gmt":"2018-03-28T07:44:15","slug":"polak-granicy-dwoch-kolarskich-swiatow-roznica-miedzy-polonezem-a-bmw","status":"publish","type":"post","link":"https:\/\/www.welovecycling.com\/pl\/2018\/03\/28\/polak-granicy-dwoch-kolarskich-swiatow-roznica-miedzy-polonezem-a-bmw\/","title":{"rendered":"Polak na granicy dw\u00f3ch kolarskich \u015bwiat\u00f3w. \u201eR\u00f3\u017cnica jak mi\u0119dzy Polonezem a BMW\u201d"},"content":{"rendered":"<p><strong>Pierwszy zjazd zako\u0144czy\u0142 na \u015bmietniku, a pierwszy rower z klubu otrzyma\u0142 lekko przyrdzewia\u0142y. Wtedy nawet nie marzy\u0142 o Tour de France, kt\u00f3re po latach okaza\u0142o si\u0119\u2026 tortur\u0105. Wcze\u015bniej jednak spotka\u0142 go wielki zaw\u00f3d, wi\u0119c postanowi\u0142 uciec z komunistycznej Polski. O \u017cyciu na granicy amatorstwa i zawodowstwa w specjalnym wywiadzie dla WeLoveCycling opowiada Cezary Zamana, mistrz Polski (1999 r.) i zwyci\u0119zca Tour de Pologne (2003 r.).<\/strong><\/p>\n<p><!--more--><\/p>\n<p><strong>W Pana czasach wszyscy pewnie chcieli zosta\u0107 pi\u0142karzami, tymczasem Pan postawi\u0142 na kolarstwo. Dlaczego?<\/strong><\/p>\n<p>&#8211; W\u00f3wczas fantastyczny by\u0142 Wy\u015bcig Pokoju, w ko\u0144cu propaganda komunistyczna \u015bwietnie potrafi\u0142a wykorzysta\u0107 sport. Ka\u017cdy ch\u0142opak na podw\u00f3rku umia\u0142 gra\u0107 w kapsle i chcia\u0142 by\u0107 Ryszardem Szurkowskim, Stanis\u0142awem Szozd\u0105 czy Olafem Ludwigiem. Ja dodatkowo mia\u0142em to szcz\u0119\u015bcie, \u017ce pochodz\u0119 z E\u0142ku, a tam by\u0142 klub kolarski oraz wy\u015bcig im. Micha\u0142a Kajki, jednego z najwi\u0119kszych mazurskich poet\u00f3w.<\/p>\n<p>Pewnego dnia, przypadkowo, zobaczy\u0142em kolarzy, kt\u00f3rzy je\u017adzili po ulicach E\u0142ku. Te szprychy, ko\u0142a i szum rower\u00f3w wbi\u0142y mi si\u0119 w pami\u0119\u0107. To wszystko podsycone jeszcze Wy\u015bcigiem Pokoju spowodowa\u0142o, \u017ce rower sta\u0142 si\u0119 dla mnie czym\u015b wi\u0119cej ni\u017c fajn\u0105 jazd\u0105. Wtedy, ju\u017c w wieku 8 czy 9 lat, kolarstwo zacz\u0119\u0142o by\u0107 dla mnie najwa\u017cniejsz\u0105 dyscyplin\u0105 sportu.<\/p>\n<p><strong>Pierwszy rower pewnie otrzyma\u0142 Pan z okazji komunii.<\/strong><\/p>\n<p>&#8211; Wcze\u015bniej (\u015bmiech). To by\u0142 rower Bambino lub Bobo, dok\u0142adnie nie pami\u0119tam, ale na pewno na liter\u0119 \u201eb\u201d. Nie mia\u0142 nawet bocznych k\u00f3\u0142ek, co akurat by\u0142o bardzo dobre, bo szybko musia\u0142em nauczy\u0107 si\u0119 utrzymywa\u0107 r\u00f3wnowag\u0119. Pierwszy start, zjazd z g\u00f3rki&#8230; Utrzyma\u0142em r\u00f3wnowag\u0119, ale zatrzyma\u0142em si\u0119 na jakim\u015b \u015bmietniku. P\u00f3\u017aniej ju\u017c ten \u015bmietnik omija\u0142em i tak si\u0119 zacz\u0119\u0142o. Na dw\u00f3ch k\u00f3\u0142kach umia\u0142em ju\u017c je\u017adzi\u0107, gdy mia\u0142em trzy i p\u00f3\u0142 roku..<\/p>\n<p><strong>A pierwszy rower, na kt\u00f3rym si\u0119 Pan \u015bciga\u0142?<\/strong><\/p>\n<p>&#8211; W 1980 r. zapisa\u0142em si\u0119 do klubu kolarskiego LKS Prim E\u0142k, systematycznie przychodzi\u0142em na treningi i otrzyma\u0142em lekko przyrdzewia\u0142y i o wiele za du\u017cy granatowy rower marki Huragan. W sumie, w\u00f3wczas wyst\u0119powa\u0142y one tylko w jednym kolorze. Po sumienie przepracowanej zimie, wiosn\u0105 w nagrod\u0119 otrzyma\u0142em jeden z dziesi\u0119ciu nowiutkich rower\u00f3w, kt\u00f3re mia\u0142 klub, czyli b\u0142\u0119kitnego Jaguara, marki Romet. W\u00f3wczas to by\u0142o marzenie wielu ch\u0142opc\u00f3w bez wzgl\u0119du na ich zainteresowania.<\/p>\n<p><strong>I w\u0142a\u015bnie tak zacz\u0119\u0142a si\u0119 kariera, kt\u00f3ra doprowadzi\u0142a Pana a\u017c na Tour de France. Czy w czasach m\u0142odo\u015bci dociera\u0142y do Pana jakiekolwiek informacje zwi\u0105zane z tym wy\u015bcigiem?<\/strong><\/p>\n<p>&#8211; Przez pierwsze lata trenowania w og\u00f3le nie my\u015bla\u0142em o Tour de France. Chcia\u0142em by\u0107 kolarzem, ale nawet Wy\u015bcig Pokoju nie wydawa\u0142 si\u0119 by\u0107 w moim zasi\u0119gu, bo wielu wspania\u0142ych kolarzy w historii mojego klubu nawet nie otar\u0142o si\u0119 o sk\u0142ad reprezentacji bia\u0142o-czerwonych. Wydawa\u0142o mi si\u0119 to tak\u017ce zbyt odleg\u0142ym marzeniem ze wzgl\u0119du na liczb\u0119 kilometr\u00f3w, kt\u00f3re kolarze musz\u0105 tam pokonywa\u0107.<\/p>\n<p>My\u015bli o Tour de France pojawi\u0142y si\u0119 po pi\u0119ciu latach trening\u00f3w, gdy dosta\u0142em si\u0119 do szerokiego sk\u0142adu kadry Polski w prze\u0142ajach. Gdy w 1985 r. w Belgii wystartowa\u0142em w wy\u015bcigu prze\u0142ajowym, to zda\u0142em sobie spraw\u0119, \u017ce s\u0105 wy\u015bcigi w bloku wschodnim, ale te\u017c w zachodnim, i \u017ce istnieje co\u015b takiego jak zawodowstwo. Informacje z Tour de France by\u0142y bardzo szcz\u0105tkowe i w 1986, czy nawet 1987 r. nawet mi si\u0119 nie \u015bni\u0142o, \u017ce ju\u017c w 1994 r. pojad\u0119 w Wielkiej P\u0119tli i jeszcze j\u0105 uko\u0144cz\u0119.<\/p>\n<p><strong>Jak Pan wspomina Tour de France? To by\u0142o najwi\u0119ksze wydarzenie Pana kariery?<\/strong><\/p>\n<p>&#8211; Nie, cho\u0107 wydaje mi si\u0119, \u017ce by\u0142em pierwszym zawodnikiem z polskim paszportem, kt\u00f3ry uko\u0144czy\u0142 Tour de France. Lech Piasecki czy Czes\u0142aw Lang tego nie zrobili, bo zawsze mieli jakie\u015b inne obowi\u0105zki. Wielka P\u0119tla to by\u0142a dla mnie nagroda, kt\u00f3ra jednak okaza\u0142a si\u0119 tortur\u0105. To by\u0142 jeden z najtrudniejszych wy\u015bcig\u00f3w, wycofa\u0142a si\u0119 blisko po\u0142owa zawodnik\u00f3w! Dopiero po jakim\u015b czasie zda\u0142em sobie spraw\u0119, \u017ce ju\u017c uko\u0144czenie Tour de France by\u0142o wielk\u0105 spraw\u0105.<\/p>\n<p><strong>Waha\u0142 si\u0119 Pan, czy przej\u015b\u0107 na zawodowstwo?<\/strong><\/p>\n<p>&#8211; W 1988 r. z kadr\u0105 olimpijsk\u0105 by\u0142em na wy\u015bcigu w Szwajcarii, na ostatniej pr\u00f3bie przedolimpijskiej. W\u00f3wczas jako jedyny z Polak\u00f3w walczy\u0142em z zawodowcami i z mojej dru\u017cyny reprezentacyjnej zaj\u0105\u0142em najwy\u017csze miejsce, a mimo to dowiedzia\u0142em si\u0119, \u017ce na igrzyska nie pojad\u0119. Ca\u0142kowicie tego nie rozumia\u0142em i wtedy mia\u0142em w g\u0142owie ju\u017c tylko jedno \u2013 jak najszybciej opu\u015bci\u0107 komunistyczne pa\u0144stwo, kt\u00f3re wtedy przesta\u0142o by\u0107 moim ukochanym krajem.<\/p>\n<p>Rok p\u00f3\u017aniej emigrowa\u0142em, bo mi\u0119dzy innymi musia\u0142em odrobi\u0107 obowi\u0105zkow\u0105 s\u0142u\u017cb\u0119 wojskow\u0105, a nie chcia\u0142em reprezentowa\u0107 Legii Warszawa, kt\u00f3ra budowa\u0142a swoj\u0105 mark\u0119 na powo\u0142ywaniu do wojska najlepszych zawodnik\u00f3w z ca\u0142ej Polski. M\u00f3wi\u0105c kr\u00f3tko \u2013 da\u0142em nog\u0119 z Polski i wyl\u0105dowa\u0142em w wolnym kraju, czyli Stanach Zjednoczonych.<\/p>\n<p>Po kilku miesi\u0105cach pracy i zarabianiu dolar\u00f3w postanowi\u0142em, \u017ce jednak wr\u00f3c\u0119 do kolarstwa. Wykupi\u0142em za 50 dolar\u00f3w licencj\u0119 kolarza zawodowego, bo w Ameryce prawo do pracy ma ka\u017cdy i zdyskwalifikowanie mnie jako kolarza przez Polski Zwi\u0105zek Kolarski nic nie znaczy\u0142o. Ta zawodowa licencja nie m\u00f3wi\u0142a na czym polega kolarstwo zawodowe w Europie, ale da\u0142a mi najwa\u017cniejsz\u0105 informacj\u0119 &#8211; \u017ce teraz wszystko w mojej karierze zale\u017cy ode mnie.<\/p>\n<p><strong>Przepa\u015b\u0107 mi\u0119dzy amatorami a zawodowcami by\u0142a du\u017ca?<\/strong><\/p>\n<p>&#8211; Brakowa\u0142o nam \u015bwiadomo\u015bci tego, czym jest kolarstwo zawodowe. Tego w Polsce nam nie m\u00f3wiono, czasem tylko sporadycznie si\u0119 czego\u015b dowiadywali\u015bmy. Tymczasem okaza\u0142o si\u0119, \u017ce r\u00f3\u017cnica jest jak mi\u0119dzy Polonezem a BMW (\u015bmiech).<\/p>\n<p><strong>Dzi\u015b zajmuje si\u0119 Pan organizowaniem wy\u015bcig\u00f3w MTB. Sk\u0105d taki przeskok?<\/strong><\/p>\n<p>&#8211; To akurat do\u015b\u0107 proste, bo pochodz\u0119 z E\u0142ku. Dzi\u015b kolarze zim\u0105 przygotowuj\u0105 si\u0119 w ciep\u0142ych krajach, a wtedy klub z E\u0142ku specjalizowa\u0142 si\u0119 w kolarstwie prze\u0142ajowym. Pod koniec mojej kariery zawodowej kolarstwo g\u00f3rskie zacz\u0119\u0142o si\u0119 fajnie rozwija\u0107, by\u0142o dla mnie du\u017c\u0105 ciekawostk\u0105 i okaza\u0142o si\u0119, \u017ce to \u015brodowisko jest du\u017co bardziej otwarte ni\u017c w przypadku kolarstwa szosowego. Do tego w Polsce mamy wspania\u0142e otwarte tereny do uprawnia kolarstwa na rowerach g\u00f3rskich.<\/p>\n<p><strong>Czy patrz\u0105c z tej perspektywy ma Pan wra\u017cenie, \u017ce Polacy coraz bardziej kochaj\u0105 rowery?<\/strong><\/p>\n<p>&#8211; My\u015bl\u0119, \u017ce mi\u0142o\u015b\u0107 do rower\u00f3w w Polsce rozwija si\u0119 mi\u0119dzy innymi za spraw\u0105 \u015bwietnych wynik\u00f3w polskich kolarzy i kolarek. Ludziom w Polsce rower towarzyszy na wielu poziomach \u2013 od BMX, przez szos\u0119, rowery trekkingowe, po zwyk\u0142e rowery miejskie. Przeszkod\u0105 jest jednak klimat w okresie grzewczym, a przede wszystkim jako\u015b\u0107 powietrza, bo to co si\u0119 teraz dzieje, to jaka\u015b masakra. Niestety, uwa\u017cam \u017ce b\u0119dzie to hamowa\u0142o rozw\u00f3j jazdy na rowerze przez ca\u0142y rok, bo ja sam nie polecam jazdy w takich warunkach. Co prawda zim\u0105 organizujemy maratony, ale robimy to w lasach, gdzie jest czystsze powietrze.<\/p>\n<p>Z jednej strony budujemy \u015bcie\u017cki i mamy wypo\u017cyczalnie, ale z drugiej rz\u0105dz\u0105cy ludzie oraz obywatele, kt\u00f3rzy nie rozumiej\u0105 ekologii, zatruwaj\u0105 powietrze. Rozwijamy si\u0119 rowerowo, jednocze\u015bnie sami ten rozw\u00f3j hamuj\u0105c\u2026 Zawsze promowa\u0142em jazd\u0119 przez okr\u0105g\u0142y rok, ale teraz polecam rowerzystom, by zim\u0105 wybierali kraje, gdzie powietrze jest zdecydowanie czystsze ni\u017c w Polsce!<\/p>\n","protected":false},"excerpt":{"rendered":"<p>Pierwszy zjazd zako\u0144czy\u0142 na \u015bmietniku, a pierwszy rower z klubu otrzyma\u0142 lekko przyrdzewia\u0142y. Wtedy nawet nie marzy\u0142 o Tour de [&hellip;]<\/p>\n","protected":false},"author":76,"featured_media":6763,"comment_status":"open","ping_status":"open","sticky":false,"template":"","format":"standard","meta":{"footnotes":""},"categories":[226],"tags":[41,77,82],"global-categories":[],"class_list":["post-6762","post","type-post","status-publish","format-standard","has-post-thumbnail","hentry","category-ciekawostki","tag-cycling","tag-tour-de-france","tag-welovecycling"],"yoast_head":"<!-- This site is optimized with the Yoast SEO Premium plugin v25.3 (Yoast SEO v25.9) - https:\/\/yoast.com\/wordpress\/plugins\/seo\/ -->\n<title>Polak na granicy dw\u00f3ch kolarskich \u015bwiat\u00f3w. \u201eR\u00f3\u017cnica jak mi\u0119dzy Polonezem a BMW\u201d - \u0160koda We Love Cycling - Poland<\/title>\n<meta name=\"robots\" content=\"index, follow, max-snippet:-1, max-image-preview:large, max-video-preview:-1\" \/>\n<link rel=\"canonical\" href=\"https:\/\/www.welovecycling.com\/pl\/2018\/03\/28\/polak-granicy-dwoch-kolarskich-swiatow-roznica-miedzy-polonezem-a-bmw\/\" \/>\n<meta property=\"og:locale\" content=\"pl_PL\" \/>\n<meta property=\"og:type\" content=\"article\" \/>\n<meta property=\"og:title\" content=\"Polak na granicy dw\u00f3ch kolarskich \u015bwiat\u00f3w. \u201eR\u00f3\u017cnica jak mi\u0119dzy Polonezem a BMW\u201d\" \/>\n<meta property=\"og:description\" content=\"Pierwszy zjazd zako\u0144czy\u0142 na \u015bmietniku, a pierwszy rower z klubu otrzyma\u0142 lekko przyrdzewia\u0142y. Wtedy nawet nie marzy\u0142 o Tour de [&hellip;]\" \/>\n<meta property=\"og:url\" content=\"https:\/\/www.welovecycling.com\/pl\/2018\/03\/28\/polak-granicy-dwoch-kolarskich-swiatow-roznica-miedzy-polonezem-a-bmw\/\" \/>\n<meta property=\"og:site_name\" content=\"\u0160koda We Love Cycling - Poland\" \/>\n<meta property=\"article:published_time\" content=\"2018-03-28T07:44:15+00:00\" \/>\n<meta property=\"og:image\" content=\"https:\/\/d2p6e6u75xmxt8.cloudfront.net\/5\/2018\/03\/shutterstock_1056047162-1024x683.jpg\" \/>\n\t<meta property=\"og:image:width\" content=\"1024\" \/>\n\t<meta property=\"og:image:height\" content=\"683\" \/>\n\t<meta property=\"og:image:type\" content=\"image\/jpeg\" \/>\n<meta name=\"author\" content=\"piotrboczkowski\" \/>\n<meta name=\"twitter:card\" content=\"summary_large_image\" \/>\n<meta name=\"twitter:label1\" content=\"Written by\" \/>\n\t<meta name=\"twitter:data1\" content=\"WeLoveCycling\" \/>\n\t<meta name=\"twitter:label2\" content=\"Est. reading time\" \/>\n\t<meta name=\"twitter:data2\" content=\"6 minutes\" \/>\n<script type=\"application\/ld+json\" class=\"yoast-schema-graph\">{\"@context\":\"https:\/\/schema.org\",\"@graph\":[{\"@type\":\"WebPage\",\"@id\":\"https:\/\/www.welovecycling.com\/pl\/2018\/03\/28\/polak-granicy-dwoch-kolarskich-swiatow-roznica-miedzy-polonezem-a-bmw\/\",\"url\":\"https:\/\/www.welovecycling.com\/pl\/2018\/03\/28\/polak-granicy-dwoch-kolarskich-swiatow-roznica-miedzy-polonezem-a-bmw\/\",\"name\":\"Polak na granicy dw\u00f3ch kolarskich \u015bwiat\u00f3w. \u201eR\u00f3\u017cnica jak mi\u0119dzy Polonezem a BMW\u201d - \u0160koda We Love Cycling - Poland\",\"isPartOf\":{\"@id\":\"https:\/\/www.welovecycling.com\/pl\/#website\"},\"primaryImageOfPage\":{\"@id\":\"https:\/\/www.welovecycling.com\/pl\/2018\/03\/28\/polak-granicy-dwoch-kolarskich-swiatow-roznica-miedzy-polonezem-a-bmw\/#primaryimage\"},\"image\":{\"@id\":\"https:\/\/www.welovecycling.com\/pl\/2018\/03\/28\/polak-granicy-dwoch-kolarskich-swiatow-roznica-miedzy-polonezem-a-bmw\/#primaryimage\"},\"thumbnailUrl\":\"https:\/\/d2p6e6u75xmxt8.cloudfront.net\/5\/2018\/03\/shutterstock_1056047162.jpg\",\"datePublished\":\"2018-03-28T07:44:15+00:00\",\"author\":{\"@id\":\"https:\/\/www.welovecycling.com\/pl\/#\/schema\/person\/0dba2d39da943db9df3fd8f4687e7f23\"},\"breadcrumb\":{\"@id\":\"https:\/\/www.welovecycling.com\/pl\/2018\/03\/28\/polak-granicy-dwoch-kolarskich-swiatow-roznica-miedzy-polonezem-a-bmw\/#breadcrumb\"},\"inLanguage\":\"pl-PL\",\"potentialAction\":[{\"@type\":\"ReadAction\",\"target\":[\"https:\/\/www.welovecycling.com\/pl\/2018\/03\/28\/polak-granicy-dwoch-kolarskich-swiatow-roznica-miedzy-polonezem-a-bmw\/\"]}]},{\"@type\":\"ImageObject\",\"inLanguage\":\"pl-PL\",\"@id\":\"https:\/\/www.welovecycling.com\/pl\/2018\/03\/28\/polak-granicy-dwoch-kolarskich-swiatow-roznica-miedzy-polonezem-a-bmw\/#primaryimage\",\"url\":\"https:\/\/d2p6e6u75xmxt8.cloudfront.net\/5\/2018\/03\/shutterstock_1056047162.jpg\",\"contentUrl\":\"https:\/\/d2p6e6u75xmxt8.cloudfront.net\/5\/2018\/03\/shutterstock_1056047162.jpg\",\"width\":4272,\"height\":2848},{\"@type\":\"BreadcrumbList\",\"@id\":\"https:\/\/www.welovecycling.com\/pl\/2018\/03\/28\/polak-granicy-dwoch-kolarskich-swiatow-roznica-miedzy-polonezem-a-bmw\/#breadcrumb\",\"itemListElement\":[{\"@type\":\"ListItem\",\"position\":1,\"name\":\"Home\",\"item\":\"https:\/\/www.welovecycling.com\/pl\/\"},{\"@type\":\"ListItem\",\"position\":2,\"name\":\"Polak na granicy dw\u00f3ch kolarskich \u015bwiat\u00f3w. \u201eR\u00f3\u017cnica jak mi\u0119dzy Polonezem a BMW\u201d\"}]},{\"@type\":\"WebSite\",\"@id\":\"https:\/\/www.welovecycling.com\/pl\/#website\",\"url\":\"https:\/\/www.welovecycling.com\/pl\/\",\"name\":\"\u0160koda We Love Cycling - Poland\",\"description\":\"\",\"potentialAction\":[{\"@type\":\"SearchAction\",\"target\":{\"@type\":\"EntryPoint\",\"urlTemplate\":\"https:\/\/www.welovecycling.com\/pl\/?s={search_term_string}\"},\"query-input\":{\"@type\":\"PropertyValueSpecification\",\"valueRequired\":true,\"valueName\":\"search_term_string\"}}],\"inLanguage\":\"pl-PL\"},{\"@type\":\"Person\",\"@id\":\"https:\/\/www.welovecycling.com\/pl\/#\/schema\/person\/0dba2d39da943db9df3fd8f4687e7f23\",\"name\":\"piotrboczkowski\",\"image\":{\"@type\":\"ImageObject\",\"inLanguage\":\"pl-PL\",\"@id\":\"https:\/\/www.welovecycling.com\/pl\/#\/schema\/person\/image\/\",\"url\":\"https:\/\/secure.gravatar.com\/avatar\/533caccae14752e03a2ce2d3fd62d1b98b93e1393c3195c27819e53344ca1ace?s=96&d=mm&r=g\",\"contentUrl\":\"https:\/\/secure.gravatar.com\/avatar\/533caccae14752e03a2ce2d3fd62d1b98b93e1393c3195c27819e53344ca1ace?s=96&d=mm&r=g\",\"caption\":\"piotrboczkowski\"},\"url\":\"https:\/\/www.welovecycling.com\/pl\/author\/piotrboczkowski\/\"}]}<\/script>\n<!-- \/ Yoast SEO Premium plugin. -->","yoast_head_json":{"title":"Polak na granicy dw\u00f3ch kolarskich \u015bwiat\u00f3w. \u201eR\u00f3\u017cnica jak mi\u0119dzy Polonezem a BMW\u201d - \u0160koda We Love Cycling - Poland","robots":{"index":"index","follow":"follow","max-snippet":"max-snippet:-1","max-image-preview":"max-image-preview:large","max-video-preview":"max-video-preview:-1"},"canonical":"https:\/\/www.welovecycling.com\/pl\/2018\/03\/28\/polak-granicy-dwoch-kolarskich-swiatow-roznica-miedzy-polonezem-a-bmw\/","og_locale":"pl_PL","og_type":"article","og_title":"Polak na granicy dw\u00f3ch kolarskich \u015bwiat\u00f3w. \u201eR\u00f3\u017cnica jak mi\u0119dzy Polonezem a BMW\u201d","og_description":"Pierwszy zjazd zako\u0144czy\u0142 na \u015bmietniku, a pierwszy rower z klubu otrzyma\u0142 lekko przyrdzewia\u0142y. Wtedy nawet nie marzy\u0142 o Tour de [&hellip;]","og_url":"https:\/\/www.welovecycling.com\/pl\/2018\/03\/28\/polak-granicy-dwoch-kolarskich-swiatow-roznica-miedzy-polonezem-a-bmw\/","og_site_name":"\u0160koda We Love Cycling - Poland","article_published_time":"2018-03-28T07:44:15+00:00","og_image":[{"width":1024,"height":683,"url":"https:\/\/d2p6e6u75xmxt8.cloudfront.net\/5\/2018\/03\/shutterstock_1056047162-1024x683.jpg","type":"image\/jpeg"}],"author":"piotrboczkowski","twitter_card":"summary_large_image","twitter_misc":{"Written by":"WeLoveCycling","Est. reading time":"6 minutes"},"schema":{"@context":"https:\/\/schema.org","@graph":[{"@type":"WebPage","@id":"https:\/\/www.welovecycling.com\/pl\/2018\/03\/28\/polak-granicy-dwoch-kolarskich-swiatow-roznica-miedzy-polonezem-a-bmw\/","url":"https:\/\/www.welovecycling.com\/pl\/2018\/03\/28\/polak-granicy-dwoch-kolarskich-swiatow-roznica-miedzy-polonezem-a-bmw\/","name":"Polak na granicy dw\u00f3ch kolarskich \u015bwiat\u00f3w. \u201eR\u00f3\u017cnica jak mi\u0119dzy Polonezem a BMW\u201d - \u0160koda We Love Cycling - Poland","isPartOf":{"@id":"https:\/\/www.welovecycling.com\/pl\/#website"},"primaryImageOfPage":{"@id":"https:\/\/www.welovecycling.com\/pl\/2018\/03\/28\/polak-granicy-dwoch-kolarskich-swiatow-roznica-miedzy-polonezem-a-bmw\/#primaryimage"},"image":{"@id":"https:\/\/www.welovecycling.com\/pl\/2018\/03\/28\/polak-granicy-dwoch-kolarskich-swiatow-roznica-miedzy-polonezem-a-bmw\/#primaryimage"},"thumbnailUrl":"https:\/\/d2p6e6u75xmxt8.cloudfront.net\/5\/2018\/03\/shutterstock_1056047162.jpg","datePublished":"2018-03-28T07:44:15+00:00","author":{"@id":"https:\/\/www.welovecycling.com\/pl\/#\/schema\/person\/0dba2d39da943db9df3fd8f4687e7f23"},"breadcrumb":{"@id":"https:\/\/www.welovecycling.com\/pl\/2018\/03\/28\/polak-granicy-dwoch-kolarskich-swiatow-roznica-miedzy-polonezem-a-bmw\/#breadcrumb"},"inLanguage":"pl-PL","potentialAction":[{"@type":"ReadAction","target":["https:\/\/www.welovecycling.com\/pl\/2018\/03\/28\/polak-granicy-dwoch-kolarskich-swiatow-roznica-miedzy-polonezem-a-bmw\/"]}]},{"@type":"ImageObject","inLanguage":"pl-PL","@id":"https:\/\/www.welovecycling.com\/pl\/2018\/03\/28\/polak-granicy-dwoch-kolarskich-swiatow-roznica-miedzy-polonezem-a-bmw\/#primaryimage","url":"https:\/\/d2p6e6u75xmxt8.cloudfront.net\/5\/2018\/03\/shutterstock_1056047162.jpg","contentUrl":"https:\/\/d2p6e6u75xmxt8.cloudfront.net\/5\/2018\/03\/shutterstock_1056047162.jpg","width":4272,"height":2848},{"@type":"BreadcrumbList","@id":"https:\/\/www.welovecycling.com\/pl\/2018\/03\/28\/polak-granicy-dwoch-kolarskich-swiatow-roznica-miedzy-polonezem-a-bmw\/#breadcrumb","itemListElement":[{"@type":"ListItem","position":1,"name":"Home","item":"https:\/\/www.welovecycling.com\/pl\/"},{"@type":"ListItem","position":2,"name":"Polak na granicy dw\u00f3ch kolarskich \u015bwiat\u00f3w. \u201eR\u00f3\u017cnica jak mi\u0119dzy Polonezem a BMW\u201d"}]},{"@type":"WebSite","@id":"https:\/\/www.welovecycling.com\/pl\/#website","url":"https:\/\/www.welovecycling.com\/pl\/","name":"\u0160koda We Love Cycling - Poland","description":"","potentialAction":[{"@type":"SearchAction","target":{"@type":"EntryPoint","urlTemplate":"https:\/\/www.welovecycling.com\/pl\/?s={search_term_string}"},"query-input":{"@type":"PropertyValueSpecification","valueRequired":true,"valueName":"search_term_string"}}],"inLanguage":"pl-PL"},{"@type":"Person","@id":"https:\/\/www.welovecycling.com\/pl\/#\/schema\/person\/0dba2d39da943db9df3fd8f4687e7f23","name":"piotrboczkowski","image":{"@type":"ImageObject","inLanguage":"pl-PL","@id":"https:\/\/www.welovecycling.com\/pl\/#\/schema\/person\/image\/","url":"https:\/\/secure.gravatar.com\/avatar\/533caccae14752e03a2ce2d3fd62d1b98b93e1393c3195c27819e53344ca1ace?s=96&d=mm&r=g","contentUrl":"https:\/\/secure.gravatar.com\/avatar\/533caccae14752e03a2ce2d3fd62d1b98b93e1393c3195c27819e53344ca1ace?s=96&d=mm&r=g","caption":"piotrboczkowski"},"url":"https:\/\/www.welovecycling.com\/pl\/author\/piotrboczkowski\/"}]}},"_links":{"self":[{"href":"https:\/\/www.welovecycling.com\/pl\/wp-json\/wp\/v2\/posts\/6762","targetHints":{"allow":["GET"]}}],"collection":[{"href":"https:\/\/www.welovecycling.com\/pl\/wp-json\/wp\/v2\/posts"}],"about":[{"href":"https:\/\/www.welovecycling.com\/pl\/wp-json\/wp\/v2\/types\/post"}],"author":[{"embeddable":true,"href":"https:\/\/www.welovecycling.com\/pl\/wp-json\/wp\/v2\/users\/76"}],"replies":[{"embeddable":true,"href":"https:\/\/www.welovecycling.com\/pl\/wp-json\/wp\/v2\/comments?post=6762"}],"version-history":[{"count":1,"href":"https:\/\/www.welovecycling.com\/pl\/wp-json\/wp\/v2\/posts\/6762\/revisions"}],"predecessor-version":[{"id":6765,"href":"https:\/\/www.welovecycling.com\/pl\/wp-json\/wp\/v2\/posts\/6762\/revisions\/6765"}],"wp:featuredmedia":[{"embeddable":true,"href":"https:\/\/www.welovecycling.com\/pl\/wp-json\/wp\/v2\/media\/6763"}],"wp:attachment":[{"href":"https:\/\/www.welovecycling.com\/pl\/wp-json\/wp\/v2\/media?parent=6762"}],"wp:term":[{"taxonomy":"category","embeddable":true,"href":"https:\/\/www.welovecycling.com\/pl\/wp-json\/wp\/v2\/categories?post=6762"},{"taxonomy":"post_tag","embeddable":true,"href":"https:\/\/www.welovecycling.com\/pl\/wp-json\/wp\/v2\/tags?post=6762"},{"taxonomy":"global-categories","embeddable":true,"href":"https:\/\/www.welovecycling.com\/pl\/wp-json\/wp\/v2\/global-categories?post=6762"}],"curies":[{"name":"wp","href":"https:\/\/api.w.org\/{rel}","templated":true}]}}