{"id":6752,"date":"2018-03-23T09:36:13","date_gmt":"2018-03-23T09:36:13","guid":{"rendered":"https:\/\/www.welovecycling.com\/pl\/?p=6752"},"modified":"2018-04-03T07:52:54","modified_gmt":"2018-04-03T07:52:54","slug":"donald-trump-planowal-zrewolucjonizowac-kolarstwo","status":"publish","type":"post","link":"https:\/\/www.welovecycling.com\/pl\/2018\/03\/23\/donald-trump-planowal-zrewolucjonizowac-kolarstwo\/","title":{"rendered":"Donald Trump planowa\u0142 zrewolucjonizowa\u0107 kolarstwo"},"content":{"rendered":"<p><strong>Gdy Donald Trump us\u0142ysza\u0142 o magii Tour de France, d\u0142ugo si\u0119 nie zastanawia\u0142. Wy\u0142o\u017cy\u0142 pieni\u0105dze, zaprosi\u0142 powa\u017cnych zawodnik\u00f3w i oczami wyobra\u017ani widzia\u0142, jak powstaje wy\u015bcig por\u00f3wnywany z Wielk\u0105 P\u0119tl\u0105. Tak w 1989 r. powsta\u0142 Tour de Trump.<\/strong><\/p>\n<p><!--more--><\/p>\n<p>Ameryka\u0144ski milioner, a dzi\u015b prezydent, ma na koncie wiele szalonych pomys\u0142\u00f3w, ale ten by\u0142 akurat dok\u0142adnie przemy\u015blany \u2013 wzorowa\u0107 si\u0119 na Tour de France, szybko zbudowa\u0107 mocn\u0105 mark\u0119 i sta\u0107 si\u0119 ameryka\u0144skim odpowiednikiem najwi\u0119kszego kolarskiego wy\u015bcigu \u015bwiata. A to wszystko poparte by\u0142o jego zami\u0142owaniem do sportu.<\/p>\n<p><strong>Gdy dziennikarz wraca z Tour de France\u2026<\/strong><\/p>\n<p>Trump zajmowa\u0142 si\u0119 wieloma dyscyplinami. Jako nastolatek trenowa\u0142 baseball i interesowa\u0142y si\u0119 nim najmocniejsze kluby w USA, ale on ju\u017c wtedy bardziej widzia\u0142 si\u0119 w biznesie. P\u00f3\u017aniej za\u0142o\u017cy\u0142 swoj\u0105 dru\u017cyn\u0119 futbolu ameryka\u0144skiego i chcia\u0142 stworzy\u0107 lig\u0119 mocniejsz\u0105 od wielkiej NFL. Jest te\u017c fanem boksu i wrestlingu oraz gry w tenisa (sparowa\u0142 m.in. z Wojciechem Fibakiem). Posiada r\u00f3wnie\u017c pola golfowe, kt\u00f3re co roku przynosz\u0105 mu setki milion\u00f3w dolar\u00f3w.<\/p>\n<p>Dlatego, gdy w 1987 r. Trumpa odwiedzi\u0142 dziennikarz John Tesh, kt\u00f3ry dopiero co wr\u00f3ci\u0142 z Tour de France, w g\u0142owie przysz\u0142ego prezydenta USA b\u0142yskawicznie zakie\u0142kowa\u0142 pewien pomys\u0142. Tesh opowiada\u0142 milionerowi o atmosferze Wielkiej P\u0119tli, kibicach, wielkiej rywalizacji i ogromnym zainteresowaniu. W ko\u0144cu pad\u0142a idea \u2013 zr\u00f3bmy w Stanach Zjednoczonych wy\u015bcig na wz\u00f3r Tour de France. Trumpa do tej wizji d\u0142ugo nie trzeba by\u0142o przekonywa\u0107.<\/p>\n<p>Jego partnerem w organizacji zosta\u0142 komentator koszyk\u00f3wki i biznesmen Billy Packer, kt\u00f3ry wst\u0119pnie chcia\u0142 nazwa\u0107 wy\u015bcig Tour de Jersey. Gdy jednak Trump po\u0142o\u017cy\u0142 na stole znaczn\u0105 sum\u0119 pieni\u0119dzy, sam Packer zaproponowa\u0142, by wy\u015bcig nazwa\u0107 Tour de Trump.<\/p>\n<p>\u2013 Gdy to us\u0142ysza\u0142em, to praktycznie spad\u0142em z krzes\u0142a. Spyta\u0142em: \u201e\u017bartujesz? Media mnie zjedz\u0105, je\u015bli tak nazwiemy wy\u015bcig. Ty absolutnie musisz \u017cartowa\u0107\u201d \u2013 wspomina\u0142 Trump, ale szybko da\u0142 si\u0119 Packerowi przekona\u0107.<\/p>\n<p><strong>Trump daje gwarancj\u0119<\/strong><\/p>\n<p>Wy\u015bcig wystartowa\u0142 w maju 1989 r. Zawodnicy do przejechania mieli 1347 km w 10 etapach po 5 stanach USA. Pula nagr\u00f3d wynosi\u0142a 250 tys. dolar\u00f3w, z czego zwyci\u0119zca klasyfikacji generalnej mia\u0142 otrzyma\u0107 50 tys. dolar\u00f3w. Wystartowa\u0142o 114 zawodnik\u00f3w, z 8 zawodowych i 11 amatorskich zespo\u0142\u00f3w. Niekt\u00f3rzy podobno nawet woleli pojecha\u0107 w Tour de Trump ni\u017c w Vuelta a Espana, co w pogoni za wielko\u015bci\u0105 Tour de France by\u0142o dla organizator\u00f3w obiecuj\u0105c\u0105 informacj\u0105.<\/p>\n<p>&#8211; Jednym z g\u0142\u00f3wnych powod\u00f3w, dla kt\u00f3rych zdecydowali\u015bmy si\u0119 pojecha\u0107 w Tour de Trump, by\u0142 w\u0142a\u015bnie jego sponsor. Z takim cz\u0142owiekiem mamy gwarancj\u0119, \u017ce wszystko odb\u0119dzie si\u0119 jak nale\u017cy \u2013 m\u00f3wi\u0142 Jan Gisbers, mened\u017cer zespo\u0142u PDM gazecie Sports Illustrated.<\/p>\n<p>Kolejn\u0105 \u015bwietn\u0105 informacj\u0105 by\u0142a rosn\u0105ca koniunktura na kolarstwo w USA, bo w\u0142a\u015bnie w tym okresie na trasach rz\u0105dzi\u0142 Greg LeMond. To on, ku uciesze milionera, jako pierwszy Amerykanin wygra\u0142 Tour de France i to trzykrotnie (1986, 1989, 1990 r.), wi\u0119c w pierwszej edycji Tour de Trump oczywi\u015bcie nie mog\u0142o go zabrakn\u0105\u0107, cho\u0107 chwil\u0119 wcze\u015bniej zmaga\u0142 si\u0119 z powa\u017cn\u0105 kontuzj\u0105.<\/p>\n<p>Podczas inauguracyjnego wy\u015bcigu nie zabrak\u0142o kontrowersji. Wzd\u0142u\u017c trasy ustawiali si\u0119 przeciwnicy Trumpa i jasno dawali do zrozumienia, co my\u015bl\u0105 o nim i jego polityce bogacenia si\u0119. Najgorsze wydarzy\u0142o si\u0119 jednak na koniec \u2013 \u015bwietny kolarz Eric Vanderaerden oskar\u017cy\u0142 organizator\u00f3w, \u017ce to przez nich nie triumfowa\u0142 w wy\u015bcigu. Pow\u00f3d? Belg wygra\u0142 cztery etapy i zmierza\u0142 po zwyci\u0119stwo w ca\u0142ym Tour de Trump, ale zosta\u0142 \u017ale poprowadzony przez motocyklist\u0119 wyznaczaj\u0105cego tras\u0119, przez co musia\u0142 nad\u0142o\u017cy\u0107 drogi i w efekcie przegra\u0142 ca\u0142y wy\u015bcig z Norwegiem Dagiem Otto Lauritzenem.<\/p>\n<p>Mimo to, Tour de Trump zosta\u0142 oceniony wysoko, co tylko rozbudzi\u0142o nadzieje biznesmena na skopiowanie Tour de France.<\/p>\n<p><strong>Dwa lata i do\u015b\u0107<\/strong><\/p>\n<p>Rok p\u00f3\u017aniej wy\u015bcig wygra\u0142 Meksykanin Raul Alcala i\u2026 na tym historia Tour de Trump oraz marze\u0144 milionera w dor\u00f3wnaniu Tour de France si\u0119 sko\u0144czy\u0142a. Obecny prezydent Stan\u00f3w Zjednoczonych postanowi\u0142 bowiem wycofa\u0107 si\u0119 z kolarstwa, bo musia\u0142 stawi\u0107 czo\u0142a problemom finansowym.<\/p>\n<p>Jego miejsce zaj\u0119\u0142a firma DuPont, wi\u0119c w 1991 r. wy\u015bcig wystartowa\u0142 ju\u017c jako Tour DuPont i tak zosta\u0142o do 1996 r., gdy ostatecznie znikn\u0105\u0142 z kalendarza kolarskich imprez.<\/p>\n<p>&#8211; Tour de Trump i Tour DuPont to by\u0142o co\u015b wspania\u0142ego dla ameryka\u0144skiego kolarstwa. Te wy\u015bcigi zako\u0144czy\u0142y si\u0119 sukcesem i podnios\u0142y presti\u017c dyscypliny w Stanach Zjednoczonych \u2013 oceni\u0142 po latach Derek Bouchard-Hall, prezydent ameryka\u0144skiego zwi\u0105zku kolarskiego, kt\u00f3ry w 1995 r. startowa\u0142 w tym wy\u015bcigu.<\/p>\n","protected":false},"excerpt":{"rendered":"<p>Gdy Donald Trump us\u0142ysza\u0142 o magii Tour de France, d\u0142ugo si\u0119 nie zastanawia\u0142. Wy\u0142o\u017cy\u0142 pieni\u0105dze, zaprosi\u0142 powa\u017cnych zawodnik\u00f3w i oczami [&hellip;]<\/p>\n","protected":false},"author":76,"featured_media":6753,"comment_status":"open","ping_status":"open","sticky":false,"template":"","format":"standard","meta":{"footnotes":""},"categories":[226],"tags":[86,41,77,82],"global-categories":[],"class_list":["post-6752","post","type-post","status-publish","format-standard","has-post-thumbnail","hentry","category-ciekawostki","tag-ciekawostki","tag-cycling","tag-tour-de-france","tag-welovecycling"],"yoast_head":"<!-- This site is optimized with the Yoast SEO Premium plugin v25.3 (Yoast SEO v25.9) - https:\/\/yoast.com\/wordpress\/plugins\/seo\/ -->\n<title>Donald Trump planowa\u0142 zrewolucjonizowa\u0107 kolarstwo - \u0160koda We Love Cycling - Poland<\/title>\n<meta name=\"robots\" content=\"index, follow, max-snippet:-1, max-image-preview:large, max-video-preview:-1\" \/>\n<link rel=\"canonical\" href=\"https:\/\/www.welovecycling.com\/pl\/2018\/03\/23\/donald-trump-planowal-zrewolucjonizowac-kolarstwo\/\" \/>\n<meta property=\"og:locale\" content=\"pl_PL\" \/>\n<meta property=\"og:type\" content=\"article\" \/>\n<meta property=\"og:title\" content=\"Donald Trump planowa\u0142 zrewolucjonizowa\u0107 kolarstwo\" \/>\n<meta property=\"og:description\" content=\"Gdy Donald Trump us\u0142ysza\u0142 o magii Tour de France, d\u0142ugo si\u0119 nie zastanawia\u0142. Wy\u0142o\u017cy\u0142 pieni\u0105dze, zaprosi\u0142 powa\u017cnych zawodnik\u00f3w i oczami [&hellip;]\" \/>\n<meta property=\"og:url\" content=\"https:\/\/www.welovecycling.com\/pl\/2018\/03\/23\/donald-trump-planowal-zrewolucjonizowac-kolarstwo\/\" \/>\n<meta property=\"og:site_name\" content=\"\u0160koda We Love Cycling - Poland\" \/>\n<meta property=\"article:published_time\" content=\"2018-03-23T09:36:13+00:00\" \/>\n<meta property=\"article:modified_time\" content=\"2018-04-03T07:52:54+00:00\" \/>\n<meta property=\"og:image\" content=\"https:\/\/d2p6e6u75xmxt8.cloudfront.net\/5\/2018\/03\/shutterstock_1052265146.jpg\" \/>\n\t<meta property=\"og:image:width\" content=\"1000\" \/>\n\t<meta property=\"og:image:height\" content=\"772\" \/>\n\t<meta property=\"og:image:type\" content=\"image\/jpeg\" \/>\n<meta name=\"author\" content=\"piotrboczkowski\" \/>\n<meta name=\"twitter:card\" content=\"summary_large_image\" \/>\n<meta name=\"twitter:label1\" content=\"Written by\" \/>\n\t<meta name=\"twitter:data1\" content=\"WeLoveCycling\" \/>\n\t<meta name=\"twitter:label2\" content=\"Est. reading time\" \/>\n\t<meta name=\"twitter:data2\" content=\"4 minutes\" \/>\n<script type=\"application\/ld+json\" class=\"yoast-schema-graph\">{\"@context\":\"https:\/\/schema.org\",\"@graph\":[{\"@type\":\"WebPage\",\"@id\":\"https:\/\/www.welovecycling.com\/pl\/2018\/03\/23\/donald-trump-planowal-zrewolucjonizowac-kolarstwo\/\",\"url\":\"https:\/\/www.welovecycling.com\/pl\/2018\/03\/23\/donald-trump-planowal-zrewolucjonizowac-kolarstwo\/\",\"name\":\"Donald Trump planowa\u0142 zrewolucjonizowa\u0107 kolarstwo - \u0160koda We Love Cycling - Poland\",\"isPartOf\":{\"@id\":\"https:\/\/www.welovecycling.com\/pl\/#website\"},\"primaryImageOfPage\":{\"@id\":\"https:\/\/www.welovecycling.com\/pl\/2018\/03\/23\/donald-trump-planowal-zrewolucjonizowac-kolarstwo\/#primaryimage\"},\"image\":{\"@id\":\"https:\/\/www.welovecycling.com\/pl\/2018\/03\/23\/donald-trump-planowal-zrewolucjonizowac-kolarstwo\/#primaryimage\"},\"thumbnailUrl\":\"https:\/\/d2p6e6u75xmxt8.cloudfront.net\/5\/2018\/03\/shutterstock_1052265146.jpg\",\"datePublished\":\"2018-03-23T09:36:13+00:00\",\"dateModified\":\"2018-04-03T07:52:54+00:00\",\"author\":{\"@id\":\"https:\/\/www.welovecycling.com\/pl\/#\/schema\/person\/0dba2d39da943db9df3fd8f4687e7f23\"},\"breadcrumb\":{\"@id\":\"https:\/\/www.welovecycling.com\/pl\/2018\/03\/23\/donald-trump-planowal-zrewolucjonizowac-kolarstwo\/#breadcrumb\"},\"inLanguage\":\"pl-PL\",\"potentialAction\":[{\"@type\":\"ReadAction\",\"target\":[\"https:\/\/www.welovecycling.com\/pl\/2018\/03\/23\/donald-trump-planowal-zrewolucjonizowac-kolarstwo\/\"]}]},{\"@type\":\"ImageObject\",\"inLanguage\":\"pl-PL\",\"@id\":\"https:\/\/www.welovecycling.com\/pl\/2018\/03\/23\/donald-trump-planowal-zrewolucjonizowac-kolarstwo\/#primaryimage\",\"url\":\"https:\/\/d2p6e6u75xmxt8.cloudfront.net\/5\/2018\/03\/shutterstock_1052265146.jpg\",\"contentUrl\":\"https:\/\/d2p6e6u75xmxt8.cloudfront.net\/5\/2018\/03\/shutterstock_1052265146.jpg\",\"width\":1000,\"height\":772},{\"@type\":\"BreadcrumbList\",\"@id\":\"https:\/\/www.welovecycling.com\/pl\/2018\/03\/23\/donald-trump-planowal-zrewolucjonizowac-kolarstwo\/#breadcrumb\",\"itemListElement\":[{\"@type\":\"ListItem\",\"position\":1,\"name\":\"Home\",\"item\":\"https:\/\/www.welovecycling.com\/pl\/\"},{\"@type\":\"ListItem\",\"position\":2,\"name\":\"Donald Trump planowa\u0142 zrewolucjonizowa\u0107 kolarstwo\"}]},{\"@type\":\"WebSite\",\"@id\":\"https:\/\/www.welovecycling.com\/pl\/#website\",\"url\":\"https:\/\/www.welovecycling.com\/pl\/\",\"name\":\"\u0160koda We Love Cycling - Poland\",\"description\":\"\",\"potentialAction\":[{\"@type\":\"SearchAction\",\"target\":{\"@type\":\"EntryPoint\",\"urlTemplate\":\"https:\/\/www.welovecycling.com\/pl\/?s={search_term_string}\"},\"query-input\":{\"@type\":\"PropertyValueSpecification\",\"valueRequired\":true,\"valueName\":\"search_term_string\"}}],\"inLanguage\":\"pl-PL\"},{\"@type\":\"Person\",\"@id\":\"https:\/\/www.welovecycling.com\/pl\/#\/schema\/person\/0dba2d39da943db9df3fd8f4687e7f23\",\"name\":\"piotrboczkowski\",\"image\":{\"@type\":\"ImageObject\",\"inLanguage\":\"pl-PL\",\"@id\":\"https:\/\/www.welovecycling.com\/pl\/#\/schema\/person\/image\/\",\"url\":\"https:\/\/secure.gravatar.com\/avatar\/533caccae14752e03a2ce2d3fd62d1b98b93e1393c3195c27819e53344ca1ace?s=96&d=mm&r=g\",\"contentUrl\":\"https:\/\/secure.gravatar.com\/avatar\/533caccae14752e03a2ce2d3fd62d1b98b93e1393c3195c27819e53344ca1ace?s=96&d=mm&r=g\",\"caption\":\"piotrboczkowski\"},\"url\":\"https:\/\/www.welovecycling.com\/pl\/author\/piotrboczkowski\/\"}]}<\/script>\n<!-- \/ Yoast SEO Premium plugin. -->","yoast_head_json":{"title":"Donald Trump planowa\u0142 zrewolucjonizowa\u0107 kolarstwo - \u0160koda We Love Cycling - Poland","robots":{"index":"index","follow":"follow","max-snippet":"max-snippet:-1","max-image-preview":"max-image-preview:large","max-video-preview":"max-video-preview:-1"},"canonical":"https:\/\/www.welovecycling.com\/pl\/2018\/03\/23\/donald-trump-planowal-zrewolucjonizowac-kolarstwo\/","og_locale":"pl_PL","og_type":"article","og_title":"Donald Trump planowa\u0142 zrewolucjonizowa\u0107 kolarstwo","og_description":"Gdy Donald Trump us\u0142ysza\u0142 o magii Tour de France, d\u0142ugo si\u0119 nie zastanawia\u0142. Wy\u0142o\u017cy\u0142 pieni\u0105dze, zaprosi\u0142 powa\u017cnych zawodnik\u00f3w i oczami [&hellip;]","og_url":"https:\/\/www.welovecycling.com\/pl\/2018\/03\/23\/donald-trump-planowal-zrewolucjonizowac-kolarstwo\/","og_site_name":"\u0160koda We Love Cycling - Poland","article_published_time":"2018-03-23T09:36:13+00:00","article_modified_time":"2018-04-03T07:52:54+00:00","og_image":[{"width":1000,"height":772,"url":"https:\/\/d2p6e6u75xmxt8.cloudfront.net\/5\/2018\/03\/shutterstock_1052265146.jpg","type":"image\/jpeg"}],"author":"piotrboczkowski","twitter_card":"summary_large_image","twitter_misc":{"Written by":"WeLoveCycling","Est. reading time":"4 minutes"},"schema":{"@context":"https:\/\/schema.org","@graph":[{"@type":"WebPage","@id":"https:\/\/www.welovecycling.com\/pl\/2018\/03\/23\/donald-trump-planowal-zrewolucjonizowac-kolarstwo\/","url":"https:\/\/www.welovecycling.com\/pl\/2018\/03\/23\/donald-trump-planowal-zrewolucjonizowac-kolarstwo\/","name":"Donald Trump planowa\u0142 zrewolucjonizowa\u0107 kolarstwo - \u0160koda We Love Cycling - Poland","isPartOf":{"@id":"https:\/\/www.welovecycling.com\/pl\/#website"},"primaryImageOfPage":{"@id":"https:\/\/www.welovecycling.com\/pl\/2018\/03\/23\/donald-trump-planowal-zrewolucjonizowac-kolarstwo\/#primaryimage"},"image":{"@id":"https:\/\/www.welovecycling.com\/pl\/2018\/03\/23\/donald-trump-planowal-zrewolucjonizowac-kolarstwo\/#primaryimage"},"thumbnailUrl":"https:\/\/d2p6e6u75xmxt8.cloudfront.net\/5\/2018\/03\/shutterstock_1052265146.jpg","datePublished":"2018-03-23T09:36:13+00:00","dateModified":"2018-04-03T07:52:54+00:00","author":{"@id":"https:\/\/www.welovecycling.com\/pl\/#\/schema\/person\/0dba2d39da943db9df3fd8f4687e7f23"},"breadcrumb":{"@id":"https:\/\/www.welovecycling.com\/pl\/2018\/03\/23\/donald-trump-planowal-zrewolucjonizowac-kolarstwo\/#breadcrumb"},"inLanguage":"pl-PL","potentialAction":[{"@type":"ReadAction","target":["https:\/\/www.welovecycling.com\/pl\/2018\/03\/23\/donald-trump-planowal-zrewolucjonizowac-kolarstwo\/"]}]},{"@type":"ImageObject","inLanguage":"pl-PL","@id":"https:\/\/www.welovecycling.com\/pl\/2018\/03\/23\/donald-trump-planowal-zrewolucjonizowac-kolarstwo\/#primaryimage","url":"https:\/\/d2p6e6u75xmxt8.cloudfront.net\/5\/2018\/03\/shutterstock_1052265146.jpg","contentUrl":"https:\/\/d2p6e6u75xmxt8.cloudfront.net\/5\/2018\/03\/shutterstock_1052265146.jpg","width":1000,"height":772},{"@type":"BreadcrumbList","@id":"https:\/\/www.welovecycling.com\/pl\/2018\/03\/23\/donald-trump-planowal-zrewolucjonizowac-kolarstwo\/#breadcrumb","itemListElement":[{"@type":"ListItem","position":1,"name":"Home","item":"https:\/\/www.welovecycling.com\/pl\/"},{"@type":"ListItem","position":2,"name":"Donald Trump planowa\u0142 zrewolucjonizowa\u0107 kolarstwo"}]},{"@type":"WebSite","@id":"https:\/\/www.welovecycling.com\/pl\/#website","url":"https:\/\/www.welovecycling.com\/pl\/","name":"\u0160koda We Love Cycling - Poland","description":"","potentialAction":[{"@type":"SearchAction","target":{"@type":"EntryPoint","urlTemplate":"https:\/\/www.welovecycling.com\/pl\/?s={search_term_string}"},"query-input":{"@type":"PropertyValueSpecification","valueRequired":true,"valueName":"search_term_string"}}],"inLanguage":"pl-PL"},{"@type":"Person","@id":"https:\/\/www.welovecycling.com\/pl\/#\/schema\/person\/0dba2d39da943db9df3fd8f4687e7f23","name":"piotrboczkowski","image":{"@type":"ImageObject","inLanguage":"pl-PL","@id":"https:\/\/www.welovecycling.com\/pl\/#\/schema\/person\/image\/","url":"https:\/\/secure.gravatar.com\/avatar\/533caccae14752e03a2ce2d3fd62d1b98b93e1393c3195c27819e53344ca1ace?s=96&d=mm&r=g","contentUrl":"https:\/\/secure.gravatar.com\/avatar\/533caccae14752e03a2ce2d3fd62d1b98b93e1393c3195c27819e53344ca1ace?s=96&d=mm&r=g","caption":"piotrboczkowski"},"url":"https:\/\/www.welovecycling.com\/pl\/author\/piotrboczkowski\/"}]}},"_links":{"self":[{"href":"https:\/\/www.welovecycling.com\/pl\/wp-json\/wp\/v2\/posts\/6752","targetHints":{"allow":["GET"]}}],"collection":[{"href":"https:\/\/www.welovecycling.com\/pl\/wp-json\/wp\/v2\/posts"}],"about":[{"href":"https:\/\/www.welovecycling.com\/pl\/wp-json\/wp\/v2\/types\/post"}],"author":[{"embeddable":true,"href":"https:\/\/www.welovecycling.com\/pl\/wp-json\/wp\/v2\/users\/76"}],"replies":[{"embeddable":true,"href":"https:\/\/www.welovecycling.com\/pl\/wp-json\/wp\/v2\/comments?post=6752"}],"version-history":[{"count":2,"href":"https:\/\/www.welovecycling.com\/pl\/wp-json\/wp\/v2\/posts\/6752\/revisions"}],"predecessor-version":[{"id":6780,"href":"https:\/\/www.welovecycling.com\/pl\/wp-json\/wp\/v2\/posts\/6752\/revisions\/6780"}],"wp:featuredmedia":[{"embeddable":true,"href":"https:\/\/www.welovecycling.com\/pl\/wp-json\/wp\/v2\/media\/6753"}],"wp:attachment":[{"href":"https:\/\/www.welovecycling.com\/pl\/wp-json\/wp\/v2\/media?parent=6752"}],"wp:term":[{"taxonomy":"category","embeddable":true,"href":"https:\/\/www.welovecycling.com\/pl\/wp-json\/wp\/v2\/categories?post=6752"},{"taxonomy":"post_tag","embeddable":true,"href":"https:\/\/www.welovecycling.com\/pl\/wp-json\/wp\/v2\/tags?post=6752"},{"taxonomy":"global-categories","embeddable":true,"href":"https:\/\/www.welovecycling.com\/pl\/wp-json\/wp\/v2\/global-categories?post=6752"}],"curies":[{"name":"wp","href":"https:\/\/api.w.org\/{rel}","templated":true}]}}