{"id":6738,"date":"2018-03-21T08:50:23","date_gmt":"2018-03-21T08:50:23","guid":{"rendered":"https:\/\/www.welovecycling.com\/pl\/?p=6738"},"modified":"2018-04-03T08:00:03","modified_gmt":"2018-04-03T08:00:03","slug":"szukac-slonca-formy-wczesna-wiosna","status":"publish","type":"post","link":"https:\/\/www.welovecycling.com\/pl\/2018\/03\/21\/szukac-slonca-formy-wczesna-wiosna\/","title":{"rendered":"Bartosz Huzarski: Gdzie szuka\u0107 s\u0142o\u0144ca i formy wczesn\u0105 wiosn\u0105"},"content":{"rendered":"<p><strong>W \u017cyciu ka\u017cdego szanuj\u0105cego si\u0119 amatora przychodzi taki moment, gdy trzeba spakowa\u0107 rower i zabra\u0107 go w bardziej przyjemny klimat. Jedno z klasycznych kolarskich powiedze\u0144 m\u00f3wi, \u017ce \u201ekonkurencja nie \u015bpi\u201d, wi\u0119c ju\u017c podczas wczesnowiosennych start\u00f3w sporo os\u00f3b chce b\u0142yszcze\u0107 form\u0105 i kolarsk\u0105 opalenizn\u0105. Owszem, do\u015b\u0107 du\u017co da si\u0119 zrobi\u0107 w naszym klimacie i temat wiosennych zgrupowa\u0144 w ciep\u0142ych krajach mo\u017ce dotyczy\u0107 g\u0142\u00f3wnie co bardziej ambitniejszych os\u00f3b. Ale ju\u017c jakiekolwiek d\u0142ugoterminowe planowanie w naszym klimacie w gr\u0119 niestety nie wchodzi. Ci kt\u00f3rzy pozostaj\u0105 w domu musz\u0105 bardziej kierowa\u0107 si\u0119 ide\u0105 carpe diem i gdy pogoda \u0142askawa, kr\u0119ci\u0107 ile si\u0119 da, by nie sp\u0119dza\u0107 wieczor\u00f3w przykutym do trena\u017cera.<\/strong><\/p>\n<p><!--more--><\/p>\n<p>Przez lata jako zawodowy kolarz odwiedzi\u0142em mn\u00f3stwo \u015bwietnych lokalizacji, mniej lub bardziej przyjaznych kolarzom. Odwiedzi\u0142em prawie wszystkie kontynenty, gdzie da si\u0119 zorganizowa\u0107 wy\u015bcig szosowy. Dzisiaj nie zapuszcza\u0142bym si\u0119 jednak tak daleko i cho\u0107 wyjazdy w miejsca takie jak Republika Po\u0142udniowej Afryki kusz\u0105, to sporo ciekawych miejsc\u00f3wek mamy tu u nas w Europie.<\/p>\n<p>Najbardziej popularne kierunki rowerowych wakacji i zgrupowa\u0144 to oczywi\u015bcie Hiszpania. Tutaj mamy do wyboru kilka lokalizacji, od bardziej do mniej popularnych. Ryzyko za\u0142amania pogody, i naszych plan\u00f3w treningowych, jak r\u00f3wnie\u017c psychiki, s\u0105 teoretycznie najmniejsze, cho\u0107 i tam na prze\u0142omie stycznia i lutego potrafi by\u0107 bardzo zimno. Bywa \u017ce na pocz\u0105tku lutego na Majorce potrafi spa\u015b\u0107 \u015bnieg.<\/p>\n<p>Kilka razy by\u0142em na tej najwi\u0119kszej wyspie archipelagu Balear\u00f3w i statystycznie najgorsza pogoda towarzyszy tamtejszemu otwarciu sezonu, czyli serii wy\u015bcig\u00f3w Mallorka Challenge. Ale skoro w 2016 r. podczas zgrupowania na bardzo wymagaj\u0105cej, doskonale po\u0142o\u017conej i pod rower wr\u0119cz idealnej, Gran Canarii potrafi\u0142 spa\u015b\u0107 \u015bnieg \u2026. pokazuje to tylko, \u017ce nie ma regu\u0142y.<\/p>\n<p>Gran Canaria prowadzi jednak w moim rankingu kierunk\u00f3w w poszukiwaniu formy. Jest wymagaj\u0105ca, wi\u0119c totalny amator nie wiele zaczerpnie z mo\u017cliwo\u015bci jakie daje, ale z drugiej strony trzeba celowa\u0107 w ksi\u0119\u017cyc, a nawet jak nie trafisz i tak b\u0119dziesz mi\u0119dzy gwiazdami, a tych szczeg\u00f3lnie kolarskich na GC nie brakuje. Wyspa wulkaniczna, kt\u00f3rej szczyt Pico Les Niewes zlokalizowany jest na wysoko\u015bci 1949 m.n.p.m oferuje multum podjazd\u00f3w, od takich 10 minutowych po ponad dwugodzinne !!! gdy od poziomu zero (poziom Oceanu Atlantyckiego) musimy jecha\u0107 na sam szczyt.<\/p>\n<p>Oczywi\u015bcie pocz\u0105tkuj\u0105ca osoba b\u0119dzie si\u0119 m\u0119czy\u0107, gdy\u017c na wyspie mocno wieje i trzeba mie\u0107 do\u015bwiadczenie w je\u017adzie podczas takich warunk\u00f3w oraz wiedz\u0119, gdzie pojecha\u0107 i kt\u00f3r\u0119dy wraca\u0107 do hotelu, \u017ceby by\u0142o to przyjemne. Bardziej wprawieni zawodnicy znajd\u0105 idealny teren do treningu, gdy\u017c za wspomnianymi wcze\u015bniej podjazdami czekaj\u0105 \u015bwietne, kr\u0119te i bardzo urozmaicone zjazdy potrafi\u0105ce da\u0107 wiele frajdy, a ka\u017cdy wie, \u017ce technika zjazdu i pokonywania zakr\u0119t\u00f3w s\u0105 w kolarskim rzemio\u015ble kluczowe, o czym m\u00f3wi\u0142em Wam w filmie:<\/p>\n<div class=\"embed-controller-wrapper\">\n<blockquote class=\"wp-embedded-content\" data-secret=\"RtP5vtfuE8\"><p><a href=\"https:\/\/www.welovecycling.com\/pl\/2017\/11\/28\/bartosz-huzarski-technika-zjazdu\/\">Bartosz Huzarski: technika zjazdu<\/a><\/p><\/blockquote>\n<p><iframe class=\"wp-embedded-content\" sandbox=\"allow-scripts\" security=\"restricted\" style=\"position: absolute; clip: rect(1px, 1px, 1px, 1px);\" title=\"&#8222;Bartosz Huzarski: technika zjazdu&#8221; &#8212; We Love Cycling - Poland\" data-src=\"https:\/\/www.welovecycling.com\/pl\/2017\/11\/28\/bartosz-huzarski-technika-zjazdu\/embed\/#?secret=zxDhAonduY#?secret=RtP5vtfuE8\" data-secret=\"RtP5vtfuE8\" width=\"500\" height=\"282\" frameborder=\"0\" marginwidth=\"0\" marginheight=\"0\" scrolling=\"no\"><\/iframe><\/div>\n<p>Z innych hiszpa\u0144skich kierunk\u00f3w popularne miejsce to Calpe. Po\u0142o\u017cone na wybrze\u017cu Costa Blanca miasto z popularn\u0105 ska\u0142\u0105 Pe\u00f1\u00f3n de Ifach zwan\u0105 ma\u0142ym Giblartarem, przyci\u0105ga nie tylko amator\u00f3w kolarskich zmaga\u0144, ale r\u00f3wnie\u017c wiele ekip zawodowych. Taki uk\u0142ad i r\u00f3\u017cnorodno\u015b\u0107 kolarskiego \u015brodowiska ma swoje plusy i minusy. Dla amator\u00f3w to istna gratka, odwiedza\u0107 parkingi kolarskich ekip, podgl\u0105da\u0107 w pracy mechanik\u00f3w, \u0142owi\u0107 autografy swoich idoli czy przyr\u00f3wnywa\u0107 swoje czasy przejazd\u00f3w na popularnej Stravie z najlepszymi kolarzami \u015bwiata.<\/p>\n<p>Niestety tak oblegane kolarsko miejsca maj\u0105 i swoje minusy: robi si\u0119 niebezpiecznie, kierowcy s\u0105 coraz bardziej sfrustrowani tak du\u017cym ruchem rowerowym na lokalnych drogach i niestety coraz cz\u0119\u015bciej docieraj\u0105 do nas niepokoj\u0105ce informacje o wypadkach czy potr\u0105ceniach. Udaj\u0105c si\u0119 jednak ciut wy\u017cej, w okolice Barcelony znajdziemy bardzo popularny w sezonie letnim, szczeg\u00f3lnie w\u015br\u00f3d m\u0142odzie\u017cy, kurort Lloret de Mar, po\u0142o\u017cony na Katalo\u0144skim wybrze\u017cu Costa Brava, kt\u00f3ry zim\u0105 oferuje przyst\u0119pne ceny, ca\u0142kiem dobre drogi i \u0142atwo\u015b\u0107 po\u0142\u0105czenia z lotniskami w Polsce. Chc\u0105c si\u0119 uda\u0107 tam samochodem robimy o 560 km mniej w por\u00f3wnaniu z wymienianym wcze\u015bniej Calpe, cho\u0107 i tak z Wroc\u0142awia mamy bagatela 1940 km.<\/p>\n<p><a href=\"https:\/\/d2p6e6u75xmxt8.cloudfront.net\/5\/2018\/03\/48.JPG.jpg\"><img loading=\"lazy\" decoding=\"async\" class=\"alignnone size-extra-large wp-image-6743\" src=\"https:\/\/d2p6e6u75xmxt8.cloudfront.net\/5\/2018\/03\/48.JPG-1920x1280.jpg\" alt=\"\" width=\"1920\" height=\"1280\" srcset=\"https:\/\/d2p6e6u75xmxt8.cloudfront.net\/5\/2018\/03\/48.JPG-1920x1280.jpg 1920w, https:\/\/d2p6e6u75xmxt8.cloudfront.net\/5\/2018\/03\/48.JPG-300x200.jpg 300w, https:\/\/d2p6e6u75xmxt8.cloudfront.net\/5\/2018\/03\/48.JPG-768x512.jpg 768w, https:\/\/d2p6e6u75xmxt8.cloudfront.net\/5\/2018\/03\/48.JPG-1024x683.jpg 1024w, https:\/\/d2p6e6u75xmxt8.cloudfront.net\/5\/2018\/03\/48.JPG-272x182.jpg 272w, https:\/\/d2p6e6u75xmxt8.cloudfront.net\/5\/2018\/03\/48.JPG-1920x1280.jpg 1920w\" sizes=\"auto, (max-width: 1920px) 100vw, 1920px\" \/><\/a><\/p>\n<p>Du\u017co \u0142atwiej, bo bli\u017cej mamy za\u015b Chorwacj\u0119. Dla os\u00f3b, kt\u00f3re z wiosennym zgrupowaniem czekaj\u0105 do ostatniej chwili, czyli szukaj\u0105 czego\u015b na ostatnie dni marca, oferta przygotowana przez Chorwat\u00f3w wydaje si\u0119 warta przemy\u015blenia. Do najbardziej popularnych w\u015br\u00f3d rodak\u00f3w chorwackich kierunk\u00f3w nale\u017cy pas pomi\u0119dzy Zadarem a Splitem, gdzie w ostatnich tygodniach marca spotka\u0107 mo\u017cemy ca\u0142e grupy szykuj\u0105cych si\u0119 do sezonu polskich klub\u00f3w kolarskich oraz grup amatorskich. Odleg\u0142o\u015b\u0107 oko\u0142o 12 \u2013 13 godzin jazdy samochodem, ca\u0142kiem przyzwoite po\u0142\u0105czenia autostradowe, temperatury oscyluj\u0105ce w okolicach 15-25\u00b0C, bardzo dobrej jako\u015bci asfalty oraz pi\u0119kne podjazdy i tereny Narodowego Parku Krka.<\/p>\n<p>To tereny kt\u00f3re odkry\u0142em dwa lata temu i r\u00f3wnie\u017c w tym roku wraz z m\u0142odzie\u017c\u0105 z KS Deichmann ABUS MAT Sob\u00f3tka, czyli moj\u0105 akademi\u0105 kolarsk\u0105, oraz podopiecznymi z projektu dla doros\u0142ych Huzar Bike Academy sp\u0119dzili\u015bmy w Chorwacji dwa tygodnie. Pogoda dawa\u0142a mo\u017cliwo\u015b\u0107 solidnego potrenowania bardziej ambitnym oraz wej\u015bcia na odpowiednie obroty osobom, kt\u00f3re lekko przespa\u0142y zim\u0119. Ciekawe nabrze\u017ce, tysi\u0105ce wysp, oraz to co najwa\u017cniejsze, ca\u0142kowity spok\u00f3j i minimalny ruch samochodowy na bocznych drogach, pozwol\u0105 rowerowo spe\u0142ni\u0107 si\u0119 ka\u017cdemu.<\/p>\n<p>W obwodzie mamy jeszcze s\u0142oneczn\u0105 Itali\u0119, cho\u0107 tutaj o tej porze roku w gr\u0119 wchodzi zdecydowanie dolna cz\u0119\u015b\u0107 Italii, czyli s\u0142ynna Sycylia, miejsce narodzin i stawiania pierwszych kolarskich krok\u00f3w przez asa w\u0142oskiego peletonu Vincenzo Nibalego. Jednak nie do ko\u0144ca jestem w stanie poleci\u0107 t\u0105 destynacj\u0119, przez s\u0142abe drogi, oraz mentalno\u015b\u0107 kierowc\u00f3w, kt\u00f3rzy je\u017cd\u017c\u0105 bardzo niebezpiecznie.<\/p>\n<p><a href=\"https:\/\/d2p6e6u75xmxt8.cloudfront.net\/5\/2018\/03\/94.JPG.jpg\"><img loading=\"lazy\" decoding=\"async\" class=\"alignnone size-extra-large wp-image-6746\" src=\"https:\/\/d2p6e6u75xmxt8.cloudfront.net\/5\/2018\/03\/94.JPG-1920x1318.jpg\" alt=\"\" width=\"1920\" height=\"1318\" srcset=\"https:\/\/d2p6e6u75xmxt8.cloudfront.net\/5\/2018\/03\/94.JPG-1920x1318.jpg 1920w, https:\/\/d2p6e6u75xmxt8.cloudfront.net\/5\/2018\/03\/94.JPG-300x206.jpg 300w, https:\/\/d2p6e6u75xmxt8.cloudfront.net\/5\/2018\/03\/94.JPG-768x527.jpg 768w, https:\/\/d2p6e6u75xmxt8.cloudfront.net\/5\/2018\/03\/94.JPG-1024x703.jpg 1024w, https:\/\/d2p6e6u75xmxt8.cloudfront.net\/5\/2018\/03\/94.JPG-1920x1318.jpg 1920w\" sizes=\"auto, (max-width: 1920px) 100vw, 1920px\" \/><\/a><\/p>\n<p>Podsumowuj\u0105c, jest kilka ciekawych miejsc w Europie, gdzie mo\u017cna fajnie i przy dobrej pogodzie sp\u0119dzi\u0107 uroczy urlop z rowerem Nawet wiosna ma sw\u00f3j urok i mo\u017cemy korzysta\u0107 z tego co daje. Szukaj\u0105c miejsca na ob\u00f3z kondycyjny czy wakacje rowerowe wa\u017cne jest to z kim jedziemy oraz gdzie jedziemy, wyb\u00f3r miejsca pod k\u0105tem ukszta\u0142towania terenu czy \u0142atwo\u015b\u0107 dotarcia z Polski r\u00f3wnie\u017c ma niebagatelne znaczenie, gdy\u017c nie musimy si\u0119 martwi\u0107 czy nasz rower w jednym kawa\u0142ku doleci z nami i wr\u00f3ci.<\/p>\n","protected":false},"excerpt":{"rendered":"<p>W \u017cyciu ka\u017cdego szanuj\u0105cego si\u0119 amatora przychodzi taki moment, gdy trzeba spakowa\u0107 rower i zabra\u0107 go w bardziej przyjemny klimat. [&hellip;]<\/p>\n","protected":false},"author":76,"featured_media":6739,"comment_status":"open","ping_status":"open","sticky":false,"template":"","format":"standard","meta":{"footnotes":""},"categories":[203],"tags":[108,41,82,123],"global-categories":[],"class_list":["post-6738","post","type-post","status-publish","format-standard","has-post-thumbnail","hentry","category-bartosz-huzarski","tag-bartosz-huzarski","tag-cycling","tag-welovecycling","tag-zdrowie-i-trening"],"yoast_head":"<!-- This site is optimized with the Yoast SEO Premium plugin v25.3 (Yoast SEO v25.9) - https:\/\/yoast.com\/wordpress\/plugins\/seo\/ -->\n<title>Bartosz Huzarski: Gdzie szuka\u0107 s\u0142o\u0144ca i formy wczesn\u0105 wiosn\u0105 - \u0160koda We Love Cycling - Poland<\/title>\n<meta name=\"robots\" content=\"index, follow, max-snippet:-1, max-image-preview:large, max-video-preview:-1\" \/>\n<link rel=\"canonical\" href=\"https:\/\/www.welovecycling.com\/pl\/2018\/03\/21\/szukac-slonca-formy-wczesna-wiosna\/\" \/>\n<meta property=\"og:locale\" content=\"pl_PL\" \/>\n<meta property=\"og:type\" content=\"article\" \/>\n<meta property=\"og:title\" content=\"Bartosz Huzarski: Gdzie szuka\u0107 s\u0142o\u0144ca i formy wczesn\u0105 wiosn\u0105\" \/>\n<meta property=\"og:description\" content=\"W \u017cyciu ka\u017cdego szanuj\u0105cego si\u0119 amatora przychodzi taki moment, gdy trzeba spakowa\u0107 rower i zabra\u0107 go w bardziej przyjemny klimat. [&hellip;]\" \/>\n<meta property=\"og:url\" content=\"https:\/\/www.welovecycling.com\/pl\/2018\/03\/21\/szukac-slonca-formy-wczesna-wiosna\/\" \/>\n<meta property=\"og:site_name\" content=\"\u0160koda We Love Cycling - Poland\" \/>\n<meta property=\"article:published_time\" content=\"2018-03-21T08:50:23+00:00\" \/>\n<meta property=\"article:modified_time\" content=\"2018-04-03T08:00:03+00:00\" \/>\n<meta property=\"og:image\" content=\"https:\/\/d2p6e6u75xmxt8.cloudfront.net\/5\/2018\/03\/14.JPG.jpg\" \/>\n\t<meta property=\"og:image:width\" content=\"1482\" \/>\n\t<meta property=\"og:image:height\" content=\"1050\" \/>\n\t<meta property=\"og:image:type\" content=\"image\/jpeg\" \/>\n<meta name=\"author\" content=\"piotrboczkowski\" \/>\n<meta name=\"twitter:card\" content=\"summary_large_image\" \/>\n<meta name=\"twitter:label1\" content=\"Written by\" \/>\n\t<meta name=\"twitter:data1\" content=\"Bartosz Huzarski\" \/>\n\t<meta name=\"twitter:label2\" content=\"Est. reading time\" \/>\n\t<meta name=\"twitter:data2\" content=\"5 minutes\" \/>\n<script type=\"application\/ld+json\" class=\"yoast-schema-graph\">{\"@context\":\"https:\/\/schema.org\",\"@graph\":[{\"@type\":\"WebPage\",\"@id\":\"https:\/\/www.welovecycling.com\/pl\/2018\/03\/21\/szukac-slonca-formy-wczesna-wiosna\/\",\"url\":\"https:\/\/www.welovecycling.com\/pl\/2018\/03\/21\/szukac-slonca-formy-wczesna-wiosna\/\",\"name\":\"Bartosz Huzarski: Gdzie szuka\u0107 s\u0142o\u0144ca i formy wczesn\u0105 wiosn\u0105 - \u0160koda We Love Cycling - Poland\",\"isPartOf\":{\"@id\":\"https:\/\/www.welovecycling.com\/pl\/#website\"},\"primaryImageOfPage\":{\"@id\":\"https:\/\/www.welovecycling.com\/pl\/2018\/03\/21\/szukac-slonca-formy-wczesna-wiosna\/#primaryimage\"},\"image\":{\"@id\":\"https:\/\/www.welovecycling.com\/pl\/2018\/03\/21\/szukac-slonca-formy-wczesna-wiosna\/#primaryimage\"},\"thumbnailUrl\":\"https:\/\/d2p6e6u75xmxt8.cloudfront.net\/5\/2018\/03\/14.JPG.jpg\",\"datePublished\":\"2018-03-21T08:50:23+00:00\",\"dateModified\":\"2018-04-03T08:00:03+00:00\",\"author\":{\"@id\":\"https:\/\/www.welovecycling.com\/pl\/#\/schema\/person\/0dba2d39da943db9df3fd8f4687e7f23\"},\"breadcrumb\":{\"@id\":\"https:\/\/www.welovecycling.com\/pl\/2018\/03\/21\/szukac-slonca-formy-wczesna-wiosna\/#breadcrumb\"},\"inLanguage\":\"pl-PL\",\"potentialAction\":[{\"@type\":\"ReadAction\",\"target\":[\"https:\/\/www.welovecycling.com\/pl\/2018\/03\/21\/szukac-slonca-formy-wczesna-wiosna\/\"]}]},{\"@type\":\"ImageObject\",\"inLanguage\":\"pl-PL\",\"@id\":\"https:\/\/www.welovecycling.com\/pl\/2018\/03\/21\/szukac-slonca-formy-wczesna-wiosna\/#primaryimage\",\"url\":\"https:\/\/d2p6e6u75xmxt8.cloudfront.net\/5\/2018\/03\/14.JPG.jpg\",\"contentUrl\":\"https:\/\/d2p6e6u75xmxt8.cloudfront.net\/5\/2018\/03\/14.JPG.jpg\",\"width\":1482,\"height\":1050},{\"@type\":\"BreadcrumbList\",\"@id\":\"https:\/\/www.welovecycling.com\/pl\/2018\/03\/21\/szukac-slonca-formy-wczesna-wiosna\/#breadcrumb\",\"itemListElement\":[{\"@type\":\"ListItem\",\"position\":1,\"name\":\"Home\",\"item\":\"https:\/\/www.welovecycling.com\/pl\/\"},{\"@type\":\"ListItem\",\"position\":2,\"name\":\"Bartosz Huzarski: Gdzie szuka\u0107 s\u0142o\u0144ca i formy wczesn\u0105 wiosn\u0105\"}]},{\"@type\":\"WebSite\",\"@id\":\"https:\/\/www.welovecycling.com\/pl\/#website\",\"url\":\"https:\/\/www.welovecycling.com\/pl\/\",\"name\":\"\u0160koda We Love Cycling - Poland\",\"description\":\"\",\"potentialAction\":[{\"@type\":\"SearchAction\",\"target\":{\"@type\":\"EntryPoint\",\"urlTemplate\":\"https:\/\/www.welovecycling.com\/pl\/?s={search_term_string}\"},\"query-input\":{\"@type\":\"PropertyValueSpecification\",\"valueRequired\":true,\"valueName\":\"search_term_string\"}}],\"inLanguage\":\"pl-PL\"},{\"@type\":\"Person\",\"@id\":\"https:\/\/www.welovecycling.com\/pl\/#\/schema\/person\/0dba2d39da943db9df3fd8f4687e7f23\",\"name\":\"piotrboczkowski\",\"image\":{\"@type\":\"ImageObject\",\"inLanguage\":\"pl-PL\",\"@id\":\"https:\/\/www.welovecycling.com\/pl\/#\/schema\/person\/image\/\",\"url\":\"https:\/\/secure.gravatar.com\/avatar\/533caccae14752e03a2ce2d3fd62d1b98b93e1393c3195c27819e53344ca1ace?s=96&d=mm&r=g\",\"contentUrl\":\"https:\/\/secure.gravatar.com\/avatar\/533caccae14752e03a2ce2d3fd62d1b98b93e1393c3195c27819e53344ca1ace?s=96&d=mm&r=g\",\"caption\":\"piotrboczkowski\"},\"url\":\"https:\/\/www.welovecycling.com\/pl\/author\/piotrboczkowski\/\"}]}<\/script>\n<!-- \/ Yoast SEO Premium plugin. -->","yoast_head_json":{"title":"Bartosz Huzarski: Gdzie szuka\u0107 s\u0142o\u0144ca i formy wczesn\u0105 wiosn\u0105 - \u0160koda We Love Cycling - Poland","robots":{"index":"index","follow":"follow","max-snippet":"max-snippet:-1","max-image-preview":"max-image-preview:large","max-video-preview":"max-video-preview:-1"},"canonical":"https:\/\/www.welovecycling.com\/pl\/2018\/03\/21\/szukac-slonca-formy-wczesna-wiosna\/","og_locale":"pl_PL","og_type":"article","og_title":"Bartosz Huzarski: Gdzie szuka\u0107 s\u0142o\u0144ca i formy wczesn\u0105 wiosn\u0105","og_description":"W \u017cyciu ka\u017cdego szanuj\u0105cego si\u0119 amatora przychodzi taki moment, gdy trzeba spakowa\u0107 rower i zabra\u0107 go w bardziej przyjemny klimat. [&hellip;]","og_url":"https:\/\/www.welovecycling.com\/pl\/2018\/03\/21\/szukac-slonca-formy-wczesna-wiosna\/","og_site_name":"\u0160koda We Love Cycling - Poland","article_published_time":"2018-03-21T08:50:23+00:00","article_modified_time":"2018-04-03T08:00:03+00:00","og_image":[{"width":1482,"height":1050,"url":"https:\/\/d2p6e6u75xmxt8.cloudfront.net\/5\/2018\/03\/14.JPG.jpg","type":"image\/jpeg"}],"author":"piotrboczkowski","twitter_card":"summary_large_image","twitter_misc":{"Written by":"Bartosz Huzarski","Est. reading time":"5 minutes"},"schema":{"@context":"https:\/\/schema.org","@graph":[{"@type":"WebPage","@id":"https:\/\/www.welovecycling.com\/pl\/2018\/03\/21\/szukac-slonca-formy-wczesna-wiosna\/","url":"https:\/\/www.welovecycling.com\/pl\/2018\/03\/21\/szukac-slonca-formy-wczesna-wiosna\/","name":"Bartosz Huzarski: Gdzie szuka\u0107 s\u0142o\u0144ca i formy wczesn\u0105 wiosn\u0105 - \u0160koda We Love Cycling - Poland","isPartOf":{"@id":"https:\/\/www.welovecycling.com\/pl\/#website"},"primaryImageOfPage":{"@id":"https:\/\/www.welovecycling.com\/pl\/2018\/03\/21\/szukac-slonca-formy-wczesna-wiosna\/#primaryimage"},"image":{"@id":"https:\/\/www.welovecycling.com\/pl\/2018\/03\/21\/szukac-slonca-formy-wczesna-wiosna\/#primaryimage"},"thumbnailUrl":"https:\/\/d2p6e6u75xmxt8.cloudfront.net\/5\/2018\/03\/14.JPG.jpg","datePublished":"2018-03-21T08:50:23+00:00","dateModified":"2018-04-03T08:00:03+00:00","author":{"@id":"https:\/\/www.welovecycling.com\/pl\/#\/schema\/person\/0dba2d39da943db9df3fd8f4687e7f23"},"breadcrumb":{"@id":"https:\/\/www.welovecycling.com\/pl\/2018\/03\/21\/szukac-slonca-formy-wczesna-wiosna\/#breadcrumb"},"inLanguage":"pl-PL","potentialAction":[{"@type":"ReadAction","target":["https:\/\/www.welovecycling.com\/pl\/2018\/03\/21\/szukac-slonca-formy-wczesna-wiosna\/"]}]},{"@type":"ImageObject","inLanguage":"pl-PL","@id":"https:\/\/www.welovecycling.com\/pl\/2018\/03\/21\/szukac-slonca-formy-wczesna-wiosna\/#primaryimage","url":"https:\/\/d2p6e6u75xmxt8.cloudfront.net\/5\/2018\/03\/14.JPG.jpg","contentUrl":"https:\/\/d2p6e6u75xmxt8.cloudfront.net\/5\/2018\/03\/14.JPG.jpg","width":1482,"height":1050},{"@type":"BreadcrumbList","@id":"https:\/\/www.welovecycling.com\/pl\/2018\/03\/21\/szukac-slonca-formy-wczesna-wiosna\/#breadcrumb","itemListElement":[{"@type":"ListItem","position":1,"name":"Home","item":"https:\/\/www.welovecycling.com\/pl\/"},{"@type":"ListItem","position":2,"name":"Bartosz Huzarski: Gdzie szuka\u0107 s\u0142o\u0144ca i formy wczesn\u0105 wiosn\u0105"}]},{"@type":"WebSite","@id":"https:\/\/www.welovecycling.com\/pl\/#website","url":"https:\/\/www.welovecycling.com\/pl\/","name":"\u0160koda We Love Cycling - Poland","description":"","potentialAction":[{"@type":"SearchAction","target":{"@type":"EntryPoint","urlTemplate":"https:\/\/www.welovecycling.com\/pl\/?s={search_term_string}"},"query-input":{"@type":"PropertyValueSpecification","valueRequired":true,"valueName":"search_term_string"}}],"inLanguage":"pl-PL"},{"@type":"Person","@id":"https:\/\/www.welovecycling.com\/pl\/#\/schema\/person\/0dba2d39da943db9df3fd8f4687e7f23","name":"piotrboczkowski","image":{"@type":"ImageObject","inLanguage":"pl-PL","@id":"https:\/\/www.welovecycling.com\/pl\/#\/schema\/person\/image\/","url":"https:\/\/secure.gravatar.com\/avatar\/533caccae14752e03a2ce2d3fd62d1b98b93e1393c3195c27819e53344ca1ace?s=96&d=mm&r=g","contentUrl":"https:\/\/secure.gravatar.com\/avatar\/533caccae14752e03a2ce2d3fd62d1b98b93e1393c3195c27819e53344ca1ace?s=96&d=mm&r=g","caption":"piotrboczkowski"},"url":"https:\/\/www.welovecycling.com\/pl\/author\/piotrboczkowski\/"}]}},"_links":{"self":[{"href":"https:\/\/www.welovecycling.com\/pl\/wp-json\/wp\/v2\/posts\/6738","targetHints":{"allow":["GET"]}}],"collection":[{"href":"https:\/\/www.welovecycling.com\/pl\/wp-json\/wp\/v2\/posts"}],"about":[{"href":"https:\/\/www.welovecycling.com\/pl\/wp-json\/wp\/v2\/types\/post"}],"author":[{"embeddable":true,"href":"https:\/\/www.welovecycling.com\/pl\/wp-json\/wp\/v2\/users\/76"}],"replies":[{"embeddable":true,"href":"https:\/\/www.welovecycling.com\/pl\/wp-json\/wp\/v2\/comments?post=6738"}],"version-history":[{"count":2,"href":"https:\/\/www.welovecycling.com\/pl\/wp-json\/wp\/v2\/posts\/6738\/revisions"}],"predecessor-version":[{"id":6781,"href":"https:\/\/www.welovecycling.com\/pl\/wp-json\/wp\/v2\/posts\/6738\/revisions\/6781"}],"wp:featuredmedia":[{"embeddable":true,"href":"https:\/\/www.welovecycling.com\/pl\/wp-json\/wp\/v2\/media\/6739"}],"wp:attachment":[{"href":"https:\/\/www.welovecycling.com\/pl\/wp-json\/wp\/v2\/media?parent=6738"}],"wp:term":[{"taxonomy":"category","embeddable":true,"href":"https:\/\/www.welovecycling.com\/pl\/wp-json\/wp\/v2\/categories?post=6738"},{"taxonomy":"post_tag","embeddable":true,"href":"https:\/\/www.welovecycling.com\/pl\/wp-json\/wp\/v2\/tags?post=6738"},{"taxonomy":"global-categories","embeddable":true,"href":"https:\/\/www.welovecycling.com\/pl\/wp-json\/wp\/v2\/global-categories?post=6738"}],"curies":[{"name":"wp","href":"https:\/\/api.w.org\/{rel}","templated":true}]}}