{"id":6721,"date":"2018-03-14T09:35:23","date_gmt":"2018-03-14T09:35:23","guid":{"rendered":"https:\/\/www.welovecycling.com\/pl\/?p=6721"},"modified":"2018-03-14T09:35:23","modified_gmt":"2018-03-14T09:35:23","slug":"diabel-ktory-nadaje-kolorytu-tour-de-france","status":"publish","type":"post","link":"https:\/\/www.welovecycling.com\/pl\/2018\/03\/14\/diabel-ktory-nadaje-kolorytu-tour-de-france\/","title":{"rendered":"Diabe\u0142, kt\u00f3ry nadaje kolorytu Tour de France"},"content":{"rendered":"<p><strong>Zastanawiali\u015bcie si\u0119, jak wygl\u0105da op\u0119tanie kolarstwem? Ma czerwono-czarny str\u00f3j, rogi, a w r\u0119ce tr\u00f3jz\u0105b z napisem \u201eLe Tour de France\u201d. Tak w\u0142a\u015bnie co roku podczas Wielkiej P\u0119tli wygl\u0105da Didi Senft, najs\u0142ynniejszy kibic tego wy\u015bcigu.<\/strong><\/p>\n<p><!--more--><\/p>\n<p>Pami\u0119tacie kultowy film \u201ePowr\u00f3t do przysz\u0142o\u015bci\u201d? By\u0142 tam wynalazca z szalonymi pomys\u0142ami, od kt\u00f3rego bi\u0142a pozytywna energia. W realnym \u015bwiecie ten cz\u0142owiek te\u017c istnieje, a nazywa si\u0119 Didi Senft.<\/p>\n<p>Mo\u017ce nie posiada wehiku\u0142 czasu, za to jest tw\u00f3rc\u0105 najwi\u0119kszego roweru na \u015bwiecie, kt\u00f3rym da si\u0119 je\u017adzi\u0107. Jego autorski dwuko\u0142owiec ma blisko osiem metr\u00f3w d\u0142ugo\u015bci i cztery wysoko\u015bci, wi\u0119c trzeba si\u0119 na niego wspina\u0107 po specjalnej konstrukcji. Senft na koncie ma a\u017c 120 unikatowych projekt\u00f3w rower\u00f3w, a tak\u017ce konstrukcj\u0119 najwi\u0119kszej na \u015bwiecie mobilnej gitary.<\/p>\n<p><strong>Mistrz na szalonym rowerze<\/strong><\/p>\n<p>Ko\u0142a do rower\u00f3w tworzy np. z maszyn do robienia lod\u00f3w w\u0142oskich, a ram\u0119 z d\u0142ugiego masztu. Wymy\u015bli\u0142 te\u017c rower, kt\u00f3rym da si\u0119 przemieszcza\u0107 tylko wtedy, gdy lewy peda\u0142 jest wci\u015bni\u0119ty do ty\u0142u. \u201eWielu pr\u00f3bowa\u0142o je\u017adzi\u0107 na tym szalonym rowerze, nawet mistrz olimpijski, ale nikt \u2013 z wyj\u0105tkiem wielkiego mistrza rowerowych dziwactw \u2013 sobie z tym nie poradzi\u0142\u201d \u2013 pisze o sobie Didi, kt\u00f3ry jest r\u00f3wnie\u017c gospodarzem w swoim muzeum dziwnych rower\u00f3w w niemieckim Storkowie.<\/p>\n<p>Niewiele os\u00f3b mog\u0142oby jednak dowiedzie\u0107 si\u0119 o istnieniu szalonego konstruktora z Niemiec, gdyby nie Tour de France. To tam 66-letni Didi wci\u0105ga na siebie str\u00f3j diab\u0142a, bierze w r\u0119ce tr\u00f3jz\u0105b i z szelmowskim u\u015bmiechem zabawia kibic\u00f3w oraz dopinguje zawodnik\u00f3w.<\/p>\n<p>\u201eMoje kolarskie \u017cycie jest spe\u0142nione. Spotka\u0142em Didiego na trasie Tour de France\u201d \u2013 napisa\u0142 jeden z kibic\u00f3w na Twitterze i opublikowa\u0142 zdj\u0119cie z \u201eEl Diablo\u201d.<\/p>\n<div class=\"embed-controller-wrapper\">\n<blockquote class=\"twitter-tweet\" data-width=\"500\" data-dnt=\"true\">\n<p lang=\"en\" dir=\"ltr\">My cycling life is complete. I have met <a href=\"https:\/\/twitter.com\/hashtag\/DidiTheDevil?src=hash&amp;ref_src=twsrc%5Etfw\">#DidiTheDevil<\/a> @parodidisenft at <a href=\"https:\/\/twitter.com\/LeTour?ref_src=twsrc%5Etfw\">@LeTour<\/a> <a href=\"https:\/\/twitter.com\/hashtag\/TDF2016?src=hash&amp;ref_src=twsrc%5Etfw\">#TDF2016<\/a> <a href=\"https:\/\/twitter.com\/UKCycleChat?ref_src=twsrc%5Etfw\">@UKCycleChat<\/a> <a href=\"https:\/\/twitter.com\/hashtag\/Samoens?src=hash&amp;ref_src=twsrc%5Etfw\">#Samoens<\/a> <a href=\"https:\/\/t.co\/kf5eV8z8AC\">pic.twitter.com\/kf5eV8z8AC<\/a><\/p>\n<p>&mdash; Ben Psaila \ud83c\udfca\ud83c\udffc\u200d\u2642\ufe0f\ud83d\udeb4\ud83c\udffc\u200d\u2642\ufe0f\ud83c\udfc3\ud83c\udffb\u200d\u2642\ufe0f\ud83c\uddec\ud83c\udde7\ud83c\uddf2\ud83c\uddf9 (@HomeInMalta) <a href=\"https:\/\/twitter.com\/HomeInMalta\/status\/756820425284476928?ref_src=twsrc%5Etfw\">July 23, 2016<\/a><\/p><\/blockquote>\n<p><script async data-src=\"https:\/\/platform.twitter.com\/widgets.js\" charset=\"utf-8\"><\/script><\/div>\n<p>Z kolei kto\u015b inny podejrza\u0142 go podczas wyg\u0142up\u00f3w z kolumbijsk\u0105 kibick\u0105.<\/p>\n<div class=\"embed-controller-wrapper\">\n<blockquote class=\"twitter-tweet\" data-width=\"500\" data-dnt=\"true\">\n<p lang=\"en\" dir=\"ltr\">THE BIGGEST STORY IN CYCLING TODAY<br \/>(big thanks to Greg Hamer over on Instagram) <a href=\"https:\/\/t.co\/6jSPD8Mawf\">pic.twitter.com\/6jSPD8Mawf<\/a><\/p>\n<p>&mdash; Cycling Palmar\u00e8s Medal Table (@CyclingGSB) <a href=\"https:\/\/twitter.com\/CyclingGSB\/status\/753737271673778176?ref_src=twsrc%5Etfw\">July 14, 2016<\/a><\/p><\/blockquote>\n<p><script async data-src=\"https:\/\/platform.twitter.com\/widgets.js\" charset=\"utf-8\"><\/script><\/div>\n<p><strong>Gwiazda telewizji<\/strong><\/p>\n<p>Mo\u017cna odnie\u015b\u0107 wra\u017cenie, \u017ce dla niekt\u00f3rych wi\u0119ksz\u0105 frajd\u0105 jest zamieni\u0107 kilka zda\u0144 z Didim ni\u017c zagadn\u0105\u0107 zwyci\u0119zc\u0119 etapu. Inna sprawa, \u017ce \u201eEl Diablo\u201d jest bardziej znany ni\u017c znaczna cz\u0119\u015b\u0107 zawodnik\u00f3w startuj\u0105cych w Tour de France.<\/p>\n<p>Zawodowi fotoreporterzy zapraszaj\u0105 go na profesjonale sesje zdj\u0119ciowe, ludzie nosz\u0105 koszulki z jego podobizn\u0105, a przy okazji wy\u015bcigu wydawane s\u0105 kartki pocztowe oraz komiksy, w kt\u00f3rych \u201eEl Diablo\u201d jest jedn\u0105 z postaci. Do tego stacje telewizyjne zapraszaj\u0105 go do wywiad\u00f3w z okazji Tour de France (wyst\u0105pi\u0142 ju\u017c w ponad 50 telewizyjnych show), kibice na ca\u0142ym \u015bwiecie pami\u0119taj\u0105 o jego urodzinach, a panie na paznokciach maluj\u0105 podobizn\u0119 diab\u0142a.<\/p>\n<p>Na tak\u0105 popularno\u015b\u0107 Didi pracuje od 1993 r., gdy po raz pierwszy zjawi\u0142 si\u0119 na Wielkiej P\u0119tli. W\u00f3wczas w okolicach trasy je\u017adzi\u0142 z \u017con\u0105 na tandemie. Z czasem jego znakiem rozpoznawczym sta\u0142 si\u0119 tr\u00f3jz\u0105b, kt\u00f3rego kred\u0105 rysowa\u0142 na asfalcie. Spotkanie tego symbolu oznacza\u0142o, \u017ce \u201eEl Diablo\u201d czai si\u0119 gdzie\u015b w pobli\u017cu trasy i w ka\u017cdej chwili mo\u017ce wyskoczy\u0107 np. z pola kukurydzy lub rozsi\u0105\u015b\u0107 si\u0119 na drzewie.<\/p>\n<p>W telewizji najcz\u0119\u015bciej mo\u017cna go jednak spotka\u0107, gdy biegnie r\u00f3wno z kolarzami. Podczas jednego z takich sprint\u00f3w tr\u00f3jz\u0105b od Didiego po\u017cyczy\u0142 meksyka\u0144ski zawodnik Julio Alberto Perez i \u017cartobliwie pogoni\u0142 kolarza, kt\u00f3ry jecha\u0142 przed nim.<\/p>\n<lite-youtube videoid=swZEADJIk8k params=\"enablejsapi=1\" style=\"background-image: url('https:\/\/i.ytimg.com\/vi_webp\/swZEADJIk8k\/maxresdefault.webp');\"><\/lite-youtube>\n<p>Didi bywa tak\u017ce na innych imprezach sportowych, ale przenoszenie zwyczaj\u00f3w z Tour de France jest w\u00f3wczas bardzo ryzykowne. Podczas wy\u015bcigu w Szwajcarii malowa\u0142 na trasie sw\u00f3j symbol, gdy zjawia\u0142a si\u0119 policja. \u201eEl Diablo\u201d stan\u0105\u0142 przed wyborem: albo zap\u0142aci kar\u0119, albo p\u00f3jdzie do wi\u0119zienia. Zdecydowa\u0142 si\u0119 na drugie rozwi\u0105zanie, a mimo to musia\u0142 zmaza\u0107 sw\u00f3j symbol.<\/p>\n<p><strong>Reaktor z Czarnobyla<\/strong><\/p>\n<p>Jego mi\u0142o\u015b\u0107 do Tour de France trwa od \u0107wier\u0107 wieku, ale w tym czasie Didi boryka\u0142 si\u0119 z r\u00f3\u017cnymi problemami. W 2012 r. opu\u015bci\u0142 wy\u015bcig z powod\u00f3w zdrowotnych. \u201eW\u0142a\u015bnie wr\u00f3ci\u0142em z prze\u015bwietlenia g\u0142owy, trzeciego w ci\u0105gu trzech tygodni. Czuj\u0119 si\u0119 jak reaktor w Czarnobylu\u201d \u2013 m\u00f3wi\u0142 portalowi Cyclingnews.<\/p>\n<p>P\u00f3\u017aniej narzeka\u0142 na zdrowie oraz problemy finansowe, ale to nie przeszkodzi\u0142o mu podczas zesz\u0142orocznego Tour de France wspiera\u0107 zawodnik\u00f3w. \u201eOd dzieci\u0144stwa moim najwi\u0119kszym marzeniem by\u0142o ogl\u0105da\u0107 kolarzy na \u017cywo. Chcia\u0142em ich dopingowa\u0107 tak, jak nikt inny tego nie robi\u201d \u2013przyzna\u0142 w jednym z wywiad\u00f3w i chyba dopi\u0105\u0142 swego, bo tylko jemu kolarze w trakcie jazdy przybijaj\u0105 \u201epi\u0105tki\u201d.<\/p>\n","protected":false},"excerpt":{"rendered":"<p>Zastanawiali\u015bcie si\u0119, jak wygl\u0105da op\u0119tanie kolarstwem? Ma czerwono-czarny str\u00f3j, rogi, a w r\u0119ce tr\u00f3jz\u0105b z napisem \u201eLe Tour de France\u201d. [&hellip;]<\/p>\n","protected":false},"author":76,"featured_media":6724,"comment_status":"open","ping_status":"open","sticky":false,"template":"","format":"standard","meta":{"footnotes":""},"categories":[226],"tags":[41,77,82],"global-categories":[],"class_list":["post-6721","post","type-post","status-publish","format-standard","has-post-thumbnail","hentry","category-ciekawostki","tag-cycling","tag-tour-de-france","tag-welovecycling"],"yoast_head":"<!-- This site is optimized with the Yoast SEO Premium plugin v25.3 (Yoast SEO v25.9) - https:\/\/yoast.com\/wordpress\/plugins\/seo\/ -->\n<title>Diabe\u0142, kt\u00f3ry nadaje kolorytu Tour de France - \u0160koda We Love Cycling - Poland<\/title>\n<meta name=\"robots\" content=\"index, follow, max-snippet:-1, max-image-preview:large, max-video-preview:-1\" \/>\n<link rel=\"canonical\" href=\"https:\/\/www.welovecycling.com\/pl\/2018\/03\/14\/diabel-ktory-nadaje-kolorytu-tour-de-france\/\" \/>\n<meta property=\"og:locale\" content=\"pl_PL\" \/>\n<meta property=\"og:type\" content=\"article\" \/>\n<meta property=\"og:title\" content=\"Diabe\u0142, kt\u00f3ry nadaje kolorytu Tour de France\" \/>\n<meta property=\"og:description\" content=\"Zastanawiali\u015bcie si\u0119, jak wygl\u0105da op\u0119tanie kolarstwem? Ma czerwono-czarny str\u00f3j, rogi, a w r\u0119ce tr\u00f3jz\u0105b z napisem \u201eLe Tour de France\u201d. [&hellip;]\" \/>\n<meta property=\"og:url\" content=\"https:\/\/www.welovecycling.com\/pl\/2018\/03\/14\/diabel-ktory-nadaje-kolorytu-tour-de-france\/\" \/>\n<meta property=\"og:site_name\" content=\"\u0160koda We Love Cycling - Poland\" \/>\n<meta property=\"article:published_time\" content=\"2018-03-14T09:35:23+00:00\" \/>\n<meta property=\"og:image\" content=\"https:\/\/d2p6e6u75xmxt8.cloudfront.net\/5\/2018\/03\/shutterstock_479898082.jpg\" \/>\n\t<meta property=\"og:image:width\" content=\"1000\" \/>\n\t<meta property=\"og:image:height\" content=\"603\" \/>\n\t<meta property=\"og:image:type\" content=\"image\/jpeg\" \/>\n<meta name=\"author\" content=\"piotrboczkowski\" \/>\n<meta name=\"twitter:card\" content=\"summary_large_image\" \/>\n<meta name=\"twitter:label1\" content=\"Written by\" \/>\n\t<meta name=\"twitter:data1\" content=\"WeLoveCycling\" \/>\n\t<meta name=\"twitter:label2\" content=\"Est. reading time\" \/>\n\t<meta name=\"twitter:data2\" content=\"4 minutes\" \/>\n<script type=\"application\/ld+json\" class=\"yoast-schema-graph\">{\"@context\":\"https:\/\/schema.org\",\"@graph\":[{\"@type\":\"WebPage\",\"@id\":\"https:\/\/www.welovecycling.com\/pl\/2018\/03\/14\/diabel-ktory-nadaje-kolorytu-tour-de-france\/\",\"url\":\"https:\/\/www.welovecycling.com\/pl\/2018\/03\/14\/diabel-ktory-nadaje-kolorytu-tour-de-france\/\",\"name\":\"Diabe\u0142, kt\u00f3ry nadaje kolorytu Tour de France - \u0160koda We Love Cycling - Poland\",\"isPartOf\":{\"@id\":\"https:\/\/www.welovecycling.com\/pl\/#website\"},\"primaryImageOfPage\":{\"@id\":\"https:\/\/www.welovecycling.com\/pl\/2018\/03\/14\/diabel-ktory-nadaje-kolorytu-tour-de-france\/#primaryimage\"},\"image\":{\"@id\":\"https:\/\/www.welovecycling.com\/pl\/2018\/03\/14\/diabel-ktory-nadaje-kolorytu-tour-de-france\/#primaryimage\"},\"thumbnailUrl\":\"https:\/\/d2p6e6u75xmxt8.cloudfront.net\/5\/2018\/03\/shutterstock_479898082.jpg\",\"datePublished\":\"2018-03-14T09:35:23+00:00\",\"author\":{\"@id\":\"https:\/\/www.welovecycling.com\/pl\/#\/schema\/person\/0dba2d39da943db9df3fd8f4687e7f23\"},\"breadcrumb\":{\"@id\":\"https:\/\/www.welovecycling.com\/pl\/2018\/03\/14\/diabel-ktory-nadaje-kolorytu-tour-de-france\/#breadcrumb\"},\"inLanguage\":\"pl-PL\",\"potentialAction\":[{\"@type\":\"ReadAction\",\"target\":[\"https:\/\/www.welovecycling.com\/pl\/2018\/03\/14\/diabel-ktory-nadaje-kolorytu-tour-de-france\/\"]}]},{\"@type\":\"ImageObject\",\"inLanguage\":\"pl-PL\",\"@id\":\"https:\/\/www.welovecycling.com\/pl\/2018\/03\/14\/diabel-ktory-nadaje-kolorytu-tour-de-france\/#primaryimage\",\"url\":\"https:\/\/d2p6e6u75xmxt8.cloudfront.net\/5\/2018\/03\/shutterstock_479898082.jpg\",\"contentUrl\":\"https:\/\/d2p6e6u75xmxt8.cloudfront.net\/5\/2018\/03\/shutterstock_479898082.jpg\",\"width\":1000,\"height\":603},{\"@type\":\"BreadcrumbList\",\"@id\":\"https:\/\/www.welovecycling.com\/pl\/2018\/03\/14\/diabel-ktory-nadaje-kolorytu-tour-de-france\/#breadcrumb\",\"itemListElement\":[{\"@type\":\"ListItem\",\"position\":1,\"name\":\"Home\",\"item\":\"https:\/\/www.welovecycling.com\/pl\/\"},{\"@type\":\"ListItem\",\"position\":2,\"name\":\"Diabe\u0142, kt\u00f3ry nadaje kolorytu Tour de France\"}]},{\"@type\":\"WebSite\",\"@id\":\"https:\/\/www.welovecycling.com\/pl\/#website\",\"url\":\"https:\/\/www.welovecycling.com\/pl\/\",\"name\":\"\u0160koda We Love Cycling - Poland\",\"description\":\"\",\"potentialAction\":[{\"@type\":\"SearchAction\",\"target\":{\"@type\":\"EntryPoint\",\"urlTemplate\":\"https:\/\/www.welovecycling.com\/pl\/?s={search_term_string}\"},\"query-input\":{\"@type\":\"PropertyValueSpecification\",\"valueRequired\":true,\"valueName\":\"search_term_string\"}}],\"inLanguage\":\"pl-PL\"},{\"@type\":\"Person\",\"@id\":\"https:\/\/www.welovecycling.com\/pl\/#\/schema\/person\/0dba2d39da943db9df3fd8f4687e7f23\",\"name\":\"piotrboczkowski\",\"image\":{\"@type\":\"ImageObject\",\"inLanguage\":\"pl-PL\",\"@id\":\"https:\/\/www.welovecycling.com\/pl\/#\/schema\/person\/image\/\",\"url\":\"https:\/\/secure.gravatar.com\/avatar\/533caccae14752e03a2ce2d3fd62d1b98b93e1393c3195c27819e53344ca1ace?s=96&d=mm&r=g\",\"contentUrl\":\"https:\/\/secure.gravatar.com\/avatar\/533caccae14752e03a2ce2d3fd62d1b98b93e1393c3195c27819e53344ca1ace?s=96&d=mm&r=g\",\"caption\":\"piotrboczkowski\"},\"url\":\"https:\/\/www.welovecycling.com\/pl\/author\/piotrboczkowski\/\"}]}<\/script>\n<!-- \/ Yoast SEO Premium plugin. -->","yoast_head_json":{"title":"Diabe\u0142, kt\u00f3ry nadaje kolorytu Tour de France - \u0160koda We Love Cycling - Poland","robots":{"index":"index","follow":"follow","max-snippet":"max-snippet:-1","max-image-preview":"max-image-preview:large","max-video-preview":"max-video-preview:-1"},"canonical":"https:\/\/www.welovecycling.com\/pl\/2018\/03\/14\/diabel-ktory-nadaje-kolorytu-tour-de-france\/","og_locale":"pl_PL","og_type":"article","og_title":"Diabe\u0142, kt\u00f3ry nadaje kolorytu Tour de France","og_description":"Zastanawiali\u015bcie si\u0119, jak wygl\u0105da op\u0119tanie kolarstwem? Ma czerwono-czarny str\u00f3j, rogi, a w r\u0119ce tr\u00f3jz\u0105b z napisem \u201eLe Tour de France\u201d. [&hellip;]","og_url":"https:\/\/www.welovecycling.com\/pl\/2018\/03\/14\/diabel-ktory-nadaje-kolorytu-tour-de-france\/","og_site_name":"\u0160koda We Love Cycling - Poland","article_published_time":"2018-03-14T09:35:23+00:00","og_image":[{"width":1000,"height":603,"url":"https:\/\/d2p6e6u75xmxt8.cloudfront.net\/5\/2018\/03\/shutterstock_479898082.jpg","type":"image\/jpeg"}],"author":"piotrboczkowski","twitter_card":"summary_large_image","twitter_misc":{"Written by":"WeLoveCycling","Est. reading time":"4 minutes"},"schema":{"@context":"https:\/\/schema.org","@graph":[{"@type":"WebPage","@id":"https:\/\/www.welovecycling.com\/pl\/2018\/03\/14\/diabel-ktory-nadaje-kolorytu-tour-de-france\/","url":"https:\/\/www.welovecycling.com\/pl\/2018\/03\/14\/diabel-ktory-nadaje-kolorytu-tour-de-france\/","name":"Diabe\u0142, kt\u00f3ry nadaje kolorytu Tour de France - \u0160koda We Love Cycling - Poland","isPartOf":{"@id":"https:\/\/www.welovecycling.com\/pl\/#website"},"primaryImageOfPage":{"@id":"https:\/\/www.welovecycling.com\/pl\/2018\/03\/14\/diabel-ktory-nadaje-kolorytu-tour-de-france\/#primaryimage"},"image":{"@id":"https:\/\/www.welovecycling.com\/pl\/2018\/03\/14\/diabel-ktory-nadaje-kolorytu-tour-de-france\/#primaryimage"},"thumbnailUrl":"https:\/\/d2p6e6u75xmxt8.cloudfront.net\/5\/2018\/03\/shutterstock_479898082.jpg","datePublished":"2018-03-14T09:35:23+00:00","author":{"@id":"https:\/\/www.welovecycling.com\/pl\/#\/schema\/person\/0dba2d39da943db9df3fd8f4687e7f23"},"breadcrumb":{"@id":"https:\/\/www.welovecycling.com\/pl\/2018\/03\/14\/diabel-ktory-nadaje-kolorytu-tour-de-france\/#breadcrumb"},"inLanguage":"pl-PL","potentialAction":[{"@type":"ReadAction","target":["https:\/\/www.welovecycling.com\/pl\/2018\/03\/14\/diabel-ktory-nadaje-kolorytu-tour-de-france\/"]}]},{"@type":"ImageObject","inLanguage":"pl-PL","@id":"https:\/\/www.welovecycling.com\/pl\/2018\/03\/14\/diabel-ktory-nadaje-kolorytu-tour-de-france\/#primaryimage","url":"https:\/\/d2p6e6u75xmxt8.cloudfront.net\/5\/2018\/03\/shutterstock_479898082.jpg","contentUrl":"https:\/\/d2p6e6u75xmxt8.cloudfront.net\/5\/2018\/03\/shutterstock_479898082.jpg","width":1000,"height":603},{"@type":"BreadcrumbList","@id":"https:\/\/www.welovecycling.com\/pl\/2018\/03\/14\/diabel-ktory-nadaje-kolorytu-tour-de-france\/#breadcrumb","itemListElement":[{"@type":"ListItem","position":1,"name":"Home","item":"https:\/\/www.welovecycling.com\/pl\/"},{"@type":"ListItem","position":2,"name":"Diabe\u0142, kt\u00f3ry nadaje kolorytu Tour de France"}]},{"@type":"WebSite","@id":"https:\/\/www.welovecycling.com\/pl\/#website","url":"https:\/\/www.welovecycling.com\/pl\/","name":"\u0160koda We Love Cycling - Poland","description":"","potentialAction":[{"@type":"SearchAction","target":{"@type":"EntryPoint","urlTemplate":"https:\/\/www.welovecycling.com\/pl\/?s={search_term_string}"},"query-input":{"@type":"PropertyValueSpecification","valueRequired":true,"valueName":"search_term_string"}}],"inLanguage":"pl-PL"},{"@type":"Person","@id":"https:\/\/www.welovecycling.com\/pl\/#\/schema\/person\/0dba2d39da943db9df3fd8f4687e7f23","name":"piotrboczkowski","image":{"@type":"ImageObject","inLanguage":"pl-PL","@id":"https:\/\/www.welovecycling.com\/pl\/#\/schema\/person\/image\/","url":"https:\/\/secure.gravatar.com\/avatar\/533caccae14752e03a2ce2d3fd62d1b98b93e1393c3195c27819e53344ca1ace?s=96&d=mm&r=g","contentUrl":"https:\/\/secure.gravatar.com\/avatar\/533caccae14752e03a2ce2d3fd62d1b98b93e1393c3195c27819e53344ca1ace?s=96&d=mm&r=g","caption":"piotrboczkowski"},"url":"https:\/\/www.welovecycling.com\/pl\/author\/piotrboczkowski\/"}]}},"_links":{"self":[{"href":"https:\/\/www.welovecycling.com\/pl\/wp-json\/wp\/v2\/posts\/6721","targetHints":{"allow":["GET"]}}],"collection":[{"href":"https:\/\/www.welovecycling.com\/pl\/wp-json\/wp\/v2\/posts"}],"about":[{"href":"https:\/\/www.welovecycling.com\/pl\/wp-json\/wp\/v2\/types\/post"}],"author":[{"embeddable":true,"href":"https:\/\/www.welovecycling.com\/pl\/wp-json\/wp\/v2\/users\/76"}],"replies":[{"embeddable":true,"href":"https:\/\/www.welovecycling.com\/pl\/wp-json\/wp\/v2\/comments?post=6721"}],"version-history":[{"count":2,"href":"https:\/\/www.welovecycling.com\/pl\/wp-json\/wp\/v2\/posts\/6721\/revisions"}],"predecessor-version":[{"id":6723,"href":"https:\/\/www.welovecycling.com\/pl\/wp-json\/wp\/v2\/posts\/6721\/revisions\/6723"}],"wp:featuredmedia":[{"embeddable":true,"href":"https:\/\/www.welovecycling.com\/pl\/wp-json\/wp\/v2\/media\/6724"}],"wp:attachment":[{"href":"https:\/\/www.welovecycling.com\/pl\/wp-json\/wp\/v2\/media?parent=6721"}],"wp:term":[{"taxonomy":"category","embeddable":true,"href":"https:\/\/www.welovecycling.com\/pl\/wp-json\/wp\/v2\/categories?post=6721"},{"taxonomy":"post_tag","embeddable":true,"href":"https:\/\/www.welovecycling.com\/pl\/wp-json\/wp\/v2\/tags?post=6721"},{"taxonomy":"global-categories","embeddable":true,"href":"https:\/\/www.welovecycling.com\/pl\/wp-json\/wp\/v2\/global-categories?post=6721"}],"curies":[{"name":"wp","href":"https:\/\/api.w.org\/{rel}","templated":true}]}}