{"id":6709,"date":"2018-03-09T09:33:15","date_gmt":"2018-03-09T09:33:15","guid":{"rendered":"https:\/\/www.welovecycling.com\/pl\/?p=6709"},"modified":"2018-03-09T09:33:15","modified_gmt":"2018-03-09T09:33:15","slug":"holandii-parkuje-sie-rowery","status":"publish","type":"post","link":"https:\/\/www.welovecycling.com\/pl\/2018\/03\/09\/holandii-parkuje-sie-rowery\/","title":{"rendered":"Gdzie w Holandii parkuje si\u0119 rowery?"},"content":{"rendered":"<p><strong>Jedn\u0105 z g\u0142\u00f3wnych przyczyn holenderskiego przywi\u0105zania do rower\u00f3w jest wygoda. Jak tylko \u0142atwiej b\u0119dzie zrobi\u0107 zakupy na rowerze, ni\u017c przy u\u017cyciu jakiegokolwiek innego \u015brodka transportu, wszyscy to zaczn\u0105 robi\u0107. Nie tylko mi\u0142o\u015bnicy jazdy na rowerze. Wygoda to prosty klucz do tego, aby wszyscy mogli je\u017adzi\u0107 bez wzgl\u0119du na po\u0142o\u017cenie. A urz\u0119dnicy w Holandii doskonale o tym wiedz\u0105. Dlatego odzwierciedlaj\u0105 to nawet przepisy budowlane.<\/strong> <!--more--><\/p>\n<p>Ka\u017cda rowerowa podr\u00f3\u017c zaczyna si\u0119 ju\u017c w domu i nie mo\u017cna od przeci\u0119tnego Kowalskiego wymaga\u0107, by za ka\u017cdym razem znosi\u0142 ze swojego mieszkania na trzecim pi\u0119trze ci\u0119\u017cki miejski rowery tylko po to, by odby\u0107 pi\u0119ciominutow\u0105 podr\u00f3\u017c do sklepu. W Holandii zwykle nie ma z tym problemu. A to dlatego, \u017ce od oko\u0142o 1950 r. przepisy wymagaj\u0105, aby ka\u017cdy nowy budynek posiada\u0142 wyznaczone pomieszczenie do przechowywania rower\u00f3w z bezpo\u015brednim dost\u0119pem do drogi publicznej.<\/p>\n<lite-youtube videoid=6yDFp0msbMw params=\"enablejsapi=1\" style=\"background-image: url('https:\/\/i.ytimg.com\/vi_webp\/6yDFp0msbMw\/maxresdefault.webp');\"><\/lite-youtube>\n<p>Przepisy zosta\u0142y zniesione w 2003 r., poniewa\u017c deweloperzy twierdzili, \u017ce rynek sam zaspokoi rzeczywist\u0105 potrzeb\u0119 na takie obiekty. Ci sami deweloperzy zacz\u0119li nadu\u017cywa\u0107 zmienionego prawa, wi\u0119c przywr\u00f3cono je w 2012 r. Dlatego mo\u017ce wydawa\u0107 si\u0119, \u017ce nowoczesne domy w Holandii maj\u0105 dwie pary drzwi. Jedne przeznaczone dla w\u0142a\u015bcicieli, a drugie dla ukochanych rower\u00f3w. Tak wysokie standardy nie maj\u0105 zastosowania w przypadku starszych dom\u00f3w, ale to nie oznacza, \u017ce urz\u0119dnicy nie staraj\u0105 si\u0119 u\u0142atwi\u0107 \u017cycia ich mieszka\u0144com.<\/p>\n\n<p>Na przyk\u0142ad, dawne sklepy osiedlowe przekszta\u0142ca si\u0119 w ma\u0142e obiekty do przechowywania rower\u00f3w. Miasto Utrecht zarz\u0105dza w przybli\u017ceniu 40 podobnymi obiektami, \u0142\u0105cznie oferuj\u0105c ponad 2000 miejsc parkingowych dla rower\u00f3w. P\u0142ynie z tego proste przes\u0142anie. Hovenring w pobli\u017cu Eindhoven lub Cykelslangen w Kopenhadze wzbudzaj\u0105 mo\u017ce powszechny zachwyt, ale to co\u015b znacznie mniejszego stanowi zal\u0105\u017cek prawdziwej zmiany.<\/p>\n","protected":false},"excerpt":{"rendered":"<p>Jedn\u0105 z g\u0142\u00f3wnych przyczyn holenderskiego przywi\u0105zania do rower\u00f3w jest wygoda. Jak tylko \u0142atwiej b\u0119dzie zrobi\u0107 zakupy na rowerze, ni\u017c przy [&hellip;]<\/p>\n","protected":false},"author":76,"featured_media":6710,"comment_status":"open","ping_status":"open","sticky":false,"template":"","format":"standard","meta":{"footnotes":""},"categories":[226],"tags":[86,41,82],"global-categories":[],"class_list":["post-6709","post","type-post","status-publish","format-standard","has-post-thumbnail","hentry","category-ciekawostki","tag-ciekawostki","tag-cycling","tag-welovecycling"],"yoast_head":"<!-- This site is optimized with the Yoast SEO Premium plugin v25.3 (Yoast SEO v25.9) - https:\/\/yoast.com\/wordpress\/plugins\/seo\/ -->\n<title>Gdzie w Holandii parkuje si\u0119 rowery? - \u0160koda We Love Cycling - Poland<\/title>\n<meta name=\"robots\" content=\"index, follow, max-snippet:-1, max-image-preview:large, max-video-preview:-1\" \/>\n<link rel=\"canonical\" href=\"https:\/\/www.welovecycling.com\/pl\/2018\/03\/09\/holandii-parkuje-sie-rowery\/\" \/>\n<meta property=\"og:locale\" content=\"pl_PL\" \/>\n<meta property=\"og:type\" content=\"article\" \/>\n<meta property=\"og:title\" content=\"Gdzie w Holandii parkuje si\u0119 rowery?\" \/>\n<meta property=\"og:description\" content=\"Jedn\u0105 z g\u0142\u00f3wnych przyczyn holenderskiego przywi\u0105zania do rower\u00f3w jest wygoda. Jak tylko \u0142atwiej b\u0119dzie zrobi\u0107 zakupy na rowerze, ni\u017c przy [&hellip;]\" \/>\n<meta property=\"og:url\" content=\"https:\/\/www.welovecycling.com\/pl\/2018\/03\/09\/holandii-parkuje-sie-rowery\/\" \/>\n<meta property=\"og:site_name\" content=\"\u0160koda We Love Cycling - Poland\" \/>\n<meta property=\"article:published_time\" content=\"2018-03-09T09:33:15+00:00\" \/>\n<meta property=\"og:image\" content=\"https:\/\/d2p6e6u75xmxt8.cloudfront.net\/5\/2018\/03\/profimedia-0034593290-1.jpg\" \/>\n\t<meta property=\"og:image:width\" content=\"1366\" \/>\n\t<meta property=\"og:image:height\" content=\"600\" \/>\n\t<meta property=\"og:image:type\" content=\"image\/jpeg\" \/>\n<meta name=\"author\" content=\"piotrboczkowski\" \/>\n<meta name=\"twitter:card\" content=\"summary_large_image\" \/>\n<meta name=\"twitter:label1\" content=\"Written by\" \/>\n\t<meta name=\"twitter:data1\" content=\"Monica Buck\" \/>\n\t<meta name=\"twitter:label2\" content=\"Est. reading time\" \/>\n\t<meta name=\"twitter:data2\" content=\"2 minutes\" \/>\n<script type=\"application\/ld+json\" class=\"yoast-schema-graph\">{\"@context\":\"https:\/\/schema.org\",\"@graph\":[{\"@type\":\"WebPage\",\"@id\":\"https:\/\/www.welovecycling.com\/pl\/2018\/03\/09\/holandii-parkuje-sie-rowery\/\",\"url\":\"https:\/\/www.welovecycling.com\/pl\/2018\/03\/09\/holandii-parkuje-sie-rowery\/\",\"name\":\"Gdzie w Holandii parkuje si\u0119 rowery? - \u0160koda We Love Cycling - Poland\",\"isPartOf\":{\"@id\":\"https:\/\/www.welovecycling.com\/pl\/#website\"},\"primaryImageOfPage\":{\"@id\":\"https:\/\/www.welovecycling.com\/pl\/2018\/03\/09\/holandii-parkuje-sie-rowery\/#primaryimage\"},\"image\":{\"@id\":\"https:\/\/www.welovecycling.com\/pl\/2018\/03\/09\/holandii-parkuje-sie-rowery\/#primaryimage\"},\"thumbnailUrl\":\"https:\/\/d2p6e6u75xmxt8.cloudfront.net\/5\/2018\/03\/profimedia-0034593290-1.jpg\",\"datePublished\":\"2018-03-09T09:33:15+00:00\",\"author\":{\"@id\":\"https:\/\/www.welovecycling.com\/pl\/#\/schema\/person\/0dba2d39da943db9df3fd8f4687e7f23\"},\"breadcrumb\":{\"@id\":\"https:\/\/www.welovecycling.com\/pl\/2018\/03\/09\/holandii-parkuje-sie-rowery\/#breadcrumb\"},\"inLanguage\":\"pl-PL\",\"potentialAction\":[{\"@type\":\"ReadAction\",\"target\":[\"https:\/\/www.welovecycling.com\/pl\/2018\/03\/09\/holandii-parkuje-sie-rowery\/\"]}]},{\"@type\":\"ImageObject\",\"inLanguage\":\"pl-PL\",\"@id\":\"https:\/\/www.welovecycling.com\/pl\/2018\/03\/09\/holandii-parkuje-sie-rowery\/#primaryimage\",\"url\":\"https:\/\/d2p6e6u75xmxt8.cloudfront.net\/5\/2018\/03\/profimedia-0034593290-1.jpg\",\"contentUrl\":\"https:\/\/d2p6e6u75xmxt8.cloudfront.net\/5\/2018\/03\/profimedia-0034593290-1.jpg\",\"width\":1366,\"height\":600},{\"@type\":\"BreadcrumbList\",\"@id\":\"https:\/\/www.welovecycling.com\/pl\/2018\/03\/09\/holandii-parkuje-sie-rowery\/#breadcrumb\",\"itemListElement\":[{\"@type\":\"ListItem\",\"position\":1,\"name\":\"Home\",\"item\":\"https:\/\/www.welovecycling.com\/pl\/\"},{\"@type\":\"ListItem\",\"position\":2,\"name\":\"Gdzie w Holandii parkuje si\u0119 rowery?\"}]},{\"@type\":\"WebSite\",\"@id\":\"https:\/\/www.welovecycling.com\/pl\/#website\",\"url\":\"https:\/\/www.welovecycling.com\/pl\/\",\"name\":\"\u0160koda We Love Cycling - Poland\",\"description\":\"\",\"potentialAction\":[{\"@type\":\"SearchAction\",\"target\":{\"@type\":\"EntryPoint\",\"urlTemplate\":\"https:\/\/www.welovecycling.com\/pl\/?s={search_term_string}\"},\"query-input\":{\"@type\":\"PropertyValueSpecification\",\"valueRequired\":true,\"valueName\":\"search_term_string\"}}],\"inLanguage\":\"pl-PL\"},{\"@type\":\"Person\",\"@id\":\"https:\/\/www.welovecycling.com\/pl\/#\/schema\/person\/0dba2d39da943db9df3fd8f4687e7f23\",\"name\":\"piotrboczkowski\",\"image\":{\"@type\":\"ImageObject\",\"inLanguage\":\"pl-PL\",\"@id\":\"https:\/\/www.welovecycling.com\/pl\/#\/schema\/person\/image\/\",\"url\":\"https:\/\/secure.gravatar.com\/avatar\/533caccae14752e03a2ce2d3fd62d1b98b93e1393c3195c27819e53344ca1ace?s=96&d=mm&r=g\",\"contentUrl\":\"https:\/\/secure.gravatar.com\/avatar\/533caccae14752e03a2ce2d3fd62d1b98b93e1393c3195c27819e53344ca1ace?s=96&d=mm&r=g\",\"caption\":\"piotrboczkowski\"},\"url\":\"https:\/\/www.welovecycling.com\/pl\/author\/piotrboczkowski\/\"}]}<\/script>\n<!-- \/ Yoast SEO Premium plugin. -->","yoast_head_json":{"title":"Gdzie w Holandii parkuje si\u0119 rowery? - \u0160koda We Love Cycling - Poland","robots":{"index":"index","follow":"follow","max-snippet":"max-snippet:-1","max-image-preview":"max-image-preview:large","max-video-preview":"max-video-preview:-1"},"canonical":"https:\/\/www.welovecycling.com\/pl\/2018\/03\/09\/holandii-parkuje-sie-rowery\/","og_locale":"pl_PL","og_type":"article","og_title":"Gdzie w Holandii parkuje si\u0119 rowery?","og_description":"Jedn\u0105 z g\u0142\u00f3wnych przyczyn holenderskiego przywi\u0105zania do rower\u00f3w jest wygoda. Jak tylko \u0142atwiej b\u0119dzie zrobi\u0107 zakupy na rowerze, ni\u017c przy [&hellip;]","og_url":"https:\/\/www.welovecycling.com\/pl\/2018\/03\/09\/holandii-parkuje-sie-rowery\/","og_site_name":"\u0160koda We Love Cycling - Poland","article_published_time":"2018-03-09T09:33:15+00:00","og_image":[{"width":1366,"height":600,"url":"https:\/\/d2p6e6u75xmxt8.cloudfront.net\/5\/2018\/03\/profimedia-0034593290-1.jpg","type":"image\/jpeg"}],"author":"piotrboczkowski","twitter_card":"summary_large_image","twitter_misc":{"Written by":"Monica Buck","Est. reading time":"2 minutes"},"schema":{"@context":"https:\/\/schema.org","@graph":[{"@type":"WebPage","@id":"https:\/\/www.welovecycling.com\/pl\/2018\/03\/09\/holandii-parkuje-sie-rowery\/","url":"https:\/\/www.welovecycling.com\/pl\/2018\/03\/09\/holandii-parkuje-sie-rowery\/","name":"Gdzie w Holandii parkuje si\u0119 rowery? - \u0160koda We Love Cycling - Poland","isPartOf":{"@id":"https:\/\/www.welovecycling.com\/pl\/#website"},"primaryImageOfPage":{"@id":"https:\/\/www.welovecycling.com\/pl\/2018\/03\/09\/holandii-parkuje-sie-rowery\/#primaryimage"},"image":{"@id":"https:\/\/www.welovecycling.com\/pl\/2018\/03\/09\/holandii-parkuje-sie-rowery\/#primaryimage"},"thumbnailUrl":"https:\/\/d2p6e6u75xmxt8.cloudfront.net\/5\/2018\/03\/profimedia-0034593290-1.jpg","datePublished":"2018-03-09T09:33:15+00:00","author":{"@id":"https:\/\/www.welovecycling.com\/pl\/#\/schema\/person\/0dba2d39da943db9df3fd8f4687e7f23"},"breadcrumb":{"@id":"https:\/\/www.welovecycling.com\/pl\/2018\/03\/09\/holandii-parkuje-sie-rowery\/#breadcrumb"},"inLanguage":"pl-PL","potentialAction":[{"@type":"ReadAction","target":["https:\/\/www.welovecycling.com\/pl\/2018\/03\/09\/holandii-parkuje-sie-rowery\/"]}]},{"@type":"ImageObject","inLanguage":"pl-PL","@id":"https:\/\/www.welovecycling.com\/pl\/2018\/03\/09\/holandii-parkuje-sie-rowery\/#primaryimage","url":"https:\/\/d2p6e6u75xmxt8.cloudfront.net\/5\/2018\/03\/profimedia-0034593290-1.jpg","contentUrl":"https:\/\/d2p6e6u75xmxt8.cloudfront.net\/5\/2018\/03\/profimedia-0034593290-1.jpg","width":1366,"height":600},{"@type":"BreadcrumbList","@id":"https:\/\/www.welovecycling.com\/pl\/2018\/03\/09\/holandii-parkuje-sie-rowery\/#breadcrumb","itemListElement":[{"@type":"ListItem","position":1,"name":"Home","item":"https:\/\/www.welovecycling.com\/pl\/"},{"@type":"ListItem","position":2,"name":"Gdzie w Holandii parkuje si\u0119 rowery?"}]},{"@type":"WebSite","@id":"https:\/\/www.welovecycling.com\/pl\/#website","url":"https:\/\/www.welovecycling.com\/pl\/","name":"\u0160koda We Love Cycling - Poland","description":"","potentialAction":[{"@type":"SearchAction","target":{"@type":"EntryPoint","urlTemplate":"https:\/\/www.welovecycling.com\/pl\/?s={search_term_string}"},"query-input":{"@type":"PropertyValueSpecification","valueRequired":true,"valueName":"search_term_string"}}],"inLanguage":"pl-PL"},{"@type":"Person","@id":"https:\/\/www.welovecycling.com\/pl\/#\/schema\/person\/0dba2d39da943db9df3fd8f4687e7f23","name":"piotrboczkowski","image":{"@type":"ImageObject","inLanguage":"pl-PL","@id":"https:\/\/www.welovecycling.com\/pl\/#\/schema\/person\/image\/","url":"https:\/\/secure.gravatar.com\/avatar\/533caccae14752e03a2ce2d3fd62d1b98b93e1393c3195c27819e53344ca1ace?s=96&d=mm&r=g","contentUrl":"https:\/\/secure.gravatar.com\/avatar\/533caccae14752e03a2ce2d3fd62d1b98b93e1393c3195c27819e53344ca1ace?s=96&d=mm&r=g","caption":"piotrboczkowski"},"url":"https:\/\/www.welovecycling.com\/pl\/author\/piotrboczkowski\/"}]}},"_links":{"self":[{"href":"https:\/\/www.welovecycling.com\/pl\/wp-json\/wp\/v2\/posts\/6709","targetHints":{"allow":["GET"]}}],"collection":[{"href":"https:\/\/www.welovecycling.com\/pl\/wp-json\/wp\/v2\/posts"}],"about":[{"href":"https:\/\/www.welovecycling.com\/pl\/wp-json\/wp\/v2\/types\/post"}],"author":[{"embeddable":true,"href":"https:\/\/www.welovecycling.com\/pl\/wp-json\/wp\/v2\/users\/76"}],"replies":[{"embeddable":true,"href":"https:\/\/www.welovecycling.com\/pl\/wp-json\/wp\/v2\/comments?post=6709"}],"version-history":[{"count":2,"href":"https:\/\/www.welovecycling.com\/pl\/wp-json\/wp\/v2\/posts\/6709\/revisions"}],"predecessor-version":[{"id":6713,"href":"https:\/\/www.welovecycling.com\/pl\/wp-json\/wp\/v2\/posts\/6709\/revisions\/6713"}],"wp:featuredmedia":[{"embeddable":true,"href":"https:\/\/www.welovecycling.com\/pl\/wp-json\/wp\/v2\/media\/6710"}],"wp:attachment":[{"href":"https:\/\/www.welovecycling.com\/pl\/wp-json\/wp\/v2\/media?parent=6709"}],"wp:term":[{"taxonomy":"category","embeddable":true,"href":"https:\/\/www.welovecycling.com\/pl\/wp-json\/wp\/v2\/categories?post=6709"},{"taxonomy":"post_tag","embeddable":true,"href":"https:\/\/www.welovecycling.com\/pl\/wp-json\/wp\/v2\/tags?post=6709"},{"taxonomy":"global-categories","embeddable":true,"href":"https:\/\/www.welovecycling.com\/pl\/wp-json\/wp\/v2\/global-categories?post=6709"}],"curies":[{"name":"wp","href":"https:\/\/api.w.org\/{rel}","templated":true}]}}