{"id":6703,"date":"2018-03-07T09:51:01","date_gmt":"2018-03-07T09:51:01","guid":{"rendered":"https:\/\/www.welovecycling.com\/pl\/?p=6703"},"modified":"2018-03-07T09:51:01","modified_gmt":"2018-03-07T09:51:01","slug":"jeden-metr-dzielil-polaka-mistrzostwa-swiata","status":"publish","type":"post","link":"https:\/\/www.welovecycling.com\/pl\/2018\/03\/07\/jeden-metr-dzielil-polaka-mistrzostwa-swiata\/","title":{"rendered":"JEDEN metr dzieli\u0142 Polaka od mistrzostwa \u015bwiata!"},"content":{"rendered":"<p>Jeden z czo\u0142owych polskich kolarzy prze\u0142omu wieku &#8211; mistrzostwo \u015bwiata przegra\u0142 o b\u0142ysk szprychy, bo w si\u0119gni\u0119ciu po z\u0142oto przeszkodzi\u0142 mu pewien W\u0142och. Dzisiaj zajmuje si\u0119 szkoleniem m\u0142odzie\u017cy, ale dalej lubi rekreacyjnie przejecha\u0107 100 km. \u2013 Mi\u0142o\u015b\u0107 do roweru trwa ca\u0142e \u017cycie \u2013 m\u00f3wi <strong>Zbigniew Spruch<\/strong> w specjalnym wywiadzie dla WeLoveCycling.com.<\/p>\n<p><!--more--><\/p>\n<p><strong>Wicemistrzostwo \u015bwiata, wygranie Tour de Pologne, zwyci\u0119skie etapy w Wy\u015bcigu Pokoju, wyst\u0119p na Igrzyskach Olimpijskich. Kt\u00f3ry ze swoich sukces\u00f3w kolarskich ceni Pan najbardziej?<\/strong><\/p>\n<p><strong>&#8211; <\/strong>Wicemistrzostwo \u015bwiata oraz trzecie miejsce w wy\u015bcigu Mediolan \u2013 San Remo. To specyficzne, wiosenne \u015bciganie, kt\u00f3re czasem nazywane jest mistrzostwami \u015bwiata.<\/p>\n<p><strong>W\u0142a\u015bnie, wicemistrzostwo \u015bwiata\u2026 \u015ani si\u0119 Panu czasem finisz wy\u015bcigu z 2000 roku?<\/strong><\/p>\n<p><strong>&#8211;<\/strong> Nie, zdecydowanie nie, bo wiem, gdzie go przegra\u0142em. I nie by\u0142o to na &#8222;kresce&#8221;, bo ju\u017c metr za met\u0105 wyprzedzi\u0142em \u0141otysza Romansa Vainsteinsa, kt\u00f3ry zwyci\u0119\u017cy\u0142 w tym wy\u015bcigu. Przegra\u0142em ciut wcze\u015bniej, gdy jakie\u015b 250 metr\u00f3w przed met\u0105 W\u0142och zajecha\u0142 mi drog\u0119 i w pewnym momencie przesta\u0142em kr\u0119ci\u0107. To niestety wystarczy\u0142o, \u017ceby po z\u0142oty medal si\u0119gn\u0105\u0142 Vainsteins.<\/p>\n<p><strong>A m\u00f3g\u0142 si\u0119 Pan lepiej ustawi\u0107, wcze\u015bniej zaatakowa\u0107? <\/strong><\/p>\n<p>&#8211; Nie, inaczej nie da\u0142o si\u0119 tego zrobi\u0107. M\u00f3wi\u0119 zar\u00f3wno o sobie, jak i ca\u0142ej naszej ekipie, kt\u00f3ra wtedy pojecha\u0142a bardzo dobrze.<\/p>\n<p><strong>O ile meta musia\u0142aby zosta\u0107 przesuni\u0119ta, \u017ceby mia\u0142 Pan z\u0142oto?<\/strong><\/p>\n<p><strong>&#8211; <\/strong>Metr.<\/p>\n<p><strong>Zaledwie metr?!<\/strong><\/p>\n<p>&#8211; Tak, zaraz za met\u0105 wyprzedzi\u0142em Vainsteinsa. Powiem wi\u0119cej \u2013 to by\u0142o nawet mniej ni\u017c metr\u2026<\/p>\n<p><strong>To by\u0142 2000 rok. Jak od tego czasu zmieni\u0142o si\u0119 kolarstwo?<\/strong><\/p>\n<p><strong>&#8211; <\/strong>Za moich czas\u00f3w dru\u017cyna, kt\u00f3r\u0105 reprezentowa\u0142em, sk\u0142ada\u0142a si\u0119 z przyjaci\u00f3\u0142, a bliskich znajomych mia\u0142o si\u0119 nawet w peletonie. Teraz ka\u017cdy zesp\u00f3\u0142 jedzie oddzielnie, dla siebie, nie wida\u0107 wielkich za\u017cy\u0142o\u015bci. Brakuje pomocy, ka\u017cdy patrzy na siebie. Kiedy\u015b by\u0142o inaczej&#8230;<\/p>\n<p><strong>A samo zaplecze? Znacznie r\u00f3\u017cni si\u0119 od tego sprzed 15-20 lat?<\/strong><\/p>\n<p><strong>&#8211; <\/strong>Zdecydowanie. My je\u017adzili\u015bmy samochodami, nie by\u0142o autobus\u00f3w. Kiedy\u015b nazw\u0119 sponsora zespo\u0142u pokazywa\u0142o si\u0119 tylko na koszulce, teraz wida\u0107 ca\u0142\u0105 kolumn\u0119 firm wspieraj\u0105cych. To ju\u017c wielki biznes.<\/p>\n<p><strong>Polskie kolarstwo prze\u017cywa niez\u0142y okres, sporo w \u015bwiatowym peletonie znacz\u0105 Micha\u0142 Kwiatkowski, Rafa\u0142 Majka, czy Maciej Bodnar. Jest si\u0119 kim pochwali\u0107.<\/strong><\/p>\n<p>&#8211; Oczywi\u015bcie, tylko oni od m\u0142odych lat trenowali na Zachodzie, a u nas tylko chwil\u0119. Od dawna je\u017cd\u017c\u0105 w innych krajach, bo tam s\u0105 sponsorzy i du\u017co \u0142atwiej zacz\u0105\u0107 by\u0142o im karier\u0119 kolarza.<\/p>\n<p><strong>A jak zacz\u0119\u0142a si\u0119 Pana przygoda z tym sportem?<\/strong><\/p>\n<p>&#8211; M\u00f3j tata by\u0142 zawodnikiem, wi\u0119c zaszczepi\u0142 we mnie pasj\u0119 do kolarstwa. Zacz\u0105\u0142em je\u017adzi\u0107 jak mia\u0142em 13 lat, a dzi\u015b dzieciaki na Zachodzie startuj\u0105 w wieku 7-8 lat.<\/p>\n<p><strong>Pierwszy rower by\u0142 z prze\u0142o\u017ceniami czy sk\u0142adak?<\/strong><\/p>\n<p>&#8211; Nie, od razu mia\u0142em wy\u015bcig\u00f3wk\u0119 i to tak\u0105 dobr\u0105, od taty. Co prawda nie od razu na takich cz\u0119\u015bciach jak je\u017cd\u017c\u0105 zawodowcy, ale mo\u017ce p\u00f3\u0142zawodowcy&#8230; To by\u0142 dobry sprz\u0119t, kt\u00f3rym ju\u017c wtedy mog\u0142em si\u0119 pochwali\u0107.<\/p>\n<p><strong>Na Pana podw\u00f3rku porz\u0105dny rower to te\u017c by\u0142 pow\u00f3d do dumy?<\/strong><\/p>\n<p>\u2013 No jasne, \u017ce tak.<\/p>\n<p><strong>Por\u00f3wnywali\u015bcie, kto ma ile prze\u0142o\u017ce\u0144, jak wygl\u0105da&#8230;<\/strong><\/p>\n<p>\u2013 No oczywi\u015bcie. U nas m\u00f3wi\u0142o si\u0119 \u201eile kto ma przerzutek\u201d, a nie prze\u0142o\u017ce\u0144 (\u015bmiech). Jak my startowali\u015bmy, to mieli\u015bmy z ty\u0142u pi\u0119\u0107 prze\u0142o\u017ce\u0144. Teraz dosz\u0142o to do 11 \u2013 12, wi\u0119c troch\u0119 si\u0119 zmieni\u0142o.<\/p>\n<p><strong>Tata pcha\u0142 Pana w stron\u0119 kolarstwa, czy szybko po\u0142kn\u0105\u0142 Pan bakcyla? <\/strong><\/p>\n<p>\u2013 Jak ju\u017c go we mnie zaszczepi\u0142, to nie trzeba by\u0142o mnie pcha\u0107. By\u0142em zdyscyplinowany. Je\u015bli by\u0142 trening, to stara\u0142em si\u0119 wszystko tak zorganizowa\u0107, \u017ceby na niego zd\u0105\u017cy\u0107. Nie by\u0142o tak, \u017ce mi si\u0119 nie chcia\u0142o.<\/p>\n<p><strong>Tour de France, najwi\u0119ksza impreza kolarska \u015bwiata, to dla Pana wy\u015bcig przekl\u0119ty? Startowa\u0142 Pan w nim trzykrotnie i ani razu go nie uko\u0144czy\u0142.<\/strong><\/p>\n<p>\u2013 Nie kryj\u0119, \u017ce nie lubi\u0142em tego wy\u015bcigu i nigdy jako\u015b specjalnie si\u0119 do niego nie szykowa\u0142em. Zawsze przygotowywa\u0142em si\u0119 na wiosn\u0119 i na Giro d\u2019Italia, bo w\u0142a\u015bnie to liczy\u0142o si\u0119 dla w\u0142oskich dru\u017cyn.<\/p>\n<p><strong>Czyli ju\u017c przed startem zak\u0142ada\u0142 Pan, \u017ce nie dojedzie do ko\u0144ca Tour de France?<\/strong><\/p>\n<p>\u2013 Tak, bo nigdy nie lubi\u0142em upa\u0142\u00f3w. Cho\u0107 oczywi\u015bcie &#8211; jak by\u0142em w formie, to i upa\u0142 mi nie przeszkadza\u0142. Jednak, gdy jecha\u0142em Giro i mia\u0142em du\u017co wy\u015bcig\u00f3w, to w Tour de France zalicza\u0142em tylko par\u0119 etap\u00f3w, by przygotowa\u0107 si\u0119 do dalszej cz\u0119\u015bci sezonu. Nigdy nie nastawia\u0142em si\u0119 na wynik.<\/p>\n<p><strong>Ale Tour de France to dalej wy\u015bcig numer jeden na \u015bwiecie? <\/strong><\/p>\n<p>\u2013 Oczywi\u015bcie, \u017ce tak. Mo\u017ce nie pod wzgl\u0119dem trudno\u015bci, bo ci\u0119\u017csza jest Vuelta, a czasem tak\u017ce Giro. Jednak Tour de France ma tak\u0105 specyficzn\u0105 otoczk\u0119 i jest bardzo dobrze przygotowany medialnie. Numer jeden, jakby nie patrze\u0107.<\/p>\n<p><strong>Dzi\u015b jest Pan prezesem swojego macierzystego klubu &#8211; Trasa Zielona G\u00f3ra.<\/strong><\/p>\n<p>\u2013 Tak, szkolimy m\u0142odzie\u017c, najm\u0142odsi maj\u0105 11 lat.<\/p>\n<p><strong>I ilu 11-latk\u00f3w przychodzi na pierwszy trening?<\/strong><\/p>\n<p>\u2013 Na pocz\u0105tku jest ich 20-30, a na ko\u0144cu zostaje jeden.<\/p>\n<p><strong>Jeden?!<\/strong><\/p>\n<p>\u2013 Niestety, taka jest selekcja. Nie wszyscy zdaj\u0105 sobie spraw\u0119, \u017ce to kawa\u0142 ci\u0119\u017ckiej pracy. My\u015bl\u0105, \u017ce dostan\u0105 rower i b\u0119d\u0105 sobie je\u017adzi\u0107 po osiedlu, a to tak nie dzia\u0142a.<\/p>\n<p><strong>Wydaje mi si\u0119 jednak, \u017ce Polacy rekreacyjnie je\u017cd\u017c\u0105 coraz wi\u0119cej.<\/strong><\/p>\n<p>\u2013 Tak, powstaje bardzo du\u017co \u015bcie\u017cek rowerowych i my\u015bl\u0119, \u017ce b\u0119dzie ich jeszcze wi\u0119cej. Bardzo du\u017co ludzi je\u017adzi dla rekreacji. Rower jest przecie\u017c og\u00f3lnodost\u0119pny, a to bardzo przyjemna forma aktywno\u015bci fizycznej, ucieczka od pracy i obowi\u0105zk\u00f3w.<\/p>\n<p><strong>A Pan du\u017co je\u017adzi?<\/strong><\/p>\n<p><strong>&#8211; <\/strong>Zim\u0105 mniej, ale raz &#8211; dwa razy w tygodniu staram si\u0119 gdzie\u015b wyjecha\u0107. Taki przejazd do 100 kilometr\u00f3w.<\/p>\n<p><strong>Jak ju\u017c cz\u0142owiek pokocha rower, to nie jest w stanie go odstawi\u0107?<\/strong><\/p>\n<p>\u2013 Czasem przychodzi moment, \u017ce jak si\u0119 je\u017adzi d\u0142ugo i zawodowo, to p\u00f3\u017aniej na chwil\u0119 rower idzie w k\u0105t, jednak po pewnym czasie si\u0119 do niego wraca. Mi\u0142o\u015b\u0107 do roweru trwa ca\u0142e \u017cycie.<\/p>\n","protected":false},"excerpt":{"rendered":"<p>Jeden z czo\u0142owych polskich kolarzy prze\u0142omu wieku &#8211; mistrzostwo \u015bwiata przegra\u0142 o b\u0142ysk szprychy, bo w si\u0119gni\u0119ciu po z\u0142oto przeszkodzi\u0142 [&hellip;]<\/p>\n","protected":false},"author":76,"featured_media":6704,"comment_status":"open","ping_status":"open","sticky":false,"template":"","format":"standard","meta":{"footnotes":""},"categories":[226],"tags":[41,82,154],"global-categories":[],"class_list":["post-6703","post","type-post","status-publish","format-standard","has-post-thumbnail","hentry","category-ciekawostki","tag-cycling","tag-welovecycling","tag-wywiad"],"yoast_head":"<!-- This site is optimized with the Yoast SEO Premium plugin v25.3 (Yoast SEO v25.9) - https:\/\/yoast.com\/wordpress\/plugins\/seo\/ -->\n<title>JEDEN metr dzieli\u0142 Polaka od mistrzostwa \u015bwiata! - \u0160koda We Love Cycling - Poland<\/title>\n<meta name=\"robots\" content=\"index, follow, max-snippet:-1, max-image-preview:large, max-video-preview:-1\" \/>\n<link rel=\"canonical\" href=\"https:\/\/www.welovecycling.com\/pl\/2018\/03\/07\/jeden-metr-dzielil-polaka-mistrzostwa-swiata\/\" \/>\n<meta property=\"og:locale\" content=\"pl_PL\" \/>\n<meta property=\"og:type\" content=\"article\" \/>\n<meta property=\"og:title\" content=\"JEDEN metr dzieli\u0142 Polaka od mistrzostwa \u015bwiata!\" \/>\n<meta property=\"og:description\" content=\"Jeden z czo\u0142owych polskich kolarzy prze\u0142omu wieku &#8211; mistrzostwo \u015bwiata przegra\u0142 o b\u0142ysk szprychy, bo w si\u0119gni\u0119ciu po z\u0142oto przeszkodzi\u0142 [&hellip;]\" \/>\n<meta property=\"og:url\" content=\"https:\/\/www.welovecycling.com\/pl\/2018\/03\/07\/jeden-metr-dzielil-polaka-mistrzostwa-swiata\/\" \/>\n<meta property=\"og:site_name\" content=\"\u0160koda We Love Cycling - Poland\" \/>\n<meta property=\"article:published_time\" content=\"2018-03-07T09:51:01+00:00\" \/>\n<meta property=\"og:image\" content=\"https:\/\/d2p6e6u75xmxt8.cloudfront.net\/5\/2018\/03\/shutterstock_635675588.jpg\" \/>\n\t<meta property=\"og:image:width\" content=\"1000\" \/>\n\t<meta property=\"og:image:height\" content=\"474\" \/>\n\t<meta property=\"og:image:type\" content=\"image\/jpeg\" \/>\n<meta name=\"author\" content=\"piotrboczkowski\" \/>\n<meta name=\"twitter:card\" content=\"summary_large_image\" \/>\n<meta name=\"twitter:label1\" content=\"Written by\" \/>\n\t<meta name=\"twitter:data1\" content=\"WeLoveCycling\" \/>\n\t<meta name=\"twitter:label2\" content=\"Est. reading time\" \/>\n\t<meta name=\"twitter:data2\" content=\"5 minutes\" \/>\n<script type=\"application\/ld+json\" class=\"yoast-schema-graph\">{\"@context\":\"https:\/\/schema.org\",\"@graph\":[{\"@type\":\"WebPage\",\"@id\":\"https:\/\/www.welovecycling.com\/pl\/2018\/03\/07\/jeden-metr-dzielil-polaka-mistrzostwa-swiata\/\",\"url\":\"https:\/\/www.welovecycling.com\/pl\/2018\/03\/07\/jeden-metr-dzielil-polaka-mistrzostwa-swiata\/\",\"name\":\"JEDEN metr dzieli\u0142 Polaka od mistrzostwa \u015bwiata! - \u0160koda We Love Cycling - Poland\",\"isPartOf\":{\"@id\":\"https:\/\/www.welovecycling.com\/pl\/#website\"},\"primaryImageOfPage\":{\"@id\":\"https:\/\/www.welovecycling.com\/pl\/2018\/03\/07\/jeden-metr-dzielil-polaka-mistrzostwa-swiata\/#primaryimage\"},\"image\":{\"@id\":\"https:\/\/www.welovecycling.com\/pl\/2018\/03\/07\/jeden-metr-dzielil-polaka-mistrzostwa-swiata\/#primaryimage\"},\"thumbnailUrl\":\"https:\/\/d2p6e6u75xmxt8.cloudfront.net\/5\/2018\/03\/shutterstock_635675588.jpg\",\"datePublished\":\"2018-03-07T09:51:01+00:00\",\"author\":{\"@id\":\"https:\/\/www.welovecycling.com\/pl\/#\/schema\/person\/0dba2d39da943db9df3fd8f4687e7f23\"},\"breadcrumb\":{\"@id\":\"https:\/\/www.welovecycling.com\/pl\/2018\/03\/07\/jeden-metr-dzielil-polaka-mistrzostwa-swiata\/#breadcrumb\"},\"inLanguage\":\"pl-PL\",\"potentialAction\":[{\"@type\":\"ReadAction\",\"target\":[\"https:\/\/www.welovecycling.com\/pl\/2018\/03\/07\/jeden-metr-dzielil-polaka-mistrzostwa-swiata\/\"]}]},{\"@type\":\"ImageObject\",\"inLanguage\":\"pl-PL\",\"@id\":\"https:\/\/www.welovecycling.com\/pl\/2018\/03\/07\/jeden-metr-dzielil-polaka-mistrzostwa-swiata\/#primaryimage\",\"url\":\"https:\/\/d2p6e6u75xmxt8.cloudfront.net\/5\/2018\/03\/shutterstock_635675588.jpg\",\"contentUrl\":\"https:\/\/d2p6e6u75xmxt8.cloudfront.net\/5\/2018\/03\/shutterstock_635675588.jpg\",\"width\":1000,\"height\":474},{\"@type\":\"BreadcrumbList\",\"@id\":\"https:\/\/www.welovecycling.com\/pl\/2018\/03\/07\/jeden-metr-dzielil-polaka-mistrzostwa-swiata\/#breadcrumb\",\"itemListElement\":[{\"@type\":\"ListItem\",\"position\":1,\"name\":\"Home\",\"item\":\"https:\/\/www.welovecycling.com\/pl\/\"},{\"@type\":\"ListItem\",\"position\":2,\"name\":\"JEDEN metr dzieli\u0142 Polaka od mistrzostwa \u015bwiata!\"}]},{\"@type\":\"WebSite\",\"@id\":\"https:\/\/www.welovecycling.com\/pl\/#website\",\"url\":\"https:\/\/www.welovecycling.com\/pl\/\",\"name\":\"\u0160koda We Love Cycling - Poland\",\"description\":\"\",\"potentialAction\":[{\"@type\":\"SearchAction\",\"target\":{\"@type\":\"EntryPoint\",\"urlTemplate\":\"https:\/\/www.welovecycling.com\/pl\/?s={search_term_string}\"},\"query-input\":{\"@type\":\"PropertyValueSpecification\",\"valueRequired\":true,\"valueName\":\"search_term_string\"}}],\"inLanguage\":\"pl-PL\"},{\"@type\":\"Person\",\"@id\":\"https:\/\/www.welovecycling.com\/pl\/#\/schema\/person\/0dba2d39da943db9df3fd8f4687e7f23\",\"name\":\"piotrboczkowski\",\"image\":{\"@type\":\"ImageObject\",\"inLanguage\":\"pl-PL\",\"@id\":\"https:\/\/www.welovecycling.com\/pl\/#\/schema\/person\/image\/\",\"url\":\"https:\/\/secure.gravatar.com\/avatar\/533caccae14752e03a2ce2d3fd62d1b98b93e1393c3195c27819e53344ca1ace?s=96&d=mm&r=g\",\"contentUrl\":\"https:\/\/secure.gravatar.com\/avatar\/533caccae14752e03a2ce2d3fd62d1b98b93e1393c3195c27819e53344ca1ace?s=96&d=mm&r=g\",\"caption\":\"piotrboczkowski\"},\"url\":\"https:\/\/www.welovecycling.com\/pl\/author\/piotrboczkowski\/\"}]}<\/script>\n<!-- \/ Yoast SEO Premium plugin. -->","yoast_head_json":{"title":"JEDEN metr dzieli\u0142 Polaka od mistrzostwa \u015bwiata! - \u0160koda We Love Cycling - Poland","robots":{"index":"index","follow":"follow","max-snippet":"max-snippet:-1","max-image-preview":"max-image-preview:large","max-video-preview":"max-video-preview:-1"},"canonical":"https:\/\/www.welovecycling.com\/pl\/2018\/03\/07\/jeden-metr-dzielil-polaka-mistrzostwa-swiata\/","og_locale":"pl_PL","og_type":"article","og_title":"JEDEN metr dzieli\u0142 Polaka od mistrzostwa \u015bwiata!","og_description":"Jeden z czo\u0142owych polskich kolarzy prze\u0142omu wieku &#8211; mistrzostwo \u015bwiata przegra\u0142 o b\u0142ysk szprychy, bo w si\u0119gni\u0119ciu po z\u0142oto przeszkodzi\u0142 [&hellip;]","og_url":"https:\/\/www.welovecycling.com\/pl\/2018\/03\/07\/jeden-metr-dzielil-polaka-mistrzostwa-swiata\/","og_site_name":"\u0160koda We Love Cycling - Poland","article_published_time":"2018-03-07T09:51:01+00:00","og_image":[{"width":1000,"height":474,"url":"https:\/\/d2p6e6u75xmxt8.cloudfront.net\/5\/2018\/03\/shutterstock_635675588.jpg","type":"image\/jpeg"}],"author":"piotrboczkowski","twitter_card":"summary_large_image","twitter_misc":{"Written by":"WeLoveCycling","Est. reading time":"5 minutes"},"schema":{"@context":"https:\/\/schema.org","@graph":[{"@type":"WebPage","@id":"https:\/\/www.welovecycling.com\/pl\/2018\/03\/07\/jeden-metr-dzielil-polaka-mistrzostwa-swiata\/","url":"https:\/\/www.welovecycling.com\/pl\/2018\/03\/07\/jeden-metr-dzielil-polaka-mistrzostwa-swiata\/","name":"JEDEN metr dzieli\u0142 Polaka od mistrzostwa \u015bwiata! - \u0160koda We Love Cycling - Poland","isPartOf":{"@id":"https:\/\/www.welovecycling.com\/pl\/#website"},"primaryImageOfPage":{"@id":"https:\/\/www.welovecycling.com\/pl\/2018\/03\/07\/jeden-metr-dzielil-polaka-mistrzostwa-swiata\/#primaryimage"},"image":{"@id":"https:\/\/www.welovecycling.com\/pl\/2018\/03\/07\/jeden-metr-dzielil-polaka-mistrzostwa-swiata\/#primaryimage"},"thumbnailUrl":"https:\/\/d2p6e6u75xmxt8.cloudfront.net\/5\/2018\/03\/shutterstock_635675588.jpg","datePublished":"2018-03-07T09:51:01+00:00","author":{"@id":"https:\/\/www.welovecycling.com\/pl\/#\/schema\/person\/0dba2d39da943db9df3fd8f4687e7f23"},"breadcrumb":{"@id":"https:\/\/www.welovecycling.com\/pl\/2018\/03\/07\/jeden-metr-dzielil-polaka-mistrzostwa-swiata\/#breadcrumb"},"inLanguage":"pl-PL","potentialAction":[{"@type":"ReadAction","target":["https:\/\/www.welovecycling.com\/pl\/2018\/03\/07\/jeden-metr-dzielil-polaka-mistrzostwa-swiata\/"]}]},{"@type":"ImageObject","inLanguage":"pl-PL","@id":"https:\/\/www.welovecycling.com\/pl\/2018\/03\/07\/jeden-metr-dzielil-polaka-mistrzostwa-swiata\/#primaryimage","url":"https:\/\/d2p6e6u75xmxt8.cloudfront.net\/5\/2018\/03\/shutterstock_635675588.jpg","contentUrl":"https:\/\/d2p6e6u75xmxt8.cloudfront.net\/5\/2018\/03\/shutterstock_635675588.jpg","width":1000,"height":474},{"@type":"BreadcrumbList","@id":"https:\/\/www.welovecycling.com\/pl\/2018\/03\/07\/jeden-metr-dzielil-polaka-mistrzostwa-swiata\/#breadcrumb","itemListElement":[{"@type":"ListItem","position":1,"name":"Home","item":"https:\/\/www.welovecycling.com\/pl\/"},{"@type":"ListItem","position":2,"name":"JEDEN metr dzieli\u0142 Polaka od mistrzostwa \u015bwiata!"}]},{"@type":"WebSite","@id":"https:\/\/www.welovecycling.com\/pl\/#website","url":"https:\/\/www.welovecycling.com\/pl\/","name":"\u0160koda We Love Cycling - Poland","description":"","potentialAction":[{"@type":"SearchAction","target":{"@type":"EntryPoint","urlTemplate":"https:\/\/www.welovecycling.com\/pl\/?s={search_term_string}"},"query-input":{"@type":"PropertyValueSpecification","valueRequired":true,"valueName":"search_term_string"}}],"inLanguage":"pl-PL"},{"@type":"Person","@id":"https:\/\/www.welovecycling.com\/pl\/#\/schema\/person\/0dba2d39da943db9df3fd8f4687e7f23","name":"piotrboczkowski","image":{"@type":"ImageObject","inLanguage":"pl-PL","@id":"https:\/\/www.welovecycling.com\/pl\/#\/schema\/person\/image\/","url":"https:\/\/secure.gravatar.com\/avatar\/533caccae14752e03a2ce2d3fd62d1b98b93e1393c3195c27819e53344ca1ace?s=96&d=mm&r=g","contentUrl":"https:\/\/secure.gravatar.com\/avatar\/533caccae14752e03a2ce2d3fd62d1b98b93e1393c3195c27819e53344ca1ace?s=96&d=mm&r=g","caption":"piotrboczkowski"},"url":"https:\/\/www.welovecycling.com\/pl\/author\/piotrboczkowski\/"}]}},"_links":{"self":[{"href":"https:\/\/www.welovecycling.com\/pl\/wp-json\/wp\/v2\/posts\/6703","targetHints":{"allow":["GET"]}}],"collection":[{"href":"https:\/\/www.welovecycling.com\/pl\/wp-json\/wp\/v2\/posts"}],"about":[{"href":"https:\/\/www.welovecycling.com\/pl\/wp-json\/wp\/v2\/types\/post"}],"author":[{"embeddable":true,"href":"https:\/\/www.welovecycling.com\/pl\/wp-json\/wp\/v2\/users\/76"}],"replies":[{"embeddable":true,"href":"https:\/\/www.welovecycling.com\/pl\/wp-json\/wp\/v2\/comments?post=6703"}],"version-history":[{"count":2,"href":"https:\/\/www.welovecycling.com\/pl\/wp-json\/wp\/v2\/posts\/6703\/revisions"}],"predecessor-version":[{"id":6707,"href":"https:\/\/www.welovecycling.com\/pl\/wp-json\/wp\/v2\/posts\/6703\/revisions\/6707"}],"wp:featuredmedia":[{"embeddable":true,"href":"https:\/\/www.welovecycling.com\/pl\/wp-json\/wp\/v2\/media\/6704"}],"wp:attachment":[{"href":"https:\/\/www.welovecycling.com\/pl\/wp-json\/wp\/v2\/media?parent=6703"}],"wp:term":[{"taxonomy":"category","embeddable":true,"href":"https:\/\/www.welovecycling.com\/pl\/wp-json\/wp\/v2\/categories?post=6703"},{"taxonomy":"post_tag","embeddable":true,"href":"https:\/\/www.welovecycling.com\/pl\/wp-json\/wp\/v2\/tags?post=6703"},{"taxonomy":"global-categories","embeddable":true,"href":"https:\/\/www.welovecycling.com\/pl\/wp-json\/wp\/v2\/global-categories?post=6703"}],"curies":[{"name":"wp","href":"https:\/\/api.w.org\/{rel}","templated":true}]}}