{"id":6670,"date":"2018-02-23T08:19:44","date_gmt":"2018-02-23T08:19:44","guid":{"rendered":"https:\/\/www.welovecycling.com\/pl\/?p=6670"},"modified":"2018-02-23T08:19:44","modified_gmt":"2018-02-23T08:19:44","slug":"96-razy-zakladal-zolta-koszulke-tour-de-france-oto-nagroda","status":"publish","type":"post","link":"https:\/\/www.welovecycling.com\/pl\/2018\/02\/23\/96-razy-zakladal-zolta-koszulke-tour-de-france-oto-nagroda\/","title":{"rendered":"96 razy zak\u0142ada\u0142 \u017c\u00f3\u0142t\u0105 koszulk\u0119 Tour de France. Oto nagroda!"},"content":{"rendered":"<p><strong>Co roku grubo ponad 100 miast marzy o goszczeniu Wielkiej P\u0119tli. Tym razem wyb\u00f3r m\u00f3g\u0142 by\u0107 jednak tylko jeden \u2013 w 2019 r. Tour de France wystartuje z Belgii.<\/strong><\/p>\n<p><!--more--><\/p>\n<p>Czemu to takie oczywiste? Poniewa\u017c za rok minie 50 lat od pierwszego zwyci\u0119stwa w Wielkiej P\u0119tli znakomitego Eddy&#8217;ego Merckxa.<\/p>\n<p>&#8211; To dla nas niezwykle wa\u017cne, by w\u0142a\u015bnie w 2019 r. wy\u015bcig zaczyna\u0142 si\u0119 w miejscu urodzenia cz\u0142owieka, kt\u00f3ry najcz\u0119\u015bciej w historii zak\u0142ada\u0142 \u017c\u00f3\u0142t\u0105 koszulk\u0119 lidera Tour de France [96 razy \u2013 przyp. red.] \u2013 zaznacza Christian Prudhomme, dyrektor Wielkiej P\u0119tli.<\/p>\n<p>Merckx dla Tour de France jest jak Pele dla pi\u0142ki no\u017cnej czy Michael Jordan dla koszyk\u00f3wki, bo nikt wi\u0119cej razy nie wygra\u0142 klasyfikacji generalnej wy\u015bcigu. Triumfowa\u0142 a\u017c pi\u0119ciokrotnie (w latach 1969 \u2013 1972 i w 1974 r.), czyli tyle samo co trzech innych zawodnik\u00f3w. To jednak Merckx jako jedyny zawodnik w historii, w trakcie jednego wy\u015bcigu potrafi\u0142 wygra\u0107 klasyfikacj\u0119 generaln\u0105, punktow\u0105, sprintersk\u0105 oraz g\u00f3rsk\u0105 (w 1969 r.). Dzi\u0119ki temu zapracowa\u0142 na pseudonim \u201eKanibal\u201d, bo chcia\u0142 zwyci\u0119\u017ca\u0107 wsz\u0119dzie i z wszystkimi.<\/p>\n<p>&#8211; Start Tour de France 2019 w Belgii to minimum, jakie mogli\u015bmy zrobi\u0107 dla uhonorowania tego wielkiego zawodnika. Jako kolarz by\u0142 kim\u015b wyj\u0105tkowym, a dzi\u015b jest po prostu legend\u0105 \u2013 podkre\u015bla dyrektor Prudhomme.<\/p>\n<p><strong>Tabun ch\u0119tnych<\/strong><\/p>\n<p>Tour de France 2019 zacznie si\u0119 6 lipca etapem po drogach Flandrii i Walonii, co ma symbolizowa\u0107 jedno\u015b\u0107 Belgii. Z kolei nast\u0119pnego dnia odb\u0119dzie si\u0119 dru\u017cynowa jazda na czas po ulicach Brukseli. Kolarze \u015bciga\u0107 b\u0119d\u0105 si\u0119 pewnie w okolicach wielkiej budowli w kszta\u0142cie atomu, odwiedz\u0105 symbol Brukseli, czyli sikaj\u0105cego ch\u0142opca, a najlepsi zamiast szampana mog\u0105 liczy\u0107 na szklaneczk\u0119 wy\u015bmienitego belgijskiego piwa.<\/p>\n<p>Tour de France do Belgii zawita pi\u0105ty raz, a granice Francji opu\u015bci po raz 23. w swojej 115-letniej historii. Negocjacje dotycz\u0105ce startu wy\u015bcigu za p\u00f3\u0142nocn\u0105 granic\u0105 zacz\u0119\u0142y si\u0119 ju\u017c cztery lata temu, ale nie ma si\u0119 co dziwi\u0107, skoro Norwegowie kilka miesi\u0119cy temu og\u0142osili, \u017ce b\u0119d\u0105 starali si\u0119 o Wielk\u0105 P\u0119tl\u0119 w\u2026 2022 r.<\/p>\n<p>Wyprzedzenie musi by\u0107 spore, a oferta bardzo konkretna, bo co roku ch\u0119tnych do zorganizowania etapu najwi\u0119kszego wy\u015bcigu \u015bwiata jest ponad 200 miast, z czego 100 to ju\u017c powa\u017cne propozycje. Do tej pory zaszczyt goszczenia Tour de France mia\u0142a: Andora, Niemcy, Irlandia, W\u0142ochy, Monako, Holandia, Hiszpania, Szwajcaria i Wielka Brytania.<\/p>\n<p>Kiedy\u015b w tym kontek\u015bcie m\u00f3wi\u0142o si\u0119 r\u00f3wnie\u017c o\u2026 Polsce, a dok\u0142adnie o Krakowie. Bomba wybuch\u0142a w 2010 r., gdy okaza\u0142o si\u0119, \u017ce Bogdan Koraszewski, wielki entuzjasta Tour de France, zagadn\u0105\u0142 dyrektora Prudhomme o tak\u0105 mo\u017cliwo\u015b\u0107, ale do z\u0142o\u017cenia konkretnej propozycji nigdy jednak nie dosz\u0142o.<\/p>\n<p><strong>Belgia dobra dla Polak\u00f3w<\/strong><\/p>\n<p>Goszczenie Wielkiej P\u0119tli to nie tylko wielki presti\u017c, ale te\u017c ogromny obowi\u0105zek i wyzwanie. Trzeba przyj\u0105\u0107 kolarzy, przygotowa\u0107 tras\u0119, a p\u00f3\u017aniej przetransportowa\u0107 zawodnik\u00f3w i ekipy do Francji. To wszystko kosztuje, a podstawowe wydatki wycenia si\u0119 na co najmniej 10 mln euro.<\/p>\n<p>W zamian otrzymuje si\u0119 jednak rozg\u0142os, transmisj\u0119 telewizyjn\u0105 do blisko 200 pa\u0144stw, ale te\u017c kolarskie szale\u0144stwo. Wydawane s\u0105 specjalne gazety, witryny sklepowe dekoruje si\u0119 na \u017c\u00f3\u0142to, przed wy\u015bcigiem tysi\u0105ce ludzi \u0142apie tysi\u0105ce gad\u017cet\u00f3w od ekip, sponsor\u00f3w i organizator\u00f3w.<\/p>\n<p>I tak samo zapewne b\u0119dzie 6 i 7 lipca 2019 r. w Belgii. Start Tour de France w tym pa\u0144stwie to tak\u017ce dobra wiadomo\u015b\u0107 dla polskich kolarzy i zawodnik\u00f3w. W Brukseli i okolicach mieszka bowiem wielu Polak\u00f3w, kt\u00f3rzy \u017cyj\u0105 tym sportem. Gdy w poprzednim roku Wielka P\u0119tla zaczyna\u0142a si\u0119 w niemieckim Dusseldorfie, nasi kolarze mogli czu\u0107 si\u0119 jak w domu, bo niemal na ka\u017cdym kroku widzieli bia\u0142o-czerwone flagi. Polscy kibice byli niesamowici \u2013 przyzna\u0142 Micha\u0142 Kwiatkowski i pewnie na to samo wraz z kolegami b\u0119dzie liczy\u0142 w 2019 r. w Belgii.<\/p>\n","protected":false},"excerpt":{"rendered":"<p>Co roku grubo ponad 100 miast marzy o goszczeniu Wielkiej P\u0119tli. Tym razem wyb\u00f3r m\u00f3g\u0142 by\u0107 jednak tylko jeden \u2013 [&hellip;]<\/p>\n","protected":false},"author":76,"featured_media":6671,"comment_status":"open","ping_status":"open","sticky":false,"template":"","format":"standard","meta":{"footnotes":""},"categories":[226],"tags":[41,77,82],"global-categories":[],"class_list":["post-6670","post","type-post","status-publish","format-standard","has-post-thumbnail","hentry","category-ciekawostki","tag-cycling","tag-tour-de-france","tag-welovecycling"],"yoast_head":"<!-- This site is optimized with the Yoast SEO Premium plugin v25.3 (Yoast SEO v25.9) - https:\/\/yoast.com\/wordpress\/plugins\/seo\/ -->\n<title>96 razy zak\u0142ada\u0142 \u017c\u00f3\u0142t\u0105 koszulk\u0119 Tour de France. Oto nagroda! - \u0160koda We Love Cycling - Poland<\/title>\n<meta name=\"robots\" content=\"index, follow, max-snippet:-1, max-image-preview:large, max-video-preview:-1\" \/>\n<link rel=\"canonical\" href=\"https:\/\/www.welovecycling.com\/pl\/2018\/02\/23\/96-razy-zakladal-zolta-koszulke-tour-de-france-oto-nagroda\/\" \/>\n<meta property=\"og:locale\" content=\"pl_PL\" \/>\n<meta property=\"og:type\" content=\"article\" \/>\n<meta property=\"og:title\" content=\"96 razy zak\u0142ada\u0142 \u017c\u00f3\u0142t\u0105 koszulk\u0119 Tour de France. Oto nagroda!\" \/>\n<meta property=\"og:description\" content=\"Co roku grubo ponad 100 miast marzy o goszczeniu Wielkiej P\u0119tli. Tym razem wyb\u00f3r m\u00f3g\u0142 by\u0107 jednak tylko jeden \u2013 [&hellip;]\" \/>\n<meta property=\"og:url\" content=\"https:\/\/www.welovecycling.com\/pl\/2018\/02\/23\/96-razy-zakladal-zolta-koszulke-tour-de-france-oto-nagroda\/\" \/>\n<meta property=\"og:site_name\" content=\"\u0160koda We Love Cycling - Poland\" \/>\n<meta property=\"article:published_time\" content=\"2018-02-23T08:19:44+00:00\" \/>\n<meta property=\"og:image\" content=\"https:\/\/d2p6e6u75xmxt8.cloudfront.net\/5\/2018\/02\/shutterstock_561650584.jpg\" \/>\n\t<meta property=\"og:image:width\" content=\"1000\" \/>\n\t<meta property=\"og:image:height\" content=\"667\" \/>\n\t<meta property=\"og:image:type\" content=\"image\/jpeg\" \/>\n<meta name=\"author\" content=\"piotrboczkowski\" \/>\n<meta name=\"twitter:card\" content=\"summary_large_image\" \/>\n<meta name=\"twitter:label1\" content=\"Written by\" \/>\n\t<meta name=\"twitter:data1\" content=\"WeLoveCycling\" \/>\n\t<meta name=\"twitter:label2\" content=\"Est. reading time\" \/>\n\t<meta name=\"twitter:data2\" content=\"3 minutes\" \/>\n<script type=\"application\/ld+json\" class=\"yoast-schema-graph\">{\"@context\":\"https:\/\/schema.org\",\"@graph\":[{\"@type\":\"WebPage\",\"@id\":\"https:\/\/www.welovecycling.com\/pl\/2018\/02\/23\/96-razy-zakladal-zolta-koszulke-tour-de-france-oto-nagroda\/\",\"url\":\"https:\/\/www.welovecycling.com\/pl\/2018\/02\/23\/96-razy-zakladal-zolta-koszulke-tour-de-france-oto-nagroda\/\",\"name\":\"96 razy zak\u0142ada\u0142 \u017c\u00f3\u0142t\u0105 koszulk\u0119 Tour de France. Oto nagroda! - \u0160koda We Love Cycling - Poland\",\"isPartOf\":{\"@id\":\"https:\/\/www.welovecycling.com\/pl\/#website\"},\"primaryImageOfPage\":{\"@id\":\"https:\/\/www.welovecycling.com\/pl\/2018\/02\/23\/96-razy-zakladal-zolta-koszulke-tour-de-france-oto-nagroda\/#primaryimage\"},\"image\":{\"@id\":\"https:\/\/www.welovecycling.com\/pl\/2018\/02\/23\/96-razy-zakladal-zolta-koszulke-tour-de-france-oto-nagroda\/#primaryimage\"},\"thumbnailUrl\":\"https:\/\/d2p6e6u75xmxt8.cloudfront.net\/5\/2018\/02\/shutterstock_561650584.jpg\",\"datePublished\":\"2018-02-23T08:19:44+00:00\",\"author\":{\"@id\":\"https:\/\/www.welovecycling.com\/pl\/#\/schema\/person\/0dba2d39da943db9df3fd8f4687e7f23\"},\"breadcrumb\":{\"@id\":\"https:\/\/www.welovecycling.com\/pl\/2018\/02\/23\/96-razy-zakladal-zolta-koszulke-tour-de-france-oto-nagroda\/#breadcrumb\"},\"inLanguage\":\"pl-PL\",\"potentialAction\":[{\"@type\":\"ReadAction\",\"target\":[\"https:\/\/www.welovecycling.com\/pl\/2018\/02\/23\/96-razy-zakladal-zolta-koszulke-tour-de-france-oto-nagroda\/\"]}]},{\"@type\":\"ImageObject\",\"inLanguage\":\"pl-PL\",\"@id\":\"https:\/\/www.welovecycling.com\/pl\/2018\/02\/23\/96-razy-zakladal-zolta-koszulke-tour-de-france-oto-nagroda\/#primaryimage\",\"url\":\"https:\/\/d2p6e6u75xmxt8.cloudfront.net\/5\/2018\/02\/shutterstock_561650584.jpg\",\"contentUrl\":\"https:\/\/d2p6e6u75xmxt8.cloudfront.net\/5\/2018\/02\/shutterstock_561650584.jpg\",\"width\":1000,\"height\":667},{\"@type\":\"BreadcrumbList\",\"@id\":\"https:\/\/www.welovecycling.com\/pl\/2018\/02\/23\/96-razy-zakladal-zolta-koszulke-tour-de-france-oto-nagroda\/#breadcrumb\",\"itemListElement\":[{\"@type\":\"ListItem\",\"position\":1,\"name\":\"Home\",\"item\":\"https:\/\/www.welovecycling.com\/pl\/\"},{\"@type\":\"ListItem\",\"position\":2,\"name\":\"96 razy zak\u0142ada\u0142 \u017c\u00f3\u0142t\u0105 koszulk\u0119 Tour de France. Oto nagroda!\"}]},{\"@type\":\"WebSite\",\"@id\":\"https:\/\/www.welovecycling.com\/pl\/#website\",\"url\":\"https:\/\/www.welovecycling.com\/pl\/\",\"name\":\"\u0160koda We Love Cycling - Poland\",\"description\":\"\",\"potentialAction\":[{\"@type\":\"SearchAction\",\"target\":{\"@type\":\"EntryPoint\",\"urlTemplate\":\"https:\/\/www.welovecycling.com\/pl\/?s={search_term_string}\"},\"query-input\":{\"@type\":\"PropertyValueSpecification\",\"valueRequired\":true,\"valueName\":\"search_term_string\"}}],\"inLanguage\":\"pl-PL\"},{\"@type\":\"Person\",\"@id\":\"https:\/\/www.welovecycling.com\/pl\/#\/schema\/person\/0dba2d39da943db9df3fd8f4687e7f23\",\"name\":\"piotrboczkowski\",\"image\":{\"@type\":\"ImageObject\",\"inLanguage\":\"pl-PL\",\"@id\":\"https:\/\/www.welovecycling.com\/pl\/#\/schema\/person\/image\/\",\"url\":\"https:\/\/secure.gravatar.com\/avatar\/533caccae14752e03a2ce2d3fd62d1b98b93e1393c3195c27819e53344ca1ace?s=96&d=mm&r=g\",\"contentUrl\":\"https:\/\/secure.gravatar.com\/avatar\/533caccae14752e03a2ce2d3fd62d1b98b93e1393c3195c27819e53344ca1ace?s=96&d=mm&r=g\",\"caption\":\"piotrboczkowski\"},\"url\":\"https:\/\/www.welovecycling.com\/pl\/author\/piotrboczkowski\/\"}]}<\/script>\n<!-- \/ Yoast SEO Premium plugin. -->","yoast_head_json":{"title":"96 razy zak\u0142ada\u0142 \u017c\u00f3\u0142t\u0105 koszulk\u0119 Tour de France. Oto nagroda! - \u0160koda We Love Cycling - Poland","robots":{"index":"index","follow":"follow","max-snippet":"max-snippet:-1","max-image-preview":"max-image-preview:large","max-video-preview":"max-video-preview:-1"},"canonical":"https:\/\/www.welovecycling.com\/pl\/2018\/02\/23\/96-razy-zakladal-zolta-koszulke-tour-de-france-oto-nagroda\/","og_locale":"pl_PL","og_type":"article","og_title":"96 razy zak\u0142ada\u0142 \u017c\u00f3\u0142t\u0105 koszulk\u0119 Tour de France. Oto nagroda!","og_description":"Co roku grubo ponad 100 miast marzy o goszczeniu Wielkiej P\u0119tli. Tym razem wyb\u00f3r m\u00f3g\u0142 by\u0107 jednak tylko jeden \u2013 [&hellip;]","og_url":"https:\/\/www.welovecycling.com\/pl\/2018\/02\/23\/96-razy-zakladal-zolta-koszulke-tour-de-france-oto-nagroda\/","og_site_name":"\u0160koda We Love Cycling - Poland","article_published_time":"2018-02-23T08:19:44+00:00","og_image":[{"width":1000,"height":667,"url":"https:\/\/d2p6e6u75xmxt8.cloudfront.net\/5\/2018\/02\/shutterstock_561650584.jpg","type":"image\/jpeg"}],"author":"piotrboczkowski","twitter_card":"summary_large_image","twitter_misc":{"Written by":"WeLoveCycling","Est. reading time":"3 minutes"},"schema":{"@context":"https:\/\/schema.org","@graph":[{"@type":"WebPage","@id":"https:\/\/www.welovecycling.com\/pl\/2018\/02\/23\/96-razy-zakladal-zolta-koszulke-tour-de-france-oto-nagroda\/","url":"https:\/\/www.welovecycling.com\/pl\/2018\/02\/23\/96-razy-zakladal-zolta-koszulke-tour-de-france-oto-nagroda\/","name":"96 razy zak\u0142ada\u0142 \u017c\u00f3\u0142t\u0105 koszulk\u0119 Tour de France. Oto nagroda! - \u0160koda We Love Cycling - Poland","isPartOf":{"@id":"https:\/\/www.welovecycling.com\/pl\/#website"},"primaryImageOfPage":{"@id":"https:\/\/www.welovecycling.com\/pl\/2018\/02\/23\/96-razy-zakladal-zolta-koszulke-tour-de-france-oto-nagroda\/#primaryimage"},"image":{"@id":"https:\/\/www.welovecycling.com\/pl\/2018\/02\/23\/96-razy-zakladal-zolta-koszulke-tour-de-france-oto-nagroda\/#primaryimage"},"thumbnailUrl":"https:\/\/d2p6e6u75xmxt8.cloudfront.net\/5\/2018\/02\/shutterstock_561650584.jpg","datePublished":"2018-02-23T08:19:44+00:00","author":{"@id":"https:\/\/www.welovecycling.com\/pl\/#\/schema\/person\/0dba2d39da943db9df3fd8f4687e7f23"},"breadcrumb":{"@id":"https:\/\/www.welovecycling.com\/pl\/2018\/02\/23\/96-razy-zakladal-zolta-koszulke-tour-de-france-oto-nagroda\/#breadcrumb"},"inLanguage":"pl-PL","potentialAction":[{"@type":"ReadAction","target":["https:\/\/www.welovecycling.com\/pl\/2018\/02\/23\/96-razy-zakladal-zolta-koszulke-tour-de-france-oto-nagroda\/"]}]},{"@type":"ImageObject","inLanguage":"pl-PL","@id":"https:\/\/www.welovecycling.com\/pl\/2018\/02\/23\/96-razy-zakladal-zolta-koszulke-tour-de-france-oto-nagroda\/#primaryimage","url":"https:\/\/d2p6e6u75xmxt8.cloudfront.net\/5\/2018\/02\/shutterstock_561650584.jpg","contentUrl":"https:\/\/d2p6e6u75xmxt8.cloudfront.net\/5\/2018\/02\/shutterstock_561650584.jpg","width":1000,"height":667},{"@type":"BreadcrumbList","@id":"https:\/\/www.welovecycling.com\/pl\/2018\/02\/23\/96-razy-zakladal-zolta-koszulke-tour-de-france-oto-nagroda\/#breadcrumb","itemListElement":[{"@type":"ListItem","position":1,"name":"Home","item":"https:\/\/www.welovecycling.com\/pl\/"},{"@type":"ListItem","position":2,"name":"96 razy zak\u0142ada\u0142 \u017c\u00f3\u0142t\u0105 koszulk\u0119 Tour de France. Oto nagroda!"}]},{"@type":"WebSite","@id":"https:\/\/www.welovecycling.com\/pl\/#website","url":"https:\/\/www.welovecycling.com\/pl\/","name":"\u0160koda We Love Cycling - Poland","description":"","potentialAction":[{"@type":"SearchAction","target":{"@type":"EntryPoint","urlTemplate":"https:\/\/www.welovecycling.com\/pl\/?s={search_term_string}"},"query-input":{"@type":"PropertyValueSpecification","valueRequired":true,"valueName":"search_term_string"}}],"inLanguage":"pl-PL"},{"@type":"Person","@id":"https:\/\/www.welovecycling.com\/pl\/#\/schema\/person\/0dba2d39da943db9df3fd8f4687e7f23","name":"piotrboczkowski","image":{"@type":"ImageObject","inLanguage":"pl-PL","@id":"https:\/\/www.welovecycling.com\/pl\/#\/schema\/person\/image\/","url":"https:\/\/secure.gravatar.com\/avatar\/533caccae14752e03a2ce2d3fd62d1b98b93e1393c3195c27819e53344ca1ace?s=96&d=mm&r=g","contentUrl":"https:\/\/secure.gravatar.com\/avatar\/533caccae14752e03a2ce2d3fd62d1b98b93e1393c3195c27819e53344ca1ace?s=96&d=mm&r=g","caption":"piotrboczkowski"},"url":"https:\/\/www.welovecycling.com\/pl\/author\/piotrboczkowski\/"}]}},"_links":{"self":[{"href":"https:\/\/www.welovecycling.com\/pl\/wp-json\/wp\/v2\/posts\/6670","targetHints":{"allow":["GET"]}}],"collection":[{"href":"https:\/\/www.welovecycling.com\/pl\/wp-json\/wp\/v2\/posts"}],"about":[{"href":"https:\/\/www.welovecycling.com\/pl\/wp-json\/wp\/v2\/types\/post"}],"author":[{"embeddable":true,"href":"https:\/\/www.welovecycling.com\/pl\/wp-json\/wp\/v2\/users\/76"}],"replies":[{"embeddable":true,"href":"https:\/\/www.welovecycling.com\/pl\/wp-json\/wp\/v2\/comments?post=6670"}],"version-history":[{"count":1,"href":"https:\/\/www.welovecycling.com\/pl\/wp-json\/wp\/v2\/posts\/6670\/revisions"}],"predecessor-version":[{"id":6672,"href":"https:\/\/www.welovecycling.com\/pl\/wp-json\/wp\/v2\/posts\/6670\/revisions\/6672"}],"wp:featuredmedia":[{"embeddable":true,"href":"https:\/\/www.welovecycling.com\/pl\/wp-json\/wp\/v2\/media\/6671"}],"wp:attachment":[{"href":"https:\/\/www.welovecycling.com\/pl\/wp-json\/wp\/v2\/media?parent=6670"}],"wp:term":[{"taxonomy":"category","embeddable":true,"href":"https:\/\/www.welovecycling.com\/pl\/wp-json\/wp\/v2\/categories?post=6670"},{"taxonomy":"post_tag","embeddable":true,"href":"https:\/\/www.welovecycling.com\/pl\/wp-json\/wp\/v2\/tags?post=6670"},{"taxonomy":"global-categories","embeddable":true,"href":"https:\/\/www.welovecycling.com\/pl\/wp-json\/wp\/v2\/global-categories?post=6670"}],"curies":[{"name":"wp","href":"https:\/\/api.w.org\/{rel}","templated":true}]}}