{"id":6637,"date":"2018-02-21T09:12:33","date_gmt":"2018-02-21T09:12:33","guid":{"rendered":"https:\/\/www.welovecycling.com\/pl\/?p=6637"},"modified":"2018-02-21T10:48:46","modified_gmt":"2018-02-21T10:48:46","slug":"bartosz-huzarski-kolarz-amator-musi-cwiczyc-silowni","status":"publish","type":"post","link":"https:\/\/www.welovecycling.com\/pl\/2018\/02\/21\/bartosz-huzarski-kolarz-amator-musi-cwiczyc-silowni\/","title":{"rendered":"Bartosz Huzarski: Czy kolarz amator musi \u0107wiczy\u0107 na si\u0142owni?"},"content":{"rendered":"<p><strong>Odpowiednio zadane i bardzo wa\u017cne pytanie: czy kolarz amator musi \u0107wiczy\u0107 na si\u0142owni? Oczywi\u015bcie, \u017ce nie, ale dla ka\u017cdego pasjonata dw\u00f3ch k\u00f3\u0142ek trening powinien by\u0107 przede wszystkim przyjemno\u015bci\u0105 i rozwijaniem pasji. Znaj\u0105c zaanga\u017cowanie pasjonat\u00f3w i amator\u00f3w w d\u0105\u017ceniu do coraz lepszych osi\u0105gni\u0119\u0107 sportowych i podnoszenia swojej wytrzyma\u0142o\u015bci, trening na si\u0142owni r\u00f3wnie\u017c powinien by\u0107 wpisany w cotygodniowy grafik.<\/strong><\/p>\n<p><!--more--><\/p>\n<p>W latach mojej profesjonalnej kariery chodzi\u0142em regularnie na si\u0142owni\u0119 od listopada do ko\u0144ca stycznia. Po\u0142ow\u0119 tego okresu stanowi\u0142y dwie wizyty na si\u0142owni tygodniowo, p\u00f3\u017aniej ju\u017c tylko jedna. Jako kolarz o charakterystyce wytrzyma\u0142o\u015bciowej nie potrzebowa\u0142em tak wielu zaj\u0119\u0107 na si\u0142owni, za to bardzo du\u017co \u0107wicze\u0144 si\u0142owych wykonywa\u0142em na rowerze. Aktualnie ucz\u0119szczam na si\u0142owni\u0119 dwa razy w tygodniu, m\u00f3j nadchodz\u0105cy sezon chc\u0119 sp\u0119dzi\u0107 g\u0142\u00f3wnie na rowerze MTB, nierzadko odwiedzaj\u0105c wy\u015bcigi szosowe. Mam te\u017c w planie jeden kr\u00f3tki triathlon. Kolejn\u0105 wa\u017cn\u0105 informacj\u0105 jest to, \u017ce kiedy\u015b zaczyna\u0142em sezon pod koniec stycznia, teraz zaczynam go dopiero na pocz\u0105tku kwietnia.<\/p>\n<p>Podczas jazdy na rowerze wykorzystujemy wiele partii i grup mi\u0119\u015bni. Ka\u017cdemu wydaje si\u0119, \u017ce tylko nogi i po\u015bladki mog\u0105 bole\u0107 po d\u0142u\u017cszej rowerowej wycieczce. Po przeanalizowaniu pozycji rowerzysty i fizjologii pracy \u015bmia\u0142o mo\u017cemy powiedzie\u0107, \u017ce podczas jazdy rowerem anga\u017cujemy jeszcze mi\u0119\u015bnie oddechowe, czyli przepon\u0119 i mi\u0119\u015bnie mi\u0119dzy\u017cebrowe. Mi\u0119\u015bnie brzucha i mi\u0119\u015bnie grzbietu, kt\u00f3re podobnie jak mi\u0119\u015bnie oddechowe nie s\u0105 odpowiedzialne za bezpo\u015brednie poruszenie roweru w prz\u00f3d, umo\u017cliwiaj\u0105 ustabilizowanie naszej pozycji na nim. Mi\u0119\u015bnie ko\u0144czyn g\u00f3rnych r\u00f3wnie\u017c s\u0105 przez nas anga\u017cowane zw\u0142aszcza, gdy musimy podjecha\u0107 pod g\u00f3r\u0119 i chcemy pom\u00f3c sobie r\u0119koma, oraz kiedy musimy wsta\u0107 w korby lub zamortyzowa\u0107 jakie\u015b wibracje, wstrz\u0105sy lub dziury. Oczywi\u015bcie najwi\u0119cej pracy podczas jazdy wykonuj\u0105 mi\u0119\u015bnie ko\u0144czyn dolnych. Ruch peda\u0142owania, kt\u00f3ry odbywa si\u0119 po okr\u0119gu mo\u017cemy podzieli\u0107 na 4 fazy. Wzoruj\u0105c si\u0119 na tarczy zegara, od godziny 1 do 5 jest faza pchania, od godziny 5 do 7 martwy punkt dolny, od 7 do 11 faza podnoszenia, a od godziny 11 do 1 ostatnia i druga za razem martwa strefa, tym razem g\u00f3rna. W ka\u017cdej z tych stref pracuj\u0105 inne mi\u0119\u015bnie i ka\u017cdy z nich musi by\u0107 optymalnie przygotowany, \u017ceby pracowa\u0107 p\u0142ynnie i sp\u00f3jnie.<\/p>\n<p>W fazie 1 \u2013 (Pchania), g\u0142\u00f3wnie pracuje mi\u0119sie\u0144 czworog\u0142owy uda, a tak\u017ce mi\u0119\u015bnie po\u015bladkowe.<\/p>\n<p>W fazie 2 \u2013 czyli w dolnym martwym punkcie rozpoczyna si\u0119 proces podnoszenia i zginania nogi w kolanie, za co odpowiadaj\u0105 zginacze kolana.<\/p>\n<p>W fazie 3 \u2013 (Podnoszenia) trwa kontynuacja procesu rozpocz\u0119tego wcze\u015bniej.<\/p>\n<p>W fazie 4 \u2013 rozpoczyna si\u0119 proces pchni\u0119cia w prz\u00f3d, wi\u0119c anga\u017cowane s\u0105 mi\u0119\u015bnie goleni i mi\u0119sie\u0144 piszczelowy przedni.<\/p>\n<p>Opr\u00f3cz tego jest ca\u0142a grupa mi\u0119\u015bni dodatkowych, nazwijmy je u\u015bpionymi, kt\u00f3re s\u0105 anga\u017cowane przez organizm w momencie, gdy te g\u0142\u00f3wne, najwa\u017cniejsze mi\u0119\u015bnie s\u0105 ju\u017c zm\u0119czone. Dobrze wida\u0107 to w ostatniej fazie g\u00f3rskich wy\u015bcig\u00f3w kolarskich, gdy kolarze niejako ta\u0144cz\u0105 na rowerach, gdy najwi\u0119ksze, najbardziej od startu obci\u0105\u017cone mi\u0119\u015bnie s\u0105 ju\u017c zm\u0119czone a organizm pod\u015bwiadomie stara si\u0119 obudzi\u0107 wszystkie dodatkowe partie mi\u0119\u015bni i ostatnie pok\u0142ady energii.<\/p>\n<p>Dlatego te\u017c, ka\u017cdy trening na si\u0142owni powinien skupia\u0107 si\u0119 na og\u00f3lnym rozwoju i zosta\u0107 podzielonym na rozgrzewk\u0119, \u0107wiczenia cardio, \u0107wiczenia si\u0142owe i rozlu\u017anienie lub wr\u0119cz rozci\u0105ganie na sam koniec.<\/p>\n<p>W pierwszej fazie, czyli podczas rozgrzewki starajmy si\u0119 nie u\u017cywa\u0107 ci\u0119\u017car\u00f3w, wykorzystujmy ci\u0119\u017car w\u0142asnego cia\u0142a, ale postarajmy si\u0119 przy tym rozrusza\u0107 i rozgrza\u0107 mo\u017cliwie jak najwi\u0119ksz\u0105 parti\u0119 mi\u0119\u015bni. Robimy wtedy wymachy i obroty ramion, kr\u0119cenia tu\u0142owia, sk\u0142ony, przysiady z wyj\u015bciem na palce, przysiady na jednej nodze, pompki, brzuszki itp. Rozgrzewamy r\u00f3wnie\u017c mi\u0119\u015bnie grzbietu i robimy kilka wybranych \u0107wicze\u0144 na mi\u0119\u015bnie wewn\u0119trzne \u2013 core. Mo\u017cemy wple\u015b\u0107 tutaj \u0107wiczenia na stabilizacj\u0119 i koordynacj\u0119 ruchow\u0105, cho\u0107 ja \u0107wicz\u0105c systemem obwodowym, preferuj\u0119 te w\u0142a\u015bnie \u0107wiczenia w przerwach pomi\u0119dzy obwodami.<\/p>\n<p>Nast\u0119pnie faz\u0119 si\u0142y mo\u017cemy podzieli\u0107 na 3 bloki:<\/p>\n<ol>\n<li>Si\u0142a g\u00f3rnych partii mi\u0119\u015bni<\/li>\n<li>Si\u0142a n\u00f3g<\/li>\n<li>Trening og\u00f3lnorozwojowy + g\u00f3rne partie mi\u0119\u015bni<\/li>\n<\/ol>\n<p>Najwa\u017cniejszy jest r\u00f3wny rozw\u00f3j wszystkich trenowanych grup mi\u0119\u015bni, przy jednoczesnym zaanga\u017cowaniu jak najwi\u0119kszej ich grupy podczas ka\u017cdego treningu. Wzmocnienie ca\u0142ego cia\u0142a oraz wypracowanie swojego systemu treningu si\u0142owego i doprowadzenie do perfekcji wykonywania kilkunastu wybranych \u0107wicze\u0144 jest bardzo istotne, gdy\u017c podobnie jak na rowerze, tak i na si\u0142owni technika i poprawno\u015b\u0107 wykonywanych \u0107wicze\u0144 jest niesamowicie wa\u017cna. Zanim przymierzysz si\u0119 do sztangi, zadaj sobie pytanie kiedy ostatnio by\u0142e\u015b na si\u0142owni i gdzie aktualnie znajduje si\u0119 twoja si\u0142owa forma i umiej\u0119tno\u015bci? Je\u015bli nie jeste\u015b pewny czy dobrze wykonujesz ka\u017cde \u0107wiczenie oraz chcesz unikn\u0105\u0107 kontuzji popro\u015b o pomoc wykwalifikowany personel si\u0142owni. Dopiero po nauczeniu si\u0119 ruchu i szybko\u015bci wykonywanego \u0107wiczenia mo\u017cesz przej\u015b\u0107 do zwi\u0119kszania obci\u0105\u017ce\u0144. Periodyzacja podczas si\u0142owni jest bardzo wa\u017cna i mo\u017cna j\u0105 podzieli\u0107 na 4 grupy:<\/p>\n<ul>\n<li>Adaptacja \/ czyli pierwszy proces, podczas kt\u00f3rego rozwijamy, uczymy i adaptujemy do wysi\u0142ku si\u0142owego nasze mi\u0119\u015bnie. Szczeg\u00f3lnie martwimy si\u0119 tutaj o nieu\u017cywane za cz\u0119sto w sezonie mi\u0119\u015bnie g\u00f3rnych partii cia\u0142a. W tej fazie powinni\u015bmy wykona\u0107 oko\u0142o 8 sesji po dwie tygodniowo, czyli razem cztery tygodnie.<\/li>\n<li>Si\u0142a maksymalna \/ tutaj progresywnie zwi\u0119kszamy obci\u0105\u017cenia poszczeg\u00f3lnych grup mi\u0119\u015bni d\u0105\u017c\u0105c do uzyskania si\u0142y maksymalnej, a nasz uk\u0142ad centralny nauczy si\u0119 anga\u017cowa\u0107 w ka\u017cde \u0107wiczenie coraz to wi\u0119ksz\u0105 liczb\u0119 w\u0142\u00f3kien mi\u0119\u015bniowych. Ta faza r\u00f3wnie\u017c powinna zaj\u0105\u0107 oko\u0142o 8-12 sesji, czyli 4-6 tygodni.<\/li>\n<li>Moc maksymalna + intensywno\u015b\u0107 \/ gdy przy maksymalnej mocy jeste\u015bmy w stanie bardzo szybko zaanga\u017cowa\u0107 wiele w\u0142\u00f3kien mi\u0119\u015bniowych i utrzyma\u0107 ich aktywno\u015b\u0107. B\u0119dzie to swego rodzaju sprint na si\u0142owni, gdy\u017c wysi\u0142ek b\u0119dzie do\u015b\u0107 kr\u00f3tki, ale za to z maksymalnym na nasze mo\u017cliwo\u015bci obci\u0105\u017ceniem. Ta faza to oko\u0142o 6-8 sesji, czyli id\u0105c schematem poprzednich miesi\u0119cy powinna zaj\u0105\u0107 oko\u0142o 3-4 tygodnie.<\/li>\n<li>Utrzymanie si\u0142y \/ znam wielu kolarzy zawodowych, kt\u00f3rzy chodz\u0105 na si\u0142owni\u0119 nawet w sezonie pomi\u0119dzy startami raz w tygodniu. Oczywi\u015bcie wi\u0119kszo\u015b\u0107 z nich to sprinterzy, nie mniej jednak, jako kolarz amator, maj\u0105c na uwadze og\u00f3ln\u0105 sprawno\u015b\u0107 organizmu warto wybra\u0107 si\u0119 na si\u0142owni\u0119 przynajmniej raz na dwa tygodnie r\u00f3wnie\u017c w czasie trwania sezonu startowego.<\/li>\n<\/ul>\n<p>Najwa\u017cniejsze w tym wszystkim jest, aby trzecia faza zako\u0144czy\u0142a si\u0119 na oko\u0142o 3 tygodnie przed rozpocz\u0119ciem sezonu. W marcu przy dobrej pogodzie trening si\u0142owy n\u00f3g mo\u017cemy robi\u0107 na rowerze a core, brzuch i mi\u0119\u015bnie grzbietu codziennymi \u0107wiczeniami w domu. Chodzi te\u017c o to, \u017ceby organizm mia\u0142 mo\u017cliwo\u015b\u0107 regeneracji po ci\u0119\u017ckich, trzech miesi\u0105cach pracy na si\u0142owni a jeszcze przed wej\u015bciem w intensywne, ci\u0119\u017ckie \u0107wiczenia si\u0142owe na rowerze. Raz na jaki\u015b czas mo\u017cemy si\u0119 wybra\u0107 na si\u0142owni\u0119 i poprawi\u0107 si\u0142\u0119 og\u00f3ln\u0105 organizmu, ale nie dopuszczajmy do zbyt d\u0142ugich przerw.<\/p>\n<p>Pami\u0119tajmy wi\u0119c o periodyzacji, poprawno\u015bci i szybko\u015bci wykonywanych \u0107wicze\u0144 i nie b\u00f3jmy si\u0119 poprosi\u0107 o pomoc, aby unikn\u0105\u0107 kontuzji. Dajmy naszym mi\u0119\u015bniom czas na zaadoptowanie si\u0119 do zadawanych obci\u0105\u017ce\u0144. Poni\u017cej zilustrowane zosta\u0142y moje ulubione i najwa\u017cniejsze \u0107wiczenia z podzia\u0142em na grupy:<\/p>\n<p>G\u00f3rne partie :<\/p>\n<p>Brzuch:<a href=\"https:\/\/d2p6e6u75xmxt8.cloudfront.net\/5\/2018\/02\/DSC00268-e1519202114510.jpg\"><img loading=\"lazy\" decoding=\"async\" class=\"alignnone wp-image-6646 size-large\" src=\"https:\/\/d2p6e6u75xmxt8.cloudfront.net\/5\/2018\/02\/DSC00268-1024x683.jpg\" alt=\"\" width=\"1024\" height=\"683\" \/><\/a><a href=\"https:\/\/d2p6e6u75xmxt8.cloudfront.net\/5\/2018\/02\/DSC00269-e1519202148509.jpg\"><img loading=\"lazy\" decoding=\"async\" class=\"alignnone wp-image-6647 size-large\" src=\"https:\/\/d2p6e6u75xmxt8.cloudfront.net\/5\/2018\/02\/DSC00269-1024x683.jpg\" alt=\"\" width=\"1024\" height=\"683\" \/><\/a><\/p>\n<p>Plecy:<a href=\"https:\/\/d2p6e6u75xmxt8.cloudfront.net\/5\/2018\/02\/DSC00288-e1519202355226.jpg\"><img loading=\"lazy\" decoding=\"async\" class=\"alignnone size-extra-large wp-image-6650\" src=\"https:\/\/d2p6e6u75xmxt8.cloudfront.net\/5\/2018\/02\/DSC00288-1920x1281.jpg\" alt=\"\" width=\"1920\" height=\"1281\" \/><\/a><a href=\"https:\/\/d2p6e6u75xmxt8.cloudfront.net\/5\/2018\/02\/DSC00291-e1519202388522.jpg\"><img loading=\"lazy\" decoding=\"async\" class=\"alignnone size-extra-large wp-image-6651\" src=\"https:\/\/d2p6e6u75xmxt8.cloudfront.net\/5\/2018\/02\/DSC00291-1920x1281.jpg\" alt=\"\" width=\"1920\" height=\"1281\" \/><\/a><a href=\"https:\/\/d2p6e6u75xmxt8.cloudfront.net\/5\/2018\/02\/DSC00116-e1519202315926.jpg\"><img loading=\"lazy\" decoding=\"async\" class=\"alignnone size-extra-large wp-image-6649\" src=\"https:\/\/d2p6e6u75xmxt8.cloudfront.net\/5\/2018\/02\/DSC00116-1920x1281.jpg\" alt=\"\" width=\"1920\" height=\"1281\" \/><\/a><\/p>\n<p>R\u0119ce i barki:<br \/>\n<a href=\"https:\/\/d2p6e6u75xmxt8.cloudfront.net\/5\/2018\/02\/DSC00320-e1519202678158.jpg\"><img loading=\"lazy\" decoding=\"async\" class=\"alignnone size-extra-large wp-image-6652\" src=\"https:\/\/d2p6e6u75xmxt8.cloudfront.net\/5\/2018\/02\/DSC00320-1920x1281.jpg\" alt=\"\" width=\"1920\" height=\"1281\" \/><\/a><a href=\"https:\/\/d2p6e6u75xmxt8.cloudfront.net\/5\/2018\/02\/DSC00331-e1519202710784.jpg\"><img loading=\"lazy\" decoding=\"async\" class=\"alignnone size-extra-large wp-image-6653\" src=\"https:\/\/d2p6e6u75xmxt8.cloudfront.net\/5\/2018\/02\/DSC00331-1920x1281.jpg\" alt=\"\" width=\"1920\" height=\"1281\" \/><\/a><a href=\"https:\/\/d2p6e6u75xmxt8.cloudfront.net\/5\/2018\/02\/DSC00217-e1519202739735.jpg\"><img loading=\"lazy\" decoding=\"async\" class=\"alignnone size-extra-large wp-image-6654\" src=\"https:\/\/d2p6e6u75xmxt8.cloudfront.net\/5\/2018\/02\/DSC00217-1920x1281.jpg\" alt=\"\" width=\"1920\" height=\"1281\" \/><\/a><a href=\"https:\/\/d2p6e6u75xmxt8.cloudfront.net\/5\/2018\/02\/DSC00219-e1519202769577.jpg\"><img loading=\"lazy\" decoding=\"async\" class=\"alignnone size-extra-large wp-image-6655\" src=\"https:\/\/d2p6e6u75xmxt8.cloudfront.net\/5\/2018\/02\/DSC00219-1920x1281.jpg\" alt=\"\" width=\"1920\" height=\"1281\" \/><\/a><br \/>\nNogi:<a href=\"https:\/\/d2p6e6u75xmxt8.cloudfront.net\/5\/2018\/02\/DSC00149-e1519203196522.jpg\"><img loading=\"lazy\" decoding=\"async\" class=\"alignnone size-extra-large wp-image-6656\" src=\"https:\/\/d2p6e6u75xmxt8.cloudfront.net\/5\/2018\/02\/DSC00149-1920x1281.jpg\" alt=\"\" width=\"1920\" height=\"1281\" \/><\/a><a href=\"https:\/\/d2p6e6u75xmxt8.cloudfront.net\/5\/2018\/02\/DSC00199-e1519203231413.jpg\"><img loading=\"lazy\" decoding=\"async\" class=\"alignnone size-extra-large wp-image-6657\" src=\"https:\/\/d2p6e6u75xmxt8.cloudfront.net\/5\/2018\/02\/DSC00199-1920x1281.jpg\" alt=\"\" width=\"1920\" height=\"1281\" \/><\/a><a href=\"https:\/\/d2p6e6u75xmxt8.cloudfront.net\/5\/2018\/02\/DSC00175-e1519203262681.jpg\"><img loading=\"lazy\" decoding=\"async\" class=\"alignnone size-extra-large wp-image-6658\" src=\"https:\/\/d2p6e6u75xmxt8.cloudfront.net\/5\/2018\/02\/DSC00175-1920x1281.jpg\" alt=\"\" width=\"1920\" height=\"1281\" \/><\/a><a href=\"https:\/\/d2p6e6u75xmxt8.cloudfront.net\/5\/2018\/02\/DSC00234-e1519203292552.jpg\"><img loading=\"lazy\" decoding=\"async\" class=\"alignnone size-extra-large wp-image-6659\" src=\"https:\/\/d2p6e6u75xmxt8.cloudfront.net\/5\/2018\/02\/DSC00234-1920x1281.jpg\" alt=\"\" width=\"1920\" height=\"1281\" \/><\/a><a href=\"https:\/\/d2p6e6u75xmxt8.cloudfront.net\/5\/2018\/02\/DSC00242-e1519203319631.jpg\"><img loading=\"lazy\" decoding=\"async\" class=\"alignnone size-extra-large wp-image-6660\" src=\"https:\/\/d2p6e6u75xmxt8.cloudfront.net\/5\/2018\/02\/DSC00242-1920x1281.jpg\" alt=\"\" width=\"1920\" height=\"1281\" \/><\/a><\/p>\n<p>&nbsp;<\/p>\n<p>&nbsp;<\/p>\n","protected":false},"excerpt":{"rendered":"<p>Odpowiednio zadane i bardzo wa\u017cne pytanie: czy kolarz amator musi \u0107wiczy\u0107 na si\u0142owni? Oczywi\u015bcie, \u017ce nie, ale dla ka\u017cdego pasjonata [&hellip;]<\/p>\n","protected":false},"author":76,"featured_media":6644,"comment_status":"open","ping_status":"open","sticky":false,"template":"","format":"standard","meta":{"footnotes":""},"categories":[203],"tags":[108,41,82,221],"global-categories":[],"class_list":["post-6637","post","type-post","status-publish","format-standard","has-post-thumbnail","hentry","category-bartosz-huzarski","tag-bartosz-huzarski","tag-cycling","tag-welovecycling","tag-zdrowie-i-treningi"],"yoast_head":"<!-- This site is optimized with the Yoast SEO Premium plugin v25.3 (Yoast SEO v25.9) - https:\/\/yoast.com\/wordpress\/plugins\/seo\/ -->\n<title>Bartosz Huzarski: Czy kolarz amator musi \u0107wiczy\u0107 na si\u0142owni? - \u0160koda We Love Cycling - Poland<\/title>\n<meta name=\"robots\" content=\"index, follow, max-snippet:-1, max-image-preview:large, max-video-preview:-1\" \/>\n<link rel=\"canonical\" href=\"https:\/\/www.welovecycling.com\/pl\/2018\/02\/21\/bartosz-huzarski-kolarz-amator-musi-cwiczyc-silowni\/\" \/>\n<meta property=\"og:locale\" content=\"pl_PL\" \/>\n<meta property=\"og:type\" content=\"article\" \/>\n<meta property=\"og:title\" content=\"Bartosz Huzarski: Czy kolarz amator musi \u0107wiczy\u0107 na si\u0142owni?\" \/>\n<meta property=\"og:description\" content=\"Odpowiednio zadane i bardzo wa\u017cne pytanie: czy kolarz amator musi \u0107wiczy\u0107 na si\u0142owni? Oczywi\u015bcie, \u017ce nie, ale dla ka\u017cdego pasjonata [&hellip;]\" \/>\n<meta property=\"og:url\" content=\"https:\/\/www.welovecycling.com\/pl\/2018\/02\/21\/bartosz-huzarski-kolarz-amator-musi-cwiczyc-silowni\/\" \/>\n<meta property=\"og:site_name\" content=\"\u0160koda We Love Cycling - Poland\" \/>\n<meta property=\"article:published_time\" content=\"2018-02-21T09:12:33+00:00\" \/>\n<meta property=\"article:modified_time\" content=\"2018-02-21T10:48:46+00:00\" \/>\n<meta property=\"og:image\" content=\"https:\/\/d2p6e6u75xmxt8.cloudfront.net\/5\/2018\/02\/DSC00148-1024x683.jpg\" \/>\n\t<meta property=\"og:image:width\" content=\"1024\" \/>\n\t<meta property=\"og:image:height\" content=\"683\" \/>\n\t<meta property=\"og:image:type\" content=\"image\/jpeg\" \/>\n<meta name=\"author\" content=\"piotrboczkowski\" \/>\n<meta name=\"twitter:card\" content=\"summary_large_image\" \/>\n<meta name=\"twitter:label1\" content=\"Written by\" \/>\n\t<meta name=\"twitter:data1\" content=\"Bartosz Huzarski\" \/>\n\t<meta name=\"twitter:label2\" content=\"Est. reading time\" \/>\n\t<meta name=\"twitter:data2\" content=\"7 minutes\" \/>\n<script type=\"application\/ld+json\" class=\"yoast-schema-graph\">{\"@context\":\"https:\/\/schema.org\",\"@graph\":[{\"@type\":\"WebPage\",\"@id\":\"https:\/\/www.welovecycling.com\/pl\/2018\/02\/21\/bartosz-huzarski-kolarz-amator-musi-cwiczyc-silowni\/\",\"url\":\"https:\/\/www.welovecycling.com\/pl\/2018\/02\/21\/bartosz-huzarski-kolarz-amator-musi-cwiczyc-silowni\/\",\"name\":\"Bartosz Huzarski: Czy kolarz amator musi \u0107wiczy\u0107 na si\u0142owni? - \u0160koda We Love Cycling - Poland\",\"isPartOf\":{\"@id\":\"https:\/\/www.welovecycling.com\/pl\/#website\"},\"primaryImageOfPage\":{\"@id\":\"https:\/\/www.welovecycling.com\/pl\/2018\/02\/21\/bartosz-huzarski-kolarz-amator-musi-cwiczyc-silowni\/#primaryimage\"},\"image\":{\"@id\":\"https:\/\/www.welovecycling.com\/pl\/2018\/02\/21\/bartosz-huzarski-kolarz-amator-musi-cwiczyc-silowni\/#primaryimage\"},\"thumbnailUrl\":\"https:\/\/d2p6e6u75xmxt8.cloudfront.net\/5\/2018\/02\/DSC00148.jpg\",\"datePublished\":\"2018-02-21T09:12:33+00:00\",\"dateModified\":\"2018-02-21T10:48:46+00:00\",\"author\":{\"@id\":\"https:\/\/www.welovecycling.com\/pl\/#\/schema\/person\/0dba2d39da943db9df3fd8f4687e7f23\"},\"breadcrumb\":{\"@id\":\"https:\/\/www.welovecycling.com\/pl\/2018\/02\/21\/bartosz-huzarski-kolarz-amator-musi-cwiczyc-silowni\/#breadcrumb\"},\"inLanguage\":\"pl-PL\",\"potentialAction\":[{\"@type\":\"ReadAction\",\"target\":[\"https:\/\/www.welovecycling.com\/pl\/2018\/02\/21\/bartosz-huzarski-kolarz-amator-musi-cwiczyc-silowni\/\"]}]},{\"@type\":\"ImageObject\",\"inLanguage\":\"pl-PL\",\"@id\":\"https:\/\/www.welovecycling.com\/pl\/2018\/02\/21\/bartosz-huzarski-kolarz-amator-musi-cwiczyc-silowni\/#primaryimage\",\"url\":\"https:\/\/d2p6e6u75xmxt8.cloudfront.net\/5\/2018\/02\/DSC00148.jpg\",\"contentUrl\":\"https:\/\/d2p6e6u75xmxt8.cloudfront.net\/5\/2018\/02\/DSC00148.jpg\",\"width\":7952,\"height\":5304},{\"@type\":\"BreadcrumbList\",\"@id\":\"https:\/\/www.welovecycling.com\/pl\/2018\/02\/21\/bartosz-huzarski-kolarz-amator-musi-cwiczyc-silowni\/#breadcrumb\",\"itemListElement\":[{\"@type\":\"ListItem\",\"position\":1,\"name\":\"Home\",\"item\":\"https:\/\/www.welovecycling.com\/pl\/\"},{\"@type\":\"ListItem\",\"position\":2,\"name\":\"Bartosz Huzarski: Czy kolarz amator musi \u0107wiczy\u0107 na si\u0142owni?\"}]},{\"@type\":\"WebSite\",\"@id\":\"https:\/\/www.welovecycling.com\/pl\/#website\",\"url\":\"https:\/\/www.welovecycling.com\/pl\/\",\"name\":\"\u0160koda We Love Cycling - Poland\",\"description\":\"\",\"potentialAction\":[{\"@type\":\"SearchAction\",\"target\":{\"@type\":\"EntryPoint\",\"urlTemplate\":\"https:\/\/www.welovecycling.com\/pl\/?s={search_term_string}\"},\"query-input\":{\"@type\":\"PropertyValueSpecification\",\"valueRequired\":true,\"valueName\":\"search_term_string\"}}],\"inLanguage\":\"pl-PL\"},{\"@type\":\"Person\",\"@id\":\"https:\/\/www.welovecycling.com\/pl\/#\/schema\/person\/0dba2d39da943db9df3fd8f4687e7f23\",\"name\":\"piotrboczkowski\",\"image\":{\"@type\":\"ImageObject\",\"inLanguage\":\"pl-PL\",\"@id\":\"https:\/\/www.welovecycling.com\/pl\/#\/schema\/person\/image\/\",\"url\":\"https:\/\/secure.gravatar.com\/avatar\/533caccae14752e03a2ce2d3fd62d1b98b93e1393c3195c27819e53344ca1ace?s=96&d=mm&r=g\",\"contentUrl\":\"https:\/\/secure.gravatar.com\/avatar\/533caccae14752e03a2ce2d3fd62d1b98b93e1393c3195c27819e53344ca1ace?s=96&d=mm&r=g\",\"caption\":\"piotrboczkowski\"},\"url\":\"https:\/\/www.welovecycling.com\/pl\/author\/piotrboczkowski\/\"}]}<\/script>\n<!-- \/ Yoast SEO Premium plugin. -->","yoast_head_json":{"title":"Bartosz Huzarski: Czy kolarz amator musi \u0107wiczy\u0107 na si\u0142owni? - \u0160koda We Love Cycling - Poland","robots":{"index":"index","follow":"follow","max-snippet":"max-snippet:-1","max-image-preview":"max-image-preview:large","max-video-preview":"max-video-preview:-1"},"canonical":"https:\/\/www.welovecycling.com\/pl\/2018\/02\/21\/bartosz-huzarski-kolarz-amator-musi-cwiczyc-silowni\/","og_locale":"pl_PL","og_type":"article","og_title":"Bartosz Huzarski: Czy kolarz amator musi \u0107wiczy\u0107 na si\u0142owni?","og_description":"Odpowiednio zadane i bardzo wa\u017cne pytanie: czy kolarz amator musi \u0107wiczy\u0107 na si\u0142owni? Oczywi\u015bcie, \u017ce nie, ale dla ka\u017cdego pasjonata [&hellip;]","og_url":"https:\/\/www.welovecycling.com\/pl\/2018\/02\/21\/bartosz-huzarski-kolarz-amator-musi-cwiczyc-silowni\/","og_site_name":"\u0160koda We Love Cycling - Poland","article_published_time":"2018-02-21T09:12:33+00:00","article_modified_time":"2018-02-21T10:48:46+00:00","og_image":[{"width":1024,"height":683,"url":"https:\/\/d2p6e6u75xmxt8.cloudfront.net\/5\/2018\/02\/DSC00148-1024x683.jpg","type":"image\/jpeg"}],"author":"piotrboczkowski","twitter_card":"summary_large_image","twitter_misc":{"Written by":"Bartosz Huzarski","Est. reading time":"7 minutes"},"schema":{"@context":"https:\/\/schema.org","@graph":[{"@type":"WebPage","@id":"https:\/\/www.welovecycling.com\/pl\/2018\/02\/21\/bartosz-huzarski-kolarz-amator-musi-cwiczyc-silowni\/","url":"https:\/\/www.welovecycling.com\/pl\/2018\/02\/21\/bartosz-huzarski-kolarz-amator-musi-cwiczyc-silowni\/","name":"Bartosz Huzarski: Czy kolarz amator musi \u0107wiczy\u0107 na si\u0142owni? - \u0160koda We Love Cycling - Poland","isPartOf":{"@id":"https:\/\/www.welovecycling.com\/pl\/#website"},"primaryImageOfPage":{"@id":"https:\/\/www.welovecycling.com\/pl\/2018\/02\/21\/bartosz-huzarski-kolarz-amator-musi-cwiczyc-silowni\/#primaryimage"},"image":{"@id":"https:\/\/www.welovecycling.com\/pl\/2018\/02\/21\/bartosz-huzarski-kolarz-amator-musi-cwiczyc-silowni\/#primaryimage"},"thumbnailUrl":"https:\/\/d2p6e6u75xmxt8.cloudfront.net\/5\/2018\/02\/DSC00148.jpg","datePublished":"2018-02-21T09:12:33+00:00","dateModified":"2018-02-21T10:48:46+00:00","author":{"@id":"https:\/\/www.welovecycling.com\/pl\/#\/schema\/person\/0dba2d39da943db9df3fd8f4687e7f23"},"breadcrumb":{"@id":"https:\/\/www.welovecycling.com\/pl\/2018\/02\/21\/bartosz-huzarski-kolarz-amator-musi-cwiczyc-silowni\/#breadcrumb"},"inLanguage":"pl-PL","potentialAction":[{"@type":"ReadAction","target":["https:\/\/www.welovecycling.com\/pl\/2018\/02\/21\/bartosz-huzarski-kolarz-amator-musi-cwiczyc-silowni\/"]}]},{"@type":"ImageObject","inLanguage":"pl-PL","@id":"https:\/\/www.welovecycling.com\/pl\/2018\/02\/21\/bartosz-huzarski-kolarz-amator-musi-cwiczyc-silowni\/#primaryimage","url":"https:\/\/d2p6e6u75xmxt8.cloudfront.net\/5\/2018\/02\/DSC00148.jpg","contentUrl":"https:\/\/d2p6e6u75xmxt8.cloudfront.net\/5\/2018\/02\/DSC00148.jpg","width":7952,"height":5304},{"@type":"BreadcrumbList","@id":"https:\/\/www.welovecycling.com\/pl\/2018\/02\/21\/bartosz-huzarski-kolarz-amator-musi-cwiczyc-silowni\/#breadcrumb","itemListElement":[{"@type":"ListItem","position":1,"name":"Home","item":"https:\/\/www.welovecycling.com\/pl\/"},{"@type":"ListItem","position":2,"name":"Bartosz Huzarski: Czy kolarz amator musi \u0107wiczy\u0107 na si\u0142owni?"}]},{"@type":"WebSite","@id":"https:\/\/www.welovecycling.com\/pl\/#website","url":"https:\/\/www.welovecycling.com\/pl\/","name":"\u0160koda We Love Cycling - Poland","description":"","potentialAction":[{"@type":"SearchAction","target":{"@type":"EntryPoint","urlTemplate":"https:\/\/www.welovecycling.com\/pl\/?s={search_term_string}"},"query-input":{"@type":"PropertyValueSpecification","valueRequired":true,"valueName":"search_term_string"}}],"inLanguage":"pl-PL"},{"@type":"Person","@id":"https:\/\/www.welovecycling.com\/pl\/#\/schema\/person\/0dba2d39da943db9df3fd8f4687e7f23","name":"piotrboczkowski","image":{"@type":"ImageObject","inLanguage":"pl-PL","@id":"https:\/\/www.welovecycling.com\/pl\/#\/schema\/person\/image\/","url":"https:\/\/secure.gravatar.com\/avatar\/533caccae14752e03a2ce2d3fd62d1b98b93e1393c3195c27819e53344ca1ace?s=96&d=mm&r=g","contentUrl":"https:\/\/secure.gravatar.com\/avatar\/533caccae14752e03a2ce2d3fd62d1b98b93e1393c3195c27819e53344ca1ace?s=96&d=mm&r=g","caption":"piotrboczkowski"},"url":"https:\/\/www.welovecycling.com\/pl\/author\/piotrboczkowski\/"}]}},"_links":{"self":[{"href":"https:\/\/www.welovecycling.com\/pl\/wp-json\/wp\/v2\/posts\/6637","targetHints":{"allow":["GET"]}}],"collection":[{"href":"https:\/\/www.welovecycling.com\/pl\/wp-json\/wp\/v2\/posts"}],"about":[{"href":"https:\/\/www.welovecycling.com\/pl\/wp-json\/wp\/v2\/types\/post"}],"author":[{"embeddable":true,"href":"https:\/\/www.welovecycling.com\/pl\/wp-json\/wp\/v2\/users\/76"}],"replies":[{"embeddable":true,"href":"https:\/\/www.welovecycling.com\/pl\/wp-json\/wp\/v2\/comments?post=6637"}],"version-history":[{"count":2,"href":"https:\/\/www.welovecycling.com\/pl\/wp-json\/wp\/v2\/posts\/6637\/revisions"}],"predecessor-version":[{"id":6667,"href":"https:\/\/www.welovecycling.com\/pl\/wp-json\/wp\/v2\/posts\/6637\/revisions\/6667"}],"wp:featuredmedia":[{"embeddable":true,"href":"https:\/\/www.welovecycling.com\/pl\/wp-json\/wp\/v2\/media\/6644"}],"wp:attachment":[{"href":"https:\/\/www.welovecycling.com\/pl\/wp-json\/wp\/v2\/media?parent=6637"}],"wp:term":[{"taxonomy":"category","embeddable":true,"href":"https:\/\/www.welovecycling.com\/pl\/wp-json\/wp\/v2\/categories?post=6637"},{"taxonomy":"post_tag","embeddable":true,"href":"https:\/\/www.welovecycling.com\/pl\/wp-json\/wp\/v2\/tags?post=6637"},{"taxonomy":"global-categories","embeddable":true,"href":"https:\/\/www.welovecycling.com\/pl\/wp-json\/wp\/v2\/global-categories?post=6637"}],"curies":[{"name":"wp","href":"https:\/\/api.w.org\/{rel}","templated":true}]}}