{"id":6624,"date":"2018-02-16T09:49:52","date_gmt":"2018-02-16T09:49:52","guid":{"rendered":"https:\/\/www.welovecycling.com\/pl\/?p=6624"},"modified":"2018-02-16T09:52:33","modified_gmt":"2018-02-16T09:52:33","slug":"czlowiek-ktory-kupil-zwyciestwo-tour-de-france","status":"publish","type":"post","link":"https:\/\/www.welovecycling.com\/pl\/2018\/02\/16\/czlowiek-ktory-kupil-zwyciestwo-tour-de-france\/","title":{"rendered":"Cz\u0142owiek, kt\u00f3ry kupi\u0142 zwyci\u0119stwo w Tour de France"},"content":{"rendered":"<p><strong>Kto wie, czy Jean Robic kombinowa\u0142by tak bardzo, gdyby nie obietnica z\u0142o\u017cona \u017conie. Pewnie dnia przyrzek\u0142 wybrance: \u201ePrzywioz\u0119 ci \u017c\u00f3\u0142t\u0105 koszulk\u0119 Tour de France\u201d. S\u0142owa dotrzyma\u0142, cho\u0107 pomaga\u0142y mu w tym nawet bidony wype\u0142nione\u2026 o\u0142owiem.<\/strong><\/p>\n<p><!--more--><\/p>\n<p>Jeden z francuskich dziennikarzy \u017cartowa\u0142, \u017ce postur\u0105 bardziej przypomina\u0142 d\u017cokeja ni\u017c kolarza. Mia\u0142 161 cm wzrostu, a wed\u0142ug niekt\u00f3rych \u017ar\u00f3de\u0142 tylko 159 cm. Do tego wa\u017cy\u0142 zaledwie 60 kg, wi\u0119c szybko dosta\u0142 dwa pseudonimy: \u201eChudzielec\u201d i \u201eKoza\u201d.<\/p>\n<p>\u201eGdyby ktokolwiek mi powiedzia\u0142, \u017ce ten 17-letni ch\u0142opak z uszami wystarczaj\u0105co du\u017cymi, by \u0142apa\u0107 wiatr, wygra Tour de France, za\u015bmia\u0142bym si\u0119. Takich ch\u0142opak\u00f3w mieli\u015bmy we Francji setki\u201d \u2013 pisa\u0142 Ren\u00e9 de Latour, korespondent brytyjskiego magazynu \u201eSporting Cyclist\u201d.<\/p>\n<p>Jednak brak centymetr\u00f3w, kilogram\u00f3w, a mo\u017ce i umiej\u0119tno\u015bci, Robic nadrabia\u0142 cwaniactwem granicz\u0105cym z \u0142amaniem zasad fair-play.<\/p>\n<p><strong>O\u0142\u00f3w albo rt\u0119\u0107<\/strong><\/p>\n<p>Jak radzi\u0142 sobie Francuz? Na podjazdach nie najgorzej, w ko\u0144cu nie musia\u0142 wyci\u0105ga\u0107 w g\u00f3r\u0119 100 kilogram\u00f3w, a tylko blisko po\u0142ow\u0119 tej wagi. Problem pojawia\u0142 si\u0119 jednak p\u00f3\u017aniej, bo to, co zdoby\u0142 mordercz\u0105 wspinaczk\u0105, z powodu wagi traci\u0142 na zjazdach. Znalaz\u0142 jednak rozwi\u0105zanie \u2013 na ka\u017cdym szczycie czekali na niego koledzy z zespo\u0142u, kt\u00f3rzy dawali Robicowi bidony. Nie by\u0142y one jednak wype\u0142nione wod\u0105 czy sokami, ale\u2026 o\u0142owiem, dzi\u0119ki czemu sprytny Francuz wyr\u00f3wnywa\u0142 szanse.<\/p>\n<p>Z czasem jednak organizatorzy Tour de France chcieli ukr\u00f3ci\u0107 te praktyki i do regulaminu wpisali punkt m\u00f3wi\u0105cy o tym, \u017ce w bidonie mog\u0105 znajdowa\u0107 si\u0119 tylko ciecze. Ale to tylko pobudzi\u0142o wyobra\u017ani\u0119 Robica, kt\u00f3ry pewnie d\u0142ugo si\u0119 nie zastanawia\u0142 i o\u0142\u00f3w w bidonie zast\u0105pi\u0142\u2026 rt\u0119ci\u0105.<\/p>\n<p>Kombinowanie z doci\u0105\u017ceniem nie sko\u0144czy\u0142o si\u0119 jednak dla niego dobrze w 1944 r. Podczas jednego ze zjazd\u00f3w osi\u0105gn\u0105\u0142 tak\u0105 pr\u0119dko\u015b\u0107, \u017ce wzi\u0105\u0142 udzia\u0142 w kraksie, musia\u0142 wycofa\u0107 si\u0119 z wy\u015bcigu i ju\u017c do ko\u0144ca \u017cycia je\u017adzi\u0142 w sk\u00f3rzanym kasku, co sta\u0142o si\u0119 jego znakiem rozpoznawczym. Z\u0142o\u015bliwi \u017cartowali z kolei, \u017ce a\u017c dziwne, i\u017c nie kaza\u0142 sobie wykona\u0107 tego kasku z o\u0142owiu&#8230;<\/p>\n<p>Trzy lata p\u00f3\u017aniej z Robica nikt ju\u017c jednak nie \u017cartowa\u0142, bo Francuz zszokowa\u0142 ca\u0142y \u015bwiat. W\u00f3wczas co\u015b ju\u017c w kolarstwie znaczy\u0142, ale nie na tyle, by jego nazwisko by\u0142o wymieniane w\u015br\u00f3d faworyt\u00f3w do zwyci\u0119stwa w Tour de France. I do ko\u0144ca niewiele na to wskazywa\u0142o, bo cho\u0107 znajdowa\u0142 si\u0119 w czo\u0142\u00f3wce, to nie wygra\u0142 \u017cadnego etapu. Na ko\u0144cu okaza\u0142o si\u0119 jednak, \u017ce zosta\u0142 pierwszy zawodnikiem w historii Tour de France, kt\u00f3ry zwyci\u0119\u017cy\u0142, mimo \u017ce wcze\u015bniej ani razu nie za\u0142o\u017cy\u0142 \u017c\u00f3\u0142tej koszulki.<\/p>\n<p>Dzi\u015b by\u0142oby to nie do pomy\u015blenia, bo ostatni etap to etap przyja\u017ani, na kt\u00f3rym uk\u0142ad si\u0142 w czo\u0142\u00f3wce ju\u017c si\u0119 nie zmienia. M\u00f3wi\u0105c wprost \u2013 tam czo\u0142\u00f3wka ju\u017c si\u0119 nie \u015bciga. Inaczej wygl\u0105da\u0142o to jednak w 1947 r., a wszystko odby\u0142o si\u0119 za spraw\u0105 Robica.<\/p>\n<p><strong>Negocjacje zamiast ucieczki<\/strong><\/p>\n<p>W\u0142och Pierre Brambilla spa\u0142 spokojnie, bo przed ostatnim \u015bci\u0105ganiem mia\u0142 blisko trzy minuty przewagi nad trzecim Robicem. Francuz jednak i na t\u0119 okazj\u0119 przygotowa\u0142 chytry plan. Zabra\u0142 si\u0119 w ucieczk\u0119 wraz z Edouardem Fachleitnerem, a gdy ten chcia\u0142 mu odjecha\u0107, Robic rozpocz\u0105\u0142 negocjacje. A mianowicie \u2013 zaproponowa\u0142 rodakowi 100 tys. frank\u00f3w za to, \u017ce ten b\u0119dzie jecha\u0142 z nim do ko\u0144ca, ale nie wygra etapu. \u2013 I tak nie masz szans na zwyci\u0119stwo w ca\u0142ym wy\u015bcigu, a tak przynajmniej zarobisz \u2013 mia\u0142 argumentowa\u0107. I przekona\u0142 Fachleitnera, kt\u00f3ry towarzyszy\u0142 mu w ucieczce, ale na ko\u0144cu odpu\u015bci\u0142 i tym samym Robic spe\u0142ni\u0142 obietnic\u0119 dan\u0105 \u017conie.<\/p>\n<p>Z kolei tylko po\u0142owicznie dotrzyma\u0142 s\u0142owa danego Fachleitnerowi, bo 100 tys. frank\u00f3w przekaza\u0142 nie jemu, ale ca\u0142ej jego dru\u017cynie, do podzia\u0142u.<\/p>\n<p>Inna sprawa, \u017ce Robic ubi\u0142 \u015bwietny interes \u2013 za wygran\u0105 w Tour de France otrzyma\u0142 500 tys. frank\u00f3w, a p\u00f3\u017aniejsze wp\u0142ywy marketingowe i reklamowe wynios\u0142y 3-4 milion\u00f3w frank\u00f3w. Zreszt\u0105 z popularno\u015bci czerpa\u0142 do ostatnich dni \u017cycia, bo do dzi\u015b ulica przy kt\u00f3rej mieszka\u0142 w Radenac nosi jego nazwisko, kolarz ma tam te\u017c swoje muzeum. Postawiono mu r\u00f3wnie\u017c pomnik, na kt\u00f3rym oczywi\u015bcie stoi w sk\u00f3rzanym kasku.<\/p>\n<p><strong>Wojowa\u0142a ze wszystkimi<\/strong><\/p>\n<p>Mimo to Robic nie by\u0142 lubiany w \u015brodowisku. Jego cwaniactwo, kombinatorstwo i trudny charakter sprawi\u0142y, \u017ce w\u015br\u00f3d kolarzy mia\u0142 niewielu przyjaci\u00f3\u0142. \u201eMo\u017cna by\u0142o odnie\u015b\u0107 wra\u017cenie, \u017ce by\u0142 w stanie wojny ze wszystkimi\u201d \u2013 pisa\u0142y francuskie media.<\/p>\n<p>W 1959 r. przyjecha\u0142 na met\u0119 etapu Tour de France po limicie czasowym. Normalnie, jako by\u0142y zwyci\u0119zca tego wy\u015bcigu, zosta\u0142by potraktowany ulgowo, ale Robic nawet z s\u0119dziami mia\u0142 na pie\u0144ku i zosta\u0142 zdyskwalifikowany.<\/p>\n<p>P\u00f3\u017aniej startowa\u0142 jeszcze w ma\u0142ych lokalnych wy\u015bcigach, bo za ka\u017cdy wyst\u0119p mu p\u0142acono. W ko\u0144cu jednak rozwi\u00f3d\u0142 si\u0119, zbankrutowa\u0142 i popad\u0142 w tarapaty tak du\u017ce, \u017ce na chleb musia\u0142 zarabia\u0107 jako s\u0119dzia zapas\u00f3w. Jednak , ze wzgl\u0119du na swoj\u0105 postur\u0119, cz\u0119sto by\u0142 wyrzucany przez zawodnik\u00f3w poza mat\u0119.<\/p>\n<p>W 1980 r. wraca\u0142 z imprezy, na kt\u00f3rej \u015bwi\u0119towano zwyci\u0119stwo Joopa Zoetemelka w Tour de France. Jego auto zderzy\u0142o si\u0119 z ci\u0119\u017car\u00f3wk\u0105, Robic zgin\u0105\u0142 na miejscu. \u201eWysocy m\u0119\u017cczy\u017ani zawsze wyr\u00f3\u017cniaj\u0105 si\u0119 w t\u0142umie, ale niekt\u00f3rzy niscy te\u017c potrafi\u0105 to zrobi\u0107\u201d \u2013 pisano o nim po latach.<\/p>\n","protected":false},"excerpt":{"rendered":"<p>Kto wie, czy Jean Robic kombinowa\u0142by tak bardzo, gdyby nie obietnica z\u0142o\u017cona \u017conie. Pewnie dnia przyrzek\u0142 wybrance: \u201ePrzywioz\u0119 ci \u017c\u00f3\u0142t\u0105 [&hellip;]<\/p>\n","protected":false},"author":76,"featured_media":6625,"comment_status":"open","ping_status":"open","sticky":false,"template":"","format":"standard","meta":{"footnotes":""},"categories":[226],"tags":[41,77,82],"global-categories":[],"class_list":["post-6624","post","type-post","status-publish","format-standard","has-post-thumbnail","hentry","category-ciekawostki","tag-cycling","tag-tour-de-france","tag-welovecycling"],"yoast_head":"<!-- This site is optimized with the Yoast SEO Premium plugin v25.3 (Yoast SEO v25.9) - https:\/\/yoast.com\/wordpress\/plugins\/seo\/ -->\n<title>Cz\u0142owiek, kt\u00f3ry kupi\u0142 zwyci\u0119stwo w Tour de France - \u0160koda We Love Cycling - Poland<\/title>\n<meta name=\"robots\" content=\"index, follow, max-snippet:-1, max-image-preview:large, max-video-preview:-1\" \/>\n<link rel=\"canonical\" href=\"https:\/\/www.welovecycling.com\/pl\/2018\/02\/16\/czlowiek-ktory-kupil-zwyciestwo-tour-de-france\/\" \/>\n<meta property=\"og:locale\" content=\"pl_PL\" \/>\n<meta property=\"og:type\" content=\"article\" \/>\n<meta property=\"og:title\" content=\"Cz\u0142owiek, kt\u00f3ry kupi\u0142 zwyci\u0119stwo w Tour de France\" \/>\n<meta property=\"og:description\" content=\"Kto wie, czy Jean Robic kombinowa\u0142by tak bardzo, gdyby nie obietnica z\u0142o\u017cona \u017conie. Pewnie dnia przyrzek\u0142 wybrance: \u201ePrzywioz\u0119 ci \u017c\u00f3\u0142t\u0105 [&hellip;]\" \/>\n<meta property=\"og:url\" content=\"https:\/\/www.welovecycling.com\/pl\/2018\/02\/16\/czlowiek-ktory-kupil-zwyciestwo-tour-de-france\/\" \/>\n<meta property=\"og:site_name\" content=\"\u0160koda We Love Cycling - Poland\" \/>\n<meta property=\"article:published_time\" content=\"2018-02-16T09:49:52+00:00\" \/>\n<meta property=\"article:modified_time\" content=\"2018-02-16T09:52:33+00:00\" \/>\n<meta property=\"og:image\" content=\"https:\/\/d2p6e6u75xmxt8.cloudfront.net\/5\/2018\/02\/shutterstock_342081257.jpg\" \/>\n\t<meta property=\"og:image:width\" content=\"1000\" \/>\n\t<meta property=\"og:image:height\" content=\"667\" \/>\n\t<meta property=\"og:image:type\" content=\"image\/jpeg\" \/>\n<meta name=\"author\" content=\"piotrboczkowski\" \/>\n<meta name=\"twitter:card\" content=\"summary_large_image\" \/>\n<meta name=\"twitter:label1\" content=\"Written by\" \/>\n\t<meta name=\"twitter:data1\" content=\"WeLoveCycling\" \/>\n\t<meta name=\"twitter:label2\" content=\"Est. reading time\" \/>\n\t<meta name=\"twitter:data2\" content=\"5 minutes\" \/>\n<script type=\"application\/ld+json\" class=\"yoast-schema-graph\">{\"@context\":\"https:\/\/schema.org\",\"@graph\":[{\"@type\":\"WebPage\",\"@id\":\"https:\/\/www.welovecycling.com\/pl\/2018\/02\/16\/czlowiek-ktory-kupil-zwyciestwo-tour-de-france\/\",\"url\":\"https:\/\/www.welovecycling.com\/pl\/2018\/02\/16\/czlowiek-ktory-kupil-zwyciestwo-tour-de-france\/\",\"name\":\"Cz\u0142owiek, kt\u00f3ry kupi\u0142 zwyci\u0119stwo w Tour de France - \u0160koda We Love Cycling - Poland\",\"isPartOf\":{\"@id\":\"https:\/\/www.welovecycling.com\/pl\/#website\"},\"primaryImageOfPage\":{\"@id\":\"https:\/\/www.welovecycling.com\/pl\/2018\/02\/16\/czlowiek-ktory-kupil-zwyciestwo-tour-de-france\/#primaryimage\"},\"image\":{\"@id\":\"https:\/\/www.welovecycling.com\/pl\/2018\/02\/16\/czlowiek-ktory-kupil-zwyciestwo-tour-de-france\/#primaryimage\"},\"thumbnailUrl\":\"https:\/\/d2p6e6u75xmxt8.cloudfront.net\/5\/2018\/02\/shutterstock_342081257.jpg\",\"datePublished\":\"2018-02-16T09:49:52+00:00\",\"dateModified\":\"2018-02-16T09:52:33+00:00\",\"author\":{\"@id\":\"https:\/\/www.welovecycling.com\/pl\/#\/schema\/person\/0dba2d39da943db9df3fd8f4687e7f23\"},\"breadcrumb\":{\"@id\":\"https:\/\/www.welovecycling.com\/pl\/2018\/02\/16\/czlowiek-ktory-kupil-zwyciestwo-tour-de-france\/#breadcrumb\"},\"inLanguage\":\"pl-PL\",\"potentialAction\":[{\"@type\":\"ReadAction\",\"target\":[\"https:\/\/www.welovecycling.com\/pl\/2018\/02\/16\/czlowiek-ktory-kupil-zwyciestwo-tour-de-france\/\"]}]},{\"@type\":\"ImageObject\",\"inLanguage\":\"pl-PL\",\"@id\":\"https:\/\/www.welovecycling.com\/pl\/2018\/02\/16\/czlowiek-ktory-kupil-zwyciestwo-tour-de-france\/#primaryimage\",\"url\":\"https:\/\/d2p6e6u75xmxt8.cloudfront.net\/5\/2018\/02\/shutterstock_342081257.jpg\",\"contentUrl\":\"https:\/\/d2p6e6u75xmxt8.cloudfront.net\/5\/2018\/02\/shutterstock_342081257.jpg\",\"width\":1000,\"height\":667},{\"@type\":\"BreadcrumbList\",\"@id\":\"https:\/\/www.welovecycling.com\/pl\/2018\/02\/16\/czlowiek-ktory-kupil-zwyciestwo-tour-de-france\/#breadcrumb\",\"itemListElement\":[{\"@type\":\"ListItem\",\"position\":1,\"name\":\"Home\",\"item\":\"https:\/\/www.welovecycling.com\/pl\/\"},{\"@type\":\"ListItem\",\"position\":2,\"name\":\"Cz\u0142owiek, kt\u00f3ry kupi\u0142 zwyci\u0119stwo w Tour de France\"}]},{\"@type\":\"WebSite\",\"@id\":\"https:\/\/www.welovecycling.com\/pl\/#website\",\"url\":\"https:\/\/www.welovecycling.com\/pl\/\",\"name\":\"\u0160koda We Love Cycling - Poland\",\"description\":\"\",\"potentialAction\":[{\"@type\":\"SearchAction\",\"target\":{\"@type\":\"EntryPoint\",\"urlTemplate\":\"https:\/\/www.welovecycling.com\/pl\/?s={search_term_string}\"},\"query-input\":{\"@type\":\"PropertyValueSpecification\",\"valueRequired\":true,\"valueName\":\"search_term_string\"}}],\"inLanguage\":\"pl-PL\"},{\"@type\":\"Person\",\"@id\":\"https:\/\/www.welovecycling.com\/pl\/#\/schema\/person\/0dba2d39da943db9df3fd8f4687e7f23\",\"name\":\"piotrboczkowski\",\"image\":{\"@type\":\"ImageObject\",\"inLanguage\":\"pl-PL\",\"@id\":\"https:\/\/www.welovecycling.com\/pl\/#\/schema\/person\/image\/\",\"url\":\"https:\/\/secure.gravatar.com\/avatar\/533caccae14752e03a2ce2d3fd62d1b98b93e1393c3195c27819e53344ca1ace?s=96&d=mm&r=g\",\"contentUrl\":\"https:\/\/secure.gravatar.com\/avatar\/533caccae14752e03a2ce2d3fd62d1b98b93e1393c3195c27819e53344ca1ace?s=96&d=mm&r=g\",\"caption\":\"piotrboczkowski\"},\"url\":\"https:\/\/www.welovecycling.com\/pl\/author\/piotrboczkowski\/\"}]}<\/script>\n<!-- \/ Yoast SEO Premium plugin. -->","yoast_head_json":{"title":"Cz\u0142owiek, kt\u00f3ry kupi\u0142 zwyci\u0119stwo w Tour de France - \u0160koda We Love Cycling - Poland","robots":{"index":"index","follow":"follow","max-snippet":"max-snippet:-1","max-image-preview":"max-image-preview:large","max-video-preview":"max-video-preview:-1"},"canonical":"https:\/\/www.welovecycling.com\/pl\/2018\/02\/16\/czlowiek-ktory-kupil-zwyciestwo-tour-de-france\/","og_locale":"pl_PL","og_type":"article","og_title":"Cz\u0142owiek, kt\u00f3ry kupi\u0142 zwyci\u0119stwo w Tour de France","og_description":"Kto wie, czy Jean Robic kombinowa\u0142by tak bardzo, gdyby nie obietnica z\u0142o\u017cona \u017conie. Pewnie dnia przyrzek\u0142 wybrance: \u201ePrzywioz\u0119 ci \u017c\u00f3\u0142t\u0105 [&hellip;]","og_url":"https:\/\/www.welovecycling.com\/pl\/2018\/02\/16\/czlowiek-ktory-kupil-zwyciestwo-tour-de-france\/","og_site_name":"\u0160koda We Love Cycling - Poland","article_published_time":"2018-02-16T09:49:52+00:00","article_modified_time":"2018-02-16T09:52:33+00:00","og_image":[{"width":1000,"height":667,"url":"https:\/\/d2p6e6u75xmxt8.cloudfront.net\/5\/2018\/02\/shutterstock_342081257.jpg","type":"image\/jpeg"}],"author":"piotrboczkowski","twitter_card":"summary_large_image","twitter_misc":{"Written by":"WeLoveCycling","Est. reading time":"5 minutes"},"schema":{"@context":"https:\/\/schema.org","@graph":[{"@type":"WebPage","@id":"https:\/\/www.welovecycling.com\/pl\/2018\/02\/16\/czlowiek-ktory-kupil-zwyciestwo-tour-de-france\/","url":"https:\/\/www.welovecycling.com\/pl\/2018\/02\/16\/czlowiek-ktory-kupil-zwyciestwo-tour-de-france\/","name":"Cz\u0142owiek, kt\u00f3ry kupi\u0142 zwyci\u0119stwo w Tour de France - \u0160koda We Love Cycling - Poland","isPartOf":{"@id":"https:\/\/www.welovecycling.com\/pl\/#website"},"primaryImageOfPage":{"@id":"https:\/\/www.welovecycling.com\/pl\/2018\/02\/16\/czlowiek-ktory-kupil-zwyciestwo-tour-de-france\/#primaryimage"},"image":{"@id":"https:\/\/www.welovecycling.com\/pl\/2018\/02\/16\/czlowiek-ktory-kupil-zwyciestwo-tour-de-france\/#primaryimage"},"thumbnailUrl":"https:\/\/d2p6e6u75xmxt8.cloudfront.net\/5\/2018\/02\/shutterstock_342081257.jpg","datePublished":"2018-02-16T09:49:52+00:00","dateModified":"2018-02-16T09:52:33+00:00","author":{"@id":"https:\/\/www.welovecycling.com\/pl\/#\/schema\/person\/0dba2d39da943db9df3fd8f4687e7f23"},"breadcrumb":{"@id":"https:\/\/www.welovecycling.com\/pl\/2018\/02\/16\/czlowiek-ktory-kupil-zwyciestwo-tour-de-france\/#breadcrumb"},"inLanguage":"pl-PL","potentialAction":[{"@type":"ReadAction","target":["https:\/\/www.welovecycling.com\/pl\/2018\/02\/16\/czlowiek-ktory-kupil-zwyciestwo-tour-de-france\/"]}]},{"@type":"ImageObject","inLanguage":"pl-PL","@id":"https:\/\/www.welovecycling.com\/pl\/2018\/02\/16\/czlowiek-ktory-kupil-zwyciestwo-tour-de-france\/#primaryimage","url":"https:\/\/d2p6e6u75xmxt8.cloudfront.net\/5\/2018\/02\/shutterstock_342081257.jpg","contentUrl":"https:\/\/d2p6e6u75xmxt8.cloudfront.net\/5\/2018\/02\/shutterstock_342081257.jpg","width":1000,"height":667},{"@type":"BreadcrumbList","@id":"https:\/\/www.welovecycling.com\/pl\/2018\/02\/16\/czlowiek-ktory-kupil-zwyciestwo-tour-de-france\/#breadcrumb","itemListElement":[{"@type":"ListItem","position":1,"name":"Home","item":"https:\/\/www.welovecycling.com\/pl\/"},{"@type":"ListItem","position":2,"name":"Cz\u0142owiek, kt\u00f3ry kupi\u0142 zwyci\u0119stwo w Tour de France"}]},{"@type":"WebSite","@id":"https:\/\/www.welovecycling.com\/pl\/#website","url":"https:\/\/www.welovecycling.com\/pl\/","name":"\u0160koda We Love Cycling - Poland","description":"","potentialAction":[{"@type":"SearchAction","target":{"@type":"EntryPoint","urlTemplate":"https:\/\/www.welovecycling.com\/pl\/?s={search_term_string}"},"query-input":{"@type":"PropertyValueSpecification","valueRequired":true,"valueName":"search_term_string"}}],"inLanguage":"pl-PL"},{"@type":"Person","@id":"https:\/\/www.welovecycling.com\/pl\/#\/schema\/person\/0dba2d39da943db9df3fd8f4687e7f23","name":"piotrboczkowski","image":{"@type":"ImageObject","inLanguage":"pl-PL","@id":"https:\/\/www.welovecycling.com\/pl\/#\/schema\/person\/image\/","url":"https:\/\/secure.gravatar.com\/avatar\/533caccae14752e03a2ce2d3fd62d1b98b93e1393c3195c27819e53344ca1ace?s=96&d=mm&r=g","contentUrl":"https:\/\/secure.gravatar.com\/avatar\/533caccae14752e03a2ce2d3fd62d1b98b93e1393c3195c27819e53344ca1ace?s=96&d=mm&r=g","caption":"piotrboczkowski"},"url":"https:\/\/www.welovecycling.com\/pl\/author\/piotrboczkowski\/"}]}},"_links":{"self":[{"href":"https:\/\/www.welovecycling.com\/pl\/wp-json\/wp\/v2\/posts\/6624","targetHints":{"allow":["GET"]}}],"collection":[{"href":"https:\/\/www.welovecycling.com\/pl\/wp-json\/wp\/v2\/posts"}],"about":[{"href":"https:\/\/www.welovecycling.com\/pl\/wp-json\/wp\/v2\/types\/post"}],"author":[{"embeddable":true,"href":"https:\/\/www.welovecycling.com\/pl\/wp-json\/wp\/v2\/users\/76"}],"replies":[{"embeddable":true,"href":"https:\/\/www.welovecycling.com\/pl\/wp-json\/wp\/v2\/comments?post=6624"}],"version-history":[{"count":2,"href":"https:\/\/www.welovecycling.com\/pl\/wp-json\/wp\/v2\/posts\/6624\/revisions"}],"predecessor-version":[{"id":6627,"href":"https:\/\/www.welovecycling.com\/pl\/wp-json\/wp\/v2\/posts\/6624\/revisions\/6627"}],"wp:featuredmedia":[{"embeddable":true,"href":"https:\/\/www.welovecycling.com\/pl\/wp-json\/wp\/v2\/media\/6625"}],"wp:attachment":[{"href":"https:\/\/www.welovecycling.com\/pl\/wp-json\/wp\/v2\/media?parent=6624"}],"wp:term":[{"taxonomy":"category","embeddable":true,"href":"https:\/\/www.welovecycling.com\/pl\/wp-json\/wp\/v2\/categories?post=6624"},{"taxonomy":"post_tag","embeddable":true,"href":"https:\/\/www.welovecycling.com\/pl\/wp-json\/wp\/v2\/tags?post=6624"},{"taxonomy":"global-categories","embeddable":true,"href":"https:\/\/www.welovecycling.com\/pl\/wp-json\/wp\/v2\/global-categories?post=6624"}],"curies":[{"name":"wp","href":"https:\/\/api.w.org\/{rel}","templated":true}]}}