{"id":6592,"date":"2018-02-07T12:09:59","date_gmt":"2018-02-07T12:09:59","guid":{"rendered":"https:\/\/www.welovecycling.com\/pl\/?p=6592"},"modified":"2018-02-07T12:09:59","modified_gmt":"2018-02-07T12:09:59","slug":"30-temu-polak-byl-liderem-tour-de-france-spotkala-jedna-przykra-rzecz","status":"publish","type":"post","link":"https:\/\/www.welovecycling.com\/pl\/2018\/02\/07\/30-temu-polak-byl-liderem-tour-de-france-spotkala-jedna-przykra-rzecz\/","title":{"rendered":"30 lat temu Polak by\u0142 liderem Tour de France! \u201eSpotka\u0142a mnie jedna przykra rzecz\u201d"},"content":{"rendered":"<p>104 edycje, grubo ponad tysi\u0105c etap\u00f3w i jeden jedyny Polak, kt\u00f3ry mia\u0142 zaszczyt jecha\u0107 w \u017c\u00f3\u0142tej koszulce lidera Tour de France. Mistrz \u015bwiata, kt\u00f3ry zawodowcem zosta\u0142 za 60 rower\u00f3w, ale na podium Wielkiej P\u0119tli czu\u0142 si\u0119 jak w kaftanie bezpiecze\u0144stwa. O mistrzowskiej karierze w specjalnej rozmowie z WeLoveCycling opowiada <strong>Lech Piasecki<\/strong>, kt\u00f3ry w \u017c\u00f3\u0142tej koszulce jecha\u0142 w 1987 roku, po 1. i 2. etapie, kt\u00f3re prowadzi\u0142y ulicami Berlina Zachodniego.<!--more--><\/p>\n<p><strong>Ile koszulek otrzyma\u0142 Pan na pami\u0105tk\u0119?<\/strong><\/p>\n<p>&#8211; By\u0142y chyba dwie plus kombinezon, a tak\u017ce dwie koszulki do dekoracji. Te ostatnie przypomina\u0142y troch\u0119 kaftan bezpiecze\u0144stwa (\u015bmiech).<\/p>\n<p><strong>Zatrzyma\u0142 je pan dla siebie?<\/strong><\/p>\n<p>&#8211; Mam jeden kaftan, koszulk\u0119 i kombinezon. Wisz\u0105 w domu, oprawione, obok dw\u00f3ch koszulek z mistrzostw \u015bwiata i jednej z Wy\u015bcigu Pokoju. A kombinezon teraz znajduje si\u0119 na wystawie w Berlinie. Otworzy\u0142 si\u0119 tam pewien sklep i poprosili mnie o wypo\u017cyczenie czego\u015b z Tour de France, wi\u0119c po\u017cyczy\u0142em kombinezon; znajduje si\u0119 na honorowym miejscu.<\/p>\n<p><strong>Czyli po latach ludzie ci\u0105gle pami\u0119taj\u0105?<\/strong><\/p>\n<p>&#8211; Na to wygl\u0105da, cho\u0107 troch\u0119 czasu min\u0119\u0142o. Przecie\u017c wtedy jeszcze sta\u0142 Mur Berli\u0144ski! Gdy je\u017adzili\u015bmy na treningi, to pr\u00f3bowali\u015bmy t\u0142umaczy\u0107 kolegom z W\u0142och, \u017ce mieszkamy 120 km st\u0105d, ale nie mo\u017cemy pojecha\u0107 do domu, bo dzieli nas mur. Nie ka\u017cdy by\u0142 jednak w stanie to poj\u0105\u0107, ale s\u0105dz\u0119, \u017ce po latach, gdy mur pad\u0142, to zrozumieli. Zreszt\u0105 z Cze\u015bkiem Langiem \u017cartujemy, \u017ce troch\u0119 si\u0119 przyczynili\u015bmy do obalenia Muru Berli\u0144skiego.<\/p>\n<p><strong>Zwyci\u0119stwo na Zachodzie smakowa\u0142o wyj\u0105tkowo?<\/strong><\/p>\n<p>&#8211; \u017b\u00f3\u0142ta koszulka Tour de France musi smakowa\u0107. To ogromne prze\u017cycie. Zreszt\u0105 min\u0119\u0142o tyle lat, a pan dzwoni do mnie w tej sprawie, wi\u0119c chyba mia\u0142o to spore znaczenie (\u015bmiech).<\/p>\n<p><strong>Ale w\u00f3wczas nie by\u0142o Panu przykro, \u017ce z powodu panuj\u0105cego w Polsce komunizmu, o Pana sukcesie wiele si\u0119 nie m\u00f3wi\u0142o?<\/strong><\/p>\n<p>&#8211; Hmmm\u2026 Trenuje si\u0119 i walczy dla siebie, ale docenienie sukcesu te\u017c jest przyjemne. Koszulka lidera to by\u0142o co\u015b, ale zdoby\u0142em te\u017c mistrzostwo \u015bwiata zawodowc\u00f3w na torze, a mimo to nie zosta\u0142em nawet uj\u0119ty w kandydatach na najlepszego polskiego sportowca roku, czyli ludzie nie mogli nawet na mnie g\u0142osowa\u0107. Tak, to by\u0142o przykre.<\/p>\n<p><strong>To by\u0142a cena, jak\u0105 zap\u0142aci\u0142 pan za przej\u015bcie na zawodowstwo?<\/strong><\/p>\n<p>&#8211; Tak, w sumie to nie traktowano mnie jak polskiego sportowca. Takie by\u0142y czas, trudno. Ka\u017cda epoka ma swoich bohater\u00f3w, ale ja te\u017c prze\u017cy\u0142em swoje pi\u0119\u0107 minut.<\/p>\n<p><strong>Dzi\u015b Polacy nie je\u017cd\u017c\u0105 w \u017c\u00f3\u0142tych koszulkach, ale Rafa\u0142 Majka i Maciej Bodnar wygrali etapy Tour de France.<\/strong><\/p>\n<p>&#8211; Fajnie, \u017ce m\u0142ode pokolenie potrafi zaistnie\u0107. Dzi\u0119ki temu we wspomnieniach wracaj\u0105 chwile, gdy to my walczyli\u015bmy i to z ca\u0142kiem niez\u0142ym efektem.<\/p>\n<p><strong>Ma pan nagrania z tamtego Tour de France?<\/strong><\/p>\n<p>&#8211; Tak, dzi\u0119ki mediom spo\u0142eczno\u015bciowym cz\u0119sto trafiaj\u0105 do mnie jakie\u015b wideo czy zdj\u0119cia. Fajnie, pewnie w inny spos\u00f3b bym do tego nie dotar\u0142\u2026 Przyjemnie jest obejrze\u0107 tamte chwile. Nawet dzi\u015b dotar\u0142o do mnie nagranie z Giro d\u2019Italia, gdzie na szczycie by\u0142o minus 5 stopni i 10 centymetr\u00f3w \u015bniegu, a my jechali\u015bmy z kr\u00f3tkimi r\u0119kawami. Zimno si\u0119 robi od samego patrzenia.<\/p>\n<p><strong>Jedni m\u00f3wi\u0105, \u017ce prolog Tour de France przegra\u0142 Pan o trzy sekundy inni, \u017ce o b\u0142ysk szprychy. Jak by\u0142o naprawd\u0119?<\/strong><\/p>\n<p>&#8211; Z tego co pami\u0119tam, to brak\u0142o mi 0,02 sekundy.<\/p>\n<p><strong>0,02 sekundy? Nie wiadomo, czy w tamtych czasach sprz\u0119t do pomiar\u00f3w by\u0142 a\u017c tak dok\u0142adny (\u015bmiech).<\/strong><\/p>\n<p>&#8211; Nie wiem, nikt tego nie podwa\u017ca\u0142 (\u015bmiech). Po prologu by\u0142 jednak kolejny etap, zabra\u0142em si\u0119 w ucieczk\u0119 wiedz\u0105c, \u017ce lider jest w peletonie. Moim g\u0142\u00f3wnym celem by\u0142o wi\u0119c dojecha\u0107 z t\u0105 ucieczk\u0105 do mety z jak\u0105kolwiek przewag\u0105, bo to dawa\u0142o mi koszulk\u0119 lidera. Mniej interesowa\u0142a mnie walka na finiszu o zwyci\u0119stwo, za to ca\u0142e si\u0142y w\u0142o\u017cy\u0142em w to, by nasza grupa nie da\u0142a si\u0119 z\u0142apa\u0107 peletonowi. Nie interesowa\u0142a mnie walka na finiszu, tylko by\u0142em g\u0142\u00f3wn\u0105 si\u0142\u0105 poci\u0105gowa ucieczki. No i si\u0119 uda\u0142o.<\/p>\n<p><strong>Dru\u017cyna p\u00f3\u017aniej jecha\u0142a pod Pana?<\/strong><\/p>\n<p>&#8211; Pomogli mi zdoby\u0107 koszulk\u0119 lidera, ale trzeba pami\u0119ta\u0107, \u017ce to by\u0142 pocz\u0105tek wy\u015bcigu, wi\u0119c nie mo\u017cna mie\u0107 pretensji, \u017ce za wszelk\u0105 cen\u0119 p\u00f3\u017aniej nie walczyli\u015bmy o utrzymanie koszulki. Wa\u017cne by\u0142o dla nas wszystkich, \u017ceby w og\u00f3le j\u0105 zdoby\u0107, a to si\u0119 uda\u0142o.<\/p>\n<p><strong>Czy Tour de France bardzo zmieni\u0142o si\u0119 od tego czasu?<\/strong><\/p>\n<p>&#8211; Czas wszystko zmienia, wi\u0119c kolarstwo te\u017c dzi\u015b jest inne. Nie wiem, czy gorsze, czy lepsze, ale inne. Np. komunikacja radiowa w jaki\u015b spos\u00f3b wypacza rywalizacj\u0119. Ale ja z Cze\u015bkiem Langiem pracuj\u0119 przy Tour de Pologne i wiem, \u017ce \u0142\u0105czno\u015b\u0107 radiowa cz\u0119sto jest bardzo wa\u017cny argumentem przy rozmowach z policj\u0105. To rzeczywi\u015bcie poprawia bezpiecze\u0144stwo ca\u0142ej kolumny wy\u015bcigu. Jednak pod wzgl\u0119dem rywalizacji to nie jest fajne, bo kolarze w pewien spos\u00f3b s\u0105 sterowani przez dyrektor\u00f3w. Ka\u017cdy zawodnik ma pomiar mocy, wszystkie dane wy\u015bwietlaj\u0105 si\u0119 u dyrektora w samochodzie. Kolarz cz\u0119sto czuje, \u017ce m\u00f3g\u0142by pojecha\u0107 mocniej, ale nie mo\u017ce, bo wed\u0142ug wykres\u00f3w moc, kt\u00f3r\u0105 generuje, jest wystarczaj\u0105ca. C\u00f3\u017c, nie do ko\u0144ca mi si\u0119 to podoba, ale \u015bwiat idzie do przodu.<\/p>\n<p><strong>Pami\u0119ta Pan sw\u00f3j pierwszy rower?<\/strong><\/p>\n<p>&#8211; Tak, to by\u0142o takie popularne bobo, dedykowane dla dzieci. Z kolei pierwszy rower z prawdziwego zdarzenia to by\u0142 Kobuz, z gi\u0119t\u0105 kierownic\u0105. To by\u0142o moje marzenie. Mia\u0142 trzy prze\u0142o\u017cenia, dosta\u0142em go od taty. P\u00f3\u017aniej mia\u0142em Jaguara, Huragana\u2026<\/p>\n<p><strong>Podobno Pana klub \u2013 Orl\u0119ta Gorz\u00f3w Wielkopolski &#8211; za Pana przej\u015bcie na zawodowstwo otrzyma\u0142 od w\u0142oskiej grupy Del Tongo 60 rower\u00f3w.<\/strong><\/p>\n<p>&#8211; Nie wiem, czy 60 rower\u00f3w dosta\u0142 sam klub, czy by\u0142y one do podzia\u0142u mi\u0119dzy klub a zwi\u0105zek\u2026 W ka\u017cdym razie by\u0142o ich bardzo du\u017co, bo tak zosta\u0142a wyznaczona zap\u0142ata za puszczenie mnie na zawodowstwo. Wiem, \u017ce do dzi\u015b niekt\u00f3re rowery maj\u0105 w klubie.<\/p>\n<p><strong>Do dzi\u015b? Przecie\u017c to by\u0142o 30 lat temu!<\/strong><\/p>\n<p>&#8211; No tak, ale przetrwa\u0142y i to w ca\u0142kiem niez\u0142ym stanie.<\/p>\n<p><strong>Dzi\u015b sam prowadzi Pan sklep z rowerami. Polacy coraz cz\u0119\u015bciej si\u0119gaj\u0105 po t\u0119 form\u0119 uprawiania sportu?<\/strong><\/p>\n<p>&#8211; M\u00f3j sklep znajduje si\u0119 przy do\u015b\u0107 ruchliwej trasie, wi\u0119c przez ca\u0142y dzie\u0144 kto\u015b tu przyje\u017cd\u017ca, albo przybiega. Ludzie staraj\u0105 si\u0119 coraz wi\u0119cej rusza\u0107\u2026 Sam mam grup\u0119 rowerzyst\u00f3w, kt\u00f3ra ubrana jest w moje barwy i wsp\u00f3lnie je\u017adzimy. Trenujemy trzy razy w tygodniu. W \u015brod\u0119 mamy tzw. nocne jazdy, bo startujemy ok. 18.40. Z kolei w soboty i niedziele spotykamy si\u0119 o godz. 10. Ale latem nie ma dnia, \u017ceby kto\u015b si\u0119 pod moim sklepem nie um\u00f3wi\u0142 na wsp\u00f3lny trening.<\/p>\n<p><strong>Wspomnia\u0142 Pan o jednakowych barwach. Przegl\u0105dam Wasze zdj\u0119cia i widz\u0119, \u017ce koszulki wpadaj\u0105 w \u017c\u00f3\u0142ty kolor. To przypadek czy nawi\u0105zanie do Pana sukces\u00f3w w Tour de France?<\/strong><\/p>\n<p>&#8211; Kiedy\u015b by\u0142em zwolennikiem barw ciemnych, stonowanych, ale musia\u0142em si\u0119 prze\u0142ama\u0107, bo to wi\u0105\u017ce si\u0119 z bezpiecze\u0144stwem. Sami jeste\u015bmy kierowcami i wiemy, jak pomagaj\u0105 koszulki jaskrawe i fluorescencyjne. Co wi\u0119cej \u2013 za dnia wi\u0119kszo\u015b\u0107 z nas te\u017c je\u017adzi z w\u0142\u0105czonymi \u015bwiat\u0142ami. Te \u015bwiat\u0142a, kt\u00f3re mam w sklepie, za dnia widoczne s\u0105 z 2 km, a po zmierzchu z 4 km, wi\u0119c zdecydowanie zwi\u0119kszaj\u0105 bezpiecze\u0144stwo. Nie spos\u00f3b ich nie zauwa\u017cy\u0107.<\/p>\n<p>Do tego, gdy trenujemy w grupie, to kierowcy bardziej respektuj\u0105 nasze prawa. Je\u015bli kierowca na co dzie\u0144 sam nie je\u017adzi na rowerze, a spotka na drodze dw\u00f3ch czy trzech zawodnik\u00f3w, to cz\u0119sto ich nie szanuje. Ten kto je\u017adzi rowerem wie, jak nale\u017cy si\u0119 zachowa\u0107 \u2013 \u017ce trzeba omin\u0105\u0107 rowerzyst\u0119 szerokim \u0142ukiem, a czasem zwolni\u0107.<\/p>\n<p>Teraz je\u017adzimy rowerami g\u00f3rskimi, wi\u0119c korzystamy z tych pseudo\u015bcie\u017cek, ale do jazdy rowerami szosowymi te \u015bcie\u017cki absolutnie si\u0119 nie nadaj\u0105. Cz\u0119sto zatrzymuj\u0105 nas policjanci, ale na szcz\u0119\u015bcie s\u0105 wyrozumiali, bo widz\u0105, \u017ce ci\u0119\u017cko porusza\u0107 jest si\u0119 szos\u00f3wk\u0105 po \u015bcie\u017cce, kt\u00f3ra jest w\u0105ska, wybrukowana i po kt\u00f3rej spaceruj\u0105 ludzie z w\u00f3zkami\u2026 Ale fajnie, ciesz\u0119 si\u0119, bo po tylu latach rower wci\u0105\u017c sprawia mi frajd\u0119.<\/p>\n","protected":false},"excerpt":{"rendered":"<p>104 edycje, grubo ponad tysi\u0105c etap\u00f3w i jeden jedyny Polak, kt\u00f3ry mia\u0142 zaszczyt jecha\u0107 w \u017c\u00f3\u0142tej koszulce lidera Tour de [&hellip;]<\/p>\n","protected":false},"author":76,"featured_media":6595,"comment_status":"open","ping_status":"open","sticky":false,"template":"","format":"standard","meta":{"footnotes":""},"categories":[226],"tags":[41,73,77,82],"global-categories":[],"class_list":["post-6592","post","type-post","status-publish","format-standard","has-post-thumbnail","hentry","category-ciekawostki","tag-cycling","tag-tdf","tag-tour-de-france","tag-welovecycling"],"yoast_head":"<!-- This site is optimized with the Yoast SEO Premium plugin v25.3 (Yoast SEO v25.9) - https:\/\/yoast.com\/wordpress\/plugins\/seo\/ -->\n<title>30 lat temu Polak by\u0142 liderem Tour de France! \u201eSpotka\u0142a mnie jedna przykra rzecz\u201d - \u0160koda We Love Cycling - Poland<\/title>\n<meta name=\"robots\" content=\"index, follow, max-snippet:-1, max-image-preview:large, max-video-preview:-1\" \/>\n<link rel=\"canonical\" href=\"https:\/\/www.welovecycling.com\/pl\/2018\/02\/07\/30-temu-polak-byl-liderem-tour-de-france-spotkala-jedna-przykra-rzecz\/\" \/>\n<meta property=\"og:locale\" content=\"pl_PL\" \/>\n<meta property=\"og:type\" content=\"article\" \/>\n<meta property=\"og:title\" content=\"30 lat temu Polak by\u0142 liderem Tour de France! \u201eSpotka\u0142a mnie jedna przykra rzecz\u201d\" \/>\n<meta property=\"og:description\" content=\"104 edycje, grubo ponad tysi\u0105c etap\u00f3w i jeden jedyny Polak, kt\u00f3ry mia\u0142 zaszczyt jecha\u0107 w \u017c\u00f3\u0142tej koszulce lidera Tour de [&hellip;]\" \/>\n<meta property=\"og:url\" content=\"https:\/\/www.welovecycling.com\/pl\/2018\/02\/07\/30-temu-polak-byl-liderem-tour-de-france-spotkala-jedna-przykra-rzecz\/\" \/>\n<meta property=\"og:site_name\" content=\"\u0160koda We Love Cycling - Poland\" \/>\n<meta property=\"article:published_time\" content=\"2018-02-07T12:09:59+00:00\" \/>\n<meta property=\"og:image\" content=\"https:\/\/d2p6e6u75xmxt8.cloudfront.net\/5\/2018\/02\/shutterstock_645593161.jpg\" \/>\n\t<meta property=\"og:image:width\" content=\"1000\" \/>\n\t<meta property=\"og:image:height\" content=\"667\" \/>\n\t<meta property=\"og:image:type\" content=\"image\/jpeg\" \/>\n<meta name=\"author\" content=\"piotrboczkowski\" \/>\n<meta name=\"twitter:card\" content=\"summary_large_image\" \/>\n<meta name=\"twitter:label1\" content=\"Written by\" \/>\n\t<meta name=\"twitter:data1\" content=\"WeLoveCycling\" \/>\n\t<meta name=\"twitter:label2\" content=\"Est. reading time\" \/>\n\t<meta name=\"twitter:data2\" content=\"7 minutes\" \/>\n<script type=\"application\/ld+json\" class=\"yoast-schema-graph\">{\"@context\":\"https:\/\/schema.org\",\"@graph\":[{\"@type\":\"WebPage\",\"@id\":\"https:\/\/www.welovecycling.com\/pl\/2018\/02\/07\/30-temu-polak-byl-liderem-tour-de-france-spotkala-jedna-przykra-rzecz\/\",\"url\":\"https:\/\/www.welovecycling.com\/pl\/2018\/02\/07\/30-temu-polak-byl-liderem-tour-de-france-spotkala-jedna-przykra-rzecz\/\",\"name\":\"30 lat temu Polak by\u0142 liderem Tour de France! \u201eSpotka\u0142a mnie jedna przykra rzecz\u201d - \u0160koda We Love Cycling - Poland\",\"isPartOf\":{\"@id\":\"https:\/\/www.welovecycling.com\/pl\/#website\"},\"primaryImageOfPage\":{\"@id\":\"https:\/\/www.welovecycling.com\/pl\/2018\/02\/07\/30-temu-polak-byl-liderem-tour-de-france-spotkala-jedna-przykra-rzecz\/#primaryimage\"},\"image\":{\"@id\":\"https:\/\/www.welovecycling.com\/pl\/2018\/02\/07\/30-temu-polak-byl-liderem-tour-de-france-spotkala-jedna-przykra-rzecz\/#primaryimage\"},\"thumbnailUrl\":\"https:\/\/d2p6e6u75xmxt8.cloudfront.net\/5\/2018\/02\/shutterstock_645593161.jpg\",\"datePublished\":\"2018-02-07T12:09:59+00:00\",\"author\":{\"@id\":\"https:\/\/www.welovecycling.com\/pl\/#\/schema\/person\/0dba2d39da943db9df3fd8f4687e7f23\"},\"breadcrumb\":{\"@id\":\"https:\/\/www.welovecycling.com\/pl\/2018\/02\/07\/30-temu-polak-byl-liderem-tour-de-france-spotkala-jedna-przykra-rzecz\/#breadcrumb\"},\"inLanguage\":\"pl-PL\",\"potentialAction\":[{\"@type\":\"ReadAction\",\"target\":[\"https:\/\/www.welovecycling.com\/pl\/2018\/02\/07\/30-temu-polak-byl-liderem-tour-de-france-spotkala-jedna-przykra-rzecz\/\"]}]},{\"@type\":\"ImageObject\",\"inLanguage\":\"pl-PL\",\"@id\":\"https:\/\/www.welovecycling.com\/pl\/2018\/02\/07\/30-temu-polak-byl-liderem-tour-de-france-spotkala-jedna-przykra-rzecz\/#primaryimage\",\"url\":\"https:\/\/d2p6e6u75xmxt8.cloudfront.net\/5\/2018\/02\/shutterstock_645593161.jpg\",\"contentUrl\":\"https:\/\/d2p6e6u75xmxt8.cloudfront.net\/5\/2018\/02\/shutterstock_645593161.jpg\",\"width\":1000,\"height\":667},{\"@type\":\"BreadcrumbList\",\"@id\":\"https:\/\/www.welovecycling.com\/pl\/2018\/02\/07\/30-temu-polak-byl-liderem-tour-de-france-spotkala-jedna-przykra-rzecz\/#breadcrumb\",\"itemListElement\":[{\"@type\":\"ListItem\",\"position\":1,\"name\":\"Home\",\"item\":\"https:\/\/www.welovecycling.com\/pl\/\"},{\"@type\":\"ListItem\",\"position\":2,\"name\":\"30 lat temu Polak by\u0142 liderem Tour de France! \u201eSpotka\u0142a mnie jedna przykra rzecz\u201d\"}]},{\"@type\":\"WebSite\",\"@id\":\"https:\/\/www.welovecycling.com\/pl\/#website\",\"url\":\"https:\/\/www.welovecycling.com\/pl\/\",\"name\":\"\u0160koda We Love Cycling - Poland\",\"description\":\"\",\"potentialAction\":[{\"@type\":\"SearchAction\",\"target\":{\"@type\":\"EntryPoint\",\"urlTemplate\":\"https:\/\/www.welovecycling.com\/pl\/?s={search_term_string}\"},\"query-input\":{\"@type\":\"PropertyValueSpecification\",\"valueRequired\":true,\"valueName\":\"search_term_string\"}}],\"inLanguage\":\"pl-PL\"},{\"@type\":\"Person\",\"@id\":\"https:\/\/www.welovecycling.com\/pl\/#\/schema\/person\/0dba2d39da943db9df3fd8f4687e7f23\",\"name\":\"piotrboczkowski\",\"image\":{\"@type\":\"ImageObject\",\"inLanguage\":\"pl-PL\",\"@id\":\"https:\/\/www.welovecycling.com\/pl\/#\/schema\/person\/image\/\",\"url\":\"https:\/\/secure.gravatar.com\/avatar\/533caccae14752e03a2ce2d3fd62d1b98b93e1393c3195c27819e53344ca1ace?s=96&d=mm&r=g\",\"contentUrl\":\"https:\/\/secure.gravatar.com\/avatar\/533caccae14752e03a2ce2d3fd62d1b98b93e1393c3195c27819e53344ca1ace?s=96&d=mm&r=g\",\"caption\":\"piotrboczkowski\"},\"url\":\"https:\/\/www.welovecycling.com\/pl\/author\/piotrboczkowski\/\"}]}<\/script>\n<!-- \/ Yoast SEO Premium plugin. -->","yoast_head_json":{"title":"30 lat temu Polak by\u0142 liderem Tour de France! \u201eSpotka\u0142a mnie jedna przykra rzecz\u201d - \u0160koda We Love Cycling - Poland","robots":{"index":"index","follow":"follow","max-snippet":"max-snippet:-1","max-image-preview":"max-image-preview:large","max-video-preview":"max-video-preview:-1"},"canonical":"https:\/\/www.welovecycling.com\/pl\/2018\/02\/07\/30-temu-polak-byl-liderem-tour-de-france-spotkala-jedna-przykra-rzecz\/","og_locale":"pl_PL","og_type":"article","og_title":"30 lat temu Polak by\u0142 liderem Tour de France! \u201eSpotka\u0142a mnie jedna przykra rzecz\u201d","og_description":"104 edycje, grubo ponad tysi\u0105c etap\u00f3w i jeden jedyny Polak, kt\u00f3ry mia\u0142 zaszczyt jecha\u0107 w \u017c\u00f3\u0142tej koszulce lidera Tour de [&hellip;]","og_url":"https:\/\/www.welovecycling.com\/pl\/2018\/02\/07\/30-temu-polak-byl-liderem-tour-de-france-spotkala-jedna-przykra-rzecz\/","og_site_name":"\u0160koda We Love Cycling - Poland","article_published_time":"2018-02-07T12:09:59+00:00","og_image":[{"width":1000,"height":667,"url":"https:\/\/d2p6e6u75xmxt8.cloudfront.net\/5\/2018\/02\/shutterstock_645593161.jpg","type":"image\/jpeg"}],"author":"piotrboczkowski","twitter_card":"summary_large_image","twitter_misc":{"Written by":"WeLoveCycling","Est. reading time":"7 minutes"},"schema":{"@context":"https:\/\/schema.org","@graph":[{"@type":"WebPage","@id":"https:\/\/www.welovecycling.com\/pl\/2018\/02\/07\/30-temu-polak-byl-liderem-tour-de-france-spotkala-jedna-przykra-rzecz\/","url":"https:\/\/www.welovecycling.com\/pl\/2018\/02\/07\/30-temu-polak-byl-liderem-tour-de-france-spotkala-jedna-przykra-rzecz\/","name":"30 lat temu Polak by\u0142 liderem Tour de France! \u201eSpotka\u0142a mnie jedna przykra rzecz\u201d - \u0160koda We Love Cycling - Poland","isPartOf":{"@id":"https:\/\/www.welovecycling.com\/pl\/#website"},"primaryImageOfPage":{"@id":"https:\/\/www.welovecycling.com\/pl\/2018\/02\/07\/30-temu-polak-byl-liderem-tour-de-france-spotkala-jedna-przykra-rzecz\/#primaryimage"},"image":{"@id":"https:\/\/www.welovecycling.com\/pl\/2018\/02\/07\/30-temu-polak-byl-liderem-tour-de-france-spotkala-jedna-przykra-rzecz\/#primaryimage"},"thumbnailUrl":"https:\/\/d2p6e6u75xmxt8.cloudfront.net\/5\/2018\/02\/shutterstock_645593161.jpg","datePublished":"2018-02-07T12:09:59+00:00","author":{"@id":"https:\/\/www.welovecycling.com\/pl\/#\/schema\/person\/0dba2d39da943db9df3fd8f4687e7f23"},"breadcrumb":{"@id":"https:\/\/www.welovecycling.com\/pl\/2018\/02\/07\/30-temu-polak-byl-liderem-tour-de-france-spotkala-jedna-przykra-rzecz\/#breadcrumb"},"inLanguage":"pl-PL","potentialAction":[{"@type":"ReadAction","target":["https:\/\/www.welovecycling.com\/pl\/2018\/02\/07\/30-temu-polak-byl-liderem-tour-de-france-spotkala-jedna-przykra-rzecz\/"]}]},{"@type":"ImageObject","inLanguage":"pl-PL","@id":"https:\/\/www.welovecycling.com\/pl\/2018\/02\/07\/30-temu-polak-byl-liderem-tour-de-france-spotkala-jedna-przykra-rzecz\/#primaryimage","url":"https:\/\/d2p6e6u75xmxt8.cloudfront.net\/5\/2018\/02\/shutterstock_645593161.jpg","contentUrl":"https:\/\/d2p6e6u75xmxt8.cloudfront.net\/5\/2018\/02\/shutterstock_645593161.jpg","width":1000,"height":667},{"@type":"BreadcrumbList","@id":"https:\/\/www.welovecycling.com\/pl\/2018\/02\/07\/30-temu-polak-byl-liderem-tour-de-france-spotkala-jedna-przykra-rzecz\/#breadcrumb","itemListElement":[{"@type":"ListItem","position":1,"name":"Home","item":"https:\/\/www.welovecycling.com\/pl\/"},{"@type":"ListItem","position":2,"name":"30 lat temu Polak by\u0142 liderem Tour de France! \u201eSpotka\u0142a mnie jedna przykra rzecz\u201d"}]},{"@type":"WebSite","@id":"https:\/\/www.welovecycling.com\/pl\/#website","url":"https:\/\/www.welovecycling.com\/pl\/","name":"\u0160koda We Love Cycling - Poland","description":"","potentialAction":[{"@type":"SearchAction","target":{"@type":"EntryPoint","urlTemplate":"https:\/\/www.welovecycling.com\/pl\/?s={search_term_string}"},"query-input":{"@type":"PropertyValueSpecification","valueRequired":true,"valueName":"search_term_string"}}],"inLanguage":"pl-PL"},{"@type":"Person","@id":"https:\/\/www.welovecycling.com\/pl\/#\/schema\/person\/0dba2d39da943db9df3fd8f4687e7f23","name":"piotrboczkowski","image":{"@type":"ImageObject","inLanguage":"pl-PL","@id":"https:\/\/www.welovecycling.com\/pl\/#\/schema\/person\/image\/","url":"https:\/\/secure.gravatar.com\/avatar\/533caccae14752e03a2ce2d3fd62d1b98b93e1393c3195c27819e53344ca1ace?s=96&d=mm&r=g","contentUrl":"https:\/\/secure.gravatar.com\/avatar\/533caccae14752e03a2ce2d3fd62d1b98b93e1393c3195c27819e53344ca1ace?s=96&d=mm&r=g","caption":"piotrboczkowski"},"url":"https:\/\/www.welovecycling.com\/pl\/author\/piotrboczkowski\/"}]}},"_links":{"self":[{"href":"https:\/\/www.welovecycling.com\/pl\/wp-json\/wp\/v2\/posts\/6592","targetHints":{"allow":["GET"]}}],"collection":[{"href":"https:\/\/www.welovecycling.com\/pl\/wp-json\/wp\/v2\/posts"}],"about":[{"href":"https:\/\/www.welovecycling.com\/pl\/wp-json\/wp\/v2\/types\/post"}],"author":[{"embeddable":true,"href":"https:\/\/www.welovecycling.com\/pl\/wp-json\/wp\/v2\/users\/76"}],"replies":[{"embeddable":true,"href":"https:\/\/www.welovecycling.com\/pl\/wp-json\/wp\/v2\/comments?post=6592"}],"version-history":[{"count":2,"href":"https:\/\/www.welovecycling.com\/pl\/wp-json\/wp\/v2\/posts\/6592\/revisions"}],"predecessor-version":[{"id":6596,"href":"https:\/\/www.welovecycling.com\/pl\/wp-json\/wp\/v2\/posts\/6592\/revisions\/6596"}],"wp:featuredmedia":[{"embeddable":true,"href":"https:\/\/www.welovecycling.com\/pl\/wp-json\/wp\/v2\/media\/6595"}],"wp:attachment":[{"href":"https:\/\/www.welovecycling.com\/pl\/wp-json\/wp\/v2\/media?parent=6592"}],"wp:term":[{"taxonomy":"category","embeddable":true,"href":"https:\/\/www.welovecycling.com\/pl\/wp-json\/wp\/v2\/categories?post=6592"},{"taxonomy":"post_tag","embeddable":true,"href":"https:\/\/www.welovecycling.com\/pl\/wp-json\/wp\/v2\/tags?post=6592"},{"taxonomy":"global-categories","embeddable":true,"href":"https:\/\/www.welovecycling.com\/pl\/wp-json\/wp\/v2\/global-categories?post=6592"}],"curies":[{"name":"wp","href":"https:\/\/api.w.org\/{rel}","templated":true}]}}