{"id":6532,"date":"2018-01-31T19:29:10","date_gmt":"2018-01-31T19:29:10","guid":{"rendered":"https:\/\/www.welovecycling.com\/pl\/?p=6532"},"modified":"2018-02-06T10:53:43","modified_gmt":"2018-02-06T10:53:43","slug":"ta-trasa-wygra-zaden-kolarz","status":"publish","type":"post","link":"https:\/\/www.welovecycling.com\/pl\/2018\/01\/31\/ta-trasa-wygra-zaden-kolarz\/","title":{"rendered":"Z t\u0105 tras\u0105 nie wygra \u017caden kolarz!"},"content":{"rendered":"<p>Tego jeste\u015bmy pewni \u2013 dzi\u015b na trasie Tour de France 2018 nie poradzi\u0142by sobie nawet <strong><em>najwi\u0119kszy twardziel<\/em><\/strong>. Froome, Cavendish, Sagan, Quintana \u2013 ka\u017cdy powiedzia\u0142by \u201epas!\u201d. Bo kto potrafi\u0142by pokona\u0107 pot\u0119\u017cn\u0105 g\u00f3r\u0119 w sytuacji, gdy znad \u015bniegu wystaje mu tylko\u2026 g\u0142owa? Zapraszamy na zimowy spacer po g\u00f3rskich etapach Tour de France 2018!<\/p>\n<p><!--more--><\/p>\n<p>W tym roku trasa w wielu miejscach wygl\u0105da jak wykres z badania EKG lub g\u00f3ra, na kt\u00f3r\u0105 mitologiczny Syzyf mia\u0142 wepchn\u0105\u0107 kamie\u0144. To miejsca, na kt\u00f3re cz\u0142owiek oderwany od telewizora nie da\u0142by rady wej\u015b\u0107, o wjechaniu na rowerze nie wspominaj\u0105c. Ot, cho\u0107by ten podjazd na Col de Portet na 17.etapie. Blisko 16 km, na kt\u00f3rych trzeba pokona\u0107 prawie 1500 m przewy\u017cszenia.<\/p>\n<div class=\"embed-controller-wrapper\">\n<blockquote class=\"twitter-tweet\" data-width=\"500\" data-dnt=\"true\">\n<p lang=\"fr\" dir=\"ltr\">La nouveaut\u00e9 : Col de Portet &#8211; 2215 m &#8211; 16 km &#8211; 8,7% <a href=\"https:\/\/twitter.com\/hashtag\/TDF2018?src=hash&amp;ref_src=twsrc%5Etfw\">#TDF2018<\/a> <a href=\"https:\/\/t.co\/V523yGas8O\">pic.twitter.com\/V523yGas8O<\/a><\/p>\n<p>&mdash; Tour de France\u2122 (@LeTour) <a href=\"https:\/\/twitter.com\/LeTour\/status\/920237877103153153?ref_src=twsrc%5Etfw\">October 17, 2017<\/a><\/p><\/blockquote>\n<p><script async data-src=\"https:\/\/platform.twitter.com\/widgets.js\" charset=\"utf-8\"><\/script><\/div>\n<p>&#8211; To absolutnie brutalna trasa. Zapowiada si\u0119 najtrudniejszy Tour de France, jaki kiedykolwiek widzia\u0142em \u2013 przyznaje Mark Cavendish z ekipy Team Dimension Data.<\/p>\n<p><strong>Na finisz z peletonu si\u0119 nie zanosi<\/strong><\/p>\n<p>To co w lipcu b\u0119dzie przyprawia\u0142o kolarzy o md\u0142o\u015bci i zawroty g\u0142owy, dzi\u015b wygl\u0105da\u2026 przepi\u0119knie. Wi\u0119cej \u2013 nic nie wskazuje, \u017ce na tych terenach pojawi si\u0119 cho\u0107by jeden rower, o ponad 200 najlepszych zawodnikach \u015bwiata nie wspominaj\u0105c.<\/p>\n<p>Pewnie wielu narciarzy nawet nie wie, \u017ce w\u0142a\u015bnie je\u017cd\u017c\u0105 po g\u00f3rach, z kt\u00f3rymi za kilka miesi\u0119cy mordercz\u0105 walk\u0119 stocz\u0105 kolarze. I nie ma si\u0119 co narciarzom dziwi\u0107, bo okolica linii mety 12. etapu ju\u017c w pa\u017adzierniku wygl\u0105da\u0142a tak:<\/p>\n<div class=\"embed-controller-wrapper\">\n<blockquote class=\"twitter-tweet\" data-width=\"500\" data-dnt=\"true\">\n<p lang=\"en\" dir=\"ltr\">Hey <a href=\"https:\/\/twitter.com\/LeTour?ref_src=twsrc%5Etfw\">@LeTour<\/a> ! The finish line is under the snow ! \ud83d\ude31<a href=\"https:\/\/twitter.com\/hashtag\/TDF2018?src=hash&amp;ref_src=twsrc%5Etfw\">#TDF2018<\/a> <a href=\"https:\/\/t.co\/4abhLdo2tO\">pic.twitter.com\/4abhLdo2tO<\/a><\/p>\n<p>&mdash; Alpe d&#39;Huez (@alpedhuez) <a href=\"https:\/\/twitter.com\/alpedhuez\/status\/922197894685515776?ref_src=twsrc%5Etfw\">October 22, 2017<\/a><\/p><\/blockquote>\n<p><script async data-src=\"https:\/\/platform.twitter.com\/widgets.js\" charset=\"utf-8\"><\/script><\/div>\n<p>A niespe\u0142na miesi\u0105c p\u00f3\u017aniej tak:<\/p>\n<div class=\"embed-controller-wrapper\">\n<blockquote class=\"twitter-tweet\" data-width=\"500\" data-dnt=\"true\">\n<p lang=\"en\" dir=\"ltr\">[Poll] <\/p>\n<p>How many <a href=\"https:\/\/twitter.com\/LeTour?ref_src=twsrc%5Etfw\">@LeTour<\/a> fans can recognize <a href=\"https:\/\/twitter.com\/alpedhuez?ref_src=twsrc%5Etfw\">@alpedhuez<\/a> finish line ? <\/p>\n<p>\ud83c\udfc1\ud83d\udeb4\ud83c\udffd\ud83d\udca8 <a href=\"https:\/\/t.co\/KjqWMLag6p\">pic.twitter.com\/KjqWMLag6p<\/a><\/p>\n<p>&mdash; Alpe d&#39;Huez (@alpedhuez) <a href=\"https:\/\/twitter.com\/alpedhuez\/status\/930516017612193792?ref_src=twsrc%5Etfw\">November 14, 2017<\/a><\/p><\/blockquote>\n<p><script async data-src=\"https:\/\/platform.twitter.com\/widgets.js\" charset=\"utf-8\"><\/script><\/div>\n<p><strong><em>Dwa metry \u015bniegu to jednak wci\u0105\u017c za ma\u0142o, by z zimowego krajobrazu wymaza\u0107 akcenty zwi\u0105zane z najwi\u0119kszym kolarskim wy\u015bcigiem \u015bwiata.<\/em><\/strong><\/p>\n<div class=\"embed-controller-wrapper\">\n<blockquote class=\"twitter-tweet\" data-width=\"500\" data-dnt=\"true\">\n<p lang=\"fr\" dir=\"ltr\">Plus de 2m de neige \u00e0 l\u2019arriv\u00e9e <a href=\"https:\/\/twitter.com\/LeTour?ref_src=twsrc%5Etfw\">@LeTour<\/a>  de l\u2019<a href=\"https:\/\/twitter.com\/alpedhuez?ref_src=twsrc%5Etfw\">@alpedhuez<\/a> ! \ud83d\ude31<\/p>\n<p>\u2744\ufe0f\u2b50\ufe0f\ud83d\udeb4\u200d\u2642\ufe0f\u2b50\ufe0f\u2744\ufe0f\u2b50\ufe0f\ud83d\udeb4\u200d\u2642\ufe0f\u2b50\ufe0f\u2744\ufe0f\u2b50\ufe0f\ud83d\udeb4\u200d\u2642\ufe0f\u2b50\ufe0f\u2744\ufe0f<\/p>\n<p>More than 2m of snow at <a href=\"https:\/\/twitter.com\/alpedhuez?ref_src=twsrc%5Etfw\">@alpedhuez<\/a> <a href=\"https:\/\/twitter.com\/LeTour?ref_src=twsrc%5Etfw\">@LeTour<\/a> finish line ! \ud83d\ude31 <a href=\"https:\/\/t.co\/70zv6YHjRt\">pic.twitter.com\/70zv6YHjRt<\/a><\/p>\n<p>&mdash; Alpe d&#39;Huez (@alpedhuez) <a href=\"https:\/\/twitter.com\/alpedhuez\/status\/952490856497414145?ref_src=twsrc%5Etfw\">January 14, 2018<\/a><\/p><\/blockquote>\n<p><script async data-src=\"https:\/\/platform.twitter.com\/widgets.js\" charset=\"utf-8\"><\/script><\/div>\n<p>A kto nie zd\u0105\u017cy\u0142 jeszcze obejrze\u0107 przebiegu tras i przyjrze\u0107 si\u0119 nawierzchni, ten b\u0119dzie musia\u0142 poczeka\u0107 pewnie kilka miesi\u0119cy, bo w niekt\u00f3rych miejsca nawet p\u0142ugi nie radz\u0105 sobie z ca\u0142ym \u015bniegiem. Tak jak w okolicach Plateau des Gli\u00e8res, gdzie zostanie rozegrany 10. etap, uwa\u017cany za jeden z najbardziej morderczych. Przyznacie jednak, \u017ce teraz wygl\u0105da urokliwie.<\/p>\n<div class=\"embed-controller-wrapper\">\n<blockquote class=\"twitter-tweet\" data-width=\"500\" data-dnt=\"true\">\n<p lang=\"fr\" dir=\"ltr\">\u26c4\ufe0f\u26f7 \u2744\ufe0f Les traces sont d\u00e9j\u00e0 faites, le plateau des Gli\u00e8res n&#39;attend plus que les coureurs de <a href=\"https:\/\/twitter.com\/LeTour?ref_src=twsrc%5Etfw\">@leTour<\/a> (ou&#8230;<a href=\"https:\/\/twitter.com\/martinfkde?ref_src=twsrc%5Etfw\">@martinfkde<\/a>) \u26c4\ufe0f\u26f7 \u2744\ufe0f <\/p>\n<p>\u26c4\ufe0f\u26f7 \u2744\ufe0f  The path is well marked! The Plateau des Gli\u00e8res is ready to welcome the riders of the <a href=\"https:\/\/twitter.com\/LeTour?ref_src=twsrc%5Etfw\">@LeTour<\/a>\u26c4\ufe0f\u26f7 \u2744\ufe0f <a href=\"https:\/\/t.co\/yRYBsHvbAY\">pic.twitter.com\/yRYBsHvbAY<\/a><\/p>\n<p>&mdash; Tour de France\u2122 (@LeTour) <a href=\"https:\/\/twitter.com\/LeTour\/status\/948161146967740416?ref_src=twsrc%5Etfw\">January 2, 2018<\/a><\/p><\/blockquote>\n<p><script async data-src=\"https:\/\/platform.twitter.com\/widgets.js\" charset=\"utf-8\"><\/script><\/div>\n<p>Z kolei na razie <strong><em>w okolicach<\/em><\/strong> Alpe d&#8217;Huez na finisz z peletonu si\u0119 nie zanosi. Ba, trudno by\u0142oby nawet o walk\u0119 \u201ebark w bark\u201d.<\/p>\n<div class=\"embed-controller-wrapper\">\n<blockquote class=\"twitter-tweet\" data-width=\"500\" data-dnt=\"true\">\n<p lang=\"fr\" dir=\"ltr\">Hey <a href=\"https:\/\/twitter.com\/LeTour?ref_src=twsrc%5Etfw\">@LeTour<\/a> ! <\/p>\n<p>On vient tout juste de tracer la voie de l\u2019\u00e9tape 12 ! \ud83c\udfc1 <a href=\"https:\/\/t.co\/WVwhIBJ1d1\">pic.twitter.com\/WVwhIBJ1d1<\/a><\/p>\n<p>&mdash; Alpe d&#39;Huez (@alpedhuez) <a href=\"https:\/\/twitter.com\/alpedhuez\/status\/946281559233089536?ref_src=twsrc%5Etfw\">December 28, 2017<\/a><\/p><\/blockquote>\n<p><script async data-src=\"https:\/\/platform.twitter.com\/widgets.js\" charset=\"utf-8\"><\/script><\/div>\n<p><strong>Nie samob\u00f3jca, ale prawdziwy fan<\/strong><\/p>\n<p>Dlatego dzi\u015b niekt\u00f3rzy zawodnicy nawet nie pr\u00f3buj\u0105 taszczy\u0107 rower\u00f3w w okolice trasy Tour de France, bo doskonale wiedz\u0105, \u017ce teraz jedynym akceptowalnym sprz\u0119tem s\u0105 narty.<\/p>\n<p>Podczas biatlonowych zawod\u00f3w swoich si\u0142 spr\u00f3bowa\u0142 nawet Francuz Romain Bardet, trzeci zawodnik zesz\u0142orocznego Tour de France.<\/p>\n<div class=\"embed-controller-wrapper\">\n<blockquote class=\"twitter-tweet\" data-width=\"500\" data-dnt=\"true\">\n<p lang=\"fr\" dir=\"ltr\">Plus que jamais les <a href=\"https:\/\/twitter.com\/hashtag\/MassStart?src=hash&amp;ref_src=twsrc%5Etfw\">#MassStart<\/a> <a href=\"https:\/\/twitter.com\/hashtag\/biathlon?src=hash&amp;ref_src=twsrc%5Etfw\">#biathlon<\/a> \u00e0 <a href=\"https:\/\/twitter.com\/BiathlonALGB?ref_src=twsrc%5Etfw\">@BiathlonALGB<\/a> auront un gout de Tour de France avec la venu de <a href=\"https:\/\/twitter.com\/romainbardet?ref_src=twsrc%5Etfw\">@romainbardet<\/a> \ud83d\ude32\ud83d\ude32\u203c<br \/>RDV \u00e0 11h45 &amp; 14h30<br \/>\ud83c\uddeb\ud83c\uddf7<a href=\"https:\/\/twitter.com\/hashtag\/AllezLesBleus?src=hash&amp;ref_src=twsrc%5Etfw\">#AllezLesBleus<\/a> \ud83c\uddeb\ud83c\uddf7 <a href=\"https:\/\/t.co\/u0dDMdDSpT\">pic.twitter.com\/u0dDMdDSpT<\/a><\/p>\n<p>&mdash; FFS &#8211; F\u00e9d\u00e9ration Fran\u00e7aise de Ski (@FedFranceSki) <a href=\"https:\/\/twitter.com\/FedFranceSki\/status\/942327676278329344?ref_src=twsrc%5Etfw\">December 17, 2017<\/a><\/p><\/blockquote>\n<p><script async data-src=\"https:\/\/platform.twitter.com\/widgets.js\" charset=\"utf-8\"><\/script><\/div>\n<p>W tej sytuacji rowery na razie id\u0105 na bok, a kolarze przenie\u015bli si\u0119 z treningiem w cieplejsze miejsca ni\u017c zimowa Francja, bo na tras\u0119 Wielkiej P\u0119tli dzi\u015b m\u00f3g\u0142by wybra\u0107 si\u0119 tylko samob\u00f3\u2026 Ups, zapomnieli\u015bmy, \u017ce dla prawdziwego fana kolarstwa niemo\u017cliwe nie istnieje.<\/p>\n<div class=\"embed-controller-wrapper\">\n<blockquote class=\"twitter-tweet\" data-width=\"500\" data-dnt=\"true\">\n<p lang=\"fr\" dir=\"ltr\">Premi\u00e8re bonne r\u00e9solution de l\u2019ann\u00e9e : continuer \u00e0 rouler en hiver ! \u2705<\/p>\n<p>\ud83d\udeb4\u200d\u2642\ufe0f En 2017, 62 703 personnes ont gravi les 21 virages <a href=\"https:\/\/twitter.com\/LeTour?ref_src=twsrc%5Etfw\">@LeTour<\/a> ! <\/p>\n<p>Record \u00e0 battre ! <a href=\"https:\/\/t.co\/KvFWSlw2yr\">pic.twitter.com\/KvFWSlw2yr<\/a><\/p>\n<p>&mdash; Alpe d&#39;Huez (@alpedhuez) <a href=\"https:\/\/twitter.com\/alpedhuez\/status\/947845787639271424?ref_src=twsrc%5Etfw\">January 1, 2018<\/a><\/p><\/blockquote>\n<p><script async data-src=\"https:\/\/platform.twitter.com\/widgets.js\" charset=\"utf-8\"><\/script><\/div>\n","protected":false},"excerpt":{"rendered":"<p>Tego jeste\u015bmy pewni \u2013 dzi\u015b na trasie Tour de France 2018 nie poradzi\u0142by sobie nawet najwi\u0119kszy twardziel. Froome, Cavendish, Sagan, [&hellip;]<\/p>\n","protected":false},"author":76,"featured_media":6535,"comment_status":"open","ping_status":"open","sticky":false,"template":"","format":"standard","meta":{"footnotes":""},"categories":[6],"tags":[41,212,82],"global-categories":[],"class_list":["post-6532","post","type-post","status-publish","format-standard","has-post-thumbnail","hentry","category-kolarstwo-szosowe","tag-cycling","tag-tour-de-france-2018","tag-welovecycling"],"yoast_head":"<!-- This site is optimized with the Yoast SEO Premium plugin v25.3 (Yoast SEO v25.9) - https:\/\/yoast.com\/wordpress\/plugins\/seo\/ -->\n<title>Z t\u0105 tras\u0105 nie wygra \u017caden kolarz! - \u0160koda We Love Cycling - Poland<\/title>\n<meta name=\"robots\" content=\"index, follow, max-snippet:-1, max-image-preview:large, max-video-preview:-1\" \/>\n<link rel=\"canonical\" href=\"https:\/\/www.welovecycling.com\/pl\/2018\/01\/31\/ta-trasa-wygra-zaden-kolarz\/\" \/>\n<meta property=\"og:locale\" content=\"pl_PL\" \/>\n<meta property=\"og:type\" content=\"article\" \/>\n<meta property=\"og:title\" content=\"Z t\u0105 tras\u0105 nie wygra \u017caden kolarz!\" \/>\n<meta property=\"og:description\" content=\"Tego jeste\u015bmy pewni \u2013 dzi\u015b na trasie Tour de France 2018 nie poradzi\u0142by sobie nawet najwi\u0119kszy twardziel. Froome, Cavendish, Sagan, [&hellip;]\" \/>\n<meta property=\"og:url\" content=\"https:\/\/www.welovecycling.com\/pl\/2018\/01\/31\/ta-trasa-wygra-zaden-kolarz\/\" \/>\n<meta property=\"og:site_name\" content=\"\u0160koda We Love Cycling - Poland\" \/>\n<meta property=\"article:published_time\" content=\"2018-01-31T19:29:10+00:00\" \/>\n<meta property=\"article:modified_time\" content=\"2018-02-06T10:53:43+00:00\" \/>\n<meta property=\"og:image\" content=\"https:\/\/d2p6e6u75xmxt8.cloudfront.net\/5\/2018\/01\/shutterstock_204897127-1024x682.jpg\" \/>\n\t<meta property=\"og:image:width\" content=\"1024\" \/>\n\t<meta property=\"og:image:height\" content=\"682\" \/>\n\t<meta property=\"og:image:type\" content=\"image\/jpeg\" \/>\n<meta name=\"author\" content=\"piotrboczkowski\" \/>\n<meta name=\"twitter:card\" content=\"summary_large_image\" \/>\n<meta name=\"twitter:label1\" content=\"Written by\" \/>\n\t<meta name=\"twitter:data1\" content=\"WeLoveCycling\" \/>\n\t<meta name=\"twitter:label2\" content=\"Est. reading time\" \/>\n\t<meta name=\"twitter:data2\" content=\"3 minutes\" \/>\n<script type=\"application\/ld+json\" class=\"yoast-schema-graph\">{\"@context\":\"https:\/\/schema.org\",\"@graph\":[{\"@type\":\"WebPage\",\"@id\":\"https:\/\/www.welovecycling.com\/pl\/2018\/01\/31\/ta-trasa-wygra-zaden-kolarz\/\",\"url\":\"https:\/\/www.welovecycling.com\/pl\/2018\/01\/31\/ta-trasa-wygra-zaden-kolarz\/\",\"name\":\"Z t\u0105 tras\u0105 nie wygra \u017caden kolarz! - \u0160koda We Love Cycling - Poland\",\"isPartOf\":{\"@id\":\"https:\/\/www.welovecycling.com\/pl\/#website\"},\"primaryImageOfPage\":{\"@id\":\"https:\/\/www.welovecycling.com\/pl\/2018\/01\/31\/ta-trasa-wygra-zaden-kolarz\/#primaryimage\"},\"image\":{\"@id\":\"https:\/\/www.welovecycling.com\/pl\/2018\/01\/31\/ta-trasa-wygra-zaden-kolarz\/#primaryimage\"},\"thumbnailUrl\":\"https:\/\/d2p6e6u75xmxt8.cloudfront.net\/5\/2018\/01\/shutterstock_204897127.jpg\",\"datePublished\":\"2018-01-31T19:29:10+00:00\",\"dateModified\":\"2018-02-06T10:53:43+00:00\",\"author\":{\"@id\":\"https:\/\/www.welovecycling.com\/pl\/#\/schema\/person\/0dba2d39da943db9df3fd8f4687e7f23\"},\"breadcrumb\":{\"@id\":\"https:\/\/www.welovecycling.com\/pl\/2018\/01\/31\/ta-trasa-wygra-zaden-kolarz\/#breadcrumb\"},\"inLanguage\":\"pl-PL\",\"potentialAction\":[{\"@type\":\"ReadAction\",\"target\":[\"https:\/\/www.welovecycling.com\/pl\/2018\/01\/31\/ta-trasa-wygra-zaden-kolarz\/\"]}]},{\"@type\":\"ImageObject\",\"inLanguage\":\"pl-PL\",\"@id\":\"https:\/\/www.welovecycling.com\/pl\/2018\/01\/31\/ta-trasa-wygra-zaden-kolarz\/#primaryimage\",\"url\":\"https:\/\/d2p6e6u75xmxt8.cloudfront.net\/5\/2018\/01\/shutterstock_204897127.jpg\",\"contentUrl\":\"https:\/\/d2p6e6u75xmxt8.cloudfront.net\/5\/2018\/01\/shutterstock_204897127.jpg\",\"width\":3898,\"height\":2598},{\"@type\":\"BreadcrumbList\",\"@id\":\"https:\/\/www.welovecycling.com\/pl\/2018\/01\/31\/ta-trasa-wygra-zaden-kolarz\/#breadcrumb\",\"itemListElement\":[{\"@type\":\"ListItem\",\"position\":1,\"name\":\"Home\",\"item\":\"https:\/\/www.welovecycling.com\/pl\/\"},{\"@type\":\"ListItem\",\"position\":2,\"name\":\"Z t\u0105 tras\u0105 nie wygra \u017caden kolarz!\"}]},{\"@type\":\"WebSite\",\"@id\":\"https:\/\/www.welovecycling.com\/pl\/#website\",\"url\":\"https:\/\/www.welovecycling.com\/pl\/\",\"name\":\"\u0160koda We Love Cycling - Poland\",\"description\":\"\",\"potentialAction\":[{\"@type\":\"SearchAction\",\"target\":{\"@type\":\"EntryPoint\",\"urlTemplate\":\"https:\/\/www.welovecycling.com\/pl\/?s={search_term_string}\"},\"query-input\":{\"@type\":\"PropertyValueSpecification\",\"valueRequired\":true,\"valueName\":\"search_term_string\"}}],\"inLanguage\":\"pl-PL\"},{\"@type\":\"Person\",\"@id\":\"https:\/\/www.welovecycling.com\/pl\/#\/schema\/person\/0dba2d39da943db9df3fd8f4687e7f23\",\"name\":\"piotrboczkowski\",\"image\":{\"@type\":\"ImageObject\",\"inLanguage\":\"pl-PL\",\"@id\":\"https:\/\/www.welovecycling.com\/pl\/#\/schema\/person\/image\/\",\"url\":\"https:\/\/secure.gravatar.com\/avatar\/533caccae14752e03a2ce2d3fd62d1b98b93e1393c3195c27819e53344ca1ace?s=96&d=mm&r=g\",\"contentUrl\":\"https:\/\/secure.gravatar.com\/avatar\/533caccae14752e03a2ce2d3fd62d1b98b93e1393c3195c27819e53344ca1ace?s=96&d=mm&r=g\",\"caption\":\"piotrboczkowski\"},\"url\":\"https:\/\/www.welovecycling.com\/pl\/author\/piotrboczkowski\/\"}]}<\/script>\n<!-- \/ Yoast SEO Premium plugin. -->","yoast_head_json":{"title":"Z t\u0105 tras\u0105 nie wygra \u017caden kolarz! - \u0160koda We Love Cycling - Poland","robots":{"index":"index","follow":"follow","max-snippet":"max-snippet:-1","max-image-preview":"max-image-preview:large","max-video-preview":"max-video-preview:-1"},"canonical":"https:\/\/www.welovecycling.com\/pl\/2018\/01\/31\/ta-trasa-wygra-zaden-kolarz\/","og_locale":"pl_PL","og_type":"article","og_title":"Z t\u0105 tras\u0105 nie wygra \u017caden kolarz!","og_description":"Tego jeste\u015bmy pewni \u2013 dzi\u015b na trasie Tour de France 2018 nie poradzi\u0142by sobie nawet najwi\u0119kszy twardziel. Froome, Cavendish, Sagan, [&hellip;]","og_url":"https:\/\/www.welovecycling.com\/pl\/2018\/01\/31\/ta-trasa-wygra-zaden-kolarz\/","og_site_name":"\u0160koda We Love Cycling - Poland","article_published_time":"2018-01-31T19:29:10+00:00","article_modified_time":"2018-02-06T10:53:43+00:00","og_image":[{"width":1024,"height":682,"url":"https:\/\/d2p6e6u75xmxt8.cloudfront.net\/5\/2018\/01\/shutterstock_204897127-1024x682.jpg","type":"image\/jpeg"}],"author":"piotrboczkowski","twitter_card":"summary_large_image","twitter_misc":{"Written by":"WeLoveCycling","Est. reading time":"3 minutes"},"schema":{"@context":"https:\/\/schema.org","@graph":[{"@type":"WebPage","@id":"https:\/\/www.welovecycling.com\/pl\/2018\/01\/31\/ta-trasa-wygra-zaden-kolarz\/","url":"https:\/\/www.welovecycling.com\/pl\/2018\/01\/31\/ta-trasa-wygra-zaden-kolarz\/","name":"Z t\u0105 tras\u0105 nie wygra \u017caden kolarz! - \u0160koda We Love Cycling - Poland","isPartOf":{"@id":"https:\/\/www.welovecycling.com\/pl\/#website"},"primaryImageOfPage":{"@id":"https:\/\/www.welovecycling.com\/pl\/2018\/01\/31\/ta-trasa-wygra-zaden-kolarz\/#primaryimage"},"image":{"@id":"https:\/\/www.welovecycling.com\/pl\/2018\/01\/31\/ta-trasa-wygra-zaden-kolarz\/#primaryimage"},"thumbnailUrl":"https:\/\/d2p6e6u75xmxt8.cloudfront.net\/5\/2018\/01\/shutterstock_204897127.jpg","datePublished":"2018-01-31T19:29:10+00:00","dateModified":"2018-02-06T10:53:43+00:00","author":{"@id":"https:\/\/www.welovecycling.com\/pl\/#\/schema\/person\/0dba2d39da943db9df3fd8f4687e7f23"},"breadcrumb":{"@id":"https:\/\/www.welovecycling.com\/pl\/2018\/01\/31\/ta-trasa-wygra-zaden-kolarz\/#breadcrumb"},"inLanguage":"pl-PL","potentialAction":[{"@type":"ReadAction","target":["https:\/\/www.welovecycling.com\/pl\/2018\/01\/31\/ta-trasa-wygra-zaden-kolarz\/"]}]},{"@type":"ImageObject","inLanguage":"pl-PL","@id":"https:\/\/www.welovecycling.com\/pl\/2018\/01\/31\/ta-trasa-wygra-zaden-kolarz\/#primaryimage","url":"https:\/\/d2p6e6u75xmxt8.cloudfront.net\/5\/2018\/01\/shutterstock_204897127.jpg","contentUrl":"https:\/\/d2p6e6u75xmxt8.cloudfront.net\/5\/2018\/01\/shutterstock_204897127.jpg","width":3898,"height":2598},{"@type":"BreadcrumbList","@id":"https:\/\/www.welovecycling.com\/pl\/2018\/01\/31\/ta-trasa-wygra-zaden-kolarz\/#breadcrumb","itemListElement":[{"@type":"ListItem","position":1,"name":"Home","item":"https:\/\/www.welovecycling.com\/pl\/"},{"@type":"ListItem","position":2,"name":"Z t\u0105 tras\u0105 nie wygra \u017caden kolarz!"}]},{"@type":"WebSite","@id":"https:\/\/www.welovecycling.com\/pl\/#website","url":"https:\/\/www.welovecycling.com\/pl\/","name":"\u0160koda We Love Cycling - Poland","description":"","potentialAction":[{"@type":"SearchAction","target":{"@type":"EntryPoint","urlTemplate":"https:\/\/www.welovecycling.com\/pl\/?s={search_term_string}"},"query-input":{"@type":"PropertyValueSpecification","valueRequired":true,"valueName":"search_term_string"}}],"inLanguage":"pl-PL"},{"@type":"Person","@id":"https:\/\/www.welovecycling.com\/pl\/#\/schema\/person\/0dba2d39da943db9df3fd8f4687e7f23","name":"piotrboczkowski","image":{"@type":"ImageObject","inLanguage":"pl-PL","@id":"https:\/\/www.welovecycling.com\/pl\/#\/schema\/person\/image\/","url":"https:\/\/secure.gravatar.com\/avatar\/533caccae14752e03a2ce2d3fd62d1b98b93e1393c3195c27819e53344ca1ace?s=96&d=mm&r=g","contentUrl":"https:\/\/secure.gravatar.com\/avatar\/533caccae14752e03a2ce2d3fd62d1b98b93e1393c3195c27819e53344ca1ace?s=96&d=mm&r=g","caption":"piotrboczkowski"},"url":"https:\/\/www.welovecycling.com\/pl\/author\/piotrboczkowski\/"}]}},"_links":{"self":[{"href":"https:\/\/www.welovecycling.com\/pl\/wp-json\/wp\/v2\/posts\/6532","targetHints":{"allow":["GET"]}}],"collection":[{"href":"https:\/\/www.welovecycling.com\/pl\/wp-json\/wp\/v2\/posts"}],"about":[{"href":"https:\/\/www.welovecycling.com\/pl\/wp-json\/wp\/v2\/types\/post"}],"author":[{"embeddable":true,"href":"https:\/\/www.welovecycling.com\/pl\/wp-json\/wp\/v2\/users\/76"}],"replies":[{"embeddable":true,"href":"https:\/\/www.welovecycling.com\/pl\/wp-json\/wp\/v2\/comments?post=6532"}],"version-history":[{"count":1,"href":"https:\/\/www.welovecycling.com\/pl\/wp-json\/wp\/v2\/posts\/6532\/revisions"}],"predecessor-version":[{"id":6534,"href":"https:\/\/www.welovecycling.com\/pl\/wp-json\/wp\/v2\/posts\/6532\/revisions\/6534"}],"wp:featuredmedia":[{"embeddable":true,"href":"https:\/\/www.welovecycling.com\/pl\/wp-json\/wp\/v2\/media\/6535"}],"wp:attachment":[{"href":"https:\/\/www.welovecycling.com\/pl\/wp-json\/wp\/v2\/media?parent=6532"}],"wp:term":[{"taxonomy":"category","embeddable":true,"href":"https:\/\/www.welovecycling.com\/pl\/wp-json\/wp\/v2\/categories?post=6532"},{"taxonomy":"post_tag","embeddable":true,"href":"https:\/\/www.welovecycling.com\/pl\/wp-json\/wp\/v2\/tags?post=6532"},{"taxonomy":"global-categories","embeddable":true,"href":"https:\/\/www.welovecycling.com\/pl\/wp-json\/wp\/v2\/global-categories?post=6532"}],"curies":[{"name":"wp","href":"https:\/\/api.w.org\/{rel}","templated":true}]}}