{"id":6503,"date":"2018-01-23T10:57:22","date_gmt":"2018-01-23T10:57:22","guid":{"rendered":"https:\/\/www.welovecycling.com\/pl\/?p=6503"},"modified":"2018-02-06T12:02:12","modified_gmt":"2018-02-06T12:02:12","slug":"kolarze-walcza-miedzy-kibicami-rozgrywa-sie-prawdziwa-bitwa","status":"publish","type":"post","link":"https:\/\/www.welovecycling.com\/pl\/2018\/01\/23\/kolarze-walcza-miedzy-kibicami-rozgrywa-sie-prawdziwa-bitwa\/","title":{"rendered":"Gdy kolarze walcz\u0105, mi\u0119dzy kibicami rozgrywa si\u0119 prawdziwa bitwa"},"content":{"rendered":"<p><strong>Maj\u0105 czujno\u015b\u0107 wa\u017cki, zwinno\u015b\u0107 tygrysa i up\u00f3r os\u0142a. Wszystko po to, by zdoby\u0107 bidon, peleryn\u0119, czy r\u0119kawiczki, kt\u00f3re nale\u017c\u0105 do zawodowego kolarza. Poznajcie \u0142owc\u00f3w kolarskiego ekwipunku.<\/strong><\/p>\n<p>Pami\u0105tka z Tour de France? Niby nic prostszego, nie trzeba nawet rusza\u0107 si\u0119 z fotela. Klik, klik, klik i jeste\u015bmy. Bidon z tras\u0105 Wielkiej P\u0119tli za 6 euro, breloczek za 10 euro, fartuch dla pani\/pana domu za 15 euro, a tak\u017ce markowe zegarki w kosmicznych cenach 475 euro, czyli jakie\u015b 2 tys. z\u0142.<\/p>\n<p><strong>\u201eBidon! Bidon! Bidooooon!\u201d<\/strong><\/p>\n<p>\u0141\u0105cznie w sklepie internetowym Tour de France mo\u017cna kupi\u0107 30 pami\u0105tek, ale nad t\u0105 opcj\u0105 \u0142owcy nawet si\u0119 nie pochylaj\u0105. Prawdziwy \u0142owca taszczy bowiem wielki worek na gad\u017cety, przeczesuje rowy w ich poszukiwaniu i krzyczy do zawodnik\u00f3w: \u201eBidon! Bidon! Bidooooon!\u201d.<\/p>\n<p>Nie interesuje ich sklep z pami\u0105tkami, bo to tak, jakby na Morskie Oko nie weszli o w\u0142asnych si\u0142ach, ale wjechali wozem wypchanym turystami i na szczycie poprosili jeszcze o piecz\u0105tk\u0119 ze schroniska w specjalnej ksi\u0105\u017cce kolekcjonerskiej. Satysfakcja \u017cadna.<\/p>\n<p>\u0141owcy uwa\u017caj\u0105, \u017ce pami\u0105tk\u0119 nale\u017cy wywalczy\u0107, a jedn\u0105 z najcenniejszych s\u0105 wed\u0142ug nich bidony. W Internecie mo\u017cna znale\u017a\u0107 strony, na kt\u00f3rych w\u0142a\u015bciciele chwal\u0105 si\u0119 setkami plastikowych butelek, zdobytych podczas wy\u015bcig\u00f3w: z\u0142apali, gdy zawodnik odrzuca\u0142 na bok; wygrzebali z rowu, gdy po wy\u015bcigu przeszukiwali tras\u0119; wyprosili na mecie.<\/p>\n<p>Niby wszystkie te bidony s\u0105 inne \u2013 r\u00f3\u017cne kolory, kszta\u0142ty i pojemno\u015bci, ale na samym ko\u0144cu to jednak plastikowa butelka. Ale nie dla \u0142owcy, dla kt\u00f3rego za ka\u017cdym bidonem kryje si\u0119 inny wy\u015bcig, etap, zawodnik i historia.<\/p>\n<p><strong>Ponad 1000 bidon\u00f3w w kolekcji<\/strong><\/p>\n<p>Najlepszym przyk\u0142adem kolekcjonera jest Joel Hery. To by\u0142y kolarz, kt\u00f3ry z kolarstwem nie zamierza\u0142 si\u0119 jednak rozstawa\u0107, a bardzo blisko zawodowstwa trzymaj\u0105 go w\u0142a\u015bnie gad\u017cety. Kto wie, mo\u017ce posiada bidon, z kt\u00f3rego pi\u0142 Chris Froome, numer startowy Petera Sagana lub peleryn\u0119 Marka Cavendisha?<\/p>\n<p>Gdy zaczyna si\u0119 Tour de France, Joel wsiada do kampera i je\u017adzi za kolarzami. Na ka\u017cdym etapie ma wybrane miejsce, kt\u00f3re wed\u0142ug niego daje najwi\u0119ksz\u0105 szans\u0119 na zdobycze. Na og\u00f3\u0142 s\u0105 to miejsca bez t\u0142umu kibic\u00f3w i nie na zjazdach, bo tam ka\u017cdy zawodnik kurczowo trzyma kierownic\u0119 dwoma r\u0119kami. Najcz\u0119\u015bciej ustawia si\u0119 on za punktem zaopatrzenia. Ca\u0142y wyrzucony lub zgubiony przez zawodnik\u00f3w ekwipunek zbiera do ma\u0142ych torebek, by nast\u0119pnie wrzuci\u0107 go do wi\u0119kszych work\u00f3w, a gdy przejedzie ostatni zawodnik, Joel pakuje wszystko do kampera i udaje si\u0119 na upatrzon\u0105 z g\u00f3ry pozycj\u0119.<\/p>\n<p>Nieoficjalnie zebra\u0142 ju\u017c w ten spos\u00f3b ponad 1000 bidon\u00f3w.<\/p>\n<p><strong>Bezmy\u015blno\u015b\u0107 i fajt\u0142apowato\u015b\u0107<\/strong><\/p>\n<p>Internet pe\u0142en jest kibic\u00f3w, kt\u00f3rzy wspominaj\u0105, jak o pami\u0105tk\u0119 musieli walczy\u0107 z s\u0105siadem, przyjacielem, a nawet cz\u0142onkiem rodziny. Dla niekt\u00f3rych rodzin tradycja rywalizacji o kolarski ekwipunek si\u0119ga ju\u017c od dw\u00f3ch do trzech pokole\u0144. Do\u015bwiadczenie przekazywane jest z ojca na syna, ale cel niezmiennie pozostaje ten sam \u2013 zosta\u0107 zwyci\u0119zc\u0105 bitwy.<\/p>\n<p>Zdarza si\u0119 jednak, \u017ce czasem co\u015b p\u00f3jdzie nie tak. \u0141owca przyjmuje pozycj\u0119, ocenia swoje szanse, wyostrza sz\u00f3sty zmys\u0142, ale \u201ewalka\u201d ko\u0144czy si\u0119 w ten spos\u00f3b:<\/p>\n<div class=\"embed-wrapper\"><iframe loading=\"lazy\" src=\"https:\/\/www.youtube-nocookie.com\/embed\/to6pM7wes34\" width=\"560\" height=\"315\" frameborder=\"0\" allowfullscreen=\"allowfullscreen\"><\/iframe><\/div>\n<div><\/div>\n<p>Trafiaj\u0105 si\u0119 tak\u017ce kolekcjonerzy, kt\u00f3rym walka o gad\u017cety odbiera trze\u017awe my\u015blenie. Przyk\u0142ad? Jeden z kibic\u00f3w postanowi\u0142 wykorzysta\u0107 fakt, \u017ce kolarze niemal przebijali si\u0119 mi\u0119dzy kibicami i\u2026 chcia\u0142 mu ukra\u015b\u0107 bidon.<\/p>\n<div class=\"embed-wrapper\"><iframe loading=\"lazy\" src=\"https:\/\/www.youtube-nocookie.com\/embed\/K7O1yMRYSQo\" width=\"560\" height=\"315\" frameborder=\"0\" allowfullscreen=\"allowfullscreen\"><\/iframe><\/div>\n<div><\/div>\n<p>Jedni m\u00f3wi\u0105, \u017ce zbieranie bidon\u00f3w, peleryn, numer\u00f3w startowych, czy r\u0119kawiczek, to kolekcjonerstwo, ale dla innych to wielka bitwa o sprz\u0119t zawodowca, na kt\u00f3rym jest jego dotyk, kropla potu, czy zapach. A tego w sklepie z pami\u0105tkami kupi\u0107 si\u0119 nie da.<\/p>\n","protected":false},"excerpt":{"rendered":"<p>Maj\u0105 czujno\u015b\u0107 wa\u017cki, zwinno\u015b\u0107 tygrysa i up\u00f3r os\u0142a. Wszystko po to, by zdoby\u0107 bidon, peleryn\u0119, czy r\u0119kawiczki, kt\u00f3re nale\u017c\u0105 do [&hellip;]<\/p>\n","protected":false},"author":76,"featured_media":6509,"comment_status":"open","ping_status":"open","sticky":false,"template":"","format":"standard","meta":{"footnotes":""},"categories":[226],"tags":[41,77,82],"global-categories":[],"class_list":["post-6503","post","type-post","status-publish","format-standard","has-post-thumbnail","hentry","category-ciekawostki","tag-cycling","tag-tour-de-france","tag-welovecycling"],"yoast_head":"<!-- This site is optimized with the Yoast SEO Premium plugin v25.3 (Yoast SEO v25.9) - https:\/\/yoast.com\/wordpress\/plugins\/seo\/ -->\n<title>Gdy kolarze walcz\u0105, mi\u0119dzy kibicami rozgrywa si\u0119 prawdziwa bitwa - \u0160koda We Love Cycling - Poland<\/title>\n<meta name=\"robots\" content=\"index, follow, max-snippet:-1, max-image-preview:large, max-video-preview:-1\" \/>\n<link rel=\"canonical\" href=\"https:\/\/www.welovecycling.com\/pl\/2018\/01\/23\/kolarze-walcza-miedzy-kibicami-rozgrywa-sie-prawdziwa-bitwa\/\" \/>\n<meta property=\"og:locale\" content=\"pl_PL\" \/>\n<meta property=\"og:type\" content=\"article\" \/>\n<meta property=\"og:title\" content=\"Gdy kolarze walcz\u0105, mi\u0119dzy kibicami rozgrywa si\u0119 prawdziwa bitwa\" \/>\n<meta property=\"og:description\" content=\"Maj\u0105 czujno\u015b\u0107 wa\u017cki, zwinno\u015b\u0107 tygrysa i up\u00f3r os\u0142a. Wszystko po to, by zdoby\u0107 bidon, peleryn\u0119, czy r\u0119kawiczki, kt\u00f3re nale\u017c\u0105 do [&hellip;]\" \/>\n<meta property=\"og:url\" content=\"https:\/\/www.welovecycling.com\/pl\/2018\/01\/23\/kolarze-walcza-miedzy-kibicami-rozgrywa-sie-prawdziwa-bitwa\/\" \/>\n<meta property=\"og:site_name\" content=\"\u0160koda We Love Cycling - Poland\" \/>\n<meta property=\"article:published_time\" content=\"2018-01-23T10:57:22+00:00\" \/>\n<meta property=\"article:modified_time\" content=\"2018-02-06T12:02:12+00:00\" \/>\n<meta property=\"og:image\" content=\"https:\/\/d2p6e6u75xmxt8.cloudfront.net\/5\/2018\/01\/maxresdefault.jpg\" \/>\n\t<meta property=\"og:image:width\" content=\"1280\" \/>\n\t<meta property=\"og:image:height\" content=\"720\" \/>\n\t<meta property=\"og:image:type\" content=\"image\/jpeg\" \/>\n<meta name=\"author\" content=\"piotrboczkowski\" \/>\n<meta name=\"twitter:card\" content=\"summary_large_image\" \/>\n<meta name=\"twitter:label1\" content=\"Written by\" \/>\n\t<meta name=\"twitter:data1\" content=\"WeLoveCycling\" \/>\n\t<meta name=\"twitter:label2\" content=\"Est. reading time\" \/>\n\t<meta name=\"twitter:data2\" content=\"3 minutes\" \/>\n<script type=\"application\/ld+json\" class=\"yoast-schema-graph\">{\"@context\":\"https:\/\/schema.org\",\"@graph\":[{\"@type\":\"WebPage\",\"@id\":\"https:\/\/www.welovecycling.com\/pl\/2018\/01\/23\/kolarze-walcza-miedzy-kibicami-rozgrywa-sie-prawdziwa-bitwa\/\",\"url\":\"https:\/\/www.welovecycling.com\/pl\/2018\/01\/23\/kolarze-walcza-miedzy-kibicami-rozgrywa-sie-prawdziwa-bitwa\/\",\"name\":\"Gdy kolarze walcz\u0105, mi\u0119dzy kibicami rozgrywa si\u0119 prawdziwa bitwa - \u0160koda We Love Cycling - Poland\",\"isPartOf\":{\"@id\":\"https:\/\/www.welovecycling.com\/pl\/#website\"},\"primaryImageOfPage\":{\"@id\":\"https:\/\/www.welovecycling.com\/pl\/2018\/01\/23\/kolarze-walcza-miedzy-kibicami-rozgrywa-sie-prawdziwa-bitwa\/#primaryimage\"},\"image\":{\"@id\":\"https:\/\/www.welovecycling.com\/pl\/2018\/01\/23\/kolarze-walcza-miedzy-kibicami-rozgrywa-sie-prawdziwa-bitwa\/#primaryimage\"},\"thumbnailUrl\":\"https:\/\/d2p6e6u75xmxt8.cloudfront.net\/5\/2018\/01\/maxresdefault.jpg\",\"datePublished\":\"2018-01-23T10:57:22+00:00\",\"dateModified\":\"2018-02-06T12:02:12+00:00\",\"author\":{\"@id\":\"https:\/\/www.welovecycling.com\/pl\/#\/schema\/person\/0dba2d39da943db9df3fd8f4687e7f23\"},\"breadcrumb\":{\"@id\":\"https:\/\/www.welovecycling.com\/pl\/2018\/01\/23\/kolarze-walcza-miedzy-kibicami-rozgrywa-sie-prawdziwa-bitwa\/#breadcrumb\"},\"inLanguage\":\"pl-PL\",\"potentialAction\":[{\"@type\":\"ReadAction\",\"target\":[\"https:\/\/www.welovecycling.com\/pl\/2018\/01\/23\/kolarze-walcza-miedzy-kibicami-rozgrywa-sie-prawdziwa-bitwa\/\"]}]},{\"@type\":\"ImageObject\",\"inLanguage\":\"pl-PL\",\"@id\":\"https:\/\/www.welovecycling.com\/pl\/2018\/01\/23\/kolarze-walcza-miedzy-kibicami-rozgrywa-sie-prawdziwa-bitwa\/#primaryimage\",\"url\":\"https:\/\/d2p6e6u75xmxt8.cloudfront.net\/5\/2018\/01\/maxresdefault.jpg\",\"contentUrl\":\"https:\/\/d2p6e6u75xmxt8.cloudfront.net\/5\/2018\/01\/maxresdefault.jpg\",\"width\":1280,\"height\":720},{\"@type\":\"BreadcrumbList\",\"@id\":\"https:\/\/www.welovecycling.com\/pl\/2018\/01\/23\/kolarze-walcza-miedzy-kibicami-rozgrywa-sie-prawdziwa-bitwa\/#breadcrumb\",\"itemListElement\":[{\"@type\":\"ListItem\",\"position\":1,\"name\":\"Home\",\"item\":\"https:\/\/www.welovecycling.com\/pl\/\"},{\"@type\":\"ListItem\",\"position\":2,\"name\":\"Gdy kolarze walcz\u0105, mi\u0119dzy kibicami rozgrywa si\u0119 prawdziwa bitwa\"}]},{\"@type\":\"WebSite\",\"@id\":\"https:\/\/www.welovecycling.com\/pl\/#website\",\"url\":\"https:\/\/www.welovecycling.com\/pl\/\",\"name\":\"\u0160koda We Love Cycling - Poland\",\"description\":\"\",\"potentialAction\":[{\"@type\":\"SearchAction\",\"target\":{\"@type\":\"EntryPoint\",\"urlTemplate\":\"https:\/\/www.welovecycling.com\/pl\/?s={search_term_string}\"},\"query-input\":{\"@type\":\"PropertyValueSpecification\",\"valueRequired\":true,\"valueName\":\"search_term_string\"}}],\"inLanguage\":\"pl-PL\"},{\"@type\":\"Person\",\"@id\":\"https:\/\/www.welovecycling.com\/pl\/#\/schema\/person\/0dba2d39da943db9df3fd8f4687e7f23\",\"name\":\"piotrboczkowski\",\"image\":{\"@type\":\"ImageObject\",\"inLanguage\":\"pl-PL\",\"@id\":\"https:\/\/www.welovecycling.com\/pl\/#\/schema\/person\/image\/\",\"url\":\"https:\/\/secure.gravatar.com\/avatar\/533caccae14752e03a2ce2d3fd62d1b98b93e1393c3195c27819e53344ca1ace?s=96&d=mm&r=g\",\"contentUrl\":\"https:\/\/secure.gravatar.com\/avatar\/533caccae14752e03a2ce2d3fd62d1b98b93e1393c3195c27819e53344ca1ace?s=96&d=mm&r=g\",\"caption\":\"piotrboczkowski\"},\"url\":\"https:\/\/www.welovecycling.com\/pl\/author\/piotrboczkowski\/\"}]}<\/script>\n<!-- \/ Yoast SEO Premium plugin. -->","yoast_head_json":{"title":"Gdy kolarze walcz\u0105, mi\u0119dzy kibicami rozgrywa si\u0119 prawdziwa bitwa - \u0160koda We Love Cycling - Poland","robots":{"index":"index","follow":"follow","max-snippet":"max-snippet:-1","max-image-preview":"max-image-preview:large","max-video-preview":"max-video-preview:-1"},"canonical":"https:\/\/www.welovecycling.com\/pl\/2018\/01\/23\/kolarze-walcza-miedzy-kibicami-rozgrywa-sie-prawdziwa-bitwa\/","og_locale":"pl_PL","og_type":"article","og_title":"Gdy kolarze walcz\u0105, mi\u0119dzy kibicami rozgrywa si\u0119 prawdziwa bitwa","og_description":"Maj\u0105 czujno\u015b\u0107 wa\u017cki, zwinno\u015b\u0107 tygrysa i up\u00f3r os\u0142a. Wszystko po to, by zdoby\u0107 bidon, peleryn\u0119, czy r\u0119kawiczki, kt\u00f3re nale\u017c\u0105 do [&hellip;]","og_url":"https:\/\/www.welovecycling.com\/pl\/2018\/01\/23\/kolarze-walcza-miedzy-kibicami-rozgrywa-sie-prawdziwa-bitwa\/","og_site_name":"\u0160koda We Love Cycling - Poland","article_published_time":"2018-01-23T10:57:22+00:00","article_modified_time":"2018-02-06T12:02:12+00:00","og_image":[{"width":1280,"height":720,"url":"https:\/\/d2p6e6u75xmxt8.cloudfront.net\/5\/2018\/01\/maxresdefault.jpg","type":"image\/jpeg"}],"author":"piotrboczkowski","twitter_card":"summary_large_image","twitter_misc":{"Written by":"WeLoveCycling","Est. reading time":"3 minutes"},"schema":{"@context":"https:\/\/schema.org","@graph":[{"@type":"WebPage","@id":"https:\/\/www.welovecycling.com\/pl\/2018\/01\/23\/kolarze-walcza-miedzy-kibicami-rozgrywa-sie-prawdziwa-bitwa\/","url":"https:\/\/www.welovecycling.com\/pl\/2018\/01\/23\/kolarze-walcza-miedzy-kibicami-rozgrywa-sie-prawdziwa-bitwa\/","name":"Gdy kolarze walcz\u0105, mi\u0119dzy kibicami rozgrywa si\u0119 prawdziwa bitwa - \u0160koda We Love Cycling - Poland","isPartOf":{"@id":"https:\/\/www.welovecycling.com\/pl\/#website"},"primaryImageOfPage":{"@id":"https:\/\/www.welovecycling.com\/pl\/2018\/01\/23\/kolarze-walcza-miedzy-kibicami-rozgrywa-sie-prawdziwa-bitwa\/#primaryimage"},"image":{"@id":"https:\/\/www.welovecycling.com\/pl\/2018\/01\/23\/kolarze-walcza-miedzy-kibicami-rozgrywa-sie-prawdziwa-bitwa\/#primaryimage"},"thumbnailUrl":"https:\/\/d2p6e6u75xmxt8.cloudfront.net\/5\/2018\/01\/maxresdefault.jpg","datePublished":"2018-01-23T10:57:22+00:00","dateModified":"2018-02-06T12:02:12+00:00","author":{"@id":"https:\/\/www.welovecycling.com\/pl\/#\/schema\/person\/0dba2d39da943db9df3fd8f4687e7f23"},"breadcrumb":{"@id":"https:\/\/www.welovecycling.com\/pl\/2018\/01\/23\/kolarze-walcza-miedzy-kibicami-rozgrywa-sie-prawdziwa-bitwa\/#breadcrumb"},"inLanguage":"pl-PL","potentialAction":[{"@type":"ReadAction","target":["https:\/\/www.welovecycling.com\/pl\/2018\/01\/23\/kolarze-walcza-miedzy-kibicami-rozgrywa-sie-prawdziwa-bitwa\/"]}]},{"@type":"ImageObject","inLanguage":"pl-PL","@id":"https:\/\/www.welovecycling.com\/pl\/2018\/01\/23\/kolarze-walcza-miedzy-kibicami-rozgrywa-sie-prawdziwa-bitwa\/#primaryimage","url":"https:\/\/d2p6e6u75xmxt8.cloudfront.net\/5\/2018\/01\/maxresdefault.jpg","contentUrl":"https:\/\/d2p6e6u75xmxt8.cloudfront.net\/5\/2018\/01\/maxresdefault.jpg","width":1280,"height":720},{"@type":"BreadcrumbList","@id":"https:\/\/www.welovecycling.com\/pl\/2018\/01\/23\/kolarze-walcza-miedzy-kibicami-rozgrywa-sie-prawdziwa-bitwa\/#breadcrumb","itemListElement":[{"@type":"ListItem","position":1,"name":"Home","item":"https:\/\/www.welovecycling.com\/pl\/"},{"@type":"ListItem","position":2,"name":"Gdy kolarze walcz\u0105, mi\u0119dzy kibicami rozgrywa si\u0119 prawdziwa bitwa"}]},{"@type":"WebSite","@id":"https:\/\/www.welovecycling.com\/pl\/#website","url":"https:\/\/www.welovecycling.com\/pl\/","name":"\u0160koda We Love Cycling - Poland","description":"","potentialAction":[{"@type":"SearchAction","target":{"@type":"EntryPoint","urlTemplate":"https:\/\/www.welovecycling.com\/pl\/?s={search_term_string}"},"query-input":{"@type":"PropertyValueSpecification","valueRequired":true,"valueName":"search_term_string"}}],"inLanguage":"pl-PL"},{"@type":"Person","@id":"https:\/\/www.welovecycling.com\/pl\/#\/schema\/person\/0dba2d39da943db9df3fd8f4687e7f23","name":"piotrboczkowski","image":{"@type":"ImageObject","inLanguage":"pl-PL","@id":"https:\/\/www.welovecycling.com\/pl\/#\/schema\/person\/image\/","url":"https:\/\/secure.gravatar.com\/avatar\/533caccae14752e03a2ce2d3fd62d1b98b93e1393c3195c27819e53344ca1ace?s=96&d=mm&r=g","contentUrl":"https:\/\/secure.gravatar.com\/avatar\/533caccae14752e03a2ce2d3fd62d1b98b93e1393c3195c27819e53344ca1ace?s=96&d=mm&r=g","caption":"piotrboczkowski"},"url":"https:\/\/www.welovecycling.com\/pl\/author\/piotrboczkowski\/"}]}},"_links":{"self":[{"href":"https:\/\/www.welovecycling.com\/pl\/wp-json\/wp\/v2\/posts\/6503","targetHints":{"allow":["GET"]}}],"collection":[{"href":"https:\/\/www.welovecycling.com\/pl\/wp-json\/wp\/v2\/posts"}],"about":[{"href":"https:\/\/www.welovecycling.com\/pl\/wp-json\/wp\/v2\/types\/post"}],"author":[{"embeddable":true,"href":"https:\/\/www.welovecycling.com\/pl\/wp-json\/wp\/v2\/users\/76"}],"replies":[{"embeddable":true,"href":"https:\/\/www.welovecycling.com\/pl\/wp-json\/wp\/v2\/comments?post=6503"}],"version-history":[{"count":2,"href":"https:\/\/www.welovecycling.com\/pl\/wp-json\/wp\/v2\/posts\/6503\/revisions"}],"predecessor-version":[{"id":6514,"href":"https:\/\/www.welovecycling.com\/pl\/wp-json\/wp\/v2\/posts\/6503\/revisions\/6514"}],"wp:featuredmedia":[{"embeddable":true,"href":"https:\/\/www.welovecycling.com\/pl\/wp-json\/wp\/v2\/media\/6509"}],"wp:attachment":[{"href":"https:\/\/www.welovecycling.com\/pl\/wp-json\/wp\/v2\/media?parent=6503"}],"wp:term":[{"taxonomy":"category","embeddable":true,"href":"https:\/\/www.welovecycling.com\/pl\/wp-json\/wp\/v2\/categories?post=6503"},{"taxonomy":"post_tag","embeddable":true,"href":"https:\/\/www.welovecycling.com\/pl\/wp-json\/wp\/v2\/tags?post=6503"},{"taxonomy":"global-categories","embeddable":true,"href":"https:\/\/www.welovecycling.com\/pl\/wp-json\/wp\/v2\/global-categories?post=6503"}],"curies":[{"name":"wp","href":"https:\/\/api.w.org\/{rel}","templated":true}]}}