{"id":6357,"date":"2018-01-10T13:46:27","date_gmt":"2018-01-10T13:46:27","guid":{"rendered":"https:\/\/www.welovecycling.com\/pl\/?p=6357"},"modified":"2018-02-06T12:04:02","modified_gmt":"2018-02-06T12:04:02","slug":"zostan-artysta-strava-kanadyjczyk-stephen-lund","status":"publish","type":"post","link":"https:\/\/www.welovecycling.com\/pl\/2018\/01\/10\/zostan-artysta-strava-kanadyjczyk-stephen-lund\/","title":{"rendered":"Zosta\u0144 artyst\u0105 Strava jak Kanadyjczyk Stephen Lund"},"content":{"rendered":"<p><strong>Niekt\u00f3rzy ludzie podr\u00f3\u017cuj\u0105 tylko palcem po mapie, a inni wskakuj\u0105 na rower i tworz\u0105 dzie\u0142a.<\/strong><!--more--><\/p>\n<p><span style=\"font-weight: 400;\">Stephen Lund z Victorii w Kolumbii Brytyjskiej jest artyst\u0105 GPS, kt\u00f3ry tworzy swoje arcydzie\u0142a, je\u017cd\u017c\u0105c po okolicy z nawigacj\u0105 GPS i rejestruj\u0105c szalone obrazy o gigantycznych rozmiarach.<\/span><\/p>\n<p><a href=\"https:\/\/d2p6e6u75xmxt8.cloudfront.net\/5\/2018\/01\/strava_art3.jpg\"><img loading=\"lazy\" decoding=\"async\" class=\"alignnone size-full wp-image-6358\" src=\"https:\/\/d2p6e6u75xmxt8.cloudfront.net\/5\/2018\/01\/strava_art3.jpg\" alt=\"\" width=\"700\" height=\"538\" srcset=\"https:\/\/d2p6e6u75xmxt8.cloudfront.net\/5\/2018\/01\/strava_art3.jpg 700w, https:\/\/d2p6e6u75xmxt8.cloudfront.net\/5\/2018\/01\/strava_art3-300x231.jpg 300w\" sizes=\"auto, (max-width: 700px) 100vw, 700px\" \/><\/a><\/p>\n<p><span style=\"font-weight: 400;\">Wyniki tej pracy mo\u017cna obejrze\u0107 na jego koncie Strava, gdzie \u0142atwo zauwa\u017cy\u0107, \u017ce Stephen przejecha\u0142 ju\u017c prawie 11 tys. km w ci\u0105gu 2017 roku, sp\u0119dzaj\u0105c w siode\u0142ku ponad 340 godzin. Jego najwi\u0119ksz\u0105 zrealizowan\u0105 koncepcj\u0105 by\u0142a gigantyczna syrena, kt\u00f3rej \u201enarysowanie\u201d wymaga\u0142o pokonania ponad 220 km.<\/span><\/p>\n<div id='gallery-1' class='gallery galleryid-6357 gallery-columns-2 gallery-size-large'><figure class='gallery-item'>\n\t\t\t<div class='gallery-icon landscape'>\n\t\t\t\t<a href='https:\/\/d2p6e6u75xmxt8.cloudfront.net\/5\/2018\/01\/strava_art4-2.jpg'><img loading=\"lazy\" decoding=\"async\" width=\"700\" height=\"564\" src=\"https:\/\/d2p6e6u75xmxt8.cloudfront.net\/5\/2018\/01\/strava_art4-2.jpg\" class=\"attachment-large size-large\" alt=\"\" srcset=\"https:\/\/d2p6e6u75xmxt8.cloudfront.net\/5\/2018\/01\/strava_art4-2.jpg 700w, https:\/\/d2p6e6u75xmxt8.cloudfront.net\/5\/2018\/01\/strava_art4-2-300x242.jpg 300w\" sizes=\"auto, (max-width: 700px) 100vw, 700px\" \/><\/a>\n\t\t\t<\/div><\/figure><figure class='gallery-item'>\n\t\t\t<div class='gallery-icon landscape'>\n\t\t\t\t<a href='https:\/\/d2p6e6u75xmxt8.cloudfront.net\/5\/2018\/01\/strava_art10-2.jpg'><img loading=\"lazy\" decoding=\"async\" width=\"700\" height=\"546\" src=\"https:\/\/d2p6e6u75xmxt8.cloudfront.net\/5\/2018\/01\/strava_art10-2.jpg\" class=\"attachment-large size-large\" alt=\"\" srcset=\"https:\/\/d2p6e6u75xmxt8.cloudfront.net\/5\/2018\/01\/strava_art10-2.jpg 700w, https:\/\/d2p6e6u75xmxt8.cloudfront.net\/5\/2018\/01\/strava_art10-2-300x234.jpg 300w\" sizes=\"auto, (max-width: 700px) 100vw, 700px\" \/><\/a>\n\t\t\t<\/div><\/figure>\n\t\t<\/div>\n\n<p><span style=\"font-weight: 400;\">Stephen musia\u0142 przejecha\u0107 setki kilometr\u00f3w, aby stworzy\u0107 swoje najbardziej znane dzie\u0142a, takie jak \u017cyrafa, tyranozaur, Darth Vader, stegozaur, szop czy ogromny ork. <\/span><span style=\"font-weight: 400;\">Realizuj\u0105c swoj\u0105 pasj\u0119 od prawie dw\u00f3ch lat, przejecha\u0142 ponad 23 tys. km, co jest du\u017cym osi\u0105gni\u0119ciem nawet dla zapalonych sportowc\u00f3w.<\/span><\/p>\n<div id='gallery-2' class='gallery galleryid-6357 gallery-columns-2 gallery-size-large'><figure class='gallery-item'>\n\t\t\t<div class='gallery-icon landscape'>\n\t\t\t\t<a href='https:\/\/d2p6e6u75xmxt8.cloudfront.net\/5\/2018\/01\/strava_art14-2.jpg'><img loading=\"lazy\" decoding=\"async\" width=\"1024\" height=\"1024\" src=\"https:\/\/d2p6e6u75xmxt8.cloudfront.net\/5\/2018\/01\/strava_art14-2-1024x1024.jpg\" class=\"attachment-large size-large\" alt=\"\" srcset=\"https:\/\/d2p6e6u75xmxt8.cloudfront.net\/5\/2018\/01\/strava_art14-2-1024x1024.jpg 1024w, https:\/\/d2p6e6u75xmxt8.cloudfront.net\/5\/2018\/01\/strava_art14-2-150x150.jpg 150w, https:\/\/d2p6e6u75xmxt8.cloudfront.net\/5\/2018\/01\/strava_art14-2-300x300.jpg 300w, https:\/\/d2p6e6u75xmxt8.cloudfront.net\/5\/2018\/01\/strava_art14-2-768x768.jpg 768w, https:\/\/d2p6e6u75xmxt8.cloudfront.net\/5\/2018\/01\/strava_art14-2.jpg 1280w\" sizes=\"auto, (max-width: 1024px) 100vw, 1024px\" \/><\/a>\n\t\t\t<\/div><\/figure><figure class='gallery-item'>\n\t\t\t<div class='gallery-icon portrait'>\n\t\t\t\t<a href='https:\/\/d2p6e6u75xmxt8.cloudfront.net\/5\/2018\/01\/strava_art16-2.png'><img loading=\"lazy\" decoding=\"async\" width=\"861\" height=\"1024\" src=\"https:\/\/d2p6e6u75xmxt8.cloudfront.net\/5\/2018\/01\/strava_art16-2-861x1024.png\" class=\"attachment-large size-large\" alt=\"\" srcset=\"https:\/\/d2p6e6u75xmxt8.cloudfront.net\/5\/2018\/01\/strava_art16-2-861x1024.png 861w, https:\/\/d2p6e6u75xmxt8.cloudfront.net\/5\/2018\/01\/strava_art16-2-252x300.png 252w, https:\/\/d2p6e6u75xmxt8.cloudfront.net\/5\/2018\/01\/strava_art16-2-768x914.png 768w, https:\/\/d2p6e6u75xmxt8.cloudfront.net\/5\/2018\/01\/strava_art16-2.png 1280w\" sizes=\"auto, (max-width: 861px) 100vw, 861px\" \/><\/a>\n\t\t\t<\/div><\/figure>\n\t\t<\/div>\n\n<p><span style=\"font-weight: 400;\">Jego najnowszym dzie\u0142em jest portret \u017c\u00f3\u0142wia Ninja o nazwie \u201eMichelangelo by Cycleangelo\u201d, kt\u00f3rego stworzenie wymaga\u0142o 107 km jazdy ze \u015bredni\u0105 pr\u0119dko\u015bci\u0105 26 km\/h! Liczba obraz\u00f3w stale ro\u015bnie, poniewa\u017c Stephen je\u017adzi oko\u0142o 70 km dziennie.<\/span><\/p>\n<p><span style=\"font-weight: 400;\">Z czego czerpie inspiracj\u0119? Wed\u0142ug kanadyjskiego artysty-kolarza najs\u0142ynniejsze dzie\u0142a po prostu same \u201ewyskakuj\u0105\u201d z mapy. Kiedy Stephen by\u0142 dzieckiem, sp\u0119dza\u0142 wiele godzin na obserwowaniu nieba, u\u017cywaj\u0105c swojej wyobra\u017ani, aby odgadn\u0105\u0107, co jeszcze przypominaj\u0105 kszta\u0142ty chmur. Dzi\u015b do\u015bwiadcza podobnych uczu\u0107, gdy na stole lub na pod\u0142odze rozk\u0142ada du\u017c\u0105 map\u0119. Planuj\u0105c now\u0105 artystyczn\u0105 tras\u0119, musi sprawdzi\u0107, czy linia zaplanowanego dzie\u0142a jest w miar\u0119 ci\u0105g\u0142a. Chocia\u017c mo\u017ce pos\u0142u\u017cy\u0107 si\u0119 sztuczk\u0105 wy\u0142\u0105czania i w\u0142\u0105czania nawigacji GPS, Stephen preferuje \u201erysowanie jednym poci\u0105gni\u0119ciem\u201d.<\/span><\/p>\n<div id='gallery-3' class='gallery galleryid-6357 gallery-columns-2 gallery-size-large'><figure class='gallery-item'>\n\t\t\t<div class='gallery-icon landscape'>\n\t\t\t\t<a href='https:\/\/d2p6e6u75xmxt8.cloudfront.net\/5\/2018\/01\/strava_art7-1.jpg'><img loading=\"lazy\" decoding=\"async\" width=\"700\" height=\"433\" src=\"https:\/\/d2p6e6u75xmxt8.cloudfront.net\/5\/2018\/01\/strava_art7-1.jpg\" class=\"attachment-large size-large\" alt=\"\" srcset=\"https:\/\/d2p6e6u75xmxt8.cloudfront.net\/5\/2018\/01\/strava_art7-1.jpg 700w, https:\/\/d2p6e6u75xmxt8.cloudfront.net\/5\/2018\/01\/strava_art7-1-300x186.jpg 300w\" sizes=\"auto, (max-width: 700px) 100vw, 700px\" \/><\/a>\n\t\t\t<\/div><\/figure><figure class='gallery-item'>\n\t\t\t<div class='gallery-icon portrait'>\n\t\t\t\t<a href='https:\/\/d2p6e6u75xmxt8.cloudfront.net\/5\/2018\/01\/strava_art11-2.jpg'><img loading=\"lazy\" decoding=\"async\" width=\"700\" height=\"742\" src=\"https:\/\/d2p6e6u75xmxt8.cloudfront.net\/5\/2018\/01\/strava_art11-2.jpg\" class=\"attachment-large size-large\" alt=\"\" srcset=\"https:\/\/d2p6e6u75xmxt8.cloudfront.net\/5\/2018\/01\/strava_art11-2.jpg 700w, https:\/\/d2p6e6u75xmxt8.cloudfront.net\/5\/2018\/01\/strava_art11-2-283x300.jpg 283w\" sizes=\"auto, (max-width: 700px) 100vw, 700px\" \/><\/a>\n\t\t\t<\/div><\/figure>\n\t\t<\/div>\n\n<p><a href=\"https:\/\/d2p6e6u75xmxt8.cloudfront.net\/5\/2018\/01\/marry_me.jpg\"><img loading=\"lazy\" decoding=\"async\" class=\"alignnone size-full wp-image-6360\" src=\"https:\/\/d2p6e6u75xmxt8.cloudfront.net\/5\/2018\/01\/marry_me.jpg\" alt=\"\" width=\"578\" height=\"353\" srcset=\"https:\/\/d2p6e6u75xmxt8.cloudfront.net\/5\/2018\/01\/marry_me.jpg 578w, https:\/\/d2p6e6u75xmxt8.cloudfront.net\/5\/2018\/01\/marry_me-300x183.jpg 300w\" sizes=\"auto, (max-width: 578px) 100vw, 578px\" \/><\/a><\/p>\n<p><span style=\"font-weight: 400;\">Stephen nie jest jednak jedynym kolarzem, kt\u00f3ry praktykuje tworzenie rysunk\u00f3w GPS. Najwi\u0119kszym tego rodzaju dzie\u0142em jest napis, kt\u00f3rego autorem jest Yasushi Takahashi. Siedem lat temu japo\u0144ski entuzjasta GPS pracuj\u0105cy pod pseudonimem Yassan wyruszy\u0142 w d\u0142ug\u0105 na 7163,7 km podr\u00f3\u017c, by stworzy\u0107 gigantyczny napis MARRY ME (ang. \u201ewyjd\u017a za mnie\u201d) na ca\u0142ym terytorium Japonii i zachwyci\u0107 swoj\u0105 dziewczyn\u0119. W przeciwie\u0144stwie do Stephena przemieszcza\u0142 si\u0119 nie tylko rowerem, ale szed\u0142 r\u00f3wnie\u017c piechot\u0105, podr\u00f3\u017cowa\u0142 samochodem lub promem.<\/span><\/p>\n<p><span style=\"font-weight: 400;\">Jak widzicie, sztuk\u0119 mo\u017cna tworzy\u0107 na wiele sposob\u00f3w. Jakie\u015b plany na weekendow\u0105 przeja\u017cd\u017ck\u0119? Mo\u017ce portret Angeliny Jolie?<\/span><\/p>\n<p><span style=\"font-weight: 400;\">Wi\u0119cej rysunk\u00f3w Stephena <a href=\"https:\/\/gpsdoodles.com\/\">TUTAJ<\/a>.<\/span><\/p>\n","protected":false},"excerpt":{"rendered":"<p>Niekt\u00f3rzy ludzie podr\u00f3\u017cuj\u0105 tylko palcem po mapie, a inni wskakuj\u0105 na rower i tworz\u0105 dzie\u0142a.<\/p>\n","protected":false},"author":76,"featured_media":6362,"comment_status":"open","ping_status":"open","sticky":false,"template":"","format":"standard","meta":{"footnotes":""},"categories":[226],"tags":[86,41,82],"global-categories":[],"class_list":["post-6357","post","type-post","status-publish","format-standard","has-post-thumbnail","hentry","category-ciekawostki","tag-ciekawostki","tag-cycling","tag-welovecycling"],"yoast_head":"<!-- This site is optimized with the Yoast SEO Premium plugin v25.3 (Yoast SEO v25.9) - https:\/\/yoast.com\/wordpress\/plugins\/seo\/ -->\n<title>Zosta\u0144 artyst\u0105 Strava jak Kanadyjczyk Stephen Lund - \u0160koda We Love Cycling - Poland<\/title>\n<meta name=\"robots\" content=\"index, follow, max-snippet:-1, max-image-preview:large, max-video-preview:-1\" \/>\n<link rel=\"canonical\" href=\"https:\/\/www.welovecycling.com\/pl\/2018\/01\/10\/zostan-artysta-strava-kanadyjczyk-stephen-lund\/\" \/>\n<meta property=\"og:locale\" content=\"pl_PL\" \/>\n<meta property=\"og:type\" content=\"article\" \/>\n<meta property=\"og:title\" content=\"Zosta\u0144 artyst\u0105 Strava jak Kanadyjczyk Stephen Lund\" \/>\n<meta property=\"og:description\" content=\"Niekt\u00f3rzy ludzie podr\u00f3\u017cuj\u0105 tylko palcem po mapie, a inni wskakuj\u0105 na rower i tworz\u0105 dzie\u0142a.\" \/>\n<meta property=\"og:url\" content=\"https:\/\/www.welovecycling.com\/pl\/2018\/01\/10\/zostan-artysta-strava-kanadyjczyk-stephen-lund\/\" \/>\n<meta property=\"og:site_name\" content=\"\u0160koda We Love Cycling - Poland\" \/>\n<meta property=\"article:published_time\" content=\"2018-01-10T13:46:27+00:00\" \/>\n<meta property=\"article:modified_time\" content=\"2018-02-06T12:04:02+00:00\" \/>\n<meta property=\"og:image\" content=\"https:\/\/d2p6e6u75xmxt8.cloudfront.net\/5\/2018\/01\/covermap.jpg\" \/>\n\t<meta property=\"og:image:width\" content=\"1366\" \/>\n\t<meta property=\"og:image:height\" content=\"600\" \/>\n\t<meta property=\"og:image:type\" content=\"image\/jpeg\" \/>\n<meta name=\"author\" content=\"piotrboczkowski\" \/>\n<meta name=\"twitter:card\" content=\"summary_large_image\" \/>\n<meta name=\"twitter:label1\" content=\"Written by\" \/>\n\t<meta name=\"twitter:data1\" content=\"Adam Marsal\" \/>\n\t<meta name=\"twitter:label2\" content=\"Est. reading time\" \/>\n\t<meta name=\"twitter:data2\" content=\"2 minutes\" \/>\n<script type=\"application\/ld+json\" class=\"yoast-schema-graph\">{\"@context\":\"https:\/\/schema.org\",\"@graph\":[{\"@type\":\"WebPage\",\"@id\":\"https:\/\/www.welovecycling.com\/pl\/2018\/01\/10\/zostan-artysta-strava-kanadyjczyk-stephen-lund\/\",\"url\":\"https:\/\/www.welovecycling.com\/pl\/2018\/01\/10\/zostan-artysta-strava-kanadyjczyk-stephen-lund\/\",\"name\":\"Zosta\u0144 artyst\u0105 Strava jak Kanadyjczyk Stephen Lund - \u0160koda We Love Cycling - Poland\",\"isPartOf\":{\"@id\":\"https:\/\/www.welovecycling.com\/pl\/#website\"},\"primaryImageOfPage\":{\"@id\":\"https:\/\/www.welovecycling.com\/pl\/2018\/01\/10\/zostan-artysta-strava-kanadyjczyk-stephen-lund\/#primaryimage\"},\"image\":{\"@id\":\"https:\/\/www.welovecycling.com\/pl\/2018\/01\/10\/zostan-artysta-strava-kanadyjczyk-stephen-lund\/#primaryimage\"},\"thumbnailUrl\":\"https:\/\/d2p6e6u75xmxt8.cloudfront.net\/5\/2018\/01\/covermap.jpg\",\"datePublished\":\"2018-01-10T13:46:27+00:00\",\"dateModified\":\"2018-02-06T12:04:02+00:00\",\"author\":{\"@id\":\"https:\/\/www.welovecycling.com\/pl\/#\/schema\/person\/0dba2d39da943db9df3fd8f4687e7f23\"},\"breadcrumb\":{\"@id\":\"https:\/\/www.welovecycling.com\/pl\/2018\/01\/10\/zostan-artysta-strava-kanadyjczyk-stephen-lund\/#breadcrumb\"},\"inLanguage\":\"pl-PL\",\"potentialAction\":[{\"@type\":\"ReadAction\",\"target\":[\"https:\/\/www.welovecycling.com\/pl\/2018\/01\/10\/zostan-artysta-strava-kanadyjczyk-stephen-lund\/\"]}]},{\"@type\":\"ImageObject\",\"inLanguage\":\"pl-PL\",\"@id\":\"https:\/\/www.welovecycling.com\/pl\/2018\/01\/10\/zostan-artysta-strava-kanadyjczyk-stephen-lund\/#primaryimage\",\"url\":\"https:\/\/d2p6e6u75xmxt8.cloudfront.net\/5\/2018\/01\/covermap.jpg\",\"contentUrl\":\"https:\/\/d2p6e6u75xmxt8.cloudfront.net\/5\/2018\/01\/covermap.jpg\",\"width\":1366,\"height\":600},{\"@type\":\"BreadcrumbList\",\"@id\":\"https:\/\/www.welovecycling.com\/pl\/2018\/01\/10\/zostan-artysta-strava-kanadyjczyk-stephen-lund\/#breadcrumb\",\"itemListElement\":[{\"@type\":\"ListItem\",\"position\":1,\"name\":\"Home\",\"item\":\"https:\/\/www.welovecycling.com\/pl\/\"},{\"@type\":\"ListItem\",\"position\":2,\"name\":\"Zosta\u0144 artyst\u0105 Strava jak Kanadyjczyk Stephen Lund\"}]},{\"@type\":\"WebSite\",\"@id\":\"https:\/\/www.welovecycling.com\/pl\/#website\",\"url\":\"https:\/\/www.welovecycling.com\/pl\/\",\"name\":\"\u0160koda We Love Cycling - Poland\",\"description\":\"\",\"potentialAction\":[{\"@type\":\"SearchAction\",\"target\":{\"@type\":\"EntryPoint\",\"urlTemplate\":\"https:\/\/www.welovecycling.com\/pl\/?s={search_term_string}\"},\"query-input\":{\"@type\":\"PropertyValueSpecification\",\"valueRequired\":true,\"valueName\":\"search_term_string\"}}],\"inLanguage\":\"pl-PL\"},{\"@type\":\"Person\",\"@id\":\"https:\/\/www.welovecycling.com\/pl\/#\/schema\/person\/0dba2d39da943db9df3fd8f4687e7f23\",\"name\":\"piotrboczkowski\",\"image\":{\"@type\":\"ImageObject\",\"inLanguage\":\"pl-PL\",\"@id\":\"https:\/\/www.welovecycling.com\/pl\/#\/schema\/person\/image\/\",\"url\":\"https:\/\/secure.gravatar.com\/avatar\/533caccae14752e03a2ce2d3fd62d1b98b93e1393c3195c27819e53344ca1ace?s=96&d=mm&r=g\",\"contentUrl\":\"https:\/\/secure.gravatar.com\/avatar\/533caccae14752e03a2ce2d3fd62d1b98b93e1393c3195c27819e53344ca1ace?s=96&d=mm&r=g\",\"caption\":\"piotrboczkowski\"},\"url\":\"https:\/\/www.welovecycling.com\/pl\/author\/piotrboczkowski\/\"}]}<\/script>\n<!-- \/ Yoast SEO Premium plugin. -->","yoast_head_json":{"title":"Zosta\u0144 artyst\u0105 Strava jak Kanadyjczyk Stephen Lund - \u0160koda We Love Cycling - Poland","robots":{"index":"index","follow":"follow","max-snippet":"max-snippet:-1","max-image-preview":"max-image-preview:large","max-video-preview":"max-video-preview:-1"},"canonical":"https:\/\/www.welovecycling.com\/pl\/2018\/01\/10\/zostan-artysta-strava-kanadyjczyk-stephen-lund\/","og_locale":"pl_PL","og_type":"article","og_title":"Zosta\u0144 artyst\u0105 Strava jak Kanadyjczyk Stephen Lund","og_description":"Niekt\u00f3rzy ludzie podr\u00f3\u017cuj\u0105 tylko palcem po mapie, a inni wskakuj\u0105 na rower i tworz\u0105 dzie\u0142a.","og_url":"https:\/\/www.welovecycling.com\/pl\/2018\/01\/10\/zostan-artysta-strava-kanadyjczyk-stephen-lund\/","og_site_name":"\u0160koda We Love Cycling - Poland","article_published_time":"2018-01-10T13:46:27+00:00","article_modified_time":"2018-02-06T12:04:02+00:00","og_image":[{"width":1366,"height":600,"url":"https:\/\/d2p6e6u75xmxt8.cloudfront.net\/5\/2018\/01\/covermap.jpg","type":"image\/jpeg"}],"author":"piotrboczkowski","twitter_card":"summary_large_image","twitter_misc":{"Written by":"Adam Marsal","Est. reading time":"2 minutes"},"schema":{"@context":"https:\/\/schema.org","@graph":[{"@type":"WebPage","@id":"https:\/\/www.welovecycling.com\/pl\/2018\/01\/10\/zostan-artysta-strava-kanadyjczyk-stephen-lund\/","url":"https:\/\/www.welovecycling.com\/pl\/2018\/01\/10\/zostan-artysta-strava-kanadyjczyk-stephen-lund\/","name":"Zosta\u0144 artyst\u0105 Strava jak Kanadyjczyk Stephen Lund - \u0160koda We Love Cycling - Poland","isPartOf":{"@id":"https:\/\/www.welovecycling.com\/pl\/#website"},"primaryImageOfPage":{"@id":"https:\/\/www.welovecycling.com\/pl\/2018\/01\/10\/zostan-artysta-strava-kanadyjczyk-stephen-lund\/#primaryimage"},"image":{"@id":"https:\/\/www.welovecycling.com\/pl\/2018\/01\/10\/zostan-artysta-strava-kanadyjczyk-stephen-lund\/#primaryimage"},"thumbnailUrl":"https:\/\/d2p6e6u75xmxt8.cloudfront.net\/5\/2018\/01\/covermap.jpg","datePublished":"2018-01-10T13:46:27+00:00","dateModified":"2018-02-06T12:04:02+00:00","author":{"@id":"https:\/\/www.welovecycling.com\/pl\/#\/schema\/person\/0dba2d39da943db9df3fd8f4687e7f23"},"breadcrumb":{"@id":"https:\/\/www.welovecycling.com\/pl\/2018\/01\/10\/zostan-artysta-strava-kanadyjczyk-stephen-lund\/#breadcrumb"},"inLanguage":"pl-PL","potentialAction":[{"@type":"ReadAction","target":["https:\/\/www.welovecycling.com\/pl\/2018\/01\/10\/zostan-artysta-strava-kanadyjczyk-stephen-lund\/"]}]},{"@type":"ImageObject","inLanguage":"pl-PL","@id":"https:\/\/www.welovecycling.com\/pl\/2018\/01\/10\/zostan-artysta-strava-kanadyjczyk-stephen-lund\/#primaryimage","url":"https:\/\/d2p6e6u75xmxt8.cloudfront.net\/5\/2018\/01\/covermap.jpg","contentUrl":"https:\/\/d2p6e6u75xmxt8.cloudfront.net\/5\/2018\/01\/covermap.jpg","width":1366,"height":600},{"@type":"BreadcrumbList","@id":"https:\/\/www.welovecycling.com\/pl\/2018\/01\/10\/zostan-artysta-strava-kanadyjczyk-stephen-lund\/#breadcrumb","itemListElement":[{"@type":"ListItem","position":1,"name":"Home","item":"https:\/\/www.welovecycling.com\/pl\/"},{"@type":"ListItem","position":2,"name":"Zosta\u0144 artyst\u0105 Strava jak Kanadyjczyk Stephen Lund"}]},{"@type":"WebSite","@id":"https:\/\/www.welovecycling.com\/pl\/#website","url":"https:\/\/www.welovecycling.com\/pl\/","name":"\u0160koda We Love Cycling - Poland","description":"","potentialAction":[{"@type":"SearchAction","target":{"@type":"EntryPoint","urlTemplate":"https:\/\/www.welovecycling.com\/pl\/?s={search_term_string}"},"query-input":{"@type":"PropertyValueSpecification","valueRequired":true,"valueName":"search_term_string"}}],"inLanguage":"pl-PL"},{"@type":"Person","@id":"https:\/\/www.welovecycling.com\/pl\/#\/schema\/person\/0dba2d39da943db9df3fd8f4687e7f23","name":"piotrboczkowski","image":{"@type":"ImageObject","inLanguage":"pl-PL","@id":"https:\/\/www.welovecycling.com\/pl\/#\/schema\/person\/image\/","url":"https:\/\/secure.gravatar.com\/avatar\/533caccae14752e03a2ce2d3fd62d1b98b93e1393c3195c27819e53344ca1ace?s=96&d=mm&r=g","contentUrl":"https:\/\/secure.gravatar.com\/avatar\/533caccae14752e03a2ce2d3fd62d1b98b93e1393c3195c27819e53344ca1ace?s=96&d=mm&r=g","caption":"piotrboczkowski"},"url":"https:\/\/www.welovecycling.com\/pl\/author\/piotrboczkowski\/"}]}},"_links":{"self":[{"href":"https:\/\/www.welovecycling.com\/pl\/wp-json\/wp\/v2\/posts\/6357","targetHints":{"allow":["GET"]}}],"collection":[{"href":"https:\/\/www.welovecycling.com\/pl\/wp-json\/wp\/v2\/posts"}],"about":[{"href":"https:\/\/www.welovecycling.com\/pl\/wp-json\/wp\/v2\/types\/post"}],"author":[{"embeddable":true,"href":"https:\/\/www.welovecycling.com\/pl\/wp-json\/wp\/v2\/users\/76"}],"replies":[{"embeddable":true,"href":"https:\/\/www.welovecycling.com\/pl\/wp-json\/wp\/v2\/comments?post=6357"}],"version-history":[{"count":2,"href":"https:\/\/www.welovecycling.com\/pl\/wp-json\/wp\/v2\/posts\/6357\/revisions"}],"predecessor-version":[{"id":6432,"href":"https:\/\/www.welovecycling.com\/pl\/wp-json\/wp\/v2\/posts\/6357\/revisions\/6432"}],"wp:featuredmedia":[{"embeddable":true,"href":"https:\/\/www.welovecycling.com\/pl\/wp-json\/wp\/v2\/media\/6362"}],"wp:attachment":[{"href":"https:\/\/www.welovecycling.com\/pl\/wp-json\/wp\/v2\/media?parent=6357"}],"wp:term":[{"taxonomy":"category","embeddable":true,"href":"https:\/\/www.welovecycling.com\/pl\/wp-json\/wp\/v2\/categories?post=6357"},{"taxonomy":"post_tag","embeddable":true,"href":"https:\/\/www.welovecycling.com\/pl\/wp-json\/wp\/v2\/tags?post=6357"},{"taxonomy":"global-categories","embeddable":true,"href":"https:\/\/www.welovecycling.com\/pl\/wp-json\/wp\/v2\/global-categories?post=6357"}],"curies":[{"name":"wp","href":"https:\/\/api.w.org\/{rel}","templated":true}]}}