{"id":6322,"date":"2018-01-05T14:39:18","date_gmt":"2018-01-05T14:39:18","guid":{"rendered":"https:\/\/www.welovecycling.com\/pl\/?p=6322"},"modified":"2018-02-06T12:04:47","modified_gmt":"2018-02-06T12:04:47","slug":"nowy-jednym-kole-czemu","status":"publish","type":"post","link":"https:\/\/www.welovecycling.com\/pl\/2018\/01\/05\/nowy-jednym-kole-czemu\/","title":{"rendered":"W Nowy Rok na jednym kole? Czemu nie!"},"content":{"rendered":"<p><span style=\"font-weight: 400;\">Jeden zrobi\u0142 kolarskie show, drugi przeprowadzi\u0142 niecodzienny trening, a jeszcze inny w 2018 rok zosta\u0142 wniesiony i to dos\u0142ownie. Sprawdzili\u015bmy, w jaki spos\u00f3b sylwestra sp\u0119dzili najlepsi kolarze na \u015bwiecie.<\/span><!--more--><\/p>\n<p><span style=\"font-weight: 400;\">Dla jednych 2017 rok obfitowa\u0142 w wielkie sukcesy i \u017cegnali go ze \u0142z\u0105 w oku. Za to inni w ko\u0144cu odetchn\u0119li z ulg\u0105 i wrzucili kalendarz do kosza, otwieraj\u0105c z wielkimi nadziejami nowy rozdzia\u0142. Jednego mo\u017cemy by\u0107 jednak pewni \u2013 zawodowi kolarze w znacznej cz\u0119\u015bci po\u017cegnali stary i przywitali nowy rok jak zawsze, czyli na dw\u00f3ch ko\u0142ach. Chocia\u017c\u2026<\/span><\/p>\n<p><span style=\"font-weight: 400;\">Peter Sagan z dru\u017cyny Bora-Hansgrohe sylwestrowe \u017cyczenia z\u0142o\u017cy\u0142, je\u017cd\u017c\u0105c na\u2026 jednym kole. Mistrz \u015bwiata udowodni\u0142, \u017ce wcale nie trzeba mie\u0107 dziesi\u0105tek petard hukowych i kilogram\u00f3w sztucznych ogni, by zaprezentowa\u0107 fajne show. Jakie? Rzu\u0107cie okiem:<\/span><\/p>\n<div class=\"embed-controller-wrapper\">\n<blockquote class=\"twitter-tweet\" data-width=\"500\" data-dnt=\"true\">\n<p lang=\"cs\" dir=\"ltr\">Happy new year! \u0160\u0165astn\u00fd nov\u00fd rok! (Music: <a href=\"https:\/\/twitter.com\/dcuttermusic?ref_src=twsrc%5Etfw\">@dcuttermusic<\/a>) <a href=\"https:\/\/twitter.com\/BORAhansgrohe?ref_src=twsrc%5Etfw\">@BORAhansgrohe<\/a> @BORAGmbH <a href=\"https:\/\/twitter.com\/Hansgrohe_PR?ref_src=twsrc%5Etfw\">@Hansgrohe_PR<\/a> <a href=\"https:\/\/twitter.com\/iamspecialized?ref_src=twsrc%5Etfw\">@iamspecialized<\/a> <a href=\"https:\/\/twitter.com\/sportful?ref_src=twsrc%5Etfw\">@sportful<\/a> <a href=\"https:\/\/twitter.com\/ride100percent?ref_src=twsrc%5Etfw\">@ride100percent<\/a> <a href=\"https:\/\/t.co\/P1kedRVxD6\">pic.twitter.com\/P1kedRVxD6<\/a><\/p>\n<p>&mdash; Peter Sagan (@petosagan) <a href=\"https:\/\/twitter.com\/petosagan\/status\/947597422615826432?ref_src=twsrc%5Etfw\">December 31, 2017<\/a><\/p><\/blockquote>\n<p><script async data-src=\"https:\/\/platform.twitter.com\/widgets.js\" charset=\"utf-8\"><\/script><\/div>\n<p><span style=\"font-weight: 400;\">Jeszcze inaczej w 2018 rok wjecha\u0142 Christopher Froome z Team Sky. Zwyci\u0119zca ubieg\u0142orocznego Tour de France urz\u0105dzi\u0142 sobie nietypow\u0105 przeja\u017cd\u017ck\u0119. \u201eKo\u0144cz\u0119 rok powa\u017cnym treningiem si\u0142owym\u201d \u2013 napisa\u0142 Froome na Twitterze i zamie\u015bci\u0142 zdj\u0119cia ze swoim najwi\u0119kszym kibicem, kt\u00f3ry zawsze czeka na niego na mecie Wielkiej P\u0119tli.<\/span><\/p>\n<div class=\"embed-controller-wrapper\">\n<blockquote class=\"twitter-tweet\" data-width=\"500\" data-dnt=\"true\">\n<p lang=\"en\" dir=\"ltr\">Finishing off the year with some serious strength training \ud83d\ude05 Thank you to everyone for the phenomenal support this year! \ud83d\udc9b Happy New Year \ud83c\udf89 <a href=\"https:\/\/t.co\/d3tPyveJPL\">pic.twitter.com\/d3tPyveJPL<\/a><\/p>\n<p>&mdash; Chris Froome (@chrisfroome) <a href=\"https:\/\/twitter.com\/chrisfroome\/status\/947422184368156672?ref_src=twsrc%5Etfw\">December 31, 2017<\/a><\/p><\/blockquote>\n<p><script async data-src=\"https:\/\/platform.twitter.com\/widgets.js\" charset=\"utf-8\"><\/script><\/div>\n<p><span style=\"font-weight: 400;\">Zza kierownicy \u017cyczenia wszystkim fanom z\u0142o\u017cy\u0142 te\u017c Fabio Aru z UAE Team Emirates, ale to by\u0142o co\u015b wi\u0119cej ni\u017c tylko \u201eSzcz\u0119\u015bliwego Nowego Roku\u201d. <\/span><\/p>\n<p><span style=\"font-weight: 400;\">\u201eNie ma lepszego sposobu na rozpocz\u0119cie 2018 ni\u017c przeja\u017cd\u017cka z osob\u0105, kt\u00f3ra \u00a0zarazi\u0142a mnie pasj\u0105 do tego pi\u0119knego sportu\u201d \u2013 napisa\u0142 Aru i opublikowa\u0142 zdj\u0119cie ze wsp\u00f3lnego treningu ze swoim ojcem.<\/span><\/p>\n<p>https:\/\/www.facebook.com\/fabioaruofficialpage\/posts\/1908302972817727<\/p>\n<p><span style=\"font-weight: 400;\"><br \/>\nA jak nowy rok przywita\u0142o polskie \u015brodowisko kolarskie? 1 stycznia Micha\u0142 Kwiatkowski na Twitterze zaprezentowa\u0142 si\u0119 w nowym stroju Team Sky.<\/span><\/p>\n<div class=\"embed-controller-wrapper\">\n<blockquote class=\"twitter-tweet\" data-width=\"500\" data-dnt=\"true\">\n<p lang=\"en\" dir=\"ltr\">Welcome 2018! \ud83d\ude00<a href=\"https:\/\/twitter.com\/hashtag\/Kwiato?src=hash&amp;ref_src=twsrc%5Etfw\">#Kwiato<\/a> <a href=\"https:\/\/twitter.com\/hashtag\/allezKwiato?src=hash&amp;ref_src=twsrc%5Etfw\">#allezKwiato<\/a> <a href=\"https:\/\/twitter.com\/teamsky?ref_src=twsrc%5Etfw\">@TeamSky<\/a> <a href=\"https:\/\/twitter.com\/CastelliCycling?ref_src=twsrc%5Etfw\">@CastelliCycling<\/a> <a href=\"https:\/\/t.co\/4HP2X7WvHm\">pic.twitter.com\/4HP2X7WvHm<\/a><\/p>\n<p>&mdash; Micha\u0142 Kwiatkowski (@kwiato) <a href=\"https:\/\/twitter.com\/kwiato\/status\/947782272303947777?ref_src=twsrc%5Etfw\">January 1, 2018<\/a><\/p><\/blockquote>\n<p><script async data-src=\"https:\/\/platform.twitter.com\/widgets.js\" charset=\"utf-8\"><\/script><\/div>\n<p><span style=\"font-weight: 400;\">Rafa\u0142 Majka og\u0142osi\u0142 \u015bwiatu, \u017ce sezon rozpocznie ju\u017c 21 stycznia w Vuelta a San Juan, a Dariusz Baranowski opublikowa\u0142 zdj\u0119cie z noworocznej przeja\u017cd\u017cki z ma\u0142\u017conk\u0105.<\/span><\/p>\n<p>https:\/\/www.facebook.com\/BaranowskiDarek\/posts\/1497340413649167<\/p>\n<p><span style=\"font-weight: 400;\"><br \/>\nByli jednak te\u017c tacy, kt\u00f3rzy w sylwestrow\u0105 noc zapomnieli o rowerze. No dobrze \u2013 nie wiemy, czy tak do ko\u0144ca zapomnieli, ale w miejscach, w kt\u00f3rych si\u0119 zjawili, kask i rowerowe r\u0119kawiczki wygl\u0105da\u0142yby co najmniej dziwnie. Z urok\u00f3w szampa\u0144skiej zabawy postanowi\u0142 skorzysta\u0107 m.in. Romain Bardet z AG2R. Efekt? Zobaczcie poni\u017cej<\/span><\/p>\n<p>https:\/\/www.instagram.com\/p\/BdX2pwuHdNR\/<\/p>\n<p><span style=\"font-weight: 400;\">Zawodnicy mieli kilka chwil, by zapomnie\u0107 o \u015bciganiu, lecz kolarski \u015bwiat szybko sprowadzi\u0142 ich na ziemi\u0119 i przypomnia\u0142, co w 2018 roku b\u0119dzie najwa\u017cniejsze. Jednak czy zawodnikom i fanom kolarstwa trzeba by\u0142o to przypomina\u0107?<\/span><\/p>\n<div class=\"embed-controller-wrapper\">\n<blockquote class=\"twitter-tweet\" data-width=\"500\" data-dnt=\"true\">\n<p lang=\"fr\" dir=\"ltr\">\ud83c\udf1f\ud83c\udf1f BONNE ANN\u00c9E 2\u20e30\u20e31\u20e38\u20e3 \ud83c\udf1f\ud83c\udf1f<br \/>O\u00f9 serez-vous pour suivre <a href=\"https:\/\/twitter.com\/LeTour?ref_src=twsrc%5Etfw\">@leTour<\/a> en juillet prochain  ? <\/p>\n<p>\ud83c\udf1f\ud83c\udf1f HAPPY NEW YEAR \ud83c\udf1f\ud83c\udf1f<br \/>Where will you be to watch <a href=\"https:\/\/twitter.com\/LeTour?ref_src=twsrc%5Etfw\">@leTour<\/a> next July? <a href=\"https:\/\/twitter.com\/hashtag\/TDF2018?src=hash&amp;ref_src=twsrc%5Etfw\">#TDF2018<\/a> <a href=\"https:\/\/t.co\/sVqb5wfStM\">pic.twitter.com\/sVqb5wfStM<\/a><\/p>\n<p>&mdash; Tour de France\u2122 (@LeTour) <a href=\"https:\/\/twitter.com\/LeTour\/status\/947603781524471808?ref_src=twsrc%5Etfw\">December 31, 2017<\/a><\/p><\/blockquote>\n<p><script async data-src=\"https:\/\/platform.twitter.com\/widgets.js\" charset=\"utf-8\"><\/script><\/div>\n","protected":false},"excerpt":{"rendered":"<p>Jeden zrobi\u0142 kolarskie show, drugi przeprowadzi\u0142 niecodzienny trening, a jeszcze inny w 2018 rok zosta\u0142 wniesiony i to dos\u0142ownie. Sprawdzili\u015bmy, [&hellip;]<\/p>\n","protected":false},"author":76,"featured_media":6324,"comment_status":"open","ping_status":"open","sticky":false,"template":"","format":"standard","meta":{"footnotes":""},"categories":[226],"tags":[41,82],"global-categories":[],"class_list":["post-6322","post","type-post","status-publish","format-standard","has-post-thumbnail","hentry","category-ciekawostki","tag-cycling","tag-welovecycling"],"yoast_head":"<!-- This site is optimized with the Yoast SEO Premium plugin v25.3 (Yoast SEO v25.9) - https:\/\/yoast.com\/wordpress\/plugins\/seo\/ -->\n<title>W Nowy Rok na jednym kole? Czemu nie! - \u0160koda We Love Cycling - Poland<\/title>\n<meta name=\"robots\" content=\"index, follow, max-snippet:-1, max-image-preview:large, max-video-preview:-1\" \/>\n<link rel=\"canonical\" href=\"https:\/\/www.welovecycling.com\/pl\/2018\/01\/05\/nowy-jednym-kole-czemu\/\" \/>\n<meta property=\"og:locale\" content=\"pl_PL\" \/>\n<meta property=\"og:type\" content=\"article\" \/>\n<meta property=\"og:title\" content=\"W Nowy Rok na jednym kole? Czemu nie!\" \/>\n<meta property=\"og:description\" content=\"Jeden zrobi\u0142 kolarskie show, drugi przeprowadzi\u0142 niecodzienny trening, a jeszcze inny w 2018 rok zosta\u0142 wniesiony i to dos\u0142ownie. Sprawdzili\u015bmy, [&hellip;]\" \/>\n<meta property=\"og:url\" content=\"https:\/\/www.welovecycling.com\/pl\/2018\/01\/05\/nowy-jednym-kole-czemu\/\" \/>\n<meta property=\"og:site_name\" content=\"\u0160koda We Love Cycling - Poland\" \/>\n<meta property=\"article:published_time\" content=\"2018-01-05T14:39:18+00:00\" \/>\n<meta property=\"article:modified_time\" content=\"2018-02-06T12:04:47+00:00\" \/>\n<meta property=\"og:image\" content=\"https:\/\/d2p6e6u75xmxt8.cloudfront.net\/5\/2018\/01\/shutterstock_325965245-1-1024x683.jpg\" \/>\n\t<meta property=\"og:image:width\" content=\"1024\" \/>\n\t<meta property=\"og:image:height\" content=\"683\" \/>\n\t<meta property=\"og:image:type\" content=\"image\/jpeg\" \/>\n<meta name=\"author\" content=\"piotrboczkowski\" \/>\n<meta name=\"twitter:card\" content=\"summary_large_image\" \/>\n<meta name=\"twitter:label1\" content=\"Written by\" \/>\n\t<meta name=\"twitter:data1\" content=\"WeLoveCycling\" \/>\n\t<meta name=\"twitter:label2\" content=\"Est. reading time\" \/>\n\t<meta name=\"twitter:data2\" content=\"2 minutes\" \/>\n<script type=\"application\/ld+json\" class=\"yoast-schema-graph\">{\"@context\":\"https:\/\/schema.org\",\"@graph\":[{\"@type\":\"WebPage\",\"@id\":\"https:\/\/www.welovecycling.com\/pl\/2018\/01\/05\/nowy-jednym-kole-czemu\/\",\"url\":\"https:\/\/www.welovecycling.com\/pl\/2018\/01\/05\/nowy-jednym-kole-czemu\/\",\"name\":\"W Nowy Rok na jednym kole? Czemu nie! - \u0160koda We Love Cycling - Poland\",\"isPartOf\":{\"@id\":\"https:\/\/www.welovecycling.com\/pl\/#website\"},\"primaryImageOfPage\":{\"@id\":\"https:\/\/www.welovecycling.com\/pl\/2018\/01\/05\/nowy-jednym-kole-czemu\/#primaryimage\"},\"image\":{\"@id\":\"https:\/\/www.welovecycling.com\/pl\/2018\/01\/05\/nowy-jednym-kole-czemu\/#primaryimage\"},\"thumbnailUrl\":\"https:\/\/d2p6e6u75xmxt8.cloudfront.net\/5\/2018\/01\/shutterstock_325965245-1.jpg\",\"datePublished\":\"2018-01-05T14:39:18+00:00\",\"dateModified\":\"2018-02-06T12:04:47+00:00\",\"author\":{\"@id\":\"https:\/\/www.welovecycling.com\/pl\/#\/schema\/person\/0dba2d39da943db9df3fd8f4687e7f23\"},\"breadcrumb\":{\"@id\":\"https:\/\/www.welovecycling.com\/pl\/2018\/01\/05\/nowy-jednym-kole-czemu\/#breadcrumb\"},\"inLanguage\":\"pl-PL\",\"potentialAction\":[{\"@type\":\"ReadAction\",\"target\":[\"https:\/\/www.welovecycling.com\/pl\/2018\/01\/05\/nowy-jednym-kole-czemu\/\"]}]},{\"@type\":\"ImageObject\",\"inLanguage\":\"pl-PL\",\"@id\":\"https:\/\/www.welovecycling.com\/pl\/2018\/01\/05\/nowy-jednym-kole-czemu\/#primaryimage\",\"url\":\"https:\/\/d2p6e6u75xmxt8.cloudfront.net\/5\/2018\/01\/shutterstock_325965245-1.jpg\",\"contentUrl\":\"https:\/\/d2p6e6u75xmxt8.cloudfront.net\/5\/2018\/01\/shutterstock_325965245-1.jpg\",\"width\":3500,\"height\":2333},{\"@type\":\"BreadcrumbList\",\"@id\":\"https:\/\/www.welovecycling.com\/pl\/2018\/01\/05\/nowy-jednym-kole-czemu\/#breadcrumb\",\"itemListElement\":[{\"@type\":\"ListItem\",\"position\":1,\"name\":\"Home\",\"item\":\"https:\/\/www.welovecycling.com\/pl\/\"},{\"@type\":\"ListItem\",\"position\":2,\"name\":\"W Nowy Rok na jednym kole? Czemu nie!\"}]},{\"@type\":\"WebSite\",\"@id\":\"https:\/\/www.welovecycling.com\/pl\/#website\",\"url\":\"https:\/\/www.welovecycling.com\/pl\/\",\"name\":\"\u0160koda We Love Cycling - Poland\",\"description\":\"\",\"potentialAction\":[{\"@type\":\"SearchAction\",\"target\":{\"@type\":\"EntryPoint\",\"urlTemplate\":\"https:\/\/www.welovecycling.com\/pl\/?s={search_term_string}\"},\"query-input\":{\"@type\":\"PropertyValueSpecification\",\"valueRequired\":true,\"valueName\":\"search_term_string\"}}],\"inLanguage\":\"pl-PL\"},{\"@type\":\"Person\",\"@id\":\"https:\/\/www.welovecycling.com\/pl\/#\/schema\/person\/0dba2d39da943db9df3fd8f4687e7f23\",\"name\":\"piotrboczkowski\",\"image\":{\"@type\":\"ImageObject\",\"inLanguage\":\"pl-PL\",\"@id\":\"https:\/\/www.welovecycling.com\/pl\/#\/schema\/person\/image\/\",\"url\":\"https:\/\/secure.gravatar.com\/avatar\/533caccae14752e03a2ce2d3fd62d1b98b93e1393c3195c27819e53344ca1ace?s=96&d=mm&r=g\",\"contentUrl\":\"https:\/\/secure.gravatar.com\/avatar\/533caccae14752e03a2ce2d3fd62d1b98b93e1393c3195c27819e53344ca1ace?s=96&d=mm&r=g\",\"caption\":\"piotrboczkowski\"},\"url\":\"https:\/\/www.welovecycling.com\/pl\/author\/piotrboczkowski\/\"}]}<\/script>\n<!-- \/ Yoast SEO Premium plugin. -->","yoast_head_json":{"title":"W Nowy Rok na jednym kole? Czemu nie! - \u0160koda We Love Cycling - Poland","robots":{"index":"index","follow":"follow","max-snippet":"max-snippet:-1","max-image-preview":"max-image-preview:large","max-video-preview":"max-video-preview:-1"},"canonical":"https:\/\/www.welovecycling.com\/pl\/2018\/01\/05\/nowy-jednym-kole-czemu\/","og_locale":"pl_PL","og_type":"article","og_title":"W Nowy Rok na jednym kole? Czemu nie!","og_description":"Jeden zrobi\u0142 kolarskie show, drugi przeprowadzi\u0142 niecodzienny trening, a jeszcze inny w 2018 rok zosta\u0142 wniesiony i to dos\u0142ownie. Sprawdzili\u015bmy, [&hellip;]","og_url":"https:\/\/www.welovecycling.com\/pl\/2018\/01\/05\/nowy-jednym-kole-czemu\/","og_site_name":"\u0160koda We Love Cycling - Poland","article_published_time":"2018-01-05T14:39:18+00:00","article_modified_time":"2018-02-06T12:04:47+00:00","og_image":[{"width":1024,"height":683,"url":"https:\/\/d2p6e6u75xmxt8.cloudfront.net\/5\/2018\/01\/shutterstock_325965245-1-1024x683.jpg","type":"image\/jpeg"}],"author":"piotrboczkowski","twitter_card":"summary_large_image","twitter_misc":{"Written by":"WeLoveCycling","Est. reading time":"2 minutes"},"schema":{"@context":"https:\/\/schema.org","@graph":[{"@type":"WebPage","@id":"https:\/\/www.welovecycling.com\/pl\/2018\/01\/05\/nowy-jednym-kole-czemu\/","url":"https:\/\/www.welovecycling.com\/pl\/2018\/01\/05\/nowy-jednym-kole-czemu\/","name":"W Nowy Rok na jednym kole? Czemu nie! - \u0160koda We Love Cycling - Poland","isPartOf":{"@id":"https:\/\/www.welovecycling.com\/pl\/#website"},"primaryImageOfPage":{"@id":"https:\/\/www.welovecycling.com\/pl\/2018\/01\/05\/nowy-jednym-kole-czemu\/#primaryimage"},"image":{"@id":"https:\/\/www.welovecycling.com\/pl\/2018\/01\/05\/nowy-jednym-kole-czemu\/#primaryimage"},"thumbnailUrl":"https:\/\/d2p6e6u75xmxt8.cloudfront.net\/5\/2018\/01\/shutterstock_325965245-1.jpg","datePublished":"2018-01-05T14:39:18+00:00","dateModified":"2018-02-06T12:04:47+00:00","author":{"@id":"https:\/\/www.welovecycling.com\/pl\/#\/schema\/person\/0dba2d39da943db9df3fd8f4687e7f23"},"breadcrumb":{"@id":"https:\/\/www.welovecycling.com\/pl\/2018\/01\/05\/nowy-jednym-kole-czemu\/#breadcrumb"},"inLanguage":"pl-PL","potentialAction":[{"@type":"ReadAction","target":["https:\/\/www.welovecycling.com\/pl\/2018\/01\/05\/nowy-jednym-kole-czemu\/"]}]},{"@type":"ImageObject","inLanguage":"pl-PL","@id":"https:\/\/www.welovecycling.com\/pl\/2018\/01\/05\/nowy-jednym-kole-czemu\/#primaryimage","url":"https:\/\/d2p6e6u75xmxt8.cloudfront.net\/5\/2018\/01\/shutterstock_325965245-1.jpg","contentUrl":"https:\/\/d2p6e6u75xmxt8.cloudfront.net\/5\/2018\/01\/shutterstock_325965245-1.jpg","width":3500,"height":2333},{"@type":"BreadcrumbList","@id":"https:\/\/www.welovecycling.com\/pl\/2018\/01\/05\/nowy-jednym-kole-czemu\/#breadcrumb","itemListElement":[{"@type":"ListItem","position":1,"name":"Home","item":"https:\/\/www.welovecycling.com\/pl\/"},{"@type":"ListItem","position":2,"name":"W Nowy Rok na jednym kole? Czemu nie!"}]},{"@type":"WebSite","@id":"https:\/\/www.welovecycling.com\/pl\/#website","url":"https:\/\/www.welovecycling.com\/pl\/","name":"\u0160koda We Love Cycling - Poland","description":"","potentialAction":[{"@type":"SearchAction","target":{"@type":"EntryPoint","urlTemplate":"https:\/\/www.welovecycling.com\/pl\/?s={search_term_string}"},"query-input":{"@type":"PropertyValueSpecification","valueRequired":true,"valueName":"search_term_string"}}],"inLanguage":"pl-PL"},{"@type":"Person","@id":"https:\/\/www.welovecycling.com\/pl\/#\/schema\/person\/0dba2d39da943db9df3fd8f4687e7f23","name":"piotrboczkowski","image":{"@type":"ImageObject","inLanguage":"pl-PL","@id":"https:\/\/www.welovecycling.com\/pl\/#\/schema\/person\/image\/","url":"https:\/\/secure.gravatar.com\/avatar\/533caccae14752e03a2ce2d3fd62d1b98b93e1393c3195c27819e53344ca1ace?s=96&d=mm&r=g","contentUrl":"https:\/\/secure.gravatar.com\/avatar\/533caccae14752e03a2ce2d3fd62d1b98b93e1393c3195c27819e53344ca1ace?s=96&d=mm&r=g","caption":"piotrboczkowski"},"url":"https:\/\/www.welovecycling.com\/pl\/author\/piotrboczkowski\/"}]}},"_links":{"self":[{"href":"https:\/\/www.welovecycling.com\/pl\/wp-json\/wp\/v2\/posts\/6322","targetHints":{"allow":["GET"]}}],"collection":[{"href":"https:\/\/www.welovecycling.com\/pl\/wp-json\/wp\/v2\/posts"}],"about":[{"href":"https:\/\/www.welovecycling.com\/pl\/wp-json\/wp\/v2\/types\/post"}],"author":[{"embeddable":true,"href":"https:\/\/www.welovecycling.com\/pl\/wp-json\/wp\/v2\/users\/76"}],"replies":[{"embeddable":true,"href":"https:\/\/www.welovecycling.com\/pl\/wp-json\/wp\/v2\/comments?post=6322"}],"version-history":[{"count":2,"href":"https:\/\/www.welovecycling.com\/pl\/wp-json\/wp\/v2\/posts\/6322\/revisions"}],"predecessor-version":[{"id":6341,"href":"https:\/\/www.welovecycling.com\/pl\/wp-json\/wp\/v2\/posts\/6322\/revisions\/6341"}],"wp:featuredmedia":[{"embeddable":true,"href":"https:\/\/www.welovecycling.com\/pl\/wp-json\/wp\/v2\/media\/6324"}],"wp:attachment":[{"href":"https:\/\/www.welovecycling.com\/pl\/wp-json\/wp\/v2\/media?parent=6322"}],"wp:term":[{"taxonomy":"category","embeddable":true,"href":"https:\/\/www.welovecycling.com\/pl\/wp-json\/wp\/v2\/categories?post=6322"},{"taxonomy":"post_tag","embeddable":true,"href":"https:\/\/www.welovecycling.com\/pl\/wp-json\/wp\/v2\/tags?post=6322"},{"taxonomy":"global-categories","embeddable":true,"href":"https:\/\/www.welovecycling.com\/pl\/wp-json\/wp\/v2\/global-categories?post=6322"}],"curies":[{"name":"wp","href":"https:\/\/api.w.org\/{rel}","templated":true}]}}