{"id":6283,"date":"2017-12-28T21:41:40","date_gmt":"2017-12-28T21:41:40","guid":{"rendered":"https:\/\/www.welovecycling.com\/pl\/?p=6283"},"modified":"2018-02-06T12:07:41","modified_gmt":"2018-02-06T12:07:41","slug":"wielka-butelka-wina-wyglupy-przy-kolacji-najlepsi-kolarze-spedzili-swieta","status":"publish","type":"post","link":"https:\/\/www.welovecycling.com\/pl\/2017\/12\/28\/wielka-butelka-wina-wyglupy-przy-kolacji-najlepsi-kolarze-spedzili-swieta\/","title":{"rendered":"Wielka butelka wina, wyg\u0142upy przy kolacji\u2026 Tak najlepsi kolarze sp\u0119dzili \u015bwi\u0119ta"},"content":{"rendered":"<p class=\"p1\"><span class=\"s1\">Chodz\u0105ca choinka przytuli\u0142a elfa, wzi\u0119li ze sob\u0105 5-litrow\u0105 butelk\u0119 wina, r\u0119cznie wykonane ozdoby i przekazali je organizatorom wigilii dla samotnych. A na koniec wszyscy wskoczyli na rowery \u2013 tak m\u00f3g\u0142by wygl\u0105da\u0107 scenariusz filmu opowiadaj\u0105cego o \u015bwi\u0119tach najlepszych kolarzy \u015bwiata. W tym roku Bo\u017ce Narodzenie dla niekt\u00f3rych by\u0142o rzeczywi\u015bcie wyj\u0105tkowe.<\/span><!--more--><\/p>\n<p class=\"p1\"><span class=\"s1\">Wygl\u0105da na to, \u017ce przedni\u0105 zabaw\u0119 mia\u0142a ekipa Team Sky. Podczas gdy w wielu firmach bo\u017conarodzeniowe spotkania sprzyjaj\u0105 wyci\u0105gni\u0119ciu z szaf najbardziej eleganckich ubra\u0144, w Team Sky postanowiono sp\u0119dzi\u0107 czas troch\u0119 inaczej.<\/span><\/p>\n<p class=\"p1\"><span class=\"s1\">Gdyby\u015bcie weszli na ich imprez\u0119, to poczuliby\u015bcie si\u0119 jak na balu karnawa\u0142owym, a nie na wigilii. Kristoffer Halvorsen by\u0142 wielk\u0105 choink\u0105, Be\u00f1at Intxausti w miko\u0142ajowym stroju prezentowa\u0142 zgrabne nogi, a Luke Rowe mia\u0142 gustowny kostium w ba\u0142wanki. W tej sytuacji ksi\u0105\u017c\u0119 Micha\u0142 Kwiatkowski og\u0142osi\u0142 konkurs na naj\u0142adniejsze przebranie. Kto powinien wygra\u0107? Mo\u017cecie oceni\u0107 sami:<\/span><\/p>\n<div class=\"embed-controller-wrapper\">\n<blockquote class=\"twitter-tweet\" data-width=\"500\" data-dnt=\"true\">\n<p lang=\"en\" dir=\"ltr\">Who wins Xmas Best Outfit \ud83c\udfc6? \ud83e\udd23 <a href=\"https:\/\/twitter.com\/teamsky?ref_src=twsrc%5Etfw\">@TeamSky<\/a> <a href=\"https:\/\/t.co\/FRL17qBrLM\">pic.twitter.com\/FRL17qBrLM<\/a><\/p>\n<p>&mdash; Micha\u0142 Kwiatkowski (@kwiato) <a href=\"https:\/\/twitter.com\/kwiato\/status\/942847051171328000?ref_src=twsrc%5Etfw\">December 18, 2017<\/a><\/p><\/blockquote>\n<p><script async data-src=\"https:\/\/platform.twitter.com\/widgets.js\" charset=\"utf-8\"><\/script><\/div>\n<p class=\"p1\"><span class=\"s1\">W pierwszy dzie\u0144 \u015bwi\u0105t Kwiatkowski da\u0142 ju\u017c jednak jasno do zrozumienia, \u017ce kolarzem jest si\u0119 tak\u017ce podczas Bo\u017cego Narodzenia.<\/span><\/p>\n<div class=\"embed-controller-wrapper\">\n<blockquote class=\"twitter-tweet\" data-width=\"500\" data-dnt=\"true\">\n<p lang=\"en\" dir=\"ltr\">Merry Christmas. Stay happy and drive safe \ud83c\udf85\ud83c\udffc\ud83c\udf84\ud83c\udf81\ud83c\udfb5<a href=\"https:\/\/twitter.com\/hashtag\/Kwiato?src=hash&amp;ref_src=twsrc%5Etfw\">#Kwiato<\/a> <a href=\"https:\/\/twitter.com\/hashtag\/instastory?src=hash&amp;ref_src=twsrc%5Etfw\">#instastory<\/a> <a href=\"https:\/\/t.co\/u63kOKxupC\">pic.twitter.com\/u63kOKxupC<\/a><\/p>\n<p>&mdash; Micha\u0142 Kwiatkowski (@kwiato) <a href=\"https:\/\/twitter.com\/kwiato\/status\/945224349933604864?ref_src=twsrc%5Etfw\">December 25, 2017<\/a><\/p><\/blockquote>\n<p><script async data-src=\"https:\/\/platform.twitter.com\/widgets.js\" charset=\"utf-8\"><\/script><\/div>\n<p class=\"p1\"><span class=\"s1\">Mo\u017cna pomy\u015ble\u0107, \u017ce Polak jest nadgorliwym zawodnikiem, ale Kwiatkowski po prostu zrobi\u0142 to, co wielu jego koleg\u00f3w po fachu. <\/span><\/p>\n<p class=\"p1\"><span class=\"s1\">Mark Cavendish oficjalnie ostatni trening z zespo\u0142em przeprowadzi\u0142 19 grudnia. Jednak nawet w Wigili\u0119 Brytyjczyk nie odstawi\u0142 roweru w k\u0105t, tylko kr\u0119ci\u0142 w pi\u0119knych okoliczno\u015bciach przyrody.<\/span><\/p>\n<div class=\"embed-controller-wrapper\">\n<blockquote class=\"twitter-tweet\" data-width=\"500\" data-dnt=\"true\">\n<p lang=\"en\" dir=\"ltr\">This poor Island gets absolutely battered by wind and rain. But even in this weather, I can\u2019t help but stop and take photos. \ud83c\uddee\ud83c\uddf2 <a href=\"https:\/\/twitter.com\/hashtag\/nofilter?src=hash&amp;ref_src=twsrc%5Etfw\">#nofilter<\/a> <a href=\"https:\/\/twitter.com\/hashtag\/isleofman?src=hash&amp;ref_src=twsrc%5Etfw\">#isleofman<\/a> <a href=\"https:\/\/twitter.com\/hashtag\/home?src=hash&amp;ref_src=twsrc%5Etfw\">#home<\/a> <a href=\"https:\/\/t.co\/WrcCwMqmss\">https:\/\/t.co\/WrcCwMqmss<\/a> <a href=\"https:\/\/t.co\/lWPkXgAN5U\">pic.twitter.com\/lWPkXgAN5U<\/a><\/p>\n<p>&mdash; Mark Cavendish (@MarkCavendish) <a href=\"https:\/\/twitter.com\/MarkCavendish\/status\/944969219283791873?ref_src=twsrc%5Etfw\">December 24, 2017<\/a><\/p><\/blockquote>\n<p><script async data-src=\"https:\/\/platform.twitter.com\/widgets.js\" charset=\"utf-8\"><\/script><\/div>\n<p class=\"p1\"><span class=\"s1\">Ale nie ma si\u0119 co dziwi\u0107 zawodowcom, \u017ce ostro trenuj\u0105, skoro za \u015bwi\u0105tecznym sto\u0142em za d\u0142ugo nie wytrzyma\u0142 nawet by\u0142y zawodnik Dariusz Baranowski. Najpierw wraz z urocz\u0105 ma\u0142\u017conk\u0105 z\u0142o\u017cy\u0142 wszystkim \u017cyczenia za po\u015brednictwem Facebooka&#8230;<\/span><\/p>\n<p>https:\/\/www.facebook.com\/BaranowskiDarek\/photos\/a.489659751083910.1073741825.294633347253219\/1489528667763675\/?type=3&#038;theater<\/p>\n<p class=\"p1\"><span class=\"s1\">&#8230;a nast\u0119pnie wskoczy\u0142 na rower i w dwie godziny przejecha\u0142 ponad 60 km.<\/span><\/p>\n<p class=\"p1\"><span class=\"s1\">Okaza\u0142o si\u0119, \u017ce w miko\u0142ajowej czapce do twarzy r\u00f3wnie\u017c Maciejowi Bodnarowi, dla kt\u00f3rego by\u0142y to wyj\u0105tkowe \u015bwi\u0119ta, bo w tym roku jako trzeci Polak w historii wygra\u0142 etap Tour de France.<\/span><\/p>\n<p>https:\/\/www.facebook.com\/maciejbodnarofficial\/posts\/2038157343070334<\/p>\n<p>&nbsp;<\/p>\n<p class=\"p1\"><span class=\"s1\">A skoro ju\u017c jeste\u015bmy przy wielkich zwyci\u0119zcach, to wygl\u0105da na to, \u017ce w tym roku bardzo ciekawie prezentowa\u0142a si\u0119 choinka w domu pa\u0144stwa Sagan\u00f3w. Zw\u0142aszcza \u017ce ozdoby wykonywa\u0142 Peter. Mistrz \u015bwiata w wy\u015bcigu ze startu wsp\u00f3lnego zaprezentowa\u0142 bowiem swoim fanom, w jaki spos\u00f3b przygotowa\u0107\u2026 z\u0142oty medal na choink\u0119.<\/span><\/p>\n<p>https:\/\/twitter.com\/iamspecialized\/status\/943496394790375425<\/p>\n<p class=\"p1\"><span class=\"s1\">Poza tym liderowi ekipy Bora-Hansgrohe chyba nie trzeba by\u0142o \u017cyczy\u0107 weso\u0142ych \u015bwi\u0105t, bo o u\u015bmiech zadba\u0142a jego dru\u017cyna, kt\u00f3ra z okazji Bo\u017cego Narodzenia obdarowywa\u0142a\u2026 5-litrowymi butelkami wina.<\/span><\/p>\n<div class=\"embed-controller-wrapper\">\n<blockquote class=\"twitter-tweet\" data-width=\"500\" data-dnt=\"true\">\n<p lang=\"en\" dir=\"ltr\">Don\u2019t miss the @BORAGmbH <a href=\"https:\/\/twitter.com\/hashtag\/competition?src=hash&amp;ref_src=twsrc%5Etfw\">#competition<\/a> \ud83c\udf7e\ud83c\udf7e<br \/>Win a special <a href=\"https:\/\/twitter.com\/hashtag\/BORA?src=hash&amp;ref_src=twsrc%5Etfw\">#BORA<\/a> 5 litre edition of white wine! <\/p>\n<p>More on our <a href=\"https:\/\/twitter.com\/hashtag\/facebook?src=hash&amp;ref_src=twsrc%5Etfw\">#facebook<\/a> site: <a href=\"https:\/\/t.co\/ZVrGryYsB0\">https:\/\/t.co\/ZVrGryYsB0<\/a> <a href=\"https:\/\/t.co\/G30ZQ1uOT2\">pic.twitter.com\/G30ZQ1uOT2<\/a><\/p>\n<p>&mdash; BORA \u2013 hansgrohe (@BORAhansgrohe) <a href=\"https:\/\/twitter.com\/BORAhansgrohe\/status\/945377468025843713?ref_src=twsrc%5Etfw\">December 25, 2017<\/a><\/p><\/blockquote>\n<p><script async data-src=\"https:\/\/platform.twitter.com\/widgets.js\" charset=\"utf-8\"><\/script><\/div>\n<p class=\"p1\"><span class=\"s1\">Z kolei ostatni\u0105 przed\u015bwi\u0105teczn\u0105 aktywno\u015bci\u0105 Chrisa Froome&#8217;a w mediach spo\u0142eczno\u015bciowych by\u0142o promowanie \u015bwietnej inicjatywy z walijskiego Swansea. Tamtejsi restauratorzy zaprosili samotnych, starszych i potrzebuj\u0105cych na darmowy obiad \u015bwi\u0105teczny po\u0142\u0105czony z rozrywk\u0105, co bardzo spodoba\u0142o si\u0119 zwyci\u0119zcy Tour de France i na Twitterze przekaza\u0142 t\u0119 informacj\u0119 dalej.<\/span><\/p>\n<p class=\"p1\"><span class=\"s1\">Podczas \u015bwi\u0105t okaza\u0142o si\u0119 r\u00f3wnie\u017c, \u017ce pomocnicy Miko\u0142aja na co dzie\u0144 mieszkaj\u0105 w Alpe d\u2019Huez i z okazji Bo\u017cego Narodzenia pozdrowili m.in. fan\u00f3w Tour de France.<\/span><\/p>\n<div class=\"embed-controller-wrapper\">\n<blockquote class=\"twitter-tweet\" data-width=\"500\" data-dnt=\"true\">\n<p lang=\"fr\" dir=\"ltr\">Toute la station de l\u2019<a href=\"https:\/\/twitter.com\/alpedhuez?ref_src=twsrc%5Etfw\">@alpedhuez<\/a> vous souhaite un Joyeux No\u00ebl ! \ud83c\udf85\ud83c\udffb\ud83c\udf81\u2603\ufe0f <a href=\"https:\/\/t.co\/nO6oRpevRy\">pic.twitter.com\/nO6oRpevRy<\/a><\/p>\n<p>&mdash; Alpe d&#39;Huez (@alpedhuez) <a href=\"https:\/\/twitter.com\/alpedhuez\/status\/945225878203756544?ref_src=twsrc%5Etfw\">December 25, 2017<\/a><\/p><\/blockquote>\n<p><script async data-src=\"https:\/\/platform.twitter.com\/widgets.js\" charset=\"utf-8\"><\/script><\/div>\n<p class=\"p1\"><span class=\"s1\">Cho\u0107 teraz niewiele na to nie wskazuje, to w\u0142a\u015bnie tam w 2018 roku zostanie rozegrany jeden z etap\u00f3w Wielkiej P\u0119tli&#8230;<\/span><\/p>\n","protected":false},"excerpt":{"rendered":"<p>Chodz\u0105ca choinka przytuli\u0142a elfa, wzi\u0119li ze sob\u0105 5-litrow\u0105 butelk\u0119 wina, r\u0119cznie wykonane ozdoby i przekazali je organizatorom wigilii dla samotnych. [&hellip;]<\/p>\n","protected":false},"author":76,"featured_media":6285,"comment_status":"open","ping_status":"open","sticky":false,"template":"","format":"standard","meta":{"footnotes":""},"categories":[226],"tags":[86,41,82],"global-categories":[],"class_list":["post-6283","post","type-post","status-publish","format-standard","has-post-thumbnail","hentry","category-ciekawostki","tag-ciekawostki","tag-cycling","tag-welovecycling"],"yoast_head":"<!-- This site is optimized with the Yoast SEO Premium plugin v25.3 (Yoast SEO v25.9) - https:\/\/yoast.com\/wordpress\/plugins\/seo\/ -->\n<title>Wielka butelka wina, wyg\u0142upy przy kolacji\u2026 Tak najlepsi kolarze sp\u0119dzili \u015bwi\u0119ta - \u0160koda We Love Cycling - Poland<\/title>\n<meta name=\"robots\" content=\"index, follow, max-snippet:-1, max-image-preview:large, max-video-preview:-1\" \/>\n<link rel=\"canonical\" href=\"https:\/\/www.welovecycling.com\/pl\/2017\/12\/28\/wielka-butelka-wina-wyglupy-przy-kolacji-najlepsi-kolarze-spedzili-swieta\/\" \/>\n<meta property=\"og:locale\" content=\"pl_PL\" \/>\n<meta property=\"og:type\" content=\"article\" \/>\n<meta property=\"og:title\" content=\"Wielka butelka wina, wyg\u0142upy przy kolacji\u2026 Tak najlepsi kolarze sp\u0119dzili \u015bwi\u0119ta\" \/>\n<meta property=\"og:description\" content=\"Chodz\u0105ca choinka przytuli\u0142a elfa, wzi\u0119li ze sob\u0105 5-litrow\u0105 butelk\u0119 wina, r\u0119cznie wykonane ozdoby i przekazali je organizatorom wigilii dla samotnych. [&hellip;]\" \/>\n<meta property=\"og:url\" content=\"https:\/\/www.welovecycling.com\/pl\/2017\/12\/28\/wielka-butelka-wina-wyglupy-przy-kolacji-najlepsi-kolarze-spedzili-swieta\/\" \/>\n<meta property=\"og:site_name\" content=\"\u0160koda We Love Cycling - Poland\" \/>\n<meta property=\"article:published_time\" content=\"2017-12-28T21:41:40+00:00\" \/>\n<meta property=\"article:modified_time\" content=\"2018-02-06T12:07:41+00:00\" \/>\n<meta property=\"og:image\" content=\"https:\/\/d2p6e6u75xmxt8.cloudfront.net\/5\/2017\/12\/shutterstock_730551892-1024x683.jpg\" \/>\n\t<meta property=\"og:image:width\" content=\"1024\" \/>\n\t<meta property=\"og:image:height\" content=\"683\" \/>\n\t<meta property=\"og:image:type\" content=\"image\/jpeg\" \/>\n<meta name=\"author\" content=\"piotrboczkowski\" \/>\n<meta name=\"twitter:card\" content=\"summary_large_image\" \/>\n<meta name=\"twitter:label1\" content=\"Written by\" \/>\n\t<meta name=\"twitter:data1\" content=\"WeLoveCycling\" \/>\n\t<meta name=\"twitter:label2\" content=\"Est. reading time\" \/>\n\t<meta name=\"twitter:data2\" content=\"3 minutes\" \/>\n<script type=\"application\/ld+json\" class=\"yoast-schema-graph\">{\"@context\":\"https:\/\/schema.org\",\"@graph\":[{\"@type\":\"WebPage\",\"@id\":\"https:\/\/www.welovecycling.com\/pl\/2017\/12\/28\/wielka-butelka-wina-wyglupy-przy-kolacji-najlepsi-kolarze-spedzili-swieta\/\",\"url\":\"https:\/\/www.welovecycling.com\/pl\/2017\/12\/28\/wielka-butelka-wina-wyglupy-przy-kolacji-najlepsi-kolarze-spedzili-swieta\/\",\"name\":\"Wielka butelka wina, wyg\u0142upy przy kolacji\u2026 Tak najlepsi kolarze sp\u0119dzili \u015bwi\u0119ta - \u0160koda We Love Cycling - Poland\",\"isPartOf\":{\"@id\":\"https:\/\/www.welovecycling.com\/pl\/#website\"},\"primaryImageOfPage\":{\"@id\":\"https:\/\/www.welovecycling.com\/pl\/2017\/12\/28\/wielka-butelka-wina-wyglupy-przy-kolacji-najlepsi-kolarze-spedzili-swieta\/#primaryimage\"},\"image\":{\"@id\":\"https:\/\/www.welovecycling.com\/pl\/2017\/12\/28\/wielka-butelka-wina-wyglupy-przy-kolacji-najlepsi-kolarze-spedzili-swieta\/#primaryimage\"},\"thumbnailUrl\":\"https:\/\/d2p6e6u75xmxt8.cloudfront.net\/5\/2017\/12\/shutterstock_730551892.jpg\",\"datePublished\":\"2017-12-28T21:41:40+00:00\",\"dateModified\":\"2018-02-06T12:07:41+00:00\",\"author\":{\"@id\":\"https:\/\/www.welovecycling.com\/pl\/#\/schema\/person\/0dba2d39da943db9df3fd8f4687e7f23\"},\"breadcrumb\":{\"@id\":\"https:\/\/www.welovecycling.com\/pl\/2017\/12\/28\/wielka-butelka-wina-wyglupy-przy-kolacji-najlepsi-kolarze-spedzili-swieta\/#breadcrumb\"},\"inLanguage\":\"pl-PL\",\"potentialAction\":[{\"@type\":\"ReadAction\",\"target\":[\"https:\/\/www.welovecycling.com\/pl\/2017\/12\/28\/wielka-butelka-wina-wyglupy-przy-kolacji-najlepsi-kolarze-spedzili-swieta\/\"]}]},{\"@type\":\"ImageObject\",\"inLanguage\":\"pl-PL\",\"@id\":\"https:\/\/www.welovecycling.com\/pl\/2017\/12\/28\/wielka-butelka-wina-wyglupy-przy-kolacji-najlepsi-kolarze-spedzili-swieta\/#primaryimage\",\"url\":\"https:\/\/d2p6e6u75xmxt8.cloudfront.net\/5\/2017\/12\/shutterstock_730551892.jpg\",\"contentUrl\":\"https:\/\/d2p6e6u75xmxt8.cloudfront.net\/5\/2017\/12\/shutterstock_730551892.jpg\",\"width\":6827,\"height\":4556},{\"@type\":\"BreadcrumbList\",\"@id\":\"https:\/\/www.welovecycling.com\/pl\/2017\/12\/28\/wielka-butelka-wina-wyglupy-przy-kolacji-najlepsi-kolarze-spedzili-swieta\/#breadcrumb\",\"itemListElement\":[{\"@type\":\"ListItem\",\"position\":1,\"name\":\"Home\",\"item\":\"https:\/\/www.welovecycling.com\/pl\/\"},{\"@type\":\"ListItem\",\"position\":2,\"name\":\"Wielka butelka wina, wyg\u0142upy przy kolacji\u2026 Tak najlepsi kolarze sp\u0119dzili \u015bwi\u0119ta\"}]},{\"@type\":\"WebSite\",\"@id\":\"https:\/\/www.welovecycling.com\/pl\/#website\",\"url\":\"https:\/\/www.welovecycling.com\/pl\/\",\"name\":\"\u0160koda We Love Cycling - Poland\",\"description\":\"\",\"potentialAction\":[{\"@type\":\"SearchAction\",\"target\":{\"@type\":\"EntryPoint\",\"urlTemplate\":\"https:\/\/www.welovecycling.com\/pl\/?s={search_term_string}\"},\"query-input\":{\"@type\":\"PropertyValueSpecification\",\"valueRequired\":true,\"valueName\":\"search_term_string\"}}],\"inLanguage\":\"pl-PL\"},{\"@type\":\"Person\",\"@id\":\"https:\/\/www.welovecycling.com\/pl\/#\/schema\/person\/0dba2d39da943db9df3fd8f4687e7f23\",\"name\":\"piotrboczkowski\",\"image\":{\"@type\":\"ImageObject\",\"inLanguage\":\"pl-PL\",\"@id\":\"https:\/\/www.welovecycling.com\/pl\/#\/schema\/person\/image\/\",\"url\":\"https:\/\/secure.gravatar.com\/avatar\/533caccae14752e03a2ce2d3fd62d1b98b93e1393c3195c27819e53344ca1ace?s=96&d=mm&r=g\",\"contentUrl\":\"https:\/\/secure.gravatar.com\/avatar\/533caccae14752e03a2ce2d3fd62d1b98b93e1393c3195c27819e53344ca1ace?s=96&d=mm&r=g\",\"caption\":\"piotrboczkowski\"},\"url\":\"https:\/\/www.welovecycling.com\/pl\/author\/piotrboczkowski\/\"}]}<\/script>\n<!-- \/ Yoast SEO Premium plugin. -->","yoast_head_json":{"title":"Wielka butelka wina, wyg\u0142upy przy kolacji\u2026 Tak najlepsi kolarze sp\u0119dzili \u015bwi\u0119ta - \u0160koda We Love Cycling - Poland","robots":{"index":"index","follow":"follow","max-snippet":"max-snippet:-1","max-image-preview":"max-image-preview:large","max-video-preview":"max-video-preview:-1"},"canonical":"https:\/\/www.welovecycling.com\/pl\/2017\/12\/28\/wielka-butelka-wina-wyglupy-przy-kolacji-najlepsi-kolarze-spedzili-swieta\/","og_locale":"pl_PL","og_type":"article","og_title":"Wielka butelka wina, wyg\u0142upy przy kolacji\u2026 Tak najlepsi kolarze sp\u0119dzili \u015bwi\u0119ta","og_description":"Chodz\u0105ca choinka przytuli\u0142a elfa, wzi\u0119li ze sob\u0105 5-litrow\u0105 butelk\u0119 wina, r\u0119cznie wykonane ozdoby i przekazali je organizatorom wigilii dla samotnych. [&hellip;]","og_url":"https:\/\/www.welovecycling.com\/pl\/2017\/12\/28\/wielka-butelka-wina-wyglupy-przy-kolacji-najlepsi-kolarze-spedzili-swieta\/","og_site_name":"\u0160koda We Love Cycling - Poland","article_published_time":"2017-12-28T21:41:40+00:00","article_modified_time":"2018-02-06T12:07:41+00:00","og_image":[{"width":1024,"height":683,"url":"https:\/\/d2p6e6u75xmxt8.cloudfront.net\/5\/2017\/12\/shutterstock_730551892-1024x683.jpg","type":"image\/jpeg"}],"author":"piotrboczkowski","twitter_card":"summary_large_image","twitter_misc":{"Written by":"WeLoveCycling","Est. reading time":"3 minutes"},"schema":{"@context":"https:\/\/schema.org","@graph":[{"@type":"WebPage","@id":"https:\/\/www.welovecycling.com\/pl\/2017\/12\/28\/wielka-butelka-wina-wyglupy-przy-kolacji-najlepsi-kolarze-spedzili-swieta\/","url":"https:\/\/www.welovecycling.com\/pl\/2017\/12\/28\/wielka-butelka-wina-wyglupy-przy-kolacji-najlepsi-kolarze-spedzili-swieta\/","name":"Wielka butelka wina, wyg\u0142upy przy kolacji\u2026 Tak najlepsi kolarze sp\u0119dzili \u015bwi\u0119ta - \u0160koda We Love Cycling - Poland","isPartOf":{"@id":"https:\/\/www.welovecycling.com\/pl\/#website"},"primaryImageOfPage":{"@id":"https:\/\/www.welovecycling.com\/pl\/2017\/12\/28\/wielka-butelka-wina-wyglupy-przy-kolacji-najlepsi-kolarze-spedzili-swieta\/#primaryimage"},"image":{"@id":"https:\/\/www.welovecycling.com\/pl\/2017\/12\/28\/wielka-butelka-wina-wyglupy-przy-kolacji-najlepsi-kolarze-spedzili-swieta\/#primaryimage"},"thumbnailUrl":"https:\/\/d2p6e6u75xmxt8.cloudfront.net\/5\/2017\/12\/shutterstock_730551892.jpg","datePublished":"2017-12-28T21:41:40+00:00","dateModified":"2018-02-06T12:07:41+00:00","author":{"@id":"https:\/\/www.welovecycling.com\/pl\/#\/schema\/person\/0dba2d39da943db9df3fd8f4687e7f23"},"breadcrumb":{"@id":"https:\/\/www.welovecycling.com\/pl\/2017\/12\/28\/wielka-butelka-wina-wyglupy-przy-kolacji-najlepsi-kolarze-spedzili-swieta\/#breadcrumb"},"inLanguage":"pl-PL","potentialAction":[{"@type":"ReadAction","target":["https:\/\/www.welovecycling.com\/pl\/2017\/12\/28\/wielka-butelka-wina-wyglupy-przy-kolacji-najlepsi-kolarze-spedzili-swieta\/"]}]},{"@type":"ImageObject","inLanguage":"pl-PL","@id":"https:\/\/www.welovecycling.com\/pl\/2017\/12\/28\/wielka-butelka-wina-wyglupy-przy-kolacji-najlepsi-kolarze-spedzili-swieta\/#primaryimage","url":"https:\/\/d2p6e6u75xmxt8.cloudfront.net\/5\/2017\/12\/shutterstock_730551892.jpg","contentUrl":"https:\/\/d2p6e6u75xmxt8.cloudfront.net\/5\/2017\/12\/shutterstock_730551892.jpg","width":6827,"height":4556},{"@type":"BreadcrumbList","@id":"https:\/\/www.welovecycling.com\/pl\/2017\/12\/28\/wielka-butelka-wina-wyglupy-przy-kolacji-najlepsi-kolarze-spedzili-swieta\/#breadcrumb","itemListElement":[{"@type":"ListItem","position":1,"name":"Home","item":"https:\/\/www.welovecycling.com\/pl\/"},{"@type":"ListItem","position":2,"name":"Wielka butelka wina, wyg\u0142upy przy kolacji\u2026 Tak najlepsi kolarze sp\u0119dzili \u015bwi\u0119ta"}]},{"@type":"WebSite","@id":"https:\/\/www.welovecycling.com\/pl\/#website","url":"https:\/\/www.welovecycling.com\/pl\/","name":"\u0160koda We Love Cycling - Poland","description":"","potentialAction":[{"@type":"SearchAction","target":{"@type":"EntryPoint","urlTemplate":"https:\/\/www.welovecycling.com\/pl\/?s={search_term_string}"},"query-input":{"@type":"PropertyValueSpecification","valueRequired":true,"valueName":"search_term_string"}}],"inLanguage":"pl-PL"},{"@type":"Person","@id":"https:\/\/www.welovecycling.com\/pl\/#\/schema\/person\/0dba2d39da943db9df3fd8f4687e7f23","name":"piotrboczkowski","image":{"@type":"ImageObject","inLanguage":"pl-PL","@id":"https:\/\/www.welovecycling.com\/pl\/#\/schema\/person\/image\/","url":"https:\/\/secure.gravatar.com\/avatar\/533caccae14752e03a2ce2d3fd62d1b98b93e1393c3195c27819e53344ca1ace?s=96&d=mm&r=g","contentUrl":"https:\/\/secure.gravatar.com\/avatar\/533caccae14752e03a2ce2d3fd62d1b98b93e1393c3195c27819e53344ca1ace?s=96&d=mm&r=g","caption":"piotrboczkowski"},"url":"https:\/\/www.welovecycling.com\/pl\/author\/piotrboczkowski\/"}]}},"_links":{"self":[{"href":"https:\/\/www.welovecycling.com\/pl\/wp-json\/wp\/v2\/posts\/6283","targetHints":{"allow":["GET"]}}],"collection":[{"href":"https:\/\/www.welovecycling.com\/pl\/wp-json\/wp\/v2\/posts"}],"about":[{"href":"https:\/\/www.welovecycling.com\/pl\/wp-json\/wp\/v2\/types\/post"}],"author":[{"embeddable":true,"href":"https:\/\/www.welovecycling.com\/pl\/wp-json\/wp\/v2\/users\/76"}],"replies":[{"embeddable":true,"href":"https:\/\/www.welovecycling.com\/pl\/wp-json\/wp\/v2\/comments?post=6283"}],"version-history":[{"count":2,"href":"https:\/\/www.welovecycling.com\/pl\/wp-json\/wp\/v2\/posts\/6283\/revisions"}],"predecessor-version":[{"id":6344,"href":"https:\/\/www.welovecycling.com\/pl\/wp-json\/wp\/v2\/posts\/6283\/revisions\/6344"}],"wp:featuredmedia":[{"embeddable":true,"href":"https:\/\/www.welovecycling.com\/pl\/wp-json\/wp\/v2\/media\/6285"}],"wp:attachment":[{"href":"https:\/\/www.welovecycling.com\/pl\/wp-json\/wp\/v2\/media?parent=6283"}],"wp:term":[{"taxonomy":"category","embeddable":true,"href":"https:\/\/www.welovecycling.com\/pl\/wp-json\/wp\/v2\/categories?post=6283"},{"taxonomy":"post_tag","embeddable":true,"href":"https:\/\/www.welovecycling.com\/pl\/wp-json\/wp\/v2\/tags?post=6283"},{"taxonomy":"global-categories","embeddable":true,"href":"https:\/\/www.welovecycling.com\/pl\/wp-json\/wp\/v2\/global-categories?post=6283"}],"curies":[{"name":"wp","href":"https:\/\/api.w.org\/{rel}","templated":true}]}}