{"id":6239,"date":"2018-01-04T07:40:43","date_gmt":"2018-01-04T07:40:43","guid":{"rendered":"https:\/\/www.welovecycling.com\/pl\/?p=6239"},"modified":"2018-02-06T12:05:49","modified_gmt":"2018-02-06T12:05:49","slug":"niezbedne-elementy-wyposazenia-zimowego-cyklisty","status":"publish","type":"post","link":"https:\/\/www.welovecycling.com\/pl\/2018\/01\/04\/niezbedne-elementy-wyposazenia-zimowego-cyklisty\/","title":{"rendered":"Niezb\u0119dne elementy wyposa\u017cenia zimowego cyklisty"},"content":{"rendered":"<p><strong>Na dworze ch\u0142\u00f3d, a zatem czas na zakup zimowego sprz\u0119tu. Oto kilka wybranych przez nas propozycji, kt\u00f3re pomog\u0105 Ci przetrwa\u0107 zimowy sezon i unikn\u0105\u0107 wym\u00f3wek od treningu.<\/strong><br \/>\n<!--more--><\/p>\n<h2><b>Zimowy komin na rower firmy Rapha<\/b><\/h2>\n<p><span style=\"font-weight: 400;\">Ten <a href=\"https:\/\/www.rapha.cc\/no\/en\/shop\/winter-collar\/product\/WCL04XXBURXXX\">skromny z pozoru przedmiot<\/a> to luksus w przyst\u0119pnej cenie. Oczywi\u015bcie zimowy komin mo\u017cna kupi\u0107 i za 15 z\u0142otych, ale czy b\u0119dzie wtedy wykonany z oddychaj\u0105cej we\u0142ny merynosa, tak jak w przypadku propozycji firmy Rapha? Mi\u0119kki, \u0142atwy do dopasowania, w eleganckim kolorze szaro\u015bci.<\/span><\/p>\n<p><a href=\"https:\/\/d2p6e6u75xmxt8.cloudfront.net\/5\/2017\/12\/WCL01-WinterCollar_Front-075366-1.jpg\"><img loading=\"lazy\" decoding=\"async\" class=\"alignnone size-full wp-image-6240\" src=\"https:\/\/d2p6e6u75xmxt8.cloudfront.net\/5\/2017\/12\/WCL01-WinterCollar_Front-075366-1.jpg\" alt=\"\" width=\"512\" height=\"512\" srcset=\"https:\/\/d2p6e6u75xmxt8.cloudfront.net\/5\/2017\/12\/WCL01-WinterCollar_Front-075366-1.jpg 512w, https:\/\/d2p6e6u75xmxt8.cloudfront.net\/5\/2017\/12\/WCL01-WinterCollar_Front-075366-1-150x150.jpg 150w, https:\/\/d2p6e6u75xmxt8.cloudfront.net\/5\/2017\/12\/WCL01-WinterCollar_Front-075366-1-300x300.jpg 300w\" sizes=\"auto, (max-width: 512px) 100vw, 512px\" \/><\/a><\/p>\n<p><span style=\"font-weight: 400;\">Tak jak w przypadku wi\u0119kszo\u015bci produkt\u00f3w z miejskiej kolekcji Rapha, tak\u017ce ten przyda Ci si\u0119 nie tylko na rowerze. Gama kolor\u00f3w zosta\u0142a specjalnie dobrana tak, by pasowa\u0107 do wielu stylizacji. Idealny dla miejskich rowerzyst\u00f3w, kt\u00f3rym zdarza si\u0119 trafi\u0107 z pracy prostu do klubu.<\/span><\/p>\n<h2><strong>John Lewis, sk\u00f3rzane damskie r\u0119kawiczki<\/strong><\/h2>\n<p><span style=\"font-weight: 400;\">Te <a href=\"https:\/\/www.johnlewis.com\/john-lewis-leather-fleece-lined-gloves\/p3274162?colour=Claret\">wszechstronne<\/a>, ciep\u0142e r\u0119kawiczki chroni\u0105 przed wiatrem i wilgoci\u0105. Sk\u00f3ra zapewnia dobry chwyt na r\u0105czkach roweru oraz hamulcach, daj\u0105c Ci kontrol\u0119 i pewno\u015b\u0107 podczas jazdy po mie\u015bcie.<\/span><\/p>\n<p><a href=\"https:\/\/d2p6e6u75xmxt8.cloudfront.net\/5\/2017\/12\/003125081.jpg\"><img loading=\"lazy\" decoding=\"async\" class=\"alignnone size-full wp-image-6242\" src=\"https:\/\/d2p6e6u75xmxt8.cloudfront.net\/5\/2017\/12\/003125081.jpg\" alt=\"\" width=\"475\" height=\"475\" srcset=\"https:\/\/d2p6e6u75xmxt8.cloudfront.net\/5\/2017\/12\/003125081.jpg 475w, https:\/\/d2p6e6u75xmxt8.cloudfront.net\/5\/2017\/12\/003125081-150x150.jpg 150w, https:\/\/d2p6e6u75xmxt8.cloudfront.net\/5\/2017\/12\/003125081-300x300.jpg 300w\" sizes=\"auto, (max-width: 475px) 100vw, 475px\" \/><\/a><\/p>\n<p><span style=\"font-weight: 400;\">Zaparkuj sw\u00f3j rower i wejd\u017a do biura. Twoje r\u0119kawiczki nie zdradz\u0105, \u017ce w\u0142a\u015bnie zsiad\u0142a\u015b z roweru. Bogaty wyb\u00f3r kolor\u00f3w zawstydzi\u0142by nawet Rapha. Sk\u00f3rzane r\u0119kawiczki to zakup na lata. Ich rozs\u0105dna cena i doskona\u0142a jako\u015b\u0107 sk\u0142aniaj\u0105 do zakupu wi\u0119cej ni\u017c jednej pary.<\/span><\/p>\n<h2><strong>Meaco Platinum, osuszacz<\/strong><\/h2>\n<p><span style=\"font-weight: 400;\">Wyobra\u017a sobie tak\u0105 sytuacj\u0119: wracasz do domu na rowerze, na dworze zimno, a po twarzy przez ca\u0142\u0105 drog\u0119 smaga Ci\u0119 deszcz. Walka z \u017cywio\u0142em to wspania\u0142e uczucie i kiedy docierasz w ko\u0144cu do mieszkania, czujesz si\u0119 jak prawdziwy mistrz. Rozwieszasz swoje mokre ubrania i wskakujesz w ciep\u0142y, suchy dres.<\/span><\/p>\n<p><a href=\"https:\/\/d2p6e6u75xmxt8.cloudfront.net\/5\/2017\/12\/232830523.jpg\"><img loading=\"lazy\" decoding=\"async\" class=\"alignnone size-full wp-image-6244\" src=\"https:\/\/d2p6e6u75xmxt8.cloudfront.net\/5\/2017\/12\/232830523.jpg\" alt=\"\" width=\"475\" height=\"475\" srcset=\"https:\/\/d2p6e6u75xmxt8.cloudfront.net\/5\/2017\/12\/232830523.jpg 475w, https:\/\/d2p6e6u75xmxt8.cloudfront.net\/5\/2017\/12\/232830523-150x150.jpg 150w, https:\/\/d2p6e6u75xmxt8.cloudfront.net\/5\/2017\/12\/232830523-300x300.jpg 300w\" sizes=\"auto, (max-width: 475px) 100vw, 475px\" \/><\/a><\/p>\n<p><span style=\"font-weight: 400;\">Przygotowuj\u0105c si\u0119 do porannej drogi do pracy, nagle zdajesz sobie spraw\u0119, \u017ce Twoje najlepsze ubrania s\u0105 nadal mokre. Nie masz jednak ju\u017c wyboru. Zak\u0142adasz je i prawie umierasz z szoku przy spotkaniu z ch\u0142odnym, porannym powietrzem. Rozwi\u0105zanie? Zadbaj o siebie i zainwestuj w osuszacz, kt\u00f3ry przez noc wysuszy Twoje buty, nak\u0142adki, kurtk\u0119, r\u0119kawiczki i ocieplacze na nogi. <\/span><\/p>\n<h2><strong>Plecak Berghaus Freeflow Rucksack i pokrowiec na plecak Proviz<\/strong><\/h2>\n<p><span style=\"font-weight: 400;\">Kiedy zeskakuj\u0119 w zimie z roweru, jak najszybciej chc\u0119 znale\u017a\u0107 si\u0119 w domu. I chocia\u017c je\u017cd\u017cenie z plecakiem jest wygodne, nawet przy najmniejszym wysi\u0142ku poc\u0105 mi si\u0119 od niego plecy. Mo\u017cna tego unikn\u0105\u0107 z kolekcj\u0105 plecak\u00f3w Freeflow, kt\u00f3rych wygi\u0119cie utrzymuje ty\u0142 plecaka z dala od plec\u00f3w i pozwala na swobodny przep\u0142yw powietrza.<\/span><\/p>\n<p><a href=\"https:\/\/d2p6e6u75xmxt8.cloudfront.net\/5\/2017\/12\/4-22003BP6-b.jpg\"><img loading=\"lazy\" decoding=\"async\" class=\"alignnone size-full wp-image-6246\" src=\"https:\/\/d2p6e6u75xmxt8.cloudfront.net\/5\/2017\/12\/4-22003BP6-b.jpg\" alt=\"\" width=\"620\" height=\"827\" srcset=\"https:\/\/d2p6e6u75xmxt8.cloudfront.net\/5\/2017\/12\/4-22003BP6-b.jpg 620w, https:\/\/d2p6e6u75xmxt8.cloudfront.net\/5\/2017\/12\/4-22003BP6-b-225x300.jpg 225w\" sizes=\"auto, (max-width: 620px) 100vw, 620px\" \/><\/a><\/p>\n<p><span style=\"font-weight: 400;\">Jedyny minus tego produktu to brak element\u00f3w odblaskowych dla rowerzyst\u00f3w, dlatego warto wzi\u0105\u0107 pod uwag\u0119 <a href=\"https:\/\/www.evanscycles.com\/proviz-rucksack-cover-reflect-360-EV230918\">zakup pokrowca<\/a> na plecak firmy Proviz. Zapewni on nie tylko dodatkow\u0105 warstw\u0119 ochrony przed warunkami pogodowymi, lecz tak\u017ce modny wygl\u0105d i bardzo dobr\u0105 widoczno\u015b\u0107 w nocy. To m\u00f3j nowy ulubiony produkt firmy Proviz.<\/span><\/p>\n<h2><strong>SKS Raceblade Pro, \u00a345<\/strong><\/h2>\n<p><span style=\"font-weight: 400;\">Nie wa\u017cne, czy jeste\u015b od st\u00f3p do g\u0142\u00f3w ubrany w zimowe ciuchy z merynosa firmy Rapha, czy masz na sobie str\u00f3j rowerowy Twojego teamu z 2010 roku, na pewno nie chcesz, \u017ceby po ulewie zachlapa\u0142y je brud i b\u0142oto. Aby unikn\u0105\u0107 \u017cenuj\u0105cego pasa b\u0142ota na plecach, zafunduj sobie porz\u0105dny <a href=\"http:\/\/www.halfords.com\/cycling\/bike-parts\/mudguards\/sks-raceblade-pro-black?_br_psugg_q=mudguards\">b\u0142otnik.<\/a><\/span><\/p>\n<p><a href=\"https:\/\/d2p6e6u75xmxt8.cloudfront.net\/5\/2017\/12\/484848151.JPG.jpg\"><img loading=\"lazy\" decoding=\"async\" class=\"alignnone size-full wp-image-6248\" src=\"https:\/\/d2p6e6u75xmxt8.cloudfront.net\/5\/2017\/12\/484848151.JPG.jpg\" alt=\"\" width=\"629\" height=\"394\" srcset=\"https:\/\/d2p6e6u75xmxt8.cloudfront.net\/5\/2017\/12\/484848151.JPG.jpg 629w, https:\/\/d2p6e6u75xmxt8.cloudfront.net\/5\/2017\/12\/484848151.JPG-300x188.jpg 300w\" sizes=\"auto, (max-width: 629px) 100vw, 629px\" \/><\/a><\/p>\n<p><span style=\"font-weight: 400;\">Szczeg\u00f3lnie przyda Ci si\u0119 on w zimie, bo w ko\u0144cu kto chce jecha\u0107 do pracy rowerem, czuj\u0105c si\u0119 tak, jakby kto\u015b la\u0142 mu na plecy zimn\u0105 wod\u0119 ze szlaucha. Ci\u0119\u017cko patrze\u0107 w oczy szefowi i zachowa\u0107 u\u015bmiech na twarzy, kiedy czujesz, \u017ce masz odmarzni\u0119te plecy.<\/span><\/p>\n","protected":false},"excerpt":{"rendered":"<p>Na dworze ch\u0142\u00f3d, a zatem czas na zakup zimowego sprz\u0119tu. Oto kilka wybranych przez nas propozycji, kt\u00f3re pomog\u0105 Ci przetrwa\u0107 [&hellip;]<\/p>\n","protected":false},"author":76,"featured_media":6250,"comment_status":"open","ping_status":"open","sticky":false,"template":"","format":"standard","meta":{"footnotes":""},"categories":[4],"tags":[208,96,82],"global-categories":[],"class_list":["post-6239","post","type-post","status-publish","format-standard","has-post-thumbnail","hentry","category-zdrowie-i-trening","tag-gadzety","tag-jazda-miejska","tag-welovecycling"],"yoast_head":"<!-- This site is optimized with the Yoast SEO Premium plugin v25.3 (Yoast SEO v25.9) - https:\/\/yoast.com\/wordpress\/plugins\/seo\/ -->\n<title>Niezb\u0119dne elementy wyposa\u017cenia zimowego cyklisty - \u0160koda We Love Cycling - Poland<\/title>\n<meta name=\"robots\" content=\"index, follow, max-snippet:-1, max-image-preview:large, max-video-preview:-1\" \/>\n<link rel=\"canonical\" href=\"https:\/\/www.welovecycling.com\/pl\/2018\/01\/04\/niezbedne-elementy-wyposazenia-zimowego-cyklisty\/\" \/>\n<meta property=\"og:locale\" content=\"pl_PL\" \/>\n<meta property=\"og:type\" content=\"article\" \/>\n<meta property=\"og:title\" content=\"Niezb\u0119dne elementy wyposa\u017cenia zimowego cyklisty\" \/>\n<meta property=\"og:description\" content=\"Na dworze ch\u0142\u00f3d, a zatem czas na zakup zimowego sprz\u0119tu. Oto kilka wybranych przez nas propozycji, kt\u00f3re pomog\u0105 Ci przetrwa\u0107 [&hellip;]\" \/>\n<meta property=\"og:url\" content=\"https:\/\/www.welovecycling.com\/pl\/2018\/01\/04\/niezbedne-elementy-wyposazenia-zimowego-cyklisty\/\" \/>\n<meta property=\"og:site_name\" content=\"\u0160koda We Love Cycling - Poland\" \/>\n<meta property=\"article:published_time\" content=\"2018-01-04T07:40:43+00:00\" \/>\n<meta property=\"article:modified_time\" content=\"2018-02-06T12:05:49+00:00\" \/>\n<meta property=\"og:image\" content=\"https:\/\/d2p6e6u75xmxt8.cloudfront.net\/5\/2017\/12\/profimedia-0102812358-1.jpg\" \/>\n\t<meta property=\"og:image:width\" content=\"1366\" \/>\n\t<meta property=\"og:image:height\" content=\"600\" \/>\n\t<meta property=\"og:image:type\" content=\"image\/jpeg\" \/>\n<meta name=\"author\" content=\"piotrboczkowski\" \/>\n<meta name=\"twitter:card\" content=\"summary_large_image\" \/>\n<meta name=\"twitter:label1\" content=\"Written by\" \/>\n\t<meta name=\"twitter:data1\" content=\"Christopher Ashley\" \/>\n\t<meta name=\"twitter:label2\" content=\"Est. reading time\" \/>\n\t<meta name=\"twitter:data2\" content=\"3 minutes\" \/>\n<script type=\"application\/ld+json\" class=\"yoast-schema-graph\">{\"@context\":\"https:\/\/schema.org\",\"@graph\":[{\"@type\":\"WebPage\",\"@id\":\"https:\/\/www.welovecycling.com\/pl\/2018\/01\/04\/niezbedne-elementy-wyposazenia-zimowego-cyklisty\/\",\"url\":\"https:\/\/www.welovecycling.com\/pl\/2018\/01\/04\/niezbedne-elementy-wyposazenia-zimowego-cyklisty\/\",\"name\":\"Niezb\u0119dne elementy wyposa\u017cenia zimowego cyklisty - \u0160koda We Love Cycling - Poland\",\"isPartOf\":{\"@id\":\"https:\/\/www.welovecycling.com\/pl\/#website\"},\"primaryImageOfPage\":{\"@id\":\"https:\/\/www.welovecycling.com\/pl\/2018\/01\/04\/niezbedne-elementy-wyposazenia-zimowego-cyklisty\/#primaryimage\"},\"image\":{\"@id\":\"https:\/\/www.welovecycling.com\/pl\/2018\/01\/04\/niezbedne-elementy-wyposazenia-zimowego-cyklisty\/#primaryimage\"},\"thumbnailUrl\":\"https:\/\/d2p6e6u75xmxt8.cloudfront.net\/5\/2017\/12\/profimedia-0102812358-1.jpg\",\"datePublished\":\"2018-01-04T07:40:43+00:00\",\"dateModified\":\"2018-02-06T12:05:49+00:00\",\"author\":{\"@id\":\"https:\/\/www.welovecycling.com\/pl\/#\/schema\/person\/0dba2d39da943db9df3fd8f4687e7f23\"},\"breadcrumb\":{\"@id\":\"https:\/\/www.welovecycling.com\/pl\/2018\/01\/04\/niezbedne-elementy-wyposazenia-zimowego-cyklisty\/#breadcrumb\"},\"inLanguage\":\"pl-PL\",\"potentialAction\":[{\"@type\":\"ReadAction\",\"target\":[\"https:\/\/www.welovecycling.com\/pl\/2018\/01\/04\/niezbedne-elementy-wyposazenia-zimowego-cyklisty\/\"]}]},{\"@type\":\"ImageObject\",\"inLanguage\":\"pl-PL\",\"@id\":\"https:\/\/www.welovecycling.com\/pl\/2018\/01\/04\/niezbedne-elementy-wyposazenia-zimowego-cyklisty\/#primaryimage\",\"url\":\"https:\/\/d2p6e6u75xmxt8.cloudfront.net\/5\/2017\/12\/profimedia-0102812358-1.jpg\",\"contentUrl\":\"https:\/\/d2p6e6u75xmxt8.cloudfront.net\/5\/2017\/12\/profimedia-0102812358-1.jpg\",\"width\":1366,\"height\":600},{\"@type\":\"BreadcrumbList\",\"@id\":\"https:\/\/www.welovecycling.com\/pl\/2018\/01\/04\/niezbedne-elementy-wyposazenia-zimowego-cyklisty\/#breadcrumb\",\"itemListElement\":[{\"@type\":\"ListItem\",\"position\":1,\"name\":\"Home\",\"item\":\"https:\/\/www.welovecycling.com\/pl\/\"},{\"@type\":\"ListItem\",\"position\":2,\"name\":\"Niezb\u0119dne elementy wyposa\u017cenia zimowego cyklisty\"}]},{\"@type\":\"WebSite\",\"@id\":\"https:\/\/www.welovecycling.com\/pl\/#website\",\"url\":\"https:\/\/www.welovecycling.com\/pl\/\",\"name\":\"\u0160koda We Love Cycling - Poland\",\"description\":\"\",\"potentialAction\":[{\"@type\":\"SearchAction\",\"target\":{\"@type\":\"EntryPoint\",\"urlTemplate\":\"https:\/\/www.welovecycling.com\/pl\/?s={search_term_string}\"},\"query-input\":{\"@type\":\"PropertyValueSpecification\",\"valueRequired\":true,\"valueName\":\"search_term_string\"}}],\"inLanguage\":\"pl-PL\"},{\"@type\":\"Person\",\"@id\":\"https:\/\/www.welovecycling.com\/pl\/#\/schema\/person\/0dba2d39da943db9df3fd8f4687e7f23\",\"name\":\"piotrboczkowski\",\"image\":{\"@type\":\"ImageObject\",\"inLanguage\":\"pl-PL\",\"@id\":\"https:\/\/www.welovecycling.com\/pl\/#\/schema\/person\/image\/\",\"url\":\"https:\/\/secure.gravatar.com\/avatar\/533caccae14752e03a2ce2d3fd62d1b98b93e1393c3195c27819e53344ca1ace?s=96&d=mm&r=g\",\"contentUrl\":\"https:\/\/secure.gravatar.com\/avatar\/533caccae14752e03a2ce2d3fd62d1b98b93e1393c3195c27819e53344ca1ace?s=96&d=mm&r=g\",\"caption\":\"piotrboczkowski\"},\"url\":\"https:\/\/www.welovecycling.com\/pl\/author\/piotrboczkowski\/\"}]}<\/script>\n<!-- \/ Yoast SEO Premium plugin. -->","yoast_head_json":{"title":"Niezb\u0119dne elementy wyposa\u017cenia zimowego cyklisty - \u0160koda We Love Cycling - Poland","robots":{"index":"index","follow":"follow","max-snippet":"max-snippet:-1","max-image-preview":"max-image-preview:large","max-video-preview":"max-video-preview:-1"},"canonical":"https:\/\/www.welovecycling.com\/pl\/2018\/01\/04\/niezbedne-elementy-wyposazenia-zimowego-cyklisty\/","og_locale":"pl_PL","og_type":"article","og_title":"Niezb\u0119dne elementy wyposa\u017cenia zimowego cyklisty","og_description":"Na dworze ch\u0142\u00f3d, a zatem czas na zakup zimowego sprz\u0119tu. Oto kilka wybranych przez nas propozycji, kt\u00f3re pomog\u0105 Ci przetrwa\u0107 [&hellip;]","og_url":"https:\/\/www.welovecycling.com\/pl\/2018\/01\/04\/niezbedne-elementy-wyposazenia-zimowego-cyklisty\/","og_site_name":"\u0160koda We Love Cycling - Poland","article_published_time":"2018-01-04T07:40:43+00:00","article_modified_time":"2018-02-06T12:05:49+00:00","og_image":[{"width":1366,"height":600,"url":"https:\/\/d2p6e6u75xmxt8.cloudfront.net\/5\/2017\/12\/profimedia-0102812358-1.jpg","type":"image\/jpeg"}],"author":"piotrboczkowski","twitter_card":"summary_large_image","twitter_misc":{"Written by":"Christopher Ashley","Est. reading time":"3 minutes"},"schema":{"@context":"https:\/\/schema.org","@graph":[{"@type":"WebPage","@id":"https:\/\/www.welovecycling.com\/pl\/2018\/01\/04\/niezbedne-elementy-wyposazenia-zimowego-cyklisty\/","url":"https:\/\/www.welovecycling.com\/pl\/2018\/01\/04\/niezbedne-elementy-wyposazenia-zimowego-cyklisty\/","name":"Niezb\u0119dne elementy wyposa\u017cenia zimowego cyklisty - \u0160koda We Love Cycling - Poland","isPartOf":{"@id":"https:\/\/www.welovecycling.com\/pl\/#website"},"primaryImageOfPage":{"@id":"https:\/\/www.welovecycling.com\/pl\/2018\/01\/04\/niezbedne-elementy-wyposazenia-zimowego-cyklisty\/#primaryimage"},"image":{"@id":"https:\/\/www.welovecycling.com\/pl\/2018\/01\/04\/niezbedne-elementy-wyposazenia-zimowego-cyklisty\/#primaryimage"},"thumbnailUrl":"https:\/\/d2p6e6u75xmxt8.cloudfront.net\/5\/2017\/12\/profimedia-0102812358-1.jpg","datePublished":"2018-01-04T07:40:43+00:00","dateModified":"2018-02-06T12:05:49+00:00","author":{"@id":"https:\/\/www.welovecycling.com\/pl\/#\/schema\/person\/0dba2d39da943db9df3fd8f4687e7f23"},"breadcrumb":{"@id":"https:\/\/www.welovecycling.com\/pl\/2018\/01\/04\/niezbedne-elementy-wyposazenia-zimowego-cyklisty\/#breadcrumb"},"inLanguage":"pl-PL","potentialAction":[{"@type":"ReadAction","target":["https:\/\/www.welovecycling.com\/pl\/2018\/01\/04\/niezbedne-elementy-wyposazenia-zimowego-cyklisty\/"]}]},{"@type":"ImageObject","inLanguage":"pl-PL","@id":"https:\/\/www.welovecycling.com\/pl\/2018\/01\/04\/niezbedne-elementy-wyposazenia-zimowego-cyklisty\/#primaryimage","url":"https:\/\/d2p6e6u75xmxt8.cloudfront.net\/5\/2017\/12\/profimedia-0102812358-1.jpg","contentUrl":"https:\/\/d2p6e6u75xmxt8.cloudfront.net\/5\/2017\/12\/profimedia-0102812358-1.jpg","width":1366,"height":600},{"@type":"BreadcrumbList","@id":"https:\/\/www.welovecycling.com\/pl\/2018\/01\/04\/niezbedne-elementy-wyposazenia-zimowego-cyklisty\/#breadcrumb","itemListElement":[{"@type":"ListItem","position":1,"name":"Home","item":"https:\/\/www.welovecycling.com\/pl\/"},{"@type":"ListItem","position":2,"name":"Niezb\u0119dne elementy wyposa\u017cenia zimowego cyklisty"}]},{"@type":"WebSite","@id":"https:\/\/www.welovecycling.com\/pl\/#website","url":"https:\/\/www.welovecycling.com\/pl\/","name":"\u0160koda We Love Cycling - Poland","description":"","potentialAction":[{"@type":"SearchAction","target":{"@type":"EntryPoint","urlTemplate":"https:\/\/www.welovecycling.com\/pl\/?s={search_term_string}"},"query-input":{"@type":"PropertyValueSpecification","valueRequired":true,"valueName":"search_term_string"}}],"inLanguage":"pl-PL"},{"@type":"Person","@id":"https:\/\/www.welovecycling.com\/pl\/#\/schema\/person\/0dba2d39da943db9df3fd8f4687e7f23","name":"piotrboczkowski","image":{"@type":"ImageObject","inLanguage":"pl-PL","@id":"https:\/\/www.welovecycling.com\/pl\/#\/schema\/person\/image\/","url":"https:\/\/secure.gravatar.com\/avatar\/533caccae14752e03a2ce2d3fd62d1b98b93e1393c3195c27819e53344ca1ace?s=96&d=mm&r=g","contentUrl":"https:\/\/secure.gravatar.com\/avatar\/533caccae14752e03a2ce2d3fd62d1b98b93e1393c3195c27819e53344ca1ace?s=96&d=mm&r=g","caption":"piotrboczkowski"},"url":"https:\/\/www.welovecycling.com\/pl\/author\/piotrboczkowski\/"}]}},"_links":{"self":[{"href":"https:\/\/www.welovecycling.com\/pl\/wp-json\/wp\/v2\/posts\/6239","targetHints":{"allow":["GET"]}}],"collection":[{"href":"https:\/\/www.welovecycling.com\/pl\/wp-json\/wp\/v2\/posts"}],"about":[{"href":"https:\/\/www.welovecycling.com\/pl\/wp-json\/wp\/v2\/types\/post"}],"author":[{"embeddable":true,"href":"https:\/\/www.welovecycling.com\/pl\/wp-json\/wp\/v2\/users\/76"}],"replies":[{"embeddable":true,"href":"https:\/\/www.welovecycling.com\/pl\/wp-json\/wp\/v2\/comments?post=6239"}],"version-history":[{"count":2,"href":"https:\/\/www.welovecycling.com\/pl\/wp-json\/wp\/v2\/posts\/6239\/revisions"}],"predecessor-version":[{"id":6342,"href":"https:\/\/www.welovecycling.com\/pl\/wp-json\/wp\/v2\/posts\/6239\/revisions\/6342"}],"wp:featuredmedia":[{"embeddable":true,"href":"https:\/\/www.welovecycling.com\/pl\/wp-json\/wp\/v2\/media\/6250"}],"wp:attachment":[{"href":"https:\/\/www.welovecycling.com\/pl\/wp-json\/wp\/v2\/media?parent=6239"}],"wp:term":[{"taxonomy":"category","embeddable":true,"href":"https:\/\/www.welovecycling.com\/pl\/wp-json\/wp\/v2\/categories?post=6239"},{"taxonomy":"post_tag","embeddable":true,"href":"https:\/\/www.welovecycling.com\/pl\/wp-json\/wp\/v2\/tags?post=6239"},{"taxonomy":"global-categories","embeddable":true,"href":"https:\/\/www.welovecycling.com\/pl\/wp-json\/wp\/v2\/global-categories?post=6239"}],"curies":[{"name":"wp","href":"https:\/\/api.w.org\/{rel}","templated":true}]}}