{"id":621,"date":"2016-03-01T13:20:40","date_gmt":"2016-03-01T13:20:40","guid":{"rendered":"http:\/\/serwer1629254.home.pl\/?p=621"},"modified":"2016-12-05T09:56:49","modified_gmt":"2016-12-05T09:56:49","slug":"rowerem-pod-woda","status":"publish","type":"post","link":"https:\/\/www.welovecycling.com\/pl\/2016\/03\/01\/rowerem-pod-woda\/","title":{"rendered":"Rowerem pod wod\u0105"},"content":{"rendered":"<p>Je\u015bli jeste\u015b fanem kolarstwa i nie sprawia Ci trudu jazda w zimie, to pewnie spodoba Ci si\u0119 pomys\u0142 szalonych rowerzyst\u00f3w z Rosji. Ekipa zapale\u0144c\u00f3w znad Bajka\u0142u postanowi\u0142a sprawdzi\u0107 jakie warunki kolarskie panuj\u0105 pod zamarzni\u0119t\u0105 p\u0142yt\u0105 \u201eb\u0142\u0119kitnego oka Syberii\u201d.<br \/>\n<!--more--><\/p>\n<p>Trzech kolarzy zanurkowa\u0142o przez dziur\u0119 w lodzie, \u017ceby prze\u017cy\u0107 ekstremalne emocje w najg\u0142\u0119bszym jeziorze \u015bwiata. Temperatura wody wynosi\u0142a tylko 1 stopie\u0144 Celcjusza.<\/p>\n<p>Przez 90 sekund wstrzymywali oddech i nurkowali pod 50 \u2013 centymetrow\u0105 pokryw\u0105 lodow\u0105 &#8211; to wszystko oczywi\u015bcie na rowerach. Co sk\u0142ania ludzi do takich pomys\u0142\u00f3w?<\/p>\n<p>Widocznie s\u0105 jakie\u015b powody, dla kt\u00f3rych warto spr\u00f3bowa\u0107 nurkowania na rowerze\u2026<\/p>\n<p><img loading=\"lazy\" decoding=\"async\" class=\"alignnone wp-image-622\" src=\"http:\/\/serwer1629254.home.pl\/wp-content\/uploads\/2016\/03\/66.jpg\" alt=\"66\" width=\"692\" height=\"461\" srcset=\"https:\/\/d2p6e6u75xmxt8.cloudfront.net\/5\/2016\/03\/66.jpg 600w, https:\/\/d2p6e6u75xmxt8.cloudfront.net\/5\/2016\/03\/66-300x200.jpg 300w, https:\/\/d2p6e6u75xmxt8.cloudfront.net\/5\/2016\/03\/66-272x182.jpg 272w\" sizes=\"auto, (max-width: 692px) 100vw, 692px\" \/><\/p>\n<p>Widzieli\u015bcie kiedy\u015b co\u015b takiego?<\/p>\n<p><img loading=\"lazy\" decoding=\"async\" class=\"alignnone size-full wp-image-628\" src=\"http:\/\/serwer1629254.home.pl\/wp-content\/uploads\/2016\/03\/68.jpg\" alt=\"68\" width=\"600\" height=\"900\" srcset=\"https:\/\/d2p6e6u75xmxt8.cloudfront.net\/5\/2016\/03\/68.jpg 600w, https:\/\/d2p6e6u75xmxt8.cloudfront.net\/5\/2016\/03\/68-200x300.jpg 200w\" sizes=\"auto, (max-width: 600px) 100vw, 600px\" \/><\/p>\n<p>Brrrrrr, a\u017c ciarki przechodz\u0105 po plecach!<\/p>\n<p>(\u017ar\u00f3d\u0142o zdj\u0119\u0107: welovecycling.com)<\/p>\n","protected":false},"excerpt":{"rendered":"<p>Je\u015bli jeste\u015b fanem kolarstwa i nie sprawia Ci trudu jazda w zimie, to pewnie spodoba Ci si\u0119 pomys\u0142 szalonych rowerzyst\u00f3w [&hellip;]<\/p>\n","protected":false},"author":1,"featured_media":647,"comment_status":"closed","ping_status":"closed","sticky":false,"template":"","format":"standard","meta":{"footnotes":""},"categories":[3],"tags":[],"global-categories":[],"class_list":["post-621","post","type-post","status-publish","format-standard","has-post-thumbnail","hentry","category-adrenalina"],"yoast_head":"<!-- This site is optimized with the Yoast SEO Premium plugin v25.3 (Yoast SEO v25.9) - https:\/\/yoast.com\/wordpress\/plugins\/seo\/ -->\n<title>Rowerem pod wod\u0105 - \u0160koda We Love Cycling - Poland<\/title>\n<meta name=\"robots\" content=\"index, follow, max-snippet:-1, max-image-preview:large, max-video-preview:-1\" \/>\n<link rel=\"canonical\" href=\"https:\/\/www.welovecycling.com\/pl\/2016\/03\/01\/rowerem-pod-woda\/\" \/>\n<meta property=\"og:locale\" content=\"pl_PL\" \/>\n<meta property=\"og:type\" content=\"article\" \/>\n<meta property=\"og:title\" content=\"Rowerem pod wod\u0105\" \/>\n<meta property=\"og:description\" content=\"Je\u015bli jeste\u015b fanem kolarstwa i nie sprawia Ci trudu jazda w zimie, to pewnie spodoba Ci si\u0119 pomys\u0142 szalonych rowerzyst\u00f3w [&hellip;]\" \/>\n<meta property=\"og:url\" content=\"https:\/\/www.welovecycling.com\/pl\/2016\/03\/01\/rowerem-pod-woda\/\" \/>\n<meta property=\"og:site_name\" content=\"\u0160koda We Love Cycling - Poland\" \/>\n<meta property=\"article:published_time\" content=\"2016-03-01T13:20:40+00:00\" \/>\n<meta property=\"article:modified_time\" content=\"2016-12-05T09:56:49+00:00\" \/>\n<meta property=\"og:image\" content=\"https:\/\/d2p6e6u75xmxt8.cloudfront.net\/5\/2016\/03\/profimedia-0266947055-600x900-e1456837476739.jpg\" \/>\n\t<meta property=\"og:image:width\" content=\"900\" \/>\n\t<meta property=\"og:image:height\" content=\"600\" \/>\n\t<meta property=\"og:image:type\" content=\"image\/jpeg\" \/>\n<meta name=\"author\" content=\"WeLoveCycling\" \/>\n<meta name=\"twitter:card\" content=\"summary_large_image\" \/>\n<meta name=\"twitter:label1\" content=\"Written by\" \/>\n\t<meta name=\"twitter:data1\" content=\"WeLoveCycling\" \/>\n\t<meta name=\"twitter:label2\" content=\"Est. reading time\" \/>\n\t<meta name=\"twitter:data2\" content=\"1 minute\" \/>\n<script type=\"application\/ld+json\" class=\"yoast-schema-graph\">{\"@context\":\"https:\/\/schema.org\",\"@graph\":[{\"@type\":\"WebPage\",\"@id\":\"https:\/\/www.welovecycling.com\/pl\/2016\/03\/01\/rowerem-pod-woda\/\",\"url\":\"https:\/\/www.welovecycling.com\/pl\/2016\/03\/01\/rowerem-pod-woda\/\",\"name\":\"Rowerem pod wod\u0105 - \u0160koda We Love Cycling - Poland\",\"isPartOf\":{\"@id\":\"https:\/\/www.welovecycling.com\/pl\/#website\"},\"primaryImageOfPage\":{\"@id\":\"https:\/\/www.welovecycling.com\/pl\/2016\/03\/01\/rowerem-pod-woda\/#primaryimage\"},\"image\":{\"@id\":\"https:\/\/www.welovecycling.com\/pl\/2016\/03\/01\/rowerem-pod-woda\/#primaryimage\"},\"thumbnailUrl\":\"https:\/\/d2p6e6u75xmxt8.cloudfront.net\/5\/2016\/03\/profimedia-0266947055-600x900-e1456837476739.jpg\",\"datePublished\":\"2016-03-01T13:20:40+00:00\",\"dateModified\":\"2016-12-05T09:56:49+00:00\",\"author\":{\"@id\":\"https:\/\/www.welovecycling.com\/pl\/#\/schema\/person\/e5187c9cac8dd619ebc7b41bd73c2fd9\"},\"breadcrumb\":{\"@id\":\"https:\/\/www.welovecycling.com\/pl\/2016\/03\/01\/rowerem-pod-woda\/#breadcrumb\"},\"inLanguage\":\"pl-PL\",\"potentialAction\":[{\"@type\":\"ReadAction\",\"target\":[\"https:\/\/www.welovecycling.com\/pl\/2016\/03\/01\/rowerem-pod-woda\/\"]}]},{\"@type\":\"ImageObject\",\"inLanguage\":\"pl-PL\",\"@id\":\"https:\/\/www.welovecycling.com\/pl\/2016\/03\/01\/rowerem-pod-woda\/#primaryimage\",\"url\":\"https:\/\/d2p6e6u75xmxt8.cloudfront.net\/5\/2016\/03\/profimedia-0266947055-600x900-e1456837476739.jpg\",\"contentUrl\":\"https:\/\/d2p6e6u75xmxt8.cloudfront.net\/5\/2016\/03\/profimedia-0266947055-600x900-e1456837476739.jpg\",\"width\":900,\"height\":600},{\"@type\":\"BreadcrumbList\",\"@id\":\"https:\/\/www.welovecycling.com\/pl\/2016\/03\/01\/rowerem-pod-woda\/#breadcrumb\",\"itemListElement\":[{\"@type\":\"ListItem\",\"position\":1,\"name\":\"Home\",\"item\":\"https:\/\/www.welovecycling.com\/pl\/\"},{\"@type\":\"ListItem\",\"position\":2,\"name\":\"Rowerem pod wod\u0105\"}]},{\"@type\":\"WebSite\",\"@id\":\"https:\/\/www.welovecycling.com\/pl\/#website\",\"url\":\"https:\/\/www.welovecycling.com\/pl\/\",\"name\":\"\u0160koda We Love Cycling - Poland\",\"description\":\"\",\"potentialAction\":[{\"@type\":\"SearchAction\",\"target\":{\"@type\":\"EntryPoint\",\"urlTemplate\":\"https:\/\/www.welovecycling.com\/pl\/?s={search_term_string}\"},\"query-input\":{\"@type\":\"PropertyValueSpecification\",\"valueRequired\":true,\"valueName\":\"search_term_string\"}}],\"inLanguage\":\"pl-PL\"},{\"@type\":\"Person\",\"@id\":\"https:\/\/www.welovecycling.com\/pl\/#\/schema\/person\/e5187c9cac8dd619ebc7b41bd73c2fd9\",\"name\":\"WeLoveCycling\",\"image\":{\"@type\":\"ImageObject\",\"inLanguage\":\"pl-PL\",\"@id\":\"https:\/\/www.welovecycling.com\/pl\/#\/schema\/person\/image\/\",\"url\":\"https:\/\/secure.gravatar.com\/avatar\/7e1ee0ecc5e294b19ef32b9f6086e0afbb9da00c3cb0d465ba4695331f4a9187?s=96&d=mm&r=g\",\"contentUrl\":\"https:\/\/secure.gravatar.com\/avatar\/7e1ee0ecc5e294b19ef32b9f6086e0afbb9da00c3cb0d465ba4695331f4a9187?s=96&d=mm&r=g\",\"caption\":\"WeLoveCycling\"},\"url\":\"https:\/\/www.welovecycling.com\/pl\/author\/lukascech\/\"}]}<\/script>\n<!-- \/ Yoast SEO Premium plugin. -->","yoast_head_json":{"title":"Rowerem pod wod\u0105 - \u0160koda We Love Cycling - Poland","robots":{"index":"index","follow":"follow","max-snippet":"max-snippet:-1","max-image-preview":"max-image-preview:large","max-video-preview":"max-video-preview:-1"},"canonical":"https:\/\/www.welovecycling.com\/pl\/2016\/03\/01\/rowerem-pod-woda\/","og_locale":"pl_PL","og_type":"article","og_title":"Rowerem pod wod\u0105","og_description":"Je\u015bli jeste\u015b fanem kolarstwa i nie sprawia Ci trudu jazda w zimie, to pewnie spodoba Ci si\u0119 pomys\u0142 szalonych rowerzyst\u00f3w [&hellip;]","og_url":"https:\/\/www.welovecycling.com\/pl\/2016\/03\/01\/rowerem-pod-woda\/","og_site_name":"\u0160koda We Love Cycling - Poland","article_published_time":"2016-03-01T13:20:40+00:00","article_modified_time":"2016-12-05T09:56:49+00:00","og_image":[{"width":900,"height":600,"url":"https:\/\/d2p6e6u75xmxt8.cloudfront.net\/5\/2016\/03\/profimedia-0266947055-600x900-e1456837476739.jpg","type":"image\/jpeg"}],"author":"WeLoveCycling","twitter_card":"summary_large_image","twitter_misc":{"Written by":"WeLoveCycling","Est. reading time":"1 minute"},"schema":{"@context":"https:\/\/schema.org","@graph":[{"@type":"WebPage","@id":"https:\/\/www.welovecycling.com\/pl\/2016\/03\/01\/rowerem-pod-woda\/","url":"https:\/\/www.welovecycling.com\/pl\/2016\/03\/01\/rowerem-pod-woda\/","name":"Rowerem pod wod\u0105 - \u0160koda We Love Cycling - Poland","isPartOf":{"@id":"https:\/\/www.welovecycling.com\/pl\/#website"},"primaryImageOfPage":{"@id":"https:\/\/www.welovecycling.com\/pl\/2016\/03\/01\/rowerem-pod-woda\/#primaryimage"},"image":{"@id":"https:\/\/www.welovecycling.com\/pl\/2016\/03\/01\/rowerem-pod-woda\/#primaryimage"},"thumbnailUrl":"https:\/\/d2p6e6u75xmxt8.cloudfront.net\/5\/2016\/03\/profimedia-0266947055-600x900-e1456837476739.jpg","datePublished":"2016-03-01T13:20:40+00:00","dateModified":"2016-12-05T09:56:49+00:00","author":{"@id":"https:\/\/www.welovecycling.com\/pl\/#\/schema\/person\/e5187c9cac8dd619ebc7b41bd73c2fd9"},"breadcrumb":{"@id":"https:\/\/www.welovecycling.com\/pl\/2016\/03\/01\/rowerem-pod-woda\/#breadcrumb"},"inLanguage":"pl-PL","potentialAction":[{"@type":"ReadAction","target":["https:\/\/www.welovecycling.com\/pl\/2016\/03\/01\/rowerem-pod-woda\/"]}]},{"@type":"ImageObject","inLanguage":"pl-PL","@id":"https:\/\/www.welovecycling.com\/pl\/2016\/03\/01\/rowerem-pod-woda\/#primaryimage","url":"https:\/\/d2p6e6u75xmxt8.cloudfront.net\/5\/2016\/03\/profimedia-0266947055-600x900-e1456837476739.jpg","contentUrl":"https:\/\/d2p6e6u75xmxt8.cloudfront.net\/5\/2016\/03\/profimedia-0266947055-600x900-e1456837476739.jpg","width":900,"height":600},{"@type":"BreadcrumbList","@id":"https:\/\/www.welovecycling.com\/pl\/2016\/03\/01\/rowerem-pod-woda\/#breadcrumb","itemListElement":[{"@type":"ListItem","position":1,"name":"Home","item":"https:\/\/www.welovecycling.com\/pl\/"},{"@type":"ListItem","position":2,"name":"Rowerem pod wod\u0105"}]},{"@type":"WebSite","@id":"https:\/\/www.welovecycling.com\/pl\/#website","url":"https:\/\/www.welovecycling.com\/pl\/","name":"\u0160koda We Love Cycling - Poland","description":"","potentialAction":[{"@type":"SearchAction","target":{"@type":"EntryPoint","urlTemplate":"https:\/\/www.welovecycling.com\/pl\/?s={search_term_string}"},"query-input":{"@type":"PropertyValueSpecification","valueRequired":true,"valueName":"search_term_string"}}],"inLanguage":"pl-PL"},{"@type":"Person","@id":"https:\/\/www.welovecycling.com\/pl\/#\/schema\/person\/e5187c9cac8dd619ebc7b41bd73c2fd9","name":"WeLoveCycling","image":{"@type":"ImageObject","inLanguage":"pl-PL","@id":"https:\/\/www.welovecycling.com\/pl\/#\/schema\/person\/image\/","url":"https:\/\/secure.gravatar.com\/avatar\/7e1ee0ecc5e294b19ef32b9f6086e0afbb9da00c3cb0d465ba4695331f4a9187?s=96&d=mm&r=g","contentUrl":"https:\/\/secure.gravatar.com\/avatar\/7e1ee0ecc5e294b19ef32b9f6086e0afbb9da00c3cb0d465ba4695331f4a9187?s=96&d=mm&r=g","caption":"WeLoveCycling"},"url":"https:\/\/www.welovecycling.com\/pl\/author\/lukascech\/"}]}},"_links":{"self":[{"href":"https:\/\/www.welovecycling.com\/pl\/wp-json\/wp\/v2\/posts\/621","targetHints":{"allow":["GET"]}}],"collection":[{"href":"https:\/\/www.welovecycling.com\/pl\/wp-json\/wp\/v2\/posts"}],"about":[{"href":"https:\/\/www.welovecycling.com\/pl\/wp-json\/wp\/v2\/types\/post"}],"author":[{"embeddable":true,"href":"https:\/\/www.welovecycling.com\/pl\/wp-json\/wp\/v2\/users\/1"}],"replies":[{"embeddable":true,"href":"https:\/\/www.welovecycling.com\/pl\/wp-json\/wp\/v2\/comments?post=621"}],"version-history":[{"count":1,"href":"https:\/\/www.welovecycling.com\/pl\/wp-json\/wp\/v2\/posts\/621\/revisions"}],"predecessor-version":[{"id":2488,"href":"https:\/\/www.welovecycling.com\/pl\/wp-json\/wp\/v2\/posts\/621\/revisions\/2488"}],"wp:featuredmedia":[{"embeddable":true,"href":"https:\/\/www.welovecycling.com\/pl\/wp-json\/wp\/v2\/media\/647"}],"wp:attachment":[{"href":"https:\/\/www.welovecycling.com\/pl\/wp-json\/wp\/v2\/media?parent=621"}],"wp:term":[{"taxonomy":"category","embeddable":true,"href":"https:\/\/www.welovecycling.com\/pl\/wp-json\/wp\/v2\/categories?post=621"},{"taxonomy":"post_tag","embeddable":true,"href":"https:\/\/www.welovecycling.com\/pl\/wp-json\/wp\/v2\/tags?post=621"},{"taxonomy":"global-categories","embeddable":true,"href":"https:\/\/www.welovecycling.com\/pl\/wp-json\/wp\/v2\/global-categories?post=621"}],"curies":[{"name":"wp","href":"https:\/\/api.w.org\/{rel}","templated":true}]}}