{"id":62,"date":"2014-08-11T11:24:56","date_gmt":"2014-08-11T11:24:56","guid":{"rendered":"http:\/\/serwer1629254.home.pl\/index.php\/2014\/08\/11\/tour-de-pologne-ma-sie-czym-chwalic\/"},"modified":"2016-12-05T10:09:46","modified_gmt":"2016-12-05T10:09:46","slug":"tour-de-pologne-ma-sie-czym-chwalic","status":"publish","type":"post","link":"https:\/\/www.welovecycling.com\/pl\/2014\/08\/11\/tour-de-pologne-ma-sie-czym-chwalic\/","title":{"rendered":"Tour de Pologne ma si\u0119 czym chwali\u0107"},"content":{"rendered":"<p>(\u0179r\u00f3d\u0142o:\u00a0<a href=\"http:\/\/tourdepologne.pl\/\">http:\/\/tourdepologne.pl<\/a>)<\/p>\n<p>Mo\u017ce nie mamy jeszcze bzika, mo\u017ce do Tour de France ci\u0105gle nam daleko, ale Polacy coraz cz\u0119\u015bciej zakochuj\u0105 si\u0119 w kolarstwie. Dowodem w\u0142a\u015bnie zako\u0144czony Tour de Pologne, kt\u00f3ry wygra\u0142 Rafa\u0142 Majka.<!--more--><\/p>\n<p>&#8211; Tato, kiedy b\u0119d\u0105 nasi? A po co obok nich jad\u0105 te samochody? A co by si\u0119 sta\u0142o, gdyby teraz przebi\u0142a si\u0119 d\u0119tka? &#8211; pyta\u0142a ojca kilkuletnia dziewczynka podczas sobotniej jazdy na czas w Krakowie. Na ostatnim etapie kibice nie tylko okazyjnie dopingowali na Rynku G\u0142\u00f3wnym, ale te\u017c specjalnie ustawiali si\u0119 przy trasie, oklaskiwali przeje\u017cd\u017caj\u0105cych zawodnik\u00f3w i przekonywali si\u0119 do kolarstwa.<\/p>\n<p><strong>Goryl goni kolarza<\/strong><\/p>\n<p>Podobnie by\u0142o na g\u00f3rskich etapach. Podczas Tour de France ludzie urz\u0105dzaj\u0105 ca\u0142odzienne biesiady i czekaj\u0105 na peleton, a na TdP siadali na \u0142awkach przed domami, dopingowali razem z s\u0105siadami lub na wz\u00f3r wielkich wy\u015bcig\u00f3w bawili si\u0119 w przebieranki.<\/p>\n<p>Kolarzom kroku pr\u00f3bowali dotrzyma\u0107 goryl czy cz\u0142owiek z dmuchanym krokodylem. Z kolei r\u00f3wno z Rafa\u0142em Majk\u0105 bieg\u0142 kibic z maskotk\u0105 pszcz\u00f3\u0142ki Mai, kt\u00f3r\u0105 ca\u0142y czas poi\u0142 bidonem. &#8211; Kibicujemy tak, jak robi si\u0119 to podczas wielkich wy\u015bcig\u00f3w. Wtedy jest o wiele fajniej &#8211; m\u00f3wi\u0142 przed kamerami Telewizji Polskiej jeden z fan\u00f3w.<\/p>\n<p>Polskich kibic\u00f3w docenia\u0142y te\u017c zagraniczne ekipy. &#8211; Sprawili, \u017ce panowa\u0142a atmosfera jak na Tour de France i byli cz\u0119\u015bciowo odpowiedzialni za mocn\u0105 jazd\u0119 Rafa\u0142a Majki &#8211; m\u00f3wi\u0142 portalowi Naszosie.pl Tristan Hoffman, dyrektor ekipy Tinkoff-Saxo, kt\u00f3r\u0105 reprezentuje Majka.<\/p>\n<p><strong>\u015aledz\u0105cy helikopter<\/strong><\/p>\n<p>Polak po g\u00f3rskich etapach by\u0142 liderem i przed ostatnim dniem mia\u0142 18 sekund przewagi nad Hiszpanem Benatem Intxaustim. W Krakowie musia\u0142 jednak zmierzy\u0107 si\u0119 z jazd\u0105 na czas, kt\u00f3ra nie jest jego najmocniejsz\u0105 stron\u0105.<\/p>\n<p>&#8211; O, nadje\u017cd\u017ca Rafa\u0142, bo zbli\u017ca si\u0119 helikopter, kt\u00f3ry ca\u0142y czas go \u015bledzi &#8211; przewidywa\u0142 jeden z kibic\u00f3w ustawionych przy trasie. Majka kr\u0119ci\u0142 z ca\u0142ych si\u0142 i by\u0142 maksymalnie skupiony, jakby nie widzia\u0142 tysi\u0119cy ludzi zagrzewaj\u0105cych go oklaskami. Na met\u0119 wpad\u0142 z 12. czasem, ale to wystarczy\u0142o, by wygra\u0142 ca\u0142e TdP. Ostatnim Polakiem, kt\u00f3ry tego dokona\u0142 by\u0142 Cezary Zamana 11 lat temu.<\/p>\n<p>&#8211; Lubi\u0119 jak kibice skanduj\u0105 moje imi\u0119 i m\u00f3wi\u0105 \u201eRafa\u0142 dawaj, dawaj, dawaj\u201d. Obieca\u0142em im zwyci\u0119stwo i dokona\u0142em tego. Nie przysz\u0142o lekko, ale dotrzymuj\u0119 s\u0142owa &#8211; cieszy\u0142 si\u0119 na mecie Majka.<\/p>\n<p><strong>Koledzy Kwiato na podium<\/strong><\/p>\n<p>Drugie miejsce zaj\u0105\u0142 Hiszpan Jon Izaguirre, a trzecie jego rodak Intxaustim. Przemys\u0142aw Niemiec by\u0142 pi\u0105ty, Marek Rutkiewicz jedenasty, a Maciej Paterski wygra\u0142 klasyfikacj\u0119 g\u00f3rsk\u0105. Dru\u017cynowo triumfowa\u0142 Movistar, przed Omega Pharma &#8211; Quick-Step, ekip\u0105 Micha\u0142a Kwiatkowskiego. Polak w TdP nie startowa\u0142, bo zbiera si\u0142y na wrze\u015bniowe mistrzostwa \u015bwiata.<\/p>\n","protected":false},"excerpt":{"rendered":"<p>(\u0179r\u00f3d\u0142o:\u00a0http:\/\/tourdepologne.pl) Mo\u017ce nie mamy jeszcze bzika, mo\u017ce do Tour de France ci\u0105gle nam daleko, ale Polacy coraz cz\u0119\u015bciej zakochuj\u0105 si\u0119 [&hellip;]<\/p>\n","protected":false},"author":1,"featured_media":547,"comment_status":"open","ping_status":"open","sticky":false,"template":"","format":"standard","meta":{"footnotes":""},"categories":[6],"tags":[],"global-categories":[],"class_list":["post-62","post","type-post","status-publish","format-standard","has-post-thumbnail","hentry","category-kolarstwo-szosowe"],"yoast_head":"<!-- This site is optimized with the Yoast SEO Premium plugin v25.3 (Yoast SEO v25.9) - https:\/\/yoast.com\/wordpress\/plugins\/seo\/ -->\n<title>Tour de Pologne ma si\u0119 czym chwali\u0107 - \u0160koda We Love Cycling - Poland<\/title>\n<meta name=\"robots\" content=\"index, follow, max-snippet:-1, max-image-preview:large, max-video-preview:-1\" \/>\n<link rel=\"canonical\" href=\"https:\/\/www.welovecycling.com\/pl\/2014\/08\/11\/tour-de-pologne-ma-sie-czym-chwalic\/\" \/>\n<meta property=\"og:locale\" content=\"pl_PL\" \/>\n<meta property=\"og:type\" content=\"article\" \/>\n<meta property=\"og:title\" content=\"Tour de Pologne ma si\u0119 czym chwali\u0107\" \/>\n<meta property=\"og:description\" content=\"(\u0179r\u00f3d\u0142o:\u00a0http:\/\/tourdepologne.pl) Mo\u017ce nie mamy jeszcze bzika, mo\u017ce do Tour de France ci\u0105gle nam daleko, ale Polacy coraz cz\u0119\u015bciej zakochuj\u0105 si\u0119 [&hellip;]\" \/>\n<meta property=\"og:url\" content=\"https:\/\/www.welovecycling.com\/pl\/2014\/08\/11\/tour-de-pologne-ma-sie-czym-chwalic\/\" \/>\n<meta property=\"og:site_name\" content=\"\u0160koda We Love Cycling - Poland\" \/>\n<meta property=\"article:published_time\" content=\"2014-08-11T11:24:56+00:00\" \/>\n<meta property=\"article:modified_time\" content=\"2016-12-05T10:09:46+00:00\" \/>\n<meta property=\"og:image\" content=\"https:\/\/d2p6e6u75xmxt8.cloudfront.net\/5\/2014\/08\/54.jpg\" \/>\n\t<meta property=\"og:image:width\" content=\"500\" \/>\n\t<meta property=\"og:image:height\" content=\"266\" \/>\n\t<meta property=\"og:image:type\" content=\"image\/jpeg\" \/>\n<meta name=\"author\" content=\"WeLoveCycling\" \/>\n<meta name=\"twitter:card\" content=\"summary_large_image\" \/>\n<meta name=\"twitter:label1\" content=\"Written by\" \/>\n\t<meta name=\"twitter:data1\" content=\"WeLoveCycling\" \/>\n\t<meta name=\"twitter:label2\" content=\"Est. reading time\" \/>\n\t<meta name=\"twitter:data2\" content=\"2 minutes\" \/>\n<script type=\"application\/ld+json\" class=\"yoast-schema-graph\">{\"@context\":\"https:\/\/schema.org\",\"@graph\":[{\"@type\":\"WebPage\",\"@id\":\"https:\/\/www.welovecycling.com\/pl\/2014\/08\/11\/tour-de-pologne-ma-sie-czym-chwalic\/\",\"url\":\"https:\/\/www.welovecycling.com\/pl\/2014\/08\/11\/tour-de-pologne-ma-sie-czym-chwalic\/\",\"name\":\"Tour de Pologne ma si\u0119 czym chwali\u0107 - \u0160koda We Love Cycling - Poland\",\"isPartOf\":{\"@id\":\"https:\/\/www.welovecycling.com\/pl\/#website\"},\"primaryImageOfPage\":{\"@id\":\"https:\/\/www.welovecycling.com\/pl\/2014\/08\/11\/tour-de-pologne-ma-sie-czym-chwalic\/#primaryimage\"},\"image\":{\"@id\":\"https:\/\/www.welovecycling.com\/pl\/2014\/08\/11\/tour-de-pologne-ma-sie-czym-chwalic\/#primaryimage\"},\"thumbnailUrl\":\"https:\/\/d2p6e6u75xmxt8.cloudfront.net\/5\/2014\/08\/54.jpg\",\"datePublished\":\"2014-08-11T11:24:56+00:00\",\"dateModified\":\"2016-12-05T10:09:46+00:00\",\"author\":{\"@id\":\"https:\/\/www.welovecycling.com\/pl\/#\/schema\/person\/e5187c9cac8dd619ebc7b41bd73c2fd9\"},\"breadcrumb\":{\"@id\":\"https:\/\/www.welovecycling.com\/pl\/2014\/08\/11\/tour-de-pologne-ma-sie-czym-chwalic\/#breadcrumb\"},\"inLanguage\":\"pl-PL\",\"potentialAction\":[{\"@type\":\"ReadAction\",\"target\":[\"https:\/\/www.welovecycling.com\/pl\/2014\/08\/11\/tour-de-pologne-ma-sie-czym-chwalic\/\"]}]},{\"@type\":\"ImageObject\",\"inLanguage\":\"pl-PL\",\"@id\":\"https:\/\/www.welovecycling.com\/pl\/2014\/08\/11\/tour-de-pologne-ma-sie-czym-chwalic\/#primaryimage\",\"url\":\"https:\/\/d2p6e6u75xmxt8.cloudfront.net\/5\/2014\/08\/54.jpg\",\"contentUrl\":\"https:\/\/d2p6e6u75xmxt8.cloudfront.net\/5\/2014\/08\/54.jpg\",\"width\":500,\"height\":266},{\"@type\":\"BreadcrumbList\",\"@id\":\"https:\/\/www.welovecycling.com\/pl\/2014\/08\/11\/tour-de-pologne-ma-sie-czym-chwalic\/#breadcrumb\",\"itemListElement\":[{\"@type\":\"ListItem\",\"position\":1,\"name\":\"Home\",\"item\":\"https:\/\/www.welovecycling.com\/pl\/\"},{\"@type\":\"ListItem\",\"position\":2,\"name\":\"Tour de Pologne ma si\u0119 czym chwali\u0107\"}]},{\"@type\":\"WebSite\",\"@id\":\"https:\/\/www.welovecycling.com\/pl\/#website\",\"url\":\"https:\/\/www.welovecycling.com\/pl\/\",\"name\":\"\u0160koda We Love Cycling - Poland\",\"description\":\"\",\"potentialAction\":[{\"@type\":\"SearchAction\",\"target\":{\"@type\":\"EntryPoint\",\"urlTemplate\":\"https:\/\/www.welovecycling.com\/pl\/?s={search_term_string}\"},\"query-input\":{\"@type\":\"PropertyValueSpecification\",\"valueRequired\":true,\"valueName\":\"search_term_string\"}}],\"inLanguage\":\"pl-PL\"},{\"@type\":\"Person\",\"@id\":\"https:\/\/www.welovecycling.com\/pl\/#\/schema\/person\/e5187c9cac8dd619ebc7b41bd73c2fd9\",\"name\":\"WeLoveCycling\",\"image\":{\"@type\":\"ImageObject\",\"inLanguage\":\"pl-PL\",\"@id\":\"https:\/\/www.welovecycling.com\/pl\/#\/schema\/person\/image\/\",\"url\":\"https:\/\/secure.gravatar.com\/avatar\/7e1ee0ecc5e294b19ef32b9f6086e0afbb9da00c3cb0d465ba4695331f4a9187?s=96&d=mm&r=g\",\"contentUrl\":\"https:\/\/secure.gravatar.com\/avatar\/7e1ee0ecc5e294b19ef32b9f6086e0afbb9da00c3cb0d465ba4695331f4a9187?s=96&d=mm&r=g\",\"caption\":\"WeLoveCycling\"},\"url\":\"https:\/\/www.welovecycling.com\/pl\/author\/lukascech\/\"}]}<\/script>\n<!-- \/ Yoast SEO Premium plugin. -->","yoast_head_json":{"title":"Tour de Pologne ma si\u0119 czym chwali\u0107 - \u0160koda We Love Cycling - Poland","robots":{"index":"index","follow":"follow","max-snippet":"max-snippet:-1","max-image-preview":"max-image-preview:large","max-video-preview":"max-video-preview:-1"},"canonical":"https:\/\/www.welovecycling.com\/pl\/2014\/08\/11\/tour-de-pologne-ma-sie-czym-chwalic\/","og_locale":"pl_PL","og_type":"article","og_title":"Tour de Pologne ma si\u0119 czym chwali\u0107","og_description":"(\u0179r\u00f3d\u0142o:\u00a0http:\/\/tourdepologne.pl) Mo\u017ce nie mamy jeszcze bzika, mo\u017ce do Tour de France ci\u0105gle nam daleko, ale Polacy coraz cz\u0119\u015bciej zakochuj\u0105 si\u0119 [&hellip;]","og_url":"https:\/\/www.welovecycling.com\/pl\/2014\/08\/11\/tour-de-pologne-ma-sie-czym-chwalic\/","og_site_name":"\u0160koda We Love Cycling - Poland","article_published_time":"2014-08-11T11:24:56+00:00","article_modified_time":"2016-12-05T10:09:46+00:00","og_image":[{"width":500,"height":266,"url":"https:\/\/d2p6e6u75xmxt8.cloudfront.net\/5\/2014\/08\/54.jpg","type":"image\/jpeg"}],"author":"WeLoveCycling","twitter_card":"summary_large_image","twitter_misc":{"Written by":"WeLoveCycling","Est. reading time":"2 minutes"},"schema":{"@context":"https:\/\/schema.org","@graph":[{"@type":"WebPage","@id":"https:\/\/www.welovecycling.com\/pl\/2014\/08\/11\/tour-de-pologne-ma-sie-czym-chwalic\/","url":"https:\/\/www.welovecycling.com\/pl\/2014\/08\/11\/tour-de-pologne-ma-sie-czym-chwalic\/","name":"Tour de Pologne ma si\u0119 czym chwali\u0107 - \u0160koda We Love Cycling - Poland","isPartOf":{"@id":"https:\/\/www.welovecycling.com\/pl\/#website"},"primaryImageOfPage":{"@id":"https:\/\/www.welovecycling.com\/pl\/2014\/08\/11\/tour-de-pologne-ma-sie-czym-chwalic\/#primaryimage"},"image":{"@id":"https:\/\/www.welovecycling.com\/pl\/2014\/08\/11\/tour-de-pologne-ma-sie-czym-chwalic\/#primaryimage"},"thumbnailUrl":"https:\/\/d2p6e6u75xmxt8.cloudfront.net\/5\/2014\/08\/54.jpg","datePublished":"2014-08-11T11:24:56+00:00","dateModified":"2016-12-05T10:09:46+00:00","author":{"@id":"https:\/\/www.welovecycling.com\/pl\/#\/schema\/person\/e5187c9cac8dd619ebc7b41bd73c2fd9"},"breadcrumb":{"@id":"https:\/\/www.welovecycling.com\/pl\/2014\/08\/11\/tour-de-pologne-ma-sie-czym-chwalic\/#breadcrumb"},"inLanguage":"pl-PL","potentialAction":[{"@type":"ReadAction","target":["https:\/\/www.welovecycling.com\/pl\/2014\/08\/11\/tour-de-pologne-ma-sie-czym-chwalic\/"]}]},{"@type":"ImageObject","inLanguage":"pl-PL","@id":"https:\/\/www.welovecycling.com\/pl\/2014\/08\/11\/tour-de-pologne-ma-sie-czym-chwalic\/#primaryimage","url":"https:\/\/d2p6e6u75xmxt8.cloudfront.net\/5\/2014\/08\/54.jpg","contentUrl":"https:\/\/d2p6e6u75xmxt8.cloudfront.net\/5\/2014\/08\/54.jpg","width":500,"height":266},{"@type":"BreadcrumbList","@id":"https:\/\/www.welovecycling.com\/pl\/2014\/08\/11\/tour-de-pologne-ma-sie-czym-chwalic\/#breadcrumb","itemListElement":[{"@type":"ListItem","position":1,"name":"Home","item":"https:\/\/www.welovecycling.com\/pl\/"},{"@type":"ListItem","position":2,"name":"Tour de Pologne ma si\u0119 czym chwali\u0107"}]},{"@type":"WebSite","@id":"https:\/\/www.welovecycling.com\/pl\/#website","url":"https:\/\/www.welovecycling.com\/pl\/","name":"\u0160koda We Love Cycling - Poland","description":"","potentialAction":[{"@type":"SearchAction","target":{"@type":"EntryPoint","urlTemplate":"https:\/\/www.welovecycling.com\/pl\/?s={search_term_string}"},"query-input":{"@type":"PropertyValueSpecification","valueRequired":true,"valueName":"search_term_string"}}],"inLanguage":"pl-PL"},{"@type":"Person","@id":"https:\/\/www.welovecycling.com\/pl\/#\/schema\/person\/e5187c9cac8dd619ebc7b41bd73c2fd9","name":"WeLoveCycling","image":{"@type":"ImageObject","inLanguage":"pl-PL","@id":"https:\/\/www.welovecycling.com\/pl\/#\/schema\/person\/image\/","url":"https:\/\/secure.gravatar.com\/avatar\/7e1ee0ecc5e294b19ef32b9f6086e0afbb9da00c3cb0d465ba4695331f4a9187?s=96&d=mm&r=g","contentUrl":"https:\/\/secure.gravatar.com\/avatar\/7e1ee0ecc5e294b19ef32b9f6086e0afbb9da00c3cb0d465ba4695331f4a9187?s=96&d=mm&r=g","caption":"WeLoveCycling"},"url":"https:\/\/www.welovecycling.com\/pl\/author\/lukascech\/"}]}},"_links":{"self":[{"href":"https:\/\/www.welovecycling.com\/pl\/wp-json\/wp\/v2\/posts\/62","targetHints":{"allow":["GET"]}}],"collection":[{"href":"https:\/\/www.welovecycling.com\/pl\/wp-json\/wp\/v2\/posts"}],"about":[{"href":"https:\/\/www.welovecycling.com\/pl\/wp-json\/wp\/v2\/types\/post"}],"author":[{"embeddable":true,"href":"https:\/\/www.welovecycling.com\/pl\/wp-json\/wp\/v2\/users\/1"}],"replies":[{"embeddable":true,"href":"https:\/\/www.welovecycling.com\/pl\/wp-json\/wp\/v2\/comments?post=62"}],"version-history":[{"count":1,"href":"https:\/\/www.welovecycling.com\/pl\/wp-json\/wp\/v2\/posts\/62\/revisions"}],"predecessor-version":[{"id":2545,"href":"https:\/\/www.welovecycling.com\/pl\/wp-json\/wp\/v2\/posts\/62\/revisions\/2545"}],"wp:featuredmedia":[{"embeddable":true,"href":"https:\/\/www.welovecycling.com\/pl\/wp-json\/wp\/v2\/media\/547"}],"wp:attachment":[{"href":"https:\/\/www.welovecycling.com\/pl\/wp-json\/wp\/v2\/media?parent=62"}],"wp:term":[{"taxonomy":"category","embeddable":true,"href":"https:\/\/www.welovecycling.com\/pl\/wp-json\/wp\/v2\/categories?post=62"},{"taxonomy":"post_tag","embeddable":true,"href":"https:\/\/www.welovecycling.com\/pl\/wp-json\/wp\/v2\/tags?post=62"},{"taxonomy":"global-categories","embeddable":true,"href":"https:\/\/www.welovecycling.com\/pl\/wp-json\/wp\/v2\/global-categories?post=62"}],"curies":[{"name":"wp","href":"https:\/\/api.w.org\/{rel}","templated":true}]}}