{"id":6183,"date":"2017-12-14T15:34:26","date_gmt":"2017-12-14T15:34:26","guid":{"rendered":"https:\/\/www.welovecycling.com\/pl\/?p=6183"},"modified":"2017-12-17T13:58:27","modified_gmt":"2017-12-17T13:58:27","slug":"powrot-korzeni-piknik-chlebem-makaronem","status":"publish","type":"post","link":"https:\/\/www.welovecycling.com\/pl\/2017\/12\/14\/powrot-korzeni-piknik-chlebem-makaronem\/","title":{"rendered":"Powr\u00f3t do korzeni: piknik z chlebem i makaronem"},"content":{"rendered":"<p><strong>W jaki spos\u00f3b radzili sobie z \u017cywieniem profesjonalni kolarze w ubieg\u0142ym wieku, kiedy nie mieli jeszcze do pomocy sztabu dietetyk\u00f3w? Zwyczajnie kierowali si\u0119 instynktem i jedli rzeczy, kt\u00f3re najlepiej zape\u0142nia\u0142y \u017co\u0142\u0105dek. By\u0107 mo\u017ce nieprzypadkowo zapocz\u0105tkowano wtedy d\u0142ug\u0105 tradycj\u0119 dostarczania organizmowi energii przez jedzenie chleba i makaronu. Zobaczmy, jak si\u0119 to ma do diety wsp\u00f3\u0142czesnego cyklisty.<\/strong><\/p>\n<p><!--more--><\/p>\n<h2><b>Chleb i makaron to podstawa<\/b><\/h2>\n<p><span style=\"font-weight: 400;\">Na pocz\u0105tku XX wieku, we wczesnych latach Tour de France, \u017cywienie stanowi\u0142o du\u017cy problem. Nie by\u0142o stacji z jedzeniem ani ekip postojowych. Zamiast tego stawa\u0142o si\u0119 gdzie\u015b w drodze i do\u0142adowywa\u0142o akumulatory na w\u0142asn\u0105 r\u0119k\u0119. Co bardziej zamo\u017cni zawodnicy mieli w\u0142asnych kamerdyner\u00f3w, kt\u00f3rzy przygotowywali dla nich przy drodze pikniki.<\/span><\/p>\n<p><span style=\"font-weight: 400;\">Sam dob\u00f3r produkt\u00f3w by\u0142 raczej ma\u0142o wyrafinowany. Kolarze jedli po prostu rzeczy, kt\u00f3re uwa\u017cali za syc\u0105ce. We Francji oznacza\u0142o to tradycyjn\u0105 europejsk\u0105 diet\u0119 bogat\u0105 w w\u0119glowodany. Jej bohaterami byli chleb i makaron, kt\u00f3re nadal s\u0105 zreszt\u0105 popularne.<\/span><\/p>\n<p>https:\/\/www.instagram.com\/p\/BaT8VejAZeP\/<\/p>\n<h2><b>Era zbilansowanej diety<\/b><\/h2>\n<p><span style=\"font-weight: 400;\">Dzi\u015b ju\u017c wiemy, \u017ce w\u0119glowodany to nie wszystko. Profesjonali\u015bci dbaj\u0105 o to, by ich dieta by\u0142a zbilansowana i bogata w proteiny, w\u0119glowodany i t\u0142uszcze oraz zwiera\u0142a du\u017co owoc\u00f3w i warzyw, dostarczaj\u0105cych potrzebnych witamin i minera\u0142\u00f3w. Chleb i makaron cz\u0119sto zast\u0119powane s\u0105 mniej ci\u0119\u017ckostrawnymi sk\u0142adnikami: ry\u017cem, ziemniakami lub tapiok\u0105.<\/span><\/p>\n<h2><b>Przepis: Pe\u0142noziarnisty makaron z suszonymi pomidorami<\/b><\/h2>\n<p><span style=\"font-weight: 400;\">Je\u015bli masz ochot\u0119 na powr\u00f3t do korzeni, zr\u00f3b sobie do zjedzenia po treningu wielki talerz makaronu. Przygotowanie ca\u0142ego dania zajmie Ci jedynie 35 minut, a nakarmisz nim cztery osoby. Ka\u017cda porcja dostarcza 398 kcal, 22 g t\u0142uszczu, 48 g w\u0119glowodan\u00f3w, 8 g b\u0142onnika i 10 g bia\u0142ka.<\/span><\/p>\n<p>https:\/\/www.instagram.com\/p\/BUt1owNA6Ps\/<\/p>\n<h3><b>Sk\u0142adniki<\/b><\/h3>\n<p><em><span style=\"font-weight: 400;\">Sos<\/span><\/em><\/p>\n<p><span style=\"font-weight: 400;\">1\/2 \u0142y\u017cki przeci\u015bni\u0119tego przez prask\u0119 czosnku<\/span><\/p>\n<p><span style=\"font-weight: 400;\">1 \u0142y\u017cka octu balsamicznego<\/span><\/p>\n<p><span style=\"font-weight: 400;\">1\/3 szklanki oliwy<\/span><\/p>\n<p><span style=\"font-weight: 400;\">1\/4 szklanki posiekanych suszonych pomidor\u00f3w (ods\u0105czonych z oliwy)<\/span><\/p>\n<p><span style=\"font-weight: 400;\">3 \u0142y\u017cki nies\u0142odzonego mleka migda\u0142owego \/ mleczka kokosowego<\/span><\/p>\n<p><span style=\"font-weight: 400;\">1\/4 \u0142y\u017cki soli<\/span><\/p>\n<p><span style=\"font-weight: 400;\">1\/8 \u0142y\u017cki pieprzu<\/span><\/p>\n<p><i>Makaron<\/i><\/p>\n<p><span style=\"font-weight: 400;\">230 ml pe\u0142noziarnistego makaronu linguine<\/span><\/p>\n<p><span style=\"font-weight: 400;\">1\/2 \u0142y\u017cki oliwy<\/span><\/p>\n<p><span style=\"font-weight: 400;\">1\/2 drobno posiekanej \u017c\u00f3\u0142tej cebuli<\/span><\/p>\n<p><span style=\"font-weight: 400;\">1\/2 szklanki \u015bwie\u017co posiekanej bazylii<\/span><\/p>\n<p><span style=\"font-weight: 400;\">1\/4 szklanki posiekanych suszonych pomidor\u00f3w (ods\u0105czonych z oliwy)<\/span><\/p>\n<p><span style=\"font-weight: 400;\">\u015bwie\u017cy parmezan do smaku<\/span><\/p>\n<h3><b>Spos\u00f3b przygotowania:\u00a0<\/b><\/h3>\n<ol>\n<li><span style=\"font-weight: 400; font-size: 14pt;\"> Ugotuj makaron zgodnie z instrukcj\u0105 na opakowaniu. Odstaw do ostygni\u0119cia.<\/span><\/li>\n<li><span style=\"font-weight: 400; font-size: 14pt;\"> Umie\u015b\u0107 w blenderze wszystkie sk\u0142adniki sosu. Dobrze je zmiksuj i odstaw. Je\u015bli sos jest zbyt g\u0119sty, dodaj jeszcze troch\u0119 mleka migda\u0142owego \/ kokosowego lub oliwy.<\/span><\/li>\n<li><span style=\"font-weight: 400; font-size: 14pt;\"> W du\u017cym rondlu na \u015brednim \/ du\u017cym ogniu podgrzej 1\/2 \u0142y\u017cki oliwy i dodaj posiekan\u0105 cebul\u0119. Sma\u017c cebul\u0119 przez kilka minut lub do momentu zeszklenia.<\/span><\/li>\n<li><span style=\"font-weight: 400; font-size: 14pt;\"> Dodaj do rondla makaron i sos, dobrze je wymieszaj. Nast\u0119pnie dorzu\u0107 \u015bwie\u017c\u0105 bazyli\u0119 i posiekane suszone pomidory. Ponownie zamieszaj wszystkie sk\u0142adniki.<\/span><\/li>\n<li><span style=\"font-weight: 400; font-size: 14pt;\"> Dopraw makaron octem balsamicznym, \u015bwie\u017co zmielonym pieprzem i posyp parmezanem.<\/span><\/li>\n<\/ol>\n","protected":false},"excerpt":{"rendered":"<p>W jaki spos\u00f3b radzili sobie z \u017cywieniem profesjonalni kolarze w ubieg\u0142ym wieku, kiedy nie mieli jeszcze do pomocy sztabu dietetyk\u00f3w? [&hellip;]<\/p>\n","protected":false},"author":76,"featured_media":6184,"comment_status":"open","ping_status":"open","sticky":false,"template":"","format":"standard","meta":{"footnotes":""},"categories":[4],"tags":[41,143,82,123],"global-categories":[],"class_list":["post-6183","post","type-post","status-publish","format-standard","has-post-thumbnail","hentry","category-zdrowie-i-trening","tag-cycling","tag-przepisy","tag-welovecycling","tag-zdrowie-i-trening"],"yoast_head":"<!-- This site is optimized with the Yoast SEO Premium plugin v25.3 (Yoast SEO v25.9) - https:\/\/yoast.com\/wordpress\/plugins\/seo\/ -->\n<title>Powr\u00f3t do korzeni: piknik z chlebem i makaronem - \u0160koda We Love Cycling - Poland<\/title>\n<meta name=\"robots\" content=\"index, follow, max-snippet:-1, max-image-preview:large, max-video-preview:-1\" \/>\n<link rel=\"canonical\" href=\"https:\/\/www.welovecycling.com\/pl\/2017\/12\/14\/powrot-korzeni-piknik-chlebem-makaronem\/\" \/>\n<meta property=\"og:locale\" content=\"pl_PL\" \/>\n<meta property=\"og:type\" content=\"article\" \/>\n<meta property=\"og:title\" content=\"Powr\u00f3t do korzeni: piknik z chlebem i makaronem\" \/>\n<meta property=\"og:description\" content=\"W jaki spos\u00f3b radzili sobie z \u017cywieniem profesjonalni kolarze w ubieg\u0142ym wieku, kiedy nie mieli jeszcze do pomocy sztabu dietetyk\u00f3w? [&hellip;]\" \/>\n<meta property=\"og:url\" content=\"https:\/\/www.welovecycling.com\/pl\/2017\/12\/14\/powrot-korzeni-piknik-chlebem-makaronem\/\" \/>\n<meta property=\"og:site_name\" content=\"\u0160koda We Love Cycling - Poland\" \/>\n<meta property=\"article:published_time\" content=\"2017-12-14T15:34:26+00:00\" \/>\n<meta property=\"article:modified_time\" content=\"2017-12-17T13:58:27+00:00\" \/>\n<meta property=\"og:image\" content=\"https:\/\/d2p6e6u75xmxt8.cloudfront.net\/5\/2017\/12\/tomato-pasta.jpg\" \/>\n\t<meta property=\"og:image:width\" content=\"1375\" \/>\n\t<meta property=\"og:image:height\" content=\"600\" \/>\n\t<meta property=\"og:image:type\" content=\"image\/jpeg\" \/>\n<meta name=\"author\" content=\"piotrboczkowski\" \/>\n<meta name=\"twitter:card\" content=\"summary_large_image\" \/>\n<meta name=\"twitter:label1\" content=\"Written by\" \/>\n\t<meta name=\"twitter:data1\" content=\"Jiri Kaloc\" \/>\n\t<meta name=\"twitter:label2\" content=\"Est. reading time\" \/>\n\t<meta name=\"twitter:data2\" content=\"2 minutes\" \/>\n<script type=\"application\/ld+json\" class=\"yoast-schema-graph\">{\"@context\":\"https:\/\/schema.org\",\"@graph\":[{\"@type\":\"WebPage\",\"@id\":\"https:\/\/www.welovecycling.com\/pl\/2017\/12\/14\/powrot-korzeni-piknik-chlebem-makaronem\/\",\"url\":\"https:\/\/www.welovecycling.com\/pl\/2017\/12\/14\/powrot-korzeni-piknik-chlebem-makaronem\/\",\"name\":\"Powr\u00f3t do korzeni: piknik z chlebem i makaronem - \u0160koda We Love Cycling - Poland\",\"isPartOf\":{\"@id\":\"https:\/\/www.welovecycling.com\/pl\/#website\"},\"primaryImageOfPage\":{\"@id\":\"https:\/\/www.welovecycling.com\/pl\/2017\/12\/14\/powrot-korzeni-piknik-chlebem-makaronem\/#primaryimage\"},\"image\":{\"@id\":\"https:\/\/www.welovecycling.com\/pl\/2017\/12\/14\/powrot-korzeni-piknik-chlebem-makaronem\/#primaryimage\"},\"thumbnailUrl\":\"https:\/\/d2p6e6u75xmxt8.cloudfront.net\/5\/2017\/12\/tomato-pasta.jpg\",\"datePublished\":\"2017-12-14T15:34:26+00:00\",\"dateModified\":\"2017-12-17T13:58:27+00:00\",\"author\":{\"@id\":\"https:\/\/www.welovecycling.com\/pl\/#\/schema\/person\/0dba2d39da943db9df3fd8f4687e7f23\"},\"breadcrumb\":{\"@id\":\"https:\/\/www.welovecycling.com\/pl\/2017\/12\/14\/powrot-korzeni-piknik-chlebem-makaronem\/#breadcrumb\"},\"inLanguage\":\"pl-PL\",\"potentialAction\":[{\"@type\":\"ReadAction\",\"target\":[\"https:\/\/www.welovecycling.com\/pl\/2017\/12\/14\/powrot-korzeni-piknik-chlebem-makaronem\/\"]}]},{\"@type\":\"ImageObject\",\"inLanguage\":\"pl-PL\",\"@id\":\"https:\/\/www.welovecycling.com\/pl\/2017\/12\/14\/powrot-korzeni-piknik-chlebem-makaronem\/#primaryimage\",\"url\":\"https:\/\/d2p6e6u75xmxt8.cloudfront.net\/5\/2017\/12\/tomato-pasta.jpg\",\"contentUrl\":\"https:\/\/d2p6e6u75xmxt8.cloudfront.net\/5\/2017\/12\/tomato-pasta.jpg\",\"width\":1375,\"height\":600},{\"@type\":\"BreadcrumbList\",\"@id\":\"https:\/\/www.welovecycling.com\/pl\/2017\/12\/14\/powrot-korzeni-piknik-chlebem-makaronem\/#breadcrumb\",\"itemListElement\":[{\"@type\":\"ListItem\",\"position\":1,\"name\":\"Home\",\"item\":\"https:\/\/www.welovecycling.com\/pl\/\"},{\"@type\":\"ListItem\",\"position\":2,\"name\":\"Powr\u00f3t do korzeni: piknik z chlebem i makaronem\"}]},{\"@type\":\"WebSite\",\"@id\":\"https:\/\/www.welovecycling.com\/pl\/#website\",\"url\":\"https:\/\/www.welovecycling.com\/pl\/\",\"name\":\"\u0160koda We Love Cycling - Poland\",\"description\":\"\",\"potentialAction\":[{\"@type\":\"SearchAction\",\"target\":{\"@type\":\"EntryPoint\",\"urlTemplate\":\"https:\/\/www.welovecycling.com\/pl\/?s={search_term_string}\"},\"query-input\":{\"@type\":\"PropertyValueSpecification\",\"valueRequired\":true,\"valueName\":\"search_term_string\"}}],\"inLanguage\":\"pl-PL\"},{\"@type\":\"Person\",\"@id\":\"https:\/\/www.welovecycling.com\/pl\/#\/schema\/person\/0dba2d39da943db9df3fd8f4687e7f23\",\"name\":\"piotrboczkowski\",\"image\":{\"@type\":\"ImageObject\",\"inLanguage\":\"pl-PL\",\"@id\":\"https:\/\/www.welovecycling.com\/pl\/#\/schema\/person\/image\/\",\"url\":\"https:\/\/secure.gravatar.com\/avatar\/533caccae14752e03a2ce2d3fd62d1b98b93e1393c3195c27819e53344ca1ace?s=96&d=mm&r=g\",\"contentUrl\":\"https:\/\/secure.gravatar.com\/avatar\/533caccae14752e03a2ce2d3fd62d1b98b93e1393c3195c27819e53344ca1ace?s=96&d=mm&r=g\",\"caption\":\"piotrboczkowski\"},\"url\":\"https:\/\/www.welovecycling.com\/pl\/author\/piotrboczkowski\/\"}]}<\/script>\n<!-- \/ Yoast SEO Premium plugin. -->","yoast_head_json":{"title":"Powr\u00f3t do korzeni: piknik z chlebem i makaronem - \u0160koda We Love Cycling - Poland","robots":{"index":"index","follow":"follow","max-snippet":"max-snippet:-1","max-image-preview":"max-image-preview:large","max-video-preview":"max-video-preview:-1"},"canonical":"https:\/\/www.welovecycling.com\/pl\/2017\/12\/14\/powrot-korzeni-piknik-chlebem-makaronem\/","og_locale":"pl_PL","og_type":"article","og_title":"Powr\u00f3t do korzeni: piknik z chlebem i makaronem","og_description":"W jaki spos\u00f3b radzili sobie z \u017cywieniem profesjonalni kolarze w ubieg\u0142ym wieku, kiedy nie mieli jeszcze do pomocy sztabu dietetyk\u00f3w? [&hellip;]","og_url":"https:\/\/www.welovecycling.com\/pl\/2017\/12\/14\/powrot-korzeni-piknik-chlebem-makaronem\/","og_site_name":"\u0160koda We Love Cycling - Poland","article_published_time":"2017-12-14T15:34:26+00:00","article_modified_time":"2017-12-17T13:58:27+00:00","og_image":[{"width":1375,"height":600,"url":"https:\/\/d2p6e6u75xmxt8.cloudfront.net\/5\/2017\/12\/tomato-pasta.jpg","type":"image\/jpeg"}],"author":"piotrboczkowski","twitter_card":"summary_large_image","twitter_misc":{"Written by":"Jiri Kaloc","Est. reading time":"2 minutes"},"schema":{"@context":"https:\/\/schema.org","@graph":[{"@type":"WebPage","@id":"https:\/\/www.welovecycling.com\/pl\/2017\/12\/14\/powrot-korzeni-piknik-chlebem-makaronem\/","url":"https:\/\/www.welovecycling.com\/pl\/2017\/12\/14\/powrot-korzeni-piknik-chlebem-makaronem\/","name":"Powr\u00f3t do korzeni: piknik z chlebem i makaronem - \u0160koda We Love Cycling - Poland","isPartOf":{"@id":"https:\/\/www.welovecycling.com\/pl\/#website"},"primaryImageOfPage":{"@id":"https:\/\/www.welovecycling.com\/pl\/2017\/12\/14\/powrot-korzeni-piknik-chlebem-makaronem\/#primaryimage"},"image":{"@id":"https:\/\/www.welovecycling.com\/pl\/2017\/12\/14\/powrot-korzeni-piknik-chlebem-makaronem\/#primaryimage"},"thumbnailUrl":"https:\/\/d2p6e6u75xmxt8.cloudfront.net\/5\/2017\/12\/tomato-pasta.jpg","datePublished":"2017-12-14T15:34:26+00:00","dateModified":"2017-12-17T13:58:27+00:00","author":{"@id":"https:\/\/www.welovecycling.com\/pl\/#\/schema\/person\/0dba2d39da943db9df3fd8f4687e7f23"},"breadcrumb":{"@id":"https:\/\/www.welovecycling.com\/pl\/2017\/12\/14\/powrot-korzeni-piknik-chlebem-makaronem\/#breadcrumb"},"inLanguage":"pl-PL","potentialAction":[{"@type":"ReadAction","target":["https:\/\/www.welovecycling.com\/pl\/2017\/12\/14\/powrot-korzeni-piknik-chlebem-makaronem\/"]}]},{"@type":"ImageObject","inLanguage":"pl-PL","@id":"https:\/\/www.welovecycling.com\/pl\/2017\/12\/14\/powrot-korzeni-piknik-chlebem-makaronem\/#primaryimage","url":"https:\/\/d2p6e6u75xmxt8.cloudfront.net\/5\/2017\/12\/tomato-pasta.jpg","contentUrl":"https:\/\/d2p6e6u75xmxt8.cloudfront.net\/5\/2017\/12\/tomato-pasta.jpg","width":1375,"height":600},{"@type":"BreadcrumbList","@id":"https:\/\/www.welovecycling.com\/pl\/2017\/12\/14\/powrot-korzeni-piknik-chlebem-makaronem\/#breadcrumb","itemListElement":[{"@type":"ListItem","position":1,"name":"Home","item":"https:\/\/www.welovecycling.com\/pl\/"},{"@type":"ListItem","position":2,"name":"Powr\u00f3t do korzeni: piknik z chlebem i makaronem"}]},{"@type":"WebSite","@id":"https:\/\/www.welovecycling.com\/pl\/#website","url":"https:\/\/www.welovecycling.com\/pl\/","name":"\u0160koda We Love Cycling - Poland","description":"","potentialAction":[{"@type":"SearchAction","target":{"@type":"EntryPoint","urlTemplate":"https:\/\/www.welovecycling.com\/pl\/?s={search_term_string}"},"query-input":{"@type":"PropertyValueSpecification","valueRequired":true,"valueName":"search_term_string"}}],"inLanguage":"pl-PL"},{"@type":"Person","@id":"https:\/\/www.welovecycling.com\/pl\/#\/schema\/person\/0dba2d39da943db9df3fd8f4687e7f23","name":"piotrboczkowski","image":{"@type":"ImageObject","inLanguage":"pl-PL","@id":"https:\/\/www.welovecycling.com\/pl\/#\/schema\/person\/image\/","url":"https:\/\/secure.gravatar.com\/avatar\/533caccae14752e03a2ce2d3fd62d1b98b93e1393c3195c27819e53344ca1ace?s=96&d=mm&r=g","contentUrl":"https:\/\/secure.gravatar.com\/avatar\/533caccae14752e03a2ce2d3fd62d1b98b93e1393c3195c27819e53344ca1ace?s=96&d=mm&r=g","caption":"piotrboczkowski"},"url":"https:\/\/www.welovecycling.com\/pl\/author\/piotrboczkowski\/"}]}},"_links":{"self":[{"href":"https:\/\/www.welovecycling.com\/pl\/wp-json\/wp\/v2\/posts\/6183","targetHints":{"allow":["GET"]}}],"collection":[{"href":"https:\/\/www.welovecycling.com\/pl\/wp-json\/wp\/v2\/posts"}],"about":[{"href":"https:\/\/www.welovecycling.com\/pl\/wp-json\/wp\/v2\/types\/post"}],"author":[{"embeddable":true,"href":"https:\/\/www.welovecycling.com\/pl\/wp-json\/wp\/v2\/users\/76"}],"replies":[{"embeddable":true,"href":"https:\/\/www.welovecycling.com\/pl\/wp-json\/wp\/v2\/comments?post=6183"}],"version-history":[{"count":2,"href":"https:\/\/www.welovecycling.com\/pl\/wp-json\/wp\/v2\/posts\/6183\/revisions"}],"predecessor-version":[{"id":6188,"href":"https:\/\/www.welovecycling.com\/pl\/wp-json\/wp\/v2\/posts\/6183\/revisions\/6188"}],"wp:featuredmedia":[{"embeddable":true,"href":"https:\/\/www.welovecycling.com\/pl\/wp-json\/wp\/v2\/media\/6184"}],"wp:attachment":[{"href":"https:\/\/www.welovecycling.com\/pl\/wp-json\/wp\/v2\/media?parent=6183"}],"wp:term":[{"taxonomy":"category","embeddable":true,"href":"https:\/\/www.welovecycling.com\/pl\/wp-json\/wp\/v2\/categories?post=6183"},{"taxonomy":"post_tag","embeddable":true,"href":"https:\/\/www.welovecycling.com\/pl\/wp-json\/wp\/v2\/tags?post=6183"},{"taxonomy":"global-categories","embeddable":true,"href":"https:\/\/www.welovecycling.com\/pl\/wp-json\/wp\/v2\/global-categories?post=6183"}],"curies":[{"name":"wp","href":"https:\/\/api.w.org\/{rel}","templated":true}]}}