{"id":6174,"date":"2017-12-13T23:03:16","date_gmt":"2017-12-13T23:03:16","guid":{"rendered":"https:\/\/www.welovecycling.com\/pl\/?p=6174"},"modified":"2018-02-06T12:08:53","modified_gmt":"2018-02-06T12:08:53","slug":"bodnar-wygranej-tdf-zdradza-przezywalem-dodatkowy-niezwiazany-jazda-stres","status":"publish","type":"post","link":"https:\/\/www.welovecycling.com\/pl\/2017\/12\/13\/bodnar-wygranej-tdf-zdradza-przezywalem-dodatkowy-niezwiazany-jazda-stres\/","title":{"rendered":"Bodnar po wygranej na TdF zdradza: Prze\u017cywa\u0142em dodatkowy, niezwi\u0105zany z jazd\u0105 stres"},"content":{"rendered":"<p><span style=\"font-weight: 400;\">&#8211; Ogl\u0105dali to ludzie w ponad 100 krajach, na konferencji prasowej by\u0142o ok. 300 dziennikarzy, a ja dosta\u0142em tak du\u017co wiadomo\u015bci z gratulacjami, \u017ce do dzi\u015b wszystkich nie odczyta\u0142em \u2013 o pocz\u0105tkach z kolarstwem, stresie, a przede wszystkim wielkim zwyci\u0119stwie na Tour de France w specjalnym wywiadzie dla We Love Cycling opowiada Maciej Bodnar.<\/span><!--more--><\/p>\n<p><span style=\"font-weight: 400;\">32-letni kolarz z O\u0142awy podczas tegorocznej Wielkiej P\u0119tli zaskoczy\u0142 ca\u0142y kolarski \u015bwiat \u2013 \u015bwietnie pojecha\u0142 \u201eczas\u00f3wk\u0119\u201d w Marsylii, wyprzedzi\u0142 o sekund\u0119 Micha\u0142a Kwiatkowskiego i jako trzeci Polak w historii (po Zenonie Jaskule i Rafale Majce) wygra\u0142 etap najwi\u0119kszego wy\u015bcigu \u015bwiata!<\/span><\/p>\n<p><span style=\"font-weight: 400;\">W specjalnym wywiadzie dla We Love Cycling Bodnar opowiada o tamtym dniu.<\/span><\/p>\n<p><b>Szczerze &#8211; ile razy ogl\u0105da\u0142 Pan sw\u00f3j finisz i rado\u015b\u0107 po wygranym etapie Tour de France?<\/b><\/p>\n<p><span style=\"font-weight: 400;\">&#8211; Szczerze? Mo\u017ce ze dwa, trzy i to przypadkowo. Najpierw zaraz po etapie z dru\u017cyn\u0105, a p\u00f3\u017aniej w rodzinie kto\u015b mi to pokazywa\u0142. Ale \u017cebym jako\u015b specjalnie szuka\u0142 relacji wideo, to nie.<\/span><\/p>\n<p><b>Nie jest Pan sentymentalny?<\/b><\/p>\n<p><span style=\"font-weight: 400;\">&#8211; Nie no, bez przesady. Etap Tour de France do tej pory wygra\u0142o trzech Polak\u00f3w, wi\u0119c nie mog\u0119 przej\u015b\u0107 obok tego oboj\u0119tnie, w ko\u0144cu to m\u00f3j najwi\u0119kszy sukces w karierze\u2026 Kiedy\u015b pewnie b\u0119d\u0119 do tego wraca\u0142, ale na razie wci\u0105\u017c jestem zawodowym kolarzem. Jestem dumny z tego zwyci\u0119stwa, ale patrz\u0119 do przodu, na kolejny sezon.<\/span><\/p>\n<p><b>Gdybym 10 lat temu powiedzia\u0142 Panu, \u017ce wygra Pan ten etap\u2026<\/b><\/p>\n<p><span style=\"font-weight: 400;\">&#8211; \u202610 lat temu to ja marzy\u0142em o samym starcie w tym najwi\u0119kszym wy\u015bcigu na \u015bwiecie, a nie o zwyci\u0119stwach. \u00a0Gdy ju\u017c jednak by\u0142em na Tour de France, to pojawi\u0142y si\u0119 my\u015bli o wygranej, cho\u0107 nie by\u0142 to cel numer jeden.<\/span><\/p>\n<p><b>Kolarze m\u00f3wi\u0105, \u017ce ju\u017c rano w dniu etapu wiedz\u0105, \u017ce to mo\u017ce by\u0107 ich dzie\u0144. Pan to samo czu\u0142 22 lipca?<\/b><\/p>\n<p><span style=\"font-weight: 400;\">&#8211; Czu\u0142em si\u0119 dobrze, ale nie my\u015bla\u0142em, \u017ce mog\u0119 wygra\u0107. Wiedzia\u0142em, \u017ce powalcz\u0119 o wysokie miejsce. Celowa\u0142em w pierwsz\u0105 \u201epi\u0105tk\u0119\u201d, cho\u0107 my\u015bl o zwyci\u0119stwie te\u017c si\u0119 pojawi\u0142a.<\/span><\/p>\n<p><b>Kiedy Pan sobie u\u015bwiadomi\u0142, \u017ce jest na wyci\u0105gni\u0119cie r\u0119ki?<\/b><\/p>\n<p><span style=\"font-weight: 400;\">&#8211; Na \u201eczas\u00f3wce\u201d trzeba dobrze roz\u0142o\u017cy\u0107 si\u0142y, \u017ceby na sam koniec si\u0119 nie przeliczy\u0107. Zaraz po starcie poczu\u0142em, \u017ce nogi s\u0105 dobre.<\/span><\/p>\n<p><b>Jednak sta\u0142 Pan na mecie i czeka\u0142 na kolejnych zawodnik\u00f3w. Nie wierz\u0119, \u017ce by\u0142 Pan wyluzowany.<\/b><\/p>\n<p><span style=\"font-weight: 400;\">&#8211; Nie no, luzu nie by\u0142o, cho\u0107 wiedzia\u0142em, \u017ce wykr\u0119ci\u0142em bardzo dobry czas. Ci dobrzy \u201eczasowcy\u201d przyjechali zaraz za mn\u0105, wi\u0119c wiedzia\u0142em, \u017ce mo\u017ce by\u0107 bardzo dobrze. Z minuty na minut\u0119 ci\u015bnienie jednak ros\u0142o, a jako ostatni jecha\u0142 Froome, wi\u0119c czekania by\u0142o du\u017co. Poma\u0142u jednak utwierdza\u0142em si\u0119, \u017ce to mo\u017ce by\u0107 m\u00f3j dzie\u0144. <\/span><\/p>\n<p><span style=\"font-weight: 400;\">Do tego mia\u0142em dodatkowy, nietypowy stres, bo chcia\u0142em skorzysta\u0107 z toalety, ale zawodnik, kt\u00f3ry wygra, musi by\u0107 poddany kontroli antydopingowej. Ja jednak wci\u0105\u017c nie by\u0142em zwyci\u0119zc\u0105, wi\u0119c nie mog\u0142em i\u015b\u0107 na kontrol\u0119 i musia\u0142em czeka\u0107 do ko\u0144ca. A gdybym poszed\u0142 do toalety wcze\u015bniej, to po wy\u015bcigu zn\u00f3w by\u0142oby ze 3-4 godziny czekania. Tak wi\u0119c potrzeba fizjologiczna by\u0142a dodatkowym stresem.<\/span><\/p>\n<p><b>Wygrywaj\u0105c etap, poczu\u0142 Pan, \u017ce jest bohaterem dnia na Tour de France?<\/b><\/p>\n<p><span style=\"font-weight: 400;\">&#8211; Wielu m\u00f3wi, \u017ce jak wygrywasz etap na Tour de France, to znaczy, \u017ce jest ju\u017c z ciebie kawa\u0142 kolarza\u2026 No sam nie wiem\u2026 To w ko\u0144cu jedna z najwi\u0119kszych imprez sportowych na \u015bwiecie, po igrzyskach olimpijskich i mistrzostwach \u015bwiata w pi\u0142ce no\u017cnej, wi\u0119c naturalnie, \u017ce to poczu\u0142em. Przecie\u017c ludzie w ponad 100 krajach mieli szans\u0119 zobaczy\u0107 moj\u0105 wygran\u0105\u2026 Dosta\u0142em wiele wiadomo\u015bci z gratulacjami na jednym z portali spo\u0142eczno\u015bciowych, do dzi\u015b nawet wszystkich nie odczyta\u0142em. W pewnym momencie przesta\u0142em je przegl\u0105da\u0107, bo by\u0142o tego naprawd\u0119 sporo. Wszystkim jednak podzi\u0119kowa\u0142em inn\u0105 drog\u0105.<\/span><\/p>\n<p><b>Dzi\u015b telefon SMS-ami ci\u0119\u017cko zapcha\u0107, ale\u2026<\/b><\/p>\n<p><span style=\"font-weight: 400;\">&#8211; Tak, ale dostawa\u0142em wiadomo\u015bci od bli\u017cszych i dalszych znajomych, a tak\u017ce od ludzi, kt\u00f3rych kiedy\u015b tam w \u017cyciu spotka\u0142em\u2026 Fajne uczucie. Dzie\u0144, gdy wygra\u0142em, by\u0142 jednak dla mnie kr\u00f3tki, bo p\u00f3\u017aniej nadesz\u0142a kontrola antydopingowa i konferencja prasowa, kt\u00f3ra w takim wydaniu nigdzie indziej si\u0119 nie zdarza. Przychodzi na ni\u0105 oko\u0142o 300 dziennikarzy, a to robi wra\u017cenie. Ca\u0142a sala gimnastyczna by\u0142a wype\u0142niona. Oczywi\u015bcie nie ka\u017cdy zada\u0142 pytanie, ale troch\u0119 czasu to zaj\u0119\u0142o.<\/span><\/p>\n<p><b>Kiedy Pan w\u0142a\u015bciwie poczu\u0142, \u017ce kolarstwo b\u0119dzie Pana sposobem na \u017cycie?<\/b><\/p>\n<p><span style=\"font-weight: 400;\">&#8211; To nie jest tak, \u017ce si\u0119 wybiera, cz\u0119sto to niezale\u017cne od nas. Zaczyna si\u0119 od zapisania do klubu i samej rado\u015bci z jazdy. P\u00f3\u017aniej przechodzi si\u0119 kolejne poziomy a\u017c do zawodowstwa. Nie da si\u0119 wskaza\u0107 jednego momentu.<\/span><\/p>\n<p><b>Ale jak to si\u0119 zacz\u0119\u0142o? Gdy ju\u017c wszyscy wok\u00f3\u0142 dostali rowery na komuni\u0119, to Pan zawsze by\u0142 najszybszy?<\/b><\/p>\n<p><span style=\"font-weight: 400;\">&#8211; Nie przywi\u0105zywa\u0142em do tego wagi. U mnie wszystko zacz\u0119\u0142o si\u0119 od starszego brata, kt\u00f3ry zacz\u0105\u0142 si\u0119 \u015bciga\u0107, wi\u0119c drog\u0119 mia\u0142em troszeczk\u0119 przetart\u0105. Podobnie jest w wielu rodzinach sportowych. Brat zacz\u0105\u0142 jakie\u015b 4-5 lat przede mn\u0105, wi\u0119c mia\u0142em sporo czasu, by si\u0119 temu przyjrze\u0107.<\/span><\/p>\n<p><b>Do \u015bwietnego sezonu zabrak\u0142o Panu wysokiego miejsca na mistrzostwach \u015bwiata. To jednak przekre\u015bli\u0142y dwa upadki podczas \u201eczas\u00f3wki\u201d.<\/b><\/p>\n<p><span style=\"font-weight: 400;\">&#8211; By\u0142em rozczarowany, bo celowa\u0142em nawet w podium, ale trasa by\u0142a bardzo ci\u0119\u017cka. Pech. Zaliczy\u0142em ju\u017c sporo upadk\u00f3w, ale na rowerze czasowym ostatni mia\u0142em\u2026 Nie pami\u0119tam, czy kiedykolwiek mia\u0142em przez 11 lat mojej zawodowej jazdy (\u015bmiech). To by\u0142o dla mnie du\u017ce zaskoczenie, ale teraz patrz\u0119 ju\u017c tylko w przysz\u0142o\u015b\u0107.<\/span><\/p>\n<p><b>Jakie ma Pan plany?<\/b><\/p>\n<p><span style=\"font-weight: 400;\">&#8211; Zacz\u0119li\u015bmy trenowa\u0107, z\u0142apa\u0142 mnie Pan w\u0142a\u015bnie we W\u0142oszech. Kalendarz b\u0119d\u0119 mia\u0142 podobny do ostatniego, wi\u0119c pewnie zn\u00f3w wystartuj\u0119 w Tour de France. Jeszcze raz dostan\u0119 szans\u0119 pomaga\u0107 kolegom i mo\u017ce powalczy\u0107 na jakim\u015b etapie.<\/span><\/p>\n<p><b>Czuje Pan, \u017ce wygran\u0105 w Tour de France do\u0142o\u017cy\u0142 Pan du\u017c\u0105 cegie\u0142k\u0119 do budowy presti\u017cu polskiego kolarstwa?<\/b><\/p>\n<p><span style=\"font-weight: 400;\">&#8211; Idziemy do przodu. Ja, Rafa\u0142 Majka czy Micha\u0142 Kwiatkowski \u015bcigamy si\u0119 w najlepszych zespo\u0142ach na \u015bwiecie, wi\u0119c progres wida\u0107. Jest nas kilku, kt\u00f3rzy wykonuj\u0105 prac\u0119 dla polskiego kolarstwa. Nasze wyniki odbijaj\u0105 si\u0119 szerszym echem i miejmy nadziej\u0119, \u017ce to kolarstwo si\u0119 rozp\u0119dzi. Nie jest bardzo \u017ale, cho\u0107 przyda\u0142oby si\u0119 nam wi\u0119cej dru\u017cyn zawodowych, ale to ju\u017c nie jest kwestia zwi\u0105zana ze mn\u0105. Ja si\u0119 ciesz\u0119, \u017ce Polacy w kolarstwie s\u0105 do\u015b\u0107 znacz\u0105cymi graczami. Fajnie, \u017ce nas wida\u0107 i to chyba najlepsza promocja.<\/span><\/p>\n<div class=\"entry-content\">\n<p>(\u0179r\u00f3d\u0142o zdj\u0119\u0107:\u00a0www.letour.fr \u00a9 ASO\/Alex BROADWAY)<\/p>\n<\/div>\n","protected":false},"excerpt":{"rendered":"<p>&#8211; Ogl\u0105dali to ludzie w ponad 100 krajach, na konferencji prasowej by\u0142o ok. 300 dziennikarzy, a ja dosta\u0142em tak du\u017co [&hellip;]<\/p>\n","protected":false},"author":76,"featured_media":4608,"comment_status":"open","ping_status":"open","sticky":false,"template":"","format":"standard","meta":{"footnotes":""},"categories":[226],"tags":[41,189,77,82],"global-categories":[],"class_list":["post-6174","post","type-post","status-publish","format-standard","has-post-thumbnail","hentry","category-ciekawostki","tag-cycling","tag-maciej-bodnar","tag-tour-de-france","tag-welovecycling"],"yoast_head":"<!-- This site is optimized with the Yoast SEO Premium plugin v25.3 (Yoast SEO v25.9) - https:\/\/yoast.com\/wordpress\/plugins\/seo\/ -->\n<title>Bodnar po wygranej na TdF zdradza: Prze\u017cywa\u0142em dodatkowy, niezwi\u0105zany z jazd\u0105 stres - \u0160koda We Love Cycling - Poland<\/title>\n<meta name=\"robots\" content=\"index, follow, max-snippet:-1, max-image-preview:large, max-video-preview:-1\" \/>\n<link rel=\"canonical\" href=\"https:\/\/www.welovecycling.com\/pl\/2017\/12\/13\/bodnar-wygranej-tdf-zdradza-przezywalem-dodatkowy-niezwiazany-jazda-stres\/\" \/>\n<meta property=\"og:locale\" content=\"pl_PL\" \/>\n<meta property=\"og:type\" content=\"article\" \/>\n<meta property=\"og:title\" content=\"Bodnar po wygranej na TdF zdradza: Prze\u017cywa\u0142em dodatkowy, niezwi\u0105zany z jazd\u0105 stres\" \/>\n<meta property=\"og:description\" content=\"&#8211; Ogl\u0105dali to ludzie w ponad 100 krajach, na konferencji prasowej by\u0142o ok. 300 dziennikarzy, a ja dosta\u0142em tak du\u017co [&hellip;]\" \/>\n<meta property=\"og:url\" content=\"https:\/\/www.welovecycling.com\/pl\/2017\/12\/13\/bodnar-wygranej-tdf-zdradza-przezywalem-dodatkowy-niezwiazany-jazda-stres\/\" \/>\n<meta property=\"og:site_name\" content=\"\u0160koda We Love Cycling - Poland\" \/>\n<meta property=\"article:published_time\" content=\"2017-12-13T23:03:16+00:00\" \/>\n<meta property=\"article:modified_time\" content=\"2018-02-06T12:08:53+00:00\" \/>\n<meta property=\"og:image\" content=\"https:\/\/d2p6e6u75xmxt8.cloudfront.net\/5\/2017\/07\/20170722314_221651.jpg\" \/>\n\t<meta property=\"og:image:width\" content=\"1000\" \/>\n\t<meta property=\"og:image:height\" content=\"666\" \/>\n\t<meta property=\"og:image:type\" content=\"image\/jpeg\" \/>\n<meta name=\"author\" content=\"piotrboczkowski\" \/>\n<meta name=\"twitter:card\" content=\"summary_large_image\" \/>\n<meta name=\"twitter:label1\" content=\"Written by\" \/>\n\t<meta name=\"twitter:data1\" content=\"WeLoveCycling\" \/>\n\t<meta name=\"twitter:label2\" content=\"Est. reading time\" \/>\n\t<meta name=\"twitter:data2\" content=\"6 minutes\" \/>\n<script type=\"application\/ld+json\" class=\"yoast-schema-graph\">{\"@context\":\"https:\/\/schema.org\",\"@graph\":[{\"@type\":\"WebPage\",\"@id\":\"https:\/\/www.welovecycling.com\/pl\/2017\/12\/13\/bodnar-wygranej-tdf-zdradza-przezywalem-dodatkowy-niezwiazany-jazda-stres\/\",\"url\":\"https:\/\/www.welovecycling.com\/pl\/2017\/12\/13\/bodnar-wygranej-tdf-zdradza-przezywalem-dodatkowy-niezwiazany-jazda-stres\/\",\"name\":\"Bodnar po wygranej na TdF zdradza: Prze\u017cywa\u0142em dodatkowy, niezwi\u0105zany z jazd\u0105 stres - \u0160koda We Love Cycling - Poland\",\"isPartOf\":{\"@id\":\"https:\/\/www.welovecycling.com\/pl\/#website\"},\"primaryImageOfPage\":{\"@id\":\"https:\/\/www.welovecycling.com\/pl\/2017\/12\/13\/bodnar-wygranej-tdf-zdradza-przezywalem-dodatkowy-niezwiazany-jazda-stres\/#primaryimage\"},\"image\":{\"@id\":\"https:\/\/www.welovecycling.com\/pl\/2017\/12\/13\/bodnar-wygranej-tdf-zdradza-przezywalem-dodatkowy-niezwiazany-jazda-stres\/#primaryimage\"},\"thumbnailUrl\":\"https:\/\/d2p6e6u75xmxt8.cloudfront.net\/5\/2017\/07\/20170722314_221651.jpg\",\"datePublished\":\"2017-12-13T23:03:16+00:00\",\"dateModified\":\"2018-02-06T12:08:53+00:00\",\"author\":{\"@id\":\"https:\/\/www.welovecycling.com\/pl\/#\/schema\/person\/0dba2d39da943db9df3fd8f4687e7f23\"},\"breadcrumb\":{\"@id\":\"https:\/\/www.welovecycling.com\/pl\/2017\/12\/13\/bodnar-wygranej-tdf-zdradza-przezywalem-dodatkowy-niezwiazany-jazda-stres\/#breadcrumb\"},\"inLanguage\":\"pl-PL\",\"potentialAction\":[{\"@type\":\"ReadAction\",\"target\":[\"https:\/\/www.welovecycling.com\/pl\/2017\/12\/13\/bodnar-wygranej-tdf-zdradza-przezywalem-dodatkowy-niezwiazany-jazda-stres\/\"]}]},{\"@type\":\"ImageObject\",\"inLanguage\":\"pl-PL\",\"@id\":\"https:\/\/www.welovecycling.com\/pl\/2017\/12\/13\/bodnar-wygranej-tdf-zdradza-przezywalem-dodatkowy-niezwiazany-jazda-stres\/#primaryimage\",\"url\":\"https:\/\/d2p6e6u75xmxt8.cloudfront.net\/5\/2017\/07\/20170722314_221651.jpg\",\"contentUrl\":\"https:\/\/d2p6e6u75xmxt8.cloudfront.net\/5\/2017\/07\/20170722314_221651.jpg\",\"width\":1000,\"height\":666,\"caption\":\"Tour de France 2017 - 22\/07\/2017 - Etape 20 - Marseille \/ Marseille(22,5 km CLM) - France - Maciej BODNAR (BORA - HANSGROHE) - Vainqueur du contre la montre\"},{\"@type\":\"BreadcrumbList\",\"@id\":\"https:\/\/www.welovecycling.com\/pl\/2017\/12\/13\/bodnar-wygranej-tdf-zdradza-przezywalem-dodatkowy-niezwiazany-jazda-stres\/#breadcrumb\",\"itemListElement\":[{\"@type\":\"ListItem\",\"position\":1,\"name\":\"Home\",\"item\":\"https:\/\/www.welovecycling.com\/pl\/\"},{\"@type\":\"ListItem\",\"position\":2,\"name\":\"Bodnar po wygranej na TdF zdradza: Prze\u017cywa\u0142em dodatkowy, niezwi\u0105zany z jazd\u0105 stres\"}]},{\"@type\":\"WebSite\",\"@id\":\"https:\/\/www.welovecycling.com\/pl\/#website\",\"url\":\"https:\/\/www.welovecycling.com\/pl\/\",\"name\":\"\u0160koda We Love Cycling - Poland\",\"description\":\"\",\"potentialAction\":[{\"@type\":\"SearchAction\",\"target\":{\"@type\":\"EntryPoint\",\"urlTemplate\":\"https:\/\/www.welovecycling.com\/pl\/?s={search_term_string}\"},\"query-input\":{\"@type\":\"PropertyValueSpecification\",\"valueRequired\":true,\"valueName\":\"search_term_string\"}}],\"inLanguage\":\"pl-PL\"},{\"@type\":\"Person\",\"@id\":\"https:\/\/www.welovecycling.com\/pl\/#\/schema\/person\/0dba2d39da943db9df3fd8f4687e7f23\",\"name\":\"piotrboczkowski\",\"image\":{\"@type\":\"ImageObject\",\"inLanguage\":\"pl-PL\",\"@id\":\"https:\/\/www.welovecycling.com\/pl\/#\/schema\/person\/image\/\",\"url\":\"https:\/\/secure.gravatar.com\/avatar\/533caccae14752e03a2ce2d3fd62d1b98b93e1393c3195c27819e53344ca1ace?s=96&d=mm&r=g\",\"contentUrl\":\"https:\/\/secure.gravatar.com\/avatar\/533caccae14752e03a2ce2d3fd62d1b98b93e1393c3195c27819e53344ca1ace?s=96&d=mm&r=g\",\"caption\":\"piotrboczkowski\"},\"url\":\"https:\/\/www.welovecycling.com\/pl\/author\/piotrboczkowski\/\"}]}<\/script>\n<!-- \/ Yoast SEO Premium plugin. -->","yoast_head_json":{"title":"Bodnar po wygranej na TdF zdradza: Prze\u017cywa\u0142em dodatkowy, niezwi\u0105zany z jazd\u0105 stres - \u0160koda We Love Cycling - Poland","robots":{"index":"index","follow":"follow","max-snippet":"max-snippet:-1","max-image-preview":"max-image-preview:large","max-video-preview":"max-video-preview:-1"},"canonical":"https:\/\/www.welovecycling.com\/pl\/2017\/12\/13\/bodnar-wygranej-tdf-zdradza-przezywalem-dodatkowy-niezwiazany-jazda-stres\/","og_locale":"pl_PL","og_type":"article","og_title":"Bodnar po wygranej na TdF zdradza: Prze\u017cywa\u0142em dodatkowy, niezwi\u0105zany z jazd\u0105 stres","og_description":"&#8211; Ogl\u0105dali to ludzie w ponad 100 krajach, na konferencji prasowej by\u0142o ok. 300 dziennikarzy, a ja dosta\u0142em tak du\u017co [&hellip;]","og_url":"https:\/\/www.welovecycling.com\/pl\/2017\/12\/13\/bodnar-wygranej-tdf-zdradza-przezywalem-dodatkowy-niezwiazany-jazda-stres\/","og_site_name":"\u0160koda We Love Cycling - Poland","article_published_time":"2017-12-13T23:03:16+00:00","article_modified_time":"2018-02-06T12:08:53+00:00","og_image":[{"width":1000,"height":666,"url":"https:\/\/d2p6e6u75xmxt8.cloudfront.net\/5\/2017\/07\/20170722314_221651.jpg","type":"image\/jpeg"}],"author":"piotrboczkowski","twitter_card":"summary_large_image","twitter_misc":{"Written by":"WeLoveCycling","Est. reading time":"6 minutes"},"schema":{"@context":"https:\/\/schema.org","@graph":[{"@type":"WebPage","@id":"https:\/\/www.welovecycling.com\/pl\/2017\/12\/13\/bodnar-wygranej-tdf-zdradza-przezywalem-dodatkowy-niezwiazany-jazda-stres\/","url":"https:\/\/www.welovecycling.com\/pl\/2017\/12\/13\/bodnar-wygranej-tdf-zdradza-przezywalem-dodatkowy-niezwiazany-jazda-stres\/","name":"Bodnar po wygranej na TdF zdradza: Prze\u017cywa\u0142em dodatkowy, niezwi\u0105zany z jazd\u0105 stres - \u0160koda We Love Cycling - Poland","isPartOf":{"@id":"https:\/\/www.welovecycling.com\/pl\/#website"},"primaryImageOfPage":{"@id":"https:\/\/www.welovecycling.com\/pl\/2017\/12\/13\/bodnar-wygranej-tdf-zdradza-przezywalem-dodatkowy-niezwiazany-jazda-stres\/#primaryimage"},"image":{"@id":"https:\/\/www.welovecycling.com\/pl\/2017\/12\/13\/bodnar-wygranej-tdf-zdradza-przezywalem-dodatkowy-niezwiazany-jazda-stres\/#primaryimage"},"thumbnailUrl":"https:\/\/d2p6e6u75xmxt8.cloudfront.net\/5\/2017\/07\/20170722314_221651.jpg","datePublished":"2017-12-13T23:03:16+00:00","dateModified":"2018-02-06T12:08:53+00:00","author":{"@id":"https:\/\/www.welovecycling.com\/pl\/#\/schema\/person\/0dba2d39da943db9df3fd8f4687e7f23"},"breadcrumb":{"@id":"https:\/\/www.welovecycling.com\/pl\/2017\/12\/13\/bodnar-wygranej-tdf-zdradza-przezywalem-dodatkowy-niezwiazany-jazda-stres\/#breadcrumb"},"inLanguage":"pl-PL","potentialAction":[{"@type":"ReadAction","target":["https:\/\/www.welovecycling.com\/pl\/2017\/12\/13\/bodnar-wygranej-tdf-zdradza-przezywalem-dodatkowy-niezwiazany-jazda-stres\/"]}]},{"@type":"ImageObject","inLanguage":"pl-PL","@id":"https:\/\/www.welovecycling.com\/pl\/2017\/12\/13\/bodnar-wygranej-tdf-zdradza-przezywalem-dodatkowy-niezwiazany-jazda-stres\/#primaryimage","url":"https:\/\/d2p6e6u75xmxt8.cloudfront.net\/5\/2017\/07\/20170722314_221651.jpg","contentUrl":"https:\/\/d2p6e6u75xmxt8.cloudfront.net\/5\/2017\/07\/20170722314_221651.jpg","width":1000,"height":666,"caption":"Tour de France 2017 - 22\/07\/2017 - Etape 20 - Marseille \/ Marseille(22,5 km CLM) - France - Maciej BODNAR (BORA - HANSGROHE) - Vainqueur du contre la montre"},{"@type":"BreadcrumbList","@id":"https:\/\/www.welovecycling.com\/pl\/2017\/12\/13\/bodnar-wygranej-tdf-zdradza-przezywalem-dodatkowy-niezwiazany-jazda-stres\/#breadcrumb","itemListElement":[{"@type":"ListItem","position":1,"name":"Home","item":"https:\/\/www.welovecycling.com\/pl\/"},{"@type":"ListItem","position":2,"name":"Bodnar po wygranej na TdF zdradza: Prze\u017cywa\u0142em dodatkowy, niezwi\u0105zany z jazd\u0105 stres"}]},{"@type":"WebSite","@id":"https:\/\/www.welovecycling.com\/pl\/#website","url":"https:\/\/www.welovecycling.com\/pl\/","name":"\u0160koda We Love Cycling - Poland","description":"","potentialAction":[{"@type":"SearchAction","target":{"@type":"EntryPoint","urlTemplate":"https:\/\/www.welovecycling.com\/pl\/?s={search_term_string}"},"query-input":{"@type":"PropertyValueSpecification","valueRequired":true,"valueName":"search_term_string"}}],"inLanguage":"pl-PL"},{"@type":"Person","@id":"https:\/\/www.welovecycling.com\/pl\/#\/schema\/person\/0dba2d39da943db9df3fd8f4687e7f23","name":"piotrboczkowski","image":{"@type":"ImageObject","inLanguage":"pl-PL","@id":"https:\/\/www.welovecycling.com\/pl\/#\/schema\/person\/image\/","url":"https:\/\/secure.gravatar.com\/avatar\/533caccae14752e03a2ce2d3fd62d1b98b93e1393c3195c27819e53344ca1ace?s=96&d=mm&r=g","contentUrl":"https:\/\/secure.gravatar.com\/avatar\/533caccae14752e03a2ce2d3fd62d1b98b93e1393c3195c27819e53344ca1ace?s=96&d=mm&r=g","caption":"piotrboczkowski"},"url":"https:\/\/www.welovecycling.com\/pl\/author\/piotrboczkowski\/"}]}},"_links":{"self":[{"href":"https:\/\/www.welovecycling.com\/pl\/wp-json\/wp\/v2\/posts\/6174","targetHints":{"allow":["GET"]}}],"collection":[{"href":"https:\/\/www.welovecycling.com\/pl\/wp-json\/wp\/v2\/posts"}],"about":[{"href":"https:\/\/www.welovecycling.com\/pl\/wp-json\/wp\/v2\/types\/post"}],"author":[{"embeddable":true,"href":"https:\/\/www.welovecycling.com\/pl\/wp-json\/wp\/v2\/users\/76"}],"replies":[{"embeddable":true,"href":"https:\/\/www.welovecycling.com\/pl\/wp-json\/wp\/v2\/comments?post=6174"}],"version-history":[{"count":2,"href":"https:\/\/www.welovecycling.com\/pl\/wp-json\/wp\/v2\/posts\/6174\/revisions"}],"predecessor-version":[{"id":6191,"href":"https:\/\/www.welovecycling.com\/pl\/wp-json\/wp\/v2\/posts\/6174\/revisions\/6191"}],"wp:featuredmedia":[{"embeddable":true,"href":"https:\/\/www.welovecycling.com\/pl\/wp-json\/wp\/v2\/media\/4608"}],"wp:attachment":[{"href":"https:\/\/www.welovecycling.com\/pl\/wp-json\/wp\/v2\/media?parent=6174"}],"wp:term":[{"taxonomy":"category","embeddable":true,"href":"https:\/\/www.welovecycling.com\/pl\/wp-json\/wp\/v2\/categories?post=6174"},{"taxonomy":"post_tag","embeddable":true,"href":"https:\/\/www.welovecycling.com\/pl\/wp-json\/wp\/v2\/tags?post=6174"},{"taxonomy":"global-categories","embeddable":true,"href":"https:\/\/www.welovecycling.com\/pl\/wp-json\/wp\/v2\/global-categories?post=6174"}],"curies":[{"name":"wp","href":"https:\/\/api.w.org\/{rel}","templated":true}]}}