{"id":614,"date":"2016-03-01T13:10:59","date_gmt":"2016-03-01T13:10:59","guid":{"rendered":"http:\/\/serwer1629254.home.pl\/?p=614"},"modified":"2016-12-05T09:56:59","modified_gmt":"2016-12-05T09:56:59","slug":"kolarze-w-rajtuzach","status":"publish","type":"post","link":"https:\/\/www.welovecycling.com\/pl\/2016\/03\/01\/kolarze-w-rajtuzach\/","title":{"rendered":"Kolarze w rajtuzach"},"content":{"rendered":"<p>Kiedy\u015b m\u0142ody zawodnik podkrada\u0142 starszej siostrze rajtuzy, dzi\u015b zak\u0142ada profesjonalny str\u00f3j i bez narzekania trenuje w mrozach. Sprawdzili\u015bmy, jak w zimie do sezonu przygotowuj\u0105 si\u0119 zawodnicy Copernicusa \u2013 Akademii Micha\u0142a Kwiatkowskiego.<!--more--><\/p>\n<p>Gdy w Bo\u017ce Narodzenie wi\u0119kszo\u015b\u0107 z nas wrzuca\u0142a w siebie setki kalorii, m\u0142odzi kolarze szli na trening. A gdy w po Sylwestrze snuli\u015bmy si\u0119 w poszukiwaniu leniwej pozycji, oni spotkali si\u0119 na treningu noworocznym. W Akademii Copernicus zim\u0105 nikt na taryf\u0119 ulgow\u0105 nawet nie pr\u00f3buje liczy\u0107.<\/p>\n<p>Zasada jest prosta \u2013 je\u015bli temperatura nie spada poni\u017cej minus o\u015bmiu stopni, to zawodnicy wyje\u017cd\u017caj\u0105 na trening. Je\u015bli mr\u00f3z szczypie za mocno, trenuj\u0105 na przyrz\u0105dach.<\/p>\n<p>&#8211; Nikt na zimno nie narzeka, ale te\u017c nie wyg\u0142upiamy si\u0119 i nie gonimy ch\u0142opak\u00f3w w wielkich mrozach, bo to mija si\u0119 z sensem. Wiem, \u017ce niekt\u00f3rzy je\u017cd\u017c\u0105 przy minus 15, ale z treningiem to nie ma nic wsp\u00f3lnego, bo cierpi\u0105 p\u0142uca i oskrzela. Jedne zaj\u0119cia na szosie w pot\u0119\u017cnym mrozie nie sprawi\u0105, \u017ce nasi zawodnicy zostan\u0105 mistrzami \u015bwiata \u2013 podkre\u015bla Tomasz Owsian, trener kategorii junior w Akademii Cupernicus.<\/p>\n<p>Szkoleniowiec doskonale wie, co znaczy trenowa\u0107 w zimie. By zosta\u0107 wielokrotnym medalist\u0105 mistrzostw Polski, w minusowych temperaturach te\u017c nie m\u00f3g\u0142 odpuszcza\u0107. Tyle, \u017ce to by\u0142y inne czasy. 25 lat temu nie by\u0142o profesjonalnych r\u0119kawiczek rowerowych, wi\u0119c zak\u0142ada\u0142o si\u0119 robocze. Nikt nie zna\u0142 te\u017c bluz z oddychaj\u0105cych materia\u0142\u00f3w, ale najzwyklejsze, w najlepszych wypadku ortalionowe. O ochraniaczach st\u00f3p nie wspominaj\u0105c.<\/p>\n<p>&#8211; Ka\u017cdy si\u0119 ratowa\u0142 jak m\u00f3g\u0142. Podkrada\u0142o si\u0119 starszej siostrze rajtuzy lub prosi\u0142o babci\u0119, by co\u015b uszy\u0142a. Jak teraz opowiadam ch\u0142opakom o tych czasach, to nie dowierzaj\u0105. To by\u0142 inny \u015bwiat \u2013 przyznaje trener Owsian.<\/p>\n<p>Dzi\u015b zawodnicy w Copernicusie maj\u0105 specjalne bluzy i spodnie z membran\u0105, kt\u00f3re \u015bwietnie radz\u0105 sobie z minusowymi temperaturami. Podobnie jest z r\u0119kawiczkami i ochraniaczami st\u00f3p.<\/p>\n<p>Po \u015bniegu je\u017adzi si\u0119 tylko na rowerach g\u00f3rskich, najlepiej wyposa\u017conych w b\u0142otniki. Je\u015bli rower takiego sprz\u0119tu nie ma, to \u015bnieg spod k\u00f3\u0142 ochlapuje zawodnika, przez co cia\u0142o szybciej marznie. &#8211; Zim\u0105 nale\u017cy uwa\u017ca\u0107, wi\u0119c nie trenujemy w ryzykowny spos\u00f3b. Nikt z nas nie chce d\u0105\u017cy\u0107 po trupach do celu \u2013 podkre\u015bla trener Owsian.<\/p>\n<p>Ale zim\u0105 w Copernicusie zawodnicy nie tylko je\u017cd\u017c\u0105 na rowerach, lecz r\u00f3wnie\u017c graj\u0105 w pi\u0142k\u0119, korzystaj\u0105 z basenu i si\u0142owni, \u0107wicz\u0105 na specjalnych urz\u0105dzeniach dla kolarzy. Wszystkich trzeba jednak jako\u015b pogodzi\u0107, bo w akademii trenuje ju\u017c 110 os\u00f3b, w tym kilkana\u015bcie dziewcz\u0105t.<\/p>\n<p>&nbsp;<\/p>\n","protected":false},"excerpt":{"rendered":"<p>Kiedy\u015b m\u0142ody zawodnik podkrada\u0142 starszej siostrze rajtuzy, dzi\u015b zak\u0142ada profesjonalny str\u00f3j i bez narzekania trenuje w mrozach. Sprawdzili\u015bmy, jak w [&hellip;]<\/p>\n","protected":false},"author":1,"featured_media":618,"comment_status":"closed","ping_status":"closed","sticky":false,"template":"","format":"standard","meta":{"footnotes":""},"categories":[6],"tags":[],"global-categories":[],"class_list":["post-614","post","type-post","status-publish","format-standard","has-post-thumbnail","hentry","category-kolarstwo-szosowe"],"yoast_head":"<!-- This site is optimized with the Yoast SEO Premium plugin v25.3 (Yoast SEO v25.9) - https:\/\/yoast.com\/wordpress\/plugins\/seo\/ -->\n<title>Kolarze w rajtuzach - \u0160koda We Love Cycling - Poland<\/title>\n<meta name=\"robots\" content=\"index, follow, max-snippet:-1, max-image-preview:large, max-video-preview:-1\" \/>\n<link rel=\"canonical\" href=\"https:\/\/www.welovecycling.com\/pl\/2016\/03\/01\/kolarze-w-rajtuzach\/\" \/>\n<meta property=\"og:locale\" content=\"pl_PL\" \/>\n<meta property=\"og:type\" content=\"article\" \/>\n<meta property=\"og:title\" content=\"Kolarze w rajtuzach\" \/>\n<meta property=\"og:description\" content=\"Kiedy\u015b m\u0142ody zawodnik podkrada\u0142 starszej siostrze rajtuzy, dzi\u015b zak\u0142ada profesjonalny str\u00f3j i bez narzekania trenuje w mrozach. Sprawdzili\u015bmy, jak w [&hellip;]\" \/>\n<meta property=\"og:url\" content=\"https:\/\/www.welovecycling.com\/pl\/2016\/03\/01\/kolarze-w-rajtuzach\/\" \/>\n<meta property=\"og:site_name\" content=\"\u0160koda We Love Cycling - Poland\" \/>\n<meta property=\"article:published_time\" content=\"2016-03-01T13:10:59+00:00\" \/>\n<meta property=\"article:modified_time\" content=\"2016-12-05T09:56:59+00:00\" \/>\n<meta property=\"og:image\" content=\"https:\/\/d2p6e6u75xmxt8.cloudfront.net\/5\/2016\/03\/63.jpg\" \/>\n\t<meta property=\"og:image:width\" content=\"960\" \/>\n\t<meta property=\"og:image:height\" content=\"540\" \/>\n\t<meta property=\"og:image:type\" content=\"image\/jpeg\" \/>\n<meta name=\"author\" content=\"WeLoveCycling\" \/>\n<meta name=\"twitter:card\" content=\"summary_large_image\" \/>\n<meta name=\"twitter:label1\" content=\"Written by\" \/>\n\t<meta name=\"twitter:data1\" content=\"WeLoveCycling\" \/>\n\t<meta name=\"twitter:label2\" content=\"Est. reading time\" \/>\n\t<meta name=\"twitter:data2\" content=\"2 minutes\" \/>\n<script type=\"application\/ld+json\" class=\"yoast-schema-graph\">{\"@context\":\"https:\/\/schema.org\",\"@graph\":[{\"@type\":\"WebPage\",\"@id\":\"https:\/\/www.welovecycling.com\/pl\/2016\/03\/01\/kolarze-w-rajtuzach\/\",\"url\":\"https:\/\/www.welovecycling.com\/pl\/2016\/03\/01\/kolarze-w-rajtuzach\/\",\"name\":\"Kolarze w rajtuzach - \u0160koda We Love Cycling - Poland\",\"isPartOf\":{\"@id\":\"https:\/\/www.welovecycling.com\/pl\/#website\"},\"primaryImageOfPage\":{\"@id\":\"https:\/\/www.welovecycling.com\/pl\/2016\/03\/01\/kolarze-w-rajtuzach\/#primaryimage\"},\"image\":{\"@id\":\"https:\/\/www.welovecycling.com\/pl\/2016\/03\/01\/kolarze-w-rajtuzach\/#primaryimage\"},\"thumbnailUrl\":\"https:\/\/d2p6e6u75xmxt8.cloudfront.net\/5\/2016\/03\/63.jpg\",\"datePublished\":\"2016-03-01T13:10:59+00:00\",\"dateModified\":\"2016-12-05T09:56:59+00:00\",\"author\":{\"@id\":\"https:\/\/www.welovecycling.com\/pl\/#\/schema\/person\/e5187c9cac8dd619ebc7b41bd73c2fd9\"},\"breadcrumb\":{\"@id\":\"https:\/\/www.welovecycling.com\/pl\/2016\/03\/01\/kolarze-w-rajtuzach\/#breadcrumb\"},\"inLanguage\":\"pl-PL\",\"potentialAction\":[{\"@type\":\"ReadAction\",\"target\":[\"https:\/\/www.welovecycling.com\/pl\/2016\/03\/01\/kolarze-w-rajtuzach\/\"]}]},{\"@type\":\"ImageObject\",\"inLanguage\":\"pl-PL\",\"@id\":\"https:\/\/www.welovecycling.com\/pl\/2016\/03\/01\/kolarze-w-rajtuzach\/#primaryimage\",\"url\":\"https:\/\/d2p6e6u75xmxt8.cloudfront.net\/5\/2016\/03\/63.jpg\",\"contentUrl\":\"https:\/\/d2p6e6u75xmxt8.cloudfront.net\/5\/2016\/03\/63.jpg\",\"width\":960,\"height\":540},{\"@type\":\"BreadcrumbList\",\"@id\":\"https:\/\/www.welovecycling.com\/pl\/2016\/03\/01\/kolarze-w-rajtuzach\/#breadcrumb\",\"itemListElement\":[{\"@type\":\"ListItem\",\"position\":1,\"name\":\"Home\",\"item\":\"https:\/\/www.welovecycling.com\/pl\/\"},{\"@type\":\"ListItem\",\"position\":2,\"name\":\"Kolarze w rajtuzach\"}]},{\"@type\":\"WebSite\",\"@id\":\"https:\/\/www.welovecycling.com\/pl\/#website\",\"url\":\"https:\/\/www.welovecycling.com\/pl\/\",\"name\":\"\u0160koda We Love Cycling - Poland\",\"description\":\"\",\"potentialAction\":[{\"@type\":\"SearchAction\",\"target\":{\"@type\":\"EntryPoint\",\"urlTemplate\":\"https:\/\/www.welovecycling.com\/pl\/?s={search_term_string}\"},\"query-input\":{\"@type\":\"PropertyValueSpecification\",\"valueRequired\":true,\"valueName\":\"search_term_string\"}}],\"inLanguage\":\"pl-PL\"},{\"@type\":\"Person\",\"@id\":\"https:\/\/www.welovecycling.com\/pl\/#\/schema\/person\/e5187c9cac8dd619ebc7b41bd73c2fd9\",\"name\":\"WeLoveCycling\",\"image\":{\"@type\":\"ImageObject\",\"inLanguage\":\"pl-PL\",\"@id\":\"https:\/\/www.welovecycling.com\/pl\/#\/schema\/person\/image\/\",\"url\":\"https:\/\/secure.gravatar.com\/avatar\/7e1ee0ecc5e294b19ef32b9f6086e0afbb9da00c3cb0d465ba4695331f4a9187?s=96&d=mm&r=g\",\"contentUrl\":\"https:\/\/secure.gravatar.com\/avatar\/7e1ee0ecc5e294b19ef32b9f6086e0afbb9da00c3cb0d465ba4695331f4a9187?s=96&d=mm&r=g\",\"caption\":\"WeLoveCycling\"},\"url\":\"https:\/\/www.welovecycling.com\/pl\/author\/lukascech\/\"}]}<\/script>\n<!-- \/ Yoast SEO Premium plugin. -->","yoast_head_json":{"title":"Kolarze w rajtuzach - \u0160koda We Love Cycling - Poland","robots":{"index":"index","follow":"follow","max-snippet":"max-snippet:-1","max-image-preview":"max-image-preview:large","max-video-preview":"max-video-preview:-1"},"canonical":"https:\/\/www.welovecycling.com\/pl\/2016\/03\/01\/kolarze-w-rajtuzach\/","og_locale":"pl_PL","og_type":"article","og_title":"Kolarze w rajtuzach","og_description":"Kiedy\u015b m\u0142ody zawodnik podkrada\u0142 starszej siostrze rajtuzy, dzi\u015b zak\u0142ada profesjonalny str\u00f3j i bez narzekania trenuje w mrozach. Sprawdzili\u015bmy, jak w [&hellip;]","og_url":"https:\/\/www.welovecycling.com\/pl\/2016\/03\/01\/kolarze-w-rajtuzach\/","og_site_name":"\u0160koda We Love Cycling - Poland","article_published_time":"2016-03-01T13:10:59+00:00","article_modified_time":"2016-12-05T09:56:59+00:00","og_image":[{"width":960,"height":540,"url":"https:\/\/d2p6e6u75xmxt8.cloudfront.net\/5\/2016\/03\/63.jpg","type":"image\/jpeg"}],"author":"WeLoveCycling","twitter_card":"summary_large_image","twitter_misc":{"Written by":"WeLoveCycling","Est. reading time":"2 minutes"},"schema":{"@context":"https:\/\/schema.org","@graph":[{"@type":"WebPage","@id":"https:\/\/www.welovecycling.com\/pl\/2016\/03\/01\/kolarze-w-rajtuzach\/","url":"https:\/\/www.welovecycling.com\/pl\/2016\/03\/01\/kolarze-w-rajtuzach\/","name":"Kolarze w rajtuzach - \u0160koda We Love Cycling - Poland","isPartOf":{"@id":"https:\/\/www.welovecycling.com\/pl\/#website"},"primaryImageOfPage":{"@id":"https:\/\/www.welovecycling.com\/pl\/2016\/03\/01\/kolarze-w-rajtuzach\/#primaryimage"},"image":{"@id":"https:\/\/www.welovecycling.com\/pl\/2016\/03\/01\/kolarze-w-rajtuzach\/#primaryimage"},"thumbnailUrl":"https:\/\/d2p6e6u75xmxt8.cloudfront.net\/5\/2016\/03\/63.jpg","datePublished":"2016-03-01T13:10:59+00:00","dateModified":"2016-12-05T09:56:59+00:00","author":{"@id":"https:\/\/www.welovecycling.com\/pl\/#\/schema\/person\/e5187c9cac8dd619ebc7b41bd73c2fd9"},"breadcrumb":{"@id":"https:\/\/www.welovecycling.com\/pl\/2016\/03\/01\/kolarze-w-rajtuzach\/#breadcrumb"},"inLanguage":"pl-PL","potentialAction":[{"@type":"ReadAction","target":["https:\/\/www.welovecycling.com\/pl\/2016\/03\/01\/kolarze-w-rajtuzach\/"]}]},{"@type":"ImageObject","inLanguage":"pl-PL","@id":"https:\/\/www.welovecycling.com\/pl\/2016\/03\/01\/kolarze-w-rajtuzach\/#primaryimage","url":"https:\/\/d2p6e6u75xmxt8.cloudfront.net\/5\/2016\/03\/63.jpg","contentUrl":"https:\/\/d2p6e6u75xmxt8.cloudfront.net\/5\/2016\/03\/63.jpg","width":960,"height":540},{"@type":"BreadcrumbList","@id":"https:\/\/www.welovecycling.com\/pl\/2016\/03\/01\/kolarze-w-rajtuzach\/#breadcrumb","itemListElement":[{"@type":"ListItem","position":1,"name":"Home","item":"https:\/\/www.welovecycling.com\/pl\/"},{"@type":"ListItem","position":2,"name":"Kolarze w rajtuzach"}]},{"@type":"WebSite","@id":"https:\/\/www.welovecycling.com\/pl\/#website","url":"https:\/\/www.welovecycling.com\/pl\/","name":"\u0160koda We Love Cycling - Poland","description":"","potentialAction":[{"@type":"SearchAction","target":{"@type":"EntryPoint","urlTemplate":"https:\/\/www.welovecycling.com\/pl\/?s={search_term_string}"},"query-input":{"@type":"PropertyValueSpecification","valueRequired":true,"valueName":"search_term_string"}}],"inLanguage":"pl-PL"},{"@type":"Person","@id":"https:\/\/www.welovecycling.com\/pl\/#\/schema\/person\/e5187c9cac8dd619ebc7b41bd73c2fd9","name":"WeLoveCycling","image":{"@type":"ImageObject","inLanguage":"pl-PL","@id":"https:\/\/www.welovecycling.com\/pl\/#\/schema\/person\/image\/","url":"https:\/\/secure.gravatar.com\/avatar\/7e1ee0ecc5e294b19ef32b9f6086e0afbb9da00c3cb0d465ba4695331f4a9187?s=96&d=mm&r=g","contentUrl":"https:\/\/secure.gravatar.com\/avatar\/7e1ee0ecc5e294b19ef32b9f6086e0afbb9da00c3cb0d465ba4695331f4a9187?s=96&d=mm&r=g","caption":"WeLoveCycling"},"url":"https:\/\/www.welovecycling.com\/pl\/author\/lukascech\/"}]}},"_links":{"self":[{"href":"https:\/\/www.welovecycling.com\/pl\/wp-json\/wp\/v2\/posts\/614","targetHints":{"allow":["GET"]}}],"collection":[{"href":"https:\/\/www.welovecycling.com\/pl\/wp-json\/wp\/v2\/posts"}],"about":[{"href":"https:\/\/www.welovecycling.com\/pl\/wp-json\/wp\/v2\/types\/post"}],"author":[{"embeddable":true,"href":"https:\/\/www.welovecycling.com\/pl\/wp-json\/wp\/v2\/users\/1"}],"replies":[{"embeddable":true,"href":"https:\/\/www.welovecycling.com\/pl\/wp-json\/wp\/v2\/comments?post=614"}],"version-history":[{"count":1,"href":"https:\/\/www.welovecycling.com\/pl\/wp-json\/wp\/v2\/posts\/614\/revisions"}],"predecessor-version":[{"id":2489,"href":"https:\/\/www.welovecycling.com\/pl\/wp-json\/wp\/v2\/posts\/614\/revisions\/2489"}],"wp:featuredmedia":[{"embeddable":true,"href":"https:\/\/www.welovecycling.com\/pl\/wp-json\/wp\/v2\/media\/618"}],"wp:attachment":[{"href":"https:\/\/www.welovecycling.com\/pl\/wp-json\/wp\/v2\/media?parent=614"}],"wp:term":[{"taxonomy":"category","embeddable":true,"href":"https:\/\/www.welovecycling.com\/pl\/wp-json\/wp\/v2\/categories?post=614"},{"taxonomy":"post_tag","embeddable":true,"href":"https:\/\/www.welovecycling.com\/pl\/wp-json\/wp\/v2\/tags?post=614"},{"taxonomy":"global-categories","embeddable":true,"href":"https:\/\/www.welovecycling.com\/pl\/wp-json\/wp\/v2\/global-categories?post=614"}],"curies":[{"name":"wp","href":"https:\/\/api.w.org\/{rel}","templated":true}]}}