{"id":6123,"date":"2017-12-11T08:19:13","date_gmt":"2017-12-11T08:19:13","guid":{"rendered":"https:\/\/www.welovecycling.com\/pl\/?p=6123"},"modified":"2017-12-11T11:48:08","modified_gmt":"2017-12-11T11:48:08","slug":"catching-breath-dziennik-fotograficzny","status":"publish","type":"post","link":"https:\/\/www.welovecycling.com\/pl\/2017\/12\/11\/catching-breath-dziennik-fotograficzny\/","title":{"rendered":"Catching Breath: dziennik fotograficzny"},"content":{"rendered":"<p><strong>Nasza wspania\u0142a przygoda w Himalajach dobieg\u0142a ko\u0144ca, ale wspomnienia po niej pozostan\u0105 w naszych sercach na zawsze. Mogli\u015bcie \u015bledzi\u0107 projekt \u201eCatching Breath \u2013 Z\u0142ap oddech w Himalajach!\u201d przez miesi\u0105ce, powoli obserwuj\u0105c, jak nabiera tempa, a\u017c do fina\u0142u z pobiciem rekordu przez Bartosza Huzarskiego jako doskona\u0142\u0105 puent\u0105. Czterech \u015bmia\u0142k\u00f3w na rowerach zosta\u0142o wys\u0142anych przez \u0160KOD\u0118 i We Love Cycling na wy\u015bcig prze\u0142\u0119cz\u0105 Khardung La (5359 m n.p.m.). Wyzwanie polega\u0142o na pokonaniu rekordu z 2012 roku na dystansie 40 km o nachyleniu 5%. Poni\u017cej znajdziecie par\u0119 backstage\u2019owych zdj\u0119\u0107 pokazuj\u0105cych pi\u0119kno himalajskiego krajobrazu i miasto Leh, kt\u00f3re by\u0142o miejscem startu wyprawy. Mi\u0142ego ogl\u0105dania, nie zapomnijcie \u015bledzi\u0107 projekt Catching Breath!<\/strong><br \/>\n<!--more--><\/p>\n<p><img loading=\"lazy\" decoding=\"async\" class=\"wp-image-6124 size-large\" src=\"https:\/\/d2p6e6u75xmxt8.cloudfront.net\/5\/2017\/12\/WLC_CatchingBreath_2017_Race_12-1-1024x683.jpg\" alt=\"\" width=\"1024\" height=\"683\" srcset=\"https:\/\/d2p6e6u75xmxt8.cloudfront.net\/5\/2017\/12\/WLC_CatchingBreath_2017_Race_12-1-1024x683.jpg 1024w, https:\/\/d2p6e6u75xmxt8.cloudfront.net\/5\/2017\/12\/WLC_CatchingBreath_2017_Race_12-1-300x200.jpg 300w, https:\/\/d2p6e6u75xmxt8.cloudfront.net\/5\/2017\/12\/WLC_CatchingBreath_2017_Race_12-1-768x512.jpg 768w, https:\/\/d2p6e6u75xmxt8.cloudfront.net\/5\/2017\/12\/WLC_CatchingBreath_2017_Race_12-1-272x182.jpg 272w, https:\/\/d2p6e6u75xmxt8.cloudfront.net\/5\/2017\/12\/WLC_CatchingBreath_2017_Race_12-1.jpg 1300w\" sizes=\"auto, (max-width: 1024px) 100vw, 1024px\" \/><span style=\"font-weight: 400;\">Valent\u00ed Sanjuan na 5100 metrach podczas burzy \u015bnie\u017cnej<\/span><\/p>\n<p><img loading=\"lazy\" decoding=\"async\" class=\"wp-image-6126 size-large\" src=\"https:\/\/d2p6e6u75xmxt8.cloudfront.net\/5\/2017\/12\/WLC_CatchingBreath_2017_Landscapes_7-1-1024x576.jpg\" alt=\"\" width=\"1024\" height=\"576\" srcset=\"https:\/\/d2p6e6u75xmxt8.cloudfront.net\/5\/2017\/12\/WLC_CatchingBreath_2017_Landscapes_7-1-1024x576.jpg 1024w, https:\/\/d2p6e6u75xmxt8.cloudfront.net\/5\/2017\/12\/WLC_CatchingBreath_2017_Landscapes_7-1-300x169.jpg 300w, https:\/\/d2p6e6u75xmxt8.cloudfront.net\/5\/2017\/12\/WLC_CatchingBreath_2017_Landscapes_7-1-768x432.jpg 768w, https:\/\/d2p6e6u75xmxt8.cloudfront.net\/5\/2017\/12\/WLC_CatchingBreath_2017_Landscapes_7-1.jpg 1300w\" sizes=\"auto, (max-width: 1024px) 100vw, 1024px\" \/><span style=\"font-weight: 400;\">Andrea w \u015bwi\u0105tyni Tsemo Maitreya, w tle miasto Leh <\/span><\/p>\n<p><img loading=\"lazy\" decoding=\"async\" class=\"wp-image-6128 size-full\" src=\"https:\/\/d2p6e6u75xmxt8.cloudfront.net\/5\/2017\/12\/hypoxie.png\" alt=\"\" width=\"992\" height=\"661\" srcset=\"https:\/\/d2p6e6u75xmxt8.cloudfront.net\/5\/2017\/12\/hypoxie.png 992w, https:\/\/d2p6e6u75xmxt8.cloudfront.net\/5\/2017\/12\/hypoxie-300x200.png 300w, https:\/\/d2p6e6u75xmxt8.cloudfront.net\/5\/2017\/12\/hypoxie-768x512.png 768w, https:\/\/d2p6e6u75xmxt8.cloudfront.net\/5\/2017\/12\/hypoxie-272x182.png 272w\" sizes=\"auto, (max-width: 992px) 100vw, 992px\" \/><span style=\"font-weight: 400;\">Przygotowania Andrei do rozk\u0142adania namiotu <\/span><\/p>\n<p><img loading=\"lazy\" decoding=\"async\" class=\"wp-image-6130 size-large\" src=\"https:\/\/d2p6e6u75xmxt8.cloudfront.net\/5\/2017\/12\/WLC_CatchingBreath_2017_Landscapes_20-2-1024x576.jpg\" alt=\"\" width=\"1024\" height=\"576\" srcset=\"https:\/\/d2p6e6u75xmxt8.cloudfront.net\/5\/2017\/12\/WLC_CatchingBreath_2017_Landscapes_20-2-1024x576.jpg 1024w, https:\/\/d2p6e6u75xmxt8.cloudfront.net\/5\/2017\/12\/WLC_CatchingBreath_2017_Landscapes_20-2-300x169.jpg 300w, https:\/\/d2p6e6u75xmxt8.cloudfront.net\/5\/2017\/12\/WLC_CatchingBreath_2017_Landscapes_20-2-768x432.jpg 768w, https:\/\/d2p6e6u75xmxt8.cloudfront.net\/5\/2017\/12\/WLC_CatchingBreath_2017_Landscapes_20-2.jpg 1280w\" sizes=\"auto, (max-width: 1024px) 100vw, 1024px\" \/><span style=\"font-weight: 400;\">Zawodnicy aklimatyzowali si\u0119 ju\u017c par\u0119 dni przed wypraw\u0105 <\/span><\/p>\n<p><img loading=\"lazy\" decoding=\"async\" class=\"wp-image-6132 size-large\" src=\"https:\/\/d2p6e6u75xmxt8.cloudfront.net\/5\/2017\/12\/WLC_CatchingBreath_2017_Riders-Bartosz_5-1-1024x683.jpg\" alt=\"\" width=\"1024\" height=\"683\" srcset=\"https:\/\/d2p6e6u75xmxt8.cloudfront.net\/5\/2017\/12\/WLC_CatchingBreath_2017_Riders-Bartosz_5-1-1024x683.jpg 1024w, https:\/\/d2p6e6u75xmxt8.cloudfront.net\/5\/2017\/12\/WLC_CatchingBreath_2017_Riders-Bartosz_5-1-300x200.jpg 300w, https:\/\/d2p6e6u75xmxt8.cloudfront.net\/5\/2017\/12\/WLC_CatchingBreath_2017_Riders-Bartosz_5-1-768x512.jpg 768w, https:\/\/d2p6e6u75xmxt8.cloudfront.net\/5\/2017\/12\/WLC_CatchingBreath_2017_Riders-Bartosz_5-1-272x182.jpg 272w, https:\/\/d2p6e6u75xmxt8.cloudfront.net\/5\/2017\/12\/WLC_CatchingBreath_2017_Riders-Bartosz_5-1.jpg 1300w\" sizes=\"auto, (max-width: 1024px) 100vw, 1024px\" \/><span style=\"font-weight: 400;\">Bartosz Huzarski podczas treningu w Wari La Pass<\/span><\/p>\n<p><img loading=\"lazy\" decoding=\"async\" class=\"wp-image-6134 size-large\" src=\"https:\/\/d2p6e6u75xmxt8.cloudfront.net\/5\/2017\/12\/WLC_CatchingBreath_2017_Partners_5-1024x576.jpg\" alt=\"\" width=\"1024\" height=\"576\" srcset=\"https:\/\/d2p6e6u75xmxt8.cloudfront.net\/5\/2017\/12\/WLC_CatchingBreath_2017_Partners_5-1024x576.jpg 1024w, https:\/\/d2p6e6u75xmxt8.cloudfront.net\/5\/2017\/12\/WLC_CatchingBreath_2017_Partners_5-300x169.jpg 300w, https:\/\/d2p6e6u75xmxt8.cloudfront.net\/5\/2017\/12\/WLC_CatchingBreath_2017_Partners_5-768x432.jpg 768w, https:\/\/d2p6e6u75xmxt8.cloudfront.net\/5\/2017\/12\/WLC_CatchingBreath_2017_Partners_5.jpg 1300w\" sizes=\"auto, (max-width: 1024px) 100vw, 1024px\" \/><span style=\"font-weight: 400;\">Rowery wyposa\u017cone by\u0142y w kamery Garmin na kierownicach, ustawione na ich twarze, by z\u0142apa\u0107 ka\u017cd\u0105 emocj\u0119 <\/span><\/p>\n<p><img loading=\"lazy\" decoding=\"async\" class=\"wp-image-6136 size-large\" src=\"https:\/\/d2p6e6u75xmxt8.cloudfront.net\/5\/2017\/12\/WLC_CatchingBreath_2017_Riders_5-1-1024x683.jpg\" alt=\"\" width=\"1024\" height=\"683\" srcset=\"https:\/\/d2p6e6u75xmxt8.cloudfront.net\/5\/2017\/12\/WLC_CatchingBreath_2017_Riders_5-1-1024x683.jpg 1024w, https:\/\/d2p6e6u75xmxt8.cloudfront.net\/5\/2017\/12\/WLC_CatchingBreath_2017_Riders_5-1-300x200.jpg 300w, https:\/\/d2p6e6u75xmxt8.cloudfront.net\/5\/2017\/12\/WLC_CatchingBreath_2017_Riders_5-1-768x512.jpg 768w, https:\/\/d2p6e6u75xmxt8.cloudfront.net\/5\/2017\/12\/WLC_CatchingBreath_2017_Riders_5-1-272x182.jpg 272w, https:\/\/d2p6e6u75xmxt8.cloudfront.net\/5\/2017\/12\/WLC_CatchingBreath_2017_Riders_5-1.jpg 1300w\" sizes=\"auto, (max-width: 1024px) 100vw, 1024px\" \/><span style=\"font-weight: 400;\">Valent\u00ed Sanjuan (po lewej) i Andrea Schilir\u00f2 (po prawej) podekscytowani trenuj\u0105 w Warila Pass, Bartosz Huzarski w tle<\/span><\/p>\n<p><img loading=\"lazy\" decoding=\"async\" class=\"wp-image-6138 size-large\" src=\"https:\/\/d2p6e6u75xmxt8.cloudfront.net\/5\/2017\/12\/WLC_CatchingBreath_2017_Landscapes_19-1-1024x768.jpg\" alt=\"\" width=\"1024\" height=\"768\" srcset=\"https:\/\/d2p6e6u75xmxt8.cloudfront.net\/5\/2017\/12\/WLC_CatchingBreath_2017_Landscapes_19-1-1024x768.jpg 1024w, https:\/\/d2p6e6u75xmxt8.cloudfront.net\/5\/2017\/12\/WLC_CatchingBreath_2017_Landscapes_19-1-300x225.jpg 300w, https:\/\/d2p6e6u75xmxt8.cloudfront.net\/5\/2017\/12\/WLC_CatchingBreath_2017_Landscapes_19-1-768x576.jpg 768w, https:\/\/d2p6e6u75xmxt8.cloudfront.net\/5\/2017\/12\/WLC_CatchingBreath_2017_Landscapes_19-1.jpg 1300w\" sizes=\"auto, (max-width: 1024px) 100vw, 1024px\" \/><span style=\"font-weight: 400;\">Kolorowy rynek w Leh <\/span><\/p>\n<p><img loading=\"lazy\" decoding=\"async\" class=\"wp-image-6140 size-large\" src=\"https:\/\/d2p6e6u75xmxt8.cloudfront.net\/5\/2017\/12\/WLC_CatchingBreath_2017_BehindTheScenes_11-1024x576.jpg\" alt=\"\" width=\"1024\" height=\"576\" srcset=\"https:\/\/d2p6e6u75xmxt8.cloudfront.net\/5\/2017\/12\/WLC_CatchingBreath_2017_BehindTheScenes_11-1024x576.jpg 1024w, https:\/\/d2p6e6u75xmxt8.cloudfront.net\/5\/2017\/12\/WLC_CatchingBreath_2017_BehindTheScenes_11-300x169.jpg 300w, https:\/\/d2p6e6u75xmxt8.cloudfront.net\/5\/2017\/12\/WLC_CatchingBreath_2017_BehindTheScenes_11-768x432.jpg 768w, https:\/\/d2p6e6u75xmxt8.cloudfront.net\/5\/2017\/12\/WLC_CatchingBreath_2017_BehindTheScenes_11.jpg 1300w\" sizes=\"auto, (max-width: 1024px) 100vw, 1024px\" \/><span style=\"font-weight: 400;\">Ca\u0142a ekipa Catching Breath po wy\u015bcigu, 5500 m n.p.m.<\/span><img loading=\"lazy\" decoding=\"async\" class=\"wp-image-6142 size-large\" style=\"font-size: 14px;\" src=\"https:\/\/d2p6e6u75xmxt8.cloudfront.net\/5\/2017\/12\/WLC_CatchingBreath_2017_Race_7-1-1024x576.jpg\" alt=\"\" width=\"1024\" height=\"576\" srcset=\"https:\/\/d2p6e6u75xmxt8.cloudfront.net\/5\/2017\/12\/WLC_CatchingBreath_2017_Race_7-1-1024x576.jpg 1024w, https:\/\/d2p6e6u75xmxt8.cloudfront.net\/5\/2017\/12\/WLC_CatchingBreath_2017_Race_7-1-300x169.jpg 300w, https:\/\/d2p6e6u75xmxt8.cloudfront.net\/5\/2017\/12\/WLC_CatchingBreath_2017_Race_7-1-768x432.jpg 768w, https:\/\/d2p6e6u75xmxt8.cloudfront.net\/5\/2017\/12\/WLC_CatchingBreath_2017_Race_7-1.jpg 1300w\" sizes=\"auto, (max-width: 1024px) 100vw, 1024px\" \/>Valent\u00ed korzystaj\u0105cy z maski tlenowej, 4800 m n.p.m.<\/p>\n<p><img loading=\"lazy\" decoding=\"async\" class=\"wp-image-6144 size-large\" src=\"https:\/\/d2p6e6u75xmxt8.cloudfront.net\/5\/2017\/12\/WLC_CatchingBreath_2017_Partners_15-1024x768.jpg\" alt=\"\" width=\"1024\" height=\"768\" srcset=\"https:\/\/d2p6e6u75xmxt8.cloudfront.net\/5\/2017\/12\/WLC_CatchingBreath_2017_Partners_15-1024x768.jpg 1024w, https:\/\/d2p6e6u75xmxt8.cloudfront.net\/5\/2017\/12\/WLC_CatchingBreath_2017_Partners_15-300x225.jpg 300w, https:\/\/d2p6e6u75xmxt8.cloudfront.net\/5\/2017\/12\/WLC_CatchingBreath_2017_Partners_15-768x576.jpg 768w, https:\/\/d2p6e6u75xmxt8.cloudfront.net\/5\/2017\/12\/WLC_CatchingBreath_2017_Partners_15.jpg 1300w\" sizes=\"auto, (max-width: 1024px) 100vw, 1024px\" \/><span style=\"font-weight: 400;\">Widok na wzniesienie Khardung La <\/span><\/p>\n<p><img loading=\"lazy\" decoding=\"async\" class=\"wp-image-6146 size-large\" src=\"https:\/\/d2p6e6u75xmxt8.cloudfront.net\/5\/2017\/12\/WLC_CatchingBreath_2017_Riders_3-1024x683.jpg\" alt=\"\" width=\"1024\" height=\"683\" srcset=\"https:\/\/d2p6e6u75xmxt8.cloudfront.net\/5\/2017\/12\/WLC_CatchingBreath_2017_Riders_3-1024x683.jpg 1024w, https:\/\/d2p6e6u75xmxt8.cloudfront.net\/5\/2017\/12\/WLC_CatchingBreath_2017_Riders_3-300x200.jpg 300w, https:\/\/d2p6e6u75xmxt8.cloudfront.net\/5\/2017\/12\/WLC_CatchingBreath_2017_Riders_3-768x512.jpg 768w, https:\/\/d2p6e6u75xmxt8.cloudfront.net\/5\/2017\/12\/WLC_CatchingBreath_2017_Riders_3-272x182.jpg 272w, https:\/\/d2p6e6u75xmxt8.cloudfront.net\/5\/2017\/12\/WLC_CatchingBreath_2017_Riders_3.jpg 1300w\" sizes=\"auto, (max-width: 1024px) 100vw, 1024px\" \/><span style=\"font-weight: 400;\">Od lewej: Valent\u00ed Sanjuan, Bartosz Huzarski, Eva Lindskog oraz Andrea Schilir\u00f2<\/span><\/p>\n<p><img loading=\"lazy\" decoding=\"async\" class=\"wp-image-6148 size-large\" src=\"https:\/\/d2p6e6u75xmxt8.cloudfront.net\/5\/2017\/12\/WLC_CatchingBreath_2017_Landscapes_24-1024x683.jpg\" alt=\"\" width=\"1024\" height=\"683\" srcset=\"https:\/\/d2p6e6u75xmxt8.cloudfront.net\/5\/2017\/12\/WLC_CatchingBreath_2017_Landscapes_24-1024x683.jpg 1024w, https:\/\/d2p6e6u75xmxt8.cloudfront.net\/5\/2017\/12\/WLC_CatchingBreath_2017_Landscapes_24-300x200.jpg 300w, https:\/\/d2p6e6u75xmxt8.cloudfront.net\/5\/2017\/12\/WLC_CatchingBreath_2017_Landscapes_24-768x512.jpg 768w, https:\/\/d2p6e6u75xmxt8.cloudfront.net\/5\/2017\/12\/WLC_CatchingBreath_2017_Landscapes_24-272x182.jpg 272w, https:\/\/d2p6e6u75xmxt8.cloudfront.net\/5\/2017\/12\/WLC_CatchingBreath_2017_Landscapes_24.jpg 1300w\" sizes=\"auto, (max-width: 1024px) 100vw, 1024px\" \/><span style=\"font-weight: 400;\">Tsemo Maitreya, \u015bwi\u0105tynia w Leh<\/span><\/p>\n<p><img loading=\"lazy\" decoding=\"async\" class=\"wp-image-162534 size-large\" src=\"https:\/\/d2p6e6u75xmxt8.cloudfront.net\/2\/2017\/12\/WLC_CatchingBreath_2017_Partners_14-1024x768.jpg\" alt=\"\" width=\"1024\" height=\"768\" \/><span style=\"font-weight: 400;\">Specjalne opony, kt\u00f3re czyni\u0105 himalajskie podjazdy \u0142atwiejszymi <\/span><\/p>\n<p><img loading=\"lazy\" decoding=\"async\" class=\"wp-image-162535 size-large\" src=\"https:\/\/d2p6e6u75xmxt8.cloudfront.net\/2\/2017\/12\/WLC_CatchingBreath_2017_Riders_4-1-1024x683.jpg\" alt=\"\" width=\"1024\" height=\"683\" \/><span style=\"font-weight: 400;\">Zawodnicy na nizinie Wari La<\/span><\/p>\n","protected":false},"excerpt":{"rendered":"<p>Nasza wspania\u0142a przygoda w Himalajach dobieg\u0142a ko\u0144ca, ale wspomnienia po niej pozostan\u0105 w naszych sercach na zawsze. Mogli\u015bcie \u015bledzi\u0107 projekt [&hellip;]<\/p>\n","protected":false},"author":76,"featured_media":6154,"comment_status":"open","ping_status":"open","sticky":false,"template":"","format":"standard","meta":{"footnotes":""},"categories":[5],"tags":[211,214,41,82],"global-categories":[],"class_list":["post-6123","post","type-post","status-publish","format-standard","has-post-thumbnail","hentry","category-outdoormtb","tag-catching-breath","tag-catching-breath-cycling-up-the-himalayas","tag-cycling","tag-welovecycling"],"yoast_head":"<!-- This site is optimized with the Yoast SEO Premium plugin v25.3 (Yoast SEO v25.9) - https:\/\/yoast.com\/wordpress\/plugins\/seo\/ -->\n<title>Catching Breath: dziennik fotograficzny - \u0160koda We Love Cycling - Poland<\/title>\n<meta name=\"robots\" content=\"index, follow, max-snippet:-1, max-image-preview:large, max-video-preview:-1\" \/>\n<link rel=\"canonical\" href=\"https:\/\/www.welovecycling.com\/pl\/2017\/12\/11\/catching-breath-dziennik-fotograficzny\/\" \/>\n<meta property=\"og:locale\" content=\"pl_PL\" \/>\n<meta property=\"og:type\" content=\"article\" \/>\n<meta property=\"og:title\" content=\"Catching Breath: dziennik fotograficzny\" \/>\n<meta property=\"og:description\" content=\"Nasza wspania\u0142a przygoda w Himalajach dobieg\u0142a ko\u0144ca, ale wspomnienia po niej pozostan\u0105 w naszych sercach na zawsze. Mogli\u015bcie \u015bledzi\u0107 projekt [&hellip;]\" \/>\n<meta property=\"og:url\" content=\"https:\/\/www.welovecycling.com\/pl\/2017\/12\/11\/catching-breath-dziennik-fotograficzny\/\" \/>\n<meta property=\"og:site_name\" content=\"\u0160koda We Love Cycling - Poland\" \/>\n<meta property=\"article:published_time\" content=\"2017-12-11T08:19:13+00:00\" \/>\n<meta property=\"article:modified_time\" content=\"2017-12-11T11:48:08+00:00\" \/>\n<meta property=\"og:image\" content=\"https:\/\/d2p6e6u75xmxt8.cloudfront.net\/5\/2017\/12\/photostory_cover.jpg\" \/>\n\t<meta property=\"og:image:width\" content=\"1375\" \/>\n\t<meta property=\"og:image:height\" content=\"600\" \/>\n\t<meta property=\"og:image:type\" content=\"image\/jpeg\" \/>\n<meta name=\"author\" content=\"piotrboczkowski\" \/>\n<meta name=\"twitter:card\" content=\"summary_large_image\" \/>\n<meta name=\"twitter:label1\" content=\"Written by\" \/>\n\t<meta name=\"twitter:data1\" content=\"WeLoveCycling\" \/>\n\t<meta name=\"twitter:label2\" content=\"Est. reading time\" \/>\n\t<meta name=\"twitter:data2\" content=\"1 minute\" \/>\n<script type=\"application\/ld+json\" class=\"yoast-schema-graph\">{\"@context\":\"https:\/\/schema.org\",\"@graph\":[{\"@type\":\"WebPage\",\"@id\":\"https:\/\/www.welovecycling.com\/pl\/2017\/12\/11\/catching-breath-dziennik-fotograficzny\/\",\"url\":\"https:\/\/www.welovecycling.com\/pl\/2017\/12\/11\/catching-breath-dziennik-fotograficzny\/\",\"name\":\"Catching Breath: dziennik fotograficzny - \u0160koda We Love Cycling - Poland\",\"isPartOf\":{\"@id\":\"https:\/\/www.welovecycling.com\/pl\/#website\"},\"primaryImageOfPage\":{\"@id\":\"https:\/\/www.welovecycling.com\/pl\/2017\/12\/11\/catching-breath-dziennik-fotograficzny\/#primaryimage\"},\"image\":{\"@id\":\"https:\/\/www.welovecycling.com\/pl\/2017\/12\/11\/catching-breath-dziennik-fotograficzny\/#primaryimage\"},\"thumbnailUrl\":\"https:\/\/d2p6e6u75xmxt8.cloudfront.net\/5\/2017\/12\/photostory_cover.jpg\",\"datePublished\":\"2017-12-11T08:19:13+00:00\",\"dateModified\":\"2017-12-11T11:48:08+00:00\",\"author\":{\"@id\":\"https:\/\/www.welovecycling.com\/pl\/#\/schema\/person\/0dba2d39da943db9df3fd8f4687e7f23\"},\"breadcrumb\":{\"@id\":\"https:\/\/www.welovecycling.com\/pl\/2017\/12\/11\/catching-breath-dziennik-fotograficzny\/#breadcrumb\"},\"inLanguage\":\"pl-PL\",\"potentialAction\":[{\"@type\":\"ReadAction\",\"target\":[\"https:\/\/www.welovecycling.com\/pl\/2017\/12\/11\/catching-breath-dziennik-fotograficzny\/\"]}]},{\"@type\":\"ImageObject\",\"inLanguage\":\"pl-PL\",\"@id\":\"https:\/\/www.welovecycling.com\/pl\/2017\/12\/11\/catching-breath-dziennik-fotograficzny\/#primaryimage\",\"url\":\"https:\/\/d2p6e6u75xmxt8.cloudfront.net\/5\/2017\/12\/photostory_cover.jpg\",\"contentUrl\":\"https:\/\/d2p6e6u75xmxt8.cloudfront.net\/5\/2017\/12\/photostory_cover.jpg\",\"width\":1375,\"height\":600},{\"@type\":\"BreadcrumbList\",\"@id\":\"https:\/\/www.welovecycling.com\/pl\/2017\/12\/11\/catching-breath-dziennik-fotograficzny\/#breadcrumb\",\"itemListElement\":[{\"@type\":\"ListItem\",\"position\":1,\"name\":\"Home\",\"item\":\"https:\/\/www.welovecycling.com\/pl\/\"},{\"@type\":\"ListItem\",\"position\":2,\"name\":\"Catching Breath: dziennik fotograficzny\"}]},{\"@type\":\"WebSite\",\"@id\":\"https:\/\/www.welovecycling.com\/pl\/#website\",\"url\":\"https:\/\/www.welovecycling.com\/pl\/\",\"name\":\"\u0160koda We Love Cycling - Poland\",\"description\":\"\",\"potentialAction\":[{\"@type\":\"SearchAction\",\"target\":{\"@type\":\"EntryPoint\",\"urlTemplate\":\"https:\/\/www.welovecycling.com\/pl\/?s={search_term_string}\"},\"query-input\":{\"@type\":\"PropertyValueSpecification\",\"valueRequired\":true,\"valueName\":\"search_term_string\"}}],\"inLanguage\":\"pl-PL\"},{\"@type\":\"Person\",\"@id\":\"https:\/\/www.welovecycling.com\/pl\/#\/schema\/person\/0dba2d39da943db9df3fd8f4687e7f23\",\"name\":\"piotrboczkowski\",\"image\":{\"@type\":\"ImageObject\",\"inLanguage\":\"pl-PL\",\"@id\":\"https:\/\/www.welovecycling.com\/pl\/#\/schema\/person\/image\/\",\"url\":\"https:\/\/secure.gravatar.com\/avatar\/533caccae14752e03a2ce2d3fd62d1b98b93e1393c3195c27819e53344ca1ace?s=96&d=mm&r=g\",\"contentUrl\":\"https:\/\/secure.gravatar.com\/avatar\/533caccae14752e03a2ce2d3fd62d1b98b93e1393c3195c27819e53344ca1ace?s=96&d=mm&r=g\",\"caption\":\"piotrboczkowski\"},\"url\":\"https:\/\/www.welovecycling.com\/pl\/author\/piotrboczkowski\/\"}]}<\/script>\n<!-- \/ Yoast SEO Premium plugin. -->","yoast_head_json":{"title":"Catching Breath: dziennik fotograficzny - \u0160koda We Love Cycling - Poland","robots":{"index":"index","follow":"follow","max-snippet":"max-snippet:-1","max-image-preview":"max-image-preview:large","max-video-preview":"max-video-preview:-1"},"canonical":"https:\/\/www.welovecycling.com\/pl\/2017\/12\/11\/catching-breath-dziennik-fotograficzny\/","og_locale":"pl_PL","og_type":"article","og_title":"Catching Breath: dziennik fotograficzny","og_description":"Nasza wspania\u0142a przygoda w Himalajach dobieg\u0142a ko\u0144ca, ale wspomnienia po niej pozostan\u0105 w naszych sercach na zawsze. Mogli\u015bcie \u015bledzi\u0107 projekt [&hellip;]","og_url":"https:\/\/www.welovecycling.com\/pl\/2017\/12\/11\/catching-breath-dziennik-fotograficzny\/","og_site_name":"\u0160koda We Love Cycling - Poland","article_published_time":"2017-12-11T08:19:13+00:00","article_modified_time":"2017-12-11T11:48:08+00:00","og_image":[{"width":1375,"height":600,"url":"https:\/\/d2p6e6u75xmxt8.cloudfront.net\/5\/2017\/12\/photostory_cover.jpg","type":"image\/jpeg"}],"author":"piotrboczkowski","twitter_card":"summary_large_image","twitter_misc":{"Written by":"WeLoveCycling","Est. reading time":"1 minute"},"schema":{"@context":"https:\/\/schema.org","@graph":[{"@type":"WebPage","@id":"https:\/\/www.welovecycling.com\/pl\/2017\/12\/11\/catching-breath-dziennik-fotograficzny\/","url":"https:\/\/www.welovecycling.com\/pl\/2017\/12\/11\/catching-breath-dziennik-fotograficzny\/","name":"Catching Breath: dziennik fotograficzny - \u0160koda We Love Cycling - Poland","isPartOf":{"@id":"https:\/\/www.welovecycling.com\/pl\/#website"},"primaryImageOfPage":{"@id":"https:\/\/www.welovecycling.com\/pl\/2017\/12\/11\/catching-breath-dziennik-fotograficzny\/#primaryimage"},"image":{"@id":"https:\/\/www.welovecycling.com\/pl\/2017\/12\/11\/catching-breath-dziennik-fotograficzny\/#primaryimage"},"thumbnailUrl":"https:\/\/d2p6e6u75xmxt8.cloudfront.net\/5\/2017\/12\/photostory_cover.jpg","datePublished":"2017-12-11T08:19:13+00:00","dateModified":"2017-12-11T11:48:08+00:00","author":{"@id":"https:\/\/www.welovecycling.com\/pl\/#\/schema\/person\/0dba2d39da943db9df3fd8f4687e7f23"},"breadcrumb":{"@id":"https:\/\/www.welovecycling.com\/pl\/2017\/12\/11\/catching-breath-dziennik-fotograficzny\/#breadcrumb"},"inLanguage":"pl-PL","potentialAction":[{"@type":"ReadAction","target":["https:\/\/www.welovecycling.com\/pl\/2017\/12\/11\/catching-breath-dziennik-fotograficzny\/"]}]},{"@type":"ImageObject","inLanguage":"pl-PL","@id":"https:\/\/www.welovecycling.com\/pl\/2017\/12\/11\/catching-breath-dziennik-fotograficzny\/#primaryimage","url":"https:\/\/d2p6e6u75xmxt8.cloudfront.net\/5\/2017\/12\/photostory_cover.jpg","contentUrl":"https:\/\/d2p6e6u75xmxt8.cloudfront.net\/5\/2017\/12\/photostory_cover.jpg","width":1375,"height":600},{"@type":"BreadcrumbList","@id":"https:\/\/www.welovecycling.com\/pl\/2017\/12\/11\/catching-breath-dziennik-fotograficzny\/#breadcrumb","itemListElement":[{"@type":"ListItem","position":1,"name":"Home","item":"https:\/\/www.welovecycling.com\/pl\/"},{"@type":"ListItem","position":2,"name":"Catching Breath: dziennik fotograficzny"}]},{"@type":"WebSite","@id":"https:\/\/www.welovecycling.com\/pl\/#website","url":"https:\/\/www.welovecycling.com\/pl\/","name":"\u0160koda We Love Cycling - Poland","description":"","potentialAction":[{"@type":"SearchAction","target":{"@type":"EntryPoint","urlTemplate":"https:\/\/www.welovecycling.com\/pl\/?s={search_term_string}"},"query-input":{"@type":"PropertyValueSpecification","valueRequired":true,"valueName":"search_term_string"}}],"inLanguage":"pl-PL"},{"@type":"Person","@id":"https:\/\/www.welovecycling.com\/pl\/#\/schema\/person\/0dba2d39da943db9df3fd8f4687e7f23","name":"piotrboczkowski","image":{"@type":"ImageObject","inLanguage":"pl-PL","@id":"https:\/\/www.welovecycling.com\/pl\/#\/schema\/person\/image\/","url":"https:\/\/secure.gravatar.com\/avatar\/533caccae14752e03a2ce2d3fd62d1b98b93e1393c3195c27819e53344ca1ace?s=96&d=mm&r=g","contentUrl":"https:\/\/secure.gravatar.com\/avatar\/533caccae14752e03a2ce2d3fd62d1b98b93e1393c3195c27819e53344ca1ace?s=96&d=mm&r=g","caption":"piotrboczkowski"},"url":"https:\/\/www.welovecycling.com\/pl\/author\/piotrboczkowski\/"}]}},"_links":{"self":[{"href":"https:\/\/www.welovecycling.com\/pl\/wp-json\/wp\/v2\/posts\/6123","targetHints":{"allow":["GET"]}}],"collection":[{"href":"https:\/\/www.welovecycling.com\/pl\/wp-json\/wp\/v2\/posts"}],"about":[{"href":"https:\/\/www.welovecycling.com\/pl\/wp-json\/wp\/v2\/types\/post"}],"author":[{"embeddable":true,"href":"https:\/\/www.welovecycling.com\/pl\/wp-json\/wp\/v2\/users\/76"}],"replies":[{"embeddable":true,"href":"https:\/\/www.welovecycling.com\/pl\/wp-json\/wp\/v2\/comments?post=6123"}],"version-history":[{"count":2,"href":"https:\/\/www.welovecycling.com\/pl\/wp-json\/wp\/v2\/posts\/6123\/revisions"}],"predecessor-version":[{"id":6165,"href":"https:\/\/www.welovecycling.com\/pl\/wp-json\/wp\/v2\/posts\/6123\/revisions\/6165"}],"wp:featuredmedia":[{"embeddable":true,"href":"https:\/\/www.welovecycling.com\/pl\/wp-json\/wp\/v2\/media\/6154"}],"wp:attachment":[{"href":"https:\/\/www.welovecycling.com\/pl\/wp-json\/wp\/v2\/media?parent=6123"}],"wp:term":[{"taxonomy":"category","embeddable":true,"href":"https:\/\/www.welovecycling.com\/pl\/wp-json\/wp\/v2\/categories?post=6123"},{"taxonomy":"post_tag","embeddable":true,"href":"https:\/\/www.welovecycling.com\/pl\/wp-json\/wp\/v2\/tags?post=6123"},{"taxonomy":"global-categories","embeddable":true,"href":"https:\/\/www.welovecycling.com\/pl\/wp-json\/wp\/v2\/global-categories?post=6123"}],"curies":[{"name":"wp","href":"https:\/\/api.w.org\/{rel}","templated":true}]}}