{"id":6098,"date":"2017-12-06T11:12:44","date_gmt":"2017-12-06T11:12:44","guid":{"rendered":"https:\/\/www.welovecycling.com\/pl\/?p=6098"},"modified":"2017-12-08T10:42:28","modified_gmt":"2017-12-08T10:42:28","slug":"catching-breath-wyscig-himalajach-ktory-doslownie-zapiera-dech-piersiach","status":"publish","type":"post","link":"https:\/\/www.welovecycling.com\/pl\/2017\/12\/06\/catching-breath-wyscig-himalajach-ktory-doslownie-zapiera-dech-piersiach\/","title":{"rendered":"Catching Breath: wy\u015bcig w Himalajach, kt\u00f3ry dos\u0142ownie zapiera dech w piersiach"},"content":{"rendered":"<p><strong>Czy wiedzieli\u015bcie, \u017ce na ekstremalnych wysoko\u015bciach organizm otrzymuje tylko po\u0142ow\u0119 tlenu? Pr\u00f3buj\u0105c zdoby\u0107 wysoko\u015b\u0107 5359 m n.p.m. na kamienistych i wyboistych drogach w towarzystwie lodowatego wiatru, kt\u00f3ry pr\u00f3buje zdmuchn\u0105\u0107 Ci\u0119 ze \u015bcie\u017cki przy ka\u017cdej mo\u017cliwej okazji, potrzebujesz naprawd\u0119 du\u017co tlenu. Jaki\u015b czas temu natkn\u0119li\u015bmy si\u0119 na przypadek Christopha Kluge&#8217;a, sportowca, kt\u00f3ry dobrowolnie podda\u0142 si\u0119 dzia\u0142aniu takich warunk\u00f3w i ustanowi\u0142 <\/strong><a href=\"https:\/\/www.strava.com\/activities\/22109395#8021524304\"><strong>rekord<\/strong><\/a><strong> STRAVA, w 2012 roku pokonuj\u0105c na rowerze jedn\u0105 z najwy\u017cszych przejezdnych prze\u0142\u0119czy w Himalajach. Od tamtej pory nikt nie zdoby\u0142 prze\u0142\u0119czy Khardung La. A\u017c do teraz.<\/strong><br \/>\n<!--more--><\/p>\n<p>\u0160koda wsp\u00f3lnie z magazynem WeLoveCycling zainteresowa\u0142a si\u0119 t\u0105 spraw\u0105 i\u00a0 zapragn\u0119\u0142a przygody. Po cichu rozes\u0142a\u0142a wie\u015bci i nied\u0142ugo p\u00f3\u017aniej rowerzy\u015bci zacz\u0119li zalewa\u0107 nasze skrzynki odbiorcze. Skrupulatnie por\u00f3wnywali\u015bmy rekordy STRAVA ka\u017cdego kandydata, jego og\u00f3lne osi\u0105gni\u0119cia sportowe i stan zdrowia, a tak\u017ce determinacj\u0119 do walki o pobicie rekordu Kluge&#8217;a. Ku naszemu zdziwieniu wy\u0142onili\u015bmy nie jednego, nie dwoje, ale a\u017c czworo finalist\u00f3w, ch\u0119tnych do podj\u0119cia tej ekstremalnej misji. W ten spos\u00f3b narodzi\u0142 si\u0119 projekt Catching Breath: Z\u0142ap oddech w Himalajach!<\/p>\n<p><a href=\"https:\/\/www.welovecycling.com\/pl\/catching-breath\/\"><img loading=\"lazy\" decoding=\"async\" class=\"alignnone wp-image-6086 size-full\" src=\"https:\/\/d2p6e6u75xmxt8.cloudfront.net\/5\/2016\/11\/WLC_2017_CatchingBreath_ArticlePostTeaser_786x108.jpg\" alt=\"\" width=\"786\" height=\"108\" srcset=\"https:\/\/d2p6e6u75xmxt8.cloudfront.net\/5\/2016\/11\/WLC_2017_CatchingBreath_ArticlePostTeaser_786x108.jpg 786w, https:\/\/d2p6e6u75xmxt8.cloudfront.net\/5\/2016\/11\/WLC_2017_CatchingBreath_ArticlePostTeaser_786x108-300x41.jpg 300w, https:\/\/d2p6e6u75xmxt8.cloudfront.net\/5\/2016\/11\/WLC_2017_CatchingBreath_ArticlePostTeaser_786x108-768x106.jpg 768w\" sizes=\"auto, (max-width: 786px) 100vw, 786px\" \/><\/a><\/p>\n<p>Poza czw\u00f3rk\u0105 uczestnik\u00f3w: Bartoszem Huzarskim z Polski, Andre\u0105 Schilir\u00f2 z W\u0142och, Ev\u0105 Lindskog ze Szwecji oraz Valent\u00edm Sanjuanem z Hiszpanii, znale\u017ali\u015bmy ekip\u0119 monta\u017cow\u0105 i zesp\u00f3\u0142 ludzi tak zwariowanych, jak ca\u0142a ta wyprawa, bowiem prze\u0142\u0119cz Khardung La jest najwy\u017cszych punktem w Himalajach (a tak naprawd\u0119 na ca\u0142ym \u015bwiecie) dost\u0119pnym bez uzyskania zgody od wojska. Tak wi\u0119c po gruntownych przygotowaniach i z determinacj\u0105 godn\u0105 szale\u0144ca wyruszyli\u015bmy w podr\u00f3\u017c.<\/p>\n<p>Chcieli\u015bmy utrzyma\u0107 motywacj\u0119 w\u015br\u00f3d zawodnik\u00f3w, pokazuj\u0105c im, jak blisko\/daleko s\u0105 od rekordu Kluge&#8217;a, dlatego \u0160koda KAROQ specjalnie obrandowana mierzy\u0142a tempo Kluge&#8217;a i towarzyszy\u0142a kolarzom na trasie jako punkt odniesienia.<\/p>\n<p>Innym samochodem na trasie by\u0142a \u0160koda KODIAQ, r\u00f3wnie\u017c z rodziny 4&#215;4, kt\u00f3ra pe\u0142ni\u0142a rol\u0119 pojazdu-asystenta, przewo\u017c\u0105c cz\u0119\u015b\u0107 kamerzyst\u00f3w, butle z tlenem oraz ca\u0142y niezb\u0119dny sprz\u0119t. Nie trzeba m\u00f3wi\u0107, \u017ce podczas wy\u015bcigu wszyscy zawodnicy prze\u017cyli kryzys swojej silnej woli, ale i dla za\u0142ogi monta\u017cowej wy\u015bcig by\u0142 r\u00f3wnie wymagaj\u0105cy. Godziny kr\u0119cenia \u201esurowego\u201d materia\u0142u na \u017cywo, bez scenariusza, bez powt\u00f3rek i bez idealnego o\u015bwietlenia &#8211; z pewno\u015bci\u0105 nie brzmia\u0142o to zbyt zach\u0119caj\u0105co. Jednak wed\u0142ug re\u017cysera Alberto Accetulliego ci\u0119\u017cko by\u0142o przesta\u0107 kr\u0119ci\u0107 z powodu du\u017cej ilo\u015bci adrenaliny i niesamowitych widok\u00f3w. W ko\u0144cu m\u00f3g\u0142 on obserwowa\u0107 jedn\u0105 z najstarszych opowie\u015bci \u015bwiata \u2013 opowie\u015b\u0107 o zaciek\u0142ej walce, ludzkiej determinacji i przekraczaniu w\u0142asnych granic.<\/p>\n\n<p>Jak w ka\u017cdym wy\u015bcigu, tu mo\u017ce by\u0107 tylko jeden zwyci\u0119zca. Bartosz Huzarski nie tylko pokona\u0142 prze\u0142\u0119cz Khardung La, ale tak\u017ce <strong><a href=\"https:\/\/www.strava.com\/activities\/1197049144#31030738567\">pobi\u0142 stary rekord o 27 minut i 50 sekund<\/a><\/strong>. Nied\u0142ugo po tym Andrea Schilir\u00f2 wy\u0142oni\u0142 si\u0119 zza szczytu, r\u00f3wnie\u017c poprawiaj\u0105c rekord, a Eva Lindskog zdoby\u0142a rekord w kategorii kobiecej po tym, jak przejecha\u0142a lini\u0119 mety kilka sekund przed pojazdem KAROQ.<\/p>\n<p><img loading=\"lazy\" decoding=\"async\" class=\"alignnone size-large wp-image-6105\" src=\"https:\/\/d2p6e6u75xmxt8.cloudfront.net\/5\/2017\/12\/WLC_CatchingBreath_2017_Landscapes_20-1024x576.jpg\" alt=\"\" width=\"1024\" height=\"576\" srcset=\"https:\/\/d2p6e6u75xmxt8.cloudfront.net\/5\/2017\/12\/WLC_CatchingBreath_2017_Landscapes_20-1024x576.jpg 1024w, https:\/\/d2p6e6u75xmxt8.cloudfront.net\/5\/2017\/12\/WLC_CatchingBreath_2017_Landscapes_20-300x169.jpg 300w, https:\/\/d2p6e6u75xmxt8.cloudfront.net\/5\/2017\/12\/WLC_CatchingBreath_2017_Landscapes_20-768x432.jpg 768w, https:\/\/d2p6e6u75xmxt8.cloudfront.net\/5\/2017\/12\/WLC_CatchingBreath_2017_Landscapes_20.jpg 1280w\" sizes=\"auto, (max-width: 1024px) 100vw, 1024px\" \/><\/p>\n<p>Pomimo \u017ce pobicie rekordu by\u0142o poza jego zasi\u0119giem, poniewa\u017c na kr\u00f3tko przed t\u0105 wypraw\u0105 wzi\u0105\u0142 udzia\u0142 w 10 wy\u015bcigach Ironman w ci\u0105gu 10 dni (tak! to nie pomy\u0142ka) i musia\u0142 przebywa\u0107 w szpitalu w zwi\u0105zku z kontuzj\u0105, Valent\u00ed Sanjuan zdecydowa\u0142 si\u0119 podj\u0105\u0107 wyzwanie i nie pozwoli\u0142 Himalajom wygra\u0107. Po kr\u00f3tkiej sesji z mask\u0105 tlenow\u0105 i wielu przekle\u0144stwach, on r\u00f3wnie\u017c zosta\u0142 przywitany na szczycie przez wiwatuj\u0105ce t\u0142umy. Po tym, jak wszyscy uczestnicy i za\u0142oga z\u0142apali chwil\u0119 oddechu, ekscytacja w powietrzu by\u0142a niemal namacalna. Nie trzeba dodawa\u0107, \u017ce wy\u015bcig by\u0142 wyczerpuj\u0105cy, ale z pewno\u015bci\u0105 wart udzia\u0142u!<\/p>\n<p>Chcieliby\u015bmy podzi\u0119kowa\u0107 firmom: Garmin, Focus, The North Face, Mitas oraz Hypoxie Group za dostarczenie nam sprz\u0119tu, nieocenione porady, stworzenie mo\u017cliwo\u015bci treningowych, a co najwa\u017cniejsze za wiar\u0119 w nasz ekstremalny pomys\u0142. Nie my\u015blcie jednak, \u017ce teraz spoczniemy na laurach! By\u0107 mo\u017ce ju\u017c szykuje si\u0119 kolejna przygoda.<\/p>\n","protected":false},"excerpt":{"rendered":"<p>Czy wiedzieli\u015bcie, \u017ce na ekstremalnych wysoko\u015bciach organizm otrzymuje tylko po\u0142ow\u0119 tlenu? Pr\u00f3buj\u0105c zdoby\u0107 wysoko\u015b\u0107 5359 m n.p.m. na kamienistych i [&hellip;]<\/p>\n","protected":false},"author":76,"featured_media":6107,"comment_status":"open","ping_status":"open","sticky":false,"template":"","format":"standard","meta":{"footnotes":""},"categories":[5],"tags":[108,211,214,22,21,82],"global-categories":[],"class_list":["post-6098","post","type-post","status-publish","format-standard","has-post-thumbnail","hentry","category-outdoormtb","tag-bartosz-huzarski","tag-catching-breath","tag-catching-breath-cycling-up-the-himalayas","tag-mtb","tag-outdoor","tag-welovecycling"],"yoast_head":"<!-- This site is optimized with the Yoast SEO Premium plugin v25.3 (Yoast SEO v25.9) - https:\/\/yoast.com\/wordpress\/plugins\/seo\/ -->\n<title>Catching Breath: wy\u015bcig w Himalajach, kt\u00f3ry dos\u0142ownie zapiera dech w piersiach - \u0160koda We Love Cycling - Poland<\/title>\n<meta name=\"robots\" content=\"index, follow, max-snippet:-1, max-image-preview:large, max-video-preview:-1\" \/>\n<link rel=\"canonical\" href=\"https:\/\/www.welovecycling.com\/pl\/2017\/12\/06\/catching-breath-wyscig-himalajach-ktory-doslownie-zapiera-dech-piersiach\/\" \/>\n<meta property=\"og:locale\" content=\"pl_PL\" \/>\n<meta property=\"og:type\" content=\"article\" \/>\n<meta property=\"og:title\" content=\"Catching Breath: A Himalayan Race That Will Literally Take Your Breath Away\" \/>\n<meta property=\"og:description\" content=\"Did you know that your body gets only half the oxygen in extreme altitudes? And you need a lot of it when trying to reach exactly 5,359 meters above sea level, on rocky, crumbling roads, accompanied by icy winds that will try to knock you of the path any chance they get. Some time ago, we\u2019ve stumbled upon Christoph Kluge \u2013 an athlete who submitted himself to such conditions voluntarily and created a strava record for climbing one of the highest rideable Himalayan passes on a bicycle in 2012. The Khardung La pass stood unchallenged since then. Until now.\" \/>\n<meta property=\"og:url\" content=\"https:\/\/www.welovecycling.com\/pl\/2017\/12\/06\/catching-breath-wyscig-himalajach-ktory-doslownie-zapiera-dech-piersiach\/\" \/>\n<meta property=\"og:site_name\" content=\"\u0160koda We Love Cycling - Poland\" \/>\n<meta property=\"article:published_time\" content=\"2017-12-06T11:12:44+00:00\" \/>\n<meta property=\"article:modified_time\" content=\"2017-12-08T10:42:28+00:00\" \/>\n<meta name=\"author\" content=\"piotrboczkowski\" \/>\n<meta name=\"twitter:card\" content=\"summary_large_image\" \/>\n<meta name=\"twitter:title\" content=\"Catching Breath: wy\u015bcig w Himalajach, kt\u00f3ry dos\u0142ownie zapiera dech w piersiach\" \/>\n<meta name=\"twitter:image\" content=\"https:\/\/d2p6e6u75xmxt8.cloudfront.net\/5\/2017\/12\/WLC_CB_ArticleCover_1366x600.jpg\" \/>\n<meta name=\"twitter:label1\" content=\"Written by\" \/>\n\t<meta name=\"twitter:data1\" content=\"WeLoveCycling\" \/>\n\t<meta name=\"twitter:label2\" content=\"Est. reading time\" \/>\n\t<meta name=\"twitter:data2\" content=\"4 minutes\" \/>\n<script type=\"application\/ld+json\" class=\"yoast-schema-graph\">{\"@context\":\"https:\/\/schema.org\",\"@graph\":[{\"@type\":\"WebPage\",\"@id\":\"https:\/\/www.welovecycling.com\/pl\/2017\/12\/06\/catching-breath-wyscig-himalajach-ktory-doslownie-zapiera-dech-piersiach\/\",\"url\":\"https:\/\/www.welovecycling.com\/pl\/2017\/12\/06\/catching-breath-wyscig-himalajach-ktory-doslownie-zapiera-dech-piersiach\/\",\"name\":\"Catching Breath: wy\u015bcig w Himalajach, kt\u00f3ry dos\u0142ownie zapiera dech w piersiach - \u0160koda We Love Cycling - Poland\",\"isPartOf\":{\"@id\":\"https:\/\/www.welovecycling.com\/pl\/#website\"},\"primaryImageOfPage\":{\"@id\":\"https:\/\/www.welovecycling.com\/pl\/2017\/12\/06\/catching-breath-wyscig-himalajach-ktory-doslownie-zapiera-dech-piersiach\/#primaryimage\"},\"image\":{\"@id\":\"https:\/\/www.welovecycling.com\/pl\/2017\/12\/06\/catching-breath-wyscig-himalajach-ktory-doslownie-zapiera-dech-piersiach\/#primaryimage\"},\"thumbnailUrl\":\"https:\/\/d2p6e6u75xmxt8.cloudfront.net\/5\/2017\/12\/WLC_CB_ArticleCover_1366x600.jpg\",\"datePublished\":\"2017-12-06T11:12:44+00:00\",\"dateModified\":\"2017-12-08T10:42:28+00:00\",\"author\":{\"@id\":\"https:\/\/www.welovecycling.com\/pl\/#\/schema\/person\/0dba2d39da943db9df3fd8f4687e7f23\"},\"breadcrumb\":{\"@id\":\"https:\/\/www.welovecycling.com\/pl\/2017\/12\/06\/catching-breath-wyscig-himalajach-ktory-doslownie-zapiera-dech-piersiach\/#breadcrumb\"},\"inLanguage\":\"pl-PL\",\"potentialAction\":[{\"@type\":\"ReadAction\",\"target\":[\"https:\/\/www.welovecycling.com\/pl\/2017\/12\/06\/catching-breath-wyscig-himalajach-ktory-doslownie-zapiera-dech-piersiach\/\"]}]},{\"@type\":\"ImageObject\",\"inLanguage\":\"pl-PL\",\"@id\":\"https:\/\/www.welovecycling.com\/pl\/2017\/12\/06\/catching-breath-wyscig-himalajach-ktory-doslownie-zapiera-dech-piersiach\/#primaryimage\",\"url\":\"https:\/\/d2p6e6u75xmxt8.cloudfront.net\/5\/2017\/12\/WLC_CB_ArticleCover_1366x600.jpg\",\"contentUrl\":\"https:\/\/d2p6e6u75xmxt8.cloudfront.net\/5\/2017\/12\/WLC_CB_ArticleCover_1366x600.jpg\",\"width\":1366,\"height\":600},{\"@type\":\"BreadcrumbList\",\"@id\":\"https:\/\/www.welovecycling.com\/pl\/2017\/12\/06\/catching-breath-wyscig-himalajach-ktory-doslownie-zapiera-dech-piersiach\/#breadcrumb\",\"itemListElement\":[{\"@type\":\"ListItem\",\"position\":1,\"name\":\"Home\",\"item\":\"https:\/\/www.welovecycling.com\/pl\/\"},{\"@type\":\"ListItem\",\"position\":2,\"name\":\"Catching Breath: wy\u015bcig w Himalajach, kt\u00f3ry dos\u0142ownie zapiera dech w piersiach\"}]},{\"@type\":\"WebSite\",\"@id\":\"https:\/\/www.welovecycling.com\/pl\/#website\",\"url\":\"https:\/\/www.welovecycling.com\/pl\/\",\"name\":\"\u0160koda We Love Cycling - Poland\",\"description\":\"\",\"potentialAction\":[{\"@type\":\"SearchAction\",\"target\":{\"@type\":\"EntryPoint\",\"urlTemplate\":\"https:\/\/www.welovecycling.com\/pl\/?s={search_term_string}\"},\"query-input\":{\"@type\":\"PropertyValueSpecification\",\"valueRequired\":true,\"valueName\":\"search_term_string\"}}],\"inLanguage\":\"pl-PL\"},{\"@type\":\"Person\",\"@id\":\"https:\/\/www.welovecycling.com\/pl\/#\/schema\/person\/0dba2d39da943db9df3fd8f4687e7f23\",\"name\":\"piotrboczkowski\",\"image\":{\"@type\":\"ImageObject\",\"inLanguage\":\"pl-PL\",\"@id\":\"https:\/\/www.welovecycling.com\/pl\/#\/schema\/person\/image\/\",\"url\":\"https:\/\/secure.gravatar.com\/avatar\/533caccae14752e03a2ce2d3fd62d1b98b93e1393c3195c27819e53344ca1ace?s=96&d=mm&r=g\",\"contentUrl\":\"https:\/\/secure.gravatar.com\/avatar\/533caccae14752e03a2ce2d3fd62d1b98b93e1393c3195c27819e53344ca1ace?s=96&d=mm&r=g\",\"caption\":\"piotrboczkowski\"},\"url\":\"https:\/\/www.welovecycling.com\/pl\/author\/piotrboczkowski\/\"}]}<\/script>\n<!-- \/ Yoast SEO Premium plugin. -->","yoast_head_json":{"title":"Catching Breath: wy\u015bcig w Himalajach, kt\u00f3ry dos\u0142ownie zapiera dech w piersiach - \u0160koda We Love Cycling - Poland","robots":{"index":"index","follow":"follow","max-snippet":"max-snippet:-1","max-image-preview":"max-image-preview:large","max-video-preview":"max-video-preview:-1"},"canonical":"https:\/\/www.welovecycling.com\/pl\/2017\/12\/06\/catching-breath-wyscig-himalajach-ktory-doslownie-zapiera-dech-piersiach\/","og_locale":"pl_PL","og_type":"article","og_title":"Catching Breath: A Himalayan Race That Will Literally Take Your Breath Away","og_description":"Did you know that your body gets only half the oxygen in extreme altitudes? And you need a lot of it when trying to reach exactly 5,359 meters above sea level, on rocky, crumbling roads, accompanied by icy winds that will try to knock you of the path any chance they get. Some time ago, we\u2019ve stumbled upon Christoph Kluge \u2013 an athlete who submitted himself to such conditions voluntarily and created a strava record for climbing one of the highest rideable Himalayan passes on a bicycle in 2012. The Khardung La pass stood unchallenged since then. Until now.","og_url":"https:\/\/www.welovecycling.com\/pl\/2017\/12\/06\/catching-breath-wyscig-himalajach-ktory-doslownie-zapiera-dech-piersiach\/","og_site_name":"\u0160koda We Love Cycling - Poland","article_published_time":"2017-12-06T11:12:44+00:00","article_modified_time":"2017-12-08T10:42:28+00:00","author":"piotrboczkowski","twitter_card":"summary_large_image","twitter_title":"Catching Breath: wy\u015bcig w Himalajach, kt\u00f3ry dos\u0142ownie zapiera dech w piersiach","twitter_image":"https:\/\/d2p6e6u75xmxt8.cloudfront.net\/5\/2017\/12\/WLC_CB_ArticleCover_1366x600.jpg","twitter_misc":{"Written by":"WeLoveCycling","Est. reading time":"4 minutes"},"schema":{"@context":"https:\/\/schema.org","@graph":[{"@type":"WebPage","@id":"https:\/\/www.welovecycling.com\/pl\/2017\/12\/06\/catching-breath-wyscig-himalajach-ktory-doslownie-zapiera-dech-piersiach\/","url":"https:\/\/www.welovecycling.com\/pl\/2017\/12\/06\/catching-breath-wyscig-himalajach-ktory-doslownie-zapiera-dech-piersiach\/","name":"Catching Breath: wy\u015bcig w Himalajach, kt\u00f3ry dos\u0142ownie zapiera dech w piersiach - \u0160koda We Love Cycling - Poland","isPartOf":{"@id":"https:\/\/www.welovecycling.com\/pl\/#website"},"primaryImageOfPage":{"@id":"https:\/\/www.welovecycling.com\/pl\/2017\/12\/06\/catching-breath-wyscig-himalajach-ktory-doslownie-zapiera-dech-piersiach\/#primaryimage"},"image":{"@id":"https:\/\/www.welovecycling.com\/pl\/2017\/12\/06\/catching-breath-wyscig-himalajach-ktory-doslownie-zapiera-dech-piersiach\/#primaryimage"},"thumbnailUrl":"https:\/\/d2p6e6u75xmxt8.cloudfront.net\/5\/2017\/12\/WLC_CB_ArticleCover_1366x600.jpg","datePublished":"2017-12-06T11:12:44+00:00","dateModified":"2017-12-08T10:42:28+00:00","author":{"@id":"https:\/\/www.welovecycling.com\/pl\/#\/schema\/person\/0dba2d39da943db9df3fd8f4687e7f23"},"breadcrumb":{"@id":"https:\/\/www.welovecycling.com\/pl\/2017\/12\/06\/catching-breath-wyscig-himalajach-ktory-doslownie-zapiera-dech-piersiach\/#breadcrumb"},"inLanguage":"pl-PL","potentialAction":[{"@type":"ReadAction","target":["https:\/\/www.welovecycling.com\/pl\/2017\/12\/06\/catching-breath-wyscig-himalajach-ktory-doslownie-zapiera-dech-piersiach\/"]}]},{"@type":"ImageObject","inLanguage":"pl-PL","@id":"https:\/\/www.welovecycling.com\/pl\/2017\/12\/06\/catching-breath-wyscig-himalajach-ktory-doslownie-zapiera-dech-piersiach\/#primaryimage","url":"https:\/\/d2p6e6u75xmxt8.cloudfront.net\/5\/2017\/12\/WLC_CB_ArticleCover_1366x600.jpg","contentUrl":"https:\/\/d2p6e6u75xmxt8.cloudfront.net\/5\/2017\/12\/WLC_CB_ArticleCover_1366x600.jpg","width":1366,"height":600},{"@type":"BreadcrumbList","@id":"https:\/\/www.welovecycling.com\/pl\/2017\/12\/06\/catching-breath-wyscig-himalajach-ktory-doslownie-zapiera-dech-piersiach\/#breadcrumb","itemListElement":[{"@type":"ListItem","position":1,"name":"Home","item":"https:\/\/www.welovecycling.com\/pl\/"},{"@type":"ListItem","position":2,"name":"Catching Breath: wy\u015bcig w Himalajach, kt\u00f3ry dos\u0142ownie zapiera dech w piersiach"}]},{"@type":"WebSite","@id":"https:\/\/www.welovecycling.com\/pl\/#website","url":"https:\/\/www.welovecycling.com\/pl\/","name":"\u0160koda We Love Cycling - Poland","description":"","potentialAction":[{"@type":"SearchAction","target":{"@type":"EntryPoint","urlTemplate":"https:\/\/www.welovecycling.com\/pl\/?s={search_term_string}"},"query-input":{"@type":"PropertyValueSpecification","valueRequired":true,"valueName":"search_term_string"}}],"inLanguage":"pl-PL"},{"@type":"Person","@id":"https:\/\/www.welovecycling.com\/pl\/#\/schema\/person\/0dba2d39da943db9df3fd8f4687e7f23","name":"piotrboczkowski","image":{"@type":"ImageObject","inLanguage":"pl-PL","@id":"https:\/\/www.welovecycling.com\/pl\/#\/schema\/person\/image\/","url":"https:\/\/secure.gravatar.com\/avatar\/533caccae14752e03a2ce2d3fd62d1b98b93e1393c3195c27819e53344ca1ace?s=96&d=mm&r=g","contentUrl":"https:\/\/secure.gravatar.com\/avatar\/533caccae14752e03a2ce2d3fd62d1b98b93e1393c3195c27819e53344ca1ace?s=96&d=mm&r=g","caption":"piotrboczkowski"},"url":"https:\/\/www.welovecycling.com\/pl\/author\/piotrboczkowski\/"}]}},"_links":{"self":[{"href":"https:\/\/www.welovecycling.com\/pl\/wp-json\/wp\/v2\/posts\/6098","targetHints":{"allow":["GET"]}}],"collection":[{"href":"https:\/\/www.welovecycling.com\/pl\/wp-json\/wp\/v2\/posts"}],"about":[{"href":"https:\/\/www.welovecycling.com\/pl\/wp-json\/wp\/v2\/types\/post"}],"author":[{"embeddable":true,"href":"https:\/\/www.welovecycling.com\/pl\/wp-json\/wp\/v2\/users\/76"}],"replies":[{"embeddable":true,"href":"https:\/\/www.welovecycling.com\/pl\/wp-json\/wp\/v2\/comments?post=6098"}],"version-history":[{"count":2,"href":"https:\/\/www.welovecycling.com\/pl\/wp-json\/wp\/v2\/posts\/6098\/revisions"}],"predecessor-version":[{"id":6115,"href":"https:\/\/www.welovecycling.com\/pl\/wp-json\/wp\/v2\/posts\/6098\/revisions\/6115"}],"wp:featuredmedia":[{"embeddable":true,"href":"https:\/\/www.welovecycling.com\/pl\/wp-json\/wp\/v2\/media\/6107"}],"wp:attachment":[{"href":"https:\/\/www.welovecycling.com\/pl\/wp-json\/wp\/v2\/media?parent=6098"}],"wp:term":[{"taxonomy":"category","embeddable":true,"href":"https:\/\/www.welovecycling.com\/pl\/wp-json\/wp\/v2\/categories?post=6098"},{"taxonomy":"post_tag","embeddable":true,"href":"https:\/\/www.welovecycling.com\/pl\/wp-json\/wp\/v2\/tags?post=6098"},{"taxonomy":"global-categories","embeddable":true,"href":"https:\/\/www.welovecycling.com\/pl\/wp-json\/wp\/v2\/global-categories?post=6098"}],"curies":[{"name":"wp","href":"https:\/\/api.w.org\/{rel}","templated":true}]}}