{"id":6083,"date":"2017-12-06T08:24:16","date_gmt":"2017-12-06T08:24:16","guid":{"rendered":"https:\/\/www.welovecycling.com\/pl\/?p=6083"},"modified":"2017-12-20T16:51:34","modified_gmt":"2017-12-20T16:51:34","slug":"poznajcie-bohaterow-catching-breath-nasza-wlasna-fantastyczna-czworka","status":"publish","type":"post","link":"https:\/\/www.welovecycling.com\/pl\/2017\/12\/06\/poznajcie-bohaterow-catching-breath-nasza-wlasna-fantastyczna-czworka\/","title":{"rendered":"Poznajcie Bohater\u00f3w Catching Breath: nasza w\u0142asna Fantastyczna Czw\u00f3rka"},"content":{"rendered":"<p><strong>Musieli\u015bmy mocno si\u0119 naszuka\u0107, aby znale\u017a\u0107 grup\u0119 ludzi, dla kt\u00f3rych \u015bwietn\u0105 zabaw\u0105 jest pr\u00f3ba pobicia dotychczasowego kolarskiego rekordu na jednej z najwy\u017cszych prze\u0142\u0119czy w Himalajach. Trasa o d\u0142ugo\u015bci 40 kilometr\u00f3w o sta\u0142ym nachyleniu wynosz\u0105cym 5 procent, niestabilnych, trudnych warunkach pogodowych i powietrzu z mniejsz\u0105 o po\u0142ow\u0119 ilo\u015bci\u0105 tlenu okaza\u0142a si\u0119 szalenie kusz\u0105c\u0105 propozycj\u0105. Po nieko\u0144cz\u0105cym si\u0119 przegl\u0105dzie profili kandydat\u00f3w, informacji o ich treningach i po przejrzeniu wielu stron z danymi STRAVA, wy\u0142onili\u015bmy nasz czteroosobowy zesp\u00f3\u0142. Pochodz\u0105 z r\u00f3\u017cnych kraj\u00f3w i \u015brodowisk, a patrz\u0105c na nich, mo\u017cna powiedzie\u0107, \u017ce to przypadkowa grupa. Wszyscy mieli jednak jeden wsp\u00f3lny cel \u2013 zdoby\u0107 Khardung La, jedn\u0105 z najwy\u017cej po\u0142o\u017conych dr\u00f3g dost\u0119pnych dla samochod\u00f3w w Himalajach (5359 m), a co najwa\u017cniejsze, pobi\u0107 dotychczasowy rekord i przemy\u015ble\u0107 swoje wybory \u017cyciowe. Troje z czworga odnios\u0142o sukces. Jak to zrobili? A co si\u0119 sta\u0142o z czwartym zawodnikiem? Czytajcie dalej!<\/strong><br \/>\n<!--more--><\/p>\n<h2><strong>Bartosz Huzarski (Polska)<\/strong><\/h2>\n<p>Ten, kt\u00f3ry zwyci\u0119\u017cy\u0142 i pobi\u0142 3-godzinny rekord Christophera Kluge&#8217;a, to nikt inny, tylko by\u0142y zawodowy kolarz, weteran Tour de France i za\u0142o\u017cyciel\u00a0 Huzar Bike Academy &#8211; Bartosz Huzarski. Poza trzykrotnym uko\u0144czeniem Tour de France, dwukrotnie uczestniczy\u0142 w Giro d\u2019Italia. Zwiedzi\u0142 kawa\u0142ek \u015bwiata w barwach swojego by\u0142ego zespo\u0142u Bora-Argon 18, a na w\u0142asn\u0105 r\u0119k\u0119 wybra\u0142 si\u0119 do Tybetu, wi\u0119c ju\u017c wcze\u015bniej mia\u0142 styczno\u015b\u0107 z kolarstwem wysoko\u015bciowym.<\/p>\n<lite-youtube videoid=ydgTudsqs1Q params=\"enablejsapi=1\" style=\"background-image: url('https:\/\/i.ytimg.com\/vi_webp\/ydgTudsqs1Q\/maxresdefault.webp');\"><\/lite-youtube>\n<p>Jego szczeg\u00f3\u0142owo zaplanowany 14-dniowy plan obejmuj\u0105cy treningi, \u017cywienie i odpoczynek przed startem w Catching Breath okaza\u0142 si\u0119 strza\u0142em w dziesi\u0105tk\u0119, poniewa\u017c Huzarski pobi\u0142 poprzedni rekord o 30 minut. Spytany o to, czy chcia\u0142by wr\u00f3ci\u0107 i pobi\u0107 sw\u00f3j w\u0142asny rekord, odpowiedzia\u0142 stanowczo: \u201eNigdy, przenigdy wi\u0119cej!&#8221;. Jednak po kilku minutach stwierdzi\u0142, \u017ce nigdy si\u0119 nie wie, co przyniesie przysz\u0142o\u015b\u0107.<\/p>\n<h2><strong>Andrea Schillir\u00f2 (W\u0142ochy)<\/strong><\/h2>\n<p>Drugi na lini\u0119 mety przyby\u0142 fotograf freelancer, mi\u0142o\u015bnik tatua\u017cy i fan bikepackingu z Mediolanu &#8211; Andrea Schillir\u00f2. Zajmuje si\u0119 fotografi\u0105 sportow\u0105 i krajobrazu, lubi d\u0142ugie wyprawy rowerowe i camping na \u0142onie natury. Bez problemu \u0142\u0105czy wszystkie swoje pasje. Potwierdzeniem jego mi\u0142o\u015bci do d\u0142ugich wypraw rowerowych jest to, \u017ce kiedy pierwszy raz nawi\u0105zali\u015bmy z nim kontakt, by\u0142 na miesi\u0119cznej wyprawie na Alasce.<\/p>\n<lite-youtube videoid=xamkJGSU-HE params=\"enablejsapi=1\" style=\"background-image: url('https:\/\/i.ytimg.com\/vi_webp\/xamkJGSU-HE\/maxresdefault.webp');\"><\/lite-youtube>\n<p>Cho\u0107 mia\u0142 obawy z powodu tak wymagaj\u0105cej wspinaczki i konkurencji zw\u0142aszcza ze strony Bartosza Huzarskiego, trenowa\u0142 w namiocie hipoksycznym, kt\u00f3ry stymulowa\u0142 panuj\u0105ce w g\u00f3rach powietrze ubogie w tlen. Zdecydowa\u0142, \u017ce jego taktyka b\u0119dzie si\u0119 opiera\u0142a na zasadzie \u201edaj z siebie tyle, jakby jutra mia\u0142o nie by\u0107\u201d. Ta strategia si\u0119 op\u0142aci\u0142a, poniewa\u017c nie tylko pobi\u0142 rekord Christopha Kluge&#8217;a, ale tak\u017ce poprawi\u0142 sw\u00f3j wynik STRAVA i zyska\u0142 wi\u0119ksz\u0105 wiar\u0119 w siebie.<\/p>\n<h2><strong>Eva Lindskog (Szwecja)<\/strong><\/h2>\n<p>Pierwsza i jedyna kobieta, kt\u00f3ra zmierzy\u0142a si\u0119 z prze\u0142\u0119cz\u0105 Khardung La, to Eva Lindskog ze Szwecji. Jako wielokrotna zdobywczyni tytu\u0142u Kr\u00f3lowej G\u00f3r (QOM) na STRAVA (obecnie oko\u0142o 1800 pojedynczych udzia\u0142\u00f3w i 60 000 m zwi\u0119kszenia wysoko\u015bci) by\u0142a idealn\u0105 kandydatk\u0105 do podj\u0119cia tego wyczyny. Ta zdeklarowana specjalistka od wytrzyma\u0142o\u015bci ma r\u00f3wnie\u017c wiele innych osi\u0105gni\u0119\u0107: uko\u0144czy\u0142a 161-kilometrowy maraton, zdoby\u0142a Mont Ventoux i wzi\u0119\u0142a udzia\u0142 w ca\u0142odniowych wyprawach rowerowych o d\u0142ugo\u015bci ponad 300 km.<\/p>\n<lite-youtube videoid=EEL-OU1Kxh4 params=\"enablejsapi=1\" style=\"background-image: url('https:\/\/i.ytimg.com\/vi_webp\/EEL-OU1Kxh4\/maxresdefault.webp');\"><\/lite-youtube>\n<p>Od pocz\u0105tku jej plan zak\u0142ada\u0142 \u201etylko\u201d pobicie rekordu Kluge&#8217;a, bez wzgl\u0119du na r\u00f3\u017cnic\u0119 czasow\u0105, wi\u0119c cierpliwie utrzymywa\u0142a sta\u0142e tempo przy wsparciu specjalnego samochodu \u0160koda KAROQ, kt\u00f3ry dok\u0142adnie odtwarza\u0142 pr\u0119dko\u015b\u0107 i tras\u0119 oryginalnego rekordu. Eva przejecha\u0142a lini\u0119 mety dos\u0142ownie sekundy przed samochodem. Uko\u0144czy\u0142a wy\u015bcig, wyznaczaj\u0105c tym samym rekord \u015bwiata w\u015br\u00f3d kobiet.<\/p>\n<h2><strong>Valenti Sanjuan (Hiszpania)<\/strong><\/h2>\n<p>Ostatni, ale nie mniej wa\u017cny \u2013 niezniszczalny \u017cyciowy optymista i mi\u0142o\u015bnik zawod\u00f3w wytrzyma\u0142o\u015bciowych &#8211; Valenti Sanjuan z Hiszpanii. Cho\u0107 jako jedyny z grupy nie pobi\u0142 rekordu, nie musi si\u0119 z tego t\u0142umaczy\u0107. Jego wcze\u015bniejsze przygody to m.in. 55 godzin jazdy g\u00f3rskiej bez przerwy i bez snu z Madrytu do Lizbony (770 km), Titan Desert, wyczerpuj\u0105cy wy\u015bcig na 600 kilometr\u00f3w przez Sahar\u0119, oraz Leyenda del Dorado w Kolombii, 7-dniowy wy\u015bcig MTB z 16 000 m wspinaczki.<\/p>\n<lite-youtube videoid=vJUWLKEXLw8 params=\"enablejsapi=1\" style=\"background-image: url('https:\/\/i.ytimg.com\/vi_webp\/vJUWLKEXLw8\/maxresdefault.webp');\"><\/lite-youtube>\n<p>Do samego ko\u0144ca nie by\u0142o pewne, czy we\u017amie on udzia\u0142 w wy\u015bcigu Catching Breath, poniewa\u017c na kr\u00f3tko przed nim wzi\u0105\u0142 udzia\u0142 w 10 wy\u015bcigach Ironman w ci\u0105gu 10 dni (tak, to nie b\u0142\u0105d) i w zwi\u0105zku z kontuzj\u0105 musia\u0142 przebywa\u0107 w szpitalu. Ostatecznie przyby\u0142 na miejsce dzie\u0144 przed wy\u015bcigiem, a poniewa\u017c nie mia\u0142 tak du\u017co czasu na aklimatyzacj\u0119 w himalajskich warunkach jak pozostali uczestnicy, musia\u0142 skorzysta\u0107 z pomocy medycznej w po\u0142owie trasy. Jednak nie chcia\u0142 da\u0107 si\u0119 pokona\u0107 burzom \u015bnie\u017cnym, przenikliwemu ch\u0142odowi i wyboistym drogom prze\u0142\u0119czy Khardung La &#8211; przekroczy\u0142 lini\u0119 mety, mimo \u017ce nie by\u0142o ju\u017c szans na pobicie rekordu.<\/p>\n","protected":false},"excerpt":{"rendered":"<p>Musieli\u015bmy mocno si\u0119 naszuka\u0107, aby znale\u017a\u0107 grup\u0119 ludzi, dla kt\u00f3rych \u015bwietn\u0105 zabaw\u0105 jest pr\u00f3ba pobicia dotychczasowego kolarskiego rekordu na jednej [&hellip;]<\/p>\n","protected":false},"author":76,"featured_media":6084,"comment_status":"open","ping_status":"open","sticky":false,"template":"","format":"standard","meta":{"footnotes":""},"categories":[5],"tags":[211,214,41,22,21,82],"global-categories":[],"class_list":["post-6083","post","type-post","status-publish","format-standard","has-post-thumbnail","hentry","category-outdoormtb","tag-catching-breath","tag-catching-breath-cycling-up-the-himalayas","tag-cycling","tag-mtb","tag-outdoor","tag-welovecycling"],"yoast_head":"<!-- This site is optimized with the Yoast SEO Premium plugin v25.3 (Yoast SEO v25.9) - https:\/\/yoast.com\/wordpress\/plugins\/seo\/ -->\n<title>Poznajcie Bohater\u00f3w Catching Breath: nasza w\u0142asna Fantastyczna Czw\u00f3rka - \u0160koda We Love Cycling - Poland<\/title>\n<meta name=\"robots\" content=\"index, follow, max-snippet:-1, max-image-preview:large, max-video-preview:-1\" \/>\n<link rel=\"canonical\" href=\"https:\/\/www.welovecycling.com\/pl\/2017\/12\/06\/poznajcie-bohaterow-catching-breath-nasza-wlasna-fantastyczna-czworka\/\" \/>\n<meta property=\"og:locale\" content=\"pl_PL\" \/>\n<meta property=\"og:type\" content=\"article\" \/>\n<meta property=\"og:title\" content=\"Poznajcie Bohater\u00f3w Catching Breath: nasza w\u0142asna Fantastyczna Czw\u00f3rka\" \/>\n<meta property=\"og:description\" content=\"Musieli\u015bmy mocno si\u0119 naszuka\u0107, aby znale\u017a\u0107 grup\u0119 ludzi, dla kt\u00f3rych \u015bwietn\u0105 zabaw\u0105 jest pr\u00f3ba pobicia dotychczasowego kolarskiego rekordu na jednej [&hellip;]\" \/>\n<meta property=\"og:url\" content=\"https:\/\/www.welovecycling.com\/pl\/2017\/12\/06\/poznajcie-bohaterow-catching-breath-nasza-wlasna-fantastyczna-czworka\/\" \/>\n<meta property=\"og:site_name\" content=\"\u0160koda We Love Cycling - Poland\" \/>\n<meta property=\"article:published_time\" content=\"2017-12-06T08:24:16+00:00\" \/>\n<meta property=\"article:modified_time\" content=\"2017-12-20T16:51:34+00:00\" \/>\n<meta property=\"og:image\" content=\"https:\/\/d2p6e6u75xmxt8.cloudfront.net\/5\/2017\/12\/WLC_CB_RiderStories_1366x600.jpg\" \/>\n\t<meta property=\"og:image:width\" content=\"1366\" \/>\n\t<meta property=\"og:image:height\" content=\"600\" \/>\n\t<meta property=\"og:image:type\" content=\"image\/jpeg\" \/>\n<meta name=\"author\" content=\"piotrboczkowski\" \/>\n<meta name=\"twitter:card\" content=\"summary_large_image\" \/>\n<meta name=\"twitter:label1\" content=\"Written by\" \/>\n\t<meta name=\"twitter:data1\" content=\"WeLoveCycling\" \/>\n\t<meta name=\"twitter:label2\" content=\"Est. reading time\" \/>\n\t<meta name=\"twitter:data2\" content=\"4 minutes\" \/>\n<script type=\"application\/ld+json\" class=\"yoast-schema-graph\">{\"@context\":\"https:\/\/schema.org\",\"@graph\":[{\"@type\":\"WebPage\",\"@id\":\"https:\/\/www.welovecycling.com\/pl\/2017\/12\/06\/poznajcie-bohaterow-catching-breath-nasza-wlasna-fantastyczna-czworka\/\",\"url\":\"https:\/\/www.welovecycling.com\/pl\/2017\/12\/06\/poznajcie-bohaterow-catching-breath-nasza-wlasna-fantastyczna-czworka\/\",\"name\":\"Poznajcie Bohater\u00f3w Catching Breath: nasza w\u0142asna Fantastyczna Czw\u00f3rka - \u0160koda We Love Cycling - Poland\",\"isPartOf\":{\"@id\":\"https:\/\/www.welovecycling.com\/pl\/#website\"},\"primaryImageOfPage\":{\"@id\":\"https:\/\/www.welovecycling.com\/pl\/2017\/12\/06\/poznajcie-bohaterow-catching-breath-nasza-wlasna-fantastyczna-czworka\/#primaryimage\"},\"image\":{\"@id\":\"https:\/\/www.welovecycling.com\/pl\/2017\/12\/06\/poznajcie-bohaterow-catching-breath-nasza-wlasna-fantastyczna-czworka\/#primaryimage\"},\"thumbnailUrl\":\"https:\/\/d2p6e6u75xmxt8.cloudfront.net\/5\/2017\/12\/WLC_CB_RiderStories_1366x600.jpg\",\"datePublished\":\"2017-12-06T08:24:16+00:00\",\"dateModified\":\"2017-12-20T16:51:34+00:00\",\"author\":{\"@id\":\"https:\/\/www.welovecycling.com\/pl\/#\/schema\/person\/0dba2d39da943db9df3fd8f4687e7f23\"},\"breadcrumb\":{\"@id\":\"https:\/\/www.welovecycling.com\/pl\/2017\/12\/06\/poznajcie-bohaterow-catching-breath-nasza-wlasna-fantastyczna-czworka\/#breadcrumb\"},\"inLanguage\":\"pl-PL\",\"potentialAction\":[{\"@type\":\"ReadAction\",\"target\":[\"https:\/\/www.welovecycling.com\/pl\/2017\/12\/06\/poznajcie-bohaterow-catching-breath-nasza-wlasna-fantastyczna-czworka\/\"]}]},{\"@type\":\"ImageObject\",\"inLanguage\":\"pl-PL\",\"@id\":\"https:\/\/www.welovecycling.com\/pl\/2017\/12\/06\/poznajcie-bohaterow-catching-breath-nasza-wlasna-fantastyczna-czworka\/#primaryimage\",\"url\":\"https:\/\/d2p6e6u75xmxt8.cloudfront.net\/5\/2017\/12\/WLC_CB_RiderStories_1366x600.jpg\",\"contentUrl\":\"https:\/\/d2p6e6u75xmxt8.cloudfront.net\/5\/2017\/12\/WLC_CB_RiderStories_1366x600.jpg\",\"width\":1366,\"height\":600},{\"@type\":\"BreadcrumbList\",\"@id\":\"https:\/\/www.welovecycling.com\/pl\/2017\/12\/06\/poznajcie-bohaterow-catching-breath-nasza-wlasna-fantastyczna-czworka\/#breadcrumb\",\"itemListElement\":[{\"@type\":\"ListItem\",\"position\":1,\"name\":\"Home\",\"item\":\"https:\/\/www.welovecycling.com\/pl\/\"},{\"@type\":\"ListItem\",\"position\":2,\"name\":\"Poznajcie Bohater\u00f3w Catching Breath: nasza w\u0142asna Fantastyczna Czw\u00f3rka\"}]},{\"@type\":\"WebSite\",\"@id\":\"https:\/\/www.welovecycling.com\/pl\/#website\",\"url\":\"https:\/\/www.welovecycling.com\/pl\/\",\"name\":\"\u0160koda We Love Cycling - Poland\",\"description\":\"\",\"potentialAction\":[{\"@type\":\"SearchAction\",\"target\":{\"@type\":\"EntryPoint\",\"urlTemplate\":\"https:\/\/www.welovecycling.com\/pl\/?s={search_term_string}\"},\"query-input\":{\"@type\":\"PropertyValueSpecification\",\"valueRequired\":true,\"valueName\":\"search_term_string\"}}],\"inLanguage\":\"pl-PL\"},{\"@type\":\"Person\",\"@id\":\"https:\/\/www.welovecycling.com\/pl\/#\/schema\/person\/0dba2d39da943db9df3fd8f4687e7f23\",\"name\":\"piotrboczkowski\",\"image\":{\"@type\":\"ImageObject\",\"inLanguage\":\"pl-PL\",\"@id\":\"https:\/\/www.welovecycling.com\/pl\/#\/schema\/person\/image\/\",\"url\":\"https:\/\/secure.gravatar.com\/avatar\/533caccae14752e03a2ce2d3fd62d1b98b93e1393c3195c27819e53344ca1ace?s=96&d=mm&r=g\",\"contentUrl\":\"https:\/\/secure.gravatar.com\/avatar\/533caccae14752e03a2ce2d3fd62d1b98b93e1393c3195c27819e53344ca1ace?s=96&d=mm&r=g\",\"caption\":\"piotrboczkowski\"},\"url\":\"https:\/\/www.welovecycling.com\/pl\/author\/piotrboczkowski\/\"}]}<\/script>\n<!-- \/ Yoast SEO Premium plugin. -->","yoast_head_json":{"title":"Poznajcie Bohater\u00f3w Catching Breath: nasza w\u0142asna Fantastyczna Czw\u00f3rka - \u0160koda We Love Cycling - Poland","robots":{"index":"index","follow":"follow","max-snippet":"max-snippet:-1","max-image-preview":"max-image-preview:large","max-video-preview":"max-video-preview:-1"},"canonical":"https:\/\/www.welovecycling.com\/pl\/2017\/12\/06\/poznajcie-bohaterow-catching-breath-nasza-wlasna-fantastyczna-czworka\/","og_locale":"pl_PL","og_type":"article","og_title":"Poznajcie Bohater\u00f3w Catching Breath: nasza w\u0142asna Fantastyczna Czw\u00f3rka","og_description":"Musieli\u015bmy mocno si\u0119 naszuka\u0107, aby znale\u017a\u0107 grup\u0119 ludzi, dla kt\u00f3rych \u015bwietn\u0105 zabaw\u0105 jest pr\u00f3ba pobicia dotychczasowego kolarskiego rekordu na jednej [&hellip;]","og_url":"https:\/\/www.welovecycling.com\/pl\/2017\/12\/06\/poznajcie-bohaterow-catching-breath-nasza-wlasna-fantastyczna-czworka\/","og_site_name":"\u0160koda We Love Cycling - Poland","article_published_time":"2017-12-06T08:24:16+00:00","article_modified_time":"2017-12-20T16:51:34+00:00","og_image":[{"width":1366,"height":600,"url":"https:\/\/d2p6e6u75xmxt8.cloudfront.net\/5\/2017\/12\/WLC_CB_RiderStories_1366x600.jpg","type":"image\/jpeg"}],"author":"piotrboczkowski","twitter_card":"summary_large_image","twitter_misc":{"Written by":"WeLoveCycling","Est. reading time":"4 minutes"},"schema":{"@context":"https:\/\/schema.org","@graph":[{"@type":"WebPage","@id":"https:\/\/www.welovecycling.com\/pl\/2017\/12\/06\/poznajcie-bohaterow-catching-breath-nasza-wlasna-fantastyczna-czworka\/","url":"https:\/\/www.welovecycling.com\/pl\/2017\/12\/06\/poznajcie-bohaterow-catching-breath-nasza-wlasna-fantastyczna-czworka\/","name":"Poznajcie Bohater\u00f3w Catching Breath: nasza w\u0142asna Fantastyczna Czw\u00f3rka - \u0160koda We Love Cycling - Poland","isPartOf":{"@id":"https:\/\/www.welovecycling.com\/pl\/#website"},"primaryImageOfPage":{"@id":"https:\/\/www.welovecycling.com\/pl\/2017\/12\/06\/poznajcie-bohaterow-catching-breath-nasza-wlasna-fantastyczna-czworka\/#primaryimage"},"image":{"@id":"https:\/\/www.welovecycling.com\/pl\/2017\/12\/06\/poznajcie-bohaterow-catching-breath-nasza-wlasna-fantastyczna-czworka\/#primaryimage"},"thumbnailUrl":"https:\/\/d2p6e6u75xmxt8.cloudfront.net\/5\/2017\/12\/WLC_CB_RiderStories_1366x600.jpg","datePublished":"2017-12-06T08:24:16+00:00","dateModified":"2017-12-20T16:51:34+00:00","author":{"@id":"https:\/\/www.welovecycling.com\/pl\/#\/schema\/person\/0dba2d39da943db9df3fd8f4687e7f23"},"breadcrumb":{"@id":"https:\/\/www.welovecycling.com\/pl\/2017\/12\/06\/poznajcie-bohaterow-catching-breath-nasza-wlasna-fantastyczna-czworka\/#breadcrumb"},"inLanguage":"pl-PL","potentialAction":[{"@type":"ReadAction","target":["https:\/\/www.welovecycling.com\/pl\/2017\/12\/06\/poznajcie-bohaterow-catching-breath-nasza-wlasna-fantastyczna-czworka\/"]}]},{"@type":"ImageObject","inLanguage":"pl-PL","@id":"https:\/\/www.welovecycling.com\/pl\/2017\/12\/06\/poznajcie-bohaterow-catching-breath-nasza-wlasna-fantastyczna-czworka\/#primaryimage","url":"https:\/\/d2p6e6u75xmxt8.cloudfront.net\/5\/2017\/12\/WLC_CB_RiderStories_1366x600.jpg","contentUrl":"https:\/\/d2p6e6u75xmxt8.cloudfront.net\/5\/2017\/12\/WLC_CB_RiderStories_1366x600.jpg","width":1366,"height":600},{"@type":"BreadcrumbList","@id":"https:\/\/www.welovecycling.com\/pl\/2017\/12\/06\/poznajcie-bohaterow-catching-breath-nasza-wlasna-fantastyczna-czworka\/#breadcrumb","itemListElement":[{"@type":"ListItem","position":1,"name":"Home","item":"https:\/\/www.welovecycling.com\/pl\/"},{"@type":"ListItem","position":2,"name":"Poznajcie Bohater\u00f3w Catching Breath: nasza w\u0142asna Fantastyczna Czw\u00f3rka"}]},{"@type":"WebSite","@id":"https:\/\/www.welovecycling.com\/pl\/#website","url":"https:\/\/www.welovecycling.com\/pl\/","name":"\u0160koda We Love Cycling - Poland","description":"","potentialAction":[{"@type":"SearchAction","target":{"@type":"EntryPoint","urlTemplate":"https:\/\/www.welovecycling.com\/pl\/?s={search_term_string}"},"query-input":{"@type":"PropertyValueSpecification","valueRequired":true,"valueName":"search_term_string"}}],"inLanguage":"pl-PL"},{"@type":"Person","@id":"https:\/\/www.welovecycling.com\/pl\/#\/schema\/person\/0dba2d39da943db9df3fd8f4687e7f23","name":"piotrboczkowski","image":{"@type":"ImageObject","inLanguage":"pl-PL","@id":"https:\/\/www.welovecycling.com\/pl\/#\/schema\/person\/image\/","url":"https:\/\/secure.gravatar.com\/avatar\/533caccae14752e03a2ce2d3fd62d1b98b93e1393c3195c27819e53344ca1ace?s=96&d=mm&r=g","contentUrl":"https:\/\/secure.gravatar.com\/avatar\/533caccae14752e03a2ce2d3fd62d1b98b93e1393c3195c27819e53344ca1ace?s=96&d=mm&r=g","caption":"piotrboczkowski"},"url":"https:\/\/www.welovecycling.com\/pl\/author\/piotrboczkowski\/"}]}},"_links":{"self":[{"href":"https:\/\/www.welovecycling.com\/pl\/wp-json\/wp\/v2\/posts\/6083","targetHints":{"allow":["GET"]}}],"collection":[{"href":"https:\/\/www.welovecycling.com\/pl\/wp-json\/wp\/v2\/posts"}],"about":[{"href":"https:\/\/www.welovecycling.com\/pl\/wp-json\/wp\/v2\/types\/post"}],"author":[{"embeddable":true,"href":"https:\/\/www.welovecycling.com\/pl\/wp-json\/wp\/v2\/users\/76"}],"replies":[{"embeddable":true,"href":"https:\/\/www.welovecycling.com\/pl\/wp-json\/wp\/v2\/comments?post=6083"}],"version-history":[{"count":2,"href":"https:\/\/www.welovecycling.com\/pl\/wp-json\/wp\/v2\/posts\/6083\/revisions"}],"predecessor-version":[{"id":6224,"href":"https:\/\/www.welovecycling.com\/pl\/wp-json\/wp\/v2\/posts\/6083\/revisions\/6224"}],"wp:featuredmedia":[{"embeddable":true,"href":"https:\/\/www.welovecycling.com\/pl\/wp-json\/wp\/v2\/media\/6084"}],"wp:attachment":[{"href":"https:\/\/www.welovecycling.com\/pl\/wp-json\/wp\/v2\/media?parent=6083"}],"wp:term":[{"taxonomy":"category","embeddable":true,"href":"https:\/\/www.welovecycling.com\/pl\/wp-json\/wp\/v2\/categories?post=6083"},{"taxonomy":"post_tag","embeddable":true,"href":"https:\/\/www.welovecycling.com\/pl\/wp-json\/wp\/v2\/tags?post=6083"},{"taxonomy":"global-categories","embeddable":true,"href":"https:\/\/www.welovecycling.com\/pl\/wp-json\/wp\/v2\/global-categories?post=6083"}],"curies":[{"name":"wp","href":"https:\/\/api.w.org\/{rel}","templated":true}]}}