{"id":608,"date":"2016-03-01T13:04:50","date_gmt":"2016-03-01T13:04:50","guid":{"rendered":"http:\/\/serwer1629254.home.pl\/?p=608"},"modified":"2016-12-05T09:57:11","modified_gmt":"2016-12-05T09:57:11","slug":"skoda-napedza-rowery-odc-19-michal-kwiatkowski-poza-sezonem-video","status":"publish","type":"post","link":"https:\/\/www.welovecycling.com\/pl\/2016\/03\/01\/skoda-napedza-rowery-odc-19-michal-kwiatkowski-poza-sezonem-video\/","title":{"rendered":"\u0160koda Nap\u0119dza Rowery ODC 19: Micha\u0142 Kwiatkowski poza sezonem  (VIDEO)"},"content":{"rendered":"<p>(\u017ar\u00f3d\u0142o: veloart.pl)<\/p>\n<p>Czy profesjonalni kolarze nigdy nie maj\u0105 dosy\u0107 roweru? Kto jak kto, ale\u00a0 Micha\u0142 Kwiatkowski powinien umie\u0107 odpowiedzie\u0107 na to frapuj\u0105ce pytanie najlepiej. Od ka\u017cdej ci\u0119\u017ckiej pracy nale\u017cy si\u0119 przerwa, a jak to jest z kolarstwem? Dowiedz si\u0119 wi\u0119cej \u2013 obejrzyj wywiad z mistrzem.<\/p>\n<p><!--more--><\/p>\n<p>Niekt\u00f3rzy kolarze swoj\u0105 karier\u0119 rozpocz\u0119li bardzo wcze\u015bnie i mog\u0105 nawet nie pami\u0119ta\u0107 jak to jest \u017cy\u0107 bez roweru &#8211; na przyk\u0142ad Micha\u0142 Kwiatkowski trenuje od dziesi\u0105tego roku \u017cycia, nic wi\u0119c dziwnego, \u017ce ci\u0119\u017cko mu robi\u0107 sobie obowi\u0105zkowe przerwy w treningach. Nasz Mistrz przyznaje, \u017ce odpoczynek od roweru jest dla jego organizmu czym\u015b nienaturalnym. Je\u015bli je\u017adzi si\u0119 codziennie, to trudno jest przestawi\u0107 si\u0119 na tryb odpoczynku, zreszt\u0105 nawet profesjonalni kolarze traktuj\u0105 czasem rower jak zwyczajny \u015brodek transportu, kt\u00f3rym przemieszczaj\u0105 si\u0119 po mie\u015bcie.<\/p>\n<p>\u0160koda nap\u0119dza rowery razem z Akademi\u0105 Copernicus. Dzielimy si\u0119 pasj\u0105 do kolarstwa i wspieramy Akademi\u0119 Micha\u0142a Kwiatkowskiego, by jej cz\u0142onkowie od najm\u0142odszych lat mogli realizowa\u0107 swoje sportowe marzenia. Skupiaj\u0105c si\u0119 szczeg\u00f3lnie na najm\u0142odszych adeptach kolarstwa Akademia Copernicus aktywnie promuje kolarstwo w\u015br\u00f3d dzieci i m\u0142odzie\u017cy daj\u0105c pocz\u0105tkuj\u0105cym zawodnikom profesjonalne wsparcie od pocz\u0105tku kariery.<\/p>\n","protected":false},"excerpt":{"rendered":"<p>(\u017ar\u00f3d\u0142o: veloart.pl) Czy profesjonalni kolarze nigdy nie maj\u0105 dosy\u0107 roweru? Kto jak kto, ale\u00a0 Micha\u0142 Kwiatkowski powinien umie\u0107 odpowiedzie\u0107 na [&hellip;]<\/p>\n","protected":false},"author":1,"featured_media":612,"comment_status":"closed","ping_status":"closed","sticky":false,"template":"","format":"standard","meta":{"footnotes":""},"categories":[6],"tags":[],"global-categories":[],"class_list":["post-608","post","type-post","status-publish","format-standard","has-post-thumbnail","hentry","category-kolarstwo-szosowe"],"yoast_head":"<!-- This site is optimized with the Yoast SEO Premium plugin v25.3 (Yoast SEO v25.9) - https:\/\/yoast.com\/wordpress\/plugins\/seo\/ -->\n<title>\u0160koda Nap\u0119dza Rowery ODC 19: Micha\u0142 Kwiatkowski poza sezonem (VIDEO) - \u0160koda We Love Cycling - Poland<\/title>\n<meta name=\"robots\" content=\"index, follow, max-snippet:-1, max-image-preview:large, max-video-preview:-1\" \/>\n<link rel=\"canonical\" href=\"https:\/\/www.welovecycling.com\/pl\/2016\/03\/01\/skoda-napedza-rowery-odc-19-michal-kwiatkowski-poza-sezonem-video\/\" \/>\n<meta property=\"og:locale\" content=\"pl_PL\" \/>\n<meta property=\"og:type\" content=\"article\" \/>\n<meta property=\"og:title\" content=\"\u0160koda Nap\u0119dza Rowery ODC 19: Micha\u0142 Kwiatkowski poza sezonem (VIDEO)\" \/>\n<meta property=\"og:description\" content=\"(\u017ar\u00f3d\u0142o: veloart.pl) Czy profesjonalni kolarze nigdy nie maj\u0105 dosy\u0107 roweru? Kto jak kto, ale\u00a0 Micha\u0142 Kwiatkowski powinien umie\u0107 odpowiedzie\u0107 na [&hellip;]\" \/>\n<meta property=\"og:url\" content=\"https:\/\/www.welovecycling.com\/pl\/2016\/03\/01\/skoda-napedza-rowery-odc-19-michal-kwiatkowski-poza-sezonem-video\/\" \/>\n<meta property=\"og:site_name\" content=\"\u0160koda We Love Cycling - Poland\" \/>\n<meta property=\"article:published_time\" content=\"2016-03-01T13:04:50+00:00\" \/>\n<meta property=\"article:modified_time\" content=\"2016-12-05T09:57:11+00:00\" \/>\n<meta property=\"og:image\" content=\"https:\/\/d2p6e6u75xmxt8.cloudfront.net\/5\/2016\/03\/2015_05_05_velo1.jpg\" \/>\n\t<meta property=\"og:image:width\" content=\"1050\" \/>\n\t<meta property=\"og:image:height\" content=\"699\" \/>\n\t<meta property=\"og:image:type\" content=\"image\/jpeg\" \/>\n<meta name=\"author\" content=\"WeLoveCycling\" \/>\n<meta name=\"twitter:card\" content=\"summary_large_image\" \/>\n<meta name=\"twitter:label1\" content=\"Written by\" \/>\n\t<meta name=\"twitter:data1\" content=\"WeLoveCycling\" \/>\n\t<meta name=\"twitter:label2\" content=\"Est. reading time\" \/>\n\t<meta name=\"twitter:data2\" content=\"1 minute\" \/>\n<script type=\"application\/ld+json\" class=\"yoast-schema-graph\">{\"@context\":\"https:\/\/schema.org\",\"@graph\":[{\"@type\":\"WebPage\",\"@id\":\"https:\/\/www.welovecycling.com\/pl\/2016\/03\/01\/skoda-napedza-rowery-odc-19-michal-kwiatkowski-poza-sezonem-video\/\",\"url\":\"https:\/\/www.welovecycling.com\/pl\/2016\/03\/01\/skoda-napedza-rowery-odc-19-michal-kwiatkowski-poza-sezonem-video\/\",\"name\":\"\u0160koda Nap\u0119dza Rowery ODC 19: Micha\u0142 Kwiatkowski poza sezonem (VIDEO) - \u0160koda We Love Cycling - Poland\",\"isPartOf\":{\"@id\":\"https:\/\/www.welovecycling.com\/pl\/#website\"},\"primaryImageOfPage\":{\"@id\":\"https:\/\/www.welovecycling.com\/pl\/2016\/03\/01\/skoda-napedza-rowery-odc-19-michal-kwiatkowski-poza-sezonem-video\/#primaryimage\"},\"image\":{\"@id\":\"https:\/\/www.welovecycling.com\/pl\/2016\/03\/01\/skoda-napedza-rowery-odc-19-michal-kwiatkowski-poza-sezonem-video\/#primaryimage\"},\"thumbnailUrl\":\"https:\/\/d2p6e6u75xmxt8.cloudfront.net\/5\/2016\/03\/2015_05_05_velo1.jpg\",\"datePublished\":\"2016-03-01T13:04:50+00:00\",\"dateModified\":\"2016-12-05T09:57:11+00:00\",\"author\":{\"@id\":\"https:\/\/www.welovecycling.com\/pl\/#\/schema\/person\/e5187c9cac8dd619ebc7b41bd73c2fd9\"},\"breadcrumb\":{\"@id\":\"https:\/\/www.welovecycling.com\/pl\/2016\/03\/01\/skoda-napedza-rowery-odc-19-michal-kwiatkowski-poza-sezonem-video\/#breadcrumb\"},\"inLanguage\":\"pl-PL\",\"potentialAction\":[{\"@type\":\"ReadAction\",\"target\":[\"https:\/\/www.welovecycling.com\/pl\/2016\/03\/01\/skoda-napedza-rowery-odc-19-michal-kwiatkowski-poza-sezonem-video\/\"]}]},{\"@type\":\"ImageObject\",\"inLanguage\":\"pl-PL\",\"@id\":\"https:\/\/www.welovecycling.com\/pl\/2016\/03\/01\/skoda-napedza-rowery-odc-19-michal-kwiatkowski-poza-sezonem-video\/#primaryimage\",\"url\":\"https:\/\/d2p6e6u75xmxt8.cloudfront.net\/5\/2016\/03\/2015_05_05_velo1.jpg\",\"contentUrl\":\"https:\/\/d2p6e6u75xmxt8.cloudfront.net\/5\/2016\/03\/2015_05_05_velo1.jpg\",\"width\":1050,\"height\":699},{\"@type\":\"BreadcrumbList\",\"@id\":\"https:\/\/www.welovecycling.com\/pl\/2016\/03\/01\/skoda-napedza-rowery-odc-19-michal-kwiatkowski-poza-sezonem-video\/#breadcrumb\",\"itemListElement\":[{\"@type\":\"ListItem\",\"position\":1,\"name\":\"Home\",\"item\":\"https:\/\/www.welovecycling.com\/pl\/\"},{\"@type\":\"ListItem\",\"position\":2,\"name\":\"\u0160koda Nap\u0119dza Rowery ODC 19: Micha\u0142 Kwiatkowski poza sezonem (VIDEO)\"}]},{\"@type\":\"WebSite\",\"@id\":\"https:\/\/www.welovecycling.com\/pl\/#website\",\"url\":\"https:\/\/www.welovecycling.com\/pl\/\",\"name\":\"\u0160koda We Love Cycling - Poland\",\"description\":\"\",\"potentialAction\":[{\"@type\":\"SearchAction\",\"target\":{\"@type\":\"EntryPoint\",\"urlTemplate\":\"https:\/\/www.welovecycling.com\/pl\/?s={search_term_string}\"},\"query-input\":{\"@type\":\"PropertyValueSpecification\",\"valueRequired\":true,\"valueName\":\"search_term_string\"}}],\"inLanguage\":\"pl-PL\"},{\"@type\":\"Person\",\"@id\":\"https:\/\/www.welovecycling.com\/pl\/#\/schema\/person\/e5187c9cac8dd619ebc7b41bd73c2fd9\",\"name\":\"WeLoveCycling\",\"image\":{\"@type\":\"ImageObject\",\"inLanguage\":\"pl-PL\",\"@id\":\"https:\/\/www.welovecycling.com\/pl\/#\/schema\/person\/image\/\",\"url\":\"https:\/\/secure.gravatar.com\/avatar\/7e1ee0ecc5e294b19ef32b9f6086e0afbb9da00c3cb0d465ba4695331f4a9187?s=96&d=mm&r=g\",\"contentUrl\":\"https:\/\/secure.gravatar.com\/avatar\/7e1ee0ecc5e294b19ef32b9f6086e0afbb9da00c3cb0d465ba4695331f4a9187?s=96&d=mm&r=g\",\"caption\":\"WeLoveCycling\"},\"url\":\"https:\/\/www.welovecycling.com\/pl\/author\/lukascech\/\"}]}<\/script>\n<!-- \/ Yoast SEO Premium plugin. -->","yoast_head_json":{"title":"\u0160koda Nap\u0119dza Rowery ODC 19: Micha\u0142 Kwiatkowski poza sezonem (VIDEO) - \u0160koda We Love Cycling - Poland","robots":{"index":"index","follow":"follow","max-snippet":"max-snippet:-1","max-image-preview":"max-image-preview:large","max-video-preview":"max-video-preview:-1"},"canonical":"https:\/\/www.welovecycling.com\/pl\/2016\/03\/01\/skoda-napedza-rowery-odc-19-michal-kwiatkowski-poza-sezonem-video\/","og_locale":"pl_PL","og_type":"article","og_title":"\u0160koda Nap\u0119dza Rowery ODC 19: Micha\u0142 Kwiatkowski poza sezonem (VIDEO)","og_description":"(\u017ar\u00f3d\u0142o: veloart.pl) Czy profesjonalni kolarze nigdy nie maj\u0105 dosy\u0107 roweru? Kto jak kto, ale\u00a0 Micha\u0142 Kwiatkowski powinien umie\u0107 odpowiedzie\u0107 na [&hellip;]","og_url":"https:\/\/www.welovecycling.com\/pl\/2016\/03\/01\/skoda-napedza-rowery-odc-19-michal-kwiatkowski-poza-sezonem-video\/","og_site_name":"\u0160koda We Love Cycling - Poland","article_published_time":"2016-03-01T13:04:50+00:00","article_modified_time":"2016-12-05T09:57:11+00:00","og_image":[{"width":1050,"height":699,"url":"https:\/\/d2p6e6u75xmxt8.cloudfront.net\/5\/2016\/03\/2015_05_05_velo1.jpg","type":"image\/jpeg"}],"author":"WeLoveCycling","twitter_card":"summary_large_image","twitter_misc":{"Written by":"WeLoveCycling","Est. reading time":"1 minute"},"schema":{"@context":"https:\/\/schema.org","@graph":[{"@type":"WebPage","@id":"https:\/\/www.welovecycling.com\/pl\/2016\/03\/01\/skoda-napedza-rowery-odc-19-michal-kwiatkowski-poza-sezonem-video\/","url":"https:\/\/www.welovecycling.com\/pl\/2016\/03\/01\/skoda-napedza-rowery-odc-19-michal-kwiatkowski-poza-sezonem-video\/","name":"\u0160koda Nap\u0119dza Rowery ODC 19: Micha\u0142 Kwiatkowski poza sezonem (VIDEO) - \u0160koda We Love Cycling - Poland","isPartOf":{"@id":"https:\/\/www.welovecycling.com\/pl\/#website"},"primaryImageOfPage":{"@id":"https:\/\/www.welovecycling.com\/pl\/2016\/03\/01\/skoda-napedza-rowery-odc-19-michal-kwiatkowski-poza-sezonem-video\/#primaryimage"},"image":{"@id":"https:\/\/www.welovecycling.com\/pl\/2016\/03\/01\/skoda-napedza-rowery-odc-19-michal-kwiatkowski-poza-sezonem-video\/#primaryimage"},"thumbnailUrl":"https:\/\/d2p6e6u75xmxt8.cloudfront.net\/5\/2016\/03\/2015_05_05_velo1.jpg","datePublished":"2016-03-01T13:04:50+00:00","dateModified":"2016-12-05T09:57:11+00:00","author":{"@id":"https:\/\/www.welovecycling.com\/pl\/#\/schema\/person\/e5187c9cac8dd619ebc7b41bd73c2fd9"},"breadcrumb":{"@id":"https:\/\/www.welovecycling.com\/pl\/2016\/03\/01\/skoda-napedza-rowery-odc-19-michal-kwiatkowski-poza-sezonem-video\/#breadcrumb"},"inLanguage":"pl-PL","potentialAction":[{"@type":"ReadAction","target":["https:\/\/www.welovecycling.com\/pl\/2016\/03\/01\/skoda-napedza-rowery-odc-19-michal-kwiatkowski-poza-sezonem-video\/"]}]},{"@type":"ImageObject","inLanguage":"pl-PL","@id":"https:\/\/www.welovecycling.com\/pl\/2016\/03\/01\/skoda-napedza-rowery-odc-19-michal-kwiatkowski-poza-sezonem-video\/#primaryimage","url":"https:\/\/d2p6e6u75xmxt8.cloudfront.net\/5\/2016\/03\/2015_05_05_velo1.jpg","contentUrl":"https:\/\/d2p6e6u75xmxt8.cloudfront.net\/5\/2016\/03\/2015_05_05_velo1.jpg","width":1050,"height":699},{"@type":"BreadcrumbList","@id":"https:\/\/www.welovecycling.com\/pl\/2016\/03\/01\/skoda-napedza-rowery-odc-19-michal-kwiatkowski-poza-sezonem-video\/#breadcrumb","itemListElement":[{"@type":"ListItem","position":1,"name":"Home","item":"https:\/\/www.welovecycling.com\/pl\/"},{"@type":"ListItem","position":2,"name":"\u0160koda Nap\u0119dza Rowery ODC 19: Micha\u0142 Kwiatkowski poza sezonem (VIDEO)"}]},{"@type":"WebSite","@id":"https:\/\/www.welovecycling.com\/pl\/#website","url":"https:\/\/www.welovecycling.com\/pl\/","name":"\u0160koda We Love Cycling - Poland","description":"","potentialAction":[{"@type":"SearchAction","target":{"@type":"EntryPoint","urlTemplate":"https:\/\/www.welovecycling.com\/pl\/?s={search_term_string}"},"query-input":{"@type":"PropertyValueSpecification","valueRequired":true,"valueName":"search_term_string"}}],"inLanguage":"pl-PL"},{"@type":"Person","@id":"https:\/\/www.welovecycling.com\/pl\/#\/schema\/person\/e5187c9cac8dd619ebc7b41bd73c2fd9","name":"WeLoveCycling","image":{"@type":"ImageObject","inLanguage":"pl-PL","@id":"https:\/\/www.welovecycling.com\/pl\/#\/schema\/person\/image\/","url":"https:\/\/secure.gravatar.com\/avatar\/7e1ee0ecc5e294b19ef32b9f6086e0afbb9da00c3cb0d465ba4695331f4a9187?s=96&d=mm&r=g","contentUrl":"https:\/\/secure.gravatar.com\/avatar\/7e1ee0ecc5e294b19ef32b9f6086e0afbb9da00c3cb0d465ba4695331f4a9187?s=96&d=mm&r=g","caption":"WeLoveCycling"},"url":"https:\/\/www.welovecycling.com\/pl\/author\/lukascech\/"}]}},"_links":{"self":[{"href":"https:\/\/www.welovecycling.com\/pl\/wp-json\/wp\/v2\/posts\/608","targetHints":{"allow":["GET"]}}],"collection":[{"href":"https:\/\/www.welovecycling.com\/pl\/wp-json\/wp\/v2\/posts"}],"about":[{"href":"https:\/\/www.welovecycling.com\/pl\/wp-json\/wp\/v2\/types\/post"}],"author":[{"embeddable":true,"href":"https:\/\/www.welovecycling.com\/pl\/wp-json\/wp\/v2\/users\/1"}],"replies":[{"embeddable":true,"href":"https:\/\/www.welovecycling.com\/pl\/wp-json\/wp\/v2\/comments?post=608"}],"version-history":[{"count":1,"href":"https:\/\/www.welovecycling.com\/pl\/wp-json\/wp\/v2\/posts\/608\/revisions"}],"predecessor-version":[{"id":2490,"href":"https:\/\/www.welovecycling.com\/pl\/wp-json\/wp\/v2\/posts\/608\/revisions\/2490"}],"wp:featuredmedia":[{"embeddable":true,"href":"https:\/\/www.welovecycling.com\/pl\/wp-json\/wp\/v2\/media\/612"}],"wp:attachment":[{"href":"https:\/\/www.welovecycling.com\/pl\/wp-json\/wp\/v2\/media?parent=608"}],"wp:term":[{"taxonomy":"category","embeddable":true,"href":"https:\/\/www.welovecycling.com\/pl\/wp-json\/wp\/v2\/categories?post=608"},{"taxonomy":"post_tag","embeddable":true,"href":"https:\/\/www.welovecycling.com\/pl\/wp-json\/wp\/v2\/tags?post=608"},{"taxonomy":"global-categories","embeddable":true,"href":"https:\/\/www.welovecycling.com\/pl\/wp-json\/wp\/v2\/global-categories?post=608"}],"curies":[{"name":"wp","href":"https:\/\/api.w.org\/{rel}","templated":true}]}}