{"id":6047,"date":"2017-12-04T07:33:21","date_gmt":"2017-12-04T07:33:21","guid":{"rendered":"https:\/\/www.welovecycling.com\/pl\/?p=6047"},"modified":"2017-12-10T16:58:47","modified_gmt":"2017-12-10T16:58:47","slug":"wideo-uczucie-wygrac-wycieczke-rowerowa-majorce-ze-stephenem-roche","status":"publish","type":"post","link":"https:\/\/www.welovecycling.com\/pl\/2017\/12\/04\/wideo-uczucie-wygrac-wycieczke-rowerowa-majorce-ze-stephenem-roche\/","title":{"rendered":"WIDEO: Jakie to uczucie wygra\u0107 wycieczk\u0119 rowerow\u0105 po Majorce ze Stephenem Roche?"},"content":{"rendered":"<p><strong>Cho\u0107 zima ju\u017c prawie puka do naszych drzwi, nigdy nie jest za p\u00f3\u017ano, aby przenie\u015b\u0107 si\u0119 w wakacyjne klimaty. W pa\u017adzierniku nigdzie w Europie nie znajdziemy ju\u017c letnich pejza\u017cy, ale wyspa Majorka jest tu wyj\u0105tkiem. Jak ju\u017c wspominali\u015bmy wcze\u015bniej, We Love Cycling i \u0160koda AUTO wys\u0142ali trzech szcz\u0119\u015bciarzy na Majork\u0119, by przetestowali swoje si\u0142y na Obozie Kolarskim Stephena Roche. <\/strong><br \/>\n<!--more--><\/p>\n<p><span style=\"font-weight: 400;\">Jak si\u0119 domy\u015blacie (i widzicie na naszym filmie), zwyci\u0119zcy byli bardzo szcz\u0119\u015bliwi ze swojej wygranej. Nie tylko dlatego, \u017ce wszystkie koszty zakwaterowania, przejazdu i sprz\u0119tu zosta\u0142y w pe\u0142ni pokryte. Nie tylko dlatego, \u017ce na miejscu mieli do dyspozycji pyszne jedzenie i piwo, ale g\u0142\u00f3wnie dlatego, \u017ce asfaltowe, w\u0105skie dr\u00f3\u017cki Majorki to niebo dla kolarzy. Dodatkowym atutem s\u0105 widoki i pogoda na wyspie. Cho\u0107 Stephen musia\u0142 opu\u015bci\u0107 to pi\u0119kne miejsce z wa\u017cnych przyczyn kilka dni wcze\u015bniej, zwyci\u0119zcy &#8211; Alexander Sedov (Rosja), John Boyes (Wielka Brytania) i Vincent Bottcher (Francja) &#8211; trafili w r\u0119ce najlepszych przewodnik\u00f3w wy\u015bcigowych na \u015bwiecie, znaj\u0105cych t\u0119 g\u00f3rzyst\u0105 wysp\u0119 od podszewki. <\/span><\/p>\n<p><a href=\"https:\/\/d2p6e6u75xmxt8.cloudfront.net\/5\/2017\/12\/skoda_wlc_src_10_2017_15.jpg\"><img loading=\"lazy\" decoding=\"async\" class=\"alignnone size-full wp-image-6048\" src=\"https:\/\/d2p6e6u75xmxt8.cloudfront.net\/5\/2017\/12\/skoda_wlc_src_10_2017_15.jpg\" alt=\"\" width=\"1000\" height=\"667\" srcset=\"https:\/\/d2p6e6u75xmxt8.cloudfront.net\/5\/2017\/12\/skoda_wlc_src_10_2017_15.jpg 1000w, https:\/\/d2p6e6u75xmxt8.cloudfront.net\/5\/2017\/12\/skoda_wlc_src_10_2017_15-300x200.jpg 300w, https:\/\/d2p6e6u75xmxt8.cloudfront.net\/5\/2017\/12\/skoda_wlc_src_10_2017_15-768x512.jpg 768w, https:\/\/d2p6e6u75xmxt8.cloudfront.net\/5\/2017\/12\/skoda_wlc_src_10_2017_15-272x182.jpg 272w\" sizes=\"auto, (max-width: 1000px) 100vw, 1000px\" \/><\/a><\/p>\n<p><span style=\"font-weight: 400;\">Chcieli\u015bmy zapewni\u0107 naszym kolarzom moc do\u015bwiadcze\u0144, wi\u0119c wys\u0142ali\u015bmy ich na tras\u0119 z samym Markiem Fergusonem \u2013 znanym r\u00f3wnie\u017c jako Cycling Maven (\u201eEkspert od Kolarstwa\u201d). Jest on naszym australijskim skarbem, znanym vlogerem i instagrammerem kolarskim. Jego szczere, bardzo zabawne filmy i obserwacje uzupe\u0142ni\u0142y wydarzenie, zapewniaj\u0105c nam wgl\u0105d za kulisy wyprawy. <\/span><\/p>\n<lite-youtube videoid=TW1D99lEd4g params=\"enablejsapi=1\" style=\"background-image: url('https:\/\/i.ytimg.com\/vi_webp\/TW1D99lEd4g\/maxresdefault.webp');\"><\/lite-youtube>\n<p><span style=\"font-weight: 400;\">Ka\u017cdy z czterech go\u015bcinnych kolarzy dzieli t\u0119 sam\u0105 opini\u0119: cho\u0107 przejazdy by\u0142y bardzo wymagaj\u0105ce i wi\u0119cej ni\u017c raz osi\u0105gn\u0119li granice swoich mo\u017cliwo\u015bci, nie zamieniliby si\u0119 z nikim na miejsce. Nauczyli si\u0119 przekracza\u0107 te granice, wbija\u0107 z\u0119by w drog\u0119 (oczywi\u015bcie metaforycznie) i, po prostu, powtarza\u0107 znan\u0105 mantr\u0119 kolarsk\u0105 \u201ezamknijcie si\u0119, nogi\u201d. Wierzymy, \u017ce do\u015bwiadczenie to pozostanie na ich li\u015bcie \u201enajlepszych rzeczy, jakich w \u017cyciu dokonali\u201d na d\u0142ugi, d\u0142ugi czas. <\/span><\/p>\n<lite-youtube videoid=fHnwfCF8mLw params=\"enablejsapi=1\" style=\"background-image: url('https:\/\/i.ytimg.com\/vi_webp\/fHnwfCF8mLw\/maxresdefault.webp');\"><\/lite-youtube>\n<p><span style=\"font-weight: 400;\">Chcesz by\u0107 cz\u0119\u015bci\u0105 nast\u0119pnej przygody? Nic \u0142atwiejszego! Po prostu ogl\u0105daj kana\u0142 We Love Cycling i \u0160koda AUTO i zapisz si\u0119 do naszego newslettera, by nie przegapi\u0107 \u017cadnej okazji! Widzimy si\u0119 \u00a0w przysz\u0142ym roku?<\/span><\/p>\n","protected":false},"excerpt":{"rendered":"<p>Cho\u0107 zima ju\u017c prawie puka do naszych drzwi, nigdy nie jest za p\u00f3\u017ano, aby przenie\u015b\u0107 si\u0119 w wakacyjne klimaty. W [&hellip;]<\/p>\n","protected":false},"author":76,"featured_media":6050,"comment_status":"open","ping_status":"open","sticky":false,"template":"","format":"standard","meta":{"footnotes":""},"categories":[6],"tags":[41,112,82],"global-categories":[],"class_list":["post-6047","post","type-post","status-publish","format-standard","has-post-thumbnail","hentry","category-kolarstwo-szosowe","tag-cycling","tag-stephan-roche","tag-welovecycling"],"yoast_head":"<!-- This site is optimized with the Yoast SEO Premium plugin v25.3 (Yoast SEO v25.9) - https:\/\/yoast.com\/wordpress\/plugins\/seo\/ -->\n<title>WIDEO: Jakie to uczucie wygra\u0107 wycieczk\u0119 rowerow\u0105 po Majorce ze Stephenem Roche? - \u0160koda We Love Cycling - Poland<\/title>\n<meta name=\"robots\" content=\"index, follow, max-snippet:-1, max-image-preview:large, max-video-preview:-1\" \/>\n<link rel=\"canonical\" href=\"https:\/\/www.welovecycling.com\/pl\/2017\/12\/04\/wideo-uczucie-wygrac-wycieczke-rowerowa-majorce-ze-stephenem-roche\/\" \/>\n<meta property=\"og:locale\" content=\"pl_PL\" \/>\n<meta property=\"og:type\" content=\"article\" \/>\n<meta property=\"og:title\" content=\"WIDEO: Jakie to uczucie wygra\u0107 wycieczk\u0119 rowerow\u0105 po Majorce ze Stephenem Roche?\" \/>\n<meta property=\"og:description\" content=\"Cho\u0107 zima ju\u017c prawie puka do naszych drzwi, nigdy nie jest za p\u00f3\u017ano, aby przenie\u015b\u0107 si\u0119 w wakacyjne klimaty. W [&hellip;]\" \/>\n<meta property=\"og:url\" content=\"https:\/\/www.welovecycling.com\/pl\/2017\/12\/04\/wideo-uczucie-wygrac-wycieczke-rowerowa-majorce-ze-stephenem-roche\/\" \/>\n<meta property=\"og:site_name\" content=\"\u0160koda We Love Cycling - Poland\" \/>\n<meta property=\"article:published_time\" content=\"2017-12-04T07:33:21+00:00\" \/>\n<meta property=\"article:modified_time\" content=\"2017-12-10T16:58:47+00:00\" \/>\n<meta property=\"og:image\" content=\"https:\/\/d2p6e6u75xmxt8.cloudfront.net\/5\/2017\/12\/srochecamp_cover.jpg\" \/>\n\t<meta property=\"og:image:width\" content=\"1375\" \/>\n\t<meta property=\"og:image:height\" content=\"600\" \/>\n\t<meta property=\"og:image:type\" content=\"image\/jpeg\" \/>\n<meta name=\"author\" content=\"piotrboczkowski\" \/>\n<meta name=\"twitter:card\" content=\"summary_large_image\" \/>\n<meta name=\"twitter:label1\" content=\"Written by\" \/>\n\t<meta name=\"twitter:data1\" content=\"Frantiska Blazkova\" \/>\n\t<meta name=\"twitter:label2\" content=\"Est. reading time\" \/>\n\t<meta name=\"twitter:data2\" content=\"2 minutes\" \/>\n<script type=\"application\/ld+json\" class=\"yoast-schema-graph\">{\"@context\":\"https:\/\/schema.org\",\"@graph\":[{\"@type\":\"WebPage\",\"@id\":\"https:\/\/www.welovecycling.com\/pl\/2017\/12\/04\/wideo-uczucie-wygrac-wycieczke-rowerowa-majorce-ze-stephenem-roche\/\",\"url\":\"https:\/\/www.welovecycling.com\/pl\/2017\/12\/04\/wideo-uczucie-wygrac-wycieczke-rowerowa-majorce-ze-stephenem-roche\/\",\"name\":\"WIDEO: Jakie to uczucie wygra\u0107 wycieczk\u0119 rowerow\u0105 po Majorce ze Stephenem Roche? - \u0160koda We Love Cycling - Poland\",\"isPartOf\":{\"@id\":\"https:\/\/www.welovecycling.com\/pl\/#website\"},\"primaryImageOfPage\":{\"@id\":\"https:\/\/www.welovecycling.com\/pl\/2017\/12\/04\/wideo-uczucie-wygrac-wycieczke-rowerowa-majorce-ze-stephenem-roche\/#primaryimage\"},\"image\":{\"@id\":\"https:\/\/www.welovecycling.com\/pl\/2017\/12\/04\/wideo-uczucie-wygrac-wycieczke-rowerowa-majorce-ze-stephenem-roche\/#primaryimage\"},\"thumbnailUrl\":\"https:\/\/d2p6e6u75xmxt8.cloudfront.net\/5\/2017\/12\/srochecamp_cover.jpg\",\"datePublished\":\"2017-12-04T07:33:21+00:00\",\"dateModified\":\"2017-12-10T16:58:47+00:00\",\"author\":{\"@id\":\"https:\/\/www.welovecycling.com\/pl\/#\/schema\/person\/0dba2d39da943db9df3fd8f4687e7f23\"},\"breadcrumb\":{\"@id\":\"https:\/\/www.welovecycling.com\/pl\/2017\/12\/04\/wideo-uczucie-wygrac-wycieczke-rowerowa-majorce-ze-stephenem-roche\/#breadcrumb\"},\"inLanguage\":\"pl-PL\",\"potentialAction\":[{\"@type\":\"ReadAction\",\"target\":[\"https:\/\/www.welovecycling.com\/pl\/2017\/12\/04\/wideo-uczucie-wygrac-wycieczke-rowerowa-majorce-ze-stephenem-roche\/\"]}]},{\"@type\":\"ImageObject\",\"inLanguage\":\"pl-PL\",\"@id\":\"https:\/\/www.welovecycling.com\/pl\/2017\/12\/04\/wideo-uczucie-wygrac-wycieczke-rowerowa-majorce-ze-stephenem-roche\/#primaryimage\",\"url\":\"https:\/\/d2p6e6u75xmxt8.cloudfront.net\/5\/2017\/12\/srochecamp_cover.jpg\",\"contentUrl\":\"https:\/\/d2p6e6u75xmxt8.cloudfront.net\/5\/2017\/12\/srochecamp_cover.jpg\",\"width\":1375,\"height\":600},{\"@type\":\"BreadcrumbList\",\"@id\":\"https:\/\/www.welovecycling.com\/pl\/2017\/12\/04\/wideo-uczucie-wygrac-wycieczke-rowerowa-majorce-ze-stephenem-roche\/#breadcrumb\",\"itemListElement\":[{\"@type\":\"ListItem\",\"position\":1,\"name\":\"Home\",\"item\":\"https:\/\/www.welovecycling.com\/pl\/\"},{\"@type\":\"ListItem\",\"position\":2,\"name\":\"WIDEO: Jakie to uczucie wygra\u0107 wycieczk\u0119 rowerow\u0105 po Majorce ze Stephenem Roche?\"}]},{\"@type\":\"WebSite\",\"@id\":\"https:\/\/www.welovecycling.com\/pl\/#website\",\"url\":\"https:\/\/www.welovecycling.com\/pl\/\",\"name\":\"\u0160koda We Love Cycling - Poland\",\"description\":\"\",\"potentialAction\":[{\"@type\":\"SearchAction\",\"target\":{\"@type\":\"EntryPoint\",\"urlTemplate\":\"https:\/\/www.welovecycling.com\/pl\/?s={search_term_string}\"},\"query-input\":{\"@type\":\"PropertyValueSpecification\",\"valueRequired\":true,\"valueName\":\"search_term_string\"}}],\"inLanguage\":\"pl-PL\"},{\"@type\":\"Person\",\"@id\":\"https:\/\/www.welovecycling.com\/pl\/#\/schema\/person\/0dba2d39da943db9df3fd8f4687e7f23\",\"name\":\"piotrboczkowski\",\"image\":{\"@type\":\"ImageObject\",\"inLanguage\":\"pl-PL\",\"@id\":\"https:\/\/www.welovecycling.com\/pl\/#\/schema\/person\/image\/\",\"url\":\"https:\/\/secure.gravatar.com\/avatar\/533caccae14752e03a2ce2d3fd62d1b98b93e1393c3195c27819e53344ca1ace?s=96&d=mm&r=g\",\"contentUrl\":\"https:\/\/secure.gravatar.com\/avatar\/533caccae14752e03a2ce2d3fd62d1b98b93e1393c3195c27819e53344ca1ace?s=96&d=mm&r=g\",\"caption\":\"piotrboczkowski\"},\"url\":\"https:\/\/www.welovecycling.com\/pl\/author\/piotrboczkowski\/\"}]}<\/script>\n<!-- \/ Yoast SEO Premium plugin. -->","yoast_head_json":{"title":"WIDEO: Jakie to uczucie wygra\u0107 wycieczk\u0119 rowerow\u0105 po Majorce ze Stephenem Roche? - \u0160koda We Love Cycling - Poland","robots":{"index":"index","follow":"follow","max-snippet":"max-snippet:-1","max-image-preview":"max-image-preview:large","max-video-preview":"max-video-preview:-1"},"canonical":"https:\/\/www.welovecycling.com\/pl\/2017\/12\/04\/wideo-uczucie-wygrac-wycieczke-rowerowa-majorce-ze-stephenem-roche\/","og_locale":"pl_PL","og_type":"article","og_title":"WIDEO: Jakie to uczucie wygra\u0107 wycieczk\u0119 rowerow\u0105 po Majorce ze Stephenem Roche?","og_description":"Cho\u0107 zima ju\u017c prawie puka do naszych drzwi, nigdy nie jest za p\u00f3\u017ano, aby przenie\u015b\u0107 si\u0119 w wakacyjne klimaty. W [&hellip;]","og_url":"https:\/\/www.welovecycling.com\/pl\/2017\/12\/04\/wideo-uczucie-wygrac-wycieczke-rowerowa-majorce-ze-stephenem-roche\/","og_site_name":"\u0160koda We Love Cycling - Poland","article_published_time":"2017-12-04T07:33:21+00:00","article_modified_time":"2017-12-10T16:58:47+00:00","og_image":[{"width":1375,"height":600,"url":"https:\/\/d2p6e6u75xmxt8.cloudfront.net\/5\/2017\/12\/srochecamp_cover.jpg","type":"image\/jpeg"}],"author":"piotrboczkowski","twitter_card":"summary_large_image","twitter_misc":{"Written by":"Frantiska Blazkova","Est. reading time":"2 minutes"},"schema":{"@context":"https:\/\/schema.org","@graph":[{"@type":"WebPage","@id":"https:\/\/www.welovecycling.com\/pl\/2017\/12\/04\/wideo-uczucie-wygrac-wycieczke-rowerowa-majorce-ze-stephenem-roche\/","url":"https:\/\/www.welovecycling.com\/pl\/2017\/12\/04\/wideo-uczucie-wygrac-wycieczke-rowerowa-majorce-ze-stephenem-roche\/","name":"WIDEO: Jakie to uczucie wygra\u0107 wycieczk\u0119 rowerow\u0105 po Majorce ze Stephenem Roche? - \u0160koda We Love Cycling - Poland","isPartOf":{"@id":"https:\/\/www.welovecycling.com\/pl\/#website"},"primaryImageOfPage":{"@id":"https:\/\/www.welovecycling.com\/pl\/2017\/12\/04\/wideo-uczucie-wygrac-wycieczke-rowerowa-majorce-ze-stephenem-roche\/#primaryimage"},"image":{"@id":"https:\/\/www.welovecycling.com\/pl\/2017\/12\/04\/wideo-uczucie-wygrac-wycieczke-rowerowa-majorce-ze-stephenem-roche\/#primaryimage"},"thumbnailUrl":"https:\/\/d2p6e6u75xmxt8.cloudfront.net\/5\/2017\/12\/srochecamp_cover.jpg","datePublished":"2017-12-04T07:33:21+00:00","dateModified":"2017-12-10T16:58:47+00:00","author":{"@id":"https:\/\/www.welovecycling.com\/pl\/#\/schema\/person\/0dba2d39da943db9df3fd8f4687e7f23"},"breadcrumb":{"@id":"https:\/\/www.welovecycling.com\/pl\/2017\/12\/04\/wideo-uczucie-wygrac-wycieczke-rowerowa-majorce-ze-stephenem-roche\/#breadcrumb"},"inLanguage":"pl-PL","potentialAction":[{"@type":"ReadAction","target":["https:\/\/www.welovecycling.com\/pl\/2017\/12\/04\/wideo-uczucie-wygrac-wycieczke-rowerowa-majorce-ze-stephenem-roche\/"]}]},{"@type":"ImageObject","inLanguage":"pl-PL","@id":"https:\/\/www.welovecycling.com\/pl\/2017\/12\/04\/wideo-uczucie-wygrac-wycieczke-rowerowa-majorce-ze-stephenem-roche\/#primaryimage","url":"https:\/\/d2p6e6u75xmxt8.cloudfront.net\/5\/2017\/12\/srochecamp_cover.jpg","contentUrl":"https:\/\/d2p6e6u75xmxt8.cloudfront.net\/5\/2017\/12\/srochecamp_cover.jpg","width":1375,"height":600},{"@type":"BreadcrumbList","@id":"https:\/\/www.welovecycling.com\/pl\/2017\/12\/04\/wideo-uczucie-wygrac-wycieczke-rowerowa-majorce-ze-stephenem-roche\/#breadcrumb","itemListElement":[{"@type":"ListItem","position":1,"name":"Home","item":"https:\/\/www.welovecycling.com\/pl\/"},{"@type":"ListItem","position":2,"name":"WIDEO: Jakie to uczucie wygra\u0107 wycieczk\u0119 rowerow\u0105 po Majorce ze Stephenem Roche?"}]},{"@type":"WebSite","@id":"https:\/\/www.welovecycling.com\/pl\/#website","url":"https:\/\/www.welovecycling.com\/pl\/","name":"\u0160koda We Love Cycling - Poland","description":"","potentialAction":[{"@type":"SearchAction","target":{"@type":"EntryPoint","urlTemplate":"https:\/\/www.welovecycling.com\/pl\/?s={search_term_string}"},"query-input":{"@type":"PropertyValueSpecification","valueRequired":true,"valueName":"search_term_string"}}],"inLanguage":"pl-PL"},{"@type":"Person","@id":"https:\/\/www.welovecycling.com\/pl\/#\/schema\/person\/0dba2d39da943db9df3fd8f4687e7f23","name":"piotrboczkowski","image":{"@type":"ImageObject","inLanguage":"pl-PL","@id":"https:\/\/www.welovecycling.com\/pl\/#\/schema\/person\/image\/","url":"https:\/\/secure.gravatar.com\/avatar\/533caccae14752e03a2ce2d3fd62d1b98b93e1393c3195c27819e53344ca1ace?s=96&d=mm&r=g","contentUrl":"https:\/\/secure.gravatar.com\/avatar\/533caccae14752e03a2ce2d3fd62d1b98b93e1393c3195c27819e53344ca1ace?s=96&d=mm&r=g","caption":"piotrboczkowski"},"url":"https:\/\/www.welovecycling.com\/pl\/author\/piotrboczkowski\/"}]}},"_links":{"self":[{"href":"https:\/\/www.welovecycling.com\/pl\/wp-json\/wp\/v2\/posts\/6047","targetHints":{"allow":["GET"]}}],"collection":[{"href":"https:\/\/www.welovecycling.com\/pl\/wp-json\/wp\/v2\/posts"}],"about":[{"href":"https:\/\/www.welovecycling.com\/pl\/wp-json\/wp\/v2\/types\/post"}],"author":[{"embeddable":true,"href":"https:\/\/www.welovecycling.com\/pl\/wp-json\/wp\/v2\/users\/76"}],"replies":[{"embeddable":true,"href":"https:\/\/www.welovecycling.com\/pl\/wp-json\/wp\/v2\/comments?post=6047"}],"version-history":[{"count":2,"href":"https:\/\/www.welovecycling.com\/pl\/wp-json\/wp\/v2\/posts\/6047\/revisions"}],"predecessor-version":[{"id":6120,"href":"https:\/\/www.welovecycling.com\/pl\/wp-json\/wp\/v2\/posts\/6047\/revisions\/6120"}],"wp:featuredmedia":[{"embeddable":true,"href":"https:\/\/www.welovecycling.com\/pl\/wp-json\/wp\/v2\/media\/6050"}],"wp:attachment":[{"href":"https:\/\/www.welovecycling.com\/pl\/wp-json\/wp\/v2\/media?parent=6047"}],"wp:term":[{"taxonomy":"category","embeddable":true,"href":"https:\/\/www.welovecycling.com\/pl\/wp-json\/wp\/v2\/categories?post=6047"},{"taxonomy":"post_tag","embeddable":true,"href":"https:\/\/www.welovecycling.com\/pl\/wp-json\/wp\/v2\/tags?post=6047"},{"taxonomy":"global-categories","embeddable":true,"href":"https:\/\/www.welovecycling.com\/pl\/wp-json\/wp\/v2\/global-categories?post=6047"}],"curies":[{"name":"wp","href":"https:\/\/api.w.org\/{rel}","templated":true}]}}