{"id":5975,"date":"2017-11-21T09:39:34","date_gmt":"2017-11-21T09:39:34","guid":{"rendered":"https:\/\/www.welovecycling.com\/pl\/?p=5975"},"modified":"2017-12-20T19:15:42","modified_gmt":"2017-12-20T19:15:42","slug":"galeria-wideo-10-najbardziej-spektakularnych-ekstremalnych-gorskich-szlakow-rowerowych","status":"publish","type":"post","link":"https:\/\/www.welovecycling.com\/pl\/2017\/11\/21\/galeria-wideo-10-najbardziej-spektakularnych-ekstremalnych-gorskich-szlakow-rowerowych\/","title":{"rendered":"GALERIA WIDEO: 10 najbardziej spektakularnych i ekstremalnych g\u00f3rskich szlak\u00f3w rowerowych"},"content":{"rendered":"<h2><strong>Cliffs of Moher (Irlandia)<\/strong><\/h2>\n<lite-youtube videoid=m0nYJVhcr4Y params=\"enablejsapi=1\" style=\"background-image: url('https:\/\/i.ytimg.com\/vi_webp\/m0nYJVhcr4Y\/maxresdefault.webp');\"><\/lite-youtube>\n<p><span style=\"font-weight: 400;\">Malownicze klify zachodniego wybrze\u017ca Irlandii zosta\u0142y ju\u017c uwiecznione na setkach poczt\u00f3wek. Ale niewiele os\u00f3b wie, \u017ce znajduje si\u0119 tam nieoficjalny szlak rowerowy. Ma on szeroko\u015b\u0107 \u00a0nieca\u0142ych 4 st\u00f3p i nieustannie si\u0119 kruszy w wyniku naturalnej erozji. Oczywi\u015bcie na szlaku nie ma barierek. Do tego przepa\u015b\u0107 mierz\u0105ca od 120 do 240 metr\u00f3w ze szpiczastymi ska\u0142ami i burzliwymi wodami na dole. Jazda po tych klifach nie jest (jeszcze) nielegalna, ale na pewno nie jest to przygoda dla pocz\u0105tkuj\u0105cych lub beztroskich rowerzyst\u00f3w. <\/span><\/p>\n<h2><strong>Droga Yungas (Boliwia)<\/strong><\/h2>\n<div class=\"embed-controller-wrapper\">\n<div class=\"embed-wrapper\"><iframe title=\"&quot;Mind Your Step&quot; Extremely Steep and Technical Downhill Mountain Biking Trail in Bolivia.\" width=\"500\" height=\"375\" data-src=\"https:\/\/www.youtube.com\/embed\/Fo7RwQbfmrM?start=36&#038;feature=oembed&#038;t=36&#038;enablejsapi=1\" frameborder=\"0\" allow=\"accelerometer; autoplay; clipboard-write; encrypted-media; gyroscope; picture-in-picture; web-share\" referrerpolicy=\"strict-origin-when-cross-origin\" allowfullscreen><\/iframe><\/div>\n<\/div>\n<p><span style=\"font-weight: 400;\">Pierwsz\u0105 rzecz\u0105, kt\u00f3ra przychodzi do g\u0142owy podczas wyszukiwania \u201enajbardziej ekstremalnego szlaku rowerowego\u201d w Google Maps, jest zawsze droga Yungas. Nazywana jest te\u017c Drog\u0105 \u015amierci, co budzi pewne skojarzenia. Je\u015bli jednak wzi\u0105\u0142e\u015b sobie za cel pokonanie tego zapieraj\u0105cego dech w piersiach boliwijskiego szlaku, prowadz\u0105cego od \u015bnie\u017cnych p\u0142askowy\u017c\u00f3w (3600 m wysoko\u015bci) do d\u017cungli amazo\u0144skiej, lepiej zap\u0142a\u0107 za dobrego przewodnika.\u00a0<\/span><\/p>\n<h2><strong>Portal Trail Moab (Utah, USA)<\/strong><\/h2>\n<div class=\"embed-controller-wrapper\">\n<div class=\"embed-wrapper\"><iframe title=\"Don&#039;t Look Down | Portal | Moab\" width=\"500\" height=\"281\" data-src=\"https:\/\/www.youtube.com\/embed\/QdnDRbX4gCA?feature=oembed\" frameborder=\"0\" allow=\"accelerometer; autoplay; clipboard-write; encrypted-media; gyroscope; picture-in-picture; web-share\" referrerpolicy=\"strict-origin-when-cross-origin\" allowfullscreen><\/iframe><\/div>\n<\/div>\n<p><span style=\"font-weight: 400;\">O Portal Trail m\u00f3wi si\u0119, \u017ce jest najniebezpieczniejszym szlakiem MTB w ca\u0142ych Stanach Zjednoczonych. Po obejrzeniu filmu zgadzamy si\u0119 z tym stwierdzeniem. Jak wszystkie ekstremalne szlaki, wymaga on najwi\u0119kszej czujno\u015bci i s\u0142uchania swojego zdrowego rozs\u0105dku. Ale widok na rozci\u0105gaj\u0105c\u0105 si\u0119 w dole pustyni\u0119 Moab i rzek\u0119 Colorado jest wart ka\u017cdego ryzyka. <\/span><\/p>\n<h2><strong>Wy\u017csze Alpy Nadmorskie (Po\u0142udniowozachodnie Alpy, Francja)<\/strong><\/h2>\n<div class=\"embed-controller-wrapper\">\n<div class=\"embed-wrapper\"><iframe title=\"The scariest MTB trail ever?!\" width=\"500\" height=\"281\" data-src=\"https:\/\/www.youtube.com\/embed\/rnDA_XEpAWs?feature=oembed\" frameborder=\"0\" allow=\"accelerometer; autoplay; clipboard-write; encrypted-media; gyroscope; picture-in-picture; web-share\" referrerpolicy=\"strict-origin-when-cross-origin\" allowfullscreen><\/iframe><\/div>\n<\/div>\n<p><span style=\"font-weight: 400;\">Ten typ \u015bcie\u017cki jest zwany \u201ekozim wyst\u0119pem\u201d i chyba wiemy dlaczego &#8211; powiniene\u015b po niej chodzi\u0107 na czworaka. Na pewno nie powiniene\u015b je\u017adzi\u0107 rowerem. Ale, jak wiecie, ludzie maj\u0105 swoje sposoby. Je\u015bli, jak my, lubisz patrze\u0107 na zapieraj\u0105ce dech w piersiach widoki i nie czujesz przy tym zawrotu g\u0142owy, ten szlak jest w\u0142a\u015bnie dla Ciebie. <\/span><\/p>\n<h2><strong>Radwanderung (W\u0105w\u00f3z Garnitzenklamm, Austria)<\/strong><\/h2>\n<div class=\"embed-controller-wrapper\">\n<div class=\"embed-wrapper\"><iframe title=\"Radwanderung...\" width=\"500\" height=\"281\" data-src=\"https:\/\/www.youtube.com\/embed\/TaNBuqSuNqk?feature=oembed\" frameborder=\"0\" allow=\"accelerometer; autoplay; clipboard-write; encrypted-media; gyroscope; picture-in-picture; web-share\" referrerpolicy=\"strict-origin-when-cross-origin\" allowfullscreen><\/iframe><\/div>\n<\/div>\n<p><span style=\"font-weight: 400;\">O co chodzi z nasz\u0105 obsesj\u0105 du\u017cych wysoko\u015bci i stromych przepa\u015bci? \u201eRadwanderung\u201d oznacza po niemiecku \u201ewycieczk\u0119 rowerow\u0105\u201d i nie jest to niedopowiedzenie. Podr\u00f3\u017cuj\u0105c t\u0105 \u015bcie\u017ck\u0105, musisz si\u0119 przeprawi\u0107 przez szereg most\u00f3w, podest\u00f3w i surowych szlak\u00f3w. Je\u015bli na szczycie oderwiesz wzrok od drogi tylko na sekund\u0119,\u00a0 zobaczysz Morze \u015ar\u00f3dziemne. Nie zalecamy tego jednak &#8211; z oczywistych przyczyn. <\/span><\/p>\n<h2><strong>The White Line (Arizona, USA)<\/strong><\/h2>\n<div class=\"embed-controller-wrapper\">\n<div class=\"embed-wrapper\"><iframe title=\"Riding the White Line\" width=\"500\" height=\"281\" data-src=\"https:\/\/www.youtube.com\/embed\/GzhlDnTv0pc?feature=oembed\" frameborder=\"0\" allow=\"accelerometer; autoplay; clipboard-write; encrypted-media; gyroscope; picture-in-picture; web-share\" referrerpolicy=\"strict-origin-when-cross-origin\" allowfullscreen><\/iframe><\/div>\n<\/div>\n<p><span style=\"font-weight: 400;\">Trasa ta przez do\u015bwiadczonych kolarzy g\u00f3rskich jest okre\u015blana mianem \u201edo\u015bwiadczenia, przy kt\u00f3rym zaciskasz po\u015bladki\u201d. Na pierwszy rzut oka jest to po prostu du\u017cy kamie\u0144 ponacinany szeregiem zmarszczek. Przy bli\u017cszym spojrzeniu jednak dostrze\u017cesz malutki rowerek przemierzaj\u0105cy jeden z tych cienkich jak w\u0142os wyst\u0119p\u00f3w. Uff, to zbyt wiele dla nas. <\/span><\/p>\n<h2><strong>Alpe d\u2019Huez (Francja)<\/strong><\/h2>\n<lite-youtube videoid=7rJLwbjDBYU params=\"enablejsapi=1\" style=\"background-image: url('https:\/\/i.ytimg.com\/vi_webp\/7rJLwbjDBYU\/maxresdefault.webp');\"><\/lite-youtube>\n<p><span style=\"font-weight: 400;\">Kiedy jedziesz szlakiem, niemal spodziewasz si\u0119, \u017ce fioletowa krowa Milki wyjrzy zza krzaka, pas\u0105c si\u0119 majestatycznie w promieniach g\u00f3rskiego s\u0142o\u0144ca. Ta mekka Tour de France i jej 21 zakr\u0119t\u00f3w pozostaj\u0105 kluczow\u0105 faz\u0105 tego wspania\u0142ego wy\u015bcigu. Wytyczony na wysoko\u015bci 1,118 metr\u00f3w, z nachyleniem 7,9%, szlak zapewnia malowniczy zjazd pomi\u0119dzy szczytami alpejskich g\u00f3r.\u00a0<\/span><\/p>\n<h2><strong>P\u0119tla Annapurna (Nepal)<\/strong><\/h2>\n<lite-youtube videoid=yJrl2vQcYPU params=\"enablejsapi=1\" style=\"background-image: url('https:\/\/i.ytimg.com\/vi_webp\/yJrl2vQcYPU\/maxresdefault.webp');\"><\/lite-youtube>\n<p><span style=\"font-weight: 400;\">To niejako supergwiazda naszej galerii. Szlak jest dobrze znany ka\u017cdemu poszukiwaczowi przyg\u00f3d i na pewno nie jest przeznaczony dla ludzi o s\u0142abych nerwach. Mimo \u017ce co roku tras\u0119 t\u0119 pokonuj\u0105 setki pieszych turyst\u00f3w i jest ona dobrze oznakowana wieloma kolorowymi s\u0142upami, zar\u00f3wno w, jak i poza sezonem, sugerujemy wynaj\u0119cie przewodnika. Je\u015bli si\u0119 zdecydujesz, mo\u017cesz liczy\u0107 na imponuj\u0105ce widoki, ale musisz r\u00f3wnie\u017c bra\u0107 pod uwag\u0119 konieczno\u015b\u0107 przeniesienia roweru po kamiennych schodach. <\/span><\/p>\n<h2><strong>Via Ferrata \u2013 Bocchette\u00a0Alte (Dolomity, W\u0142ochy)<\/strong><\/h2>\n<div class=\"embed-controller-wrapper\">\n<div class=\"embed-wrapper\"><iframe title=\"VIA FERRATA\" data-src=\"https:\/\/player.vimeo.com\/video\/126415912?dnt=1&amp;app_id=122963\" width=\"500\" height=\"281\" frameborder=\"0\" allow=\"autoplay; fullscreen; picture-in-picture; clipboard-write\"><\/iframe><\/div>\n<\/div>\n<p><span style=\"font-weight: 400;\">Via Ferrata, co t\u0142umaczymy jako \u201e\u017celazn\u0105 drog\u0119\u201d, jest seri\u0105 trudnych szlak\u00f3w pieszych prowadz\u0105cych przez w\u0142oskie Dolomity. Trasa ta s\u0142u\u017cy\u0142a \u017co\u0142nierzom przeprawiaj\u0105cym si\u0119 przez g\u00f3ry podczas pierwszej wojny \u015bwiatowej. Ze wzgl\u0119du na liczne drabiny i wspinaczki, sugerujemy przej\u015bcie szlakiem pieszo. Ale, jak doskonale wiemy, s\u0105 ludzie, kt\u00f3rzy wsz\u0119dzie wjad\u0105 rowerem. Bez nich jednak nie mieliby\u015bmy hipnotyzuj\u0105cych nagra\u0144 wideo z dron\u00f3w.<\/span><\/p>\n<h2><strong>Khardung La (Himalaje, region Ladakh, Indie)<\/strong><\/h2>\n<lite-youtube videoid=mJ5S3uWv17E params=\"enablejsapi=1\" style=\"background-image: url('https:\/\/i.ytimg.com\/vi_webp\/mJ5S3uWv17E\/maxresdefault.webp');\"><\/lite-youtube>\n<p><span style=\"font-weight: 400;\">I taki cukierek na sam koniec. Ju\u017c sama lokalizacja szlaku wskazuje na to, \u017ce nie jest to zwyk\u0142a polna droga. Khardung La (gdzie \u201eLa\u201d oznacza \u201eprzej\u015bcie\u201d w j\u0119zyku tybeta\u0144skim) jest najwy\u017cej po\u0142o\u017con\u0105 drog\u0105 w Himalajach, wytyczon\u0105 na wysoko\u015bci 5359 m. Warunki na szlaku i warunki pogodowe s\u0105 jednakowo nieprzewidywalne, co sprawia, \u017ce jest on uznawany za najbardziej niebezpiecznych na \u015bwiecie. Zdradzamy jednak, \u017ce \u0160koda i We Love Cycling wys\u0142ali na szlak kilku \u015bmia\u0142k\u00f3w, by zmierzyli si\u0119 z tym ekstremalnym wyzwaniem. Ogl\u0105dajcie wi\u0119c nasze kana\u0142y i oczekujcie nast\u0119pnych przyg\u00f3d!<\/span><\/p>\n<p><span style=\"font-weight: 400;\">Kt\u00f3ry z film\u00f3w spodoba\u0142 si\u0119 Wam najbardziej? Czy kt\u00f3ry\u015b Was zainspirowa\u0142 lub \u015bmiertelnie przestraszy\u0142?<\/span><\/p>\n","protected":false},"excerpt":{"rendered":"<p>Cliffs of Moher (Irlandia) Malownicze klify zachodniego wybrze\u017ca Irlandii zosta\u0142y ju\u017c uwiecznione na setkach poczt\u00f3wek. Ale niewiele os\u00f3b wie, \u017ce [&hellip;]<\/p>\n","protected":false},"author":76,"featured_media":5976,"comment_status":"open","ping_status":"open","sticky":false,"template":"","format":"standard","meta":{"footnotes":""},"categories":[5],"tags":[41,22,21,82],"global-categories":[],"class_list":["post-5975","post","type-post","status-publish","format-standard","has-post-thumbnail","hentry","category-outdoormtb","tag-cycling","tag-mtb","tag-outdoor","tag-welovecycling"],"yoast_head":"<!-- This site is optimized with the Yoast SEO Premium plugin v25.3 (Yoast SEO v25.9) - https:\/\/yoast.com\/wordpress\/plugins\/seo\/ -->\n<title>GALERIA WIDEO: 10 najbardziej spektakularnych i ekstremalnych g\u00f3rskich szlak\u00f3w rowerowych - \u0160koda We Love Cycling - Poland<\/title>\n<meta name=\"robots\" content=\"index, follow, max-snippet:-1, max-image-preview:large, max-video-preview:-1\" \/>\n<link rel=\"canonical\" href=\"https:\/\/www.welovecycling.com\/pl\/2017\/11\/21\/galeria-wideo-10-najbardziej-spektakularnych-ekstremalnych-gorskich-szlakow-rowerowych\/\" \/>\n<meta property=\"og:locale\" content=\"pl_PL\" \/>\n<meta property=\"og:type\" content=\"article\" \/>\n<meta property=\"og:title\" content=\"GALERIA WIDEO: 10 najbardziej spektakularnych i ekstremalnych g\u00f3rskich szlak\u00f3w rowerowych\" \/>\n<meta property=\"og:description\" content=\"Cliffs of Moher (Irlandia) Malownicze klify zachodniego wybrze\u017ca Irlandii zosta\u0142y ju\u017c uwiecznione na setkach poczt\u00f3wek. Ale niewiele os\u00f3b wie, \u017ce [&hellip;]\" \/>\n<meta property=\"og:url\" content=\"https:\/\/www.welovecycling.com\/pl\/2017\/11\/21\/galeria-wideo-10-najbardziej-spektakularnych-ekstremalnych-gorskich-szlakow-rowerowych\/\" \/>\n<meta property=\"og:site_name\" content=\"\u0160koda We Love Cycling - Poland\" \/>\n<meta property=\"article:published_time\" content=\"2017-11-21T09:39:34+00:00\" \/>\n<meta property=\"article:modified_time\" content=\"2017-12-20T19:15:42+00:00\" \/>\n<meta property=\"og:image\" content=\"https:\/\/d2p6e6u75xmxt8.cloudfront.net\/5\/2017\/11\/mostexcover.jpg\" \/>\n\t<meta property=\"og:image:width\" content=\"1366\" \/>\n\t<meta property=\"og:image:height\" content=\"600\" \/>\n\t<meta property=\"og:image:type\" content=\"image\/jpeg\" \/>\n<meta name=\"author\" content=\"piotrboczkowski\" \/>\n<meta name=\"twitter:card\" content=\"summary_large_image\" \/>\n<meta name=\"twitter:label1\" content=\"Written by\" \/>\n\t<meta name=\"twitter:data1\" content=\"Frantiska Blazkova\" \/>\n\t<meta name=\"twitter:label2\" content=\"Est. reading time\" \/>\n\t<meta name=\"twitter:data2\" content=\"4 minutes\" \/>\n<script type=\"application\/ld+json\" class=\"yoast-schema-graph\">{\"@context\":\"https:\/\/schema.org\",\"@graph\":[{\"@type\":\"WebPage\",\"@id\":\"https:\/\/www.welovecycling.com\/pl\/2017\/11\/21\/galeria-wideo-10-najbardziej-spektakularnych-ekstremalnych-gorskich-szlakow-rowerowych\/\",\"url\":\"https:\/\/www.welovecycling.com\/pl\/2017\/11\/21\/galeria-wideo-10-najbardziej-spektakularnych-ekstremalnych-gorskich-szlakow-rowerowych\/\",\"name\":\"GALERIA WIDEO: 10 najbardziej spektakularnych i ekstremalnych g\u00f3rskich szlak\u00f3w rowerowych - \u0160koda We Love Cycling - Poland\",\"isPartOf\":{\"@id\":\"https:\/\/www.welovecycling.com\/pl\/#website\"},\"primaryImageOfPage\":{\"@id\":\"https:\/\/www.welovecycling.com\/pl\/2017\/11\/21\/galeria-wideo-10-najbardziej-spektakularnych-ekstremalnych-gorskich-szlakow-rowerowych\/#primaryimage\"},\"image\":{\"@id\":\"https:\/\/www.welovecycling.com\/pl\/2017\/11\/21\/galeria-wideo-10-najbardziej-spektakularnych-ekstremalnych-gorskich-szlakow-rowerowych\/#primaryimage\"},\"thumbnailUrl\":\"https:\/\/d2p6e6u75xmxt8.cloudfront.net\/5\/2017\/11\/mostexcover.jpg\",\"datePublished\":\"2017-11-21T09:39:34+00:00\",\"dateModified\":\"2017-12-20T19:15:42+00:00\",\"author\":{\"@id\":\"https:\/\/www.welovecycling.com\/pl\/#\/schema\/person\/0dba2d39da943db9df3fd8f4687e7f23\"},\"breadcrumb\":{\"@id\":\"https:\/\/www.welovecycling.com\/pl\/2017\/11\/21\/galeria-wideo-10-najbardziej-spektakularnych-ekstremalnych-gorskich-szlakow-rowerowych\/#breadcrumb\"},\"inLanguage\":\"pl-PL\",\"potentialAction\":[{\"@type\":\"ReadAction\",\"target\":[\"https:\/\/www.welovecycling.com\/pl\/2017\/11\/21\/galeria-wideo-10-najbardziej-spektakularnych-ekstremalnych-gorskich-szlakow-rowerowych\/\"]}]},{\"@type\":\"ImageObject\",\"inLanguage\":\"pl-PL\",\"@id\":\"https:\/\/www.welovecycling.com\/pl\/2017\/11\/21\/galeria-wideo-10-najbardziej-spektakularnych-ekstremalnych-gorskich-szlakow-rowerowych\/#primaryimage\",\"url\":\"https:\/\/d2p6e6u75xmxt8.cloudfront.net\/5\/2017\/11\/mostexcover.jpg\",\"contentUrl\":\"https:\/\/d2p6e6u75xmxt8.cloudfront.net\/5\/2017\/11\/mostexcover.jpg\",\"width\":1366,\"height\":600},{\"@type\":\"BreadcrumbList\",\"@id\":\"https:\/\/www.welovecycling.com\/pl\/2017\/11\/21\/galeria-wideo-10-najbardziej-spektakularnych-ekstremalnych-gorskich-szlakow-rowerowych\/#breadcrumb\",\"itemListElement\":[{\"@type\":\"ListItem\",\"position\":1,\"name\":\"Home\",\"item\":\"https:\/\/www.welovecycling.com\/pl\/\"},{\"@type\":\"ListItem\",\"position\":2,\"name\":\"GALERIA WIDEO: 10 najbardziej spektakularnych i ekstremalnych g\u00f3rskich szlak\u00f3w rowerowych\"}]},{\"@type\":\"WebSite\",\"@id\":\"https:\/\/www.welovecycling.com\/pl\/#website\",\"url\":\"https:\/\/www.welovecycling.com\/pl\/\",\"name\":\"\u0160koda We Love Cycling - Poland\",\"description\":\"\",\"potentialAction\":[{\"@type\":\"SearchAction\",\"target\":{\"@type\":\"EntryPoint\",\"urlTemplate\":\"https:\/\/www.welovecycling.com\/pl\/?s={search_term_string}\"},\"query-input\":{\"@type\":\"PropertyValueSpecification\",\"valueRequired\":true,\"valueName\":\"search_term_string\"}}],\"inLanguage\":\"pl-PL\"},{\"@type\":\"Person\",\"@id\":\"https:\/\/www.welovecycling.com\/pl\/#\/schema\/person\/0dba2d39da943db9df3fd8f4687e7f23\",\"name\":\"piotrboczkowski\",\"image\":{\"@type\":\"ImageObject\",\"inLanguage\":\"pl-PL\",\"@id\":\"https:\/\/www.welovecycling.com\/pl\/#\/schema\/person\/image\/\",\"url\":\"https:\/\/secure.gravatar.com\/avatar\/533caccae14752e03a2ce2d3fd62d1b98b93e1393c3195c27819e53344ca1ace?s=96&d=mm&r=g\",\"contentUrl\":\"https:\/\/secure.gravatar.com\/avatar\/533caccae14752e03a2ce2d3fd62d1b98b93e1393c3195c27819e53344ca1ace?s=96&d=mm&r=g\",\"caption\":\"piotrboczkowski\"},\"url\":\"https:\/\/www.welovecycling.com\/pl\/author\/piotrboczkowski\/\"}]}<\/script>\n<!-- \/ Yoast SEO Premium plugin. -->","yoast_head_json":{"title":"GALERIA WIDEO: 10 najbardziej spektakularnych i ekstremalnych g\u00f3rskich szlak\u00f3w rowerowych - \u0160koda We Love Cycling - Poland","robots":{"index":"index","follow":"follow","max-snippet":"max-snippet:-1","max-image-preview":"max-image-preview:large","max-video-preview":"max-video-preview:-1"},"canonical":"https:\/\/www.welovecycling.com\/pl\/2017\/11\/21\/galeria-wideo-10-najbardziej-spektakularnych-ekstremalnych-gorskich-szlakow-rowerowych\/","og_locale":"pl_PL","og_type":"article","og_title":"GALERIA WIDEO: 10 najbardziej spektakularnych i ekstremalnych g\u00f3rskich szlak\u00f3w rowerowych","og_description":"Cliffs of Moher (Irlandia) Malownicze klify zachodniego wybrze\u017ca Irlandii zosta\u0142y ju\u017c uwiecznione na setkach poczt\u00f3wek. Ale niewiele os\u00f3b wie, \u017ce [&hellip;]","og_url":"https:\/\/www.welovecycling.com\/pl\/2017\/11\/21\/galeria-wideo-10-najbardziej-spektakularnych-ekstremalnych-gorskich-szlakow-rowerowych\/","og_site_name":"\u0160koda We Love Cycling - Poland","article_published_time":"2017-11-21T09:39:34+00:00","article_modified_time":"2017-12-20T19:15:42+00:00","og_image":[{"width":1366,"height":600,"url":"https:\/\/d2p6e6u75xmxt8.cloudfront.net\/5\/2017\/11\/mostexcover.jpg","type":"image\/jpeg"}],"author":"piotrboczkowski","twitter_card":"summary_large_image","twitter_misc":{"Written by":"Frantiska Blazkova","Est. reading time":"4 minutes"},"schema":{"@context":"https:\/\/schema.org","@graph":[{"@type":"WebPage","@id":"https:\/\/www.welovecycling.com\/pl\/2017\/11\/21\/galeria-wideo-10-najbardziej-spektakularnych-ekstremalnych-gorskich-szlakow-rowerowych\/","url":"https:\/\/www.welovecycling.com\/pl\/2017\/11\/21\/galeria-wideo-10-najbardziej-spektakularnych-ekstremalnych-gorskich-szlakow-rowerowych\/","name":"GALERIA WIDEO: 10 najbardziej spektakularnych i ekstremalnych g\u00f3rskich szlak\u00f3w rowerowych - \u0160koda We Love Cycling - Poland","isPartOf":{"@id":"https:\/\/www.welovecycling.com\/pl\/#website"},"primaryImageOfPage":{"@id":"https:\/\/www.welovecycling.com\/pl\/2017\/11\/21\/galeria-wideo-10-najbardziej-spektakularnych-ekstremalnych-gorskich-szlakow-rowerowych\/#primaryimage"},"image":{"@id":"https:\/\/www.welovecycling.com\/pl\/2017\/11\/21\/galeria-wideo-10-najbardziej-spektakularnych-ekstremalnych-gorskich-szlakow-rowerowych\/#primaryimage"},"thumbnailUrl":"https:\/\/d2p6e6u75xmxt8.cloudfront.net\/5\/2017\/11\/mostexcover.jpg","datePublished":"2017-11-21T09:39:34+00:00","dateModified":"2017-12-20T19:15:42+00:00","author":{"@id":"https:\/\/www.welovecycling.com\/pl\/#\/schema\/person\/0dba2d39da943db9df3fd8f4687e7f23"},"breadcrumb":{"@id":"https:\/\/www.welovecycling.com\/pl\/2017\/11\/21\/galeria-wideo-10-najbardziej-spektakularnych-ekstremalnych-gorskich-szlakow-rowerowych\/#breadcrumb"},"inLanguage":"pl-PL","potentialAction":[{"@type":"ReadAction","target":["https:\/\/www.welovecycling.com\/pl\/2017\/11\/21\/galeria-wideo-10-najbardziej-spektakularnych-ekstremalnych-gorskich-szlakow-rowerowych\/"]}]},{"@type":"ImageObject","inLanguage":"pl-PL","@id":"https:\/\/www.welovecycling.com\/pl\/2017\/11\/21\/galeria-wideo-10-najbardziej-spektakularnych-ekstremalnych-gorskich-szlakow-rowerowych\/#primaryimage","url":"https:\/\/d2p6e6u75xmxt8.cloudfront.net\/5\/2017\/11\/mostexcover.jpg","contentUrl":"https:\/\/d2p6e6u75xmxt8.cloudfront.net\/5\/2017\/11\/mostexcover.jpg","width":1366,"height":600},{"@type":"BreadcrumbList","@id":"https:\/\/www.welovecycling.com\/pl\/2017\/11\/21\/galeria-wideo-10-najbardziej-spektakularnych-ekstremalnych-gorskich-szlakow-rowerowych\/#breadcrumb","itemListElement":[{"@type":"ListItem","position":1,"name":"Home","item":"https:\/\/www.welovecycling.com\/pl\/"},{"@type":"ListItem","position":2,"name":"GALERIA WIDEO: 10 najbardziej spektakularnych i ekstremalnych g\u00f3rskich szlak\u00f3w rowerowych"}]},{"@type":"WebSite","@id":"https:\/\/www.welovecycling.com\/pl\/#website","url":"https:\/\/www.welovecycling.com\/pl\/","name":"\u0160koda We Love Cycling - Poland","description":"","potentialAction":[{"@type":"SearchAction","target":{"@type":"EntryPoint","urlTemplate":"https:\/\/www.welovecycling.com\/pl\/?s={search_term_string}"},"query-input":{"@type":"PropertyValueSpecification","valueRequired":true,"valueName":"search_term_string"}}],"inLanguage":"pl-PL"},{"@type":"Person","@id":"https:\/\/www.welovecycling.com\/pl\/#\/schema\/person\/0dba2d39da943db9df3fd8f4687e7f23","name":"piotrboczkowski","image":{"@type":"ImageObject","inLanguage":"pl-PL","@id":"https:\/\/www.welovecycling.com\/pl\/#\/schema\/person\/image\/","url":"https:\/\/secure.gravatar.com\/avatar\/533caccae14752e03a2ce2d3fd62d1b98b93e1393c3195c27819e53344ca1ace?s=96&d=mm&r=g","contentUrl":"https:\/\/secure.gravatar.com\/avatar\/533caccae14752e03a2ce2d3fd62d1b98b93e1393c3195c27819e53344ca1ace?s=96&d=mm&r=g","caption":"piotrboczkowski"},"url":"https:\/\/www.welovecycling.com\/pl\/author\/piotrboczkowski\/"}]}},"_links":{"self":[{"href":"https:\/\/www.welovecycling.com\/pl\/wp-json\/wp\/v2\/posts\/5975","targetHints":{"allow":["GET"]}}],"collection":[{"href":"https:\/\/www.welovecycling.com\/pl\/wp-json\/wp\/v2\/posts"}],"about":[{"href":"https:\/\/www.welovecycling.com\/pl\/wp-json\/wp\/v2\/types\/post"}],"author":[{"embeddable":true,"href":"https:\/\/www.welovecycling.com\/pl\/wp-json\/wp\/v2\/users\/76"}],"replies":[{"embeddable":true,"href":"https:\/\/www.welovecycling.com\/pl\/wp-json\/wp\/v2\/comments?post=5975"}],"version-history":[{"count":2,"href":"https:\/\/www.welovecycling.com\/pl\/wp-json\/wp\/v2\/posts\/5975\/revisions"}],"predecessor-version":[{"id":6235,"href":"https:\/\/www.welovecycling.com\/pl\/wp-json\/wp\/v2\/posts\/5975\/revisions\/6235"}],"wp:featuredmedia":[{"embeddable":true,"href":"https:\/\/www.welovecycling.com\/pl\/wp-json\/wp\/v2\/media\/5976"}],"wp:attachment":[{"href":"https:\/\/www.welovecycling.com\/pl\/wp-json\/wp\/v2\/media?parent=5975"}],"wp:term":[{"taxonomy":"category","embeddable":true,"href":"https:\/\/www.welovecycling.com\/pl\/wp-json\/wp\/v2\/categories?post=5975"},{"taxonomy":"post_tag","embeddable":true,"href":"https:\/\/www.welovecycling.com\/pl\/wp-json\/wp\/v2\/tags?post=5975"},{"taxonomy":"global-categories","embeddable":true,"href":"https:\/\/www.welovecycling.com\/pl\/wp-json\/wp\/v2\/global-categories?post=5975"}],"curies":[{"name":"wp","href":"https:\/\/api.w.org\/{rel}","templated":true}]}}