{"id":5951,"date":"2017-11-15T18:15:22","date_gmt":"2017-11-15T18:15:22","guid":{"rendered":"https:\/\/www.welovecycling.com\/pl\/?p=5951"},"modified":"2017-11-17T14:15:54","modified_gmt":"2017-11-17T14:15:54","slug":"czeslaw-lang-swiatowego-kolarstwa-wjechal-rowerem-swojej","status":"publish","type":"post","link":"https:\/\/www.welovecycling.com\/pl\/2017\/11\/15\/czeslaw-lang-swiatowego-kolarstwa-wjechal-rowerem-swojej\/","title":{"rendered":"Czes\u0142aw Lang do \u015bwiatowego kolarstwa wjecha\u0142 rowerem swojej mamy"},"content":{"rendered":"<p>Wicemistrz olimpijski, pierwszy zawodowiec, wielki propagator kolarstwa. W debiutanckim \u00a0wy\u015bcigu wystartowa\u0142 na rowerze marki Ukraina, a na Tour de France \u015bwi\u0119towa\u0142 specyficzne sukcesy, o kt\u00f3rych dzi\u015b niewielu pami\u0119ta. Czes\u0142aw Lang w specjalnym wywiadzie dla We Love Cycling opowiada o wy\u017cszo\u015bci kolarstwa nad pi\u0142k\u0105 no\u017cn\u0105, olimpijskim boju z Rosjanami, organizacji Tour de Pologne i wielkim kolarskim potencjale, kt\u00f3ry drzemie w Polakach. Zapraszamy!<\/p>\n<p><a href=\"https:\/\/d2p6e6u75xmxt8.cloudfront.net\/5\/2017\/11\/GRU_5738.jpg\"><img loading=\"lazy\" decoding=\"async\" class=\"alignnone size-extra-large wp-image-5953\" src=\"https:\/\/d2p6e6u75xmxt8.cloudfront.net\/5\/2017\/11\/GRU_5738-1920x1278.jpg\" alt=\"\" width=\"1920\" height=\"1278\" srcset=\"https:\/\/d2p6e6u75xmxt8.cloudfront.net\/5\/2017\/11\/GRU_5738-1920x1278.jpg 1920w, https:\/\/d2p6e6u75xmxt8.cloudfront.net\/5\/2017\/11\/GRU_5738-300x200.jpg 300w, https:\/\/d2p6e6u75xmxt8.cloudfront.net\/5\/2017\/11\/GRU_5738-768x511.jpg 768w, https:\/\/d2p6e6u75xmxt8.cloudfront.net\/5\/2017\/11\/GRU_5738-1024x681.jpg 1024w, https:\/\/d2p6e6u75xmxt8.cloudfront.net\/5\/2017\/11\/GRU_5738-272x182.jpg 272w, https:\/\/d2p6e6u75xmxt8.cloudfront.net\/5\/2017\/11\/GRU_5738-1920x1278.jpg 1920w\" sizes=\"auto, (max-width: 1920px) 100vw, 1920px\" \/><\/a><\/p>\n<p><strong>To prawda, \u017ce dla dobra polskiego sportu zosta\u0142 pan niespe\u0142nionym pi\u0142karzem?<\/strong><\/p>\n<p>&#8211; (\u015bmiech) No tak, ca\u0142e moje dzieci\u0144stwo to by\u0142a pi\u0142ka no\u017cna. Bez pi\u0142ki w og\u00f3le si\u0119 nie rusza\u0142em. W sumie jako jedyny we wsi j\u0105 mia\u0142em, wi\u0119c jak kto\u015b chcia\u0142 pogra\u0107, to u mnie by\u0142a zbi\u00f3rka. Ka\u017cda przerwa w szkole, czas po lekcjach \u2013 non stop by\u0142a pi\u0142ka no\u017cna. I to si\u0119 p\u00f3\u017aniej przyda\u0142o w kolarstwie, w ko\u0144cu cz\u0142owiek ca\u0142y czas si\u0119 rusza\u0142.<\/p>\n<p><strong>No to kolejne pytanie z cyklu prawda\/fa\u0142sz. Czy to prawda, \u017ce to szwagier wci\u0105gn\u0105\u0142 Pana w kolarstwo?<\/strong><\/p>\n<p>&#8211; Tu akurat musz\u0119 zaprzeczy\u0107, bo wci\u0105gn\u0105\u0142 mnie Wy\u015bcig Pokoju, w kt\u00f3rym jechali Szurkowski czy Szozda. W\u00f3wczas ich ogl\u0105da\u0142em, a p\u00f3\u017aniej razem startowali\u015bmy w wy\u015bcigach. Media mnie w to kolarstwo strasznie wci\u0105gn\u0119\u0142y. Te has\u0142a: Halo, halo, tu helikopter, Wy\u015bcig Pokoju\u2026 Ka\u017cdy m\u0142ody ch\u0142opak chcia\u0142 wtedy by\u0107 kolarzem. A szwagier? Powiedzia\u0142 mi jak si\u0119 zapisa\u0107 do Ma\u0142ego Wy\u015bcigu Pokoju. M\u00f3wi\u0142, \u017ce jak b\u0119d\u0119 dobry, to wezm\u0105 mnie do klubu i tak si\u0119 sta\u0142o. W sumie to on mn\u0105 pokierowa\u0142.<\/p>\n<p><strong>W pierwszym wy\u015bcigu wystartowa\u0142 pan na rowerze typu damskiego. Prawda czy fa\u0142sz?<\/strong><\/p>\n<p>&#8211; Tym razem prawda (\u015bmiech). Damka marki Ukraina. I to na dodatek by\u0142 rower mojej mamy (\u015bmiech). Odkr\u0119ci\u0142em b\u0142otniki, baga\u017cnik i wystartowa\u0142em. Zaj\u0105\u0142em drugie miejsce, ale po\u0142kn\u0105\u0142em bakcyla. Zosta\u0142a we mnie ta ch\u0119\u0107 rywalizacji. Dlatego zawsze podczas organizowania Tour de Pologne robimy Mini Tour de Pologne, bo trzeba pami\u0119ta\u0107 o dzieciakach, by ich zach\u0119ca\u0107. Przecie\u017c u nas startowali ma\u0142y Micha\u0142 Kwiatkowski, Rafa\u0142 Majka czy Ka\u015bka Niewiadoma. W tym roku na starcie stan\u0119\u0142o prawie 3 tysi\u0105ce dzieci, a w przysz\u0142ym chcemy p\u00f3j\u015b\u0107 jeszcze krok dalej.<\/p>\n<p><strong>Rodzice tych dzieci pewnie pami\u0119taj\u0105 pana podczas Igrzysk Olimpijskich w 1980 r. Jak si\u0119 Pan czu\u0142, gdy w Moskwie przedzieli\u0142 Pan na podium dw\u00f3ch zawodnik\u00f3w ze Zwi\u0105zku Radzieckiego, zostaj\u0105c srebrnym medalist\u0105 olimpijskim. I to w tamtych czasach!<\/strong><\/p>\n<p>&#8211; W Polsce walczyli\u015bmy o niezale\u017cno\u015b\u0107, Kozakiewicz pokaza\u0142 im sw\u00f3j s\u0142ynny gest\u2026 Wy\u015bcig Pokoju by\u0142 tak popularny, bo mo\u017cna by\u0142o pokona\u0107 Niemca czy Ruska, a w\u00f3wczas kibice szaleli.<\/p>\n<p>Jest rok 1980, w akcji wy\u015bcigu jedna bia\u0142o-czerwona koszulka i dwie czerwone, uciekamy prawie 130 km\u2026 I pytanie: uda si\u0119 czy nie?! To byli bardzo mocni rywale: Siergiej Suchoruczenkow i Jurij Barinow, a za nami jecha\u0142 ca\u0142y \u015bwiat! Trzeba by\u0142o uwa\u017ca\u0107 i nie da\u0107 uciec tym Ruskim. Ale czasem jest dzie\u0144, \u017ce czujesz, i\u017c wszystko mo\u017cesz. I dla mnie to by\u0142 w\u0142a\u015bnie ten dzie\u0144.<\/p>\n<p><strong>Na mecie czu\u0142 Pan, \u017ce jest bohaterem narodowym?<\/strong><\/p>\n<p>&#8211; Ludzie na pewno to zapami\u0119tali, kogo nie spotkam, to przypomina mi ten finisz. Srebro wygra\u0142em o milimetry\u2026 Bohater narodowy? Hmm, wiem, \u017ce da\u0142em ludziom wiele rado\u015bci.<\/p>\n<p><strong>A p\u00f3\u017aniej by\u0142o zawodowstwo. Pan by\u0142 pierwszym Polakiem, kt\u00f3ry dosta\u0142 si\u0119 do zawodowej grupy.<\/strong><\/p>\n<p>&#8211; By\u0142em w og\u00f3le pierwszym kolarzem z bloku wschodniego.<\/p>\n<p><strong>To by\u0142 du\u017cy przeskok?<\/strong><\/p>\n<p>&#8211; To by\u0142o takie marzenie jak lot na Ksi\u0119\u017cyc. Nieaktualne by\u0142y ju\u017c te wszystkie zakazy ustrojowe i has\u0142a, \u017ce sport uprawiamy tylko jako hobby, bez zarabiania pieni\u0119dzy. To by\u0142 szok, niesamowita zmiana. Zawodowstwo to jeden z najwi\u0119kszych cel\u00f3w, kt\u00f3re uda\u0142o mi si\u0119 zrealizowa\u0107.<\/p>\n<p><strong>Jako zawodowcowi indywidualnie zabrak\u0142o Panu jednego \u2013 sukcesu na Tour de France.<\/strong><\/p>\n<p>&#8211; Wyst\u0119powa\u0142em we w\u0142oskich grupach, a oni nie lubili Tour de France. Je\u017adzili\u015bmy tam jak na \u015bci\u0119cie. Ale z Lechem Piaseckim i tak osi\u0105gn\u0119li\u015bmy sukces, bo wywalczyli\u015bmy dla niego koszulk\u0119 lidera, a jako dru\u017cyna byli\u015bmy na podium\u2026 Ale wie Pan co, jak tak sobie pomy\u015bl\u0119, to jednak mia\u0142em sukcesy na Tour de France.<\/p>\n<p><strong>Jakie?<\/strong><\/p>\n<p>&#8211; Prawie ca\u0142a moja dru\u017cyna &#8211; Carrera \u2013 wycofa\u0142a si\u0119, a ja z Giancarlo Perinim dojecha\u0142em do mety. My we dw\u00f3ch, a za nami ca\u0142e ekipa masa\u017cyst\u00f3w, mechanik\u00f3w, pe\u0142en zesp\u00f3\u0142\u2026 G\u0142\u00f3wny sponsor prosi\u0142 nas, \u017ceby\u015bmy dojechali, bo to by\u0142by wstyd, gdyby\u015bmy si\u0119 ca\u0142\u0105 ekip\u0105 wycofali. To by\u0142by koniec.<\/p>\n<p>I mam te\u017c drugi sukces \u2013 zawsze na Tour de France wymy\u015blaj\u0105 jakie\u015b konkursy i plebiscyty. Akurat przemieszczali\u015bmy si\u0119 poci\u0105giem i zrobili tak\u0105 ankiet\u0119 w\u015br\u00f3d dziennikarzy, kolarzy, s\u0119dzi\u00f3w itd. Wszyscy wybierali najsympatyczniejszego zawodnika peletonu. No i wygra\u0142em (\u015bmiech). Mo\u017ce to nie by\u0142o osi\u0105gni\u0119cie czysto sportowe, ale jako Polak godnie nas reprezentowa\u0142em.<\/p>\n<p><strong>Jak Pan wspomina Tour de France?<\/strong><\/p>\n<p><strong>&#8211;<\/strong> To komercyjny wy\u015bcig. Najwa\u017cniejsze s\u0105 media, sponsorzy, a p\u00f3\u017aniej zawodnicy. St\u0105d te\u017c pewnie ich sukces. Tour de France jest mocno wspierane przez rz\u0105d Francji, bo uznaj\u0105, \u017ce to najlepszy spos\u00f3b na promocj\u0119 kraju. Na Tour de France jednak nie lubi\u0142em, \u017ce badali nas tamtejsi lekarze, mimo \u017ce mieli\u015bmy swoich. To by\u0142o troch\u0119 jak komisja poborowa w wojsku (\u015bmiech). Za moich czas\u00f3w hotele i jedzenie te\u017c nie by\u0142y najlepsze.<\/p>\n<p><strong>A widzia\u0142 Pan tras\u0119 Tour de France 2018? Fachowcy m\u00f3wi\u0105, \u017ce zapowiada si\u0119 bardzo powa\u017cne \u015bciganie.<\/strong><\/p>\n<p>&#8211; Ludzie dzi\u015b inaczej postrzegaj\u0105 kolarstwo. Za moich czas\u00f3w, gdy kolarze mieli do przejechania ponad 300 km, to na ludziach robi\u0142o to wra\u017cenie. Postrzega\u0142o si\u0119 nas jak kogo\u015b wyj\u0105tkowego. Jak kierowc\u0119 Formu\u0142y, kolarz zawodowy to by\u0142 b\u00f3g! Do zawodowstwa trafia\u0142o co roku kilku kolarzy, nie by\u0142o takiej rotacji jak dzi\u015b. \u00a0To by\u0142a elita z elity. Te dystanse powodowa\u0142y, \u017ce kibice byli pe\u0142ni podziwu. M\u00f3wili: \u201eKurde, 300 km, 7 godzin na rowerze\u201d.<\/p>\n<p><strong>Traktowali Was jak heros\u00f3w.<\/strong><\/p>\n<p>&#8211; No tak to wygl\u0105da\u0142o. A teraz si\u0119 to pozmienia\u0142o \u2013 jest technologia, ludzie maj\u0105 czas na hobby. Biegaj\u0105, je\u017cd\u017c\u0105 i na amatorach 200 km nie robi ju\u017c wra\u017cenia, bo oni te\u017c sami s\u0105 w stanie tyle przejecha\u0107. Dlatego podczas organizowania Tour de Pologne koncentruj\u0119 si\u0119 na \u015bciganiu, a nie przeje\u017cd\u017caniu d\u0142ugich dystans\u00f3w. Musi by\u0107 walka, tak jak w tym roku! By\u0142a dynamika, zmiana koszulek. To by\u0142o \u015bciganie, a nie jazda. Je\u017adzi\u0107 na kilometry to sobie mog\u0119 teraz ja jako dziadek, a oni powinni si\u0119 \u015bciga\u0107 (\u015bmiech).<\/p>\n<p>A czasem s\u0142ysz\u0119, \u017ce b\u0119dzie pi\u0119\u0107 podjazd\u00f3w, zawodnicy si\u0119 odgra\u017caj\u0105. Ogl\u0105da\u0142em pierwsze dwa, p\u00f3\u017aniej zasn\u0105\u0142em, obudzi\u0142em si\u0119 na ostatnich 10 km, a tam dalej jad\u0105 Froome z Quintan\u0105, czyli nic si\u0119 nie wydarzy\u0142o. Kibice szukaj\u0105 czego\u015b innego.<\/p>\n<p><strong>Jak Pan ocenia miniony sezon w wykonaniu polskich kolarzy?<\/strong><\/p>\n<p>&#8211; Idziemy w dobrym kierunku, dyscyplina si\u0119 rozwija. Micha\u0142 Kwiatkowski, Rafa\u0142 Majka, Ka\u015bka Niewiadoma to \u015bwietni zawodnicy. Jest du\u017ce zaplecze \u2013 m\u0142odzie\u017c, trenerzy. Zaanga\u017cowa\u0142o si\u0119 te\u017c Ministerstwo Sportu, powsta\u0142o 200 szk\u00f3\u0142ek i program rozwoju kolarstwa. To przyniesie efekty.<\/p>\n<p><strong>A jak si\u0119 maj\u0105 amatorzy? Na przyk\u0142ad ci, kt\u00f3rzy na co dzie\u0144 tylko doje\u017cd\u017caj\u0105 rowerem do pracy.<\/strong><\/p>\n<p>&#8211; \u00a0Super! Wed\u0142ug ostatnich bada\u0144 prawie 10 milion\u00f3w Polak\u00f3w stwierdzi\u0142o, \u017ce je\u017adzi na rowerze, bo to im sprawie rado\u015b\u0107. Drzemie w nas wielki kolarski potencja\u0142!<\/p>\n<p><a href=\"https:\/\/d2p6e6u75xmxt8.cloudfront.net\/5\/2017\/11\/GRU_7054-2.jpg\"><img loading=\"lazy\" decoding=\"async\" class=\"alignnone size-extra-large wp-image-5954\" src=\"https:\/\/d2p6e6u75xmxt8.cloudfront.net\/5\/2017\/11\/GRU_7054-2-1920x1277.jpg\" alt=\"\" width=\"1920\" height=\"1277\" srcset=\"https:\/\/d2p6e6u75xmxt8.cloudfront.net\/5\/2017\/11\/GRU_7054-2-1920x1277.jpg 1920w, https:\/\/d2p6e6u75xmxt8.cloudfront.net\/5\/2017\/11\/GRU_7054-2-300x200.jpg 300w, https:\/\/d2p6e6u75xmxt8.cloudfront.net\/5\/2017\/11\/GRU_7054-2-768x511.jpg 768w, https:\/\/d2p6e6u75xmxt8.cloudfront.net\/5\/2017\/11\/GRU_7054-2-1024x681.jpg 1024w, https:\/\/d2p6e6u75xmxt8.cloudfront.net\/5\/2017\/11\/GRU_7054-2-272x182.jpg 272w, https:\/\/d2p6e6u75xmxt8.cloudfront.net\/5\/2017\/11\/GRU_7054-2-1920x1277.jpg 1920w\" sizes=\"auto, (max-width: 1920px) 100vw, 1920px\" \/><\/a><\/p>\n<p>(\u017ar\u00f3d\u0142o zdj\u0119\u0107:\u00a0Szymon Gruchalski, Tour de Pologne)<\/p>\n","protected":false},"excerpt":{"rendered":"<p>Wicemistrz olimpijski, pierwszy zawodowiec, wielki propagator kolarstwa. W debiutanckim \u00a0wy\u015bcigu wystartowa\u0142 na rowerze marki Ukraina, a na Tour de France [&hellip;]<\/p>\n","protected":false},"author":76,"featured_media":5952,"comment_status":"open","ping_status":"open","sticky":false,"template":"","format":"standard","meta":{"footnotes":""},"categories":[6],"tags":[41,219,176,82,154],"global-categories":[],"class_list":["post-5951","post","type-post","status-publish","format-standard","has-post-thumbnail","hentry","category-kolarstwo-szosowe","tag-cycling","tag-czeslaw-lang","tag-kolarstwo","tag-welovecycling","tag-wywiad"],"yoast_head":"<!-- This site is optimized with the Yoast SEO Premium plugin v25.3 (Yoast SEO v25.9) - https:\/\/yoast.com\/wordpress\/plugins\/seo\/ -->\n<title>Czes\u0142aw Lang do \u015bwiatowego kolarstwa wjecha\u0142 rowerem swojej mamy - \u0160koda We Love Cycling - Poland<\/title>\n<meta name=\"robots\" content=\"index, follow, max-snippet:-1, max-image-preview:large, max-video-preview:-1\" \/>\n<link rel=\"canonical\" href=\"https:\/\/www.welovecycling.com\/pl\/2017\/11\/15\/czeslaw-lang-swiatowego-kolarstwa-wjechal-rowerem-swojej\/\" \/>\n<meta property=\"og:locale\" content=\"pl_PL\" \/>\n<meta property=\"og:type\" content=\"article\" \/>\n<meta property=\"og:title\" content=\"Czes\u0142aw Lang do \u015bwiatowego kolarstwa wjecha\u0142 rowerem swojej mamy\" \/>\n<meta property=\"og:description\" content=\"Wicemistrz olimpijski, pierwszy zawodowiec, wielki propagator kolarstwa. W debiutanckim \u00a0wy\u015bcigu wystartowa\u0142 na rowerze marki Ukraina, a na Tour de France [&hellip;]\" \/>\n<meta property=\"og:url\" content=\"https:\/\/www.welovecycling.com\/pl\/2017\/11\/15\/czeslaw-lang-swiatowego-kolarstwa-wjechal-rowerem-swojej\/\" \/>\n<meta property=\"og:site_name\" content=\"\u0160koda We Love Cycling - Poland\" \/>\n<meta property=\"article:published_time\" content=\"2017-11-15T18:15:22+00:00\" \/>\n<meta property=\"article:modified_time\" content=\"2017-11-17T14:15:54+00:00\" \/>\n<meta property=\"og:image\" content=\"https:\/\/d2p6e6u75xmxt8.cloudfront.net\/5\/2017\/11\/GRU_1802-1024x681.jpg\" \/>\n\t<meta property=\"og:image:width\" content=\"1024\" \/>\n\t<meta property=\"og:image:height\" content=\"681\" \/>\n\t<meta property=\"og:image:type\" content=\"image\/jpeg\" \/>\n<meta name=\"author\" content=\"piotrboczkowski\" \/>\n<meta name=\"twitter:card\" content=\"summary_large_image\" \/>\n<meta name=\"twitter:label1\" content=\"Written by\" \/>\n\t<meta name=\"twitter:data1\" content=\"WeLoveCycling\" \/>\n\t<meta name=\"twitter:label2\" content=\"Est. reading time\" \/>\n\t<meta name=\"twitter:data2\" content=\"7 minutes\" \/>\n<script type=\"application\/ld+json\" class=\"yoast-schema-graph\">{\"@context\":\"https:\/\/schema.org\",\"@graph\":[{\"@type\":\"WebPage\",\"@id\":\"https:\/\/www.welovecycling.com\/pl\/2017\/11\/15\/czeslaw-lang-swiatowego-kolarstwa-wjechal-rowerem-swojej\/\",\"url\":\"https:\/\/www.welovecycling.com\/pl\/2017\/11\/15\/czeslaw-lang-swiatowego-kolarstwa-wjechal-rowerem-swojej\/\",\"name\":\"Czes\u0142aw Lang do \u015bwiatowego kolarstwa wjecha\u0142 rowerem swojej mamy - \u0160koda We Love Cycling - Poland\",\"isPartOf\":{\"@id\":\"https:\/\/www.welovecycling.com\/pl\/#website\"},\"primaryImageOfPage\":{\"@id\":\"https:\/\/www.welovecycling.com\/pl\/2017\/11\/15\/czeslaw-lang-swiatowego-kolarstwa-wjechal-rowerem-swojej\/#primaryimage\"},\"image\":{\"@id\":\"https:\/\/www.welovecycling.com\/pl\/2017\/11\/15\/czeslaw-lang-swiatowego-kolarstwa-wjechal-rowerem-swojej\/#primaryimage\"},\"thumbnailUrl\":\"https:\/\/d2p6e6u75xmxt8.cloudfront.net\/5\/2017\/11\/GRU_1802.jpg\",\"datePublished\":\"2017-11-15T18:15:22+00:00\",\"dateModified\":\"2017-11-17T14:15:54+00:00\",\"author\":{\"@id\":\"https:\/\/www.welovecycling.com\/pl\/#\/schema\/person\/0dba2d39da943db9df3fd8f4687e7f23\"},\"breadcrumb\":{\"@id\":\"https:\/\/www.welovecycling.com\/pl\/2017\/11\/15\/czeslaw-lang-swiatowego-kolarstwa-wjechal-rowerem-swojej\/#breadcrumb\"},\"inLanguage\":\"pl-PL\",\"potentialAction\":[{\"@type\":\"ReadAction\",\"target\":[\"https:\/\/www.welovecycling.com\/pl\/2017\/11\/15\/czeslaw-lang-swiatowego-kolarstwa-wjechal-rowerem-swojej\/\"]}]},{\"@type\":\"ImageObject\",\"inLanguage\":\"pl-PL\",\"@id\":\"https:\/\/www.welovecycling.com\/pl\/2017\/11\/15\/czeslaw-lang-swiatowego-kolarstwa-wjechal-rowerem-swojej\/#primaryimage\",\"url\":\"https:\/\/d2p6e6u75xmxt8.cloudfront.net\/5\/2017\/11\/GRU_1802.jpg\",\"contentUrl\":\"https:\/\/d2p6e6u75xmxt8.cloudfront.net\/5\/2017\/11\/GRU_1802.jpg\",\"width\":3662,\"height\":2437},{\"@type\":\"BreadcrumbList\",\"@id\":\"https:\/\/www.welovecycling.com\/pl\/2017\/11\/15\/czeslaw-lang-swiatowego-kolarstwa-wjechal-rowerem-swojej\/#breadcrumb\",\"itemListElement\":[{\"@type\":\"ListItem\",\"position\":1,\"name\":\"Home\",\"item\":\"https:\/\/www.welovecycling.com\/pl\/\"},{\"@type\":\"ListItem\",\"position\":2,\"name\":\"Czes\u0142aw Lang do \u015bwiatowego kolarstwa wjecha\u0142 rowerem swojej mamy\"}]},{\"@type\":\"WebSite\",\"@id\":\"https:\/\/www.welovecycling.com\/pl\/#website\",\"url\":\"https:\/\/www.welovecycling.com\/pl\/\",\"name\":\"\u0160koda We Love Cycling - Poland\",\"description\":\"\",\"potentialAction\":[{\"@type\":\"SearchAction\",\"target\":{\"@type\":\"EntryPoint\",\"urlTemplate\":\"https:\/\/www.welovecycling.com\/pl\/?s={search_term_string}\"},\"query-input\":{\"@type\":\"PropertyValueSpecification\",\"valueRequired\":true,\"valueName\":\"search_term_string\"}}],\"inLanguage\":\"pl-PL\"},{\"@type\":\"Person\",\"@id\":\"https:\/\/www.welovecycling.com\/pl\/#\/schema\/person\/0dba2d39da943db9df3fd8f4687e7f23\",\"name\":\"piotrboczkowski\",\"image\":{\"@type\":\"ImageObject\",\"inLanguage\":\"pl-PL\",\"@id\":\"https:\/\/www.welovecycling.com\/pl\/#\/schema\/person\/image\/\",\"url\":\"https:\/\/secure.gravatar.com\/avatar\/533caccae14752e03a2ce2d3fd62d1b98b93e1393c3195c27819e53344ca1ace?s=96&d=mm&r=g\",\"contentUrl\":\"https:\/\/secure.gravatar.com\/avatar\/533caccae14752e03a2ce2d3fd62d1b98b93e1393c3195c27819e53344ca1ace?s=96&d=mm&r=g\",\"caption\":\"piotrboczkowski\"},\"url\":\"https:\/\/www.welovecycling.com\/pl\/author\/piotrboczkowski\/\"}]}<\/script>\n<!-- \/ Yoast SEO Premium plugin. -->","yoast_head_json":{"title":"Czes\u0142aw Lang do \u015bwiatowego kolarstwa wjecha\u0142 rowerem swojej mamy - \u0160koda We Love Cycling - Poland","robots":{"index":"index","follow":"follow","max-snippet":"max-snippet:-1","max-image-preview":"max-image-preview:large","max-video-preview":"max-video-preview:-1"},"canonical":"https:\/\/www.welovecycling.com\/pl\/2017\/11\/15\/czeslaw-lang-swiatowego-kolarstwa-wjechal-rowerem-swojej\/","og_locale":"pl_PL","og_type":"article","og_title":"Czes\u0142aw Lang do \u015bwiatowego kolarstwa wjecha\u0142 rowerem swojej mamy","og_description":"Wicemistrz olimpijski, pierwszy zawodowiec, wielki propagator kolarstwa. W debiutanckim \u00a0wy\u015bcigu wystartowa\u0142 na rowerze marki Ukraina, a na Tour de France [&hellip;]","og_url":"https:\/\/www.welovecycling.com\/pl\/2017\/11\/15\/czeslaw-lang-swiatowego-kolarstwa-wjechal-rowerem-swojej\/","og_site_name":"\u0160koda We Love Cycling - Poland","article_published_time":"2017-11-15T18:15:22+00:00","article_modified_time":"2017-11-17T14:15:54+00:00","og_image":[{"width":1024,"height":681,"url":"https:\/\/d2p6e6u75xmxt8.cloudfront.net\/5\/2017\/11\/GRU_1802-1024x681.jpg","type":"image\/jpeg"}],"author":"piotrboczkowski","twitter_card":"summary_large_image","twitter_misc":{"Written by":"WeLoveCycling","Est. reading time":"7 minutes"},"schema":{"@context":"https:\/\/schema.org","@graph":[{"@type":"WebPage","@id":"https:\/\/www.welovecycling.com\/pl\/2017\/11\/15\/czeslaw-lang-swiatowego-kolarstwa-wjechal-rowerem-swojej\/","url":"https:\/\/www.welovecycling.com\/pl\/2017\/11\/15\/czeslaw-lang-swiatowego-kolarstwa-wjechal-rowerem-swojej\/","name":"Czes\u0142aw Lang do \u015bwiatowego kolarstwa wjecha\u0142 rowerem swojej mamy - \u0160koda We Love Cycling - Poland","isPartOf":{"@id":"https:\/\/www.welovecycling.com\/pl\/#website"},"primaryImageOfPage":{"@id":"https:\/\/www.welovecycling.com\/pl\/2017\/11\/15\/czeslaw-lang-swiatowego-kolarstwa-wjechal-rowerem-swojej\/#primaryimage"},"image":{"@id":"https:\/\/www.welovecycling.com\/pl\/2017\/11\/15\/czeslaw-lang-swiatowego-kolarstwa-wjechal-rowerem-swojej\/#primaryimage"},"thumbnailUrl":"https:\/\/d2p6e6u75xmxt8.cloudfront.net\/5\/2017\/11\/GRU_1802.jpg","datePublished":"2017-11-15T18:15:22+00:00","dateModified":"2017-11-17T14:15:54+00:00","author":{"@id":"https:\/\/www.welovecycling.com\/pl\/#\/schema\/person\/0dba2d39da943db9df3fd8f4687e7f23"},"breadcrumb":{"@id":"https:\/\/www.welovecycling.com\/pl\/2017\/11\/15\/czeslaw-lang-swiatowego-kolarstwa-wjechal-rowerem-swojej\/#breadcrumb"},"inLanguage":"pl-PL","potentialAction":[{"@type":"ReadAction","target":["https:\/\/www.welovecycling.com\/pl\/2017\/11\/15\/czeslaw-lang-swiatowego-kolarstwa-wjechal-rowerem-swojej\/"]}]},{"@type":"ImageObject","inLanguage":"pl-PL","@id":"https:\/\/www.welovecycling.com\/pl\/2017\/11\/15\/czeslaw-lang-swiatowego-kolarstwa-wjechal-rowerem-swojej\/#primaryimage","url":"https:\/\/d2p6e6u75xmxt8.cloudfront.net\/5\/2017\/11\/GRU_1802.jpg","contentUrl":"https:\/\/d2p6e6u75xmxt8.cloudfront.net\/5\/2017\/11\/GRU_1802.jpg","width":3662,"height":2437},{"@type":"BreadcrumbList","@id":"https:\/\/www.welovecycling.com\/pl\/2017\/11\/15\/czeslaw-lang-swiatowego-kolarstwa-wjechal-rowerem-swojej\/#breadcrumb","itemListElement":[{"@type":"ListItem","position":1,"name":"Home","item":"https:\/\/www.welovecycling.com\/pl\/"},{"@type":"ListItem","position":2,"name":"Czes\u0142aw Lang do \u015bwiatowego kolarstwa wjecha\u0142 rowerem swojej mamy"}]},{"@type":"WebSite","@id":"https:\/\/www.welovecycling.com\/pl\/#website","url":"https:\/\/www.welovecycling.com\/pl\/","name":"\u0160koda We Love Cycling - Poland","description":"","potentialAction":[{"@type":"SearchAction","target":{"@type":"EntryPoint","urlTemplate":"https:\/\/www.welovecycling.com\/pl\/?s={search_term_string}"},"query-input":{"@type":"PropertyValueSpecification","valueRequired":true,"valueName":"search_term_string"}}],"inLanguage":"pl-PL"},{"@type":"Person","@id":"https:\/\/www.welovecycling.com\/pl\/#\/schema\/person\/0dba2d39da943db9df3fd8f4687e7f23","name":"piotrboczkowski","image":{"@type":"ImageObject","inLanguage":"pl-PL","@id":"https:\/\/www.welovecycling.com\/pl\/#\/schema\/person\/image\/","url":"https:\/\/secure.gravatar.com\/avatar\/533caccae14752e03a2ce2d3fd62d1b98b93e1393c3195c27819e53344ca1ace?s=96&d=mm&r=g","contentUrl":"https:\/\/secure.gravatar.com\/avatar\/533caccae14752e03a2ce2d3fd62d1b98b93e1393c3195c27819e53344ca1ace?s=96&d=mm&r=g","caption":"piotrboczkowski"},"url":"https:\/\/www.welovecycling.com\/pl\/author\/piotrboczkowski\/"}]}},"_links":{"self":[{"href":"https:\/\/www.welovecycling.com\/pl\/wp-json\/wp\/v2\/posts\/5951","targetHints":{"allow":["GET"]}}],"collection":[{"href":"https:\/\/www.welovecycling.com\/pl\/wp-json\/wp\/v2\/posts"}],"about":[{"href":"https:\/\/www.welovecycling.com\/pl\/wp-json\/wp\/v2\/types\/post"}],"author":[{"embeddable":true,"href":"https:\/\/www.welovecycling.com\/pl\/wp-json\/wp\/v2\/users\/76"}],"replies":[{"embeddable":true,"href":"https:\/\/www.welovecycling.com\/pl\/wp-json\/wp\/v2\/comments?post=5951"}],"version-history":[{"count":2,"href":"https:\/\/www.welovecycling.com\/pl\/wp-json\/wp\/v2\/posts\/5951\/revisions"}],"predecessor-version":[{"id":5970,"href":"https:\/\/www.welovecycling.com\/pl\/wp-json\/wp\/v2\/posts\/5951\/revisions\/5970"}],"wp:featuredmedia":[{"embeddable":true,"href":"https:\/\/www.welovecycling.com\/pl\/wp-json\/wp\/v2\/media\/5952"}],"wp:attachment":[{"href":"https:\/\/www.welovecycling.com\/pl\/wp-json\/wp\/v2\/media?parent=5951"}],"wp:term":[{"taxonomy":"category","embeddable":true,"href":"https:\/\/www.welovecycling.com\/pl\/wp-json\/wp\/v2\/categories?post=5951"},{"taxonomy":"post_tag","embeddable":true,"href":"https:\/\/www.welovecycling.com\/pl\/wp-json\/wp\/v2\/tags?post=5951"},{"taxonomy":"global-categories","embeddable":true,"href":"https:\/\/www.welovecycling.com\/pl\/wp-json\/wp\/v2\/global-categories?post=5951"}],"curies":[{"name":"wp","href":"https:\/\/api.w.org\/{rel}","templated":true}]}}