{"id":5892,"date":"2017-11-03T22:45:51","date_gmt":"2017-11-03T22:45:51","guid":{"rendered":"https:\/\/www.welovecycling.com\/pl\/?p=5892"},"modified":"2017-11-06T11:35:49","modified_gmt":"2017-11-06T11:35:49","slug":"bezrobotni-pojechali-tour-de-france-etap-trwal-poltorej-doby","status":"publish","type":"post","link":"https:\/\/www.welovecycling.com\/pl\/2017\/11\/03\/bezrobotni-pojechali-tour-de-france-etap-trwal-poltorej-doby\/","title":{"rendered":"Bezrobotni pojechali w Tour de France. Etap trwa\u0142 p\u00f3\u0142torej doby!"},"content":{"rendered":"<p><span style=\"font-weight: 400;\">Niekt\u00f3rzy wystartowali dla kilku funt\u00f3w, zwyci\u0119zca mia\u0142 blisko trzy godziny przewagi, a do mety dotar\u0142a mniej ni\u017c po\u0142owa zawodnik\u00f3w. Tak rodzi\u0142 si\u0119 Tour de France, najwi\u0119kszy wy\u015bcig \u015bwiata.<\/span><\/p>\n<p><span style=\"font-weight: 400;\">Pierwszy komputer wa\u017cy\u0142 30 ton, dzi\u015b laptop to jakie\u015b dwa kilogramy. Pierwszy samoch\u00f3d je\u017adzi\u0142 z pr\u0119dko\u015bci\u0105 16 km\/h, dzi\u015b mo\u017cna mkn\u0105\u0107 ponad 300 km\/h. Pierwszy lot samolotem trwa\u0142 12 sekund, dzi\u015b wielogodzinne podr\u00f3\u017ce to norma. Zdziwieni? To zobaczcie, jak zmienia\u0142 si\u0119 Tour de France.<\/span><\/p>\n<p><span style=\"font-weight: 400;\">Na pierwszy planowany wy\u015bcig w 1903 r. zg\u0142osi\u0142o si\u0119 15 zawodnik\u00f3w, a dzi\u015b o wyst\u0119pie marz\u0105 setki tysi\u0119cy kolarzy. W\u00f3wczas najkr\u00f3tszy etap liczy\u0142 268 km, a podczas Tour de France 2018 zawodnicy b\u0119d\u0105 \u015bcigali si\u0119 na trasie cztery razy kr\u00f3tszej (65 km). Do tego inny sprz\u0119t, zainteresowanie, promocja. Po prostu inny \u015bwiat. \u015awiat, kt\u00f3ry narodzi\u0142 si\u0119 114 lat temu i to w niesamowitych okoliczno\u015bciach. <\/span><\/p>\n<p><b>Strza\u0142 w dziesi\u0105tk\u0119 <\/b><\/p>\n<p><span style=\"font-weight: 400;\">Za stworzeniem Tour de France stoi ekscentryczny Henri Desgrange, by\u0142y kolarz i dziennikarz. Pomys\u0142 zrodzi\u0142 si\u0119 pod koniec 1902 r., a ju\u017c kilka miesi\u0119cy p\u00f3\u017aniej zawodnicy stali na starcie.<\/span><\/p>\n<p><span style=\"font-weight: 400;\">Ale lekko i przyjemnie by\u0142o tylko teoretycznie, bo z pocz\u0105tku Desgrange chcia\u0142, by wy\u015bcig trwa\u0142 a\u017c pi\u0119\u0107 tygodni, a op\u0142ata startowa wynosi\u0142a 20 frank\u00f3w. Zawodnikom taki uk\u0142ad niespecjalnie si\u0119 spodoba\u0142 i na tydzie\u0144 przed rozpocz\u0119ciem ch\u0119tnych by\u0142o tylko 15 os\u00f3b, co dla organizatora zwiastowa\u0142o pora\u017ck\u0119.<\/span><\/p>\n<p><span style=\"font-weight: 400;\">Desgrange zrobi\u0142 wi\u0119c drugie podej\u015bcie \u2013 skr\u00f3ci\u0142 wy\u015bcig do 19 dni, co ju\u017c zaczyna\u0142o przypomina\u0107 dzisiejszy, trwaj\u0105cy trzy tygodnie Tour de France. Podobne by\u0142y te\u017c daty, bo w\u00f3wczas pierwsza Wielka P\u0119tla te\u017c zacz\u0119\u0142a si\u0119 w lipcu.<\/span><\/p>\n<p><span style=\"font-weight: 400;\">Do tego dyrektor generalny zacz\u0105\u0142 kusi\u0107 zawodnik\u00f3w pieni\u0119dzmi. Obni\u017cy\u0142 wpisowe o po\u0142ow\u0119, ka\u017cdemu kolarzowi, kt\u00f3ry uko\u0144czy\u0142 etap w \u201e50\u201d wyp\u0142aca\u0142 r\u00f3wnowarto\u015b\u0107 dni\u00f3wki w fabryce, a zwyci\u0119zcy zaoferowa\u0142 3 tys. frank\u00f3w.<\/span><\/p>\n<p><span style=\"font-weight: 400;\">I to by\u0142 strza\u0142 w dziesi\u0105tk\u0119. Liczba ch\u0119tnych podskoczy\u0142a do blisko 80, z kt\u00f3rych ostatecznie wystartowa\u0142o 60. Byli w\u015br\u00f3d nich zar\u00f3wno uznani zawodnicy (w tamtych czasach trudno jeszcze m\u00f3wi\u0107 o zawodowcach pe\u0142n\u0105 g\u0119b\u0105), jak i bezrobotni, kt\u00f3rzy w taki spos\u00f3b pr\u00f3bowali dorobi\u0107. W zdecydowanej wi\u0119kszo\u015bci byli to Francuzi, kt\u00f3rych wystartowa\u0142o 46.<\/span><\/p>\n<p><b>W poszukiwaniu \u015blusarza<\/b><\/p>\n<p><span style=\"font-weight: 400;\">Dyrektor Desgrange by\u0142 zwolennikiem d\u0142ugich etap\u00f3w, kt\u00f3re by\u0142y w stanie do granic sprawdzi\u0107 ludzk\u0105 wytrzyma\u0142o\u015b\u0107. Co wi\u0119cej, podczas wy\u015bcigu ukradkiem podgl\u0105da\u0142 zawodnik\u00f3w, czy kt\u00f3ry\u015b z nich nie oszukuje lub nie skraca sobie drogi. Wysi\u0142ek musia\u0142 by\u0107 i to ekstremalny.<\/span><\/p>\n<p><span style=\"font-weight: 400;\">Podczas sze\u015bciu etap\u00f3w zawodnicy mieli zrobi\u0107 pot\u0119\u017cne, licz\u0105ce ponad 2 tys. km, ko\u0142o po Francji. U\u015bredniaj\u0105c \u2013 musieli przejecha\u0107 jakie\u015b 400 km dziennie, podczas gdy na Tour de France 2018 b\u0119dzie to oko\u0142o 150 km&#8230;<\/span><\/p>\n<p><span style=\"font-weight: 400;\">I mo\u017ce r\u00f3\u017cnica nie jest ogromna, ale nie zapominajmy jak w\u00f3wczas wygl\u0105da\u0142o kolarstwo. Dzi\u015b zawodnicy s\u0105 zawodowcami wspieranymi profesjonalnym teamem, z zapleczem oraz ultranowoczesnymi rowerami, tymczasem 114 lat temu przemieszczali si\u0119 ci\u0119\u017ckimi, niewygodnymi dwuko\u0142owcami. Pierwsze prze\u0142o\u017cenia dopiero wchodzi\u0142y do powszechnego u\u017cytku, a w razie awarii nie bra\u0142o si\u0119 nowego roweru z dachu samochodu, tylko cz\u0119sto szuka\u0142o si\u0119 najbli\u017cszej\u2026 ku\u017ani czy \u015blusarza. To nie r\u00f3\u017cnica, ale przepa\u015b\u0107.<\/span><\/p>\n<p><b>Meta Tour de France o 9 rano<\/b><\/p>\n<p><span style=\"font-weight: 400;\">Zawodnicy wystartowali 1 lipca spod kawiarni Reveil-Matin znajduj\u0105cej si\u0119 w podparyskiej miejscowo\u015bci Montgeron. Sta\u0142o si\u0119 to dok\u0142adnie o 15:16.<\/span><\/p>\n<p><span style=\"font-weight: 400;\">Pierwszy w historii etap Tour de France zaczyna\u0142 si\u0119 pod Pary\u017cem, a ko\u0144czy\u0142 w Lyonie, czyli 467 km dalej! Dzi\u015b takie trasy s\u0105 niewyobra\u017calne, bo podczas Tour de France 2018 najd\u0142u\u017cszy przejazd b\u0119dzie dwa razy kr\u00f3tszy (231 km). Jaki by\u0142 efekt? Zwyci\u0119zca na mecie zameldowa\u0142 si\u0119\u2026 o 9 rano, czyli po 18 godzinach jazdy. Dzi\u015b w tym czasie zawodnicy pokonuj\u0105 nie jeden, a trzy &#8211; cztery etapy. A jakby tego by\u0142o ma\u0142o, to tego dnia wy\u015bcig zako\u0144czy\u0142 si\u0119 po\u2026 p\u00f3\u0142torej doby, bo tyle czasu zaj\u0119\u0142o przejechanie go ostatniemu zawodnikowi!<\/span><\/p>\n<p><span style=\"font-weight: 400;\">Z Lyonu zawodnicy pojechali do Marsylii (374 km), nast\u0119pnie do Tuluzy (423), Bordeaux (268), Nantes (425) i Pary\u017ca (471). Sze\u015b\u0107 etap\u00f3w, a mi\u0119dzy ka\u017cdym by\u0142o od dnia do czterech przerwy. \u0141\u0105cznie podczas Tour de France 1903 kolarze pokonali 2 428 km.<\/span><\/p>\n<p><span style=\"font-weight: 400;\">Wszystkie etapy uko\u0144czy\u0142o tylko 21 zawodnik\u00f3w. Trzy z nich wygra\u0142 Francuz Maurice Garin, dwa jego rodak Hippolyte Aucouturier, a jeden Szwajcar \u00a0Charles Laeser. Od pocz\u0105tku do ko\u0144ca liderem klasyfikacji generalnej by\u0142 Garin, kt\u00f3ry wygra\u0142 historyczny Tour de France z zapasem blisko 3 godzin. Dla por\u00f3wnania Chris Froome w lipcu triumfowa\u0142 z\u2026 54 sekundami przewagi.<\/span><\/p>\n","protected":false},"excerpt":{"rendered":"<p>Niekt\u00f3rzy wystartowali dla kilku funt\u00f3w, zwyci\u0119zca mia\u0142 blisko trzy godziny przewagi, a do mety dotar\u0142a mniej ni\u017c po\u0142owa zawodnik\u00f3w. Tak [&hellip;]<\/p>\n","protected":false},"author":76,"featured_media":5893,"comment_status":"open","ping_status":"open","sticky":false,"template":"","format":"standard","meta":{"footnotes":""},"categories":[1],"tags":[30,77,82],"global-categories":[],"class_list":["post-5892","post","type-post","status-publish","format-standard","has-post-thumbnail","hentry","category-uncategorized","tag-historia","tag-tour-de-france","tag-welovecycling"],"yoast_head":"<!-- This site is optimized with the Yoast SEO Premium plugin v25.3 (Yoast SEO v25.9) - https:\/\/yoast.com\/wordpress\/plugins\/seo\/ -->\n<title>Bezrobotni pojechali w Tour de France. Etap trwa\u0142 p\u00f3\u0142torej doby! - \u0160koda We Love Cycling - Poland<\/title>\n<meta name=\"robots\" content=\"index, follow, max-snippet:-1, max-image-preview:large, max-video-preview:-1\" \/>\n<link rel=\"canonical\" href=\"https:\/\/www.welovecycling.com\/pl\/2017\/11\/03\/bezrobotni-pojechali-tour-de-france-etap-trwal-poltorej-doby\/\" \/>\n<meta property=\"og:locale\" content=\"pl_PL\" \/>\n<meta property=\"og:type\" content=\"article\" \/>\n<meta property=\"og:title\" content=\"Bezrobotni pojechali w Tour de France. Etap trwa\u0142 p\u00f3\u0142torej doby!\" \/>\n<meta property=\"og:description\" content=\"Niekt\u00f3rzy wystartowali dla kilku funt\u00f3w, zwyci\u0119zca mia\u0142 blisko trzy godziny przewagi, a do mety dotar\u0142a mniej ni\u017c po\u0142owa zawodnik\u00f3w. Tak [&hellip;]\" \/>\n<meta property=\"og:url\" content=\"https:\/\/www.welovecycling.com\/pl\/2017\/11\/03\/bezrobotni-pojechali-tour-de-france-etap-trwal-poltorej-doby\/\" \/>\n<meta property=\"og:site_name\" content=\"\u0160koda We Love Cycling - Poland\" \/>\n<meta property=\"article:published_time\" content=\"2017-11-03T22:45:51+00:00\" \/>\n<meta property=\"article:modified_time\" content=\"2017-11-06T11:35:49+00:00\" \/>\n<meta property=\"og:image\" content=\"https:\/\/d2p6e6u75xmxt8.cloudfront.net\/5\/2017\/11\/2.jpg\" \/>\n\t<meta property=\"og:image:width\" content=\"850\" \/>\n\t<meta property=\"og:image:height\" content=\"592\" \/>\n\t<meta property=\"og:image:type\" content=\"image\/jpeg\" \/>\n<meta name=\"author\" content=\"piotrboczkowski\" \/>\n<meta name=\"twitter:card\" content=\"summary_large_image\" \/>\n<meta name=\"twitter:label1\" content=\"Written by\" \/>\n\t<meta name=\"twitter:data1\" content=\"WeLoveCycling\" \/>\n\t<meta name=\"twitter:label2\" content=\"Est. reading time\" \/>\n\t<meta name=\"twitter:data2\" content=\"4 minutes\" \/>\n<script type=\"application\/ld+json\" class=\"yoast-schema-graph\">{\"@context\":\"https:\/\/schema.org\",\"@graph\":[{\"@type\":\"WebPage\",\"@id\":\"https:\/\/www.welovecycling.com\/pl\/2017\/11\/03\/bezrobotni-pojechali-tour-de-france-etap-trwal-poltorej-doby\/\",\"url\":\"https:\/\/www.welovecycling.com\/pl\/2017\/11\/03\/bezrobotni-pojechali-tour-de-france-etap-trwal-poltorej-doby\/\",\"name\":\"Bezrobotni pojechali w Tour de France. Etap trwa\u0142 p\u00f3\u0142torej doby! - \u0160koda We Love Cycling - Poland\",\"isPartOf\":{\"@id\":\"https:\/\/www.welovecycling.com\/pl\/#website\"},\"primaryImageOfPage\":{\"@id\":\"https:\/\/www.welovecycling.com\/pl\/2017\/11\/03\/bezrobotni-pojechali-tour-de-france-etap-trwal-poltorej-doby\/#primaryimage\"},\"image\":{\"@id\":\"https:\/\/www.welovecycling.com\/pl\/2017\/11\/03\/bezrobotni-pojechali-tour-de-france-etap-trwal-poltorej-doby\/#primaryimage\"},\"thumbnailUrl\":\"https:\/\/d2p6e6u75xmxt8.cloudfront.net\/5\/2017\/11\/2.jpg\",\"datePublished\":\"2017-11-03T22:45:51+00:00\",\"dateModified\":\"2017-11-06T11:35:49+00:00\",\"author\":{\"@id\":\"https:\/\/www.welovecycling.com\/pl\/#\/schema\/person\/0dba2d39da943db9df3fd8f4687e7f23\"},\"breadcrumb\":{\"@id\":\"https:\/\/www.welovecycling.com\/pl\/2017\/11\/03\/bezrobotni-pojechali-tour-de-france-etap-trwal-poltorej-doby\/#breadcrumb\"},\"inLanguage\":\"pl-PL\",\"potentialAction\":[{\"@type\":\"ReadAction\",\"target\":[\"https:\/\/www.welovecycling.com\/pl\/2017\/11\/03\/bezrobotni-pojechali-tour-de-france-etap-trwal-poltorej-doby\/\"]}]},{\"@type\":\"ImageObject\",\"inLanguage\":\"pl-PL\",\"@id\":\"https:\/\/www.welovecycling.com\/pl\/2017\/11\/03\/bezrobotni-pojechali-tour-de-france-etap-trwal-poltorej-doby\/#primaryimage\",\"url\":\"https:\/\/d2p6e6u75xmxt8.cloudfront.net\/5\/2017\/11\/2.jpg\",\"contentUrl\":\"https:\/\/d2p6e6u75xmxt8.cloudfront.net\/5\/2017\/11\/2.jpg\",\"width\":850,\"height\":592,\"caption\":\"S. 157: Die erste Fahrt \u009fber den Mont Ventoux 1951, Lazarid\u008fs + Bartali\"},{\"@type\":\"BreadcrumbList\",\"@id\":\"https:\/\/www.welovecycling.com\/pl\/2017\/11\/03\/bezrobotni-pojechali-tour-de-france-etap-trwal-poltorej-doby\/#breadcrumb\",\"itemListElement\":[{\"@type\":\"ListItem\",\"position\":1,\"name\":\"Home\",\"item\":\"https:\/\/www.welovecycling.com\/pl\/\"},{\"@type\":\"ListItem\",\"position\":2,\"name\":\"Bezrobotni pojechali w Tour de France. Etap trwa\u0142 p\u00f3\u0142torej doby!\"}]},{\"@type\":\"WebSite\",\"@id\":\"https:\/\/www.welovecycling.com\/pl\/#website\",\"url\":\"https:\/\/www.welovecycling.com\/pl\/\",\"name\":\"\u0160koda We Love Cycling - Poland\",\"description\":\"\",\"potentialAction\":[{\"@type\":\"SearchAction\",\"target\":{\"@type\":\"EntryPoint\",\"urlTemplate\":\"https:\/\/www.welovecycling.com\/pl\/?s={search_term_string}\"},\"query-input\":{\"@type\":\"PropertyValueSpecification\",\"valueRequired\":true,\"valueName\":\"search_term_string\"}}],\"inLanguage\":\"pl-PL\"},{\"@type\":\"Person\",\"@id\":\"https:\/\/www.welovecycling.com\/pl\/#\/schema\/person\/0dba2d39da943db9df3fd8f4687e7f23\",\"name\":\"piotrboczkowski\",\"image\":{\"@type\":\"ImageObject\",\"inLanguage\":\"pl-PL\",\"@id\":\"https:\/\/www.welovecycling.com\/pl\/#\/schema\/person\/image\/\",\"url\":\"https:\/\/secure.gravatar.com\/avatar\/533caccae14752e03a2ce2d3fd62d1b98b93e1393c3195c27819e53344ca1ace?s=96&d=mm&r=g\",\"contentUrl\":\"https:\/\/secure.gravatar.com\/avatar\/533caccae14752e03a2ce2d3fd62d1b98b93e1393c3195c27819e53344ca1ace?s=96&d=mm&r=g\",\"caption\":\"piotrboczkowski\"},\"url\":\"https:\/\/www.welovecycling.com\/pl\/author\/piotrboczkowski\/\"}]}<\/script>\n<!-- \/ Yoast SEO Premium plugin. -->","yoast_head_json":{"title":"Bezrobotni pojechali w Tour de France. Etap trwa\u0142 p\u00f3\u0142torej doby! - \u0160koda We Love Cycling - Poland","robots":{"index":"index","follow":"follow","max-snippet":"max-snippet:-1","max-image-preview":"max-image-preview:large","max-video-preview":"max-video-preview:-1"},"canonical":"https:\/\/www.welovecycling.com\/pl\/2017\/11\/03\/bezrobotni-pojechali-tour-de-france-etap-trwal-poltorej-doby\/","og_locale":"pl_PL","og_type":"article","og_title":"Bezrobotni pojechali w Tour de France. Etap trwa\u0142 p\u00f3\u0142torej doby!","og_description":"Niekt\u00f3rzy wystartowali dla kilku funt\u00f3w, zwyci\u0119zca mia\u0142 blisko trzy godziny przewagi, a do mety dotar\u0142a mniej ni\u017c po\u0142owa zawodnik\u00f3w. Tak [&hellip;]","og_url":"https:\/\/www.welovecycling.com\/pl\/2017\/11\/03\/bezrobotni-pojechali-tour-de-france-etap-trwal-poltorej-doby\/","og_site_name":"\u0160koda We Love Cycling - Poland","article_published_time":"2017-11-03T22:45:51+00:00","article_modified_time":"2017-11-06T11:35:49+00:00","og_image":[{"width":850,"height":592,"url":"https:\/\/d2p6e6u75xmxt8.cloudfront.net\/5\/2017\/11\/2.jpg","type":"image\/jpeg"}],"author":"piotrboczkowski","twitter_card":"summary_large_image","twitter_misc":{"Written by":"WeLoveCycling","Est. reading time":"4 minutes"},"schema":{"@context":"https:\/\/schema.org","@graph":[{"@type":"WebPage","@id":"https:\/\/www.welovecycling.com\/pl\/2017\/11\/03\/bezrobotni-pojechali-tour-de-france-etap-trwal-poltorej-doby\/","url":"https:\/\/www.welovecycling.com\/pl\/2017\/11\/03\/bezrobotni-pojechali-tour-de-france-etap-trwal-poltorej-doby\/","name":"Bezrobotni pojechali w Tour de France. Etap trwa\u0142 p\u00f3\u0142torej doby! - \u0160koda We Love Cycling - Poland","isPartOf":{"@id":"https:\/\/www.welovecycling.com\/pl\/#website"},"primaryImageOfPage":{"@id":"https:\/\/www.welovecycling.com\/pl\/2017\/11\/03\/bezrobotni-pojechali-tour-de-france-etap-trwal-poltorej-doby\/#primaryimage"},"image":{"@id":"https:\/\/www.welovecycling.com\/pl\/2017\/11\/03\/bezrobotni-pojechali-tour-de-france-etap-trwal-poltorej-doby\/#primaryimage"},"thumbnailUrl":"https:\/\/d2p6e6u75xmxt8.cloudfront.net\/5\/2017\/11\/2.jpg","datePublished":"2017-11-03T22:45:51+00:00","dateModified":"2017-11-06T11:35:49+00:00","author":{"@id":"https:\/\/www.welovecycling.com\/pl\/#\/schema\/person\/0dba2d39da943db9df3fd8f4687e7f23"},"breadcrumb":{"@id":"https:\/\/www.welovecycling.com\/pl\/2017\/11\/03\/bezrobotni-pojechali-tour-de-france-etap-trwal-poltorej-doby\/#breadcrumb"},"inLanguage":"pl-PL","potentialAction":[{"@type":"ReadAction","target":["https:\/\/www.welovecycling.com\/pl\/2017\/11\/03\/bezrobotni-pojechali-tour-de-france-etap-trwal-poltorej-doby\/"]}]},{"@type":"ImageObject","inLanguage":"pl-PL","@id":"https:\/\/www.welovecycling.com\/pl\/2017\/11\/03\/bezrobotni-pojechali-tour-de-france-etap-trwal-poltorej-doby\/#primaryimage","url":"https:\/\/d2p6e6u75xmxt8.cloudfront.net\/5\/2017\/11\/2.jpg","contentUrl":"https:\/\/d2p6e6u75xmxt8.cloudfront.net\/5\/2017\/11\/2.jpg","width":850,"height":592,"caption":"S. 157: Die erste Fahrt \u009fber den Mont Ventoux 1951, Lazarid\u008fs + Bartali"},{"@type":"BreadcrumbList","@id":"https:\/\/www.welovecycling.com\/pl\/2017\/11\/03\/bezrobotni-pojechali-tour-de-france-etap-trwal-poltorej-doby\/#breadcrumb","itemListElement":[{"@type":"ListItem","position":1,"name":"Home","item":"https:\/\/www.welovecycling.com\/pl\/"},{"@type":"ListItem","position":2,"name":"Bezrobotni pojechali w Tour de France. Etap trwa\u0142 p\u00f3\u0142torej doby!"}]},{"@type":"WebSite","@id":"https:\/\/www.welovecycling.com\/pl\/#website","url":"https:\/\/www.welovecycling.com\/pl\/","name":"\u0160koda We Love Cycling - Poland","description":"","potentialAction":[{"@type":"SearchAction","target":{"@type":"EntryPoint","urlTemplate":"https:\/\/www.welovecycling.com\/pl\/?s={search_term_string}"},"query-input":{"@type":"PropertyValueSpecification","valueRequired":true,"valueName":"search_term_string"}}],"inLanguage":"pl-PL"},{"@type":"Person","@id":"https:\/\/www.welovecycling.com\/pl\/#\/schema\/person\/0dba2d39da943db9df3fd8f4687e7f23","name":"piotrboczkowski","image":{"@type":"ImageObject","inLanguage":"pl-PL","@id":"https:\/\/www.welovecycling.com\/pl\/#\/schema\/person\/image\/","url":"https:\/\/secure.gravatar.com\/avatar\/533caccae14752e03a2ce2d3fd62d1b98b93e1393c3195c27819e53344ca1ace?s=96&d=mm&r=g","contentUrl":"https:\/\/secure.gravatar.com\/avatar\/533caccae14752e03a2ce2d3fd62d1b98b93e1393c3195c27819e53344ca1ace?s=96&d=mm&r=g","caption":"piotrboczkowski"},"url":"https:\/\/www.welovecycling.com\/pl\/author\/piotrboczkowski\/"}]}},"_links":{"self":[{"href":"https:\/\/www.welovecycling.com\/pl\/wp-json\/wp\/v2\/posts\/5892","targetHints":{"allow":["GET"]}}],"collection":[{"href":"https:\/\/www.welovecycling.com\/pl\/wp-json\/wp\/v2\/posts"}],"about":[{"href":"https:\/\/www.welovecycling.com\/pl\/wp-json\/wp\/v2\/types\/post"}],"author":[{"embeddable":true,"href":"https:\/\/www.welovecycling.com\/pl\/wp-json\/wp\/v2\/users\/76"}],"replies":[{"embeddable":true,"href":"https:\/\/www.welovecycling.com\/pl\/wp-json\/wp\/v2\/comments?post=5892"}],"version-history":[{"count":2,"href":"https:\/\/www.welovecycling.com\/pl\/wp-json\/wp\/v2\/posts\/5892\/revisions"}],"predecessor-version":[{"id":5896,"href":"https:\/\/www.welovecycling.com\/pl\/wp-json\/wp\/v2\/posts\/5892\/revisions\/5896"}],"wp:featuredmedia":[{"embeddable":true,"href":"https:\/\/www.welovecycling.com\/pl\/wp-json\/wp\/v2\/media\/5893"}],"wp:attachment":[{"href":"https:\/\/www.welovecycling.com\/pl\/wp-json\/wp\/v2\/media?parent=5892"}],"wp:term":[{"taxonomy":"category","embeddable":true,"href":"https:\/\/www.welovecycling.com\/pl\/wp-json\/wp\/v2\/categories?post=5892"},{"taxonomy":"post_tag","embeddable":true,"href":"https:\/\/www.welovecycling.com\/pl\/wp-json\/wp\/v2\/tags?post=5892"},{"taxonomy":"global-categories","embeddable":true,"href":"https:\/\/www.welovecycling.com\/pl\/wp-json\/wp\/v2\/global-categories?post=5892"}],"curies":[{"name":"wp","href":"https:\/\/api.w.org\/{rel}","templated":true}]}}