{"id":5848,"date":"2017-10-30T08:42:12","date_gmt":"2017-10-30T08:42:12","guid":{"rendered":"https:\/\/www.welovecycling.com\/pl\/?p=5848"},"modified":"2017-11-02T15:49:09","modified_gmt":"2017-11-02T15:49:09","slug":"sa-prawdziwe-najbardziej-szalone-rekordy-kolarskie-strava","status":"publish","type":"post","link":"https:\/\/www.welovecycling.com\/pl\/2017\/10\/30\/sa-prawdziwe-najbardziej-szalone-rekordy-kolarskie-strava\/","title":{"rendered":"Czy s\u0105 prawdziwe? Najbardziej szalone rekordy kolarskie STRAVA"},"content":{"rendered":"<p><strong>Aplikacja do \u015bledzenia aktywno\u015bci STRAVA zyskuje coraz wi\u0119ksz\u0105 popularno\u015b\u0107 w\u015br\u00f3d u\u017cytkownik\u00f3w. Nic dziwnego &#8211; konkurowanie z dziesi\u0105tkami tysi\u0119cy sportowc\u00f3w z ca\u0142ego \u015bwiata w czasie rzeczywistym jest kusz\u0105ce. Przynajmniej przez chwil\u0119. To najbardziej uwodzicielski aspekt tej bazy danych wynik\u00f3w \u2013 zbieranie wirtualnych tytu\u0142\u00f3w, takich jak King\/Queen of the Mountain, i innych osi\u0105gni\u0119\u0107 oraz por\u00f3wnywania si\u0119 z innymi kolarzami.<\/strong><br \/>\n<!--more--><\/p>\n<p><span style=\"font-weight: 400;\">STRAVA oznacza po szwedzku \u201ed\u0105\u017cy\u0107\u201d i musimy zrobi\u0107 tajemnicze wyznanie. Obecnie ekipa We Love Cycling tak\u017ce stara si\u0119 pobi\u0107 pewien wyj\u0105tkowo ekstremalny rekord STRAVA, ale nie mo\u017cemy jeszcze ujawni\u0107, co to jest i gdzie. Nie martwcie si\u0119, wkr\u00f3tce podamy wi\u0119cej informacji. Na razie mo\u017cecie zapozna\u0107 si\u0119 z nasz\u0105 list\u0105 szale\u0144c\u00f3w, kt\u00f3rzy porwali si\u0119 na niesamowite wyczyny.<\/span><\/p>\n<h2><strong>Mark Beaumont (Najszybsze okr\u0105\u017cenie \u015bwiata rowerem)<\/strong><strong><br \/>\n<\/strong><\/h2>\n<p><a href=\"https:\/\/d2p6e6u75xmxt8.cloudfront.net\/5\/2017\/10\/Mark-Beaumont-strava-route.jpg\"><img loading=\"lazy\" decoding=\"async\" class=\"alignnone size-full wp-image-5849\" src=\"https:\/\/d2p6e6u75xmxt8.cloudfront.net\/5\/2017\/10\/Mark-Beaumont-strava-route.jpg\" alt=\"\" width=\"1500\" height=\"1099\" srcset=\"https:\/\/d2p6e6u75xmxt8.cloudfront.net\/5\/2017\/10\/Mark-Beaumont-strava-route.jpg 1500w, https:\/\/d2p6e6u75xmxt8.cloudfront.net\/5\/2017\/10\/Mark-Beaumont-strava-route-300x220.jpg 300w, https:\/\/d2p6e6u75xmxt8.cloudfront.net\/5\/2017\/10\/Mark-Beaumont-strava-route-768x563.jpg 768w, https:\/\/d2p6e6u75xmxt8.cloudfront.net\/5\/2017\/10\/Mark-Beaumont-strava-route-1024x750.jpg 1024w\" sizes=\"auto, (max-width: 1500px) 100vw, 1500px\" \/><\/a><\/p>\n<p><span style=\"font-weight: 400;\">Rekord jest do\u015b\u0107 \u015bwie\u017cy i by\u0142 niepokonany w momencie pisania tego artyku\u0142u. Szkocki d\u0142ugodystansowiec i mi\u0142o\u015bnik przyg\u00f3d Mark Beaumont zdo\u0142a\u0142 uko\u0144czy\u0107 s\u0142ynn\u0105 podr\u00f3\u017c dooko\u0142a \u015bwiata w ci\u0105gu zaledwie 78 dni, 14 godzin i 40 minut, bij\u0105c wcze\u015bniejsze <a href=\"http:\/\/www.cyclingweekly.com\/news\/latest-news\/mark-beaumonts-amazing-round-world-cycle-record-strava-351742\">rekordy<\/a> o 45 dni, a tak\u017ce przypadkowo ustanawiaj\u0105c po drodze nowy rekord \u015bwiata na najd\u0142u\u017csz\u0105 odleg\u0142o\u015b\u0107 pokonan\u0105 na rowerze w ci\u0105gu miesi\u0105ca. Beaumont jecha\u0142 \u015brednio 240 mil (386 km) dziennie i ka\u017cdego dnia sp\u0119dzi\u0142 oko\u0142o 16 godzin w siode\u0142ku &#8211; spa\u0142 tylko po pi\u0119\u0107 godzin. Wielki finisz odby\u0142 si\u0119 18 wrze\u015bnia, gdy dotar\u0142 do \u0141uku Triumfalnego w Pary\u017cu i zosta\u0142 wpisany do Ksi\u0119gi rekord\u00f3w Guinnessa.<\/span><\/p>\n<p>STRAVA <a href=\"https:\/\/www.strava.com\/athletes\/8288853\">profil<\/a><\/p>\n<h2><strong>Amanda Coker (Najwi\u0119kszy dystans pokonany rowerem w ci\u0105gu roku)<\/strong><\/h2>\n<p><a href=\"https:\/\/d2p6e6u75xmxt8.cloudfront.net\/5\/2017\/10\/amanda-coker-feature.jpg\"><img loading=\"lazy\" decoding=\"async\" class=\"alignnone size-full wp-image-5851\" src=\"https:\/\/d2p6e6u75xmxt8.cloudfront.net\/5\/2017\/10\/amanda-coker-feature.jpg\" alt=\"\" width=\"1000\" height=\"636\" srcset=\"https:\/\/d2p6e6u75xmxt8.cloudfront.net\/5\/2017\/10\/amanda-coker-feature.jpg 1000w, https:\/\/d2p6e6u75xmxt8.cloudfront.net\/5\/2017\/10\/amanda-coker-feature-300x191.jpg 300w, https:\/\/d2p6e6u75xmxt8.cloudfront.net\/5\/2017\/10\/amanda-coker-feature-768x488.jpg 768w\" sizes=\"auto, (max-width: 1000px) 100vw, 1000px\" \/><\/a><\/p>\n<p><span style=\"font-weight: 400;\">Jest to zawodniczka o niesamowitej wytrzyma\u0142o\u015bci. Zaledwie 24-letnia Amanda je\u017adzi\u0142a na rowerze przez ca\u0142y rok, nie pomijaj\u0105c nawet jednego dnia, \u015brednio oko\u0142o 236,8 mil (381 km) dziennie. Wyznaczy\u0142a sobie<a href=\"https:\/\/www.bicycling.com\/rides\/records\/is-amanda-coker-for-real\/slide\/1\"> rekordowy cel<\/a>, aby odzyska\u0107 zdrowie po urazie m\u00f3zgu, a 365 dni i 86 tys. mil (138 403 km) p\u00f3\u017aniej zda\u0142a sobie spraw\u0119, \u017ce uda\u0142o si\u0119 go osi\u0105gn\u0105\u0107. Jej najd\u0142u\u017csza trasa pokonana w ci\u0105gu dnia wynosi\u0142a 302 mil (486 km), najkr\u00f3tsza &#8211; 55 mil (88,5 km), kiedy przejecha\u0142a przez huragan Hermine. Jej up\u00f3r op\u0142aci\u0142 si\u0119 \u2013 do\u0142\u0105czy\u0142a do galerii s\u0142aw rekord\u00f3w Guinnessa.<\/span><\/p>\n<p>STRAVA <a href=\"https:\/\/www.strava.com\/athletes\/10033054\">profil<\/a><\/p>\n<h2><strong>Torey Philipp (1 milion st\u00f3p podjazd\u00f3w w ci\u0105gu roku)<\/strong><\/h2>\n<p><a href=\"https:\/\/d2p6e6u75xmxt8.cloudfront.net\/5\/2017\/10\/20170125_PK_TOREY_0272.jpg\"><img loading=\"lazy\" decoding=\"async\" class=\"alignnone size-full wp-image-5853\" src=\"https:\/\/d2p6e6u75xmxt8.cloudfront.net\/5\/2017\/10\/20170125_PK_TOREY_0272.jpg\" alt=\"\" width=\"1140\" height=\"712\" srcset=\"https:\/\/d2p6e6u75xmxt8.cloudfront.net\/5\/2017\/10\/20170125_PK_TOREY_0272.jpg 1140w, https:\/\/d2p6e6u75xmxt8.cloudfront.net\/5\/2017\/10\/20170125_PK_TOREY_0272-300x187.jpg 300w, https:\/\/d2p6e6u75xmxt8.cloudfront.net\/5\/2017\/10\/20170125_PK_TOREY_0272-768x480.jpg 768w, https:\/\/d2p6e6u75xmxt8.cloudfront.net\/5\/2017\/10\/20170125_PK_TOREY_0272-1024x640.jpg 1024w\" sizes=\"auto, (max-width: 1140px) 100vw, 1140px\" \/><\/a><\/p>\n<p><span style=\"font-weight: 400;\">Torey nie tylko wygl\u0105da podobnie do Petera Sagana, ma tak\u017ce podobn\u0105 charyzm\u0119 i wewn\u0119trzn\u0105 si\u0142\u0119, kt\u00f3ra ka\u017ce mu si\u0119ga\u0107 po wi\u0119cej. Przewa\u017cnie trenuje na okolicznych wzg\u00f3rzach wok\u00f3\u0142 swojego rodzinnego miasta El Dorado w p\u00f3\u0142nocnej Kalifornii, a dopiero dwa tygodnie przed ko\u0144cem 2016 roku zda\u0142 sobie spraw\u0119, \u017ce brakuje mu tylko kilka kilometr\u00f3w do osi\u0105gni\u0119cia wysoko\u015bci podjazdu na poziomie 1 miliona st\u00f3p (304,8 km). Poprawi\u0142 wi\u0119c plan jazdy wraz ze swoim trenerem i, pomimo drobnych wypadk\u00f3w, zdo\u0142a\u0142 przezwyci\u0119\u017cy\u0107 przeciwno\u015bci losu i osi\u0105gn\u0105\u0107 cel. Przyzna\u0142 r\u00f3wnie\u017c, \u017ce sprawdzanie osi\u0105gni\u0119\u0107 innych os\u00f3b w STRAVA i por\u00f3wnywanie ich do siebie pomog\u0142o mu pokona\u0107 b\u00f3l i jecha\u0107 d\u0142u\u017cej. Kiedy nie wje\u017cd\u017ca non stop na wzg\u00f3rza, warzy w\u0142asne piwo. Fajnie co? <\/span><\/p>\n<p>STRAVA <a href=\"https:\/\/www.strava.com\/activities\/701844492\">profil<\/a><\/p>\n<h2><strong>Rebecca Rusch (Pierwsza kobieta, kt\u00f3ra zjecha\u0142a z Kilimand\u017caro na rowerze g\u00f3rskim)<\/strong><\/h2>\n<p><a href=\"https:\/\/d2p6e6u75xmxt8.cloudfront.net\/5\/2017\/10\/Rebecca-Rusch-Patrick-Sweeney-Mountain-Biking-Kilimanjaro.jpg\"><img loading=\"lazy\" decoding=\"async\" class=\"alignnone size-full wp-image-5855\" src=\"https:\/\/d2p6e6u75xmxt8.cloudfront.net\/5\/2017\/10\/Rebecca-Rusch-Patrick-Sweeney-Mountain-Biking-Kilimanjaro.jpg\" alt=\"\" width=\"1200\" height=\"900\" srcset=\"https:\/\/d2p6e6u75xmxt8.cloudfront.net\/5\/2017\/10\/Rebecca-Rusch-Patrick-Sweeney-Mountain-Biking-Kilimanjaro.jpg 1200w, https:\/\/d2p6e6u75xmxt8.cloudfront.net\/5\/2017\/10\/Rebecca-Rusch-Patrick-Sweeney-Mountain-Biking-Kilimanjaro-300x225.jpg 300w, https:\/\/d2p6e6u75xmxt8.cloudfront.net\/5\/2017\/10\/Rebecca-Rusch-Patrick-Sweeney-Mountain-Biking-Kilimanjaro-768x576.jpg 768w, https:\/\/d2p6e6u75xmxt8.cloudfront.net\/5\/2017\/10\/Rebecca-Rusch-Patrick-Sweeney-Mountain-Biking-Kilimanjaro-1024x768.jpg 1024w\" sizes=\"auto, (max-width: 1200px) 100vw, 1200px\" \/><\/a><\/p>\n<p>Kiedy kto\u015b ma pseudonim \u201eKr\u00f3lowa B\u00f3lu\u201d, mo\u017cna za\u0142o\u017cy\u0107, \u017ce m\u00f3wi\u0105c, i\u017c zrobi\u0142a najci\u0119\u017csz\u0105 rzecz w ich \u017cyciu, raczej nie przesadza. Rebecca i jej kolega Patrick Sweeney przez sze\u015b\u0107 dni \u015bcigali si\u0119 w g\u00f3r\u0119 i w d\u00f3\u0142 tej s\u0142ynnej g\u00f3ry o wysoko\u015bci 19.341 st\u00f3p (5.895 m), a jeden odcinek mia\u0142 15 km i 1600 m zjazdu. Warto te\u017c zauwa\u017cy\u0107, \u017ce najtrudniejsza cz\u0119\u015b\u0107 podr\u00f3\u017cy trwa\u0142a 2 godziny i 28 minut.<\/p>\n<p>STRAVA <a href=\"https:\/\/www.strava.com\/activities\/50317109\">profil<\/a><\/p>\n<h2><strong>Craig Cannon (Najwi\u0119cej metr\u00f3w pionowego podjazdu w ci\u0105gu 48 godzin)<\/strong><\/h2>\n<p><a href=\"https:\/\/d2p6e6u75xmxt8.cloudfront.net\/5\/2017\/10\/Strava_3407660b.jpg\"><img decoding=\"async\" class=\"alignnone size-full wp-image-5857\" src=\"https:\/\/d2p6e6u75xmxt8.cloudfront.net\/5\/2017\/10\/Strava_3407660b.jpg\" alt=\"\" \/><\/a><\/p>\n<p><span style=\"font-weight: 400;\">Everesting (wjazd na wysoko\u015b\u0107 Everestu w ci\u0105gu 24 godzin) sta\u0142 si\u0119 popularny w ostatnich latach g\u0142\u00f3wnie ze wzgl\u0119du na coraz cz\u0119stsze korzystanie z aplikacji STRAVA (a ju\u017c wspomnieli\u015bmy, jak mo\u017ce to by\u0107 motywuj\u0105ce, gdy mo\u017cesz mie\u0107 oko na konkurencj\u0119). Najwi\u0119cej metr\u00f3w pionowego podjazdu w ci\u0105gu 48 godzin to jednak imponuj\u0105ce mordercze 29 623,3 m (97 189 st\u00f3p i 9,24 cala). Odwa\u017cnym kolarzem, kt\u00f3ry porwa\u0142 si\u0119 na ten niezwyk\u0142y wyczyn wytrzyma\u0142o\u015bciowy od 7 do 9 sierpnia 2015 r., by\u0142 Craig Cannon (USA) w Berkeley w stanie Kalifornia.<\/span><\/p>\n<p>STRAVA <a href=\"https:\/\/www.strava.com\/athletes\/1678058\">profile<\/a><\/p>\n","protected":false},"excerpt":{"rendered":"<p>Aplikacja do \u015bledzenia aktywno\u015bci STRAVA zyskuje coraz wi\u0119ksz\u0105 popularno\u015b\u0107 w\u015br\u00f3d u\u017cytkownik\u00f3w. Nic dziwnego &#8211; konkurowanie z dziesi\u0105tkami tysi\u0119cy sportowc\u00f3w z [&hellip;]<\/p>\n","protected":false},"author":76,"featured_media":5859,"comment_status":"open","ping_status":"open","sticky":false,"template":"","format":"standard","meta":{"footnotes":""},"categories":[3],"tags":[211,214,217,82],"global-categories":[],"class_list":["post-5848","post","type-post","status-publish","format-standard","has-post-thumbnail","hentry","category-adrenalina","tag-catching-breath","tag-catching-breath-cycling-up-the-himalayas","tag-strava","tag-welovecycling"],"yoast_head":"<!-- This site is optimized with the Yoast SEO Premium plugin v25.3 (Yoast SEO v25.9) - https:\/\/yoast.com\/wordpress\/plugins\/seo\/ -->\n<title>Czy s\u0105 prawdziwe? Najbardziej szalone rekordy kolarskie STRAVA - \u0160koda We Love Cycling - Poland<\/title>\n<meta name=\"robots\" content=\"index, follow, max-snippet:-1, max-image-preview:large, max-video-preview:-1\" \/>\n<link rel=\"canonical\" href=\"https:\/\/www.welovecycling.com\/pl\/2017\/10\/30\/sa-prawdziwe-najbardziej-szalone-rekordy-kolarskie-strava\/\" \/>\n<meta property=\"og:locale\" content=\"pl_PL\" \/>\n<meta property=\"og:type\" content=\"article\" \/>\n<meta property=\"og:title\" content=\"Czy s\u0105 prawdziwe? Najbardziej szalone rekordy kolarskie STRAVA\" \/>\n<meta property=\"og:description\" content=\"Aplikacja do \u015bledzenia aktywno\u015bci STRAVA zyskuje coraz wi\u0119ksz\u0105 popularno\u015b\u0107 w\u015br\u00f3d u\u017cytkownik\u00f3w. Nic dziwnego &#8211; konkurowanie z dziesi\u0105tkami tysi\u0119cy sportowc\u00f3w z [&hellip;]\" \/>\n<meta property=\"og:url\" content=\"https:\/\/www.welovecycling.com\/pl\/2017\/10\/30\/sa-prawdziwe-najbardziej-szalone-rekordy-kolarskie-strava\/\" \/>\n<meta property=\"og:site_name\" content=\"\u0160koda We Love Cycling - Poland\" \/>\n<meta property=\"article:published_time\" content=\"2017-10-30T08:42:12+00:00\" \/>\n<meta property=\"article:modified_time\" content=\"2017-11-02T15:49:09+00:00\" \/>\n<meta property=\"og:image\" content=\"https:\/\/d2p6e6u75xmxt8.cloudfront.net\/5\/2017\/10\/profimedia-0344282731-1.jpg\" \/>\n\t<meta property=\"og:image:width\" content=\"1375\" \/>\n\t<meta property=\"og:image:height\" content=\"600\" \/>\n\t<meta property=\"og:image:type\" content=\"image\/jpeg\" \/>\n<meta name=\"author\" content=\"piotrboczkowski\" \/>\n<meta name=\"twitter:card\" content=\"summary_large_image\" \/>\n<meta name=\"twitter:label1\" content=\"Written by\" \/>\n\t<meta name=\"twitter:data1\" content=\"Frantiska Blazkova\" \/>\n\t<meta name=\"twitter:label2\" content=\"Est. reading time\" \/>\n\t<meta name=\"twitter:data2\" content=\"4 minutes\" \/>\n<script type=\"application\/ld+json\" class=\"yoast-schema-graph\">{\"@context\":\"https:\/\/schema.org\",\"@graph\":[{\"@type\":\"WebPage\",\"@id\":\"https:\/\/www.welovecycling.com\/pl\/2017\/10\/30\/sa-prawdziwe-najbardziej-szalone-rekordy-kolarskie-strava\/\",\"url\":\"https:\/\/www.welovecycling.com\/pl\/2017\/10\/30\/sa-prawdziwe-najbardziej-szalone-rekordy-kolarskie-strava\/\",\"name\":\"Czy s\u0105 prawdziwe? Najbardziej szalone rekordy kolarskie STRAVA - \u0160koda We Love Cycling - Poland\",\"isPartOf\":{\"@id\":\"https:\/\/www.welovecycling.com\/pl\/#website\"},\"primaryImageOfPage\":{\"@id\":\"https:\/\/www.welovecycling.com\/pl\/2017\/10\/30\/sa-prawdziwe-najbardziej-szalone-rekordy-kolarskie-strava\/#primaryimage\"},\"image\":{\"@id\":\"https:\/\/www.welovecycling.com\/pl\/2017\/10\/30\/sa-prawdziwe-najbardziej-szalone-rekordy-kolarskie-strava\/#primaryimage\"},\"thumbnailUrl\":\"https:\/\/d2p6e6u75xmxt8.cloudfront.net\/5\/2017\/10\/profimedia-0344282731-1.jpg\",\"datePublished\":\"2017-10-30T08:42:12+00:00\",\"dateModified\":\"2017-11-02T15:49:09+00:00\",\"author\":{\"@id\":\"https:\/\/www.welovecycling.com\/pl\/#\/schema\/person\/0dba2d39da943db9df3fd8f4687e7f23\"},\"breadcrumb\":{\"@id\":\"https:\/\/www.welovecycling.com\/pl\/2017\/10\/30\/sa-prawdziwe-najbardziej-szalone-rekordy-kolarskie-strava\/#breadcrumb\"},\"inLanguage\":\"pl-PL\",\"potentialAction\":[{\"@type\":\"ReadAction\",\"target\":[\"https:\/\/www.welovecycling.com\/pl\/2017\/10\/30\/sa-prawdziwe-najbardziej-szalone-rekordy-kolarskie-strava\/\"]}]},{\"@type\":\"ImageObject\",\"inLanguage\":\"pl-PL\",\"@id\":\"https:\/\/www.welovecycling.com\/pl\/2017\/10\/30\/sa-prawdziwe-najbardziej-szalone-rekordy-kolarskie-strava\/#primaryimage\",\"url\":\"https:\/\/d2p6e6u75xmxt8.cloudfront.net\/5\/2017\/10\/profimedia-0344282731-1.jpg\",\"contentUrl\":\"https:\/\/d2p6e6u75xmxt8.cloudfront.net\/5\/2017\/10\/profimedia-0344282731-1.jpg\",\"width\":1375,\"height\":600},{\"@type\":\"BreadcrumbList\",\"@id\":\"https:\/\/www.welovecycling.com\/pl\/2017\/10\/30\/sa-prawdziwe-najbardziej-szalone-rekordy-kolarskie-strava\/#breadcrumb\",\"itemListElement\":[{\"@type\":\"ListItem\",\"position\":1,\"name\":\"Home\",\"item\":\"https:\/\/www.welovecycling.com\/pl\/\"},{\"@type\":\"ListItem\",\"position\":2,\"name\":\"Czy s\u0105 prawdziwe? Najbardziej szalone rekordy kolarskie STRAVA\"}]},{\"@type\":\"WebSite\",\"@id\":\"https:\/\/www.welovecycling.com\/pl\/#website\",\"url\":\"https:\/\/www.welovecycling.com\/pl\/\",\"name\":\"\u0160koda We Love Cycling - Poland\",\"description\":\"\",\"potentialAction\":[{\"@type\":\"SearchAction\",\"target\":{\"@type\":\"EntryPoint\",\"urlTemplate\":\"https:\/\/www.welovecycling.com\/pl\/?s={search_term_string}\"},\"query-input\":{\"@type\":\"PropertyValueSpecification\",\"valueRequired\":true,\"valueName\":\"search_term_string\"}}],\"inLanguage\":\"pl-PL\"},{\"@type\":\"Person\",\"@id\":\"https:\/\/www.welovecycling.com\/pl\/#\/schema\/person\/0dba2d39da943db9df3fd8f4687e7f23\",\"name\":\"piotrboczkowski\",\"image\":{\"@type\":\"ImageObject\",\"inLanguage\":\"pl-PL\",\"@id\":\"https:\/\/www.welovecycling.com\/pl\/#\/schema\/person\/image\/\",\"url\":\"https:\/\/secure.gravatar.com\/avatar\/533caccae14752e03a2ce2d3fd62d1b98b93e1393c3195c27819e53344ca1ace?s=96&d=mm&r=g\",\"contentUrl\":\"https:\/\/secure.gravatar.com\/avatar\/533caccae14752e03a2ce2d3fd62d1b98b93e1393c3195c27819e53344ca1ace?s=96&d=mm&r=g\",\"caption\":\"piotrboczkowski\"},\"url\":\"https:\/\/www.welovecycling.com\/pl\/author\/piotrboczkowski\/\"}]}<\/script>\n<!-- \/ Yoast SEO Premium plugin. -->","yoast_head_json":{"title":"Czy s\u0105 prawdziwe? Najbardziej szalone rekordy kolarskie STRAVA - \u0160koda We Love Cycling - Poland","robots":{"index":"index","follow":"follow","max-snippet":"max-snippet:-1","max-image-preview":"max-image-preview:large","max-video-preview":"max-video-preview:-1"},"canonical":"https:\/\/www.welovecycling.com\/pl\/2017\/10\/30\/sa-prawdziwe-najbardziej-szalone-rekordy-kolarskie-strava\/","og_locale":"pl_PL","og_type":"article","og_title":"Czy s\u0105 prawdziwe? Najbardziej szalone rekordy kolarskie STRAVA","og_description":"Aplikacja do \u015bledzenia aktywno\u015bci STRAVA zyskuje coraz wi\u0119ksz\u0105 popularno\u015b\u0107 w\u015br\u00f3d u\u017cytkownik\u00f3w. Nic dziwnego &#8211; konkurowanie z dziesi\u0105tkami tysi\u0119cy sportowc\u00f3w z [&hellip;]","og_url":"https:\/\/www.welovecycling.com\/pl\/2017\/10\/30\/sa-prawdziwe-najbardziej-szalone-rekordy-kolarskie-strava\/","og_site_name":"\u0160koda We Love Cycling - Poland","article_published_time":"2017-10-30T08:42:12+00:00","article_modified_time":"2017-11-02T15:49:09+00:00","og_image":[{"width":1375,"height":600,"url":"https:\/\/d2p6e6u75xmxt8.cloudfront.net\/5\/2017\/10\/profimedia-0344282731-1.jpg","type":"image\/jpeg"}],"author":"piotrboczkowski","twitter_card":"summary_large_image","twitter_misc":{"Written by":"Frantiska Blazkova","Est. reading time":"4 minutes"},"schema":{"@context":"https:\/\/schema.org","@graph":[{"@type":"WebPage","@id":"https:\/\/www.welovecycling.com\/pl\/2017\/10\/30\/sa-prawdziwe-najbardziej-szalone-rekordy-kolarskie-strava\/","url":"https:\/\/www.welovecycling.com\/pl\/2017\/10\/30\/sa-prawdziwe-najbardziej-szalone-rekordy-kolarskie-strava\/","name":"Czy s\u0105 prawdziwe? Najbardziej szalone rekordy kolarskie STRAVA - \u0160koda We Love Cycling - Poland","isPartOf":{"@id":"https:\/\/www.welovecycling.com\/pl\/#website"},"primaryImageOfPage":{"@id":"https:\/\/www.welovecycling.com\/pl\/2017\/10\/30\/sa-prawdziwe-najbardziej-szalone-rekordy-kolarskie-strava\/#primaryimage"},"image":{"@id":"https:\/\/www.welovecycling.com\/pl\/2017\/10\/30\/sa-prawdziwe-najbardziej-szalone-rekordy-kolarskie-strava\/#primaryimage"},"thumbnailUrl":"https:\/\/d2p6e6u75xmxt8.cloudfront.net\/5\/2017\/10\/profimedia-0344282731-1.jpg","datePublished":"2017-10-30T08:42:12+00:00","dateModified":"2017-11-02T15:49:09+00:00","author":{"@id":"https:\/\/www.welovecycling.com\/pl\/#\/schema\/person\/0dba2d39da943db9df3fd8f4687e7f23"},"breadcrumb":{"@id":"https:\/\/www.welovecycling.com\/pl\/2017\/10\/30\/sa-prawdziwe-najbardziej-szalone-rekordy-kolarskie-strava\/#breadcrumb"},"inLanguage":"pl-PL","potentialAction":[{"@type":"ReadAction","target":["https:\/\/www.welovecycling.com\/pl\/2017\/10\/30\/sa-prawdziwe-najbardziej-szalone-rekordy-kolarskie-strava\/"]}]},{"@type":"ImageObject","inLanguage":"pl-PL","@id":"https:\/\/www.welovecycling.com\/pl\/2017\/10\/30\/sa-prawdziwe-najbardziej-szalone-rekordy-kolarskie-strava\/#primaryimage","url":"https:\/\/d2p6e6u75xmxt8.cloudfront.net\/5\/2017\/10\/profimedia-0344282731-1.jpg","contentUrl":"https:\/\/d2p6e6u75xmxt8.cloudfront.net\/5\/2017\/10\/profimedia-0344282731-1.jpg","width":1375,"height":600},{"@type":"BreadcrumbList","@id":"https:\/\/www.welovecycling.com\/pl\/2017\/10\/30\/sa-prawdziwe-najbardziej-szalone-rekordy-kolarskie-strava\/#breadcrumb","itemListElement":[{"@type":"ListItem","position":1,"name":"Home","item":"https:\/\/www.welovecycling.com\/pl\/"},{"@type":"ListItem","position":2,"name":"Czy s\u0105 prawdziwe? Najbardziej szalone rekordy kolarskie STRAVA"}]},{"@type":"WebSite","@id":"https:\/\/www.welovecycling.com\/pl\/#website","url":"https:\/\/www.welovecycling.com\/pl\/","name":"\u0160koda We Love Cycling - Poland","description":"","potentialAction":[{"@type":"SearchAction","target":{"@type":"EntryPoint","urlTemplate":"https:\/\/www.welovecycling.com\/pl\/?s={search_term_string}"},"query-input":{"@type":"PropertyValueSpecification","valueRequired":true,"valueName":"search_term_string"}}],"inLanguage":"pl-PL"},{"@type":"Person","@id":"https:\/\/www.welovecycling.com\/pl\/#\/schema\/person\/0dba2d39da943db9df3fd8f4687e7f23","name":"piotrboczkowski","image":{"@type":"ImageObject","inLanguage":"pl-PL","@id":"https:\/\/www.welovecycling.com\/pl\/#\/schema\/person\/image\/","url":"https:\/\/secure.gravatar.com\/avatar\/533caccae14752e03a2ce2d3fd62d1b98b93e1393c3195c27819e53344ca1ace?s=96&d=mm&r=g","contentUrl":"https:\/\/secure.gravatar.com\/avatar\/533caccae14752e03a2ce2d3fd62d1b98b93e1393c3195c27819e53344ca1ace?s=96&d=mm&r=g","caption":"piotrboczkowski"},"url":"https:\/\/www.welovecycling.com\/pl\/author\/piotrboczkowski\/"}]}},"_links":{"self":[{"href":"https:\/\/www.welovecycling.com\/pl\/wp-json\/wp\/v2\/posts\/5848","targetHints":{"allow":["GET"]}}],"collection":[{"href":"https:\/\/www.welovecycling.com\/pl\/wp-json\/wp\/v2\/posts"}],"about":[{"href":"https:\/\/www.welovecycling.com\/pl\/wp-json\/wp\/v2\/types\/post"}],"author":[{"embeddable":true,"href":"https:\/\/www.welovecycling.com\/pl\/wp-json\/wp\/v2\/users\/76"}],"replies":[{"embeddable":true,"href":"https:\/\/www.welovecycling.com\/pl\/wp-json\/wp\/v2\/comments?post=5848"}],"version-history":[{"count":2,"href":"https:\/\/www.welovecycling.com\/pl\/wp-json\/wp\/v2\/posts\/5848\/revisions"}],"predecessor-version":[{"id":5885,"href":"https:\/\/www.welovecycling.com\/pl\/wp-json\/wp\/v2\/posts\/5848\/revisions\/5885"}],"wp:featuredmedia":[{"embeddable":true,"href":"https:\/\/www.welovecycling.com\/pl\/wp-json\/wp\/v2\/media\/5859"}],"wp:attachment":[{"href":"https:\/\/www.welovecycling.com\/pl\/wp-json\/wp\/v2\/media?parent=5848"}],"wp:term":[{"taxonomy":"category","embeddable":true,"href":"https:\/\/www.welovecycling.com\/pl\/wp-json\/wp\/v2\/categories?post=5848"},{"taxonomy":"post_tag","embeddable":true,"href":"https:\/\/www.welovecycling.com\/pl\/wp-json\/wp\/v2\/tags?post=5848"},{"taxonomy":"global-categories","embeddable":true,"href":"https:\/\/www.welovecycling.com\/pl\/wp-json\/wp\/v2\/global-categories?post=5848"}],"curies":[{"name":"wp","href":"https:\/\/api.w.org\/{rel}","templated":true}]}}