{"id":5751,"date":"2017-10-18T19:41:24","date_gmt":"2017-10-18T19:41:24","guid":{"rendered":"https:\/\/www.welovecycling.com\/pl\/?p=5751"},"modified":"2017-10-25T10:53:10","modified_gmt":"2017-10-25T10:53:10","slug":"przetrwaja-najlepsi-znamy-trase-tour-de-france-2018","status":"publish","type":"post","link":"https:\/\/www.welovecycling.com\/pl\/2017\/10\/18\/przetrwaja-najlepsi-znamy-trase-tour-de-france-2018\/","title":{"rendered":"Przetrwaj\u0105 tylko najlepsi. Znamy tras\u0119 Tour de France 2018!"},"content":{"rendered":"<p><span style=\"font-weight: 400;\">Panie i Panowie, oto i ona: pi\u0119kna, zachwycaj\u0105ca, ale te\u017c niezwykle wymagaj\u0105ca \u00a0i piekielnie. W\u0142a\u015bnie poznali\u015bmy tras\u0119 Tour de France 2018!<\/span><\/p>\n<p><span style=\"font-weight: 400;\">\u201eTrudna\u201d, \u201eci\u0119\u017cka\u201d, \u201ewymagaj\u0105ca\u201d \u2013 te s\u0142owa w Pa\u0142acu Kongresowym w Pary\u017cu odmieniano przez wszystkie przypadki, a blisko cztery tysi\u0105ce go\u015bci bi\u0142o brawa. A by\u0142o czego gratulowa\u0107, bo organizatorzy 105. Tour de France zrobili wiele, by udowodni\u0107, \u017ce to najbardziej presti\u017cowy i wymagaj\u0105cy wy\u015bcig \u015bwiata. <\/span><\/p>\n<p><b>Smakowito\u015bci Tour de France <\/b><\/p>\n<p><span style=\"font-weight: 400;\">To by\u0142o kapitalne przedpo\u0142udnie w stolicy Francji. Zacz\u0119\u0142o si\u0119 od trz\u0119sienia ziemi, a p\u00f3\u017aniej do\u0142\u0105czy\u0142y b\u0142yskawice, grzmoty i pioruny.<\/span><\/p>\n<p><span style=\"font-weight: 400;\">Dla rozbudzenia apetyt\u00f3w na wielkim ekranie wy\u015bwietlono film z tegorocznej Wielkiej P\u0119tli. Nie by\u0142 to jednak cukierkowy wyciskacz \u0142ez, ale pi\u0119kno i dramat kolarstwa w pigu\u0142ce: gro\u017ane upadki i pi\u0119kne finisze, powa\u017cne kraksy i rado\u015b\u0107 na podium. Do tego skurcze, kra\u0144cowe wyczerpanie, zatroskane twarze mened\u017cer\u00f3w, ale te\u017c wielki triumf na Polach Elizejskich.<\/span><\/p>\n<p><span style=\"font-weight: 400;\">Pojawi\u0142y si\u0119 te\u017c polskie akcenty: Micha\u0142 Kwiatkowski zmieniaj\u0105cy ko\u0142o Chrisa Froome\u2019a i zwyci\u0119ska walka Macieja Bodnara na czas\u00f3wce w Marsylii. A wszystko w otoczeniu pi\u0119knych francuskich krajobraz\u00f3w: p\u00f3l us\u0142anych s\u0142onecznikami, \u015bredniowiecznych zamk\u00f3w i urokliwych miasteczek. <\/span><\/p>\n<p><span style=\"font-weight: 400;\">Wszyscy jednak czekali na to, co Tour de France zamierza zaserwowa\u0107 w 2018 roku, a zanosi si\u0119, \u017ce na tacy wyl\u0105duj\u0105 same smakowito\u015bci. Podczas prezentacji szkic trasy przemkn\u0105\u0142 po mapie Francji z pr\u0119dko\u015bci\u0105 reklamy \u015bwiat\u0142owodu, ale kolarze te 3329 km pokonaj\u0105 w trzy tygodnie. I w tym czasie wycisn\u0105 z kolarstwa wszystko, co najlepsze: sprinty, mordercze podjazdy, walk\u0119 z przyrod\u0105 i w\u0142asnymi s\u0142abo\u015bciami.<\/span><\/p>\n<p><b>Tour de France jak wycinek EKG<\/b><\/p>\n<p><span style=\"font-weight: 400;\">Wy\u015bcig zacznie si\u0119 7 lipca w p\u00f3\u0142nocno-zachodniej Francji, gdzie zawodnicy pojad\u0105 wzd\u0142u\u017c Atlantyku. Nast\u0119pnie 185-kilometrowy etap z met\u0105 w La Roche-sur-Yon, dok\u0105d Wielka P\u0119tla wr\u00f3ci po blisko 90 latach! P\u00f3\u017aniej jazda dru\u017cynowa na czas, a w ko\u0144cu peleton zamelduje si\u0119 w La Baule, urokliwym miasteczku, w kt\u00f3rym swoj\u0105 baz\u0119 podczas Euro 2016 mia\u0142a reprezentacja Polski.<\/span><\/p>\n<p><span style=\"font-weight: 400;\">Pi\u0105ty etap rozci\u0105gni\u0119ty b\u0119dzie jak g\u0105sienica, bo do przejechania b\u0119d\u0105 203 km. Dwa dni p\u00f3\u017aniej kolejny tasiemiec \u2013 najd\u0142u\u017cszy w ca\u0142ym Tour de France 2018, licz\u0105cy 231 km, etap z Foug\u00e8res\u00a0do Chartres. Ciekawie b\u0119dzie te\u017c 15 lipca, gdy 21,7 km kolarze b\u0119d\u0105 musieli przejecha\u0107 po bruku, a takiej atrakcji w Wielkiej P\u0119tli nie by\u0142o od kilkudziesi\u0119ciu lat!<\/span><\/p>\n<p><span style=\"font-weight: 400;\">Nast\u0119pnie dzie\u0144 przerwy i do gry wejd\u0105 mi\u0142o\u015bnicy g\u00f3r, bo organizatorzy zafundowali pierwsz\u0105 powa\u017cn\u0105 wspinaczk\u0119, co oznacza, \u017ce zaczynie si\u0119 walka w Alpach. I w tym roku zanosi si\u0119, \u017ce b\u0119dzie to walka dla najmocniejszych kolarzy, bo niekt\u00f3re etapy wygl\u0105daj\u0105 jak wycinek z wykresu badania EKG.<\/span><\/p>\n<p><span style=\"font-weight: 400;\">P\u00f3\u017aniej na kilka dni do s\u0142owa zn\u00f3w dojd\u0105 sprinterzy, a g\u00f3rale b\u0119d\u0105 czekali na wjazd w Pireneje, co nast\u0105pi na 16. etapie. Tam mi\u0119dzy innymi bardzo ciekawe wspinaczki na najkr\u00f3tszym od 1971 roku, ale bardzo wymagaj\u0105cym etapie Bagn\u00e8res-de-Luchon \u2013 Saint-Lary-Soulan (65 km).<\/span><\/p>\n<p><span style=\"font-weight: 400;\">Ostatni etap w Pirenejach (27 lipca) zacznie si\u0119 w s\u0142ynnym Lourdes, a zako\u0144czy w Laruns. P\u00f3\u017aniej zawodnik\u00f3w b\u0119dzie czeka\u0142a ju\u017c tylko jazda indywidulana na czas Saint-P\u00e9e-sur-Nivelle \u2013 Espelette (31 km) oraz zako\u0144czenie na Polach Elizejskich (29 lipca).<\/span><\/p>\n<p>https:\/\/www.instagram.com\/p\/BaWHWzMBnMW\/<\/p>\n<p><b>Tour de France sprawdza pod ka\u017cdym k\u0105tem<\/b><\/p>\n<p><span style=\"font-weight: 400;\">Z komentarzy dotycz\u0105cych trasy Tour de France 2018 (zebranych przez portal Cyclingnews.com) przebija uznanie, ale przede wszystkim szacunek do niezwykle wymagaj\u0105cych etap\u00f3w.<\/span><\/p>\n<p><span style=\"font-weight: 400;\">&#8211; To trudna trasa, ale niczego innego po organizatorach si\u0119 nie spodziewa\u0142em. Tour de France 2018 sprawdzi nas pod ka\u017cdym k\u0105tem. 8-9 pierwszych dni zapowiada si\u0119 ci\u0119\u017cko. Na p\u00f3\u0142nocnym zachodzie Francji b\u0119dzie bardzo niebezpieczne, wiatr mo\u017ce mie\u0107 wielki wp\u0142yw na wyniki \u2013 uwa\u017ca Chris Froome, kt\u00f3ry w 2018 roku b\u0119dzie walczy\u0142 o przej\u015bcie do historii, czyli pi\u0105te zwyci\u0119stwo w klasyfikacji generalnej Tour de France.<\/span><\/p>\n<p><span style=\"font-weight: 400;\">Na sam\u0105 my\u015bl o przysz\u0142orocznej Wielkiej P\u0119tli r\u0119ce zaciera Dave Brailsford, szef Team Sky, w kt\u00f3rym je\u017cd\u017c\u0105 Froome i Kwiatkowski. \u2013 Ta trasa jest \u015bwietna \u2013 trudna, ale \u00a0bardzo zr\u00f3\u017cnicowana, a w\u0142a\u015bnie o to chodzi! Tylko taka trasa wy\u0142oni najbardziej wszechstronnego zawodnika \u2013 uwa\u017ca Brailsford.<\/span><\/p>\n<p><span style=\"font-weight: 400;\">&#8211; Mnie si\u0119 podoba, jest jakby u\u0142o\u017cona troch\u0119 pode mnie, bo b\u0119dzie sporo jazdy po g\u00f3rach. Na pewno wa\u017cny b\u0119dzie etap z brukowymi fragmentami \u2013 komentuje z kolei Nairo Quintana, kt\u00f3ry przy okazji zdradzi\u0142, \u017ce na Tour de France 2018 b\u0119dzie liderem Movistar.<\/span><\/p>\n<p><span style=\"font-weight: 400;\">W\u0105tpliwo\u015bci nie maj\u0105 te\u017c w najbardziej \u201epolskiej\u201d grupie, czyli Bora-Hansgrohe, gdzie je\u017cd\u017c\u0105 Rafa\u0142 Majka, Maciej Bodnar i Pawe\u0142 Polja\u0144ski. <\/span><\/p>\n<p><span style=\"font-weight: 400;\">&#8211; To b\u0119dzie ci\u0119\u017cki Tour. Najpierw silne wiatry, p\u00f3\u017aniej g\u00f3ry. To najtrudniejszy wy\u015bcig na \u015bwiecie \u2013 nie ma w\u0105tpliwo\u015bci Ralph Denk, generalny mened\u017cer Bora-Hansgrohe.<\/span><\/p>\n<p><span style=\"font-weight: 400;\">Niniejszym czas przerwy od Tour de France mo\u017cemy uzna\u0107 za zamkni\u0119ty. Kolejne ekipy ju\u017c wst\u0119pnie analizuj\u0105 tras\u0119, zawodnicy w g\u0142owie uk\u0142adaj\u0105 plany przygotowa\u0144, a nam nie pozostaje nic innego jak tylko odlicza\u0107. <\/span><\/p>\n<p><span style=\"font-weight: 400;\">Od prezentacji trasy (17 pa\u017adziernika) do startu Tour de France 2018 zosta\u0142y 354 dni, od 18 pa\u017adziernika &#8211; 353, od 19 pa\u017adziernika \u2013 352, od\u2026<\/span><\/p>\n<div class=\"embed-wrapper\"><iframe loading=\"lazy\" src=\"\/\/www.dailymotion.com\/embed\/video\/x64x0l2\" width=\"610\" height=\"420\" frameborder=\"0\" allowfullscreen=\"allowfullscreen\"><\/iframe><\/div>\n<p><b>Trasa Tour de France 2018<\/b><\/p>\n<p><span style=\"font-weight: 400;\">7 lipca. Etap 1: Noirmoutier-en-l\u2019\u00cele &#8211; Fontenay-le-Comte (189 km)<\/span><\/p>\n<p><span style=\"font-weight: 400;\">8 lipca. Etap 2: Mouilleron-Saint-Germain &#8211; La Roche-sur-Yon (183 km)<\/span><\/p>\n<p><span style=\"font-weight: 400;\">9 lipca. Etap 3: Cholet &#8211; Cholet (35 km, jazda dru\u017cynowa)<\/span><\/p>\n<p><span style=\"font-weight: 400;\">10 lipca. Etap 4: La Baule &#8211; Sarzeau (192 km)<\/span><\/p>\n<p><span style=\"font-weight: 400;\">11 lipca. Etap 5: Lorient &#8211; Quimper (203 km)<\/span><\/p>\n<p><span style=\"font-weight: 400;\">12 lipca. Etap 6: Brest &#8211; M\u00fbr de Bretagne Guerl\u00e9dan (181 km)<\/span><\/p>\n<p><span style=\"font-weight: 400;\">13 lipca. Etap 7: Foug\u00e8res &#8211; Chartres (231 km)<\/span><\/p>\n<p><span style=\"font-weight: 400;\">14 lipca. Etap 8: Dreux &#8211; Amiens M\u00e9tropole (181 km)<\/span><\/p>\n<p><span style=\"font-weight: 400;\">15 lipca. Etap 9: Arras Citadelle &#8211; Roubaix (154 km)<\/span><\/p>\n<p><span style=\"font-weight: 400;\">17 lipca. Etap 10: Annecy &#8211; Le Grand-Bornand (159 km)<\/span><\/p>\n<p><span style=\"font-weight: 400;\">18 lipca. Etap 11: Albertville &#8211; La Rosi\u00e8re (Espace San Bernardo) (108 km)<\/span><\/p>\n<p><span style=\"font-weight: 400;\">19 lipca. Etap 12: Bourg-Saint-Maurice Les Arcs &#8211; Alpe d\u2019Huez (175 km)<\/span><\/p>\n<p><span style=\"font-weight: 400;\">20 lipca. Etap 13: Bourg d\u2019Oisans &#8211; Valence (169 km)<\/span><\/p>\n<p><span style=\"font-weight: 400;\">21 lipca. Etap 14: Saint-Paul-Trois-Ch\u00e2teaux &#8211; Mende (187 km)<\/span><\/p>\n<p><span style=\"font-weight: 400;\">22 lipca. Etap 15: Millau &#8211; Carcassonne (181 km)<\/span><\/p>\n<p><span style=\"font-weight: 400;\">24 lipca. Etap 16: Carcassonne &#8211; Bagn\u00e8res-de-Luchon (218 km)<\/span><\/p>\n<p><span style=\"font-weight: 400;\">25 lipca. Etap 17: Bagn\u00e8res-de-Luchon \u2013 Saint-Lary-Soulan (Col de Portet) (65 km)<\/span><\/p>\n<p><span style=\"font-weight: 400;\">26 lipca. Etap 18: Trie-sur-Ba\u00efse &#8211; Pau (172 km)<\/span><\/p>\n<p><span style=\"font-weight: 400;\">27 lipca. Etap 19: Lourdes &#8211; Laruns (200 km)<\/span><\/p>\n<p><span style=\"font-weight: 400;\">28 lipca. Etap 20: Saint-P\u00e9e-sur-Nivelle &#8211; Espelette (31 km, jazda indywidualna)<\/span><\/p>\n<p><span style=\"font-weight: 400;\">29 lipca. Etap 21: Houilles &#8211; Pary\u017c (115 km)<\/span><\/p>\n<p>(\u017ar\u00f3d\u0142o zdj\u0119\u0107: www.letour.fr\u00a0\u00a9 ASO\/Bruno Bade)<\/p>\n","protected":false},"excerpt":{"rendered":"<p>Panie i Panowie, oto i ona: pi\u0119kna, zachwycaj\u0105ca, ale te\u017c niezwykle wymagaj\u0105ca \u00a0i piekielnie. W\u0142a\u015bnie poznali\u015bmy tras\u0119 Tour de France [&hellip;]<\/p>\n","protected":false},"author":76,"featured_media":5754,"comment_status":"open","ping_status":"open","sticky":false,"template":"","format":"standard","meta":{"footnotes":""},"categories":[1],"tags":[41,77,212,213,82],"global-categories":[],"class_list":["post-5751","post","type-post","status-publish","format-standard","has-post-thumbnail","hentry","category-uncategorized","tag-cycling","tag-tour-de-france","tag-tour-de-france-2018","tag-trasa","tag-welovecycling"],"yoast_head":"<!-- This site is optimized with the Yoast SEO Premium plugin v25.3 (Yoast SEO v25.9) - https:\/\/yoast.com\/wordpress\/plugins\/seo\/ -->\n<title>Przetrwaj\u0105 tylko najlepsi. Znamy tras\u0119 Tour de France 2018! - \u0160koda We Love Cycling - Poland<\/title>\n<meta name=\"robots\" content=\"index, follow, max-snippet:-1, max-image-preview:large, max-video-preview:-1\" \/>\n<link rel=\"canonical\" href=\"https:\/\/www.welovecycling.com\/pl\/2017\/10\/18\/przetrwaja-najlepsi-znamy-trase-tour-de-france-2018\/\" \/>\n<meta property=\"og:locale\" content=\"pl_PL\" \/>\n<meta property=\"og:type\" content=\"article\" \/>\n<meta property=\"og:title\" content=\"Przetrwaj\u0105 tylko najlepsi. Znamy tras\u0119 Tour de France 2018!\" \/>\n<meta property=\"og:description\" content=\"Panie i Panowie, oto i ona: pi\u0119kna, zachwycaj\u0105ca, ale te\u017c niezwykle wymagaj\u0105ca \u00a0i piekielnie. W\u0142a\u015bnie poznali\u015bmy tras\u0119 Tour de France [&hellip;]\" \/>\n<meta property=\"og:url\" content=\"https:\/\/www.welovecycling.com\/pl\/2017\/10\/18\/przetrwaja-najlepsi-znamy-trase-tour-de-france-2018\/\" \/>\n<meta property=\"og:site_name\" content=\"\u0160koda We Love Cycling - Poland\" \/>\n<meta property=\"article:published_time\" content=\"2017-10-18T19:41:24+00:00\" \/>\n<meta property=\"article:modified_time\" content=\"2017-10-25T10:53:10+00:00\" \/>\n<meta property=\"og:image\" content=\"https:\/\/d2p6e6u75xmxt8.cloudfront.net\/5\/2017\/10\/07175-1.jpeg\" \/>\n\t<meta property=\"og:image:width\" content=\"897\" \/>\n\t<meta property=\"og:image:height\" content=\"600\" \/>\n\t<meta property=\"og:image:type\" content=\"image\/jpeg\" \/>\n<meta name=\"author\" content=\"piotrboczkowski\" \/>\n<meta name=\"twitter:card\" content=\"summary_large_image\" \/>\n<meta name=\"twitter:label1\" content=\"Written by\" \/>\n\t<meta name=\"twitter:data1\" content=\"WeLoveCycling\" \/>\n\t<meta name=\"twitter:label2\" content=\"Est. reading time\" \/>\n\t<meta name=\"twitter:data2\" content=\"5 minutes\" \/>\n<script type=\"application\/ld+json\" class=\"yoast-schema-graph\">{\"@context\":\"https:\/\/schema.org\",\"@graph\":[{\"@type\":\"WebPage\",\"@id\":\"https:\/\/www.welovecycling.com\/pl\/2017\/10\/18\/przetrwaja-najlepsi-znamy-trase-tour-de-france-2018\/\",\"url\":\"https:\/\/www.welovecycling.com\/pl\/2017\/10\/18\/przetrwaja-najlepsi-znamy-trase-tour-de-france-2018\/\",\"name\":\"Przetrwaj\u0105 tylko najlepsi. Znamy tras\u0119 Tour de France 2018! - \u0160koda We Love Cycling - Poland\",\"isPartOf\":{\"@id\":\"https:\/\/www.welovecycling.com\/pl\/#website\"},\"primaryImageOfPage\":{\"@id\":\"https:\/\/www.welovecycling.com\/pl\/2017\/10\/18\/przetrwaja-najlepsi-znamy-trase-tour-de-france-2018\/#primaryimage\"},\"image\":{\"@id\":\"https:\/\/www.welovecycling.com\/pl\/2017\/10\/18\/przetrwaja-najlepsi-znamy-trase-tour-de-france-2018\/#primaryimage\"},\"thumbnailUrl\":\"https:\/\/d2p6e6u75xmxt8.cloudfront.net\/5\/2017\/10\/07175-1.jpeg\",\"datePublished\":\"2017-10-18T19:41:24+00:00\",\"dateModified\":\"2017-10-25T10:53:10+00:00\",\"author\":{\"@id\":\"https:\/\/www.welovecycling.com\/pl\/#\/schema\/person\/0dba2d39da943db9df3fd8f4687e7f23\"},\"breadcrumb\":{\"@id\":\"https:\/\/www.welovecycling.com\/pl\/2017\/10\/18\/przetrwaja-najlepsi-znamy-trase-tour-de-france-2018\/#breadcrumb\"},\"inLanguage\":\"pl-PL\",\"potentialAction\":[{\"@type\":\"ReadAction\",\"target\":[\"https:\/\/www.welovecycling.com\/pl\/2017\/10\/18\/przetrwaja-najlepsi-znamy-trase-tour-de-france-2018\/\"]}]},{\"@type\":\"ImageObject\",\"inLanguage\":\"pl-PL\",\"@id\":\"https:\/\/www.welovecycling.com\/pl\/2017\/10\/18\/przetrwaja-najlepsi-znamy-trase-tour-de-france-2018\/#primaryimage\",\"url\":\"https:\/\/d2p6e6u75xmxt8.cloudfront.net\/5\/2017\/10\/07175-1.jpeg\",\"contentUrl\":\"https:\/\/d2p6e6u75xmxt8.cloudfront.net\/5\/2017\/10\/07175-1.jpeg\",\"width\":897,\"height\":600},{\"@type\":\"BreadcrumbList\",\"@id\":\"https:\/\/www.welovecycling.com\/pl\/2017\/10\/18\/przetrwaja-najlepsi-znamy-trase-tour-de-france-2018\/#breadcrumb\",\"itemListElement\":[{\"@type\":\"ListItem\",\"position\":1,\"name\":\"Home\",\"item\":\"https:\/\/www.welovecycling.com\/pl\/\"},{\"@type\":\"ListItem\",\"position\":2,\"name\":\"Przetrwaj\u0105 tylko najlepsi. Znamy tras\u0119 Tour de France 2018!\"}]},{\"@type\":\"WebSite\",\"@id\":\"https:\/\/www.welovecycling.com\/pl\/#website\",\"url\":\"https:\/\/www.welovecycling.com\/pl\/\",\"name\":\"\u0160koda We Love Cycling - Poland\",\"description\":\"\",\"potentialAction\":[{\"@type\":\"SearchAction\",\"target\":{\"@type\":\"EntryPoint\",\"urlTemplate\":\"https:\/\/www.welovecycling.com\/pl\/?s={search_term_string}\"},\"query-input\":{\"@type\":\"PropertyValueSpecification\",\"valueRequired\":true,\"valueName\":\"search_term_string\"}}],\"inLanguage\":\"pl-PL\"},{\"@type\":\"Person\",\"@id\":\"https:\/\/www.welovecycling.com\/pl\/#\/schema\/person\/0dba2d39da943db9df3fd8f4687e7f23\",\"name\":\"piotrboczkowski\",\"image\":{\"@type\":\"ImageObject\",\"inLanguage\":\"pl-PL\",\"@id\":\"https:\/\/www.welovecycling.com\/pl\/#\/schema\/person\/image\/\",\"url\":\"https:\/\/secure.gravatar.com\/avatar\/533caccae14752e03a2ce2d3fd62d1b98b93e1393c3195c27819e53344ca1ace?s=96&d=mm&r=g\",\"contentUrl\":\"https:\/\/secure.gravatar.com\/avatar\/533caccae14752e03a2ce2d3fd62d1b98b93e1393c3195c27819e53344ca1ace?s=96&d=mm&r=g\",\"caption\":\"piotrboczkowski\"},\"url\":\"https:\/\/www.welovecycling.com\/pl\/author\/piotrboczkowski\/\"}]}<\/script>\n<!-- \/ Yoast SEO Premium plugin. -->","yoast_head_json":{"title":"Przetrwaj\u0105 tylko najlepsi. Znamy tras\u0119 Tour de France 2018! - \u0160koda We Love Cycling - Poland","robots":{"index":"index","follow":"follow","max-snippet":"max-snippet:-1","max-image-preview":"max-image-preview:large","max-video-preview":"max-video-preview:-1"},"canonical":"https:\/\/www.welovecycling.com\/pl\/2017\/10\/18\/przetrwaja-najlepsi-znamy-trase-tour-de-france-2018\/","og_locale":"pl_PL","og_type":"article","og_title":"Przetrwaj\u0105 tylko najlepsi. Znamy tras\u0119 Tour de France 2018!","og_description":"Panie i Panowie, oto i ona: pi\u0119kna, zachwycaj\u0105ca, ale te\u017c niezwykle wymagaj\u0105ca \u00a0i piekielnie. W\u0142a\u015bnie poznali\u015bmy tras\u0119 Tour de France [&hellip;]","og_url":"https:\/\/www.welovecycling.com\/pl\/2017\/10\/18\/przetrwaja-najlepsi-znamy-trase-tour-de-france-2018\/","og_site_name":"\u0160koda We Love Cycling - Poland","article_published_time":"2017-10-18T19:41:24+00:00","article_modified_time":"2017-10-25T10:53:10+00:00","og_image":[{"width":897,"height":600,"url":"https:\/\/d2p6e6u75xmxt8.cloudfront.net\/5\/2017\/10\/07175-1.jpeg","type":"image\/jpeg"}],"author":"piotrboczkowski","twitter_card":"summary_large_image","twitter_misc":{"Written by":"WeLoveCycling","Est. reading time":"5 minutes"},"schema":{"@context":"https:\/\/schema.org","@graph":[{"@type":"WebPage","@id":"https:\/\/www.welovecycling.com\/pl\/2017\/10\/18\/przetrwaja-najlepsi-znamy-trase-tour-de-france-2018\/","url":"https:\/\/www.welovecycling.com\/pl\/2017\/10\/18\/przetrwaja-najlepsi-znamy-trase-tour-de-france-2018\/","name":"Przetrwaj\u0105 tylko najlepsi. Znamy tras\u0119 Tour de France 2018! - \u0160koda We Love Cycling - Poland","isPartOf":{"@id":"https:\/\/www.welovecycling.com\/pl\/#website"},"primaryImageOfPage":{"@id":"https:\/\/www.welovecycling.com\/pl\/2017\/10\/18\/przetrwaja-najlepsi-znamy-trase-tour-de-france-2018\/#primaryimage"},"image":{"@id":"https:\/\/www.welovecycling.com\/pl\/2017\/10\/18\/przetrwaja-najlepsi-znamy-trase-tour-de-france-2018\/#primaryimage"},"thumbnailUrl":"https:\/\/d2p6e6u75xmxt8.cloudfront.net\/5\/2017\/10\/07175-1.jpeg","datePublished":"2017-10-18T19:41:24+00:00","dateModified":"2017-10-25T10:53:10+00:00","author":{"@id":"https:\/\/www.welovecycling.com\/pl\/#\/schema\/person\/0dba2d39da943db9df3fd8f4687e7f23"},"breadcrumb":{"@id":"https:\/\/www.welovecycling.com\/pl\/2017\/10\/18\/przetrwaja-najlepsi-znamy-trase-tour-de-france-2018\/#breadcrumb"},"inLanguage":"pl-PL","potentialAction":[{"@type":"ReadAction","target":["https:\/\/www.welovecycling.com\/pl\/2017\/10\/18\/przetrwaja-najlepsi-znamy-trase-tour-de-france-2018\/"]}]},{"@type":"ImageObject","inLanguage":"pl-PL","@id":"https:\/\/www.welovecycling.com\/pl\/2017\/10\/18\/przetrwaja-najlepsi-znamy-trase-tour-de-france-2018\/#primaryimage","url":"https:\/\/d2p6e6u75xmxt8.cloudfront.net\/5\/2017\/10\/07175-1.jpeg","contentUrl":"https:\/\/d2p6e6u75xmxt8.cloudfront.net\/5\/2017\/10\/07175-1.jpeg","width":897,"height":600},{"@type":"BreadcrumbList","@id":"https:\/\/www.welovecycling.com\/pl\/2017\/10\/18\/przetrwaja-najlepsi-znamy-trase-tour-de-france-2018\/#breadcrumb","itemListElement":[{"@type":"ListItem","position":1,"name":"Home","item":"https:\/\/www.welovecycling.com\/pl\/"},{"@type":"ListItem","position":2,"name":"Przetrwaj\u0105 tylko najlepsi. Znamy tras\u0119 Tour de France 2018!"}]},{"@type":"WebSite","@id":"https:\/\/www.welovecycling.com\/pl\/#website","url":"https:\/\/www.welovecycling.com\/pl\/","name":"\u0160koda We Love Cycling - Poland","description":"","potentialAction":[{"@type":"SearchAction","target":{"@type":"EntryPoint","urlTemplate":"https:\/\/www.welovecycling.com\/pl\/?s={search_term_string}"},"query-input":{"@type":"PropertyValueSpecification","valueRequired":true,"valueName":"search_term_string"}}],"inLanguage":"pl-PL"},{"@type":"Person","@id":"https:\/\/www.welovecycling.com\/pl\/#\/schema\/person\/0dba2d39da943db9df3fd8f4687e7f23","name":"piotrboczkowski","image":{"@type":"ImageObject","inLanguage":"pl-PL","@id":"https:\/\/www.welovecycling.com\/pl\/#\/schema\/person\/image\/","url":"https:\/\/secure.gravatar.com\/avatar\/533caccae14752e03a2ce2d3fd62d1b98b93e1393c3195c27819e53344ca1ace?s=96&d=mm&r=g","contentUrl":"https:\/\/secure.gravatar.com\/avatar\/533caccae14752e03a2ce2d3fd62d1b98b93e1393c3195c27819e53344ca1ace?s=96&d=mm&r=g","caption":"piotrboczkowski"},"url":"https:\/\/www.welovecycling.com\/pl\/author\/piotrboczkowski\/"}]}},"_links":{"self":[{"href":"https:\/\/www.welovecycling.com\/pl\/wp-json\/wp\/v2\/posts\/5751","targetHints":{"allow":["GET"]}}],"collection":[{"href":"https:\/\/www.welovecycling.com\/pl\/wp-json\/wp\/v2\/posts"}],"about":[{"href":"https:\/\/www.welovecycling.com\/pl\/wp-json\/wp\/v2\/types\/post"}],"author":[{"embeddable":true,"href":"https:\/\/www.welovecycling.com\/pl\/wp-json\/wp\/v2\/users\/76"}],"replies":[{"embeddable":true,"href":"https:\/\/www.welovecycling.com\/pl\/wp-json\/wp\/v2\/comments?post=5751"}],"version-history":[{"count":2,"href":"https:\/\/www.welovecycling.com\/pl\/wp-json\/wp\/v2\/posts\/5751\/revisions"}],"predecessor-version":[{"id":5823,"href":"https:\/\/www.welovecycling.com\/pl\/wp-json\/wp\/v2\/posts\/5751\/revisions\/5823"}],"wp:featuredmedia":[{"embeddable":true,"href":"https:\/\/www.welovecycling.com\/pl\/wp-json\/wp\/v2\/media\/5754"}],"wp:attachment":[{"href":"https:\/\/www.welovecycling.com\/pl\/wp-json\/wp\/v2\/media?parent=5751"}],"wp:term":[{"taxonomy":"category","embeddable":true,"href":"https:\/\/www.welovecycling.com\/pl\/wp-json\/wp\/v2\/categories?post=5751"},{"taxonomy":"post_tag","embeddable":true,"href":"https:\/\/www.welovecycling.com\/pl\/wp-json\/wp\/v2\/tags?post=5751"},{"taxonomy":"global-categories","embeddable":true,"href":"https:\/\/www.welovecycling.com\/pl\/wp-json\/wp\/v2\/global-categories?post=5751"}],"curies":[{"name":"wp","href":"https:\/\/api.w.org\/{rel}","templated":true}]}}