{"id":5740,"date":"2017-10-18T11:08:46","date_gmt":"2017-10-18T11:08:46","guid":{"rendered":"https:\/\/www.welovecycling.com\/pl\/?p=5740"},"modified":"2017-10-23T08:58:57","modified_gmt":"2017-10-23T08:58:57","slug":"5740","status":"publish","type":"post","link":"https:\/\/www.welovecycling.com\/pl\/2017\/10\/18\/5740\/","title":{"rendered":"\u0160koda nap\u0119dza rowery &#8211; Bike Atelier Maraton"},"content":{"rendered":"<p>Sezon rowerowy 2017 up\u0142yn\u0105\u0142 pod znakiem wielu ciekawych imprez. Jedn\u0105 z nich by\u0142 cykl maraton\u00f3w rowerowych Bike Atelier Maraton. Zawody odbywa\u0142y si\u0119 w r\u00f3\u017cnych lokalizacjach w wojew\u00f3dztwie \u015bl\u0105skim. Pogoda by\u0142a zmienna \u2013 walczyli\u015bmy wsp\u00f3lnie zar\u00f3wno w deszczu, jak i w upale. Podczas ka\u017cdego z wy\u015bcig\u00f3w odbywa\u0142y si\u0119 te\u017c zawody dla najm\u0142odszych. Organizatorzy byli nastawieni do event\u00f3w rodzinnie i prosportowo, chodzi\u0142o o rywalizacj\u0119, ale i o zabaw\u0119. Ka\u017cdy, niezale\u017cnie od wieku i stopnia zaawansowania, m\u00f3g\u0142 znale\u017a\u0107 co\u015b dla siebie.<\/p>\n<p><a href=\"https:\/\/d2p6e6u75xmxt8.cloudfront.net\/5\/2017\/10\/2017_ustron_magdawojcik_320.jpg\"><img loading=\"lazy\" decoding=\"async\" class=\"alignnone size-extra-large wp-image-5741\" src=\"https:\/\/d2p6e6u75xmxt8.cloudfront.net\/5\/2017\/10\/2017_ustron_magdawojcik_320-1920x1371.jpg\" alt=\"\" width=\"1920\" height=\"1371\" srcset=\"https:\/\/d2p6e6u75xmxt8.cloudfront.net\/5\/2017\/10\/2017_ustron_magdawojcik_320.jpg 1920w, https:\/\/d2p6e6u75xmxt8.cloudfront.net\/5\/2017\/10\/2017_ustron_magdawojcik_320-300x214.jpg 300w, https:\/\/d2p6e6u75xmxt8.cloudfront.net\/5\/2017\/10\/2017_ustron_magdawojcik_320-768x548.jpg 768w, https:\/\/d2p6e6u75xmxt8.cloudfront.net\/5\/2017\/10\/2017_ustron_magdawojcik_320-1024x731.jpg 1024w, https:\/\/d2p6e6u75xmxt8.cloudfront.net\/5\/2017\/10\/2017_ustron_magdawojcik_320-1920x1371.jpg 1920w\" sizes=\"auto, (max-width: 1920px) 100vw, 1920px\" \/><\/a><\/p>\n<p><a href=\"https:\/\/d2p6e6u75xmxt8.cloudfront.net\/5\/2017\/10\/2017_ustron_magdawojcik_362.jpg\"><img loading=\"lazy\" decoding=\"async\" class=\"alignnone size-extra-large wp-image-5742\" src=\"https:\/\/d2p6e6u75xmxt8.cloudfront.net\/5\/2017\/10\/2017_ustron_magdawojcik_362-1920x1280.jpg\" alt=\"\" width=\"1920\" height=\"1280\" srcset=\"https:\/\/d2p6e6u75xmxt8.cloudfront.net\/5\/2017\/10\/2017_ustron_magdawojcik_362.jpg 1920w, https:\/\/d2p6e6u75xmxt8.cloudfront.net\/5\/2017\/10\/2017_ustron_magdawojcik_362-300x200.jpg 300w, https:\/\/d2p6e6u75xmxt8.cloudfront.net\/5\/2017\/10\/2017_ustron_magdawojcik_362-768x512.jpg 768w, https:\/\/d2p6e6u75xmxt8.cloudfront.net\/5\/2017\/10\/2017_ustron_magdawojcik_362-1024x683.jpg 1024w, https:\/\/d2p6e6u75xmxt8.cloudfront.net\/5\/2017\/10\/2017_ustron_magdawojcik_362-272x182.jpg 272w, https:\/\/d2p6e6u75xmxt8.cloudfront.net\/5\/2017\/10\/2017_ustron_magdawojcik_362-1920x1280.jpg 1920w\" sizes=\"auto, (max-width: 1920px) 100vw, 1920px\" \/><\/a><\/p>\n<p><a href=\"https:\/\/d2p6e6u75xmxt8.cloudfront.net\/5\/2017\/10\/2017_ustron_magdawojcik_343.jpg\"><img loading=\"lazy\" decoding=\"async\" class=\"alignnone size-extra-large wp-image-5743\" src=\"https:\/\/d2p6e6u75xmxt8.cloudfront.net\/5\/2017\/10\/2017_ustron_magdawojcik_343-1920x1371.jpg\" alt=\"\" width=\"1920\" height=\"1371\" srcset=\"https:\/\/d2p6e6u75xmxt8.cloudfront.net\/5\/2017\/10\/2017_ustron_magdawojcik_343.jpg 1920w, https:\/\/d2p6e6u75xmxt8.cloudfront.net\/5\/2017\/10\/2017_ustron_magdawojcik_343-300x214.jpg 300w, https:\/\/d2p6e6u75xmxt8.cloudfront.net\/5\/2017\/10\/2017_ustron_magdawojcik_343-768x548.jpg 768w, https:\/\/d2p6e6u75xmxt8.cloudfront.net\/5\/2017\/10\/2017_ustron_magdawojcik_343-1024x731.jpg 1024w, https:\/\/d2p6e6u75xmxt8.cloudfront.net\/5\/2017\/10\/2017_ustron_magdawojcik_343-1920x1371.jpg 1920w\" sizes=\"auto, (max-width: 1920px) 100vw, 1920px\" \/><\/a><\/p>\n<p>(\u017ar\u00f3d\u0142o zdj\u0119\u0107: bikeateliermaraton.pl, fot.: Magdalena W\u00f3jcik)<\/p>\n<p>Autoryzowany dealer \u0160koda Lellek Gliwice jako sponsor g\u0142\u00f3wny bra\u0142 czynny udzia\u0142 w ka\u017cdym maratonie. W specjalnej strefie \u0160KODY mo\u017cna by\u0142o si\u0119 zapozna\u0107 z samochodami marki \u0160koda albo skorzysta\u0107 z le\u017cak\u00f3w w strefie relaksu (przydatne szczeg\u00f3lnie po wy\u015bcigu;). Na uczestnik\u00f3w czeka\u0142y te\u017c gry i zabawy, przewidziano nagrody dla dzieci w postaci wakacyjnych gad\u017cet\u00f3w od \u0160KODY.<\/p>\n<p>Koniec maraton\u00f3w Bike Atelier Maraton oznacza dla nas jedno \u2013 koniec sezonu rowerowego i nadchodz\u0105c\u0105 zim\u0119. Nie mo\u017cemy si\u0119 doczeka\u0107 kolejnej, przysz\u0142orocznej edycji. Gratulujemy wszystkim wytrwa\u0142ym, kt\u00f3rzy cyklicznie brali udzia\u0142 w maratonach. Do zobaczenia w kwietniu 2018!<\/p>\n<p>Galeria zdj\u0119\u0107 z wydarze\u0144 oraz pe\u0142na relacja z ka\u017cdego dnia zmaga\u0144 dost\u0119pna na stronie <a href=\"http:\/\/bikeateliermaraton.pl\/\">http:\/\/bikeateliermaraton.pl\/<\/a><\/p>\n<p>&nbsp;<\/p>\n","protected":false},"excerpt":{"rendered":"<p>Sezon rowerowy 2017 up\u0142yn\u0105\u0142 pod znakiem wielu ciekawych imprez. Jedn\u0105 z nich by\u0142 cykl maraton\u00f3w rowerowych Bike Atelier Maraton. Zawody [&hellip;]<\/p>\n","protected":false},"author":76,"featured_media":5747,"comment_status":"open","ping_status":"open","sticky":false,"template":"","format":"standard","meta":{"footnotes":""},"categories":[1],"tags":[138,66,82,137],"global-categories":[],"class_list":["post-5740","post","type-post","status-publish","format-standard","has-post-thumbnail","hentry","category-uncategorized","tag-relacje","tag-skodanapedzarowery","tag-welovecycling","tag-wyscigi"],"yoast_head":"<!-- This site is optimized with the Yoast SEO Premium plugin v25.3 (Yoast SEO v25.9) - https:\/\/yoast.com\/wordpress\/plugins\/seo\/ -->\n<title>\u0160koda nap\u0119dza rowery - Bike Atelier Maraton - \u0160koda We Love Cycling - Poland<\/title>\n<meta name=\"robots\" content=\"index, follow, max-snippet:-1, max-image-preview:large, max-video-preview:-1\" \/>\n<link rel=\"canonical\" href=\"https:\/\/www.welovecycling.com\/pl\/2017\/10\/18\/5740\/\" \/>\n<meta property=\"og:locale\" content=\"pl_PL\" \/>\n<meta property=\"og:type\" content=\"article\" \/>\n<meta property=\"og:title\" content=\"\u0160koda nap\u0119dza rowery - Bike Atelier Maraton\" \/>\n<meta property=\"og:description\" content=\"Sezon rowerowy 2017 up\u0142yn\u0105\u0142 pod znakiem wielu ciekawych imprez. Jedn\u0105 z nich by\u0142 cykl maraton\u00f3w rowerowych Bike Atelier Maraton. Zawody [&hellip;]\" \/>\n<meta property=\"og:url\" content=\"https:\/\/www.welovecycling.com\/pl\/2017\/10\/18\/5740\/\" \/>\n<meta property=\"og:site_name\" content=\"\u0160koda We Love Cycling - Poland\" \/>\n<meta property=\"article:published_time\" content=\"2017-10-18T11:08:46+00:00\" \/>\n<meta property=\"article:modified_time\" content=\"2017-10-23T08:58:57+00:00\" \/>\n<meta property=\"og:image\" content=\"https:\/\/d2p6e6u75xmxt8.cloudfront.net\/5\/2017\/10\/2017_olkusz_pause_012-1.jpg\" \/>\n\t<meta property=\"og:image:width\" content=\"1920\" \/>\n\t<meta property=\"og:image:height\" content=\"1280\" \/>\n\t<meta property=\"og:image:type\" content=\"image\/jpeg\" \/>\n<meta name=\"author\" content=\"piotrboczkowski\" \/>\n<meta name=\"twitter:card\" content=\"summary_large_image\" \/>\n<meta name=\"twitter:label1\" content=\"Written by\" \/>\n\t<meta name=\"twitter:data1\" content=\"WeLoveCycling\" \/>\n\t<meta name=\"twitter:label2\" content=\"Est. reading time\" \/>\n\t<meta name=\"twitter:data2\" content=\"1 minute\" \/>\n<script type=\"application\/ld+json\" class=\"yoast-schema-graph\">{\"@context\":\"https:\/\/schema.org\",\"@graph\":[{\"@type\":\"WebPage\",\"@id\":\"https:\/\/www.welovecycling.com\/pl\/2017\/10\/18\/5740\/\",\"url\":\"https:\/\/www.welovecycling.com\/pl\/2017\/10\/18\/5740\/\",\"name\":\"\u0160koda nap\u0119dza rowery - Bike Atelier Maraton - \u0160koda We Love Cycling - Poland\",\"isPartOf\":{\"@id\":\"https:\/\/www.welovecycling.com\/pl\/#website\"},\"primaryImageOfPage\":{\"@id\":\"https:\/\/www.welovecycling.com\/pl\/2017\/10\/18\/5740\/#primaryimage\"},\"image\":{\"@id\":\"https:\/\/www.welovecycling.com\/pl\/2017\/10\/18\/5740\/#primaryimage\"},\"thumbnailUrl\":\"https:\/\/d2p6e6u75xmxt8.cloudfront.net\/5\/2017\/10\/2017_olkusz_pause_012-1.jpg\",\"datePublished\":\"2017-10-18T11:08:46+00:00\",\"dateModified\":\"2017-10-23T08:58:57+00:00\",\"author\":{\"@id\":\"https:\/\/www.welovecycling.com\/pl\/#\/schema\/person\/0dba2d39da943db9df3fd8f4687e7f23\"},\"breadcrumb\":{\"@id\":\"https:\/\/www.welovecycling.com\/pl\/2017\/10\/18\/5740\/#breadcrumb\"},\"inLanguage\":\"pl-PL\",\"potentialAction\":[{\"@type\":\"ReadAction\",\"target\":[\"https:\/\/www.welovecycling.com\/pl\/2017\/10\/18\/5740\/\"]}]},{\"@type\":\"ImageObject\",\"inLanguage\":\"pl-PL\",\"@id\":\"https:\/\/www.welovecycling.com\/pl\/2017\/10\/18\/5740\/#primaryimage\",\"url\":\"https:\/\/d2p6e6u75xmxt8.cloudfront.net\/5\/2017\/10\/2017_olkusz_pause_012-1.jpg\",\"contentUrl\":\"https:\/\/d2p6e6u75xmxt8.cloudfront.net\/5\/2017\/10\/2017_olkusz_pause_012-1.jpg\",\"width\":1920,\"height\":1280},{\"@type\":\"BreadcrumbList\",\"@id\":\"https:\/\/www.welovecycling.com\/pl\/2017\/10\/18\/5740\/#breadcrumb\",\"itemListElement\":[{\"@type\":\"ListItem\",\"position\":1,\"name\":\"Home\",\"item\":\"https:\/\/www.welovecycling.com\/pl\/\"},{\"@type\":\"ListItem\",\"position\":2,\"name\":\"\u0160koda nap\u0119dza rowery &#8211; Bike Atelier Maraton\"}]},{\"@type\":\"WebSite\",\"@id\":\"https:\/\/www.welovecycling.com\/pl\/#website\",\"url\":\"https:\/\/www.welovecycling.com\/pl\/\",\"name\":\"\u0160koda We Love Cycling - Poland\",\"description\":\"\",\"potentialAction\":[{\"@type\":\"SearchAction\",\"target\":{\"@type\":\"EntryPoint\",\"urlTemplate\":\"https:\/\/www.welovecycling.com\/pl\/?s={search_term_string}\"},\"query-input\":{\"@type\":\"PropertyValueSpecification\",\"valueRequired\":true,\"valueName\":\"search_term_string\"}}],\"inLanguage\":\"pl-PL\"},{\"@type\":\"Person\",\"@id\":\"https:\/\/www.welovecycling.com\/pl\/#\/schema\/person\/0dba2d39da943db9df3fd8f4687e7f23\",\"name\":\"piotrboczkowski\",\"image\":{\"@type\":\"ImageObject\",\"inLanguage\":\"pl-PL\",\"@id\":\"https:\/\/www.welovecycling.com\/pl\/#\/schema\/person\/image\/\",\"url\":\"https:\/\/secure.gravatar.com\/avatar\/533caccae14752e03a2ce2d3fd62d1b98b93e1393c3195c27819e53344ca1ace?s=96&d=mm&r=g\",\"contentUrl\":\"https:\/\/secure.gravatar.com\/avatar\/533caccae14752e03a2ce2d3fd62d1b98b93e1393c3195c27819e53344ca1ace?s=96&d=mm&r=g\",\"caption\":\"piotrboczkowski\"},\"url\":\"https:\/\/www.welovecycling.com\/pl\/author\/piotrboczkowski\/\"}]}<\/script>\n<!-- \/ Yoast SEO Premium plugin. -->","yoast_head_json":{"title":"\u0160koda nap\u0119dza rowery - Bike Atelier Maraton - \u0160koda We Love Cycling - Poland","robots":{"index":"index","follow":"follow","max-snippet":"max-snippet:-1","max-image-preview":"max-image-preview:large","max-video-preview":"max-video-preview:-1"},"canonical":"https:\/\/www.welovecycling.com\/pl\/2017\/10\/18\/5740\/","og_locale":"pl_PL","og_type":"article","og_title":"\u0160koda nap\u0119dza rowery - Bike Atelier Maraton","og_description":"Sezon rowerowy 2017 up\u0142yn\u0105\u0142 pod znakiem wielu ciekawych imprez. Jedn\u0105 z nich by\u0142 cykl maraton\u00f3w rowerowych Bike Atelier Maraton. Zawody [&hellip;]","og_url":"https:\/\/www.welovecycling.com\/pl\/2017\/10\/18\/5740\/","og_site_name":"\u0160koda We Love Cycling - Poland","article_published_time":"2017-10-18T11:08:46+00:00","article_modified_time":"2017-10-23T08:58:57+00:00","og_image":[{"width":1920,"height":1280,"url":"https:\/\/d2p6e6u75xmxt8.cloudfront.net\/5\/2017\/10\/2017_olkusz_pause_012-1.jpg","type":"image\/jpeg"}],"author":"piotrboczkowski","twitter_card":"summary_large_image","twitter_misc":{"Written by":"WeLoveCycling","Est. reading time":"1 minute"},"schema":{"@context":"https:\/\/schema.org","@graph":[{"@type":"WebPage","@id":"https:\/\/www.welovecycling.com\/pl\/2017\/10\/18\/5740\/","url":"https:\/\/www.welovecycling.com\/pl\/2017\/10\/18\/5740\/","name":"\u0160koda nap\u0119dza rowery - Bike Atelier Maraton - \u0160koda We Love Cycling - Poland","isPartOf":{"@id":"https:\/\/www.welovecycling.com\/pl\/#website"},"primaryImageOfPage":{"@id":"https:\/\/www.welovecycling.com\/pl\/2017\/10\/18\/5740\/#primaryimage"},"image":{"@id":"https:\/\/www.welovecycling.com\/pl\/2017\/10\/18\/5740\/#primaryimage"},"thumbnailUrl":"https:\/\/d2p6e6u75xmxt8.cloudfront.net\/5\/2017\/10\/2017_olkusz_pause_012-1.jpg","datePublished":"2017-10-18T11:08:46+00:00","dateModified":"2017-10-23T08:58:57+00:00","author":{"@id":"https:\/\/www.welovecycling.com\/pl\/#\/schema\/person\/0dba2d39da943db9df3fd8f4687e7f23"},"breadcrumb":{"@id":"https:\/\/www.welovecycling.com\/pl\/2017\/10\/18\/5740\/#breadcrumb"},"inLanguage":"pl-PL","potentialAction":[{"@type":"ReadAction","target":["https:\/\/www.welovecycling.com\/pl\/2017\/10\/18\/5740\/"]}]},{"@type":"ImageObject","inLanguage":"pl-PL","@id":"https:\/\/www.welovecycling.com\/pl\/2017\/10\/18\/5740\/#primaryimage","url":"https:\/\/d2p6e6u75xmxt8.cloudfront.net\/5\/2017\/10\/2017_olkusz_pause_012-1.jpg","contentUrl":"https:\/\/d2p6e6u75xmxt8.cloudfront.net\/5\/2017\/10\/2017_olkusz_pause_012-1.jpg","width":1920,"height":1280},{"@type":"BreadcrumbList","@id":"https:\/\/www.welovecycling.com\/pl\/2017\/10\/18\/5740\/#breadcrumb","itemListElement":[{"@type":"ListItem","position":1,"name":"Home","item":"https:\/\/www.welovecycling.com\/pl\/"},{"@type":"ListItem","position":2,"name":"\u0160koda nap\u0119dza rowery &#8211; Bike Atelier Maraton"}]},{"@type":"WebSite","@id":"https:\/\/www.welovecycling.com\/pl\/#website","url":"https:\/\/www.welovecycling.com\/pl\/","name":"\u0160koda We Love Cycling - Poland","description":"","potentialAction":[{"@type":"SearchAction","target":{"@type":"EntryPoint","urlTemplate":"https:\/\/www.welovecycling.com\/pl\/?s={search_term_string}"},"query-input":{"@type":"PropertyValueSpecification","valueRequired":true,"valueName":"search_term_string"}}],"inLanguage":"pl-PL"},{"@type":"Person","@id":"https:\/\/www.welovecycling.com\/pl\/#\/schema\/person\/0dba2d39da943db9df3fd8f4687e7f23","name":"piotrboczkowski","image":{"@type":"ImageObject","inLanguage":"pl-PL","@id":"https:\/\/www.welovecycling.com\/pl\/#\/schema\/person\/image\/","url":"https:\/\/secure.gravatar.com\/avatar\/533caccae14752e03a2ce2d3fd62d1b98b93e1393c3195c27819e53344ca1ace?s=96&d=mm&r=g","contentUrl":"https:\/\/secure.gravatar.com\/avatar\/533caccae14752e03a2ce2d3fd62d1b98b93e1393c3195c27819e53344ca1ace?s=96&d=mm&r=g","caption":"piotrboczkowski"},"url":"https:\/\/www.welovecycling.com\/pl\/author\/piotrboczkowski\/"}]}},"_links":{"self":[{"href":"https:\/\/www.welovecycling.com\/pl\/wp-json\/wp\/v2\/posts\/5740","targetHints":{"allow":["GET"]}}],"collection":[{"href":"https:\/\/www.welovecycling.com\/pl\/wp-json\/wp\/v2\/posts"}],"about":[{"href":"https:\/\/www.welovecycling.com\/pl\/wp-json\/wp\/v2\/types\/post"}],"author":[{"embeddable":true,"href":"https:\/\/www.welovecycling.com\/pl\/wp-json\/wp\/v2\/users\/76"}],"replies":[{"embeddable":true,"href":"https:\/\/www.welovecycling.com\/pl\/wp-json\/wp\/v2\/comments?post=5740"}],"version-history":[{"count":2,"href":"https:\/\/www.welovecycling.com\/pl\/wp-json\/wp\/v2\/posts\/5740\/revisions"}],"predecessor-version":[{"id":5803,"href":"https:\/\/www.welovecycling.com\/pl\/wp-json\/wp\/v2\/posts\/5740\/revisions\/5803"}],"wp:featuredmedia":[{"embeddable":true,"href":"https:\/\/www.welovecycling.com\/pl\/wp-json\/wp\/v2\/media\/5747"}],"wp:attachment":[{"href":"https:\/\/www.welovecycling.com\/pl\/wp-json\/wp\/v2\/media?parent=5740"}],"wp:term":[{"taxonomy":"category","embeddable":true,"href":"https:\/\/www.welovecycling.com\/pl\/wp-json\/wp\/v2\/categories?post=5740"},{"taxonomy":"post_tag","embeddable":true,"href":"https:\/\/www.welovecycling.com\/pl\/wp-json\/wp\/v2\/tags?post=5740"},{"taxonomy":"global-categories","embeddable":true,"href":"https:\/\/www.welovecycling.com\/pl\/wp-json\/wp\/v2\/global-categories?post=5740"}],"curies":[{"name":"wp","href":"https:\/\/api.w.org\/{rel}","templated":true}]}}