{"id":5727,"date":"2017-10-18T10:32:47","date_gmt":"2017-10-18T10:32:47","guid":{"rendered":"https:\/\/www.welovecycling.com\/pl\/?p=5727"},"modified":"2017-10-21T20:20:35","modified_gmt":"2017-10-21T20:20:35","slug":"majka-days-2017","status":"publish","type":"post","link":"https:\/\/www.welovecycling.com\/pl\/2017\/10\/18\/majka-days-2017\/","title":{"rendered":"Majka Days 2017"},"content":{"rendered":"<p>Mo\u017cliwo\u015b\u0107 rywalizacji rami\u0119 w rami\u0119 z medalist\u0105 olimpijskim z Rio de Janeiro Rafa\u0142em Majk\u0105 \u015bci\u0105gn\u0119\u0142a do Krynicy-Zdroju prawdziwe t\u0142umy mi\u0142o\u015bnik\u00f3w kolarstwa. Impreza by\u0142a tym bardziej ekscytuj\u0105ca, \u017ce mistrz olimpijski obj\u0105\u0142 j\u0105 swoim patronatem!<\/p>\n<p><a href=\"https:\/\/d2p6e6u75xmxt8.cloudfront.net\/5\/2017\/10\/20170919_011-1024x683.jpg\"><img loading=\"lazy\" decoding=\"async\" class=\"alignnone size-extra-large wp-image-5731\" src=\"https:\/\/d2p6e6u75xmxt8.cloudfront.net\/5\/2017\/10\/20170919_011-1024x683.jpg\" alt=\"\" width=\"1024\" height=\"683\" srcset=\"https:\/\/d2p6e6u75xmxt8.cloudfront.net\/5\/2017\/10\/20170919_011-1024x683.jpg 1024w, https:\/\/d2p6e6u75xmxt8.cloudfront.net\/5\/2017\/10\/20170919_011-1024x683-300x200.jpg 300w, https:\/\/d2p6e6u75xmxt8.cloudfront.net\/5\/2017\/10\/20170919_011-1024x683-768x512.jpg 768w, https:\/\/d2p6e6u75xmxt8.cloudfront.net\/5\/2017\/10\/20170919_011-1024x683-272x182.jpg 272w\" sizes=\"auto, (max-width: 1024px) 100vw, 1024px\" \/><\/a><\/p>\n<p><a href=\"https:\/\/d2p6e6u75xmxt8.cloudfront.net\/5\/2017\/10\/20170919_015-1024x689.jpg\"><img loading=\"lazy\" decoding=\"async\" class=\"alignnone size-full wp-image-5733\" src=\"https:\/\/d2p6e6u75xmxt8.cloudfront.net\/5\/2017\/10\/20170919_015-1024x689.jpg\" alt=\"\" width=\"1024\" height=\"689\" srcset=\"https:\/\/d2p6e6u75xmxt8.cloudfront.net\/5\/2017\/10\/20170919_015-1024x689.jpg 1024w, https:\/\/d2p6e6u75xmxt8.cloudfront.net\/5\/2017\/10\/20170919_015-1024x689-300x202.jpg 300w, https:\/\/d2p6e6u75xmxt8.cloudfront.net\/5\/2017\/10\/20170919_015-1024x689-768x517.jpg 768w, https:\/\/d2p6e6u75xmxt8.cloudfront.net\/5\/2017\/10\/20170919_015-1024x689-272x182.jpg 272w\" sizes=\"auto, (max-width: 1024px) 100vw, 1024px\" \/><\/a><\/p>\n<p><a href=\"https:\/\/d2p6e6u75xmxt8.cloudfront.net\/5\/2017\/10\/20170919_036-1024x683.jpg\"><img loading=\"lazy\" decoding=\"async\" class=\"alignnone size-extra-large wp-image-5734\" src=\"https:\/\/d2p6e6u75xmxt8.cloudfront.net\/5\/2017\/10\/20170919_036-1024x683.jpg\" alt=\"\" width=\"1024\" height=\"683\" srcset=\"https:\/\/d2p6e6u75xmxt8.cloudfront.net\/5\/2017\/10\/20170919_036-1024x683.jpg 1024w, https:\/\/d2p6e6u75xmxt8.cloudfront.net\/5\/2017\/10\/20170919_036-1024x683-300x200.jpg 300w, https:\/\/d2p6e6u75xmxt8.cloudfront.net\/5\/2017\/10\/20170919_036-1024x683-768x512.jpg 768w, https:\/\/d2p6e6u75xmxt8.cloudfront.net\/5\/2017\/10\/20170919_036-1024x683-272x182.jpg 272w\" sizes=\"auto, (max-width: 1024px) 100vw, 1024px\" \/><\/a><\/p>\n<p>Uczestnik\u00f3w nie przestraszy\u0142a ani pogoda, ani padaj\u0105cy intensywnie deszcz. Wielu kolarzy zmaga\u0142o si\u0119 ze sob\u0105 na sobotniej czas\u00f3wce i podczas niedzielnych wy\u015bcig\u00f3w na trzech r\u00f3\u017cnych dystansach. Nie zabrak\u0142o w\u015br\u00f3d nich patrona \u2013 Rafa\u0142a Majki, kt\u00f3ry opr\u00f3cz aktywnego uczestnictwa w zawodach musia\u0142 r\u00f3wnie\u017c pe\u0142ni\u0107 obowi\u0105zki gospodarza. Nie trzeba chyba wspomina\u0107, \u017ce poradzi\u0142 sobie z tym zadaniem wy\u015bmienicie! Ka\u017cdy ch\u0119tny m\u00f3g\u0142 liczy\u0107 na pami\u0105tkowe zdj\u0119cie i autograf Mistrza.<\/p>\n<p>W organizacj\u0119 wy\u015bcigu czynnie w\u0142\u0105czy\u0142a si\u0119\u00a0marka <strong>\u0160koda Polska<\/strong>, kt\u00f3ra od lat nap\u0119dza rowery w ca\u0142ej Polsce. Poka\u017ana flota samochod\u00f3w pomog\u0142a organizatorom w obs\u0142udze i zabezpieczeniu wy\u015bcigu.<\/p>\n<p><a href=\"https:\/\/d2p6e6u75xmxt8.cloudfront.net\/5\/2017\/10\/20170919_049-1024x583.jpg\"><img loading=\"lazy\" decoding=\"async\" class=\"alignnone size-full wp-image-5736\" src=\"https:\/\/d2p6e6u75xmxt8.cloudfront.net\/5\/2017\/10\/20170919_049-1024x583.jpg\" alt=\"\" width=\"1024\" height=\"583\" srcset=\"https:\/\/d2p6e6u75xmxt8.cloudfront.net\/5\/2017\/10\/20170919_049-1024x583.jpg 1024w, https:\/\/d2p6e6u75xmxt8.cloudfront.net\/5\/2017\/10\/20170919_049-1024x583-300x171.jpg 300w, https:\/\/d2p6e6u75xmxt8.cloudfront.net\/5\/2017\/10\/20170919_049-1024x583-768x437.jpg 768w\" sizes=\"auto, (max-width: 1024px) 100vw, 1024px\" \/><\/a><\/p>\n<p>Ekipa autoryzowanego dealera<strong> \u0160koda Autoremo Nowy S\u0105cz<\/strong> oraz <strong>Grupa Autoremo<\/strong>, jako lokalni przedstawiciele marki, r\u00f3wnie\u017c sp\u0119dzili weekend z amatorami kolarstwa. G\u0142o\u015bno dopingowali\u015bmy zawodnik\u00f3w, a najbardziej walecznym podarowali\u015bmy rowerowe gad\u017cety od \u0160KODY. Nie zabrak\u0142o r\u00f3wnie\u017c konkurs\u00f3w z nagrodami. Nie mo\u017cemy si\u0119 doczeka\u0107 kolejnej edycji!<\/p>\n<p>(\u017ar\u00f3d\u0142o zdj\u0119\u0107: www.autoremo.pl)<\/p>\n","protected":false},"excerpt":{"rendered":"<p>Mo\u017cliwo\u015b\u0107 rywalizacji rami\u0119 w rami\u0119 z medalist\u0105 olimpijskim z Rio de Janeiro Rafa\u0142em Majk\u0105 \u015bci\u0105gn\u0119\u0142a do Krynicy-Zdroju prawdziwe t\u0142umy mi\u0142o\u015bnik\u00f3w [&hellip;]<\/p>\n","protected":false},"author":76,"featured_media":5730,"comment_status":"open","ping_status":"open","sticky":false,"template":"","format":"standard","meta":{"footnotes":""},"categories":[1],"tags":[138,137],"global-categories":[],"class_list":["post-5727","post","type-post","status-publish","format-standard","has-post-thumbnail","hentry","category-uncategorized","tag-relacje","tag-wyscigi"],"yoast_head":"<!-- This site is optimized with the Yoast SEO Premium plugin v25.3 (Yoast SEO v25.9) - https:\/\/yoast.com\/wordpress\/plugins\/seo\/ -->\n<title>Majka Days 2017 - \u0160koda We Love Cycling - Poland<\/title>\n<meta name=\"robots\" content=\"index, follow, max-snippet:-1, max-image-preview:large, max-video-preview:-1\" \/>\n<link rel=\"canonical\" href=\"https:\/\/www.welovecycling.com\/pl\/2017\/10\/18\/majka-days-2017\/\" \/>\n<meta property=\"og:locale\" content=\"pl_PL\" \/>\n<meta property=\"og:type\" content=\"article\" \/>\n<meta property=\"og:title\" content=\"Majka Days 2017\" \/>\n<meta property=\"og:description\" content=\"Mo\u017cliwo\u015b\u0107 rywalizacji rami\u0119 w rami\u0119 z medalist\u0105 olimpijskim z Rio de Janeiro Rafa\u0142em Majk\u0105 \u015bci\u0105gn\u0119\u0142a do Krynicy-Zdroju prawdziwe t\u0142umy mi\u0142o\u015bnik\u00f3w [&hellip;]\" \/>\n<meta property=\"og:url\" content=\"https:\/\/www.welovecycling.com\/pl\/2017\/10\/18\/majka-days-2017\/\" \/>\n<meta property=\"og:site_name\" content=\"\u0160koda We Love Cycling - Poland\" \/>\n<meta property=\"article:published_time\" content=\"2017-10-18T10:32:47+00:00\" \/>\n<meta property=\"article:modified_time\" content=\"2017-10-21T20:20:35+00:00\" \/>\n<meta property=\"og:image\" content=\"https:\/\/d2p6e6u75xmxt8.cloudfront.net\/5\/2017\/10\/20170919_045-1024x634.jpg\" \/>\n\t<meta property=\"og:image:width\" content=\"1024\" \/>\n\t<meta property=\"og:image:height\" content=\"634\" \/>\n\t<meta property=\"og:image:type\" content=\"image\/jpeg\" \/>\n<meta name=\"author\" content=\"piotrboczkowski\" \/>\n<meta name=\"twitter:card\" content=\"summary_large_image\" \/>\n<meta name=\"twitter:label1\" content=\"Written by\" \/>\n\t<meta name=\"twitter:data1\" content=\"WeLoveCycling\" \/>\n\t<meta name=\"twitter:label2\" content=\"Est. reading time\" \/>\n\t<meta name=\"twitter:data2\" content=\"1 minute\" \/>\n<script type=\"application\/ld+json\" class=\"yoast-schema-graph\">{\"@context\":\"https:\/\/schema.org\",\"@graph\":[{\"@type\":\"WebPage\",\"@id\":\"https:\/\/www.welovecycling.com\/pl\/2017\/10\/18\/majka-days-2017\/\",\"url\":\"https:\/\/www.welovecycling.com\/pl\/2017\/10\/18\/majka-days-2017\/\",\"name\":\"Majka Days 2017 - \u0160koda We Love Cycling - Poland\",\"isPartOf\":{\"@id\":\"https:\/\/www.welovecycling.com\/pl\/#website\"},\"primaryImageOfPage\":{\"@id\":\"https:\/\/www.welovecycling.com\/pl\/2017\/10\/18\/majka-days-2017\/#primaryimage\"},\"image\":{\"@id\":\"https:\/\/www.welovecycling.com\/pl\/2017\/10\/18\/majka-days-2017\/#primaryimage\"},\"thumbnailUrl\":\"https:\/\/d2p6e6u75xmxt8.cloudfront.net\/5\/2017\/10\/20170919_045-1024x634.jpg\",\"datePublished\":\"2017-10-18T10:32:47+00:00\",\"dateModified\":\"2017-10-21T20:20:35+00:00\",\"author\":{\"@id\":\"https:\/\/www.welovecycling.com\/pl\/#\/schema\/person\/0dba2d39da943db9df3fd8f4687e7f23\"},\"breadcrumb\":{\"@id\":\"https:\/\/www.welovecycling.com\/pl\/2017\/10\/18\/majka-days-2017\/#breadcrumb\"},\"inLanguage\":\"pl-PL\",\"potentialAction\":[{\"@type\":\"ReadAction\",\"target\":[\"https:\/\/www.welovecycling.com\/pl\/2017\/10\/18\/majka-days-2017\/\"]}]},{\"@type\":\"ImageObject\",\"inLanguage\":\"pl-PL\",\"@id\":\"https:\/\/www.welovecycling.com\/pl\/2017\/10\/18\/majka-days-2017\/#primaryimage\",\"url\":\"https:\/\/d2p6e6u75xmxt8.cloudfront.net\/5\/2017\/10\/20170919_045-1024x634.jpg\",\"contentUrl\":\"https:\/\/d2p6e6u75xmxt8.cloudfront.net\/5\/2017\/10\/20170919_045-1024x634.jpg\",\"width\":1024,\"height\":634},{\"@type\":\"BreadcrumbList\",\"@id\":\"https:\/\/www.welovecycling.com\/pl\/2017\/10\/18\/majka-days-2017\/#breadcrumb\",\"itemListElement\":[{\"@type\":\"ListItem\",\"position\":1,\"name\":\"Home\",\"item\":\"https:\/\/www.welovecycling.com\/pl\/\"},{\"@type\":\"ListItem\",\"position\":2,\"name\":\"Majka Days 2017\"}]},{\"@type\":\"WebSite\",\"@id\":\"https:\/\/www.welovecycling.com\/pl\/#website\",\"url\":\"https:\/\/www.welovecycling.com\/pl\/\",\"name\":\"\u0160koda We Love Cycling - Poland\",\"description\":\"\",\"potentialAction\":[{\"@type\":\"SearchAction\",\"target\":{\"@type\":\"EntryPoint\",\"urlTemplate\":\"https:\/\/www.welovecycling.com\/pl\/?s={search_term_string}\"},\"query-input\":{\"@type\":\"PropertyValueSpecification\",\"valueRequired\":true,\"valueName\":\"search_term_string\"}}],\"inLanguage\":\"pl-PL\"},{\"@type\":\"Person\",\"@id\":\"https:\/\/www.welovecycling.com\/pl\/#\/schema\/person\/0dba2d39da943db9df3fd8f4687e7f23\",\"name\":\"piotrboczkowski\",\"image\":{\"@type\":\"ImageObject\",\"inLanguage\":\"pl-PL\",\"@id\":\"https:\/\/www.welovecycling.com\/pl\/#\/schema\/person\/image\/\",\"url\":\"https:\/\/secure.gravatar.com\/avatar\/533caccae14752e03a2ce2d3fd62d1b98b93e1393c3195c27819e53344ca1ace?s=96&d=mm&r=g\",\"contentUrl\":\"https:\/\/secure.gravatar.com\/avatar\/533caccae14752e03a2ce2d3fd62d1b98b93e1393c3195c27819e53344ca1ace?s=96&d=mm&r=g\",\"caption\":\"piotrboczkowski\"},\"url\":\"https:\/\/www.welovecycling.com\/pl\/author\/piotrboczkowski\/\"}]}<\/script>\n<!-- \/ Yoast SEO Premium plugin. -->","yoast_head_json":{"title":"Majka Days 2017 - \u0160koda We Love Cycling - Poland","robots":{"index":"index","follow":"follow","max-snippet":"max-snippet:-1","max-image-preview":"max-image-preview:large","max-video-preview":"max-video-preview:-1"},"canonical":"https:\/\/www.welovecycling.com\/pl\/2017\/10\/18\/majka-days-2017\/","og_locale":"pl_PL","og_type":"article","og_title":"Majka Days 2017","og_description":"Mo\u017cliwo\u015b\u0107 rywalizacji rami\u0119 w rami\u0119 z medalist\u0105 olimpijskim z Rio de Janeiro Rafa\u0142em Majk\u0105 \u015bci\u0105gn\u0119\u0142a do Krynicy-Zdroju prawdziwe t\u0142umy mi\u0142o\u015bnik\u00f3w [&hellip;]","og_url":"https:\/\/www.welovecycling.com\/pl\/2017\/10\/18\/majka-days-2017\/","og_site_name":"\u0160koda We Love Cycling - Poland","article_published_time":"2017-10-18T10:32:47+00:00","article_modified_time":"2017-10-21T20:20:35+00:00","og_image":[{"width":1024,"height":634,"url":"https:\/\/d2p6e6u75xmxt8.cloudfront.net\/5\/2017\/10\/20170919_045-1024x634.jpg","type":"image\/jpeg"}],"author":"piotrboczkowski","twitter_card":"summary_large_image","twitter_misc":{"Written by":"WeLoveCycling","Est. reading time":"1 minute"},"schema":{"@context":"https:\/\/schema.org","@graph":[{"@type":"WebPage","@id":"https:\/\/www.welovecycling.com\/pl\/2017\/10\/18\/majka-days-2017\/","url":"https:\/\/www.welovecycling.com\/pl\/2017\/10\/18\/majka-days-2017\/","name":"Majka Days 2017 - \u0160koda We Love Cycling - Poland","isPartOf":{"@id":"https:\/\/www.welovecycling.com\/pl\/#website"},"primaryImageOfPage":{"@id":"https:\/\/www.welovecycling.com\/pl\/2017\/10\/18\/majka-days-2017\/#primaryimage"},"image":{"@id":"https:\/\/www.welovecycling.com\/pl\/2017\/10\/18\/majka-days-2017\/#primaryimage"},"thumbnailUrl":"https:\/\/d2p6e6u75xmxt8.cloudfront.net\/5\/2017\/10\/20170919_045-1024x634.jpg","datePublished":"2017-10-18T10:32:47+00:00","dateModified":"2017-10-21T20:20:35+00:00","author":{"@id":"https:\/\/www.welovecycling.com\/pl\/#\/schema\/person\/0dba2d39da943db9df3fd8f4687e7f23"},"breadcrumb":{"@id":"https:\/\/www.welovecycling.com\/pl\/2017\/10\/18\/majka-days-2017\/#breadcrumb"},"inLanguage":"pl-PL","potentialAction":[{"@type":"ReadAction","target":["https:\/\/www.welovecycling.com\/pl\/2017\/10\/18\/majka-days-2017\/"]}]},{"@type":"ImageObject","inLanguage":"pl-PL","@id":"https:\/\/www.welovecycling.com\/pl\/2017\/10\/18\/majka-days-2017\/#primaryimage","url":"https:\/\/d2p6e6u75xmxt8.cloudfront.net\/5\/2017\/10\/20170919_045-1024x634.jpg","contentUrl":"https:\/\/d2p6e6u75xmxt8.cloudfront.net\/5\/2017\/10\/20170919_045-1024x634.jpg","width":1024,"height":634},{"@type":"BreadcrumbList","@id":"https:\/\/www.welovecycling.com\/pl\/2017\/10\/18\/majka-days-2017\/#breadcrumb","itemListElement":[{"@type":"ListItem","position":1,"name":"Home","item":"https:\/\/www.welovecycling.com\/pl\/"},{"@type":"ListItem","position":2,"name":"Majka Days 2017"}]},{"@type":"WebSite","@id":"https:\/\/www.welovecycling.com\/pl\/#website","url":"https:\/\/www.welovecycling.com\/pl\/","name":"\u0160koda We Love Cycling - Poland","description":"","potentialAction":[{"@type":"SearchAction","target":{"@type":"EntryPoint","urlTemplate":"https:\/\/www.welovecycling.com\/pl\/?s={search_term_string}"},"query-input":{"@type":"PropertyValueSpecification","valueRequired":true,"valueName":"search_term_string"}}],"inLanguage":"pl-PL"},{"@type":"Person","@id":"https:\/\/www.welovecycling.com\/pl\/#\/schema\/person\/0dba2d39da943db9df3fd8f4687e7f23","name":"piotrboczkowski","image":{"@type":"ImageObject","inLanguage":"pl-PL","@id":"https:\/\/www.welovecycling.com\/pl\/#\/schema\/person\/image\/","url":"https:\/\/secure.gravatar.com\/avatar\/533caccae14752e03a2ce2d3fd62d1b98b93e1393c3195c27819e53344ca1ace?s=96&d=mm&r=g","contentUrl":"https:\/\/secure.gravatar.com\/avatar\/533caccae14752e03a2ce2d3fd62d1b98b93e1393c3195c27819e53344ca1ace?s=96&d=mm&r=g","caption":"piotrboczkowski"},"url":"https:\/\/www.welovecycling.com\/pl\/author\/piotrboczkowski\/"}]}},"_links":{"self":[{"href":"https:\/\/www.welovecycling.com\/pl\/wp-json\/wp\/v2\/posts\/5727","targetHints":{"allow":["GET"]}}],"collection":[{"href":"https:\/\/www.welovecycling.com\/pl\/wp-json\/wp\/v2\/posts"}],"about":[{"href":"https:\/\/www.welovecycling.com\/pl\/wp-json\/wp\/v2\/types\/post"}],"author":[{"embeddable":true,"href":"https:\/\/www.welovecycling.com\/pl\/wp-json\/wp\/v2\/users\/76"}],"replies":[{"embeddable":true,"href":"https:\/\/www.welovecycling.com\/pl\/wp-json\/wp\/v2\/comments?post=5727"}],"version-history":[{"count":2,"href":"https:\/\/www.welovecycling.com\/pl\/wp-json\/wp\/v2\/posts\/5727\/revisions"}],"predecessor-version":[{"id":5798,"href":"https:\/\/www.welovecycling.com\/pl\/wp-json\/wp\/v2\/posts\/5727\/revisions\/5798"}],"wp:featuredmedia":[{"embeddable":true,"href":"https:\/\/www.welovecycling.com\/pl\/wp-json\/wp\/v2\/media\/5730"}],"wp:attachment":[{"href":"https:\/\/www.welovecycling.com\/pl\/wp-json\/wp\/v2\/media?parent=5727"}],"wp:term":[{"taxonomy":"category","embeddable":true,"href":"https:\/\/www.welovecycling.com\/pl\/wp-json\/wp\/v2\/categories?post=5727"},{"taxonomy":"post_tag","embeddable":true,"href":"https:\/\/www.welovecycling.com\/pl\/wp-json\/wp\/v2\/tags?post=5727"},{"taxonomy":"global-categories","embeddable":true,"href":"https:\/\/www.welovecycling.com\/pl\/wp-json\/wp\/v2\/global-categories?post=5727"}],"curies":[{"name":"wp","href":"https:\/\/api.w.org\/{rel}","templated":true}]}}